{"id":91025,"date":"2025-12-23T12:38:42","date_gmt":"2025-12-23T12:38:42","guid":{"rendered":"https:\/\/www.marinigerardi.it\/shop\/?p=91025"},"modified":"2025-12-23T12:39:30","modified_gmt":"2025-12-23T12:39:30","slug":"berthe-weill-gallerista-davanguardia","status":"publish","type":"post","link":"https:\/\/www.marinigerardi.it\/shop\/berthe-weill-gallerista-davanguardia\/","title":{"rendered":"Berthe Weill Gallerista d\u2019Avanguardia che Scopr\u00ec Picasso e i Fauves"},"content":{"rendered":"<div class=\"wpb-content-wrapper\" id=\"wpb-content-root\"><p>[vc_row][vc_column]\t\t<div id=\"wd-694a8d6f47b5f\" class=\"wd-text-block wd-wpb reset-last-child wd-rs-694a8d6f47b5f text-left \">\n\t\t\t<h2><b><a href=\"https:\/\/www.marinigerardi.it\/shop\/berthe-weill-gallerista-davanguardia\/\">Berthe Weill<\/a>: La &#8220;Piccola Belva&#8221; che Invent\u00f2 il Moderno a Parigi<\/b><\/h2>\n<p>Mentre i grandi mercanti d&#8217;arte di fine Ottocento cercavano la sicurezza dei salotti accademici, una donna piccola di statura ma dal temperamento d&#8217;acciaio decideva di cambiare per sempre il corso della pittura mondiale. <b>Berthe Weill<\/b> non \u00e8 stata solo una gallerista: \u00e8 stata la forza invisibile che ha permesso a geni come Picasso e Matisse di non restare confinati nell&#8217;anonimato delle soffitte di Montmartre.<br \/>\nFino al <b>26 gennaio 2026<\/b>, il <b>Mus\u00e9e de l\u2019Orangerie<\/b> dedica una retrospettiva imperdibile a questa figura leggendaria, restituendo a &#8220;M\u00e8re Weill&#8221; il posto che le spetta accanto ai giganti della storia dell&#8217;arte.<\/p>\n\t\t<\/div>\n\t\t[\/vc_column][\/vc_row][vc_row css=&#8221;.vc_custom_1766487231148{background-color: #DD99332B !important;}&#8221; woodmart_css_id=&#8221;694a74ea1eccb&#8221; responsive_spacing=&#8221;eyJwYXJhbV90eXBlIjoid29vZG1hcnRfcmVzcG9uc2l2ZV9zcGFjaW5nIiwic2VsZWN0b3JfaWQiOiI2OTRhNzRlYTFlY2NiIiwic2hvcnRjb2RlIjoidmNfcm93IiwiZGF0YSI6eyJ0YWJsZXQiOnt9LCJtb2JpbGUiOnt9fX0=&#8221; mobile_bg_img_hidden=&#8221;no&#8221; tablet_bg_img_hidden=&#8221;no&#8221; woodmart_parallax=&#8221;0&#8243; woodmart_gradient_switch=&#8221;no&#8221; woodmart_box_shadow=&#8221;no&#8221; wd_z_index=&#8221;no&#8221; woodmart_disable_overflow=&#8221;0&#8243; row_reverse_mobile=&#8221;0&#8243; row_reverse_tablet=&#8221;0&#8243;][vc_column][vc_single_image image=&#8221;91031&#8243; img_size=&#8221;full&#8221; add_caption=&#8221;yes&#8221; alignment=&#8221;center&#8221; onclick=&#8221;link_image&#8221; css=&#8221;&#8221; parallax_scroll=&#8221;no&#8221; woodmart_inline=&#8221;no&#8221;][\/vc_column][\/vc_row][vc_row][vc_column]\t\t<div id=\"wd-694a8c541e3c5\" class=\"wd-text-block wd-wpb reset-last-child wd-rs-694a8c541e3c5 text-left \">\n\t\t\t<h3>Berthe Weill Gallerista: La pioniera di Rue Victor-Mass\u00e9: Un&#8217;impresa impossibile<\/h3>\n<p>Nel 1901, aprire una galleria d\u2019arte diretta da una donna era un atto di pura ribellione. Berthe Weill, figlia di una modesta famiglia ebrea di origine alsaziana, non aveva capitali, ma possedeva qualcosa di pi\u00f9 prezioso: un &#8220;occhio&#8221; infallibile. Al numero 25 di rue Victor-Mass\u00e9, in una Pigalle che profumava di assenzio e carbone, nacque la <b>Galerie Berthe Weill<\/b>.<\/p>\n<p><b>La curiosit\u00e0:<\/b> Berthe scelse di omettere il suo nome completo dall&#8217;insegna, firmandosi solo &#8220;B. Weill&#8221;. Il motivo? Far dimenticare ai collezionisti che a gestire gli affari fosse una donna, in un mondo che allora non concedeva spazio al talento femminile.<\/p>\n<blockquote><p>\n<i>\u00abLa mia risoluzione \u00e8 irremovibile; staremo a vedere!\u00bb<\/i> \u2013 scriveva Berthe nel 1901. E il mondo, alla fine, ha dovuto guardare.\n<\/p><\/blockquote>\n\t\t<\/div>\n\t\t[\/vc_column][\/vc_row][vc_row css=&#8221;.vc_custom_1766487231148{background-color: #DD99332B !important;}&#8221; woodmart_css_id=&#8221;694a74ea1eccb&#8221; responsive_spacing=&#8221;eyJwYXJhbV90eXBlIjoid29vZG1hcnRfcmVzcG9uc2l2ZV9zcGFjaW5nIiwic2VsZWN0b3JfaWQiOiI2OTRhNzRlYTFlY2NiIiwic2hvcnRjb2RlIjoidmNfcm93IiwiZGF0YSI6eyJ0YWJsZXQiOnt9LCJtb2JpbGUiOnt9fX0=&#8221; mobile_bg_img_hidden=&#8221;no&#8221; tablet_bg_img_hidden=&#8221;no&#8221; woodmart_parallax=&#8221;0&#8243; woodmart_gradient_switch=&#8221;no&#8221; woodmart_box_shadow=&#8221;no&#8221; wd_z_index=&#8221;no&#8221; woodmart_disable_overflow=&#8221;0&#8243; row_reverse_mobile=&#8221;0&#8243; row_reverse_tablet=&#8221;0&#8243;][vc_column][vc_single_image image=&#8221;91034&#8243; img_size=&#8221;full&#8221; add_caption=&#8221;yes&#8221; alignment=&#8221;center&#8221; onclick=&#8221;link_image&#8221; css=&#8221;&#8221; parallax_scroll=&#8221;no&#8221; woodmart_inline=&#8221;no&#8221;][\/vc_column][\/vc_row][vc_row][vc_column]\t\t<div id=\"wd-694a8c70c03c9\" class=\"wd-text-block wd-wpb reset-last-child wd-rs-694a8c70c03c9 text-left \">\n\t\t\t<h3>La prima a credere in Pablo Picasso<\/h3>\n<p>Pochi sanno che il primo quadro venduto a Parigi da un ventunenne <b>Pablo Picasso<\/b> pass\u00f2 proprio dalle mani di Berthe. Fu lei a intuire la potenza di <i>Le Moulin de la Galette<\/i>, vendendo quindici opere dell&#8217;artista spagnolo prima ancora che il celebre Ambroise Vollard gli dedicasse una mostra. Berthe Weill non era solo una mercante; era una talent scout che finanziava la sopravvivenza dei suoi artisti, spesso barattando quadri con piatti di minestra calda e incoraggiamenti materni.<\/p>\n\t\t<\/div>\n\t\t[\/vc_column][\/vc_row][vc_row css=&#8221;.vc_custom_1766487231148{background-color: #DD99332B !important;}&#8221; woodmart_css_id=&#8221;694a74ea1eccb&#8221; responsive_spacing=&#8221;eyJwYXJhbV90eXBlIjoid29vZG1hcnRfcmVzcG9uc2l2ZV9zcGFjaW5nIiwic2VsZWN0b3JfaWQiOiI2OTRhNzRlYTFlY2NiIiwic2hvcnRjb2RlIjoidmNfcm93IiwiZGF0YSI6eyJ0YWJsZXQiOnt9LCJtb2JpbGUiOnt9fX0=&#8221; mobile_bg_img_hidden=&#8221;no&#8221; tablet_bg_img_hidden=&#8221;no&#8221; woodmart_parallax=&#8221;0&#8243; woodmart_gradient_switch=&#8221;no&#8221; woodmart_box_shadow=&#8221;no&#8221; wd_z_index=&#8221;no&#8221; woodmart_disable_overflow=&#8221;0&#8243; row_reverse_mobile=&#8221;0&#8243; row_reverse_tablet=&#8221;0&#8243;][vc_column][vc_single_image image=&#8221;91035&#8243; img_size=&#8221;full&#8221; add_caption=&#8221;yes&#8221; alignment=&#8221;center&#8221; onclick=&#8221;link_image&#8221; css=&#8221;&#8221; parallax_scroll=&#8221;no&#8221; woodmart_inline=&#8221;no&#8221;][\/vc_column][\/vc_row][vc_row][vc_column]\t\t<div id=\"wd-694a8d2f23cda\" class=\"wd-text-block wd-wpb reset-last-child wd-rs-694a8d2f23cda text-left \">\n\t\t\t<h3>Berthe Weill: &#8220;Nostra Signora delle Belve&#8221; e lo scandalo Modigliani<\/h3>\n<p>Soprannominata <b>&#8220;Notre-Dame des Fauves&#8221;<\/b>, Berthe fu la prima a esporre Matisse e i suoi compagni quando la critica li definiva ironicamente &#8220;belve&#8221; per i loro colori violenti. Ma il vero terremoto avvenne nel 1917, con l&#8217;unica mostra personale in vita di <b>Amedeo Modigliani<\/b>.<\/p>\n<p><b>L&#8217;aneddoto proibito:<\/b> I nudi di Modigliani esposti in vetrina, con i peli pubici ben visibili, scatenarono il panico. Il commissario di polizia della stazione di fronte alla galleria attravers\u00f2 la strada urlando: <i>\u00abRimuovete tutta quella spazzatura!\u00bb<\/i>. La mostra fu chiusa per oltraggio al pudore, ma quel fallimento commerciale segn\u00f2 l&#8217;inizio del mito immortale di Modigliani.<\/p>\n\t\t<\/div>\n\t\t[\/vc_column][\/vc_row][vc_row css=&#8221;.vc_custom_1766487231148{background-color: #DD99332B !important;}&#8221; woodmart_css_id=&#8221;694a74ea1eccb&#8221; responsive_spacing=&#8221;eyJwYXJhbV90eXBlIjoid29vZG1hcnRfcmVzcG9uc2l2ZV9zcGFjaW5nIiwic2VsZWN0b3JfaWQiOiI2OTRhNzRlYTFlY2NiIiwic2hvcnRjb2RlIjoidmNfcm93IiwiZGF0YSI6eyJ0YWJsZXQiOnt9LCJtb2JpbGUiOnt9fX0=&#8221; mobile_bg_img_hidden=&#8221;no&#8221; tablet_bg_img_hidden=&#8221;no&#8221; woodmart_parallax=&#8221;0&#8243; woodmart_gradient_switch=&#8221;no&#8221; woodmart_box_shadow=&#8221;no&#8221; wd_z_index=&#8221;no&#8221; woodmart_disable_overflow=&#8221;0&#8243; row_reverse_mobile=&#8221;0&#8243; row_reverse_tablet=&#8221;0&#8243;][vc_column][vc_single_image image=&#8221;91038&#8243; img_size=&#8221;full&#8221; add_caption=&#8221;yes&#8221; alignment=&#8221;center&#8221; onclick=&#8221;link_image&#8221; css=&#8221;&#8221; parallax_scroll=&#8221;no&#8221; woodmart_inline=&#8221;no&#8221;][\/vc_column][\/vc_row][vc_row][vc_column]\t\t<div id=\"wd-694a8c8a36beb\" class=\"wd-text-block wd-wpb reset-last-child wd-rs-694a8c8a36beb text-left \">\n\t\t\t<h3>Cubismo, Impegno Civile e la Lotta per la Libert\u00e0<\/h3>\n<p>Berthe Weill non si limit\u00f2 all&#8217;estetica. Fu una donna politicamente impegnata che, durante l&#8217;affare Dreyfus, us\u00f2 la sua vetrina per esporre disegni in difesa della verit\u00e0 e della giustizia. Sfidando il nazionalismo crescente, promosse il <b>Cubismo<\/b> di Jean Metzinger e Diego Rivera, proteggendo gli artisti stranieri dalle ondate di xenofobia che colpivano la Parigi di quegli anni.<\/p>\n<p>La sua storia \u00e8 una cronaca di resistenza: super\u00f2 il sessismo, le difficolt\u00e0 economiche e l&#8217;orrore delle leggi antisemite del 1940, che la costrinsero a chiudere la sua amata galleria. Mor\u00ec povera nel 1951, quasi cieca, mentre le opere che aveva venduto per pochi franchi iniziavano a valere milioni.<\/p>\n\t\t<\/div>\n\t\t[\/vc_column][\/vc_row][vc_row css=&#8221;.vc_custom_1766487231148{background-color: #DD99332B !important;}&#8221; woodmart_css_id=&#8221;694a74ea1eccb&#8221; responsive_spacing=&#8221;eyJwYXJhbV90eXBlIjoid29vZG1hcnRfcmVzcG9uc2l2ZV9zcGFjaW5nIiwic2VsZWN0b3JfaWQiOiI2OTRhNzRlYTFlY2NiIiwic2hvcnRjb2RlIjoidmNfcm93IiwiZGF0YSI6eyJ0YWJsZXQiOnt9LCJtb2JpbGUiOnt9fX0=&#8221; mobile_bg_img_hidden=&#8221;no&#8221; tablet_bg_img_hidden=&#8221;no&#8221; woodmart_parallax=&#8221;0&#8243; woodmart_gradient_switch=&#8221;no&#8221; woodmart_box_shadow=&#8221;no&#8221; wd_z_index=&#8221;no&#8221; woodmart_disable_overflow=&#8221;0&#8243; row_reverse_mobile=&#8221;0&#8243; row_reverse_tablet=&#8221;0&#8243;][vc_column][vc_single_image image=&#8221;91042&#8243; img_size=&#8221;full&#8221; add_caption=&#8221;yes&#8221; alignment=&#8221;center&#8221; onclick=&#8221;link_image&#8221; css=&#8221;&#8221; parallax_scroll=&#8221;no&#8221; woodmart_inline=&#8221;no&#8221;][vc_single_image image=&#8221;91045&#8243; img_size=&#8221;full&#8221; add_caption=&#8221;yes&#8221; alignment=&#8221;center&#8221; onclick=&#8221;link_image&#8221; css=&#8221;&#8221; parallax_scroll=&#8221;no&#8221; woodmart_inline=&#8221;no&#8221;][\/vc_column][\/vc_row][vc_row][vc_column]\t\t<div id=\"wd-694a8c999402f\" class=\"wd-text-block wd-wpb reset-last-child wd-rs-694a8c999402f text-left \">\n\t\t\t<h3>Visitare la mostra al Mus\u00e9e de l&#8217;Orangerie<\/h3>\n<p>La mostra <b>&#8220;Berthe Weill. Gallerista d\u2019avanguardia&#8221;<\/b> \u00e8 un viaggio emozionante tra dipinti, lettere inedite e cataloghi d&#8217;epoca. \u00c8 un&#8217;occasione unica per vedere riuniti i capolavori che hanno abitato le pareti delle sue quattro sedi parigine.<\/p>\n<ul>\n<li><b>Dove:<\/b> <strong><a href=\"https:\/\/www.musee-orangerie.fr\/it\" rel=\"nofollow noopener\" target=\"_blank\">Mus\u00e9e de l&#8217;Orangerie, Giardini delle Tuileries, Parigi.<\/a><\/strong><\/li>\n<li><b>Quando:<\/b> Fino al 26 gennaio 2026.<\/li>\n<li><b>Perch\u00e9 andarci:<\/b> Per scoprire il volto umano dietro la nascita dell&#8217;arte moderna e la storia di una donna che ha saputo guardare dove nessuno osava ancora guardare.<\/li>\n<\/ul>\n\t\t<\/div>\n\t\t[\/vc_column][\/vc_row][vc_row css=&#8221;.vc_custom_1766487231148{background-color: #DD99332B !important;}&#8221; woodmart_css_id=&#8221;694a74ea1eccb&#8221; responsive_spacing=&#8221;eyJwYXJhbV90eXBlIjoid29vZG1hcnRfcmVzcG9uc2l2ZV9zcGFjaW5nIiwic2VsZWN0b3JfaWQiOiI2OTRhNzRlYTFlY2NiIiwic2hvcnRjb2RlIjoidmNfcm93IiwiZGF0YSI6eyJ0YWJsZXQiOnt9LCJtb2JpbGUiOnt9fX0=&#8221; mobile_bg_img_hidden=&#8221;no&#8221; tablet_bg_img_hidden=&#8221;no&#8221; woodmart_parallax=&#8221;0&#8243; woodmart_gradient_switch=&#8221;no&#8221; woodmart_box_shadow=&#8221;no&#8221; wd_z_index=&#8221;no&#8221; woodmart_disable_overflow=&#8221;0&#8243; row_reverse_mobile=&#8221;0&#8243; row_reverse_tablet=&#8221;0&#8243;][vc_column][vc_single_image image=&#8221;91040&#8243; img_size=&#8221;full&#8221; add_caption=&#8221;yes&#8221; alignment=&#8221;center&#8221; onclick=&#8221;link_image&#8221; css=&#8221;&#8221; parallax_scroll=&#8221;no&#8221; woodmart_inline=&#8221;no&#8221;][vc_single_image image=&#8221;91041&#8243; img_size=&#8221;full&#8221; add_caption=&#8221;yes&#8221; alignment=&#8221;center&#8221; onclick=&#8221;link_image&#8221; css=&#8221;&#8221; parallax_scroll=&#8221;no&#8221; woodmart_inline=&#8221;no&#8221;][vc_single_image image=&#8221;91043&#8243; img_size=&#8221;full&#8221; add_caption=&#8221;yes&#8221; alignment=&#8221;center&#8221; onclick=&#8221;link_image&#8221; css=&#8221;&#8221; parallax_scroll=&#8221;no&#8221; woodmart_inline=&#8221;no&#8221;][\/vc_column][\/vc_row][vc_row][vc_column]\t\t<div id=\"wd-694a8d44d88bd\" class=\"wd-text-block wd-wpb reset-last-child wd-rs-694a8d44d88bd text-left \">\n\t\t\t<h3><b>5 Segreti che (forse) non conosci su Berthe Weill<\/b><\/h3>\n<p>Dietro la figura della gallerista si nasconde una donna dalle mille sfaccettature. Ecco cinque curiosit\u00e0 che rendono Berthe Weill una delle figure pi\u00f9 affascinanti della Parigi del primo Novecento:<\/p>\n<ul>\n<li><b>1. Il mistero della &#8220;B&#8221;:<\/b> Berthe firmava l&#8217;insegna della sua galleria semplicemente come <b>&#8220;Galerie B. Weill&#8221;<\/b>. Non era pigrizia, ma una strategia di sopravvivenza: voleva che i collezionisti ignorassero che a gestire gli affari fosse una donna, evitando cos\u00ec i pregiudizi sessisti dell&#8217;epoca.<\/li>\n<li><b>2. Una &#8220;Mensa&#8221; per artisti:<\/b> La sua galleria in Rue Victor-Mass\u00e9 non era solo un luogo d&#8217;arte. Nelle giornate pi\u00f9 dure, Berthe offriva piatti di minestra calda a pittori affamati come Picasso e Modigliani. Per molti di loro, lei non era solo una mercante, ma <i>&#8220;M\u00e8re Weill&#8221;<\/i>, l&#8217;unica persona disposta ad aiutarli quando non avevano un franco.<\/li>\n<li><b>3. Coraggio politico:<\/b> Durante il turbolento <b>Affare Dreyfus<\/b>, mentre la Francia era spaccata dall&#8217;antisemitismo, Berthe non rest\u00f2 a guardare. Us\u00f2 la sua vetrina per esporre disegni originali a favore di Alfred Dreyfus e \u00c9mile Zola, rischiando ritorsioni fisiche e boicottaggi commerciali per difendere i suoi ideali.<\/li>\n<li><b>4. Scrittrice d&#8217;assalto:<\/b> Nel 1933, Berthe fu la prima mercante d&#8217;arte a pubblicare le proprie memorie: <i>&#8220;Pan! Dans l&#8217;\u0153il&#8230;&#8221;<\/i> (Colpito in pieno!). Il libro \u00e8 un resoconto tagliente e ironico che non risparmia nessuno, raccontando trent&#8217;anni di tradimenti e colpi di genio nel mercato dell&#8217;arte parigino.<\/li>\n<li><b>5. Un arresto sfiorato per Modigliani:<\/b> Quando la polizia le ordin\u00f2 di chiudere la mostra di Modigliani per i suoi &#8220;nudi scandalosi&#8221;, Berthe non si scus\u00f2. Difese con orgoglio il valore estetico delle opere, arrivando quasi allo scontro fisico con il commissario per proteggere la libert\u00e0 espressiva dell&#8217;artista.<\/li>\n<\/ul>\n\t\t<\/div>\n\t\t[\/vc_column][\/vc_row][vc_row css=&#8221;.vc_custom_1766487231148{background-color: #DD99332B !important;}&#8221; woodmart_css_id=&#8221;694a74ea1eccb&#8221; responsive_spacing=&#8221;eyJwYXJhbV90eXBlIjoid29vZG1hcnRfcmVzcG9uc2l2ZV9zcGFjaW5nIiwic2VsZWN0b3JfaWQiOiI2OTRhNzRlYTFlY2NiIiwic2hvcnRjb2RlIjoidmNfcm93IiwiZGF0YSI6eyJ0YWJsZXQiOnt9LCJtb2JpbGUiOnt9fX0=&#8221; mobile_bg_img_hidden=&#8221;no&#8221; tablet_bg_img_hidden=&#8221;no&#8221; woodmart_parallax=&#8221;0&#8243; woodmart_gradient_switch=&#8221;no&#8221; woodmart_box_shadow=&#8221;no&#8221; wd_z_index=&#8221;no&#8221; woodmart_disable_overflow=&#8221;0&#8243; row_reverse_mobile=&#8221;0&#8243; row_reverse_tablet=&#8221;0&#8243;][vc_column][vc_single_image image=&#8221;91045&#8243; img_size=&#8221;full&#8221; add_caption=&#8221;yes&#8221; alignment=&#8221;center&#8221; onclick=&#8221;link_image&#8221; css=&#8221;&#8221; parallax_scroll=&#8221;no&#8221; woodmart_inline=&#8221;no&#8221;][\/vc_column][\/vc_row]<\/p>\n<\/div>","protected":false},"excerpt":{"rendered":"<p>[vc_row][vc_column][\/vc_column][\/vc_row][vc_row css=&#8221;.vc_custom_1766487231148{background-color: #DD99332B !important;}&#8221; woodmart_css_id=&#8221;694a74ea1eccb&#8221; responsive_spacing=&#8221;eyJwYXJhbV90eXBlIjoid29vZG1hcnRfcmVzcG9uc2l2ZV9zcGFjaW5nIiwic2VsZWN0b3JfaWQiOiI2OTRhNzRlYTFlY2NiIiwic2hvcnRjb2RlIjoidmNfcm93IiwiZGF0YSI6eyJ0YWJsZXQiOnt9LCJtb2JpbGUiOnt9fX0=&#8221; mobile_bg_img_hidden=&#8221;no&#8221; tablet_bg_img_hidden=&#8221;no&#8221; woodmart_parallax=&#8221;0&#8243; woodmart_gradient_switch=&#8221;no&#8221; woodmart_box_shadow=&#8221;no&#8221; wd_z_index=&#8221;no&#8221; woodmart_disable_overflow=&#8221;0&#8243; row_reverse_mobile=&#8221;0&#8243; row_reverse_tablet=&#8221;0&#8243;][vc_column][vc_single_image image=&#8221;91031&#8243; img_size=&#8221;full&#8221; add_caption=&#8221;yes&#8221; alignment=&#8221;center&#8221; onclick=&#8221;link_image&#8221;<\/p>\n","protected":false},"author":1,"featured_media":91029,"comment_status":"closed","ping_status":"closed","sticky":false,"template":"","format":"standard","meta":{"footnotes":""},"categories":[2044,2043],"tags":[],"class_list":["post-91025","post","type-post","status-publish","format-standard","has-post-thumbnail","category-eventi","category-fiere"],"_links":{"self":[{"href":"https:\/\/www.marinigerardi.it\/shop\/wp-json\/wp\/v2\/posts\/91025","targetHints":{"allow":["GET"]}}],"collection":[{"href":"https:\/\/www.marinigerardi.it\/shop\/wp-json\/wp\/v2\/posts"}],"about":[{"href":"https:\/\/www.marinigerardi.it\/shop\/wp-json\/wp\/v2\/types\/post"}],"author":[{"embeddable":true,"href":"https:\/\/www.marinigerardi.it\/shop\/wp-json\/wp\/v2\/users\/1"}],"replies":[{"embeddable":true,"href":"https:\/\/www.marinigerardi.it\/shop\/wp-json\/wp\/v2\/comments?post=91025"}],"version-history":[{"count":0,"href":"https:\/\/www.marinigerardi.it\/shop\/wp-json\/wp\/v2\/posts\/91025\/revisions"}],"wp:featuredmedia":[{"embeddable":true,"href":"https:\/\/www.marinigerardi.it\/shop\/wp-json\/wp\/v2\/media\/91029"}],"wp:attachment":[{"href":"https:\/\/www.marinigerardi.it\/shop\/wp-json\/wp\/v2\/media?parent=91025"}],"wp:term":[{"taxonomy":"category","embeddable":true,"href":"https:\/\/www.marinigerardi.it\/shop\/wp-json\/wp\/v2\/categories?post=91025"},{"taxonomy":"post_tag","embeddable":true,"href":"https:\/\/www.marinigerardi.it\/shop\/wp-json\/wp\/v2\/tags?post=91025"}],"curies":[{"name":"wp","href":"https:\/\/api.w.org\/{rel}","templated":true}]}}