{"id":88399,"date":"2025-10-08T16:22:17","date_gmt":"2025-10-08T16:22:17","guid":{"rendered":"https:\/\/www.marinigerardi.it\/shop\/?p=88399"},"modified":"2025-10-09T09:42:36","modified_gmt":"2025-10-09T09:42:36","slug":"il-diavolo-veste-prada-2-milano-brera","status":"publish","type":"post","link":"https:\/\/www.marinigerardi.it\/shop\/il-diavolo-veste-prada-2-milano-brera\/","title":{"rendered":"Dal cult del 2006 al sequel 2026: Il Diavolo Veste Prada 2 tra moda e cinema"},"content":{"rendered":"<div class=\"wpb-content-wrapper\" id=\"wpb-content-root\"><p>[vc_row css=&#8221;.vc_custom_1759936289640{background-color: #EEEE22 !important;}&#8221; woodmart_css_id=&#8221;68e67f094035e&#8221; responsive_spacing=&#8221;eyJwYXJhbV90eXBlIjoid29vZG1hcnRfcmVzcG9uc2l2ZV9zcGFjaW5nIiwic2VsZWN0b3JfaWQiOiI2OGU2N2YwOTQwMzVlIiwic2hvcnRjb2RlIjoidmNfcm93IiwiZGF0YSI6eyJ0YWJsZXQiOnt9LCJtb2JpbGUiOnt9fX0=&#8221; mobile_bg_img_hidden=&#8221;no&#8221; tablet_bg_img_hidden=&#8221;no&#8221; woodmart_parallax=&#8221;0&#8243; woodmart_gradient_switch=&#8221;no&#8221; woodmart_box_shadow=&#8221;no&#8221; wd_z_index=&#8221;no&#8221; woodmart_disable_overflow=&#8221;0&#8243; row_reverse_mobile=&#8221;0&#8243; row_reverse_tablet=&#8221;0&#8243;][vc_column]\n\t\t<div id=\"wd-68e68f0329293\" class=\"title-wrapper wd-wpb wd-set-mb reset-last-child  wd-rs-68e68f0329293 wd-title-color-default wd-title-style-default text-center  wd-underline-colored\">\n\t\t\t\n\t\t\t<div class=\"liner-continer\">\n\t\t\t\t<h2 class=\"woodmart-title-container title  wd-font-weight-600 wd-fontsize-xl\" >Il Diavolo Veste Prada 2 - Riprese a Milano Brera<\/h2>\n\t\t\t\t\t\t\t<\/div>\n\t\t\t\n\t\t\t\n\t\t\t\n\t\t<\/div>\n\t\t\n\t\t\t\t<div id=\"wd-68e6919e54643\" class=\"wd-text-block wd-wpb reset-last-child wd-rs-68e6919e54643 text-left \">\n\t\t\t<p><a href=\"https:\/\/www.marinigerardi.it\/shop\/il-diavolo-veste-prada-2-milano-brera\/\">Il Diavolo Veste Prada<\/a> (<a href=\"https:\/\/devilwearspradamusical.com\/\" rel=\"nofollow noopener\" target=\"_blank\">The Devil Wears Prada Musical)<\/a> \u00e8 un film cult del 2006 diretto da David Frankel, tratto dal romanzo omonimo di Lauren Weisberger. Il mondo della moda, il potere, gli abiti splendidi, ma anche le tensioni e le sfide personali sono al centro di questa pellicola che ha lasciato un segno nel cinema contemporaneo. Nel 2025-2026 sta uscendo il sequel, <em>Il Diavolo Veste Prada 2<\/em>, con scene girate anche a Milano, che promette glamour, stile e scenografie da sogno anche nel cuore della moda italiana.<\/p>\n\t\t<\/div>\n\t\t[\/vc_column][\/vc_row][vc_row][vc_column]\t\t<div id=\"wd-68e68ff85cd35\" class=\"wd-text-block wd-wpb reset-last-child wd-rs-68e68ff85cd35 text-left \">\n\t\t\t<h3>Trama del film originale<\/h3>\n<p>Andrea \u201cAndy\u201d Sachs (Anne Hathaway), giovane neolaureata ambiziosa ma con scarso interesse per la moda, ottiene il lavoro come seconda assistente per Miranda Priestly (Meryl Streep), la temuta direttrice della rivista di moda <em>Runway<\/em>. Ben presto Andy si trova a confrontarsi con requisiti impossibili, pressioni continue, sacrifici personali. Il film narra il suo percorso, tra crescita professionale, dilemmi morali, e la consapevolezza che il mondo che sembrava patinato ha costi spesso invisibili.<\/p>\n\t\t<\/div>\n\t\t[\/vc_column][\/vc_row][vc_row css=&#8221;.vc_custom_1759940813661{background-color: #F3F3F3 !important;}&#8221; woodmart_css_id=&#8221;68e690b078538&#8243; responsive_spacing=&#8221;eyJwYXJhbV90eXBlIjoid29vZG1hcnRfcmVzcG9uc2l2ZV9zcGFjaW5nIiwic2VsZWN0b3JfaWQiOiI2OGU2OTBiMDc4NTM4Iiwic2hvcnRjb2RlIjoidmNfcm93IiwiZGF0YSI6eyJ0YWJsZXQiOnt9LCJtb2JpbGUiOnt9fX0=&#8221; mobile_bg_img_hidden=&#8221;no&#8221; tablet_bg_img_hidden=&#8221;no&#8221; woodmart_parallax=&#8221;0&#8243; woodmart_gradient_switch=&#8221;no&#8221; woodmart_box_shadow=&#8221;no&#8221; wd_z_index=&#8221;no&#8221; woodmart_disable_overflow=&#8221;0&#8243; row_reverse_mobile=&#8221;0&#8243; row_reverse_tablet=&#8221;0&#8243;][vc_column]\t\t<div id=\"wd-68e69042bd679\" class=\"wd-text-block wd-wpb reset-last-child wd-rs-68e69042bd679 text-left \">\n\t\t\t<h3>Cast principale e personaggi<\/h3>\n<table>\n<thead>\n<tr>\n<th>Attore \/ Attrice<\/th>\n<th>Ruolo<\/th>\n<\/tr>\n<\/thead>\n<tbody>\n<tr>\n<td><strong>Meryl Streep<\/strong><\/td>\n<td>Miranda Priestly, la spietata direttrice di <em>Runway<\/em><\/td>\n<\/tr>\n<tr>\n<td><strong>Anne Hathaway<\/strong><\/td>\n<td>Andrea \u201cAndy\u201d Sachs<\/td>\n<\/tr>\n<tr>\n<td><strong>Emily Blunt<\/strong><\/td>\n<td>Emily Charlton, assistente senior e \u201crivale\u201d interna<\/td>\n<\/tr>\n<tr>\n<td><strong>Stanley Tucci<\/strong><\/td>\n<td>Nigel Kipling, direttore artistico della rivista<\/td>\n<\/tr>\n<tr>\n<td>Altri: Simon Baker, Adrian Grenier, Tracie Thoms, Gisele B\u00fcndchen, Heidi Klum, Valentino (cameo)&#8230;<\/td>\n<td><\/td>\n<\/tr>\n<\/tbody>\n<\/table>\n\t\t<\/div>\n\t\t[\/vc_column][\/vc_row][vc_row][vc_column]\t\t<div id=\"wd-68e690962a193\" class=\"wd-text-block wd-wpb reset-last-child wd-rs-68e690962a193 text-left \">\n\t\t\t<h3>Il Diavolo Veste Prada: Curiosit\u00e0<\/h3>\n<ul>\n<li>Il film originale \u00e8 basato sul romanzo di Lauren Weisberger, che ha avuto un\u2019esperienza reale come assistente in una rivista di moda, da cui ha preso ispirazione per il personaggio di Miranda Priestly.<\/li>\n<li>Il ruolo di Miranda doveva inizialmente essere interpretato da Glenn Close, ma lei rifiut\u00f2 il ruolo.<\/li>\n<li>Molte top model, stilisti e brand famosi hanno partecipato con abiti, cameo o design originali (Valentino appare nei panni di s\u00e9 stesso; Gisele B\u00fcndchen \u00e8 coinvolta).<\/li>\n<\/ul>\n\t\t<\/div>\n\t\t[\/vc_column][\/vc_row][vc_row css=&#8221;.vc_custom_1759940325213{background-color: #F3F3F3 !important;}&#8221; woodmart_css_id=&#8221;68e68ec704865&#8243; responsive_spacing=&#8221;eyJwYXJhbV90eXBlIjoid29vZG1hcnRfcmVzcG9uc2l2ZV9zcGFjaW5nIiwic2VsZWN0b3JfaWQiOiI2OGU2OGVjNzA0ODY1Iiwic2hvcnRjb2RlIjoidmNfcm93IiwiZGF0YSI6eyJ0YWJsZXQiOnt9LCJtb2JpbGUiOnt9fX0=&#8221; mobile_bg_img_hidden=&#8221;no&#8221; tablet_bg_img_hidden=&#8221;no&#8221; woodmart_parallax=&#8221;0&#8243; woodmart_gradient_switch=&#8221;no&#8221; woodmart_box_shadow=&#8221;no&#8221; wd_z_index=&#8221;no&#8221; woodmart_disable_overflow=&#8221;0&#8243; row_reverse_mobile=&#8221;0&#8243; row_reverse_tablet=&#8221;0&#8243;][vc_column][vc_single_image image=&#8221;88411&#8243; img_size=&#8221;full&#8221; alignment=&#8221;center&#8221; css=&#8221;&#8221; parallax_scroll=&#8221;no&#8221; woodmart_inline=&#8221;no&#8221;][\/vc_column][\/vc_row][vc_row][vc_column]\t\t<div id=\"wd-68e692608b154\" class=\"wd-text-block wd-wpb reset-last-child wd-rs-68e692608b154 text-left \">\n\t\t\t<h3>Il sequel e le riprese a Milano &amp; Brera<\/h3>\n<p>Con <em>Il Diavolo Veste Prada 2<\/em>, la produzione torna in grande stile, e Milano viene scelta come una delle citt\u00e0 chiave per le riprese. Ecco cosa sappiamo finora:<\/p>\n<h3>Date e location principali<\/h3>\n<ul>\n<li>Le riprese milanesi sono previste tra l\u2019<strong data-start=\"3112\" data-end=\"3138\">8 e il 18 ottobre 2025.<\/strong><\/li>\n<li>Zone coinvolte: Brera, il Quadrilatero della Moda (per ambientazioni glam), vie centrali di Milano, Palazzo Parigi (hotel 5 stelle nel cuore della citt\u00e0) come base della produzione.<\/li>\n<li>Scene specifiche: una grande scena con circa <strong>900 comparse<\/strong> ambientata in Brera; casting di circa <strong>2.000 comparse<\/strong> over 30, preferibilmente con esperienza nel mondo moda\/design\/comunicazione.<\/li>\n<\/ul>\n<h3>Momenti \u201cspettacolo\u201d<\/h3>\n<ul>\n<li>Durante la Fashion Week di Milano \u00e8 avvenuta una scena ripresa in una sfilata di Dolce &amp; Gabbana, con Meryl Streep nel ruolo di Miranda Priestly seduta in prima fila accanto a Stanley Tucci. Uno spettacolo nel vero senso del termine, che fonde la finzione cinematografica con eventi reali della moda.<\/li>\n<li>Scene notturne ambientate in luoghi come Via Filodrammatici, Piazza della Scala, la Galleria Vittorio Emanuele II, l\u2019Ottagono della Galleria, che aumentano il fascino visivo grazie alle luci e all\u2019atmosfera meneghina.<\/li>\n<\/ul>\n<hr \/>\n<h3>Milano come location per il film<\/h3>\n<p>Milano non \u00e8 semplicemente una cornice scenografica: rappresenta un simbolo di stile, alta moda, eccellenza architettonica e di estetica urbana. Il fatto che <em>Il Diavolo Veste Prada 2<\/em> scelga Brera, il Quadrilatero della Moda (via Montenapoleone etc.), Palazzo Parigi e scenari iconici della citt\u00e0 come la Scala o il Duomo, non \u00e8 solo una scelta estetica \u2014 ma anche narrativa: Milano diventa un personaggio aggiuntivo, un catalizzatore di emozioni, glamour, contrasti tra realt\u00e0 e sogno.<\/p>\n\t\t<\/div>\n\t\t[\/vc_column][\/vc_row]<\/p>\n<\/div>","protected":false},"excerpt":{"rendered":"<p>[vc_row css=&#8221;.vc_custom_1759936289640{background-color: #EEEE22 !important;}&#8221; woodmart_css_id=&#8221;68e67f094035e&#8221; responsive_spacing=&#8221;eyJwYXJhbV90eXBlIjoid29vZG1hcnRfcmVzcG9uc2l2ZV9zcGFjaW5nIiwic2VsZWN0b3JfaWQiOiI2OGU2N2YwOTQwMzVlIiwic2hvcnRjb2RlIjoidmNfcm93IiwiZGF0YSI6eyJ0YWJsZXQiOnt9LCJtb2JpbGUiOnt9fX0=&#8221; mobile_bg_img_hidden=&#8221;no&#8221; tablet_bg_img_hidden=&#8221;no&#8221; woodmart_parallax=&#8221;0&#8243; woodmart_gradient_switch=&#8221;no&#8221; woodmart_box_shadow=&#8221;no&#8221; wd_z_index=&#8221;no&#8221; woodmart_disable_overflow=&#8221;0&#8243; row_reverse_mobile=&#8221;0&#8243; row_reverse_tablet=&#8221;0&#8243;][vc_column][\/vc_column][\/vc_row][vc_row][vc_column][\/vc_column][\/vc_row][vc_row css=&#8221;.vc_custom_1759940813661{background-color: #F3F3F3 !important;}&#8221; woodmart_css_id=&#8221;68e690b078538&#8243; responsive_spacing=&#8221;eyJwYXJhbV90eXBlIjoid29vZG1hcnRfcmVzcG9uc2l2ZV9zcGFjaW5nIiwic2VsZWN0b3JfaWQiOiI2OGU2OTBiMDc4NTM4Iiwic2hvcnRjb2RlIjoidmNfcm93IiwiZGF0YSI6eyJ0YWJsZXQiOnt9LCJtb2JpbGUiOnt9fX0=&#8221;<\/p>\n","protected":false},"author":1,"featured_media":88409,"comment_status":"closed","ping_status":"closed","sticky":false,"template":"","format":"standard","meta":{"footnotes":""},"categories":[2044,2043],"tags":[],"class_list":["post-88399","post","type-post","status-publish","format-standard","has-post-thumbnail","category-eventi","category-fiere"],"_links":{"self":[{"href":"https:\/\/www.marinigerardi.it\/shop\/wp-json\/wp\/v2\/posts\/88399","targetHints":{"allow":["GET"]}}],"collection":[{"href":"https:\/\/www.marinigerardi.it\/shop\/wp-json\/wp\/v2\/posts"}],"about":[{"href":"https:\/\/www.marinigerardi.it\/shop\/wp-json\/wp\/v2\/types\/post"}],"author":[{"embeddable":true,"href":"https:\/\/www.marinigerardi.it\/shop\/wp-json\/wp\/v2\/users\/1"}],"replies":[{"embeddable":true,"href":"https:\/\/www.marinigerardi.it\/shop\/wp-json\/wp\/v2\/comments?post=88399"}],"version-history":[{"count":0,"href":"https:\/\/www.marinigerardi.it\/shop\/wp-json\/wp\/v2\/posts\/88399\/revisions"}],"wp:featuredmedia":[{"embeddable":true,"href":"https:\/\/www.marinigerardi.it\/shop\/wp-json\/wp\/v2\/media\/88409"}],"wp:attachment":[{"href":"https:\/\/www.marinigerardi.it\/shop\/wp-json\/wp\/v2\/media?parent=88399"}],"wp:term":[{"taxonomy":"category","embeddable":true,"href":"https:\/\/www.marinigerardi.it\/shop\/wp-json\/wp\/v2\/categories?post=88399"},{"taxonomy":"post_tag","embeddable":true,"href":"https:\/\/www.marinigerardi.it\/shop\/wp-json\/wp\/v2\/tags?post=88399"}],"curies":[{"name":"wp","href":"https:\/\/api.w.org\/{rel}","templated":true}]}}