{"id":87137,"date":"2025-09-11T10:16:29","date_gmt":"2025-09-11T10:16:29","guid":{"rendered":"https:\/\/www.marinigerardi.it\/shop\/?p=87137"},"modified":"2025-09-11T10:43:05","modified_gmt":"2025-09-11T10:43:05","slug":"richard-avedon-parigi-in-the-american-west","status":"publish","type":"post","link":"https:\/\/www.marinigerardi.it\/shop\/richard-avedon-parigi-in-the-american-west\/","title":{"rendered":"Richard Avedon PARIGI In the American West dal 30 aprile al 12 ottobre 2025"},"content":{"rendered":"<div class=\"wpb-content-wrapper\" id=\"wpb-content-root\"><p>[vc_row css=&#8221;.vc_custom_1757587352808{background-color: #EEEE22 !important;}&#8221; woodmart_css_id=&#8221;68c2a7653c5e2&#8243; responsive_spacing=&#8221;eyJwYXJhbV90eXBlIjoid29vZG1hcnRfcmVzcG9uc2l2ZV9zcGFjaW5nIiwic2VsZWN0b3JfaWQiOiI2OGMyYTc2NTNjNWUyIiwic2hvcnRjb2RlIjoidmNfcm93IiwiZGF0YSI6eyJ0YWJsZXQiOnt9LCJtb2JpbGUiOnt9fX0=&#8221; mobile_bg_img_hidden=&#8221;no&#8221; tablet_bg_img_hidden=&#8221;no&#8221; woodmart_parallax=&#8221;0&#8243; woodmart_gradient_switch=&#8221;no&#8221; woodmart_box_shadow=&#8221;no&#8221; wd_z_index=&#8221;no&#8221; woodmart_disable_overflow=&#8221;0&#8243; row_reverse_mobile=&#8221;0&#8243; row_reverse_tablet=&#8221;0&#8243;][vc_column]\n\t\t<div id=\"wd-68c2a107a67e3\" class=\"title-wrapper wd-wpb wd-set-mb reset-last-child  wd-rs-68c2a107a67e3 wd-title-color-default wd-title-style-default text-center  wd-underline-colored\">\n\t\t\t\n\t\t\t<div class=\"liner-continer\">\n\t\t\t\t<h2 class=\"woodmart-title-container title  wd-font-weight-600 wd-fontsize-xl\" >Richard Avedon Parigi In the American West Dal 30 aprile al 12 ottobre 2025<\/h2>\n\t\t\t\t\t\t\t<\/div>\n\t\t\t\n\t\t\t\n\t\t\t\n\t\t<\/div>\n\t\t\n\t\t[\/vc_column][\/vc_row][vc_row][vc_column][vc_single_image image=&#8221;87140&#8243; img_size=&#8221;full&#8221; alignment=&#8221;center&#8221; css=&#8221;&#8221; parallax_scroll=&#8221;no&#8221; woodmart_inline=&#8221;no&#8221;][\/vc_column][\/vc_row][vc_row][vc_column]\t\t<div id=\"wd-68c29cc9df32d\" class=\"wd-text-block wd-wpb reset-last-child wd-rs-68c29cc9df32d text-left \">\n\t\t\t<p>Nel 1979, Richard Avedon, gi\u00e0 celebre per il suo stile inconfondibile nel mondo della moda e del ritratto, si imbarc\u00f2 in un viaggio che avrebbe cambiato per sempre il suo sguardo e la storia della fotografia. Su incarico dell\u2019Amon Carter Museum di Fort Worth, Texas, si avventur\u00f2 nell\u2019American West, una terra di contrasti e racconti spesso non detti, con la sua imponente macchina fotografica a banco ottico e un semplice sfondo bianco. Per cinque anni, tra il 1979 e il 1984, Avedon non immortal\u00f2 solo volti: cattur\u00f2 vite, volti segnati dal lavoro duro, dallo scontro con una natura implacabile e da un\u2019epoca che stava lentamente scomparendo.<\/p>\n\t\t<\/div>\n\t\t[\/vc_column][\/vc_row][vc_row][vc_column][vc_single_image image=&#8221;87142&#8243; img_size=&#8221;full&#8221; alignment=&#8221;center&#8221; css=&#8221;&#8221; parallax_scroll=&#8221;no&#8221; woodmart_inline=&#8221;no&#8221;][\/vc_column][\/vc_row][vc_row css=&#8221;.vc_custom_1757587418637{background-color: #F3F3F3 !important;}&#8221; woodmart_css_id=&#8221;68c2a7a6dae05&#8243; responsive_spacing=&#8221;eyJwYXJhbV90eXBlIjoid29vZG1hcnRfcmVzcG9uc2l2ZV9zcGFjaW5nIiwic2VsZWN0b3JfaWQiOiI2OGMyYTdhNmRhZTA1Iiwic2hvcnRjb2RlIjoidmNfcm93IiwiZGF0YSI6eyJ0YWJsZXQiOnt9LCJtb2JpbGUiOnt9fX0=&#8221; mobile_bg_img_hidden=&#8221;no&#8221; tablet_bg_img_hidden=&#8221;no&#8221; woodmart_parallax=&#8221;0&#8243; woodmart_gradient_switch=&#8221;no&#8221; woodmart_box_shadow=&#8221;no&#8221; wd_z_index=&#8221;no&#8221; woodmart_disable_overflow=&#8221;0&#8243; row_reverse_mobile=&#8221;0&#8243; row_reverse_tablet=&#8221;0&#8243;][vc_column]\n\t\t<div id=\"wd-68c2a0e49452a\" class=\"title-wrapper wd-wpb wd-set-mb reset-last-child  wd-rs-68c2a0e49452a wd-title-color-default wd-title-style-default text-center  wd-underline-colored\">\n\t\t\t\n\t\t\t<div class=\"liner-continer\">\n\t\t\t\t<h3 class=\"woodmart-title-container title  wd-font-weight-600 wd-fontsize-xl\" >Richard Avedon Parigi In the American West Dal 30 aprile al 12 ottobre 2025<\/h3>\n\t\t\t\t\t\t\t<\/div>\n\t\t\t\n\t\t\t\n\t\t\t\n\t\t<\/div>\n\t\t\n\t\t[\/vc_column][\/vc_row][vc_row][vc_column]\t\t<div id=\"wd-68c2a001b3fb8\" class=\"wd-text-block wd-wpb reset-last-child wd-rs-68c2a001b3fb8 text-left \">\n\t\t\t<p><a href=\"https:\/\/www.henricartierbresson.org\/expositions\/richard-avedon-in-the-american-west\/\" rel=\"nofollow noopener\" target=\"_blank\">&#8220;In the American West&#8221;<\/a> \u00e8 molto pi\u00f9 di una raccolta di ritratti. \u00c8 un viaggio intimo nei volti di minatori, mandriani, impresari e venditori ambulanti, persone comuni ma capaci di raccontare storie straordinarie attraverso i loro sguardi fissi all\u2019obiettivo. Avedon, abituato agli splendori scintillanti delle passerelle, trov\u00f2 in queste persone la vera essenza del West, lontana da qualsiasi glorificazione cinematografica o mito televisivo.<\/p>\n<p>Un aneddoto racconta di quando, incontrando un minatore dall\u2019espressione dura e il volto coperto di polvere e fatica, Avedon si sedette con lui per ore senza scattare nemmeno una foto, giusto per ascoltarlo. Questo tempo di condivisione era fondamentale per rompere la diffidenza degli abitanti di quelle terre, spesso sospettosi degli estranei. Le sue fotografie non sono mai fredde o osservazioni esterne: sono conversazioni silenziose, intime, cariche di un\u2019empatia rara.<\/p>\n<p>L\u2019uso del fondo bianco, spoglio e quasi teatrale, enfatizzava ogni ruga, ogni piega delle mani, ogni sguardo perso nel vuoto. Era come se Avedon volesse spogliare questi individui di ogni contesto per restituire la loro essenza pura, senza filtri. Si racconta che molte volte i soggetti, abituati a un\u2019esistenza dura e semplice, fossero inizialmente spaesati da quel bianco cos\u00ec teatrale, ma imparavano a trasformarlo in un palcoscenico per mostrare la loro dignit\u00e0 e forza interiore.<\/p>\n<p>La mostra dedicata a questa iconica serie, aperta dal 30 aprile al 12 ottobre 2025 alla Fondation Henri Cartier-Bresson di Parigi, \u00e8 un vero e proprio viaggio nella genesi del progetto. Per la prima volta in Europa vengono esposte tutte le immagini originali di &#8220;In the American West&#8221;. Ma l\u2019esperienza va oltre: il pubblico pu\u00f2 ammirare polaroid preparatorie, annotate dallo stesso Avedon, stampe di prova, e lettere estremamente personali scambiate tra il fotografo e le sue modelle.<\/p>\n<p>Cl\u00e9ment Ch\u00e9roux, curatore e direttore della Fondazione, sottolinea come questi documenti svelino non solo la tecnica ma soprattutto la relazione umana che si instaurava dietro l\u2019obiettivo. Uno scambio di fiducia spesso delicato, che rendeva ogni ritratto autentico e profondamente umano.<\/p>\n<p>In occasione del quarantesimo anniversario, Abrams ha ripubblicato il libro ormai introvabile, rendendo nuovamente accessibile un capolavoro che continua a influenzare i fotografi di tutto il mondo.<\/p>\n<p>La mostra e il progetto di Avedon ci invitano a guardare oltre i miti, a scoprire il volto autentico di un\u2019America vasta, complessa e ruggente, raccontata con sguardi sinceri che seguono il ritmo lento e potente della vita quotidiana.<\/p>\n\t\t<\/div>\n\t\t[\/vc_column][\/vc_row][vc_row][vc_column][vc_single_image image=&#8221;87150&#8243; img_size=&#8221;full&#8221; alignment=&#8221;center&#8221; css=&#8221;&#8221; parallax_scroll=&#8221;no&#8221; woodmart_inline=&#8221;no&#8221;][\/vc_column][\/vc_row][vc_row][vc_column][vc_message message_box_style=&#8221;outline&#8221; message_box_color=&#8221;chino&#8221; css=&#8221;&#8221;]<a href=\"https:\/\/www.marinigerardi.it\/shop\/richard-avedon-parigi-in-the-american-west\/\"><strong>Richard Avedon PARIGI In the American West<\/strong><\/a><br \/>\n<a href=\"https:\/\/www.henricartierbresson.org\/\" rel=\"nofollow noopener\" target=\"_blank\">Fondazione Henri Cartier-Bresson<\/a><br \/>\n79, rue des Archives, Parigi<sup>3e<\/sup>[\/vc_message][\/vc_column][\/vc_row]<\/p>\n<\/div>","protected":false},"excerpt":{"rendered":"<p>[vc_row css=&#8221;.vc_custom_1757587352808{background-color: #EEEE22 !important;}&#8221; woodmart_css_id=&#8221;68c2a7653c5e2&#8243; responsive_spacing=&#8221;eyJwYXJhbV90eXBlIjoid29vZG1hcnRfcmVzcG9uc2l2ZV9zcGFjaW5nIiwic2VsZWN0b3JfaWQiOiI2OGMyYTc2NTNjNWUyIiwic2hvcnRjb2RlIjoidmNfcm93IiwiZGF0YSI6eyJ0YWJsZXQiOnt9LCJtb2JpbGUiOnt9fX0=&#8221; mobile_bg_img_hidden=&#8221;no&#8221; tablet_bg_img_hidden=&#8221;no&#8221; woodmart_parallax=&#8221;0&#8243; woodmart_gradient_switch=&#8221;no&#8221; woodmart_box_shadow=&#8221;no&#8221; wd_z_index=&#8221;no&#8221; woodmart_disable_overflow=&#8221;0&#8243; row_reverse_mobile=&#8221;0&#8243; row_reverse_tablet=&#8221;0&#8243;][vc_column][\/vc_column][\/vc_row][vc_row][vc_column][vc_single_image image=&#8221;87140&#8243; img_size=&#8221;full&#8221; alignment=&#8221;center&#8221; css=&#8221;&#8221; parallax_scroll=&#8221;no&#8221;<\/p>\n","protected":false},"author":1,"featured_media":87141,"comment_status":"closed","ping_status":"closed","sticky":false,"template":"","format":"standard","meta":{"footnotes":""},"categories":[2261],"tags":[],"class_list":["post-87137","post","type-post","status-publish","format-standard","has-post-thumbnail","category-fotografia"],"_links":{"self":[{"href":"https:\/\/www.marinigerardi.it\/shop\/wp-json\/wp\/v2\/posts\/87137","targetHints":{"allow":["GET"]}}],"collection":[{"href":"https:\/\/www.marinigerardi.it\/shop\/wp-json\/wp\/v2\/posts"}],"about":[{"href":"https:\/\/www.marinigerardi.it\/shop\/wp-json\/wp\/v2\/types\/post"}],"author":[{"embeddable":true,"href":"https:\/\/www.marinigerardi.it\/shop\/wp-json\/wp\/v2\/users\/1"}],"replies":[{"embeddable":true,"href":"https:\/\/www.marinigerardi.it\/shop\/wp-json\/wp\/v2\/comments?post=87137"}],"version-history":[{"count":0,"href":"https:\/\/www.marinigerardi.it\/shop\/wp-json\/wp\/v2\/posts\/87137\/revisions"}],"wp:featuredmedia":[{"embeddable":true,"href":"https:\/\/www.marinigerardi.it\/shop\/wp-json\/wp\/v2\/media\/87141"}],"wp:attachment":[{"href":"https:\/\/www.marinigerardi.it\/shop\/wp-json\/wp\/v2\/media?parent=87137"}],"wp:term":[{"taxonomy":"category","embeddable":true,"href":"https:\/\/www.marinigerardi.it\/shop\/wp-json\/wp\/v2\/categories?post=87137"},{"taxonomy":"post_tag","embeddable":true,"href":"https:\/\/www.marinigerardi.it\/shop\/wp-json\/wp\/v2\/tags?post=87137"}],"curies":[{"name":"wp","href":"https:\/\/api.w.org\/{rel}","templated":true}]}}