{"id":83265,"date":"2025-06-07T13:23:47","date_gmt":"2025-06-07T13:23:47","guid":{"rendered":"https:\/\/www.marinigerardi.it\/shop\/?p=83265"},"modified":"2025-10-05T10:30:38","modified_gmt":"2025-10-05T10:30:38","slug":"tendina-vetro","status":"publish","type":"post","link":"https:\/\/www.marinigerardi.it\/shop\/tendina-vetro\/","title":{"rendered":"Tendina Vetro: Tutti i Vantaggi di una Scelta Pratica e Bella"},"content":{"rendered":"<div class=\"wpb-content-wrapper\" id=\"wpb-content-root\"><p>[vc_row css=&#8221;.vc_custom_1749298127619{background-color: #EEEE22 !important;}&#8221; woodmart_css_id=&#8221;68442bc38da8b&#8221; responsive_spacing=&#8221;eyJwYXJhbV90eXBlIjoid29vZG1hcnRfcmVzcG9uc2l2ZV9zcGFjaW5nIiwic2VsZWN0b3JfaWQiOiI2ODQ0MmJjMzhkYThiIiwic2hvcnRjb2RlIjoidmNfcm93IiwiZGF0YSI6eyJ0YWJsZXQiOnt9LCJtb2JpbGUiOnt9fX0=&#8221; mobile_bg_img_hidden=&#8221;no&#8221; tablet_bg_img_hidden=&#8221;no&#8221; woodmart_parallax=&#8221;0&#8243; woodmart_gradient_switch=&#8221;no&#8221; woodmart_box_shadow=&#8221;no&#8221; wd_z_index=&#8221;no&#8221; woodmart_disable_overflow=&#8221;0&#8243; row_reverse_mobile=&#8221;0&#8243; row_reverse_tablet=&#8221;0&#8243;][vc_column]\n\t\t<div id=\"wd-68442b9e3ea06\" class=\"title-wrapper wd-wpb wd-set-mb reset-last-child  wd-rs-68442b9e3ea06 wd-title-color-default wd-title-style-default text-center  wd-underline-colored\">\n\t\t\t\n\t\t\t<div class=\"liner-continer\">\n\t\t\t\t<h2 class=\"woodmart-title-container title  wd-font-weight-600 wd-fontsize-xl\" >Tendina Vetro in Lino Pregiato:<br \/>\nEleganza Sartoriale per una Nuova Idea di Luce<\/h2>\n\t\t\t\t\t\t\t<\/div>\n\t\t\t\n\t\t\t\n\t\t\t\n\t\t<\/div>\n\t\t\n\t\t[\/vc_column][\/vc_row][vc_row][vc_column]\t\t<div id=\"wd-68443d75cb53d\" class=\"wd-text-block wd-wpb reset-last-child wd-rs-68443d75cb53d text-left \">\n\t\t\t<p>Nel panorama dell&#8217;arredo contemporaneo, la <strong>tendina vetro<\/strong> si trasforma da semplice elemento funzionale a protagonista del design. La nostra nuova collezione nasce dall\u2019incontro tra la tradizione sartoriale italiana e l\u2019innovazione tessile, per offrire un prodotto unico, raffinato e moderno, costruito interamente a mano nei nostri laboratori artigianali.<\/p>\n<h3>Lino Prezioso: Il Tessuto della Luce<\/h3>\n<p>Ogni <a href=\"https:\/\/www.marinigerardi.it\/shop\/tendina-vetro\/\"><strong>tendina vetro<\/strong><\/a> \u00e8 realizzata in <strong>lino naturale di altissima qualit\u00e0<\/strong>, scelto per le sue caratteristiche estetiche e funzionali. Il lino non \u00e8 solo elegante: \u00e8 un materiale vivo, traspirante, anallergico e resistente. La sua trama leggera consente alla luce di filtrare delicatamente, creando atmosfere calde, intime e accoglienti. Una carezza visiva che valorizza qualsiasi ambiente, dalla cucina al soggiorno, passando per la camera da letto.<\/p>\n\t\t<\/div>\n\t\t[\/vc_column][\/vc_row][vc_row css=&#8221;.vc_custom_1749300095550{background-color: #F3F3F3 !important;}&#8221; woodmart_css_id=&#8221;684433723fdb3&#8243; responsive_spacing=&#8221;eyJwYXJhbV90eXBlIjoid29vZG1hcnRfcmVzcG9uc2l2ZV9zcGFjaW5nIiwic2VsZWN0b3JfaWQiOiI2ODQ0MzM3MjNmZGIzIiwic2hvcnRjb2RlIjoidmNfcm93IiwiZGF0YSI6eyJ0YWJsZXQiOnt9LCJtb2JpbGUiOnt9fX0=&#8221; mobile_bg_img_hidden=&#8221;no&#8221; tablet_bg_img_hidden=&#8221;no&#8221; woodmart_parallax=&#8221;0&#8243; woodmart_gradient_switch=&#8221;no&#8221; woodmart_box_shadow=&#8221;no&#8221; wd_z_index=&#8221;no&#8221; woodmart_disable_overflow=&#8221;0&#8243; row_reverse_mobile=&#8221;0&#8243; row_reverse_tablet=&#8221;0&#8243;][vc_column]<div class=\"woocommerce columns-3 \"><div class=\"wd-products-element\">\t\t\t<div class=\"wd-sticky-loader wd-deferred wd-content-loader\"><span class=\"wd-loader\"><\/span><\/div>\n\t\t\n<div class=\"products wd-products wd-grid-g grid-columns-3 elements-grid pagination-infinit wd-loop-builder-off title-line-two wd-stretch-cont-lg wd-products-with-shadow\" data-source=\"main_loop\" data-min_price=\"\" data-max_price=\"\" data-columns=\"3\" style=\"--wd-col-lg:3;--wd-col-md:3;--wd-col-sm:2;--wd-gap-lg:20px;--wd-gap-sm:10px;\">\n<div class=\"wd-product wd-col wd-hover-standard product-grid-item product type-product post-66466 status-publish instock product_cat-tende-a-vetro product_cat-tende-a-vetro-classiche product_cat-tende-a-vetro-moderne product_cat-tende-da-vetro-moderne product_cat-tendine product_cat-tendine-moderne has-post-thumbnail taxable shipping-taxable purchasable product-type-simple\" data-loop=\"1\" data-id=\"66466\">\n\t\n<div class=\"wd-product-wrapper product-wrapper\">\n\t<div class=\"wd-product-thumb product-element-top wd-quick-shop\">\n\t\t<a href=\"https:\/\/www.marinigerardi.it\/shop\/prodotto\/tende-da-vetro-su-misura\/\" class=\"wd-product-img-link product-image-link\" tabindex=\"-1\" aria-label=\"SIRIO full (mini) Tende da vetro su misura in Lino Eleganza e Stile Italiano\">\n\t\t\t\t\t<div class=\"wd-product-grid-slider wd-fill\">\n\t\t\t\t\t\t\t<div class=\"wd-product-grid-slide\" data-image-url=\"https:\/\/www.marinigerardi.it\/shop\/wp-content\/uploads\/2024\/02\/tende-da-vetro-per-interni-moderni-in-lino-bianco-design-foglie-250x188.jpg\" data-image-srcset=\"https:\/\/www.marinigerardi.it\/shop\/wp-content\/uploads\/2024\/02\/tende-da-vetro-per-interni-moderni-in-lino-bianco-design-foglie-250x188.jpg 250w, https:\/\/www.marinigerardi.it\/shop\/wp-content\/uploads\/2024\/02\/tende-da-vetro-per-interni-moderni-in-lino-bianco-design-foglie-600x450.jpg 600w, https:\/\/www.marinigerardi.it\/shop\/wp-content\/uploads\/2024\/02\/tende-da-vetro-per-interni-moderni-in-lino-bianco-design-foglie-300x225.jpg 300w, https:\/\/www.marinigerardi.it\/shop\/wp-content\/uploads\/2024\/02\/tende-da-vetro-per-interni-moderni-in-lino-bianco-design-foglie-768x576.jpg 768w, https:\/\/www.marinigerardi.it\/shop\/wp-content\/uploads\/2024\/02\/tende-da-vetro-per-interni-moderni-in-lino-bianco-design-foglie.jpg 1024w\" data-image-id=\"0\"><\/div>\n\t\t\t\t\t\t\t<div class=\"wd-product-grid-slide\" data-image-url=\"https:\/\/www.marinigerardi.it\/shop\/wp-content\/uploads\/2024\/02\/Tende-da-vetro-su-misura-in-Lino-per-cucina-design-foglie-250x188.jpg\" data-image-srcset=\"https:\/\/www.marinigerardi.it\/shop\/wp-content\/uploads\/2024\/02\/Tende-da-vetro-su-misura-in-Lino-per-cucina-design-foglie-250x188.jpg 250w, https:\/\/www.marinigerardi.it\/shop\/wp-content\/uploads\/2024\/02\/Tende-da-vetro-su-misura-in-Lino-per-cucina-design-foglie-600x450.jpg 600w, https:\/\/www.marinigerardi.it\/shop\/wp-content\/uploads\/2024\/02\/Tende-da-vetro-su-misura-in-Lino-per-cucina-design-foglie-300x225.jpg 300w, https:\/\/www.marinigerardi.it\/shop\/wp-content\/uploads\/2024\/02\/Tende-da-vetro-su-misura-in-Lino-per-cucina-design-foglie-768x576.jpg 768w, https:\/\/www.marinigerardi.it\/shop\/wp-content\/uploads\/2024\/02\/Tende-da-vetro-su-misura-in-Lino-per-cucina-design-foglie.jpg 1024w\" data-image-id=\"1\"><\/div>\n\t\t\t\t\t\t\t<div class=\"wd-product-grid-slide\" data-image-url=\"https:\/\/www.marinigerardi.it\/shop\/wp-content\/uploads\/2024\/02\/tendine-su-misura-design-foglie-arredo-cucina-250x188.jpg\" data-image-srcset=\"https:\/\/www.marinigerardi.it\/shop\/wp-content\/uploads\/2024\/02\/tendine-su-misura-design-foglie-arredo-cucina-250x188.jpg 250w, https:\/\/www.marinigerardi.it\/shop\/wp-content\/uploads\/2024\/02\/tendine-su-misura-design-foglie-arredo-cucina-600x450.jpg 600w, https:\/\/www.marinigerardi.it\/shop\/wp-content\/uploads\/2024\/02\/tendine-su-misura-design-foglie-arredo-cucina-300x225.jpg 300w, https:\/\/www.marinigerardi.it\/shop\/wp-content\/uploads\/2024\/02\/tendine-su-misura-design-foglie-arredo-cucina-768x576.jpg 768w, https:\/\/www.marinigerardi.it\/shop\/wp-content\/uploads\/2024\/02\/tendine-su-misura-design-foglie-arredo-cucina.jpg 1024w\" data-image-id=\"2\"><\/div>\n\t\t\t\t\t<\/div>\n\n\t\t\n\t\t\t\t\t\t\t<div class=\"wd-product-grid-slider-pagin\">\n\t\t\t\t\t\t\t<div data-image-id=\"0\" class=\"wd-product-grid-slider-dot\"><\/div>\n\t\t\t\t\t\t\t<div data-image-id=\"1\" class=\"wd-product-grid-slider-dot\"><\/div>\n\t\t\t\t\t\t\t<div data-image-id=\"2\" class=\"wd-product-grid-slider-dot\"><\/div>\n\t\t\t\t\t<\/div>\n\t\t\t\t\t\t<img decoding=\"async\" width=\"250\" height=\"188\" src=\"https:\/\/www.marinigerardi.it\/shop\/wp-content\/uploads\/2024\/02\/tende-da-vetro-per-interni-moderni-in-lino-bianco-design-foglie-250x188.jpg\" class=\"attachment-woocommerce_thumbnail size-woocommerce_thumbnail\" alt=\"Tende da vetro per interni moderni in lino bianco design foglie\" srcset=\"https:\/\/www.marinigerardi.it\/shop\/wp-content\/uploads\/2024\/02\/tende-da-vetro-per-interni-moderni-in-lino-bianco-design-foglie-250x188.jpg 250w, https:\/\/www.marinigerardi.it\/shop\/wp-content\/uploads\/2024\/02\/tende-da-vetro-per-interni-moderni-in-lino-bianco-design-foglie-600x450.jpg 600w, https:\/\/www.marinigerardi.it\/shop\/wp-content\/uploads\/2024\/02\/tende-da-vetro-per-interni-moderni-in-lino-bianco-design-foglie-300x225.jpg.avif 300w, https:\/\/www.marinigerardi.it\/shop\/wp-content\/uploads\/2024\/02\/tende-da-vetro-per-interni-moderni-in-lino-bianco-design-foglie-768x576.jpg.avif 768w, https:\/\/www.marinigerardi.it\/shop\/wp-content\/uploads\/2024\/02\/tende-da-vetro-per-interni-moderni-in-lino-bianco-design-foglie.jpg.webp 1024w\" sizes=\"(max-width: 250px) 100vw, 250px\" \/>\t\t<\/a>\n\n\t\t\t\t\t<div class=\"product-labels labels-rectangular\">\n\t\t\t\t<span class=\"new product-label wd-shape-rect-sm\">Nuovo<\/span>\t\t\t<\/div>\n\t\t\t\n\t\t<div class=\"wd-buttons wd-pos-r-t\">\n\t\t\t\t\t\t\t\t\t\t\t\t\t\t<\/div>\n\t<\/div>\n\n\t\t<div class=\"product-element-bottom\">\n\t\n\t\n\t<h3 class=\"wd-entities-title\"><a href=\"https:\/\/www.marinigerardi.it\/shop\/prodotto\/tende-da-vetro-su-misura\/\">SIRIO full (mini) Tende da vetro su misura in Lino Eleganza e Stile Italiano<\/a><\/h3>\n\t\t\t\t\t\t\n\t\t\t\t<div class=\"star-rating\" role=\"img\" aria-label=\"Valutato 5.00 su 5\">\n\t\t\t\t\t<span style=\"width:100%\">\n\t\t\tValutato <strong class=\"rating\">5.00<\/strong> su 5\t\t<\/span>\n\t\t\t\t<\/div>\n\n\t\t\n\t\t\t\t\t\t\t\t\t<p class=\"wd-product-stock stock wd-style-default in-stock\">Disponibile<\/p>\n\t\t\n\t\n\t<span class=\"price\">78,00&nbsp;&euro;<\/span>\n\n\t<div class=\"wd-add-btn wd-add-btn-replace\">\n\t\t\n\t\t<a href=\"https:\/\/www.marinigerardi.it\/shop\/prodotto\/tende-da-vetro-su-misura\/\" class=\"button product_type_simple add-to-cart-loop mg-detail-btn\"><span class=\"wd-action-icon\"><span class=\"wd-check-icon\"><\/span><\/span><span class=\"wd-action-text\">Vedi dettagli<\/span><\/a>\t<\/div>\n\n\t\n\t\n\t\t\t<\/div>\n\t<\/div>\n<\/div>\n<div class=\"wd-product wd-col wd-hover-standard product-grid-item product type-product post-66448 status-publish last instock product_cat-tende-a-vetro product_cat-tende-da-vetro-moderne product_cat-tendine product_cat-tendine-moderne has-post-thumbnail taxable shipping-taxable purchasable product-type-simple\" data-loop=\"2\" data-id=\"66448\">\n\t\n<div class=\"wd-product-wrapper product-wrapper\">\n\t<div class=\"wd-product-thumb product-element-top wd-quick-shop\">\n\t\t<a href=\"https:\/\/www.marinigerardi.it\/shop\/prodotto\/tendine-a-vetro-su-misura-di-lino\/\" class=\"wd-product-img-link product-image-link\" tabindex=\"-1\" aria-label=\"SIRIO left (mini) Tendine a vetro su misura di Lino per cucina moderna\">\n\t\t\t\t\t<div class=\"wd-product-grid-slider wd-fill\">\n\t\t\t\t\t\t\t<div class=\"wd-product-grid-slide\" data-image-url=\"https:\/\/www.marinigerardi.it\/shop\/wp-content\/uploads\/2024\/02\/tendine-su-misura-per-cucina-moderna-in-lino-bianco-250x188.jpg\" data-image-srcset=\"https:\/\/www.marinigerardi.it\/shop\/wp-content\/uploads\/2024\/02\/tendine-su-misura-per-cucina-moderna-in-lino-bianco-250x188.jpg 250w, https:\/\/www.marinigerardi.it\/shop\/wp-content\/uploads\/2024\/02\/tendine-su-misura-per-cucina-moderna-in-lino-bianco-600x450.jpg 600w, https:\/\/www.marinigerardi.it\/shop\/wp-content\/uploads\/2024\/02\/tendine-su-misura-per-cucina-moderna-in-lino-bianco-300x225.jpg 300w, https:\/\/www.marinigerardi.it\/shop\/wp-content\/uploads\/2024\/02\/tendine-su-misura-per-cucina-moderna-in-lino-bianco-768x576.jpg 768w, https:\/\/www.marinigerardi.it\/shop\/wp-content\/uploads\/2024\/02\/tendine-su-misura-per-cucina-moderna-in-lino-bianco.jpg 1024w\" data-image-id=\"0\"><\/div>\n\t\t\t\t\t\t\t<div class=\"wd-product-grid-slide\" data-image-url=\"https:\/\/www.marinigerardi.it\/shop\/wp-content\/uploads\/2024\/02\/tendine-su-misura-in-lino-cucina-moderna-250x188.jpg\" data-image-srcset=\"https:\/\/www.marinigerardi.it\/shop\/wp-content\/uploads\/2024\/02\/tendine-su-misura-in-lino-cucina-moderna-250x188.jpg 250w, https:\/\/www.marinigerardi.it\/shop\/wp-content\/uploads\/2024\/02\/tendine-su-misura-in-lino-cucina-moderna-600x450.jpg 600w, https:\/\/www.marinigerardi.it\/shop\/wp-content\/uploads\/2024\/02\/tendine-su-misura-in-lino-cucina-moderna-300x225.jpg 300w, https:\/\/www.marinigerardi.it\/shop\/wp-content\/uploads\/2024\/02\/tendine-su-misura-in-lino-cucina-moderna-768x576.jpg 768w, https:\/\/www.marinigerardi.it\/shop\/wp-content\/uploads\/2024\/02\/tendine-su-misura-in-lino-cucina-moderna.jpg 1024w\" data-image-id=\"1\"><\/div>\n\t\t\t\t\t\t\t<div class=\"wd-product-grid-slide\" data-image-url=\"https:\/\/www.marinigerardi.it\/shop\/wp-content\/uploads\/2024\/02\/tendine-su-misura-design-foglie-arredo-cucina-250x188.jpg\" data-image-srcset=\"https:\/\/www.marinigerardi.it\/shop\/wp-content\/uploads\/2024\/02\/tendine-su-misura-design-foglie-arredo-cucina-250x188.jpg 250w, https:\/\/www.marinigerardi.it\/shop\/wp-content\/uploads\/2024\/02\/tendine-su-misura-design-foglie-arredo-cucina-600x450.jpg 600w, https:\/\/www.marinigerardi.it\/shop\/wp-content\/uploads\/2024\/02\/tendine-su-misura-design-foglie-arredo-cucina-300x225.jpg 300w, https:\/\/www.marinigerardi.it\/shop\/wp-content\/uploads\/2024\/02\/tendine-su-misura-design-foglie-arredo-cucina-768x576.jpg 768w, https:\/\/www.marinigerardi.it\/shop\/wp-content\/uploads\/2024\/02\/tendine-su-misura-design-foglie-arredo-cucina.jpg 1024w\" data-image-id=\"2\"><\/div>\n\t\t\t\t\t<\/div>\n\n\t\t\n\t\t\t\t\t\t\t<div class=\"wd-product-grid-slider-pagin\">\n\t\t\t\t\t\t\t<div data-image-id=\"0\" class=\"wd-product-grid-slider-dot\"><\/div>\n\t\t\t\t\t\t\t<div data-image-id=\"1\" class=\"wd-product-grid-slider-dot\"><\/div>\n\t\t\t\t\t\t\t<div data-image-id=\"2\" class=\"wd-product-grid-slider-dot\"><\/div>\n\t\t\t\t\t<\/div>\n\t\t\t\t\t\t<img decoding=\"async\" width=\"250\" height=\"188\" src=\"https:\/\/www.marinigerardi.it\/shop\/wp-content\/uploads\/2024\/02\/tendine-su-misura-per-cucina-moderna-in-lino-bianco-250x188.jpg\" class=\"attachment-woocommerce_thumbnail size-woocommerce_thumbnail\" alt=\"Tendine a vetro su misura in lino bianco\" srcset=\"https:\/\/www.marinigerardi.it\/shop\/wp-content\/uploads\/2024\/02\/tendine-su-misura-per-cucina-moderna-in-lino-bianco-250x188.jpg 250w, https:\/\/www.marinigerardi.it\/shop\/wp-content\/uploads\/2024\/02\/tendine-su-misura-per-cucina-moderna-in-lino-bianco-600x450.jpg 600w, https:\/\/www.marinigerardi.it\/shop\/wp-content\/uploads\/2024\/02\/tendine-su-misura-per-cucina-moderna-in-lino-bianco-300x225.jpg.avif 300w, https:\/\/www.marinigerardi.it\/shop\/wp-content\/uploads\/2024\/02\/tendine-su-misura-per-cucina-moderna-in-lino-bianco-768x576.jpg.avif 768w, https:\/\/www.marinigerardi.it\/shop\/wp-content\/uploads\/2024\/02\/tendine-su-misura-per-cucina-moderna-in-lino-bianco.jpg.webp 1024w\" sizes=\"(max-width: 250px) 100vw, 250px\" \/>\t\t<\/a>\n\n\t\t\t\t\t<div class=\"product-labels labels-rectangular\">\n\t\t\t\t<span class=\"new product-label wd-shape-rect-sm\">Nuovo<\/span>\t\t\t<\/div>\n\t\t\t\n\t\t<div class=\"wd-buttons wd-pos-r-t\">\n\t\t\t\t\t\t\t\t\t\t\t\t\t\t<\/div>\n\t<\/div>\n\n\t\t<div class=\"product-element-bottom\">\n\t\n\t\n\t<h3 class=\"wd-entities-title\"><a href=\"https:\/\/www.marinigerardi.it\/shop\/prodotto\/tendine-a-vetro-su-misura-di-lino\/\">SIRIO left (mini) Tendine a vetro su misura di Lino per cucina moderna<\/a><\/h3>\n\t\t\t\t\t\t<p class=\"wd-product-stock stock wd-style-default in-stock\">Disponibile<\/p>\n\t\t\n\t\n\t<span class=\"price\">73,00&nbsp;&euro;<\/span>\n\n\t<div class=\"wd-add-btn wd-add-btn-replace\">\n\t\t\n\t\t<a href=\"https:\/\/www.marinigerardi.it\/shop\/prodotto\/tendine-a-vetro-su-misura-di-lino\/\" class=\"button product_type_simple add-to-cart-loop mg-detail-btn\"><span class=\"wd-action-icon\"><span class=\"wd-check-icon\"><\/span><\/span><span class=\"wd-action-text\">Vedi dettagli<\/span><\/a>\t<\/div>\n\n\t\n\t\n\t\t\t<\/div>\n\t<\/div>\n<\/div>\n<div class=\"wd-product wd-col wd-hover-standard product-grid-item product type-product post-66556 status-publish first instock product_cat-tende-a-vetro product_cat-tende-da-vetro-moderne product_cat-tendine product_cat-tendine-moderne has-post-thumbnail taxable shipping-taxable purchasable product-type-simple\" data-loop=\"3\" data-id=\"66556\">\n\t\n<div class=\"wd-product-wrapper product-wrapper\">\n\t<div class=\"wd-product-thumb product-element-top wd-quick-shop\">\n\t\t<a href=\"https:\/\/www.marinigerardi.it\/shop\/prodotto\/tendine-cucina-a-vetro\/\" class=\"wd-product-img-link product-image-link\" tabindex=\"-1\" aria-label=\"SPERANZA &#8211; Tendine Cucina a vetro in Lino con foglie design doppio colore\">\n\t\t\t\t\t<div class=\"wd-product-grid-slider wd-fill\">\n\t\t\t\t\t\t\t<div class=\"wd-product-grid-slide\" data-image-url=\"https:\/\/www.marinigerardi.it\/shop\/wp-content\/uploads\/2024\/03\/Tendine-Cucina-in-Lino-con-foglie-design-250x188.jpg\" data-image-srcset=\"https:\/\/www.marinigerardi.it\/shop\/wp-content\/uploads\/2024\/03\/Tendine-Cucina-in-Lino-con-foglie-design-250x188.jpg 250w, https:\/\/www.marinigerardi.it\/shop\/wp-content\/uploads\/2024\/03\/Tendine-Cucina-in-Lino-con-foglie-design-300x225.jpg 300w, https:\/\/www.marinigerardi.it\/shop\/wp-content\/uploads\/2024\/03\/Tendine-Cucina-in-Lino-con-foglie-design-768x576.jpg 768w, https:\/\/www.marinigerardi.it\/shop\/wp-content\/uploads\/2024\/03\/Tendine-Cucina-in-Lino-con-foglie-design-600x450.jpg 600w, https:\/\/www.marinigerardi.it\/shop\/wp-content\/uploads\/2024\/03\/Tendine-Cucina-in-Lino-con-foglie-design.jpg 1024w\" data-image-id=\"0\"><\/div>\n\t\t\t\t\t\t\t<div class=\"wd-product-grid-slide\" data-image-url=\"https:\/\/www.marinigerardi.it\/shop\/wp-content\/uploads\/2024\/03\/Tendine-Cucina-in-Lino-filtranti-250x188.jpg\" data-image-srcset=\"https:\/\/www.marinigerardi.it\/shop\/wp-content\/uploads\/2024\/03\/Tendine-Cucina-in-Lino-filtranti-250x188.jpg 250w, https:\/\/www.marinigerardi.it\/shop\/wp-content\/uploads\/2024\/03\/Tendine-Cucina-in-Lino-filtranti-600x450.jpg 600w, https:\/\/www.marinigerardi.it\/shop\/wp-content\/uploads\/2024\/03\/Tendine-Cucina-in-Lino-filtranti-300x225.jpg 300w, https:\/\/www.marinigerardi.it\/shop\/wp-content\/uploads\/2024\/03\/Tendine-Cucina-in-Lino-filtranti-768x576.jpg 768w, https:\/\/www.marinigerardi.it\/shop\/wp-content\/uploads\/2024\/03\/Tendine-Cucina-in-Lino-filtranti.jpg 1024w\" data-image-id=\"1\"><\/div>\n\t\t\t\t\t\t\t<div class=\"wd-product-grid-slide\" data-image-url=\"https:\/\/www.marinigerardi.it\/shop\/wp-content\/uploads\/2024\/03\/Tendine-Cucina-in-Lino-design-foglie-nere-gialle-250x188.jpg\" data-image-srcset=\"https:\/\/www.marinigerardi.it\/shop\/wp-content\/uploads\/2024\/03\/Tendine-Cucina-in-Lino-design-foglie-nere-gialle-250x188.jpg 250w, https:\/\/www.marinigerardi.it\/shop\/wp-content\/uploads\/2024\/03\/Tendine-Cucina-in-Lino-design-foglie-nere-gialle-600x450.jpg 600w, https:\/\/www.marinigerardi.it\/shop\/wp-content\/uploads\/2024\/03\/Tendine-Cucina-in-Lino-design-foglie-nere-gialle-300x225.jpg 300w, https:\/\/www.marinigerardi.it\/shop\/wp-content\/uploads\/2024\/03\/Tendine-Cucina-in-Lino-design-foglie-nere-gialle-768x576.jpg 768w, https:\/\/www.marinigerardi.it\/shop\/wp-content\/uploads\/2024\/03\/Tendine-Cucina-in-Lino-design-foglie-nere-gialle.jpg 1024w\" data-image-id=\"2\"><\/div>\n\t\t\t\t\t<\/div>\n\n\t\t\n\t\t\t\t\t\t\t<div class=\"wd-product-grid-slider-pagin\">\n\t\t\t\t\t\t\t<div data-image-id=\"0\" class=\"wd-product-grid-slider-dot\"><\/div>\n\t\t\t\t\t\t\t<div data-image-id=\"1\" class=\"wd-product-grid-slider-dot\"><\/div>\n\t\t\t\t\t\t\t<div data-image-id=\"2\" class=\"wd-product-grid-slider-dot\"><\/div>\n\t\t\t\t\t<\/div>\n\t\t\t\t\t\t<img decoding=\"async\" width=\"250\" height=\"188\" src=\"https:\/\/www.marinigerardi.it\/shop\/wp-content\/uploads\/2024\/03\/Tendine-Cucina-in-Lino-con-foglie-design-250x188.jpg.avif\" class=\"attachment-woocommerce_thumbnail size-woocommerce_thumbnail\" alt=\"SPERANZA - Tendine Cucina a vetro in Lino con foglie design doppio colore\" srcset=\"https:\/\/www.marinigerardi.it\/shop\/wp-content\/uploads\/2024\/03\/Tendine-Cucina-in-Lino-con-foglie-design-250x188.jpg.avif 250w, https:\/\/www.marinigerardi.it\/shop\/wp-content\/uploads\/2024\/03\/Tendine-Cucina-in-Lino-con-foglie-design-300x225.jpg.avif 300w, https:\/\/www.marinigerardi.it\/shop\/wp-content\/uploads\/2024\/03\/Tendine-Cucina-in-Lino-con-foglie-design-768x576.jpg.avif 768w, https:\/\/www.marinigerardi.it\/shop\/wp-content\/uploads\/2024\/03\/Tendine-Cucina-in-Lino-con-foglie-design-600x450.jpg.avif 600w, https:\/\/www.marinigerardi.it\/shop\/wp-content\/uploads\/2024\/03\/Tendine-Cucina-in-Lino-con-foglie-design.jpg.avif 1024w\" sizes=\"(max-width: 250px) 100vw, 250px\" \/>\t\t<\/a>\n\n\t\t\t\t\t<div class=\"product-labels labels-rectangular\">\n\t\t\t\t<span class=\"new product-label wd-shape-rect-sm\">Nuovo<\/span>\t\t\t<\/div>\n\t\t\t\n\t\t<div class=\"wd-buttons wd-pos-r-t\">\n\t\t\t\t\t\t\t\t\t\t\t\t\t\t<\/div>\n\t<\/div>\n\n\t\t<div class=\"product-element-bottom\">\n\t\n\t\n\t<h3 class=\"wd-entities-title\"><a href=\"https:\/\/www.marinigerardi.it\/shop\/prodotto\/tendine-cucina-a-vetro\/\">SPERANZA &#8211; Tendine Cucina a vetro in Lino con foglie design doppio colore<\/a><\/h3>\n\t\t\t\t\t\t<p class=\"wd-product-stock stock wd-style-default in-stock\">Disponibile<\/p>\n\t\t\n\t\n\t<span class=\"price\">69,00&nbsp;&euro;<\/span>\n\n\t<div class=\"wd-add-btn wd-add-btn-replace\">\n\t\t\n\t\t<a href=\"https:\/\/www.marinigerardi.it\/shop\/prodotto\/tendine-cucina-a-vetro\/\" class=\"button product_type_simple add-to-cart-loop mg-detail-btn\"><span class=\"wd-action-icon\"><span class=\"wd-check-icon\"><\/span><\/span><span class=\"wd-action-text\">Vedi dettagli<\/span><\/a>\t<\/div>\n\n\t\n\t\n\t\t\t<\/div>\n\t<\/div>\n<\/div>\n<div class=\"wd-product wd-col wd-hover-standard product-grid-item product type-product post-44674 status-publish instock product_cat-tende-a-vetro has-post-thumbnail taxable shipping-taxable purchasable product-type-simple\" data-loop=\"4\" data-id=\"44674\">\n\t\n<div class=\"wd-product-wrapper product-wrapper\">\n\t<div class=\"wd-product-thumb product-element-top wd-quick-shop\">\n\t\t<a href=\"https:\/\/www.marinigerardi.it\/shop\/prodotto\/tende-per-vetrate-panoramiche-a-sud\/\" class=\"wd-product-img-link product-image-link\" tabindex=\"-1\" aria-label=\"A SUD &#8211; Tende per Vetrate Panoramiche Moderne in Lino\">\n\t\t\t\t\t<div class=\"wd-product-grid-slider wd-fill\">\n\t\t\t\t\t\t\t<div class=\"wd-product-grid-slide\" data-image-url=\"https:\/\/www.marinigerardi.it\/shop\/wp-content\/uploads\/2022\/11\/Tende-per-Vetrate-Panoramiche-Moderne-in-Lino-A-SUD-in-rosso-nero-250x188.jpg\" data-image-srcset=\"https:\/\/www.marinigerardi.it\/shop\/wp-content\/uploads\/2022\/11\/Tende-per-Vetrate-Panoramiche-Moderne-in-Lino-A-SUD-in-rosso-nero-250x188.jpg 250w, https:\/\/www.marinigerardi.it\/shop\/wp-content\/uploads\/2022\/11\/Tende-per-Vetrate-Panoramiche-Moderne-in-Lino-A-SUD-in-rosso-nero-600x450.jpg 600w, https:\/\/www.marinigerardi.it\/shop\/wp-content\/uploads\/2022\/11\/Tende-per-Vetrate-Panoramiche-Moderne-in-Lino-A-SUD-in-rosso-nero-300x225.jpg 300w, https:\/\/www.marinigerardi.it\/shop\/wp-content\/uploads\/2022\/11\/Tende-per-Vetrate-Panoramiche-Moderne-in-Lino-A-SUD-in-rosso-nero-768x576.jpg 768w, https:\/\/www.marinigerardi.it\/shop\/wp-content\/uploads\/2022\/11\/Tende-per-Vetrate-Panoramiche-Moderne-in-Lino-A-SUD-in-rosso-nero.jpg 1024w\" data-image-id=\"0\"><\/div>\n\t\t\t\t\t\t\t<div class=\"wd-product-grid-slide\" data-image-url=\"https:\/\/www.marinigerardi.it\/shop\/wp-content\/uploads\/2022\/11\/Tende-per-Vetrate-Panoramiche-a-tunel-passante-A-SUD-in-rosso-nero-250x188.jpg\" data-image-srcset=\"https:\/\/www.marinigerardi.it\/shop\/wp-content\/uploads\/2022\/11\/Tende-per-Vetrate-Panoramiche-a-tunel-passante-A-SUD-in-rosso-nero-250x188.jpg 250w, https:\/\/www.marinigerardi.it\/shop\/wp-content\/uploads\/2022\/11\/Tende-per-Vetrate-Panoramiche-a-tunel-passante-A-SUD-in-rosso-nero-600x450.jpg 600w, https:\/\/www.marinigerardi.it\/shop\/wp-content\/uploads\/2022\/11\/Tende-per-Vetrate-Panoramiche-a-tunel-passante-A-SUD-in-rosso-nero-300x225.jpg 300w, https:\/\/www.marinigerardi.it\/shop\/wp-content\/uploads\/2022\/11\/Tende-per-Vetrate-Panoramiche-a-tunel-passante-A-SUD-in-rosso-nero-768x576.jpg 768w, https:\/\/www.marinigerardi.it\/shop\/wp-content\/uploads\/2022\/11\/Tende-per-Vetrate-Panoramiche-a-tunel-passante-A-SUD-in-rosso-nero.jpg 1024w\" data-image-id=\"1\"><\/div>\n\t\t\t\t\t\t\t<div class=\"wd-product-grid-slide\" data-image-url=\"https:\/\/www.marinigerardi.it\/shop\/wp-content\/uploads\/2022\/11\/Tende-per-Vetrate-Panoramiche-lino-panna-design-A-SUD-in-rosso-nero-250x188.jpg\" data-image-srcset=\"https:\/\/www.marinigerardi.it\/shop\/wp-content\/uploads\/2022\/11\/Tende-per-Vetrate-Panoramiche-lino-panna-design-A-SUD-in-rosso-nero-250x188.jpg 250w, https:\/\/www.marinigerardi.it\/shop\/wp-content\/uploads\/2022\/11\/Tende-per-Vetrate-Panoramiche-lino-panna-design-A-SUD-in-rosso-nero-600x450.jpg 600w, https:\/\/www.marinigerardi.it\/shop\/wp-content\/uploads\/2022\/11\/Tende-per-Vetrate-Panoramiche-lino-panna-design-A-SUD-in-rosso-nero-300x225.jpg 300w, https:\/\/www.marinigerardi.it\/shop\/wp-content\/uploads\/2022\/11\/Tende-per-Vetrate-Panoramiche-lino-panna-design-A-SUD-in-rosso-nero-768x576.jpg 768w, https:\/\/www.marinigerardi.it\/shop\/wp-content\/uploads\/2022\/11\/Tende-per-Vetrate-Panoramiche-lino-panna-design-A-SUD-in-rosso-nero.jpg 1024w\" data-image-id=\"2\"><\/div>\n\t\t\t\t\t<\/div>\n\n\t\t\n\t\t\t\t\t\t\t<div class=\"wd-product-grid-slider-pagin\">\n\t\t\t\t\t\t\t<div data-image-id=\"0\" class=\"wd-product-grid-slider-dot\"><\/div>\n\t\t\t\t\t\t\t<div data-image-id=\"1\" class=\"wd-product-grid-slider-dot\"><\/div>\n\t\t\t\t\t\t\t<div data-image-id=\"2\" class=\"wd-product-grid-slider-dot\"><\/div>\n\t\t\t\t\t<\/div>\n\t\t\t\t\t\t<img decoding=\"async\" width=\"250\" height=\"188\" src=\"https:\/\/www.marinigerardi.it\/shop\/wp-content\/uploads\/2022\/11\/Tende-per-Vetrate-Panoramiche-Moderne-in-Lino-A-SUD-in-rosso-nero-250x188.jpg\" class=\"attachment-woocommerce_thumbnail size-woocommerce_thumbnail\" alt=\"Tende per vetrate panoramiche moderne in lino a sud in rosso nero - Marini &amp; Gerardi\" srcset=\"https:\/\/www.marinigerardi.it\/shop\/wp-content\/uploads\/2022\/11\/Tende-per-Vetrate-Panoramiche-Moderne-in-Lino-A-SUD-in-rosso-nero-250x188.jpg 250w, https:\/\/www.marinigerardi.it\/shop\/wp-content\/uploads\/2022\/11\/Tende-per-Vetrate-Panoramiche-Moderne-in-Lino-A-SUD-in-rosso-nero-600x450.jpg 600w, https:\/\/www.marinigerardi.it\/shop\/wp-content\/uploads\/2022\/11\/Tende-per-Vetrate-Panoramiche-Moderne-in-Lino-A-SUD-in-rosso-nero-300x225.jpg.avif 300w, https:\/\/www.marinigerardi.it\/shop\/wp-content\/uploads\/2022\/11\/Tende-per-Vetrate-Panoramiche-Moderne-in-Lino-A-SUD-in-rosso-nero-768x576.jpg.avif 768w, https:\/\/www.marinigerardi.it\/shop\/wp-content\/uploads\/2022\/11\/Tende-per-Vetrate-Panoramiche-Moderne-in-Lino-A-SUD-in-rosso-nero.jpg.webp 1024w\" sizes=\"(max-width: 250px) 100vw, 250px\" \/>\t\t<\/a>\n\n\t\t\t\t\t<div class=\"product-labels labels-rectangular\">\n\t\t\t\t<span class=\"new product-label wd-shape-rect-sm\">Nuovo<\/span>\t\t\t<\/div>\n\t\t\t\n\t\t<div class=\"wd-buttons wd-pos-r-t\">\n\t\t\t\t\t\t\t\t\t\t\t\t\t\t<\/div>\n\t<\/div>\n\n\t\t<div class=\"product-element-bottom\">\n\t\n\t\n\t<h3 class=\"wd-entities-title\"><a href=\"https:\/\/www.marinigerardi.it\/shop\/prodotto\/tende-per-vetrate-panoramiche-a-sud\/\">A SUD &#8211; Tende per Vetrate Panoramiche Moderne in Lino<\/a><\/h3>\n\t\t\t\t\t\t<p class=\"wd-product-stock stock wd-style-default in-stock\">Disponibile<\/p>\n\t\t\n\t\n\t<span class=\"price\">75,00&nbsp;&euro;<\/span>\n\n\t<div class=\"wd-add-btn wd-add-btn-replace\">\n\t\t\n\t\t<a href=\"https:\/\/www.marinigerardi.it\/shop\/prodotto\/tende-per-vetrate-panoramiche-a-sud\/\" class=\"button product_type_simple add-to-cart-loop mg-detail-btn\"><span class=\"wd-action-icon\"><span class=\"wd-check-icon\"><\/span><\/span><span class=\"wd-action-text\">Vedi dettagli<\/span><\/a>\t<\/div>\n\n\t\n\t\n\t\t\t<\/div>\n\t<\/div>\n<\/div>\n<div class=\"wd-product wd-col wd-hover-standard product-grid-item product type-product post-66666 status-publish last instock product_cat-tende-a-vetro product_cat-tende-da-vetro-moderne product_cat-tendine product_cat-tendine-moderne has-post-thumbnail taxable shipping-taxable purchasable product-type-simple\" data-loop=\"5\" data-id=\"66666\">\n\t\n<div class=\"wd-product-wrapper product-wrapper\">\n\t<div class=\"wd-product-thumb product-element-top wd-quick-shop\">\n\t\t<a href=\"https:\/\/www.marinigerardi.it\/shop\/prodotto\/tende-per-porta-finestra-a-vetro\/\" class=\"wd-product-img-link product-image-link\" tabindex=\"-1\" aria-label=\"ABRACADABRA (mini) Tende per Porta Finestra a Vetro in Lino\">\n\t\t\t<img decoding=\"async\" width=\"250\" height=\"188\" src=\"https:\/\/www.marinigerardi.it\/shop\/wp-content\/uploads\/2024\/03\/Tende-per-Porta-Finestra-a-Vetro-in-Lino-250x188.jpg\" class=\"attachment-woocommerce_thumbnail size-woocommerce_thumbnail\" alt=\"Tende per porta finestra a vetro in lino\" srcset=\"https:\/\/www.marinigerardi.it\/shop\/wp-content\/uploads\/2024\/03\/Tende-per-Porta-Finestra-a-Vetro-in-Lino-250x188.jpg 250w, https:\/\/www.marinigerardi.it\/shop\/wp-content\/uploads\/2024\/03\/Tende-per-Porta-Finestra-a-Vetro-in-Lino-600x450.jpg 600w, https:\/\/www.marinigerardi.it\/shop\/wp-content\/uploads\/2024\/03\/Tende-per-Porta-Finestra-a-Vetro-in-Lino-300x225.jpg.avif 300w, https:\/\/www.marinigerardi.it\/shop\/wp-content\/uploads\/2024\/03\/Tende-per-Porta-Finestra-a-Vetro-in-Lino-768x576.jpg.avif 768w, https:\/\/www.marinigerardi.it\/shop\/wp-content\/uploads\/2024\/03\/Tende-per-Porta-Finestra-a-Vetro-in-Lino.jpg.webp 1024w\" sizes=\"(max-width: 250px) 100vw, 250px\" \/>\t\t<\/a>\n\n\t\t\t\t\t<div class=\"product-labels labels-rectangular\">\n\t\t\t\t<span class=\"new product-label wd-shape-rect-sm\">Nuovo<\/span>\t\t\t<\/div>\n\t\t\t\n\t\t<div class=\"wd-buttons wd-pos-r-t\">\n\t\t\t\t\t\t\t\t\t\t\t\t\t\t<\/div>\n\t<\/div>\n\n\t\t<div class=\"product-element-bottom\">\n\t\n\t\n\t<h3 class=\"wd-entities-title\"><a href=\"https:\/\/www.marinigerardi.it\/shop\/prodotto\/tende-per-porta-finestra-a-vetro\/\">ABRACADABRA (mini) Tende per Porta Finestra a Vetro in Lino<\/a><\/h3>\n\t\t\t\t\t\t<p class=\"wd-product-stock stock wd-style-default in-stock\">Disponibile<\/p>\n\t\t\n\t\n\t<span class=\"price\">78,00&nbsp;&euro;<\/span>\n\n\t<div class=\"wd-add-btn wd-add-btn-replace\">\n\t\t\n\t\t<a href=\"https:\/\/www.marinigerardi.it\/shop\/prodotto\/tende-per-porta-finestra-a-vetro\/\" class=\"button product_type_simple add-to-cart-loop mg-detail-btn\"><span class=\"wd-action-icon\"><span class=\"wd-check-icon\"><\/span><\/span><span class=\"wd-action-text\">Vedi dettagli<\/span><\/a>\t<\/div>\n\n\t\n\t\n\t\t\t<\/div>\n\t<\/div>\n<\/div>\n<div class=\"wd-product wd-col wd-hover-standard product-grid-item product type-product post-35400 status-publish first instock product_cat-tende-a-vetro has-post-thumbnail taxable shipping-taxable purchasable product-type-simple\" data-loop=\"6\" data-id=\"35400\">\n\t\n<div class=\"wd-product-wrapper product-wrapper\">\n\t<div class=\"wd-product-thumb product-element-top wd-quick-shop\">\n\t\t<a href=\"https:\/\/www.marinigerardi.it\/shop\/prodotto\/afrodite-tende-moderne-a-vetro-in-lino-liscio\/\" class=\"wd-product-img-link product-image-link\" tabindex=\"-1\" aria-label=\"AFRODITE (mini) &#8211; Tende Moderne a Vetro in Lino Liscio\">\n\t\t\t\t\t<div class=\"wd-product-grid-slider wd-fill\">\n\t\t\t\t\t\t\t<div class=\"wd-product-grid-slide\" data-image-url=\"https:\/\/www.marinigerardi.it\/shop\/wp-content\/uploads\/2022\/03\/tende-moderne-a-vetro-plisse-in-lino-verde-con-frangie-250x188.jpg\" data-image-srcset=\"https:\/\/www.marinigerardi.it\/shop\/wp-content\/uploads\/2022\/03\/tende-moderne-a-vetro-plisse-in-lino-verde-con-frangie-250x188.jpg 250w, https:\/\/www.marinigerardi.it\/shop\/wp-content\/uploads\/2022\/03\/tende-moderne-a-vetro-plisse-in-lino-verde-con-frangie-600x450.jpg 600w, https:\/\/www.marinigerardi.it\/shop\/wp-content\/uploads\/2022\/03\/tende-moderne-a-vetro-plisse-in-lino-verde-con-frangie-300x225.jpg 300w, https:\/\/www.marinigerardi.it\/shop\/wp-content\/uploads\/2022\/03\/tende-moderne-a-vetro-plisse-in-lino-verde-con-frangie-768x576.jpg 768w, https:\/\/www.marinigerardi.it\/shop\/wp-content\/uploads\/2022\/03\/tende-moderne-a-vetro-plisse-in-lino-verde-con-frangie.jpg 1024w\" data-image-id=\"0\"><\/div>\n\t\t\t\t\t\t\t<div class=\"wd-product-grid-slide\" data-image-url=\"https:\/\/www.marinigerardi.it\/shop\/wp-content\/uploads\/2022\/03\/tende-moderne-a-vetro-in-lino-verde-con-frangie-250x188.jpg\" data-image-srcset=\"https:\/\/www.marinigerardi.it\/shop\/wp-content\/uploads\/2022\/03\/tende-moderne-a-vetro-in-lino-verde-con-frangie-250x188.jpg 250w, https:\/\/www.marinigerardi.it\/shop\/wp-content\/uploads\/2022\/03\/tende-moderne-a-vetro-in-lino-verde-con-frangie-600x450.jpg 600w, https:\/\/www.marinigerardi.it\/shop\/wp-content\/uploads\/2022\/03\/tende-moderne-a-vetro-in-lino-verde-con-frangie-300x225.jpg 300w, https:\/\/www.marinigerardi.it\/shop\/wp-content\/uploads\/2022\/03\/tende-moderne-a-vetro-in-lino-verde-con-frangie-768x576.jpg 768w, https:\/\/www.marinigerardi.it\/shop\/wp-content\/uploads\/2022\/03\/tende-moderne-a-vetro-in-lino-verde-con-frangie.jpg 1024w\" data-image-id=\"1\"><\/div>\n\t\t\t\t\t\t\t<div class=\"wd-product-grid-slide\" data-image-url=\"https:\/\/www.marinigerardi.it\/shop\/wp-content\/uploads\/2022\/03\/tendine-blu-a-vetro-per-finestre-in-lino-con-frangie-250x188.jpg\" data-image-srcset=\"https:\/\/www.marinigerardi.it\/shop\/wp-content\/uploads\/2022\/03\/tendine-blu-a-vetro-per-finestre-in-lino-con-frangie-250x188.jpg 250w, https:\/\/www.marinigerardi.it\/shop\/wp-content\/uploads\/2022\/03\/tendine-blu-a-vetro-per-finestre-in-lino-con-frangie-600x450.jpg 600w, https:\/\/www.marinigerardi.it\/shop\/wp-content\/uploads\/2022\/03\/tendine-blu-a-vetro-per-finestre-in-lino-con-frangie-300x225.jpg 300w, https:\/\/www.marinigerardi.it\/shop\/wp-content\/uploads\/2022\/03\/tendine-blu-a-vetro-per-finestre-in-lino-con-frangie-768x576.jpg 768w, https:\/\/www.marinigerardi.it\/shop\/wp-content\/uploads\/2022\/03\/tendine-blu-a-vetro-per-finestre-in-lino-con-frangie.jpg 1024w\" data-image-id=\"2\"><\/div>\n\t\t\t\t\t<\/div>\n\n\t\t\n\t\t\t\t\t\t\t<div class=\"wd-product-grid-slider-pagin\">\n\t\t\t\t\t\t\t<div data-image-id=\"0\" class=\"wd-product-grid-slider-dot\"><\/div>\n\t\t\t\t\t\t\t<div data-image-id=\"1\" class=\"wd-product-grid-slider-dot\"><\/div>\n\t\t\t\t\t\t\t<div data-image-id=\"2\" class=\"wd-product-grid-slider-dot\"><\/div>\n\t\t\t\t\t<\/div>\n\t\t\t\t\t\t<img decoding=\"async\" width=\"250\" height=\"188\" src=\"https:\/\/www.marinigerardi.it\/shop\/wp-content\/uploads\/2022\/03\/tende-moderne-a-vetro-plisse-in-lino-verde-con-frangie-250x188.jpg\" class=\"attachment-woocommerce_thumbnail size-woocommerce_thumbnail\" alt=\"tende moderne a vetro plisse in lino verde con frange - AFRODITE (mini) Marini &amp; Gerardi\" srcset=\"https:\/\/www.marinigerardi.it\/shop\/wp-content\/uploads\/2022\/03\/tende-moderne-a-vetro-plisse-in-lino-verde-con-frangie-250x188.jpg 250w, https:\/\/www.marinigerardi.it\/shop\/wp-content\/uploads\/2022\/03\/tende-moderne-a-vetro-plisse-in-lino-verde-con-frangie-600x450.jpg 600w, https:\/\/www.marinigerardi.it\/shop\/wp-content\/uploads\/2022\/03\/tende-moderne-a-vetro-plisse-in-lino-verde-con-frangie-300x225.jpg.avif 300w, https:\/\/www.marinigerardi.it\/shop\/wp-content\/uploads\/2022\/03\/tende-moderne-a-vetro-plisse-in-lino-verde-con-frangie-768x576.jpg.avif 768w, https:\/\/www.marinigerardi.it\/shop\/wp-content\/uploads\/2022\/03\/tende-moderne-a-vetro-plisse-in-lino-verde-con-frangie.jpg.webp 1024w\" sizes=\"(max-width: 250px) 100vw, 250px\" \/>\t\t<\/a>\n\n\t\t\t\t\t<div class=\"product-labels labels-rectangular\">\n\t\t\t\t<span class=\"new product-label wd-shape-rect-sm\">Nuovo<\/span>\t\t\t<\/div>\n\t\t\t\n\t\t<div class=\"wd-buttons wd-pos-r-t\">\n\t\t\t\t\t\t\t\t\t\t\t\t\t\t<\/div>\n\t<\/div>\n\n\t\t<div class=\"product-element-bottom\">\n\t\n\t\n\t<h3 class=\"wd-entities-title\"><a href=\"https:\/\/www.marinigerardi.it\/shop\/prodotto\/afrodite-tende-moderne-a-vetro-in-lino-liscio\/\">AFRODITE (mini) &#8211; Tende Moderne a Vetro in Lino Liscio<\/a><\/h3>\n\t\t\t\t\t\t<p class=\"wd-product-stock stock wd-style-default in-stock\">Disponibile<\/p>\n\t\t\n\t\n\t<span class=\"price\">69,00&nbsp;&euro;<\/span>\n\n\t<div class=\"wd-add-btn wd-add-btn-replace\">\n\t\t\n\t\t<a href=\"https:\/\/www.marinigerardi.it\/shop\/prodotto\/afrodite-tende-moderne-a-vetro-in-lino-liscio\/\" class=\"button product_type_simple add-to-cart-loop mg-detail-btn\"><span class=\"wd-action-icon\"><span class=\"wd-check-icon\"><\/span><\/span><span class=\"wd-action-text\">Vedi dettagli<\/span><\/a>\t<\/div>\n\n\t\n\t\n\t\t\t<\/div>\n\t<\/div>\n<\/div>\n<div class=\"wd-product wd-col wd-hover-standard product-grid-item product type-product post-66428 status-publish instock product_cat-tende-a-vetro product_cat-tende-da-vetro-moderne has-post-thumbnail taxable shipping-taxable purchasable product-type-simple\" data-loop=\"7\" data-id=\"66428\">\n\t\n<div class=\"wd-product-wrapper product-wrapper\">\n\t<div class=\"wd-product-thumb product-element-top wd-quick-shop\">\n\t\t<a href=\"https:\/\/www.marinigerardi.it\/shop\/prodotto\/tendine-di-lino-per-cucina-soggiorno-moderno\/\" class=\"wd-product-img-link product-image-link\" tabindex=\"-1\" aria-label=\"ANTARES (mini) Tendine di Lino per cucina soggiorno moderno\">\n\t\t\t\t\t<div class=\"wd-product-grid-slider wd-fill\">\n\t\t\t\t\t\t\t<div class=\"wd-product-grid-slide\" data-image-url=\"https:\/\/www.marinigerardi.it\/shop\/wp-content\/uploads\/2024\/02\/tendine-lino-moderne-antares-design-250x188.jpg\" data-image-srcset=\"https:\/\/www.marinigerardi.it\/shop\/wp-content\/uploads\/2024\/02\/tendine-lino-moderne-antares-design-250x188.jpg 250w, https:\/\/www.marinigerardi.it\/shop\/wp-content\/uploads\/2024\/02\/tendine-lino-moderne-antares-design-600x450.jpg 600w, https:\/\/www.marinigerardi.it\/shop\/wp-content\/uploads\/2024\/02\/tendine-lino-moderne-antares-design-300x225.jpg 300w, https:\/\/www.marinigerardi.it\/shop\/wp-content\/uploads\/2024\/02\/tendine-lino-moderne-antares-design-768x576.jpg 768w, https:\/\/www.marinigerardi.it\/shop\/wp-content\/uploads\/2024\/02\/tendine-lino-moderne-antares-design.jpg 1024w\" data-image-id=\"0\"><\/div>\n\t\t\t\t\t\t\t<div class=\"wd-product-grid-slide\" data-image-url=\"https:\/\/www.marinigerardi.it\/shop\/wp-content\/uploads\/2024\/02\/tendine-lino-design-moderno-collezione-antares-250x188.jpg\" data-image-srcset=\"https:\/\/www.marinigerardi.it\/shop\/wp-content\/uploads\/2024\/02\/tendine-lino-design-moderno-collezione-antares-250x188.jpg 250w, https:\/\/www.marinigerardi.it\/shop\/wp-content\/uploads\/2024\/02\/tendine-lino-design-moderno-collezione-antares-600x450.jpg 600w, https:\/\/www.marinigerardi.it\/shop\/wp-content\/uploads\/2024\/02\/tendine-lino-design-moderno-collezione-antares-300x225.jpg 300w, https:\/\/www.marinigerardi.it\/shop\/wp-content\/uploads\/2024\/02\/tendine-lino-design-moderno-collezione-antares-768x576.jpg 768w, https:\/\/www.marinigerardi.it\/shop\/wp-content\/uploads\/2024\/02\/tendine-lino-design-moderno-collezione-antares.jpg 1024w\" data-image-id=\"1\"><\/div>\n\t\t\t\t\t\t\t<div class=\"wd-product-grid-slide\" data-image-url=\"https:\/\/www.marinigerardi.it\/shop\/wp-content\/uploads\/2024\/02\/tendine-lino-design-antares-250x188.jpg\" data-image-srcset=\"https:\/\/www.marinigerardi.it\/shop\/wp-content\/uploads\/2024\/02\/tendine-lino-design-antares-250x188.jpg 250w, https:\/\/www.marinigerardi.it\/shop\/wp-content\/uploads\/2024\/02\/tendine-lino-design-antares-600x450.jpg 600w, https:\/\/www.marinigerardi.it\/shop\/wp-content\/uploads\/2024\/02\/tendine-lino-design-antares-300x225.jpg 300w, https:\/\/www.marinigerardi.it\/shop\/wp-content\/uploads\/2024\/02\/tendine-lino-design-antares-768x576.jpg 768w, https:\/\/www.marinigerardi.it\/shop\/wp-content\/uploads\/2024\/02\/tendine-lino-design-antares.jpg 1024w\" data-image-id=\"2\"><\/div>\n\t\t\t\t\t<\/div>\n\n\t\t\n\t\t\t\t\t\t\t<div class=\"wd-product-grid-slider-pagin\">\n\t\t\t\t\t\t\t<div data-image-id=\"0\" class=\"wd-product-grid-slider-dot\"><\/div>\n\t\t\t\t\t\t\t<div data-image-id=\"1\" class=\"wd-product-grid-slider-dot\"><\/div>\n\t\t\t\t\t\t\t<div data-image-id=\"2\" class=\"wd-product-grid-slider-dot\"><\/div>\n\t\t\t\t\t<\/div>\n\t\t\t\t\t\t<img decoding=\"async\" width=\"250\" height=\"188\" src=\"https:\/\/www.marinigerardi.it\/shop\/wp-content\/uploads\/2024\/02\/tendine-lino-moderne-antares-design-250x188.jpg\" class=\"attachment-woocommerce_thumbnail size-woocommerce_thumbnail\" alt=\"ANTARES (mini) Tendine di Lino per cucina soggiorno moderno\" srcset=\"https:\/\/www.marinigerardi.it\/shop\/wp-content\/uploads\/2024\/02\/tendine-lino-moderne-antares-design-250x188.jpg 250w, https:\/\/www.marinigerardi.it\/shop\/wp-content\/uploads\/2024\/02\/tendine-lino-moderne-antares-design-600x450.jpg 600w, https:\/\/www.marinigerardi.it\/shop\/wp-content\/uploads\/2024\/02\/tendine-lino-moderne-antares-design-300x225.jpg.avif 300w, https:\/\/www.marinigerardi.it\/shop\/wp-content\/uploads\/2024\/02\/tendine-lino-moderne-antares-design-768x576.jpg.avif 768w, https:\/\/www.marinigerardi.it\/shop\/wp-content\/uploads\/2024\/02\/tendine-lino-moderne-antares-design.jpg.webp 1024w\" sizes=\"(max-width: 250px) 100vw, 250px\" \/>\t\t<\/a>\n\n\t\t\t\t\t<div class=\"product-labels labels-rectangular\">\n\t\t\t\t<span class=\"new product-label wd-shape-rect-sm\">Nuovo<\/span>\t\t\t<\/div>\n\t\t\t\n\t\t<div class=\"wd-buttons wd-pos-r-t\">\n\t\t\t\t\t\t\t\t\t\t\t\t\t\t<\/div>\n\t<\/div>\n\n\t\t<div class=\"product-element-bottom\">\n\t\n\t\n\t<h3 class=\"wd-entities-title\"><a href=\"https:\/\/www.marinigerardi.it\/shop\/prodotto\/tendine-di-lino-per-cucina-soggiorno-moderno\/\">ANTARES (mini) Tendine di Lino per cucina soggiorno moderno<\/a><\/h3>\n\t\t\t\t\t\t<p class=\"wd-product-stock stock wd-style-default in-stock\">Disponibile<\/p>\n\t\t\n\t\n\t<span class=\"price\">78,00&nbsp;&euro;<\/span>\n\n\t<div class=\"wd-add-btn wd-add-btn-replace\">\n\t\t\n\t\t<a href=\"https:\/\/www.marinigerardi.it\/shop\/prodotto\/tendine-di-lino-per-cucina-soggiorno-moderno\/\" class=\"button product_type_simple add-to-cart-loop mg-detail-btn\"><span class=\"wd-action-icon\"><span class=\"wd-check-icon\"><\/span><\/span><span class=\"wd-action-text\">Vedi dettagli<\/span><\/a>\t<\/div>\n\n\t\n\t\n\t\t\t<\/div>\n\t<\/div>\n<\/div>\n<div class=\"wd-product wd-col wd-hover-standard product-grid-item product type-product post-66363 status-publish last instock product_cat-tende-a-vetro product_cat-tende-da-vetro-moderne product_cat-tendine-moderne has-post-thumbnail taxable shipping-taxable purchasable product-type-simple\" data-loop=\"8\" data-id=\"66363\">\n\t\n<div class=\"wd-product-wrapper product-wrapper\">\n\t<div class=\"wd-product-thumb product-element-top wd-quick-shop\">\n\t\t<a href=\"https:\/\/www.marinigerardi.it\/shop\/prodotto\/tendine-lino-a-vetro-moderne\/\" class=\"wd-product-img-link product-image-link\" tabindex=\"-1\" aria-label=\"AURA (mini) tendine lino a vetro numero 1 in eleganza e bellezza\">\n\t\t\t\t\t<div class=\"wd-product-grid-slider wd-fill\">\n\t\t\t\t\t\t\t<div class=\"wd-product-grid-slide\" data-image-url=\"https:\/\/www.marinigerardi.it\/shop\/wp-content\/uploads\/2023\/12\/Eleganti-Tende-Moderne-Camera-da-Letto-in-lino-250x188.jpg\" data-image-srcset=\"https:\/\/www.marinigerardi.it\/shop\/wp-content\/uploads\/2023\/12\/Eleganti-Tende-Moderne-Camera-da-Letto-in-lino-250x188.jpg 250w, https:\/\/www.marinigerardi.it\/shop\/wp-content\/uploads\/2023\/12\/Eleganti-Tende-Moderne-Camera-da-Letto-in-lino-600x450.jpg 600w, https:\/\/www.marinigerardi.it\/shop\/wp-content\/uploads\/2023\/12\/Eleganti-Tende-Moderne-Camera-da-Letto-in-lino-300x225.jpg 300w, https:\/\/www.marinigerardi.it\/shop\/wp-content\/uploads\/2023\/12\/Eleganti-Tende-Moderne-Camera-da-Letto-in-lino-768x576.jpg 768w, https:\/\/www.marinigerardi.it\/shop\/wp-content\/uploads\/2023\/12\/Eleganti-Tende-Moderne-Camera-da-Letto-in-lino.jpg 1024w\" data-image-id=\"0\"><\/div>\n\t\t\t\t\t\t\t<div class=\"wd-product-grid-slide\" data-image-url=\"https:\/\/www.marinigerardi.it\/shop\/wp-content\/uploads\/2023\/12\/design-Tende-Moderne-Camera-da-Letto-di-lino-250x188.jpg\" data-image-srcset=\"https:\/\/www.marinigerardi.it\/shop\/wp-content\/uploads\/2023\/12\/design-Tende-Moderne-Camera-da-Letto-di-lino-250x188.jpg 250w, https:\/\/www.marinigerardi.it\/shop\/wp-content\/uploads\/2023\/12\/design-Tende-Moderne-Camera-da-Letto-di-lino-600x450.jpg 600w, https:\/\/www.marinigerardi.it\/shop\/wp-content\/uploads\/2023\/12\/design-Tende-Moderne-Camera-da-Letto-di-lino-300x225.jpg 300w, https:\/\/www.marinigerardi.it\/shop\/wp-content\/uploads\/2023\/12\/design-Tende-Moderne-Camera-da-Letto-di-lino-768x576.jpg 768w, https:\/\/www.marinigerardi.it\/shop\/wp-content\/uploads\/2023\/12\/design-Tende-Moderne-Camera-da-Letto-di-lino.jpg 1024w\" data-image-id=\"1\"><\/div>\n\t\t\t\t\t\t\t<div class=\"wd-product-grid-slide\" data-image-url=\"https:\/\/www.marinigerardi.it\/shop\/wp-content\/uploads\/2023\/12\/Eleganti-importanti-Tende-Moderne-Camera-da-Letto-di-lino-250x188.jpg\" data-image-srcset=\"https:\/\/www.marinigerardi.it\/shop\/wp-content\/uploads\/2023\/12\/Eleganti-importanti-Tende-Moderne-Camera-da-Letto-di-lino-250x188.jpg 250w, https:\/\/www.marinigerardi.it\/shop\/wp-content\/uploads\/2023\/12\/Eleganti-importanti-Tende-Moderne-Camera-da-Letto-di-lino-600x450.jpg 600w, https:\/\/www.marinigerardi.it\/shop\/wp-content\/uploads\/2023\/12\/Eleganti-importanti-Tende-Moderne-Camera-da-Letto-di-lino-300x225.jpg 300w, https:\/\/www.marinigerardi.it\/shop\/wp-content\/uploads\/2023\/12\/Eleganti-importanti-Tende-Moderne-Camera-da-Letto-di-lino-768x576.jpg 768w, https:\/\/www.marinigerardi.it\/shop\/wp-content\/uploads\/2023\/12\/Eleganti-importanti-Tende-Moderne-Camera-da-Letto-di-lino.jpg 1024w\" data-image-id=\"2\"><\/div>\n\t\t\t\t\t<\/div>\n\n\t\t\n\t\t\t\t\t\t\t<div class=\"wd-product-grid-slider-pagin\">\n\t\t\t\t\t\t\t<div data-image-id=\"0\" class=\"wd-product-grid-slider-dot\"><\/div>\n\t\t\t\t\t\t\t<div data-image-id=\"1\" class=\"wd-product-grid-slider-dot\"><\/div>\n\t\t\t\t\t\t\t<div data-image-id=\"2\" class=\"wd-product-grid-slider-dot\"><\/div>\n\t\t\t\t\t<\/div>\n\t\t\t\t\t\t<img decoding=\"async\" width=\"250\" height=\"188\" src=\"https:\/\/www.marinigerardi.it\/shop\/wp-content\/uploads\/2023\/12\/Eleganti-Tende-Moderne-Camera-da-Letto-in-lino-250x188.jpg\" class=\"attachment-woocommerce_thumbnail size-woocommerce_thumbnail\" alt=\"AURA (mini) tendine lino a vetro numero 1 in eleganza e bellezza\" srcset=\"https:\/\/www.marinigerardi.it\/shop\/wp-content\/uploads\/2023\/12\/Eleganti-Tende-Moderne-Camera-da-Letto-in-lino-250x188.jpg 250w, https:\/\/www.marinigerardi.it\/shop\/wp-content\/uploads\/2023\/12\/Eleganti-Tende-Moderne-Camera-da-Letto-in-lino-600x450.jpg 600w, https:\/\/www.marinigerardi.it\/shop\/wp-content\/uploads\/2023\/12\/Eleganti-Tende-Moderne-Camera-da-Letto-in-lino-300x225.jpg.avif 300w, https:\/\/www.marinigerardi.it\/shop\/wp-content\/uploads\/2023\/12\/Eleganti-Tende-Moderne-Camera-da-Letto-in-lino-768x576.jpg.avif 768w, https:\/\/www.marinigerardi.it\/shop\/wp-content\/uploads\/2023\/12\/Eleganti-Tende-Moderne-Camera-da-Letto-in-lino.jpg.webp 1024w\" sizes=\"(max-width: 250px) 100vw, 250px\" \/>\t\t<\/a>\n\n\t\t\t\t\t<div class=\"product-labels labels-rectangular\">\n\t\t\t\t<span class=\"new product-label wd-shape-rect-sm\">Nuovo<\/span>\t\t\t<\/div>\n\t\t\t\n\t\t<div class=\"wd-buttons wd-pos-r-t\">\n\t\t\t\t\t\t\t\t\t\t\t\t\t\t<\/div>\n\t<\/div>\n\n\t\t<div class=\"product-element-bottom\">\n\t\n\t\n\t<h3 class=\"wd-entities-title\"><a href=\"https:\/\/www.marinigerardi.it\/shop\/prodotto\/tendine-lino-a-vetro-moderne\/\">AURA (mini) tendine lino a vetro numero 1 in eleganza e bellezza<\/a><\/h3>\n\t\t\t\t\t\t<p class=\"wd-product-stock stock wd-style-default in-stock\">Disponibile<\/p>\n\t\t\n\t\n\t<span class=\"price\">78,00&nbsp;&euro;<\/span>\n\n\t<div class=\"wd-add-btn wd-add-btn-replace\">\n\t\t\n\t\t<a href=\"https:\/\/www.marinigerardi.it\/shop\/prodotto\/tendine-lino-a-vetro-moderne\/\" class=\"button product_type_simple add-to-cart-loop mg-detail-btn\"><span class=\"wd-action-icon\"><span class=\"wd-check-icon\"><\/span><\/span><span class=\"wd-action-text\">Vedi dettagli<\/span><\/a>\t<\/div>\n\n\t\n\t\n\t\t\t<\/div>\n\t<\/div>\n<\/div>\n<div class=\"wd-product wd-col wd-hover-standard product-grid-item product type-product post-64983 status-publish first instock product_cat-tende-a-vetro product_cat-tende-a-vetro-classiche product_cat-tende-a-vetro-moderne product_cat-tende-da-vetro-moderne has-post-thumbnail taxable shipping-taxable purchasable product-type-simple\" data-loop=\"9\" data-id=\"64983\">\n\t\n<div class=\"wd-product-wrapper product-wrapper\">\n\t<div class=\"wd-product-thumb product-element-top wd-quick-shop\">\n\t\t<a href=\"https:\/\/www.marinigerardi.it\/shop\/prodotto\/tende-vetri-per-mansarda-cucina-salone-camera-da-letto\/\" class=\"wd-product-img-link product-image-link\" tabindex=\"-1\" aria-label=\"BURIANA &#8211; Tende Vetri per mansarda, cucina, salone, camera da letto\">\n\t\t\t\t\t<div class=\"wd-product-grid-slider wd-fill\">\n\t\t\t\t\t\t\t<div class=\"wd-product-grid-slide\" data-image-url=\"https:\/\/www.marinigerardi.it\/shop\/wp-content\/uploads\/2023\/10\/Tende-Vetri-per-mansarda-cucina-salone-in-lino-250x188.jpg\" data-image-srcset=\"https:\/\/www.marinigerardi.it\/shop\/wp-content\/uploads\/2023\/10\/Tende-Vetri-per-mansarda-cucina-salone-in-lino-250x188.jpg 250w, https:\/\/www.marinigerardi.it\/shop\/wp-content\/uploads\/2023\/10\/Tende-Vetri-per-mansarda-cucina-salone-in-lino-600x450.jpg 600w, https:\/\/www.marinigerardi.it\/shop\/wp-content\/uploads\/2023\/10\/Tende-Vetri-per-mansarda-cucina-salone-in-lino-300x225.jpg 300w, https:\/\/www.marinigerardi.it\/shop\/wp-content\/uploads\/2023\/10\/Tende-Vetri-per-mansarda-cucina-salone-in-lino-768x576.jpg 768w, https:\/\/www.marinigerardi.it\/shop\/wp-content\/uploads\/2023\/10\/Tende-Vetri-per-mansarda-cucina-salone-in-lino.jpg 1024w\" data-image-id=\"0\"><\/div>\n\t\t\t\t\t\t\t<div class=\"wd-product-grid-slide\" data-image-url=\"https:\/\/www.marinigerardi.it\/shop\/wp-content\/uploads\/2023\/10\/Tende-Vetri-per-mansarda-design-realizzato-a-mano-250x188.jpg\" data-image-srcset=\"https:\/\/www.marinigerardi.it\/shop\/wp-content\/uploads\/2023\/10\/Tende-Vetri-per-mansarda-design-realizzato-a-mano-250x188.jpg 250w, https:\/\/www.marinigerardi.it\/shop\/wp-content\/uploads\/2023\/10\/Tende-Vetri-per-mansarda-design-realizzato-a-mano-600x450.jpg 600w, https:\/\/www.marinigerardi.it\/shop\/wp-content\/uploads\/2023\/10\/Tende-Vetri-per-mansarda-design-realizzato-a-mano-300x225.jpg 300w, https:\/\/www.marinigerardi.it\/shop\/wp-content\/uploads\/2023\/10\/Tende-Vetri-per-mansarda-design-realizzato-a-mano-768x576.jpg 768w, https:\/\/www.marinigerardi.it\/shop\/wp-content\/uploads\/2023\/10\/Tende-Vetri-per-mansarda-design-realizzato-a-mano.jpg 1024w\" data-image-id=\"1\"><\/div>\n\t\t\t\t\t\t\t<div class=\"wd-product-grid-slide\" data-image-url=\"https:\/\/www.marinigerardi.it\/shop\/wp-content\/uploads\/2023\/10\/Tende-Vetri-con-clips-annelli-metallici-250x188.jpg\" data-image-srcset=\"https:\/\/www.marinigerardi.it\/shop\/wp-content\/uploads\/2023\/10\/Tende-Vetri-con-clips-annelli-metallici-250x188.jpg 250w, https:\/\/www.marinigerardi.it\/shop\/wp-content\/uploads\/2023\/10\/Tende-Vetri-con-clips-annelli-metallici-600x450.jpg 600w, https:\/\/www.marinigerardi.it\/shop\/wp-content\/uploads\/2023\/10\/Tende-Vetri-con-clips-annelli-metallici-300x225.jpg 300w, https:\/\/www.marinigerardi.it\/shop\/wp-content\/uploads\/2023\/10\/Tende-Vetri-con-clips-annelli-metallici-768x576.jpg 768w, https:\/\/www.marinigerardi.it\/shop\/wp-content\/uploads\/2023\/10\/Tende-Vetri-con-clips-annelli-metallici.jpg 1024w\" data-image-id=\"2\"><\/div>\n\t\t\t\t\t<\/div>\n\n\t\t\n\t\t\t\t\t\t\t<div class=\"wd-product-grid-slider-pagin\">\n\t\t\t\t\t\t\t<div data-image-id=\"0\" class=\"wd-product-grid-slider-dot\"><\/div>\n\t\t\t\t\t\t\t<div data-image-id=\"1\" class=\"wd-product-grid-slider-dot\"><\/div>\n\t\t\t\t\t\t\t<div data-image-id=\"2\" class=\"wd-product-grid-slider-dot\"><\/div>\n\t\t\t\t\t<\/div>\n\t\t\t\t\t\t<img decoding=\"async\" width=\"250\" height=\"188\" src=\"https:\/\/www.marinigerardi.it\/shop\/wp-content\/uploads\/2023\/10\/Tende-Vetri-per-mansarda-cucina-salone-in-lino-250x188.jpg\" class=\"attachment-woocommerce_thumbnail size-woocommerce_thumbnail\" alt=\"Tende vetri per mansarda cucina salone in lino design rosso mattone\" srcset=\"https:\/\/www.marinigerardi.it\/shop\/wp-content\/uploads\/2023\/10\/Tende-Vetri-per-mansarda-cucina-salone-in-lino-250x188.jpg 250w, https:\/\/www.marinigerardi.it\/shop\/wp-content\/uploads\/2023\/10\/Tende-Vetri-per-mansarda-cucina-salone-in-lino-600x450.jpg 600w, https:\/\/www.marinigerardi.it\/shop\/wp-content\/uploads\/2023\/10\/Tende-Vetri-per-mansarda-cucina-salone-in-lino-300x225.jpg.avif 300w, https:\/\/www.marinigerardi.it\/shop\/wp-content\/uploads\/2023\/10\/Tende-Vetri-per-mansarda-cucina-salone-in-lino-768x576.jpg.avif 768w, https:\/\/www.marinigerardi.it\/shop\/wp-content\/uploads\/2023\/10\/Tende-Vetri-per-mansarda-cucina-salone-in-lino.jpg.webp 1024w\" sizes=\"(max-width: 250px) 100vw, 250px\" \/>\t\t<\/a>\n\n\t\t\t\t\t<div class=\"product-labels labels-rectangular\">\n\t\t\t\t<span class=\"new product-label wd-shape-rect-sm\">Nuovo<\/span>\t\t\t<\/div>\n\t\t\t\n\t\t<div class=\"wd-buttons wd-pos-r-t\">\n\t\t\t\t\t\t\t\t\t\t\t\t\t\t<\/div>\n\t<\/div>\n\n\t\t<div class=\"product-element-bottom\">\n\t\n\t\n\t<h3 class=\"wd-entities-title\"><a href=\"https:\/\/www.marinigerardi.it\/shop\/prodotto\/tende-vetri-per-mansarda-cucina-salone-camera-da-letto\/\">BURIANA &#8211; Tende Vetri per mansarda, cucina, salone, camera da letto<\/a><\/h3>\n\t\t\t\t\t\t\n\t\t\t\t<div class=\"star-rating\" role=\"img\" aria-label=\"Valutato 5.00 su 5\">\n\t\t\t\t\t<span style=\"width:100%\">\n\t\t\tValutato <strong class=\"rating\">5.00<\/strong> su 5\t\t<\/span>\n\t\t\t\t<\/div>\n\n\t\t\n\t\t\t\t\t\t\t\t\t<p class=\"wd-product-stock stock wd-style-default in-stock\">Disponibile<\/p>\n\t\t\n\t\n\t<span class=\"price\">72,00&nbsp;&euro;<\/span>\n\n\t<div class=\"wd-add-btn wd-add-btn-replace\">\n\t\t\n\t\t<a href=\"https:\/\/www.marinigerardi.it\/shop\/prodotto\/tende-vetri-per-mansarda-cucina-salone-camera-da-letto\/\" class=\"button product_type_simple add-to-cart-loop mg-detail-btn\"><span class=\"wd-action-icon\"><span class=\"wd-check-icon\"><\/span><\/span><span class=\"wd-action-text\">Vedi dettagli<\/span><\/a>\t<\/div>\n\n\t\n\t\n\t\t\t<\/div>\n\t<\/div>\n<\/div>\n<div class=\"wd-product wd-col wd-hover-standard product-grid-item product type-product post-35112 status-publish instock product_cat-tende-a-vetro product_cat-tende-a-vetro-classiche has-post-thumbnail taxable shipping-taxable purchasable product-type-simple\" data-loop=\"10\" data-id=\"35112\">\n\t\n<div class=\"wd-product-wrapper product-wrapper\">\n\t<div class=\"wd-product-thumb product-element-top wd-quick-shop\">\n\t\t<a href=\"https:\/\/www.marinigerardi.it\/shop\/prodotto\/tendine-a-vetro-moderne-in-lino-canapone\/\" class=\"wd-product-img-link product-image-link\" tabindex=\"-1\" aria-label=\"CALIPSO (mini) &#8211; Tendine a Vetro Moderne in Lino Canapone\">\n\t\t\t\t\t<div class=\"wd-product-grid-slider wd-fill\">\n\t\t\t\t\t\t\t<div class=\"wd-product-grid-slide\" data-image-url=\"https:\/\/www.marinigerardi.it\/shop\/wp-content\/uploads\/2022\/02\/tende-a-vetro-soggiorno-lino-canapone-con-plissettature-250x188.jpg\" data-image-srcset=\"https:\/\/www.marinigerardi.it\/shop\/wp-content\/uploads\/2022\/02\/tende-a-vetro-soggiorno-lino-canapone-con-plissettature-250x188.jpg 250w, https:\/\/www.marinigerardi.it\/shop\/wp-content\/uploads\/2022\/02\/tende-a-vetro-soggiorno-lino-canapone-con-plissettature-600x450.jpg 600w, https:\/\/www.marinigerardi.it\/shop\/wp-content\/uploads\/2022\/02\/tende-a-vetro-soggiorno-lino-canapone-con-plissettature-300x225.jpg 300w, https:\/\/www.marinigerardi.it\/shop\/wp-content\/uploads\/2022\/02\/tende-a-vetro-soggiorno-lino-canapone-con-plissettature-768x576.jpg 768w, https:\/\/www.marinigerardi.it\/shop\/wp-content\/uploads\/2022\/02\/tende-a-vetro-soggiorno-lino-canapone-con-plissettature.jpg 1024w\" data-image-id=\"0\"><\/div>\n\t\t\t\t\t\t\t<div class=\"wd-product-grid-slide\" data-image-url=\"https:\/\/www.marinigerardi.it\/shop\/wp-content\/uploads\/2022\/02\/tende-a-vetro-per-camera-da-letto-lino-canapone-con-plissettature-250x188.jpg\" data-image-srcset=\"https:\/\/www.marinigerardi.it\/shop\/wp-content\/uploads\/2022\/02\/tende-a-vetro-per-camera-da-letto-lino-canapone-con-plissettature-250x188.jpg 250w, https:\/\/www.marinigerardi.it\/shop\/wp-content\/uploads\/2022\/02\/tende-a-vetro-per-camera-da-letto-lino-canapone-con-plissettature-600x450.jpg 600w, https:\/\/www.marinigerardi.it\/shop\/wp-content\/uploads\/2022\/02\/tende-a-vetro-per-camera-da-letto-lino-canapone-con-plissettature-300x225.jpg 300w, https:\/\/www.marinigerardi.it\/shop\/wp-content\/uploads\/2022\/02\/tende-a-vetro-per-camera-da-letto-lino-canapone-con-plissettature-768x576.jpg 768w, https:\/\/www.marinigerardi.it\/shop\/wp-content\/uploads\/2022\/02\/tende-a-vetro-per-camera-da-letto-lino-canapone-con-plissettature.jpg 1024w\" data-image-id=\"1\"><\/div>\n\t\t\t\t\t\t\t<div class=\"wd-product-grid-slide\" data-image-url=\"https:\/\/www.marinigerardi.it\/shop\/wp-content\/uploads\/2022\/02\/tende-a-vetro-in-lino-con-sfilature-e-asole-250x188.jpg\" data-image-srcset=\"https:\/\/www.marinigerardi.it\/shop\/wp-content\/uploads\/2022\/02\/tende-a-vetro-in-lino-con-sfilature-e-asole-250x188.jpg 250w, https:\/\/www.marinigerardi.it\/shop\/wp-content\/uploads\/2022\/02\/tende-a-vetro-in-lino-con-sfilature-e-asole-600x450.jpg 600w, https:\/\/www.marinigerardi.it\/shop\/wp-content\/uploads\/2022\/02\/tende-a-vetro-in-lino-con-sfilature-e-asole-300x225.jpg 300w, https:\/\/www.marinigerardi.it\/shop\/wp-content\/uploads\/2022\/02\/tende-a-vetro-in-lino-con-sfilature-e-asole-768x576.jpg 768w, https:\/\/www.marinigerardi.it\/shop\/wp-content\/uploads\/2022\/02\/tende-a-vetro-in-lino-con-sfilature-e-asole.jpg 1024w\" data-image-id=\"2\"><\/div>\n\t\t\t\t\t<\/div>\n\n\t\t\n\t\t\t\t\t\t\t<div class=\"wd-product-grid-slider-pagin\">\n\t\t\t\t\t\t\t<div data-image-id=\"0\" class=\"wd-product-grid-slider-dot\"><\/div>\n\t\t\t\t\t\t\t<div data-image-id=\"1\" class=\"wd-product-grid-slider-dot\"><\/div>\n\t\t\t\t\t\t\t<div data-image-id=\"2\" class=\"wd-product-grid-slider-dot\"><\/div>\n\t\t\t\t\t<\/div>\n\t\t\t\t\t\t<img decoding=\"async\" width=\"250\" height=\"188\" src=\"https:\/\/www.marinigerardi.it\/shop\/wp-content\/uploads\/2022\/02\/tende-a-vetro-soggiorno-lino-canapone-con-plissettature-250x188.jpg\" class=\"attachment-woocommerce_thumbnail size-woocommerce_thumbnail\" alt=\"CALIPSO (mini) - Tendine a Vetro Moderne in Lino Canapone\" srcset=\"https:\/\/www.marinigerardi.it\/shop\/wp-content\/uploads\/2022\/02\/tende-a-vetro-soggiorno-lino-canapone-con-plissettature-250x188.jpg 250w, https:\/\/www.marinigerardi.it\/shop\/wp-content\/uploads\/2022\/02\/tende-a-vetro-soggiorno-lino-canapone-con-plissettature-600x450.jpg 600w, https:\/\/www.marinigerardi.it\/shop\/wp-content\/uploads\/2022\/02\/tende-a-vetro-soggiorno-lino-canapone-con-plissettature-300x225.jpg.avif 300w, https:\/\/www.marinigerardi.it\/shop\/wp-content\/uploads\/2022\/02\/tende-a-vetro-soggiorno-lino-canapone-con-plissettature-768x576.jpg.avif 768w, https:\/\/www.marinigerardi.it\/shop\/wp-content\/uploads\/2022\/02\/tende-a-vetro-soggiorno-lino-canapone-con-plissettature.jpg.webp 1024w\" sizes=\"(max-width: 250px) 100vw, 250px\" \/>\t\t<\/a>\n\n\t\t\t\t\t<div class=\"product-labels labels-rectangular\">\n\t\t\t\t<span class=\"new product-label wd-shape-rect-sm\">Nuovo<\/span>\t\t\t<\/div>\n\t\t\t\n\t\t<div class=\"wd-buttons wd-pos-r-t\">\n\t\t\t\t\t\t\t\t\t\t\t\t\t\t<\/div>\n\t<\/div>\n\n\t\t<div class=\"product-element-bottom\">\n\t\n\t\n\t<h3 class=\"wd-entities-title\"><a href=\"https:\/\/www.marinigerardi.it\/shop\/prodotto\/tendine-a-vetro-moderne-in-lino-canapone\/\">CALIPSO (mini) &#8211; Tendine a Vetro Moderne in Lino Canapone<\/a><\/h3>\n\t\t\t\t\t\t\n\t\t\t\t<div class=\"star-rating\" role=\"img\" aria-label=\"Valutato 5.00 su 5\">\n\t\t\t\t\t<span style=\"width:100%\">\n\t\t\tValutato <strong class=\"rating\">5.00<\/strong> su 5\t\t<\/span>\n\t\t\t\t<\/div>\n\n\t\t\n\t\t\t\t\t\t\t\t\t<p class=\"wd-product-stock stock wd-style-default in-stock\">Disponibile<\/p>\n\t\t\n\t\n\t<span class=\"price\">69,00&nbsp;&euro;<\/span>\n\n\t<div class=\"wd-add-btn wd-add-btn-replace\">\n\t\t\n\t\t<a href=\"https:\/\/www.marinigerardi.it\/shop\/prodotto\/tendine-a-vetro-moderne-in-lino-canapone\/\" class=\"button product_type_simple add-to-cart-loop mg-detail-btn\"><span class=\"wd-action-icon\"><span class=\"wd-check-icon\"><\/span><\/span><span class=\"wd-action-text\">Vedi dettagli<\/span><\/a>\t<\/div>\n\n\t\n\t\n\t\t\t<\/div>\n\t<\/div>\n<\/div>\n<div class=\"wd-product wd-col wd-hover-standard product-grid-item product type-product post-44537 status-publish last instock product_cat-tende-a-vetro product_cat-tende-da-vetro-moderne has-post-thumbnail taxable shipping-taxable purchasable product-type-simple\" data-loop=\"11\" data-id=\"44537\">\n\t\n<div class=\"wd-product-wrapper product-wrapper\">\n\t<div class=\"wd-product-thumb product-element-top wd-quick-shop\">\n\t\t<a href=\"https:\/\/www.marinigerardi.it\/shop\/prodotto\/tende-da-cucina-a-vetro-moderne-campo-di-grano\/\" class=\"wd-product-img-link product-image-link\" tabindex=\"-1\" aria-label=\"CAMPO DI GRANO 01 &#8211; Tende da Cucina a Vetro Moderne\">\n\t\t\t\t\t<div class=\"wd-product-grid-slider wd-fill\">\n\t\t\t\t\t\t\t<div class=\"wd-product-grid-slide\" data-image-url=\"https:\/\/www.marinigerardi.it\/shop\/wp-content\/uploads\/2022\/11\/Tende-a-Vetro-Moderne-da-cucina-Campo-di-Grano-rosso-giallo-250x188.jpg\" data-image-srcset=\"https:\/\/www.marinigerardi.it\/shop\/wp-content\/uploads\/2022\/11\/Tende-a-Vetro-Moderne-da-cucina-Campo-di-Grano-rosso-giallo-250x188.jpg 250w, https:\/\/www.marinigerardi.it\/shop\/wp-content\/uploads\/2022\/11\/Tende-a-Vetro-Moderne-da-cucina-Campo-di-Grano-rosso-giallo-600x450.jpg 600w, https:\/\/www.marinigerardi.it\/shop\/wp-content\/uploads\/2022\/11\/Tende-a-Vetro-Moderne-da-cucina-Campo-di-Grano-rosso-giallo-300x225.jpg 300w, https:\/\/www.marinigerardi.it\/shop\/wp-content\/uploads\/2022\/11\/Tende-a-Vetro-Moderne-da-cucina-Campo-di-Grano-rosso-giallo-768x576.jpg 768w, https:\/\/www.marinigerardi.it\/shop\/wp-content\/uploads\/2022\/11\/Tende-a-Vetro-Moderne-da-cucina-Campo-di-Grano-rosso-giallo.jpg 1024w\" data-image-id=\"0\"><\/div>\n\t\t\t\t\t\t\t<div class=\"wd-product-grid-slide\" data-image-url=\"https:\/\/www.marinigerardi.it\/shop\/wp-content\/uploads\/2022\/11\/Tende-da-Cucina-a-Vetro-Grano-rosso-giallo-250x188.jpg\" data-image-srcset=\"https:\/\/www.marinigerardi.it\/shop\/wp-content\/uploads\/2022\/11\/Tende-da-Cucina-a-Vetro-Grano-rosso-giallo-250x188.jpg 250w, https:\/\/www.marinigerardi.it\/shop\/wp-content\/uploads\/2022\/11\/Tende-da-Cucina-a-Vetro-Grano-rosso-giallo-600x450.jpg 600w, https:\/\/www.marinigerardi.it\/shop\/wp-content\/uploads\/2022\/11\/Tende-da-Cucina-a-Vetro-Grano-rosso-giallo-300x225.jpg 300w, https:\/\/www.marinigerardi.it\/shop\/wp-content\/uploads\/2022\/11\/Tende-da-Cucina-a-Vetro-Grano-rosso-giallo-768x576.jpg 768w, https:\/\/www.marinigerardi.it\/shop\/wp-content\/uploads\/2022\/11\/Tende-da-Cucina-a-Vetro-Grano-rosso-giallo.jpg 1024w\" data-image-id=\"1\"><\/div>\n\t\t\t\t\t\t\t<div class=\"wd-product-grid-slide\" data-image-url=\"https:\/\/www.marinigerardi.it\/shop\/wp-content\/uploads\/2022\/11\/Tende-Cucina-a-Vetro-Moderne-Campo-di-Grano-rosso-giallo-250x188.jpg\" data-image-srcset=\"https:\/\/www.marinigerardi.it\/shop\/wp-content\/uploads\/2022\/11\/Tende-Cucina-a-Vetro-Moderne-Campo-di-Grano-rosso-giallo-250x188.jpg 250w, https:\/\/www.marinigerardi.it\/shop\/wp-content\/uploads\/2022\/11\/Tende-Cucina-a-Vetro-Moderne-Campo-di-Grano-rosso-giallo-600x450.jpg 600w, https:\/\/www.marinigerardi.it\/shop\/wp-content\/uploads\/2022\/11\/Tende-Cucina-a-Vetro-Moderne-Campo-di-Grano-rosso-giallo-300x225.jpg 300w, https:\/\/www.marinigerardi.it\/shop\/wp-content\/uploads\/2022\/11\/Tende-Cucina-a-Vetro-Moderne-Campo-di-Grano-rosso-giallo-768x576.jpg 768w, https:\/\/www.marinigerardi.it\/shop\/wp-content\/uploads\/2022\/11\/Tende-Cucina-a-Vetro-Moderne-Campo-di-Grano-rosso-giallo.jpg 1024w\" data-image-id=\"2\"><\/div>\n\t\t\t\t\t<\/div>\n\n\t\t\n\t\t\t\t\t\t\t<div class=\"wd-product-grid-slider-pagin\">\n\t\t\t\t\t\t\t<div data-image-id=\"0\" class=\"wd-product-grid-slider-dot\"><\/div>\n\t\t\t\t\t\t\t<div data-image-id=\"1\" class=\"wd-product-grid-slider-dot\"><\/div>\n\t\t\t\t\t\t\t<div data-image-id=\"2\" class=\"wd-product-grid-slider-dot\"><\/div>\n\t\t\t\t\t<\/div>\n\t\t\t\t\t\t<img decoding=\"async\" width=\"250\" height=\"188\" src=\"https:\/\/www.marinigerardi.it\/shop\/wp-content\/uploads\/2022\/11\/Tende-a-Vetro-Moderne-da-cucina-Campo-di-Grano-rosso-giallo-250x188.jpg\" class=\"attachment-woocommerce_thumbnail size-woocommerce_thumbnail\" alt=\"CAMPO DI GRANO 01 - Tende da Cucina a Vetro Moderne\" srcset=\"https:\/\/www.marinigerardi.it\/shop\/wp-content\/uploads\/2022\/11\/Tende-a-Vetro-Moderne-da-cucina-Campo-di-Grano-rosso-giallo-250x188.jpg 250w, https:\/\/www.marinigerardi.it\/shop\/wp-content\/uploads\/2022\/11\/Tende-a-Vetro-Moderne-da-cucina-Campo-di-Grano-rosso-giallo-600x450.jpg 600w, https:\/\/www.marinigerardi.it\/shop\/wp-content\/uploads\/2022\/11\/Tende-a-Vetro-Moderne-da-cucina-Campo-di-Grano-rosso-giallo-300x225.jpg.avif 300w, https:\/\/www.marinigerardi.it\/shop\/wp-content\/uploads\/2022\/11\/Tende-a-Vetro-Moderne-da-cucina-Campo-di-Grano-rosso-giallo-768x576.jpg.avif 768w, https:\/\/www.marinigerardi.it\/shop\/wp-content\/uploads\/2022\/11\/Tende-a-Vetro-Moderne-da-cucina-Campo-di-Grano-rosso-giallo.jpg.webp 1024w\" sizes=\"(max-width: 250px) 100vw, 250px\" \/>\t\t<\/a>\n\n\t\t\t\t\t<div class=\"product-labels labels-rectangular\">\n\t\t\t\t<span class=\"new product-label wd-shape-rect-sm\">Nuovo<\/span>\t\t\t<\/div>\n\t\t\t\n\t\t<div class=\"wd-buttons wd-pos-r-t\">\n\t\t\t\t\t\t\t\t\t\t\t\t\t\t<\/div>\n\t<\/div>\n\n\t\t<div class=\"product-element-bottom\">\n\t\n\t\n\t<h3 class=\"wd-entities-title\"><a href=\"https:\/\/www.marinigerardi.it\/shop\/prodotto\/tende-da-cucina-a-vetro-moderne-campo-di-grano\/\">CAMPO DI GRANO 01 &#8211; Tende da Cucina a Vetro Moderne<\/a><\/h3>\n\t\t\t\t\t\t<p class=\"wd-product-stock stock wd-style-default in-stock\">Disponibile<\/p>\n\t\t\n\t\n\t<span class=\"price\">69,00&nbsp;&euro;<\/span>\n\n\t<div class=\"wd-add-btn wd-add-btn-replace\">\n\t\t\n\t\t<a href=\"https:\/\/www.marinigerardi.it\/shop\/prodotto\/tende-da-cucina-a-vetro-moderne-campo-di-grano\/\" class=\"button product_type_simple add-to-cart-loop mg-detail-btn\"><span class=\"wd-action-icon\"><span class=\"wd-check-icon\"><\/span><\/span><span class=\"wd-action-text\">Vedi dettagli<\/span><\/a>\t<\/div>\n\n\t\n\t\n\t\t\t<\/div>\n\t<\/div>\n<\/div>\n<div class=\"wd-product wd-col wd-hover-standard product-grid-item product type-product post-35195 status-publish first instock product_cat-tende-a-vetro product_cat-tende-a-vetro-classiche has-post-thumbnail taxable shipping-taxable purchasable product-type-simple\" data-loop=\"12\" data-id=\"35195\">\n\t\n<div class=\"wd-product-wrapper product-wrapper\">\n\t<div class=\"wd-product-thumb product-element-top wd-quick-shop\">\n\t\t<a href=\"https:\/\/www.marinigerardi.it\/shop\/prodotto\/cannole-mini-tende-a-vetro-di-lusso-per-interni\/\" class=\"wd-product-img-link product-image-link\" tabindex=\"-1\" aria-label=\"CANNOLE (mini) &#8211; Tende a Vetro di Lusso Per Interni\">\n\t\t\t\t\t<div class=\"wd-product-grid-slider wd-fill\">\n\t\t\t\t\t\t\t<div class=\"wd-product-grid-slide\" data-image-url=\"https:\/\/www.marinigerardi.it\/shop\/wp-content\/uploads\/2022\/02\/tende-a-vetro-di-lino-ricamate-per-interni-di-lusso-250x188.jpg\" data-image-srcset=\"https:\/\/www.marinigerardi.it\/shop\/wp-content\/uploads\/2022\/02\/tende-a-vetro-di-lino-ricamate-per-interni-di-lusso-250x188.jpg 250w, https:\/\/www.marinigerardi.it\/shop\/wp-content\/uploads\/2022\/02\/tende-a-vetro-di-lino-ricamate-per-interni-di-lusso-600x450.jpg 600w, https:\/\/www.marinigerardi.it\/shop\/wp-content\/uploads\/2022\/02\/tende-a-vetro-di-lino-ricamate-per-interni-di-lusso-300x225.jpg 300w, https:\/\/www.marinigerardi.it\/shop\/wp-content\/uploads\/2022\/02\/tende-a-vetro-di-lino-ricamate-per-interni-di-lusso-768x576.jpg 768w, https:\/\/www.marinigerardi.it\/shop\/wp-content\/uploads\/2022\/02\/tende-a-vetro-di-lino-ricamate-per-interni-di-lusso.jpg 1024w\" data-image-id=\"0\"><\/div>\n\t\t\t\t\t\t\t<div class=\"wd-product-grid-slide\" data-image-url=\"https:\/\/www.marinigerardi.it\/shop\/wp-content\/uploads\/2022\/02\/tende-a-vetro-di-lino-ricamate-con-passamaneria-di-lusso-250x188.jpg\" data-image-srcset=\"https:\/\/www.marinigerardi.it\/shop\/wp-content\/uploads\/2022\/02\/tende-a-vetro-di-lino-ricamate-con-passamaneria-di-lusso-250x188.jpg 250w, https:\/\/www.marinigerardi.it\/shop\/wp-content\/uploads\/2022\/02\/tende-a-vetro-di-lino-ricamate-con-passamaneria-di-lusso-600x450.jpg 600w, https:\/\/www.marinigerardi.it\/shop\/wp-content\/uploads\/2022\/02\/tende-a-vetro-di-lino-ricamate-con-passamaneria-di-lusso-300x225.jpg 300w, https:\/\/www.marinigerardi.it\/shop\/wp-content\/uploads\/2022\/02\/tende-a-vetro-di-lino-ricamate-con-passamaneria-di-lusso-768x576.jpg 768w, https:\/\/www.marinigerardi.it\/shop\/wp-content\/uploads\/2022\/02\/tende-a-vetro-di-lino-ricamate-con-passamaneria-di-lusso.jpg 1024w\" data-image-id=\"1\"><\/div>\n\t\t\t\t\t\t\t<div class=\"wd-product-grid-slide\" data-image-url=\"https:\/\/www.marinigerardi.it\/shop\/wp-content\/uploads\/2022\/02\/tende-a-vetro-di-lino-ricamate-passamaneria-con-asole-250x188.jpg\" data-image-srcset=\"https:\/\/www.marinigerardi.it\/shop\/wp-content\/uploads\/2022\/02\/tende-a-vetro-di-lino-ricamate-passamaneria-con-asole-250x188.jpg 250w, https:\/\/www.marinigerardi.it\/shop\/wp-content\/uploads\/2022\/02\/tende-a-vetro-di-lino-ricamate-passamaneria-con-asole-600x450.jpg 600w, https:\/\/www.marinigerardi.it\/shop\/wp-content\/uploads\/2022\/02\/tende-a-vetro-di-lino-ricamate-passamaneria-con-asole-300x225.jpg 300w, https:\/\/www.marinigerardi.it\/shop\/wp-content\/uploads\/2022\/02\/tende-a-vetro-di-lino-ricamate-passamaneria-con-asole-768x576.jpg 768w, https:\/\/www.marinigerardi.it\/shop\/wp-content\/uploads\/2022\/02\/tende-a-vetro-di-lino-ricamate-passamaneria-con-asole.jpg 1024w\" data-image-id=\"2\"><\/div>\n\t\t\t\t\t<\/div>\n\n\t\t\n\t\t\t\t\t\t\t<div class=\"wd-product-grid-slider-pagin\">\n\t\t\t\t\t\t\t<div data-image-id=\"0\" class=\"wd-product-grid-slider-dot\"><\/div>\n\t\t\t\t\t\t\t<div data-image-id=\"1\" class=\"wd-product-grid-slider-dot\"><\/div>\n\t\t\t\t\t\t\t<div data-image-id=\"2\" class=\"wd-product-grid-slider-dot\"><\/div>\n\t\t\t\t\t<\/div>\n\t\t\t\t\t\t<img decoding=\"async\" width=\"250\" height=\"188\" src=\"https:\/\/www.marinigerardi.it\/shop\/wp-content\/uploads\/2022\/02\/tende-a-vetro-di-lino-ricamate-per-interni-di-lusso-250x188.jpg\" class=\"attachment-woocommerce_thumbnail size-woocommerce_thumbnail\" alt=\"tende a vetro di lino ricamate per interni di lusso - Marini &amp; Gerardi\" srcset=\"https:\/\/www.marinigerardi.it\/shop\/wp-content\/uploads\/2022\/02\/tende-a-vetro-di-lino-ricamate-per-interni-di-lusso-250x188.jpg 250w, https:\/\/www.marinigerardi.it\/shop\/wp-content\/uploads\/2022\/02\/tende-a-vetro-di-lino-ricamate-per-interni-di-lusso-600x450.jpg 600w, https:\/\/www.marinigerardi.it\/shop\/wp-content\/uploads\/2022\/02\/tende-a-vetro-di-lino-ricamate-per-interni-di-lusso-300x225.jpg.avif 300w, https:\/\/www.marinigerardi.it\/shop\/wp-content\/uploads\/2022\/02\/tende-a-vetro-di-lino-ricamate-per-interni-di-lusso-768x576.jpg.avif 768w, https:\/\/www.marinigerardi.it\/shop\/wp-content\/uploads\/2022\/02\/tende-a-vetro-di-lino-ricamate-per-interni-di-lusso.jpg.webp 1024w\" sizes=\"(max-width: 250px) 100vw, 250px\" \/>\t\t<\/a>\n\n\t\t\t\t\t<div class=\"product-labels labels-rectangular\">\n\t\t\t\t<span class=\"new product-label wd-shape-rect-sm\">Nuovo<\/span>\t\t\t<\/div>\n\t\t\t\n\t\t<div class=\"wd-buttons wd-pos-r-t\">\n\t\t\t\t\t\t\t\t\t\t\t\t\t\t<\/div>\n\t<\/div>\n\n\t\t<div class=\"product-element-bottom\">\n\t\n\t\n\t<h3 class=\"wd-entities-title\"><a href=\"https:\/\/www.marinigerardi.it\/shop\/prodotto\/cannole-mini-tende-a-vetro-di-lusso-per-interni\/\">CANNOLE (mini) &#8211; Tende a Vetro di Lusso Per Interni<\/a><\/h3>\n\t\t\t\t\t\t<p class=\"wd-product-stock stock wd-style-default in-stock\">Disponibile<\/p>\n\t\t\n\t\n\t<span class=\"price\">88,00&nbsp;&euro;<\/span>\n\n\t<div class=\"wd-add-btn wd-add-btn-replace\">\n\t\t\n\t\t<a href=\"https:\/\/www.marinigerardi.it\/shop\/prodotto\/cannole-mini-tende-a-vetro-di-lusso-per-interni\/\" class=\"button product_type_simple add-to-cart-loop mg-detail-btn\"><span class=\"wd-action-icon\"><span class=\"wd-check-icon\"><\/span><\/span><span class=\"wd-action-text\">Vedi dettagli<\/span><\/a>\t<\/div>\n\n\t\n\t\n\t\t\t<\/div>\n\t<\/div>\n<\/div>\n<\/div>\n<\/div><\/div>[\/vc_column][\/vc_row][vc_row][vc_column][vc_column_text css=&#8221;&#8221; woodmart_inline=&#8221;no&#8221; text_larger=&#8221;no&#8221;]<\/p>\n<h3>Sartoria Italiana: La Cura dei Dettagli<\/h3>\n<p>Non si tratta di un prodotto industriale, ma di un autentico <strong>capolavoro sartoriale<\/strong>. Ogni tendina vetro \u00e8 cucita con attenzione meticolosa, rifinita a mano per garantire precisione, durata e una bellezza senza tempo. La manifattura italiana si riflette in ogni dettaglio: cuciture pulite, linee armoniose, vestibilit\u00e0 perfetta su ogni tipologia di vetro.<\/p>\n<h3>Design Funzionale e Stile Contemporaneo<\/h3>\n<p>Le nostre <a href=\"https:\/\/www.tendeavetro.com\/\" rel=\"nofollow noopener\" target=\"_blank\">tendine vetro<\/a> sono pensate per adattarsi facilmente a qualsiasi finestra o portafinestra. Si installano con semplicit\u00e0 e offrono un controllo della luce naturale preciso e modulabile. Perfette per chi desidera <strong data-start=\"1828\" data-end=\"1872\">privacy senza rinunciare alla luminosit\u00e0<\/strong>, queste tendine interpretano in chiave moderna l\u2019eleganza classica del lino, diventando un elemento d\u2019arredo che unisce estetica e funzionalit\u00e0.[\/vc_column_text][\/vc_column][\/vc_row][vc_row css=&#8221;.vc_custom_1749302212585{background-color: #F3F3F3 !important;}&#8221; woodmart_css_id=&#8221;68443bb736a73&#8243; responsive_spacing=&#8221;eyJwYXJhbV90eXBlIjoid29vZG1hcnRfcmVzcG9uc2l2ZV9zcGFjaW5nIiwic2VsZWN0b3JfaWQiOiI2ODQ0M2JiNzM2YTczIiwic2hvcnRjb2RlIjoidmNfcm93IiwiZGF0YSI6eyJ0YWJsZXQiOnt9LCJtb2JpbGUiOnt9fX0=&#8221; mobile_bg_img_hidden=&#8221;no&#8221; tablet_bg_img_hidden=&#8221;no&#8221; woodmart_parallax=&#8221;0&#8243; woodmart_gradient_switch=&#8221;no&#8221; woodmart_box_shadow=&#8221;no&#8221; wd_z_index=&#8221;no&#8221; woodmart_disable_overflow=&#8221;0&#8243; row_reverse_mobile=&#8221;0&#8243; row_reverse_tablet=&#8221;0&#8243;][vc_column][vc_single_image image=&#8221;83280&#8243; img_size=&#8221;large&#8221; add_caption=&#8221;yes&#8221; alignment=&#8221;center&#8221; css=&#8221;&#8221; parallax_scroll=&#8221;no&#8221; woodmart_inline=&#8221;no&#8221;][\/vc_column][\/vc_row][vc_row][vc_column][vc_column_text css=&#8221;&#8221; woodmart_inline=&#8221;no&#8221; text_larger=&#8221;no&#8221;]<\/p>\n<h3>TENDINA VETRO un Tocco di Lusso Quotidiano<\/h3>\n<p>Scegliere una <strong>tendina vetro in lino pregiato<\/strong> significa portare nella propria casa un pezzo di autentico design italiano. \u00c8 un gesto di stile, un investimento che dura nel tempo e che racconta un modo di vivere la casa fatto di bellezza, semplicit\u00e0 e cura per i materiali. Ideali per ambienti dallo spirito naturale o dallo stile minimal-chic, si inseriscono con discrezione ma con carattere, elevando l\u2019atmosfera della stanza.<\/p>\n<h3>La Tua Casa, la Tua Luce<\/h3>\n<p>Con la nostra collezione di tendine sartoriali in lino, la luce entra in casa in modo nuovo: pi\u00f9 morbida, pi\u00f9 calda, pi\u00f9 tua. Ogni tendina vetro \u00e8 pensata per offrirti <strong data-start=\"2683\" data-end=\"2724\">un\u2019esperienza di benessere quotidiano<\/strong>, dove ogni dettaglio parla la lingua dell\u2019artigianato italiano.[\/vc_column_text][\/vc_column][\/vc_row][vc_row css=&#8221;.vc_custom_1749302212585{background-color: #F3F3F3 !important;}&#8221; woodmart_css_id=&#8221;68443bb736a73&#8243; responsive_spacing=&#8221;eyJwYXJhbV90eXBlIjoid29vZG1hcnRfcmVzcG9uc2l2ZV9zcGFjaW5nIiwic2VsZWN0b3JfaWQiOiI2ODQ0M2JiNzM2YTczIiwic2hvcnRjb2RlIjoidmNfcm93IiwiZGF0YSI6eyJ0YWJsZXQiOnt9LCJtb2JpbGUiOnt9fX0=&#8221; mobile_bg_img_hidden=&#8221;no&#8221; tablet_bg_img_hidden=&#8221;no&#8221; woodmart_parallax=&#8221;0&#8243; woodmart_gradient_switch=&#8221;no&#8221; woodmart_box_shadow=&#8221;no&#8221; wd_z_index=&#8221;no&#8221; woodmart_disable_overflow=&#8221;0&#8243; row_reverse_mobile=&#8221;0&#8243; row_reverse_tablet=&#8221;0&#8243;][vc_column][vc_single_image image=&#8221;83281&#8243; img_size=&#8221;large&#8221; add_caption=&#8221;yes&#8221; alignment=&#8221;center&#8221; css=&#8221;&#8221; parallax_scroll=&#8221;no&#8221; woodmart_inline=&#8221;no&#8221;][\/vc_column][\/vc_row][vc_row][vc_column][vc_message message_box_color=&#8221;chino&#8221; css=&#8221;&#8221;]<strong>Scopri oggi la collezione e lasciati ispirare dalla luce che arreda. La tua casa merita l\u2019eccellenza del lino, firmata Marini &amp; Gerardi.<\/strong>[\/vc_message][\/vc_column][\/vc_row]<\/p>\n<\/div>","protected":false},"excerpt":{"rendered":"<p>[vc_row css=&#8221;.vc_custom_1749298127619{background-color: #EEEE22 !important;}&#8221; woodmart_css_id=&#8221;68442bc38da8b&#8221; responsive_spacing=&#8221;eyJwYXJhbV90eXBlIjoid29vZG1hcnRfcmVzcG9uc2l2ZV9zcGFjaW5nIiwic2VsZWN0b3JfaWQiOiI2ODQ0MmJjMzhkYThiIiwic2hvcnRjb2RlIjoidmNfcm93IiwiZGF0YSI6eyJ0YWJsZXQiOnt9LCJtb2JpbGUiOnt9fX0=&#8221; mobile_bg_img_hidden=&#8221;no&#8221; tablet_bg_img_hidden=&#8221;no&#8221; woodmart_parallax=&#8221;0&#8243; woodmart_gradient_switch=&#8221;no&#8221; woodmart_box_shadow=&#8221;no&#8221; wd_z_index=&#8221;no&#8221; woodmart_disable_overflow=&#8221;0&#8243; row_reverse_mobile=&#8221;0&#8243; row_reverse_tablet=&#8221;0&#8243;][vc_column][\/vc_column][\/vc_row][vc_row][vc_column][\/vc_column][\/vc_row][vc_row css=&#8221;.vc_custom_1749300095550{background-color: #F3F3F3 !important;}&#8221; woodmart_css_id=&#8221;684433723fdb3&#8243; responsive_spacing=&#8221;eyJwYXJhbV90eXBlIjoid29vZG1hcnRfcmVzcG9uc2l2ZV9zcGFjaW5nIiwic2VsZWN0b3JfaWQiOiI2ODQ0MzM3MjNmZGIzIiwic2hvcnRjb2RlIjoidmNfcm93IiwiZGF0YSI6eyJ0YWJsZXQiOnt9LCJtb2JpbGUiOnt9fX0=&#8221;<\/p>\n","protected":false},"author":1,"featured_media":83273,"comment_status":"closed","ping_status":"closed","sticky":false,"template":"","format":"standard","meta":{"footnotes":""},"categories":[2264],"tags":[2288,2706,2380,2705],"class_list":["post-83265","post","type-post","status-publish","format-standard","has-post-thumbnail","category-arredamento","tag-tende","tag-tende-a-vetro","tag-tende-a-vetro-moderne","tag-vetrage"],"_links":{"self":[{"href":"https:\/\/www.marinigerardi.it\/shop\/wp-json\/wp\/v2\/posts\/83265","targetHints":{"allow":["GET"]}}],"collection":[{"href":"https:\/\/www.marinigerardi.it\/shop\/wp-json\/wp\/v2\/posts"}],"about":[{"href":"https:\/\/www.marinigerardi.it\/shop\/wp-json\/wp\/v2\/types\/post"}],"author":[{"embeddable":true,"href":"https:\/\/www.marinigerardi.it\/shop\/wp-json\/wp\/v2\/users\/1"}],"replies":[{"embeddable":true,"href":"https:\/\/www.marinigerardi.it\/shop\/wp-json\/wp\/v2\/comments?post=83265"}],"version-history":[{"count":0,"href":"https:\/\/www.marinigerardi.it\/shop\/wp-json\/wp\/v2\/posts\/83265\/revisions"}],"wp:featuredmedia":[{"embeddable":true,"href":"https:\/\/www.marinigerardi.it\/shop\/wp-json\/wp\/v2\/media\/83273"}],"wp:attachment":[{"href":"https:\/\/www.marinigerardi.it\/shop\/wp-json\/wp\/v2\/media?parent=83265"}],"wp:term":[{"taxonomy":"category","embeddable":true,"href":"https:\/\/www.marinigerardi.it\/shop\/wp-json\/wp\/v2\/categories?post=83265"},{"taxonomy":"post_tag","embeddable":true,"href":"https:\/\/www.marinigerardi.it\/shop\/wp-json\/wp\/v2\/tags?post=83265"}],"curies":[{"name":"wp","href":"https:\/\/api.w.org\/{rel}","templated":true}]}}