{"id":81579,"date":"2025-05-07T08:55:07","date_gmt":"2025-05-07T08:55:07","guid":{"rendered":"https:\/\/www.marinigerardi.it\/shop\/?p=81579"},"modified":"2025-10-15T21:05:45","modified_gmt":"2025-10-15T21:05:45","slug":"world-press-photo-awards-2025","status":"publish","type":"post","link":"https:\/\/www.marinigerardi.it\/shop\/world-press-photo-awards-2025\/","title":{"rendered":"Roma World Press Photo Awards 2025 Fino al 8 Giugno"},"content":{"rendered":"<div class=\"wpb-content-wrapper\" id=\"wpb-content-root\"><p>[vc_row css=&#8221;.vc_custom_1746607921967{background-color: #EEEE22 !important;}&#8221; woodmart_css_id=&#8221;681b1f1c8c808&#8243; responsive_spacing=&#8221;eyJwYXJhbV90eXBlIjoid29vZG1hcnRfcmVzcG9uc2l2ZV9zcGFjaW5nIiwic2VsZWN0b3JfaWQiOiI2ODFiMWYxYzhjODA4Iiwic2hvcnRjb2RlIjoidmNfcm93IiwiZGF0YSI6eyJ0YWJsZXQiOnt9LCJtb2JpbGUiOnt9fX0=&#8221; mobile_bg_img_hidden=&#8221;no&#8221; tablet_bg_img_hidden=&#8221;no&#8221; woodmart_parallax=&#8221;0&#8243; woodmart_gradient_switch=&#8221;no&#8221; woodmart_box_shadow=&#8221;no&#8221; wd_z_index=&#8221;no&#8221; woodmart_disable_overflow=&#8221;0&#8243; row_reverse_mobile=&#8221;0&#8243; row_reverse_tablet=&#8221;0&#8243;][vc_column]\n\t\t<div id=\"wd-681b0fc3ce02f\" class=\"title-wrapper wd-wpb wd-set-mb reset-last-child  wd-rs-681b0fc3ce02f wd-title-color-default wd-title-style-default text-center  wd-underline-colored\">\n\t\t\t\n\t\t\t<div class=\"liner-continer\">\n\t\t\t\t<h2 class=\"woodmart-title-container title  wd-font-weight-600 wd-fontsize-l\" >Roma 2025: L'Obiettivo sul Mondo<br \/>\nI World Press Photo Awards Incantano il Palazzo delle Esposizioni<br \/>\n(Aperta Fino al 8 Giugno 2025)<\/h2>\n\t\t\t\t\t\t\t<\/div>\n\t\t\t\n\t\t\t\n\t\t\t\n\t\t<\/div>\n\t\t\n\t\t[\/vc_column][\/vc_row][vc_row][vc_column][vc_column_text css=&#8221;&#8221; woodmart_inline=&#8221;no&#8221; text_larger=&#8221;no&#8221;]<strong><span style=\"color: #800000;\">Il Palazzo delle Esposizioni di Roma \u00e8 il fulcro del fotogiornalismo mondiale, ospitando fino all&#8217;8 Giugno 2025 l&#8217;edizione 2025 dei<a href=\"https:\/\/www.marinigerardi.it\/shop\/world-press-photo-awards-2025\/\"> World Press Photo Awards<\/a>. Un&#8217;immersione imperdibile nelle storie pi\u00f9 potenti e negli sguardi indimenticabili che definiscono il nostro tempo.<\/span><br \/>\n<\/strong><br \/>\nRoma si trasforma in un palcoscenico globale per celebrare il coraggio, l&#8217;abilit\u00e0 e l&#8217;impatto del fotogiornalismo contemporaneo. L&#8217;edizione 2025 dei World Press Photo Awards ha aperto i battenti, presentando una selezione di scatti che spaziano dai conflitti alle gioie, dalle crisi ambientali alle storie di resilienza umana, catturando l&#8217;essenza delle narrazioni visive che plasmano la nostra comprensione del mondo.<\/p>\n<p><span style=\"color: #800000;\"><strong>Un Trionfo di Sguardi e di Verit\u00e0: Samar Abu Elouf Vince il World Press Photo of the Year<\/strong><\/span><br \/>\nL&#8217;edizione 2025 ha gi\u00e0 consegnato il suo verdetto pi\u00f9 atteso: il <strong>World Press Photo of the Year<\/strong> \u00e8 stato assegnato alla fotografa palestinese <strong>Samar Abu Elouf<\/strong> per il suo potente scatto realizzato per il <em>New York Times<\/em>. L&#8217;immagine, di una silenziosa ma assordante intensit\u00e0, ritrae <strong>Mahmoud Ajjour<\/strong>, un ragazzo gravemente ferito a seguito di un attacco israeliano a Gaza.<br \/>\nLa giuria ha cos\u00ec commentato la fotografia vincitrice: <em>&#8220;Questa \u00e8 una foto silenziosa che parla con forza. Offre uno sguardo sulla sofferenza e sulla perdita, ma allo stesso tempo afferma la dignit\u00e0 e la resilienza dello spirito umano.&#8221;<\/em> Lo scatto di Abu Elouf non \u00e8 solo una testimonianza di un tragico evento, ma un monito universale sulla fragilit\u00e0 della vita e sull&#8217;indomabile forza interiore di fronte all&#8217;avversit\u00e0.<\/p>\n<p><span style=\"color: #800000;\"><strong>Un Palcoscenico di Talenti Internazionali e Storie Cruciali:<\/strong><\/span><br \/>\nAccanto al riconoscimento di Samar Abu Elouf, la mostra ospita il lavoro di numerosi altri fotografi provenienti da ogni angolo del globo. Le loro immagini documentano con coraggio e sensibilit\u00e0 le sfide ambientali che minacciano il nostro pianeta, i conflitti geopolitici che insanguinano intere regioni, le migrazioni di massa che ridisegnano i confini e le toccanti storie di resilienza umana che emergono anche nei contesti pi\u00f9 difficili.<br \/>\nTra i partecipanti e i vincitori di quest&#8217;anno, ritroviamo sia nomi affermati del fotogiornalismo internazionale che nuove voci che portano con s\u00e9 prospettive fresche e linguaggi visivi innovativi. Le loro opere ci invitano a riflettere sulle complessit\u00e0 del mondo contemporaneo e sull&#8217;importanza di uno sguardo attento e consapevole.[\/vc_column_text][\/vc_column][\/vc_row][vc_row][vc_column][vc_single_image image=&#8221;81589&#8243; img_size=&#8221;large&#8221; alignment=&#8221;center&#8221; onclick=&#8221;link_image&#8221; css=&#8221;&#8221; parallax_scroll=&#8221;no&#8221; woodmart_inline=&#8221;no&#8221;][\/vc_column][\/vc_row][vc_row][vc_column]\t\t<div id=\"wd-681bd637804d0\" class=\"wd-text-block wd-wpb reset-last-child wd-rs-681bd637804d0 text-left \">\n\t\t\t<h3><span style=\"color: #993300;\"><strong>World Press Photo Africa<\/strong><\/span><\/h3>\n<p><strong>Singles<\/strong>:<\/p>\n<ul>\n<li><em>Tamale Safalu<\/em> di Marijn Fidder (Paesi Bassi)<\/li>\n<li><em>Life Won\u2019t Stop<\/em> di Mosab Abushama (Sudan)<\/li>\n<li><em>Mother Moves, House Approves<\/em> di Temiloluwa Johnson (Nigeria)<\/li>\n<\/ul>\n<p><strong>Stories<\/strong>:<\/p>\n<ul>\n<li><em>The Lake Has Fallen Silent<\/em> di Aubin Mukoni (Repubblica Democratica del Congo)<\/li>\n<li><em>Kenya\u2019s Youth Uprising<\/em> di Luis Tato (Spagna, Agence France-Presse)<\/li>\n<li><em>The Elephant Whisperers of Livingstone<\/em> di Tommy Trenchard (Regno Unito, Panos Pictures, per NPR)<\/li>\n<\/ul>\n<p><strong>Long-Term Project<\/strong>:<\/p>\n<ul>\n<li><em>Women\u2019s Bodies as Battlefields<\/em> di Cinzia Canneri (Italia, Association Camille Lepage)<\/li>\n<\/ul>\n<h3><span style=\"color: #993300;\"><strong>World Press Photo Asia-Pacifico e Oceania<\/strong><\/span><\/h3>\n<p><strong>Singles<\/strong>:<\/p>\n<ul>\n<li><em>Korea Adoption Fraud<\/em> di Jae C. Hong (Corea del Sud, Associated Press)<\/li>\n<li><em>Gabriel Medina During the Paris 2024 Olympic Games<\/em> di Jerome Brouillet (Francia, Agence France-Presse)<\/li>\n<li><em>The Impact of Nickel Mining on Halmehera Island<\/em> di Mas Agung Wilis Yudha Baskoro (Indonesia, per China Global South Project)<\/li>\n<\/ul>\n<p><strong>Stories<\/strong>:<\/p>\n<ul>\n<li><em>No More Monkey Mania in Thai Town<\/em> di Chalinee Thirasupa (Thailandia, Reuters)<\/li>\n<li><em>Four Storms, 12 Days<\/em> di Noel Celis (Filippine, Associated Press)<\/li>\n<li><em>A Nation In Conflict<\/em> di Ye Aung Thu (Myanmar)<\/li>\n<\/ul>\n<p><strong>Long-Term Project<\/strong>:<\/p>\n<ul>\n<li><em>Te Urewera \u2013 The Living Ancestor of T\u016bhoe People<\/em> di Tatsiana Chypsanava (Bielorussia, Pulitzer Center, New Zealand Geographic)<\/li>\n<\/ul>\n<h3><span style=\"color: #993300;\"><strong>World Press Photo Europa<\/strong><\/span><\/h3>\n<p><strong>Singles<\/strong>:<\/p>\n<ul>\n<li><em>Beyond the Trenches<\/em> di Florian Bachmeier (Germania)<\/li>\n<li><em data-start=\"1857\" data-end=\"1885\">Underground Field Hospital<\/em> di Nanna Heitmann (Germania, Magnum Photos)<\/li>\n<li><em>Mika<\/em> di Prins de Vos (Paesi Bassi, Queer Gallery)<\/li>\n<\/ul>\n<p><strong>Stories<\/strong>:<\/p>\n<ul>\n<li><em>MARIA<\/em> di Maria Abranches (Portogallo)<\/li>\n<li><em>Protests in Georgia<\/em> di Mikhail Tereshchenko (Russia, TASS Agency)<\/li>\n<li><em>Democracy Dies in Darkness<\/em> di Rafael Heygster (Germania, per Der Spiegel)&lt;<\/li>\n<\/ul>\n<p><strong>Long-Term Project<\/strong>:<\/p>\n<ul>\n<li><em>It Smells of Smoke at Home<\/em> di Aliona Kardash (Russia\/Germania, DOCKS Collective, per Stern Magazine)<\/li>\n<\/ul>\n<h3><span style=\"color: #993300;\"><strong>World Press Photo Nord e Centro America<\/strong><\/span><\/h3>\n<p><strong>Singles<\/strong>:<\/p>\n<ul>\n<li><em>Attempted Assassination of Donald Trump<\/em> di Jabin Botsford (Stati Uniti, The Washington Post)<\/li>\n<li><em>Night Crossing<\/em> di John Moore (Stati Uniti, Getty Images)<\/li>\n<li><em>Constance Wynn II, Wilkes-Barre, Pennsylvania, 2025<\/em> di Philip Montgomery (Stati Uniti, The New York Times Magazine)<\/li>\n<\/ul>\n<p><strong>Stories<\/strong>:<\/p>\n<ul>\n<li><em>A Place to Die<\/em> di Oliver Farshi (Regno Unito)<\/li>\n<li><em>A Town Derailed<\/em> di Rebecca Kiger (Stati Uniti, Center for Contemporary Documentation, TIME)<\/li>\n<li><em>Crisis in Haiti<\/em> di Clarens Siffroy (Haiti, Agence France-Presse)<\/li>\n<\/ul>\n<p><strong>Long-Term Project<\/strong>:<\/p>\n<ul>\n<li><em>Life and Death in a Country Without Constitutional Rights<\/em> di Carlos Barrera (El Salvador, El Faro, NPR)<\/li>\n<\/ul>\n<h3><span style=\"color: #993300;\"><strong>World Press Photo Sud America<\/strong><\/span><\/h3>\n<p><strong>Singles<\/strong>:<\/p>\n<ul>\n<li><em>Botafogo Fans: Pride and Glory<\/em> di Andr\u00e9 Coelho (Brasile, EFE)<\/li>\n<li><em>Aircraft on Flooded Tarmac<\/em> di Anselmo Cunha (Brasile, Agence France-Presse)<\/li>\n<li><em>The Last Hope<\/em> di Gabriela Or\u00e1a (Venezuela, Reuters)<\/li>\n<\/ul>\n<p><strong>Stories<\/strong>:<\/p>\n<ul>\n<li><em>Brazil\u2019s Worst-Ever Floods<\/em> di Amanda M. Perobelli (Brasile, Reuters)<\/li>\n<li><em>Droughts in the Amazon<\/em> di Musuk Nolte (Per\u00f9\/Messico, Panos Pictures, Bertha Foundation)<\/li>\n<li><em>Jaid\u00eb<\/em> di Santiago Mesa (Colombia)<\/li>\n<\/ul>\n<p><strong>Long-Term Project<\/strong>:<\/p>\n<ul>\n<li><em>Paths of Desperate Hope<\/em> di Frederico R\u00edos (Colombia)<\/li>\n<\/ul>\n<h3><span style=\"color: #993300;\"><strong>World Press Photo Asia Occidentale, Centrale e Meridionale<\/strong><\/span><\/h3>\n<p><strong>Singles<\/strong>:<\/p>\n<ul>\n<li><em>Drone Attacks in Beirut<\/em> di Murat \u015eeng\u00fcl (Turchia, Anadolu Agency)<\/li>\n<li><em>Mahmoud Ajjour, Aged Nine<\/em> di Samar Abu Elouf (Palestina, per The New York Times)<\/li>\n<li><em>The Canvas of Power<\/em> di Suvra Kanti Das (Bangladesh, per The Daily Prothom Alo)<\/li>\n<\/ul>\n<p><strong>Stories<\/strong>:<\/p>\n<ul>\n<li><em>Gaza Under Israeli Attack<\/em> di Ali Jadallah (Palestina, Anadolu Agency)<\/li>\n<li><em>No Woman\u2019s Land<\/em> di Kiana Hayeri (Iran\/Canada, Fondation Carmignac)<\/li>\n<li><em>The Shadows Already Have Names<\/em> di Samuel Nacar (Spagna, per Revista 5W)<\/li>\n<\/ul>\n<p><strong>Long-Term Project<\/strong>:<\/p>\n<ul>\n<li><em>Bullets Have No Borders<\/em> di Ebrahim Alipoor (Iran)<\/li>\n<\/ul>\n\t\t<\/div>\n\t\t[\/vc_column][\/vc_row][vc_row][vc_column][vc_single_image image=&#8221;81596&#8243; img_size=&#8221;large&#8221; add_caption=&#8221;yes&#8221; alignment=&#8221;center&#8221; onclick=&#8221;link_image&#8221; css=&#8221;&#8221; parallax_scroll=&#8221;no&#8221; woodmart_inline=&#8221;no&#8221;][\/vc_column][\/vc_row][vc_row][vc_column width=&#8221;1\/2&#8243;][vc_single_image image=&#8221;81593&#8243; img_size=&#8221;large&#8221; add_caption=&#8221;yes&#8221; alignment=&#8221;center&#8221; onclick=&#8221;link_image&#8221; css=&#8221;&#8221; parallax_scroll=&#8221;no&#8221; woodmart_inline=&#8221;no&#8221;][\/vc_column][vc_column width=&#8221;1\/2&#8243;][vc_single_image image=&#8221;81677&#8243; img_size=&#8221;large&#8221; add_caption=&#8221;yes&#8221; alignment=&#8221;center&#8221; onclick=&#8221;link_image&#8221; css=&#8221;&#8221; parallax_scroll=&#8221;no&#8221; woodmart_inline=&#8221;no&#8221;][\/vc_column][\/vc_row][vc_row][vc_column width=&#8221;1\/2&#8243;][vc_single_image image=&#8221;81670&#8243; img_size=&#8221;large&#8221; add_caption=&#8221;yes&#8221; alignment=&#8221;center&#8221; onclick=&#8221;link_image&#8221; css=&#8221;&#8221; parallax_scroll=&#8221;no&#8221; woodmart_inline=&#8221;no&#8221;][\/vc_column][vc_column width=&#8221;1\/2&#8243;][vc_single_image image=&#8221;81673&#8243; img_size=&#8221;large&#8221; add_caption=&#8221;yes&#8221; alignment=&#8221;center&#8221; onclick=&#8221;link_image&#8221; css=&#8221;&#8221; parallax_scroll=&#8221;no&#8221; woodmart_inline=&#8221;no&#8221;][\/vc_column][\/vc_row][vc_row][vc_column][vc_column_text css=&#8221;&#8221; woodmart_inline=&#8221;no&#8221; text_larger=&#8221;no&#8221;]<\/p>\n<h3><strong>World Press Photo Awards 2025<\/strong><\/h3>\n<p><span style=\"color: #800000;\"><strong>Dietro l&#8217;Obiettivo: Maestria Tecnica ed Etica Responsabile<\/strong><\/span><br \/>\nLe fotografie esposte al World Press Photo non sono solo documenti di eventi, ma anche esempi di straordinaria maestria tecnica e di profonda responsabilit\u00e0 etica. I fotogiornalisti si confrontano quotidianamente con la necessit\u00e0 di rappresentare la realt\u00e0 in modo accurato e rispettoso, evitando ogni forma di sensazionalismo e privilegiando la verit\u00e0 come bussola del loro lavoro.<br \/>\nMolti degli scatti che possiamo ammirare a Roma sono il frutto di un&#8217;immersione profonda nelle storie, di una paziente costruzione di fiducia con i soggetti e di una comprensione sensibile del contesto in cui si svolgono gli eventi. La scelta precisa dell&#8217;inquadratura, la sapiente gestione della luce, la cattura del momento decisivo: ogni dettaglio concorre a creare un&#8217;immagine che non solo informa, ma che spesso commuove nel profondo e innesca una riflessione duratura.<\/p>\n<p><span style=\"color: #800000;\"><strong>Curiosit\u00e0 dal Mondo della Fotografia:<\/strong><\/span><\/p>\n<ul>\n<li><strong>Il potere di un singolo scatto:<\/strong> La vittoria di Samar Abu Elouf dimostra ancora una volta come una singola immagine possa trascendere i confini linguistici e culturali, comunicando un messaggio universale di dolore, ma anche di forza.<\/li>\n<li><strong>L&#8217;evoluzione narrativa:<\/strong> Il fotogiornalismo continua a evolversi, sperimentando nuove forme di narrazione visiva e integrando sempre pi\u00f9 spesso elementi multimediali per offrire al pubblico una comprensione pi\u00f9 completa e immersiva delle storie.<\/li>\n<li><strong>Il dibattito sull&#8217;intelligenza artificiale:<\/strong> Anche nel mondo della fotografia, l&#8217;avvento dell&#8217;intelligenza artificiale sta aprendo nuove sfide e opportunit\u00e0, con un acceso dibattito sul suo potenziale impatto sull&#8217;autenticit\u00e0 e sull&#8217;etica del fotogiornalismo. I World Press Photo Awards rimangono un baluardo nella difesa dell&#8217;integrit\u00e0 delle immagini reali.<\/li>\n<\/ul>\n<p><span style=\"color: #800000;\"><strong>Visitare la Mostra: Un&#8217;Esperienza Indimenticabile:<\/strong><\/span><br \/>\nAvete ancora tempo fino all&#8217;<strong>8 Giugno 2025<\/strong> per immergervi tra le potenti fotografie esposte al Palazzo delle Esposizioni. Ogni scatto \u00e8 un invito a testimoniare, a comprendere, a empatizzare. Preparatevi a un&#8217;esperienza intensa e profondamente formativa.<br \/>\n<strong>Informazioni Utili per la Visita:<\/strong><\/p>\n<ul>\n<li><strong>Sede:<\/strong> <span style=\"color: #3366ff;\"><a style=\"color: #3366ff;\" href=\"https:\/\/www.palazzoesposizioniroma.it\/mostra\/world-press-photo-exhibition-2025\" rel=\"nofollow noopener\" target=\"_blank\">Palazzo delle Esposizioni, Roma<\/a><\/span><\/li>\n<li><strong>Date:<\/strong> Fino all&#8217;<strong>8 Giugno 2025<\/strong><\/li>\n<li><strong>Sito Web Ufficiale:<\/strong> <span style=\"color: #3366ff;\"><a style=\"color: #3366ff;\" href=\"https:\/\/www.worldpressphoto.org\/\" rel=\"nofollow noopener\" target=\"_blank\">www.worldpressphoto.org<\/a><\/span><\/li>\n<\/ul>\n<p>Non perdete questa straordinaria opportunit\u00e0 di connettervi con le narrazioni visive pi\u00f9 significative del nostro tempo nel cuore di Roma.[\/vc_column_text][\/vc_column][\/vc_row][vc_row][vc_column][vc_message message_box_color=&#8221;violet&#8221; css=&#8221;&#8221;]<strong>Ogni trattamento di dati personali avviene nel rispetto dei principi fissati all\u2019articolo 5 del Regolamento (UE) 2016\/679,<\/strong>[\/vc_message][\/vc_column][\/vc_row]<\/p>\n<\/div>","protected":false},"excerpt":{"rendered":"<p>[vc_row css=&#8221;.vc_custom_1746607921967{background-color: #EEEE22 !important;}&#8221; woodmart_css_id=&#8221;681b1f1c8c808&#8243; responsive_spacing=&#8221;eyJwYXJhbV90eXBlIjoid29vZG1hcnRfcmVzcG9uc2l2ZV9zcGFjaW5nIiwic2VsZWN0b3JfaWQiOiI2ODFiMWYxYzhjODA4Iiwic2hvcnRjb2RlIjoidmNfcm93IiwiZGF0YSI6eyJ0YWJsZXQiOnt9LCJtb2JpbGUiOnt9fX0=&#8221; mobile_bg_img_hidden=&#8221;no&#8221; tablet_bg_img_hidden=&#8221;no&#8221; woodmart_parallax=&#8221;0&#8243; woodmart_gradient_switch=&#8221;no&#8221; woodmart_box_shadow=&#8221;no&#8221; wd_z_index=&#8221;no&#8221; woodmart_disable_overflow=&#8221;0&#8243; row_reverse_mobile=&#8221;0&#8243; row_reverse_tablet=&#8221;0&#8243;][vc_column][\/vc_column][\/vc_row][vc_row][vc_column][vc_column_text css=&#8221;&#8221; woodmart_inline=&#8221;no&#8221; text_larger=&#8221;no&#8221;]Il Palazzo delle<\/p>\n","protected":false},"author":1,"featured_media":81597,"comment_status":"closed","ping_status":"closed","sticky":false,"template":"","format":"standard","meta":{"footnotes":""},"categories":[2044,2261],"tags":[3849],"class_list":["post-81579","post","type-post","status-publish","format-standard","has-post-thumbnail","category-eventi","category-fotografia","tag-fotografia"],"_links":{"self":[{"href":"https:\/\/www.marinigerardi.it\/shop\/wp-json\/wp\/v2\/posts\/81579","targetHints":{"allow":["GET"]}}],"collection":[{"href":"https:\/\/www.marinigerardi.it\/shop\/wp-json\/wp\/v2\/posts"}],"about":[{"href":"https:\/\/www.marinigerardi.it\/shop\/wp-json\/wp\/v2\/types\/post"}],"author":[{"embeddable":true,"href":"https:\/\/www.marinigerardi.it\/shop\/wp-json\/wp\/v2\/users\/1"}],"replies":[{"embeddable":true,"href":"https:\/\/www.marinigerardi.it\/shop\/wp-json\/wp\/v2\/comments?post=81579"}],"version-history":[{"count":0,"href":"https:\/\/www.marinigerardi.it\/shop\/wp-json\/wp\/v2\/posts\/81579\/revisions"}],"wp:featuredmedia":[{"embeddable":true,"href":"https:\/\/www.marinigerardi.it\/shop\/wp-json\/wp\/v2\/media\/81597"}],"wp:attachment":[{"href":"https:\/\/www.marinigerardi.it\/shop\/wp-json\/wp\/v2\/media?parent=81579"}],"wp:term":[{"taxonomy":"category","embeddable":true,"href":"https:\/\/www.marinigerardi.it\/shop\/wp-json\/wp\/v2\/categories?post=81579"},{"taxonomy":"post_tag","embeddable":true,"href":"https:\/\/www.marinigerardi.it\/shop\/wp-json\/wp\/v2\/tags?post=81579"}],"curies":[{"name":"wp","href":"https:\/\/api.w.org\/{rel}","templated":true}]}}