{"id":72834,"date":"2025-02-07T16:28:19","date_gmt":"2025-02-07T16:28:19","guid":{"rendered":"https:\/\/www.marinigerardi.it\/shop\/?p=72834"},"modified":"2025-04-11T15:03:54","modified_gmt":"2025-04-11T15:03:54","slug":"gian-paolo-barbieri-biografia-fotografia-di-moda","status":"publish","type":"post","link":"https:\/\/www.marinigerardi.it\/shop\/gian-paolo-barbieri-biografia-fotografia-di-moda\/","title":{"rendered":"Gian Paolo Barbieri Biografia Stile e Segreti del Maestro della Fotografia di Moda"},"content":{"rendered":"<div class=\"wpb-content-wrapper\" id=\"wpb-content-root\"><p>[vc_row][vc_column]\n\t\t<div id=\"wd-67a6341c97880\" class=\"title-wrapper wd-wpb wd-set-mb reset-last-child  wd-rs-67a6341c97880 wd-title-color-default wd-title-style-bordered text-center  wd-underline-colored\">\n\t\t\t\n\t\t\t<div class=\"liner-continer\">\n\t\t\t\t<h2 class=\"woodmart-title-container title  wd-font-weight-600 wd-fontsize-xxl\" >Gian Paolo Barbieri: Biografia, Stile e Segreti del Maestro della Fotografia di Moda<\/h2>\n\t\t\t\t\t\t\t<\/div>\n\t\t\t\n\t\t\t\n\t\t\t\n\t\t<\/div>\n\t\t\n\t\t[\/vc_column][\/vc_row][vc_row][vc_column]\t\t<div id=\"wd-67a631a650268\" class=\"wd-text-block wd-wpb reset-last-child wd-rs-67a631a650268 text-left wd-font-weight-500 wd-fontsize-l \">\n\t\t\t<h2><strong><a href=\"https:\/\/fondazionegianpaolobarbieri.it\/it\/\" rel=\"nofollow noopener\" target=\"_blank\">Gian Paolo Barbieri<\/a>: Il Maestro che ha Trasformato la Moda in Arte<\/strong><\/h2>\n<p>Gian Paolo Barbieri (1938-2023) \u00e8 stato uno dei pi\u00f9 celebri fotografi di moda italiani, un&#8217;icona riconosciuta a livello internazionale per il suo stile raffinato e teatrale. Le sue immagini hanno ridefinito l\u2019estetica della moda per oltre cinque decenni, collaborando con le pi\u00f9 prestigiose riviste e maison di alta moda. Attraverso il suo obiettivo, Barbieri ha trasformato la moda in una forma d&#8217;arte, creando scenari visivi che uniscono eleganza senza tempo, sperimentazione artistica e un&#8217;inconfondibile impronta cinematografica.<\/p>\n<hr \/>\n<h3><strong>Gli Inizi e la Formazione: Un Talento in Nascita<\/strong><\/h3>\n<p>Nato a Milano nel 1938, Barbieri cresce in una famiglia di commercianti di tessuti, un ambiente che gli permette di sviluppare sin da giovane un gusto raffinato per i materiali, i colori e le forme. La passione per il cinema e il teatro lo spinge a frequentare assiduamente le sale cinematografiche, sviluppando un forte interesse per la scenografia e la recitazione.<\/p>\n<p>Dopo un breve periodo come attore, comprende che la sua vera vocazione \u00e8 dietro l\u2019obiettivo fotografico. Spinto dal desiderio di perfezionare la sua arte, si trasferisce a Parigi, dove lavora come assistente per il celebre fotografo Tom Kublin, collaborando con l&#8217;iconico <em>Vogue<\/em> francese. Questa esperienza si rivela determinante: apprende le tecniche di illuminazione, la composizione dell\u2019immagine e il valore della narrazione visiva.<\/p>\n<hr \/>\n<h3><strong>L&#8217;Ascesa nel Mondo della Moda: Un Nuovo Linguaggio Visivo<\/strong><\/h3>\n<p>Rientrato in Italia, Barbieri inizia a lavorare per <em>Vogue Italia<\/em>, diventando una delle firme pi\u00f9 riconoscibili della rivista sin dalla sua fondazione negli anni \u201960. La sua capacit\u00e0 di fondere l\u2019eleganza classica con un\u2019estetica audace e teatrale gli vale la collaborazione con stilisti come Valentino, Gianfranco Ferr\u00e9, Giorgio Armani e Dolce &amp; Gabbana.<\/p>\n<p>Le sue immagini non si limitano a documentare la moda, ma la interpretano: ogni scatto \u00e8 una storia, un\u2019emozione, un&#8217;opera d\u2019arte che va oltre il semplice concetto di fotografia commerciale. Le sue ambientazioni raffinate e i giochi di luce e ombra rendono i suoi lavori immediatamente riconoscibili, trasformando ogni modella in una musa e ogni abito in un&#8217;opera d\u2019arte vivente.<\/p>\n<hr \/>\n<h3><strong>Lo Stile Fotografico: Un&#8217;Estetica Inconfondibile<\/strong><\/h3>\n<p>Barbieri ha saputo costruire uno stile distintivo, influenzato dal neorealismo italiano e dal cinema visionario di registi come Visconti e Fellini. I suoi scatti si distinguono per:<\/p>\n<p>\u2705 <strong>Drammaticit\u00e0 della luce<\/strong> \u2013 Il magistrale utilizzo del chiaroscuro esalta le forme e le texture, donando profondit\u00e0 e intensit\u00e0 all\u2019immagine.<\/p>\n<p>\u2705 <strong>Influenze cinematografiche<\/strong> \u2013 Le sue fotografie sembrano fotogrammi di un film d\u2019autore, con una narrazione implicita e una composizione rigorosa.<\/p>\n<p>\u2705 <strong>Eleganza senza tempo<\/strong> \u2013 Ogni immagine trasmette lusso e raffinatezza, evitando la banalit\u00e0 e puntando su un\u2019estetica sofisticata e mai scontata.<\/p>\n<p>\u2705 <strong>Scenografie ricercate<\/strong> \u2013 Nulla \u00e8 lasciato al caso: ogni dettaglio, dalla posizione delle modelle alla disposizione degli oggetti, \u00e8 studiato nei minimi particolari.<\/p>\n<p>\u2705 <strong>Bianco e nero iconico<\/strong> \u2013 Le sue immagini in bianco e nero hanno una forza espressiva straordinaria, in grado di evocare emozioni profonde e senza tempo.<\/p>\n\t\t<\/div>\n\t\t[\/vc_column][\/vc_row][vc_row css=&#8221;.vc_custom_1738945189599{background-color: #E5E5E5 !important;}&#8221; woodmart_css_id=&#8221;67a6326c512bb&#8221; responsive_spacing=&#8221;eyJwYXJhbV90eXBlIjoid29vZG1hcnRfcmVzcG9uc2l2ZV9zcGFjaW5nIiwic2VsZWN0b3JfaWQiOiI2N2E2MzI2YzUxMmJiIiwic2hvcnRjb2RlIjoidmNfcm93IiwiZGF0YSI6eyJ0YWJsZXQiOnt9LCJtb2JpbGUiOnt9fX0=&#8221; mobile_bg_img_hidden=&#8221;no&#8221; tablet_bg_img_hidden=&#8221;no&#8221; woodmart_parallax=&#8221;0&#8243; woodmart_gradient_switch=&#8221;no&#8221; woodmart_box_shadow=&#8221;no&#8221; wd_z_index=&#8221;no&#8221; woodmart_disable_overflow=&#8221;0&#8243; row_reverse_mobile=&#8221;0&#8243; row_reverse_tablet=&#8221;0&#8243;][vc_column][vc_single_image image=&#8221;72843&#8243; img_size=&#8221;full&#8221; alignment=&#8221;center&#8221; css=&#8221;&#8221; parallax_scroll=&#8221;no&#8221; woodmart_inline=&#8221;no&#8221; title=&#8221;Audrey Hepburn 1969 Courtesy 29 Arts in Progress gallery&#8221;][\/vc_column][\/vc_row][vc_row][vc_column]\t\t<div id=\"wd-67a638671e772\" class=\"wd-text-block wd-wpb reset-last-child wd-rs-67a638671e772 text-left wd-font-weight-500 wd-fontsize-l \">\n\t\t\t<h2><strong>Collaborazioni e Icone Fotografiche: Il Pantheon della Bellezza<\/strong><\/h2>\n<p>Nel corso della sua carriera, Barbieri ha immortalato alcune delle modelle e star pi\u00f9 iconiche del suo tempo, tra cui:<\/p>\n<p>\ud83d\udcf7 <strong>Audrey Hepburn<\/strong> \u2013 Il suo ritratto della divina attrice \u00e8 ancora oggi un\u2019icona di stile e grazia.<\/p>\n\t\t<\/div>\n\t\t[\/vc_column][\/vc_row][vc_row][vc_column]\t\t<div id=\"wd-67a6382205a97\" class=\"wd-text-block wd-wpb reset-last-child wd-rs-67a6382205a97 text-left wd-font-weight-500 wd-fontsize-l \">\n\t\t\t<p>\ud83d\udcf7 <strong>Veruschka<\/strong> \u2013 La leggendaria modella tedesca ha trovato in Barbieri un maestro capace di esaltarne l\u2019aura magnetica.<\/p>\n\t\t<\/div>\n\t\t\t\t<div id=\"wd-67a63882a764d\" class=\"wd-text-block wd-wpb reset-last-child wd-rs-67a63882a764d text-left wd-font-weight-500 wd-fontsize-l \">\n\t\t\t<p>\ud83d\udcf7 <strong>Monica Bellucci<\/strong> \u2013 Raffinatezza e sensualit\u00e0 si fondono nei suoi scatti con l\u2019attrice italiana.<\/p>\n\t\t<\/div>\n\t\t[\/vc_column][\/vc_row][vc_row css=&#8221;.vc_custom_1738945189599{background-color: #E5E5E5 !important;}&#8221; woodmart_css_id=&#8221;67a6326c512bb&#8221; responsive_spacing=&#8221;eyJwYXJhbV90eXBlIjoid29vZG1hcnRfcmVzcG9uc2l2ZV9zcGFjaW5nIiwic2VsZWN0b3JfaWQiOiI2N2E2MzI2YzUxMmJiIiwic2hvcnRjb2RlIjoidmNfcm93IiwiZGF0YSI6eyJ0YWJsZXQiOnt9LCJtb2JpbGUiOnt9fX0=&#8221; mobile_bg_img_hidden=&#8221;no&#8221; tablet_bg_img_hidden=&#8221;no&#8221; woodmart_parallax=&#8221;0&#8243; woodmart_gradient_switch=&#8221;no&#8221; woodmart_box_shadow=&#8221;no&#8221; wd_z_index=&#8221;no&#8221; woodmart_disable_overflow=&#8221;0&#8243; row_reverse_mobile=&#8221;0&#8243; row_reverse_tablet=&#8221;0&#8243;][vc_column][vc_single_image image=&#8221;72847&#8243; img_size=&#8221;full&#8221; alignment=&#8221;center&#8221; css=&#8221;&#8221; parallax_scroll=&#8221;no&#8221; woodmart_inline=&#8221;no&#8221; title=&#8221;Monica Bellucci per dg 2000 courtesy by 29 arts in progress gallery&#8221;][\/vc_column][\/vc_row][vc_row][vc_column]\t\t<div id=\"wd-67a637006a0c3\" class=\"wd-text-block wd-wpb reset-last-child wd-rs-67a637006a0c3 text-left wd-font-weight-500 wd-fontsize-l \">\n\t\t\t<p>\ud83d\udcf7 <strong>Jerry Hall<\/strong> \u2013 Musa indiscussa della moda anni \u201970, immortalata da Barbieri in immagini potenti e seducenti.<\/p>\n<p>Ha lavorato con riviste del calibro di <em>Harper\u2019s Bazaar<\/em>, <em>Vanity Fair<\/em> e ovviamente <em>Vogue<\/em>, lasciando un\u2019impronta indelebile nel mondo dell\u2019immagine e del glamour.<\/p>\n\t\t<\/div>\n\t\t[\/vc_column][\/vc_row][vc_row css=&#8221;.vc_custom_1738945189599{background-color: #E5E5E5 !important;}&#8221; woodmart_css_id=&#8221;67a6326c512bb&#8221; responsive_spacing=&#8221;eyJwYXJhbV90eXBlIjoid29vZG1hcnRfcmVzcG9uc2l2ZV9zcGFjaW5nIiwic2VsZWN0b3JfaWQiOiI2N2E2MzI2YzUxMmJiIiwic2hvcnRjb2RlIjoidmNfcm93IiwiZGF0YSI6eyJ0YWJsZXQiOnt9LCJtb2JpbGUiOnt9fX0=&#8221; mobile_bg_img_hidden=&#8221;no&#8221; tablet_bg_img_hidden=&#8221;no&#8221; woodmart_parallax=&#8221;0&#8243; woodmart_gradient_switch=&#8221;no&#8221; woodmart_box_shadow=&#8221;no&#8221; wd_z_index=&#8221;no&#8221; woodmart_disable_overflow=&#8221;0&#8243; row_reverse_mobile=&#8221;0&#8243; row_reverse_tablet=&#8221;0&#8243;][vc_column][vc_single_image image=&#8221;72851&#8243; img_size=&#8221;full&#8221; alignment=&#8221;center&#8221; css=&#8221;&#8221; parallax_scroll=&#8221;no&#8221; woodmart_inline=&#8221;no&#8221; title=&#8221;Jerry Hall per vivienne westwood 1997&#8243;][\/vc_column][\/vc_row][vc_row][vc_column]\n\t\t<div id=\"wd-67a63a84bbc58\" class=\"title-wrapper wd-wpb wd-set-mb reset-last-child  wd-rs-67a63a84bbc58 wd-title-color-default wd-title-style-bordered text-left  wd-underline-colored\">\n\t\t\t\n\t\t\t<div class=\"liner-continer\">\n\t\t\t\t<h3 class=\"woodmart-title-container title  wd-font-weight-600 wd-fontsize-l\" >Gian Paolo Barbieri Biografia Stile e Segreti del Maestro della Fotografia di Moda<\/h3>\n\t\t\t\t\t\t\t<\/div>\n\t\t\t\n\t\t\t\n\t\t\t\n\t\t<\/div>\n\t\t\n\t\t[\/vc_column][\/vc_row][vc_row][vc_column]\t\t<div id=\"wd-67a634c67b6e0\" class=\"wd-text-block wd-wpb reset-last-child wd-rs-67a634c67b6e0 text-left wd-font-weight-500 wd-fontsize-l \">\n\t\t\t<h3><strong>Aneddoti e Curiosit\u00e0: Il Dietro le Quinte di un Genio<\/strong><\/h3>\n<p>\ud83c\udf9e\ufe0f <strong>Il fascino dell\u2019esotico<\/strong> \u2013 Negli anni \u201970 e \u201980, Barbieri si dedica alla fotografia di viaggio, esplorando luoghi come le Seychelles, Tahiti e Madagascar. Le sue immagini catturano la magia e il mistero di terre lontane, arricchendo il suo portfolio con scatti evocativi e poetici.<\/p>\n<p>\ud83c\udfac <strong>L\u2019amore per il cinema<\/strong> \u2013 Spesso ispirato dai grandi registi italiani, nei suoi scatti si percepisce un\u2019estetica che richiama le atmosfere oniriche di Visconti e Fellini.<\/p>\n<p>\ud83d\udccc <strong>Ossessione per i dettagli<\/strong> \u2013 La sua dedizione al lavoro era leggendaria: curava personalmente ogni elemento della scenografia, dalla scelta degli oggetti agli effetti di luce, per garantire la perfezione assoluta in ogni scatto.<\/p>\n<p>\ud83c\udfad <strong>L\u2019approccio teatrale<\/strong> \u2013 Molti dei suoi set fotografici assomigliavano a veri e propri palcoscenici, con scenografie elaborate e un&#8217;attenzione quasi maniacale alla posa delle modelle.<\/p>\n<hr \/>\n<h3><strong>Eredit\u00e0 e Impatto: Un\u2019Influenza Senza Tempo<\/strong><\/h3>\n<p>L\u2019eredit\u00e0 di Gian Paolo Barbieri \u00e8 incalcolabile. Il suo lavoro \u00e8 esposto nei pi\u00f9 importanti musei e gallerie del mondo, tra cui:<\/p>\n<p>\ud83c\udfdb\ufe0f <a href=\"https:\/\/www.npg.org.uk\/collections\/search\/portrait\/mw136351\" rel=\"nofollow noopener\" target=\"_blank\"><strong>National Portrait Gallery di Londra<\/strong><\/a><br \/>\n\ud83c\udfdb\ufe0f <a href=\"https:\/\/www.vam.ac.uk\/articles\/100-years-of-fashion-photography\" rel=\"nofollow noopener\" target=\"_blank\"><strong>Victoria and Albert Museum<\/strong><\/a><br \/>\n\ud83c\udfdb\ufe0f <strong>Biblioth\u00e8que Nationale de France<\/strong><\/p>\n<p>Nel 2016, ha fondato la <strong>Fondazione Gian Paolo Barbieri<\/strong>, dedicata alla promozione della fotografia d&#8217;arte e alla conservazione del suo immenso archivio.<\/p>\n<hr \/>\n<h3><strong>Un Maestro dell&#8217;Immagine che ha Elevato la Moda ad Arte<\/strong><\/h3>\n<p><a href=\"https:\/\/www.marinigerardi.it\/shop\/gian-paolo-barbieri-biografia-fotografia-di-moda\/\">Gian Paolo Barbieri<\/a> non \u00e8 stato solo un fotografo, ma un artista capace di trasformare la moda in pura poesia visiva. Le sue immagini non raccontano solo abiti e tendenze, ma evocano emozioni, sogni e atmosfere senza tempo.<\/p>\n<p>Oggi, il suo lavoro continua a ispirare generazioni di fotografi, artisti e designer, dimostrando che la moda, quando raccontata con talento e passione, pu\u00f2 diventare un\u2019opera d\u2019arte immortale.<\/p>\n\t\t<\/div>\n\t\t[\/vc_column][\/vc_row][vc_row][vc_column][vc_single_image image=&#8221;72841&#8243; img_size=&#8221;full&#8221; alignment=&#8221;center&#8221; css=&#8221;&#8221; parallax_scroll=&#8221;no&#8221; woodmart_inline=&#8221;no&#8221;][\/vc_column][\/vc_row][vc_row][vc_column]\n\t\t<div id=\"wd-67a63aa4a0b1b\" class=\"title-wrapper wd-wpb wd-set-mb reset-last-child  wd-rs-67a63aa4a0b1b wd-title-color-default wd-title-style-bordered text-left  wd-underline-colored\">\n\t\t\t\n\t\t\t<div class=\"liner-continer\">\n\t\t\t\t<h4 class=\"woodmart-title-container title  wd-font-weight-600 wd-fontsize-l\" >Gian Paolo Barbieri Biografia Stile e Segreti del Maestro della Fotografia di Moda<\/h4>\n\t\t\t\t\t\t\t<\/div>\n\t\t\t\n\t\t\t\n\t\t\t\n\t\t<\/div>\n\t\t\n\t\t<div id=\"wd-67a8ebff17850\" class=\" wd-rs-67a8ebff17850  wd-button-wrapper text-left\"><a href=\"https:\/\/www.marinigerardi.it\/shop\/category\/fotografia\/\" title=\"FOTOGRAFIA DEL 900\" class=\"btn btn-style-default btn-shape-rectangle btn-size-large\">FOTOGRAFIA DEL 900<\/a><\/div>[\/vc_column][\/vc_row]<\/p>\n<\/div>","protected":false},"excerpt":{"rendered":"<p>[vc_row][vc_column][\/vc_column][\/vc_row][vc_row][vc_column][\/vc_column][\/vc_row][vc_row css=&#8221;.vc_custom_1738945189599{background-color: #E5E5E5 !important;}&#8221; woodmart_css_id=&#8221;67a6326c512bb&#8221; responsive_spacing=&#8221;eyJwYXJhbV90eXBlIjoid29vZG1hcnRfcmVzcG9uc2l2ZV9zcGFjaW5nIiwic2VsZWN0b3JfaWQiOiI2N2E2MzI2YzUxMmJiIiwic2hvcnRjb2RlIjoidmNfcm93IiwiZGF0YSI6eyJ0YWJsZXQiOnt9LCJtb2JpbGUiOnt9fX0=&#8221; mobile_bg_img_hidden=&#8221;no&#8221; tablet_bg_img_hidden=&#8221;no&#8221; woodmart_parallax=&#8221;0&#8243; woodmart_gradient_switch=&#8221;no&#8221; woodmart_box_shadow=&#8221;no&#8221; wd_z_index=&#8221;no&#8221; woodmart_disable_overflow=&#8221;0&#8243; row_reverse_mobile=&#8221;0&#8243; row_reverse_tablet=&#8221;0&#8243;][vc_column][vc_single_image image=&#8221;72843&#8243; img_size=&#8221;full&#8221; alignment=&#8221;center&#8221; css=&#8221;&#8221; parallax_scroll=&#8221;no&#8221;<\/p>\n","protected":false},"author":1,"featured_media":72835,"comment_status":"closed","ping_status":"closed","sticky":false,"template":"","format":"standard","meta":{"footnotes":""},"categories":[2261],"tags":[3849],"class_list":["post-72834","post","type-post","status-publish","format-standard","has-post-thumbnail","category-fotografia","tag-fotografia"],"_links":{"self":[{"href":"https:\/\/www.marinigerardi.it\/shop\/wp-json\/wp\/v2\/posts\/72834","targetHints":{"allow":["GET"]}}],"collection":[{"href":"https:\/\/www.marinigerardi.it\/shop\/wp-json\/wp\/v2\/posts"}],"about":[{"href":"https:\/\/www.marinigerardi.it\/shop\/wp-json\/wp\/v2\/types\/post"}],"author":[{"embeddable":true,"href":"https:\/\/www.marinigerardi.it\/shop\/wp-json\/wp\/v2\/users\/1"}],"replies":[{"embeddable":true,"href":"https:\/\/www.marinigerardi.it\/shop\/wp-json\/wp\/v2\/comments?post=72834"}],"version-history":[{"count":0,"href":"https:\/\/www.marinigerardi.it\/shop\/wp-json\/wp\/v2\/posts\/72834\/revisions"}],"wp:featuredmedia":[{"embeddable":true,"href":"https:\/\/www.marinigerardi.it\/shop\/wp-json\/wp\/v2\/media\/72835"}],"wp:attachment":[{"href":"https:\/\/www.marinigerardi.it\/shop\/wp-json\/wp\/v2\/media?parent=72834"}],"wp:term":[{"taxonomy":"category","embeddable":true,"href":"https:\/\/www.marinigerardi.it\/shop\/wp-json\/wp\/v2\/categories?post=72834"},{"taxonomy":"post_tag","embeddable":true,"href":"https:\/\/www.marinigerardi.it\/shop\/wp-json\/wp\/v2\/tags?post=72834"}],"curies":[{"name":"wp","href":"https:\/\/api.w.org\/{rel}","templated":true}]}}