{"id":72813,"date":"2025-02-07T14:47:21","date_gmt":"2025-02-07T14:47:21","guid":{"rendered":"https:\/\/www.marinigerardi.it\/shop\/?p=72813"},"modified":"2025-04-11T15:03:41","modified_gmt":"2025-04-11T15:03:41","slug":"patrick-demarchelier-vita-fotografia","status":"publish","type":"post","link":"https:\/\/www.marinigerardi.it\/shop\/patrick-demarchelier-vita-fotografia\/","title":{"rendered":"Patrick Demarchelier Vita Fotografia di un Maestro dell&#8217;Immagine"},"content":{"rendered":"<div class=\"wpb-content-wrapper\" id=\"wpb-content-root\"><p>[vc_row][vc_column]\n\t\t<div id=\"wd-67a61b3e2690e\" class=\"title-wrapper wd-wpb wd-set-mb reset-last-child  wd-rs-67a61b3e2690e wd-title-color-default wd-title-style-default text-left  wd-underline-colored\">\n\t\t\t\n\t\t\t<div class=\"liner-continer\">\n\t\t\t\t<h2 class=\"woodmart-title-container title  wd-font-weight-600 wd-fontsize-xl\" >Patrick Demarchelier Vita e Fotografia di un Maestro dell'Immagine<\/h2>\n\t\t\t\t\t\t\t<\/div>\n\t\t\t\n\t\t\t\n\t\t\t\n\t\t<\/div>\n\t\t\n\t\t\t\t<div id=\"wd-67a61d0f502ac\" class=\"wd-text-block wd-wpb reset-last-child wd-rs-67a61d0f502ac text-left wd-font-weight-500 wd-fontsize-l \">\n\t\t\t<p><a href=\"https:\/\/www.marinigerardi.it\/shop\/patrick-demarchelier-vita-fotografia\/\">Patrick Demarchelier<\/a> (1943-2022) \u00e8 stato uno dei fotografi di moda pi\u00f9 influenti del XX e XXI secolo, capace di rivoluzionare il linguaggio visivo della moda con il suo stile raffinato, elegante e al tempo stesso spontaneo. Celebre per la sua capacit\u00e0 di catturare la bellezza naturale dei suoi soggetti, ha segnato un&#8217;epoca con immagini iconiche, collaborando con le pi\u00f9 grandi riviste e maison di moda del mondo.<\/p>\n<h3><strong>Biografia e Carriera<\/strong><\/h3>\n<p>Nato il 21 agosto 1943 a Le Havre, in Francia, Demarchelier si avvicina alla fotografia da autodidatta, ricevendo la sua prima macchina fotografica all&#8217;et\u00e0 di 17 anni. Dopo aver affinato la sua tecnica lavorando presso un fotografo locale, si trasferisce a Parigi, dove diventa assistente di Hans Feurer, un&#8217;esperienza che gli permette di entrare nel mondo della fotografia di moda.<\/p>\n<p>Negli anni &#8217;70 si trasferisce a New York, una decisione che segna l&#8217;inizio della sua ascesa nel panorama internazionale. Qui comincia a collaborare con alcune delle pi\u00f9 prestigiose testate di moda, tra cui <em>Vogue<\/em>, <em>Harper\u2019s Bazaar<\/em> ed <em>Elle<\/em>. La sua capacit\u00e0 di fondere eleganza e naturalezza lo rende rapidamente uno dei fotografi pi\u00f9 richiesti dalle case di moda e dalle celebrit\u00e0.<\/p>\n<h3><strong>Lo Stile Fotografico<\/strong><\/h3>\n<p>Demarchelier \u00e8 noto per il suo approccio intimo e spontaneo alla fotografia di moda e ritratto. A differenza di molti suoi contemporanei, evita la rigidit\u00e0 eccessiva e predilige immagini che trasmettono un senso di naturalezza e immediatezza. Le sue fotografie sono caratterizzate da:<\/p>\n<ul data-spread=\"false\">\n<li><strong>Uso magistrale della luce naturale<\/strong>, che dona ai suoi scatti un calore e una morbidezza unici.<\/li>\n<li><strong>Spontaneit\u00e0 ed empatia<\/strong>, che gli permettono di instaurare un rapporto speciale con i suoi soggetti, cogliendone l&#8217;essenza pi\u00f9 autentica.<\/li>\n<li><strong>Eleganza senza tempo<\/strong>, una qualit\u00e0 che rende le sue immagini iconiche e sempre attuali.<\/li>\n<li><strong>Predilezione per il bianco e nero<\/strong>, spesso utilizzato per enfatizzare la purezza e l&#8217;intensit\u00e0 espressiva dei volti.<\/li>\n<\/ul>\n\t\t<\/div>\n\t\t[\/vc_column][\/vc_row][vc_row][vc_column width=&#8221;1\/2&#8243;][vc_single_image image=&#8221;72816&#8243; img_size=&#8221;full&#8221; alignment=&#8221;center&#8221; onclick=&#8221;link_image&#8221; css=&#8221;&#8221; parallax_scroll=&#8221;no&#8221; woodmart_inline=&#8221;no&#8221; title=&#8221;Christy and mouse new york 1999&#8243;][\/vc_column][vc_column width=&#8221;1\/2&#8243;][vc_single_image image=&#8221;72817&#8243; img_size=&#8221;full&#8221; alignment=&#8221;center&#8221; onclick=&#8221;link_image&#8221; css=&#8221;&#8221; parallax_scroll=&#8221;no&#8221; woodmart_inline=&#8221;no&#8221; title=&#8221;Gisele B\u00fcndchen 2002&#8243;][\/vc_column][\/vc_row][vc_row][vc_column]\n\t\t<div id=\"wd-67a61c3182225\" class=\"title-wrapper wd-wpb wd-set-mb reset-last-child  wd-rs-67a61c3182225 wd-title-color-default wd-title-style-bordered text-left  wd-underline-colored\">\n\t\t\t\n\t\t\t<div class=\"liner-continer\">\n\t\t\t\t<h3 class=\"woodmart-title-container title  wd-font-weight- wd-fontsize-xl\" >Patrick Demarchelier Vita e Fotografia di un Maestro dell'Immagine<\/h3>\n\t\t\t\t\t\t\t<\/div>\n\t\t\t\n\t\t\t\n\t\t\t\n\t\t<\/div>\n\t\t\n\t\t\t\t<div id=\"wd-67a61e6344df2\" class=\"wd-text-block wd-wpb reset-last-child wd-rs-67a61e6344df2 text-left wd-font-weight-500 wd-fontsize-l \">\n\t\t\t<h3><strong>Collaborazioni e Icone Ritratte<\/strong><\/h3>\n<p>Nel corso della sua carriera, Patrick Demarchelier ha lavorato con alcune delle pi\u00f9 grandi modelle, attrici e celebrit\u00e0, tra cui Naomi Campbell, Cindy Crawford, Kate Moss, Gisele B\u00fcndchen, Madonna e Leonardo DiCaprio. La sua fotografia ha definito l&#8217;immagine della moda per decenni, contribuendo a creare alcuni degli scatti pi\u00f9 iconici della storia del fashion.<\/p>\n<p>Una delle collaborazioni pi\u00f9 significative della sua carriera \u00e8 stata quella con la Principessa Diana. Nel 1989, Demarchelier fu scelto come fotografo ufficiale della principessa del Galles, diventando il primo non britannico a ricoprire questo ruolo. Le sue immagini di Lady Diana, spontanee e intime, contribuirono a creare una nuova narrazione visiva della principessa, pi\u00f9 vicina e umana agli occhi del pubblico.<\/p>\n<p>Oltre alla fotografia editoriale, Demarchelier ha realizzato campagne pubblicitarie per alcuni dei pi\u00f9 grandi brand di lusso, tra cui Dior, Chanel, Louis Vuitton, Yves Saint Laurent e Calvin Klein. Il suo lavoro ha plasmato l&#8217;immaginario estetico di intere generazioni, rendendolo un punto di riferimento per fotografi e creativi di tutto il mondo.<\/p>\n<h3><strong>Eredit\u00e0 e Impatto<\/strong><\/h3>\n<p>Con una carriera durata oltre cinque decenni, Patrick Demarchelier ha lasciato un&#8217;impronta indelebile nella fotografia di moda. Il suo talento nel catturare la bellezza autentica e la sua visione sofisticata continuano a influenzare nuovi fotografi e artisti visivi.<\/p>\n<p>Le sue immagini, apparse sulle copertine delle pi\u00f9 importanti riviste del mondo, restano testimonianze di un&#8217;epoca d&#8217;oro della moda e della fotografia. La sua capacit\u00e0 di esaltare la naturalezza e l&#8217;eleganza dei suoi soggetti ha ridefinito gli standard dell&#8217;estetica contemporanea, consolidando il suo status di maestro dell&#8217;immagine.<\/p>\n<h3><strong>Curiosit\u00e0 su Patrick Demarchelier<\/strong><\/h3>\n<ul data-spread=\"false\">\n<li>Era noto nel settore con il soprannome di &#8220;PD&#8221;.<\/li>\n<li>Amava lavorare con la pellicola anche in un&#8217;epoca dominata dal digitale, credendo che conferisse un calore unico alle immagini.<\/li>\n<li>Le sue foto di Lady Diana furono tra le prime a mostrare la principessa in modo pi\u00f9 informale e accessibile, rivoluzionando la sua immagine pubblica.<\/li>\n<li>Ha partecipato come fotografo di scena in alcuni film iconici, tra cui <em>Sex and the City<\/em>.<\/li>\n<li>La sua passione per l&#8217;equitazione lo ha portato a realizzare numerosi scatti ispirati al mondo dei cavalli e delle corse equestri.<\/li>\n<\/ul>\n<p><a href=\"https:\/\/demarchelier.com\/\" rel=\"nofollow noopener\" target=\"_blank\"><strong>Patrick Demarchelier<\/strong><\/a> \u00e8 stato pi\u00f9 di un semplice fotografo di moda: \u00e8 stato un narratore di storie, un artista capace di cogliere l&#8217;anima delle sue muse attraverso la lente della sua macchina fotografica. Il suo lavoro continua a ispirare e affascinare, mantenendo vivo il suo straordinario contributo al mondo della moda e della fotografia.<\/p>\n\t\t<\/div>\n\t\t[\/vc_column][\/vc_row][vc_row][vc_column width=&#8221;1\/2&#8243;][vc_single_image image=&#8221;72820&#8243; img_size=&#8221;full&#8221; alignment=&#8221;center&#8221; onclick=&#8221;link_image&#8221; css=&#8221;&#8221; parallax_scroll=&#8221;no&#8221; woodmart_inline=&#8221;no&#8221; title=&#8221;Nadja Auermann harper&#8217;s bazaar new york 1995&#8243;][\/vc_column][vc_column width=&#8221;1\/2&#8243;][vc_single_image image=&#8221;72819&#8243; img_size=&#8221;full&#8221; alignment=&#8221;center&#8221; onclick=&#8221;link_image&#8221; css=&#8221;&#8221; parallax_scroll=&#8221;no&#8221; woodmart_inline=&#8221;no&#8221; title=&#8221;nudes st barthelemy 1997&#8243;][\/vc_column][\/vc_row][vc_row][vc_column]\n\t\t<div id=\"wd-67a61b4d5f9a5\" class=\"title-wrapper wd-wpb wd-set-mb reset-last-child  wd-rs-67a61b4d5f9a5 wd-title-color-default wd-title-style-default text-left  wd-underline-colored\">\n\t\t\t\n\t\t\t<div class=\"liner-continer\">\n\t\t\t\t<h3 class=\"woodmart-title-container title  wd-font-weight- wd-fontsize-l\" >Patrick Demarchelier Vita e Fotografia di un Maestro dell'Immagine<\/h3>\n\t\t\t\t\t\t\t<\/div>\n\t\t\t\n\t\t\t\n\t\t\t\n\t\t<\/div>\n\t\t\n\t\t[\/vc_column][\/vc_row][vc_row css=&#8221;.vc_custom_1738939763370{background-color: #E5E5E5 !important;}&#8221; woodmart_css_id=&#8221;67a61d576a40f&#8221; responsive_spacing=&#8221;eyJwYXJhbV90eXBlIjoid29vZG1hcnRfcmVzcG9uc2l2ZV9zcGFjaW5nIiwic2VsZWN0b3JfaWQiOiI2N2E2MWQ1NzZhNDBmIiwic2hvcnRjb2RlIjoidmNfcm93IiwiZGF0YSI6eyJ0YWJsZXQiOnt9LCJtb2JpbGUiOnt9fX0=&#8221; mobile_bg_img_hidden=&#8221;no&#8221; tablet_bg_img_hidden=&#8221;no&#8221; woodmart_parallax=&#8221;0&#8243; woodmart_gradient_switch=&#8221;no&#8221; woodmart_box_shadow=&#8221;no&#8221; wd_z_index=&#8221;no&#8221; woodmart_disable_overflow=&#8221;0&#8243; row_reverse_mobile=&#8221;0&#8243; row_reverse_tablet=&#8221;0&#8243;][vc_column][vc_single_image image=&#8221;72823&#8243; img_size=&#8221;full&#8221; alignment=&#8221;center&#8221; onclick=&#8221;link_image&#8221; css=&#8221;&#8221; parallax_scroll=&#8221;no&#8221; woodmart_inline=&#8221;no&#8221; title=&#8221;shalom harlow monaco 1925&#8243;][\/vc_column][\/vc_row][vc_row][vc_column]\n\t\t<div id=\"wd-67a61b4d5f9a5\" class=\"title-wrapper wd-wpb wd-set-mb reset-last-child  wd-rs-67a61b4d5f9a5 wd-title-color-default wd-title-style-default text-left  wd-underline-colored\">\n\t\t\t\n\t\t\t<div class=\"liner-continer\">\n\t\t\t\t<h3 class=\"woodmart-title-container title  wd-font-weight- wd-fontsize-l\" >Patrick Demarchelier Vita e Fotografia di un Maestro dell'Immagine<\/h3>\n\t\t\t\t\t\t\t<\/div>\n\t\t\t\n\t\t\t\n\t\t\t\n\t\t<\/div>\n\t\t\n\t\t[\/vc_column][\/vc_row][vc_row css=&#8221;.vc_custom_1738940824031{background-color: #E5E5E5 !important;}&#8221; woodmart_css_id=&#8221;67a62185601f6&#8243; responsive_spacing=&#8221;eyJwYXJhbV90eXBlIjoid29vZG1hcnRfcmVzcG9uc2l2ZV9zcGFjaW5nIiwic2VsZWN0b3JfaWQiOiI2N2E2MjE4NTYwMWY2Iiwic2hvcnRjb2RlIjoidmNfcm93IiwiZGF0YSI6eyJ0YWJsZXQiOnt9LCJtb2JpbGUiOnt9fX0=&#8221; mobile_bg_img_hidden=&#8221;no&#8221; tablet_bg_img_hidden=&#8221;no&#8221; woodmart_parallax=&#8221;0&#8243; woodmart_gradient_switch=&#8221;no&#8221; woodmart_box_shadow=&#8221;no&#8221; wd_z_index=&#8221;no&#8221; woodmart_disable_overflow=&#8221;0&#8243; row_reverse_mobile=&#8221;0&#8243; row_reverse_tablet=&#8221;0&#8243;][vc_column][vc_single_image image=&#8221;72829&#8243; img_size=&#8221;full&#8221; alignment=&#8221;center&#8221; onclick=&#8221;link_image&#8221; css=&#8221;&#8221; parallax_scroll=&#8221;no&#8221; woodmart_inline=&#8221;no&#8221; title=&#8221;a feast for the eyes vogue 2010&#8243;][\/vc_column][\/vc_row][vc_row][vc_column][vc_single_image image=&#8221;72830&#8243; img_size=&#8221;full&#8221; alignment=&#8221;center&#8221; onclick=&#8221;link_image&#8221; css=&#8221;&#8221; parallax_scroll=&#8221;no&#8221; woodmart_inline=&#8221;no&#8221; title=&#8221;karlie kloss feast for the eyes new york vogue 2009&#8243;]<div id=\"wd-67a8ec7d0940c\" class=\" wd-rs-67a8ec7d0940c  wd-button-wrapper text-left\"><a href=\"https:\/\/www.marinigerardi.it\/shop\/category\/fotografia\/\" title=\"FOTOGRAFIA DEL 900\" class=\"btn btn-style-default btn-shape-rectangle btn-size-large\">FOTOGRAFIA DEL 900<\/a><\/div>[\/vc_column][\/vc_row]<\/p>\n<\/div>","protected":false},"excerpt":{"rendered":"<p>[vc_row][vc_column][\/vc_column][\/vc_row][vc_row][vc_column width=&#8221;1\/2&#8243;][vc_single_image image=&#8221;72816&#8243; img_size=&#8221;full&#8221; alignment=&#8221;center&#8221; onclick=&#8221;link_image&#8221; css=&#8221;&#8221; parallax_scroll=&#8221;no&#8221; woodmart_inline=&#8221;no&#8221; title=&#8221;Christy and mouse new york 1999&#8243;][\/vc_column][vc_column width=&#8221;1\/2&#8243;][vc_single_image image=&#8221;72817&#8243; img_size=&#8221;full&#8221; alignment=&#8221;center&#8221; onclick=&#8221;link_image&#8221;<\/p>\n","protected":false},"author":1,"featured_media":72814,"comment_status":"closed","ping_status":"closed","sticky":false,"template":"","format":"standard","meta":{"footnotes":""},"categories":[2261],"tags":[3849],"class_list":["post-72813","post","type-post","status-publish","format-standard","has-post-thumbnail","category-fotografia","tag-fotografia"],"_links":{"self":[{"href":"https:\/\/www.marinigerardi.it\/shop\/wp-json\/wp\/v2\/posts\/72813","targetHints":{"allow":["GET"]}}],"collection":[{"href":"https:\/\/www.marinigerardi.it\/shop\/wp-json\/wp\/v2\/posts"}],"about":[{"href":"https:\/\/www.marinigerardi.it\/shop\/wp-json\/wp\/v2\/types\/post"}],"author":[{"embeddable":true,"href":"https:\/\/www.marinigerardi.it\/shop\/wp-json\/wp\/v2\/users\/1"}],"replies":[{"embeddable":true,"href":"https:\/\/www.marinigerardi.it\/shop\/wp-json\/wp\/v2\/comments?post=72813"}],"version-history":[{"count":0,"href":"https:\/\/www.marinigerardi.it\/shop\/wp-json\/wp\/v2\/posts\/72813\/revisions"}],"wp:featuredmedia":[{"embeddable":true,"href":"https:\/\/www.marinigerardi.it\/shop\/wp-json\/wp\/v2\/media\/72814"}],"wp:attachment":[{"href":"https:\/\/www.marinigerardi.it\/shop\/wp-json\/wp\/v2\/media?parent=72813"}],"wp:term":[{"taxonomy":"category","embeddable":true,"href":"https:\/\/www.marinigerardi.it\/shop\/wp-json\/wp\/v2\/categories?post=72813"},{"taxonomy":"post_tag","embeddable":true,"href":"https:\/\/www.marinigerardi.it\/shop\/wp-json\/wp\/v2\/tags?post=72813"}],"curies":[{"name":"wp","href":"https:\/\/api.w.org\/{rel}","templated":true}]}}