{"id":62434,"date":"2023-09-02T00:09:05","date_gmt":"2023-09-02T00:09:05","guid":{"rendered":"https:\/\/www.marinigerardi.it\/shop\/?p=62434"},"modified":"2024-07-16T10:42:35","modified_gmt":"2024-07-16T10:42:35","slug":"ruth-orkin-mostra-fotografica-francia-2023","status":"publish","type":"post","link":"https:\/\/www.marinigerardi.it\/shop\/ruth-orkin-mostra-fotografica-francia-2023\/","title":{"rendered":"RUTH ORKIN Mostra Fotografica Francia 19 SETTEMBRE 2023 \u2013 14 GENNAIO 2024 Fondazione Henri Cartier Bresson"},"content":{"rendered":"<div class=\"wpb-content-wrapper\" id=\"wpb-content-root\"><p>[vc_row][vc_column]\t\t<div id=\"wd-64f27d4448584\" class=\"wd-text-block wd-wpb reset-last-child wd-rs-64f27d4448584 text-left \">\n\t\t\t<p style=\"text-align: justify;\"><strong><a href=\"https:\/\/www.marinigerardi.it\/shop\/ruth-orkin-mostra-fotografica-francia-2023\/\">L&#8217;esposizione inaugura un nuovo capitolo nella storia della fotografia,<\/a> presentando per la prima volta in Francia una mostra personale dedicata alla straordinaria fotografa americana, Ruth Orkin (1921-1985).<\/strong> La sua fama \u00e8 stata fortemente influenzata dalla celebre immagine<strong> &#8220;American Girl in Italy&#8221;<\/strong> (1951), un&#8217;icona che ritrae una donna viaggiatrice da sola. Questa mostra offre un&#8217;opportunit\u00e0 unica di immergersi nella vita e nel lavoro di questa artista visionaria.<\/p>\n<p style=\"text-align: justify;\">Ma la storia di Ruth Orkin inizia molto prima di questo capolavoro iconico. Quando aveva solo 17 anni, vivendo ancora con i suoi genitori a Los Angeles, intraprese un audace viaggio solitario attraverso gli Stati Uniti, da ovest a est. Nel 1939, in un&#8217;epoca in cui l&#8217;indipendenza delle donne era ancora in fase di evoluzione, Orkin ha dimostrato una straordinaria audacia attraverso il suo pionieristico viaggio.<\/p>\n\t\t<\/div>\n\t\t[vc_single_image image=&#8221;62408&#8243; img_size=&#8221;full&#8221; add_caption=&#8221;yes&#8221; alignment=&#8221;center&#8221; onclick=&#8221;link_image&#8221; parallax_scroll=&#8221;no&#8221; woodmart_inline=&#8221;no&#8221;][\/vc_column][\/vc_row][vc_row][vc_column]\t\t<div id=\"wd-64f27bf4d09cf\" class=\"wd-text-block wd-wpb reset-last-child wd-rs-64f27bf4d09cf text-left \">\n\t\t\t<p style=\"text-align: justify;\"><strong>Meno importante era il mezzo di trasporto &#8211; che fosse in macchina, treno o autobus &#8211; quanto la sua determinazione a esplorare le citt\u00e0 lungo il percorso:<\/strong> Chicago, Filadelfia, Washington, New York, Boston e San Francisco. La sua bicicletta le ha permesso di immergersi nelle citt\u00e0, catturando scene urbane, autoritratti e composizioni sorprendenti, il tutto con un occhio affinato per la prospettiva e la composizione.<\/p>\n<p style=\"text-align: justify;\"><strong>Il suo viaggio ha attirato l&#8217;attenzione dei giornali locali in ogni citt\u00e0 che ha visitato<\/strong>, dando vita a una narrazione pubblica della sua avventura. Le interviste e le fotografie delle sue imprese hanno contribuito a creare una sorta di &#8220;culto della personalit\u00e0&#8221; intorno a Ruth Orkin, che ha ricevuto inviti ovunque, biglietti per spettacoli e persino una nuova bicicletta grazie alla sua inaspettata notoriet\u00e0.<\/p>\n\t\t<\/div>\n\t\t\n\t\t<div id=\"wd-64f27ac2abdf8\" class=\"title-wrapper wd-wpb wd-set-mb reset-last-child  wd-rs-64f27ac2abdf8 wd-title-color-default wd-title-style-underlined text-center  wd-underline-colored\">\n\t\t\t\t\t\t\t\n\t\t\t\t<div class=\"title-subtitle  subtitle-color-default font-default subtitle-style-default wd-font-weight- wd-fontsize-xs\">RUTH ORKIN<\/div>\n\t\t\t\n\t\t\t<div class=\"liner-continer\">\n\t\t\t\t<h4 class=\"woodmart-title-container title  wd-font-weight-500 wd-fontsize-xl\" >19 SETTEMBRE 2023 \u2013 14 GENNAIO 2024 Fondazione Henri Cartier Bresson Mosztra Fotografica<\/h4>\n\t\t\t\t\t\t\t<\/div>\n\t\t\t\n\t\t\t\n\t\t\t\n\t\t<\/div>\n\t\t\n\t\t[vc_single_image image=&#8221;62441&#8243; img_size=&#8221;full&#8221; add_caption=&#8221;yes&#8221; alignment=&#8221;center&#8221; onclick=&#8221;link_image&#8221; parallax_scroll=&#8221;no&#8221; woodmart_inline=&#8221;no&#8221;][\/vc_column][\/vc_row][vc_row][vc_column]\n\t\t<div id=\"wd-64f27ebfe5a59\" class=\"title-wrapper wd-wpb wd-set-mb reset-last-child  wd-rs-64f27ebfe5a59 wd-title-color-default wd-title-style-underlined text-center  wd-underline-colored\">\n\t\t\t\t\t\t\t\n\t\t\t\t<div class=\"title-subtitle  subtitle-color-default font-default subtitle-style-default wd-font-weight- wd-fontsize-xs\">RUTH ORKIN<\/div>\n\t\t\t\n\t\t\t<div class=\"liner-continer\">\n\t\t\t\t<h2 class=\"woodmart-title-container title  wd-font-weight-500 wd-fontsize-xl\" >VIAGGIO IN BICICLETTA, STATI UNITI, 1939 \u2013 19 SETTEMBRE 2023 \u2013 14 GENNAIO 2024 - Mostra Fotografica in Francia Fondazione Henri Cartier Bresson<\/h2>\n\t\t\t\t\t\t\t<\/div>\n\t\t\t\n\t\t\t\n\t\t\t\n\t\t<\/div>\n\t\t\n\t\t[vc_single_image image=&#8221;62443&#8243; img_size=&#8221;full&#8221; add_caption=&#8221;yes&#8221; alignment=&#8221;center&#8221; onclick=&#8221;link_image&#8221; parallax_scroll=&#8221;no&#8221; woodmart_inline=&#8221;no&#8221;]\t\t<div id=\"wd-64f27ed295884\" class=\"wd-text-block wd-wpb reset-last-child wd-rs-64f27ed295884 text-left \">\n\t\t\t<p style=\"text-align: justify;\"><strong>Sebbene l&#8217;obiettivo dichiarato di Orkin fosse originariamente visitare la Fiera Mondiale di New York,<\/strong> il suo viaggio si \u00e8 rivelato molto pi\u00f9 significativo di quanto avesse immaginato. \u00c8 diventato un momento decisivo nella sua vita personale e nel suo sviluppo artistico, rafforzando la saggezza che spesso \u00e8 il viaggio, non la destinazione, a definire la nostra esperienza.<\/p>\n<p style=\"text-align: justify;\"><strong><span style=\"color: #ff6600;\"><a style=\"color: #ff6600;\" href=\"https:\/\/www.henricartierbresson.org\/en\/expositions\/ruth-orkin\/\" rel=\"nofollow noopener\" target=\"_blank\">L&#8217;esposizione \u00e8 una straordinaria opportunit\u00e0 per immergersi nella straordinaria avventura di Ruth Orkin attraverso una selezione di quaranta fotografie e documenti d&#8217;archivio.<\/a><\/span> Tra questi, spicca il prezioso manoscritto in cui Ruth Orkin ha narrato la sua avventura, permettendo ai visitatori di comprendere meglio il suo viaggio straordinario attraverso gli occhi della fotografa stessa. Una testimonianza di coraggio, indipendenza e talento che continua a ispirare il mondo della fotografia oggi.<\/strong><\/p>\n\t\t<\/div>\n\t\t[vc_message message_box_color=&#8221;violet&#8221;]<strong>Ogni trattamento di dati personali avviene nel rispetto dei principi fissati all\u2019articolo 5 del Regolamento (UE) 2016\/679,<\/strong>[\/vc_message][\/vc_column][\/vc_row]<\/p>\n<\/div>","protected":false},"excerpt":{"rendered":"<p>[vc_row][vc_column][vc_single_image image=&#8221;62408&#8243; img_size=&#8221;full&#8221; add_caption=&#8221;yes&#8221; alignment=&#8221;center&#8221; onclick=&#8221;link_image&#8221; parallax_scroll=&#8221;no&#8221; woodmart_inline=&#8221;no&#8221;][\/vc_column][\/vc_row][vc_row][vc_column][vc_single_image image=&#8221;62441&#8243; img_size=&#8221;full&#8221; add_caption=&#8221;yes&#8221; alignment=&#8221;center&#8221; onclick=&#8221;link_image&#8221; parallax_scroll=&#8221;no&#8221; woodmart_inline=&#8221;no&#8221;][\/vc_column][\/vc_row][vc_row][vc_column][vc_single_image image=&#8221;62443&#8243; img_size=&#8221;full&#8221; add_caption=&#8221;yes&#8221; alignment=&#8221;center&#8221; onclick=&#8221;link_image&#8221;<\/p>\n","protected":false},"author":1,"featured_media":62438,"comment_status":"closed","ping_status":"closed","sticky":false,"template":"","format":"standard","meta":{"footnotes":""},"categories":[2261],"tags":[3603],"class_list":["post-62434","post","type-post","status-publish","format-standard","has-post-thumbnail","category-fotografia","tag-fotografi-famosi"],"_links":{"self":[{"href":"https:\/\/www.marinigerardi.it\/shop\/wp-json\/wp\/v2\/posts\/62434","targetHints":{"allow":["GET"]}}],"collection":[{"href":"https:\/\/www.marinigerardi.it\/shop\/wp-json\/wp\/v2\/posts"}],"about":[{"href":"https:\/\/www.marinigerardi.it\/shop\/wp-json\/wp\/v2\/types\/post"}],"author":[{"embeddable":true,"href":"https:\/\/www.marinigerardi.it\/shop\/wp-json\/wp\/v2\/users\/1"}],"replies":[{"embeddable":true,"href":"https:\/\/www.marinigerardi.it\/shop\/wp-json\/wp\/v2\/comments?post=62434"}],"version-history":[{"count":0,"href":"https:\/\/www.marinigerardi.it\/shop\/wp-json\/wp\/v2\/posts\/62434\/revisions"}],"wp:featuredmedia":[{"embeddable":true,"href":"https:\/\/www.marinigerardi.it\/shop\/wp-json\/wp\/v2\/media\/62438"}],"wp:attachment":[{"href":"https:\/\/www.marinigerardi.it\/shop\/wp-json\/wp\/v2\/media?parent=62434"}],"wp:term":[{"taxonomy":"category","embeddable":true,"href":"https:\/\/www.marinigerardi.it\/shop\/wp-json\/wp\/v2\/categories?post=62434"},{"taxonomy":"post_tag","embeddable":true,"href":"https:\/\/www.marinigerardi.it\/shop\/wp-json\/wp\/v2\/tags?post=62434"}],"curies":[{"name":"wp","href":"https:\/\/api.w.org\/{rel}","templated":true}]}}