{"id":40615,"date":"2022-09-07T08:07:45","date_gmt":"2022-09-07T08:07:45","guid":{"rendered":"https:\/\/www.marinigerardi.it\/shop\/?p=40615"},"modified":"2026-07-06T08:51:50","modified_gmt":"2026-07-06T08:51:50","slug":"negozi-di-tende-e-tendaggi-a-galatina","status":"publish","type":"post","link":"https:\/\/www.marinigerardi.it\/shop\/negozi-di-tende-e-tendaggi-a-galatina\/","title":{"rendered":"Negozi di Tende e Tendaggi a Galatina su misura in Lino"},"content":{"rendered":"<div class=\"wpb-content-wrapper\" id=\"wpb-content-root\"><p>[vc_row][vc_column]\n\t\t<div id=\"wd-6a4b53da6bc50\" class=\"title-wrapper wd-wpb wd-set-mb reset-last-child  wd-rs-6a4b53da6bc50 wd-title-color-default wd-title-style-default text-center vc_custom_1783321593882 wd-underline-colored\">\n\t\t\t\n\t\t\t<div class=\"liner-continer\">\n\t\t\t\t<h2 class=\"woodmart-title-container title  wd-font-weight- wd-fontsize-l\" >Negozi di Tende e Tendaggi a Galatina su misura in Lino<\/h2>\n\t\t\t\t\t\t\t<\/div>\n\t\t\t\n\t\t\t\t\t\t\t<div class=\"title-after_title reset-last-child  wd-fontsize-xs\">Showroom di Tende in Lino 100% per interni on provincia di Lecce<\/div>\n\t\t\t\n\t\t\t\n\t\t<\/div>\n\t\t\n\t\t\t\t<div id=\"wd-6a4b53b75a372\" class=\"wd-text-block wd-wpb reset-last-child wd-rs-6a4b53b75a372 text-left \">\n\t\t\t<p style=\"text-align: justify;\">Arredare con le <a href=\"https:\/\/www.marinigerardi.it\/shop\/categoria-prodotto\/tende-da-interni\/tende-in-lino\/\"><strong>tende in lino<\/strong><\/a> a Galatina: personalizzare e rendere immediatamente speciali gli <b>ambienti di casa<\/b>. Anche se di solito \u00e8 l\u2019ultimo passaggio, rappresenta il tocco finale dell\u2019allestimento di un appartamento, il complemento d\u2019arredo che personalizza l\u2019abitazione rendendola unica e speciale dandole atmosfera e carattere. Per questo le tende vanno scelte con attenzione e cura del dettaglio.<\/p>\n\t\t<\/div>\n\t\t<div class=\"woocommerce columns-2 \"><div class=\"wd-products-element\">\t\t\t<div class=\"wd-sticky-loader wd-deferred wd-content-loader\"><span class=\"wd-loader\"><\/span><\/div>\n\t\t\n<div class=\"products wd-products wd-grid-g grid-columns-3 elements-grid pagination-infinit wd-loop-builder-off title-line-two wd-stretch-cont-lg wd-products-with-shadow\" data-source=\"main_loop\" data-min_price=\"\" data-max_price=\"\" data-columns=\"3\" style=\"--wd-col-lg:3;--wd-col-md:3;--wd-col-sm:2;--wd-gap-lg:20px;--wd-gap-sm:10px;\">\n<div class=\"wd-product wd-col wd-hover-standard product-grid-item product type-product post-58473 status-publish last instock product_cat-tende product_cat-tende-in-lino product_cat-tende-shabby-chic has-post-thumbnail taxable shipping-taxable purchasable product-type-simple\" data-loop=\"1\" data-id=\"58473\">\n\t\n<div class=\"wd-product-wrapper product-wrapper\">\n\t<div class=\"wd-product-thumb product-element-top wd-quick-shop\">\n\t\t<a href=\"https:\/\/www.marinigerardi.it\/shop\/prodotto\/tende-a-metraggio\/\" class=\"wd-product-img-link product-image-link\" tabindex=\"-1\" aria-label=\"La PRIMAVERA &#8211; Tessuto per Tende a Metraggio a fiori per Interni\">\n\t\t\t\t\t<div class=\"wd-product-grid-slider wd-fill\">\n\t\t\t\t\t\t\t<div class=\"wd-product-grid-slide\" data-image-url=\"https:\/\/www.marinigerardi.it\/shop\/wp-content\/uploads\/2023\/04\/tessuti-country-a-metraggio-a-fiori-blu-rosso-arancio-250x188.jpg\" data-image-srcset=\"https:\/\/www.marinigerardi.it\/shop\/wp-content\/uploads\/2023\/04\/tessuti-country-a-metraggio-a-fiori-blu-rosso-arancio-250x188.jpg 250w, https:\/\/www.marinigerardi.it\/shop\/wp-content\/uploads\/2023\/04\/tessuti-country-a-metraggio-a-fiori-blu-rosso-arancio-600x450.jpg 600w, https:\/\/www.marinigerardi.it\/shop\/wp-content\/uploads\/2023\/04\/tessuti-country-a-metraggio-a-fiori-blu-rosso-arancio-300x225.jpg 300w, https:\/\/www.marinigerardi.it\/shop\/wp-content\/uploads\/2023\/04\/tessuti-country-a-metraggio-a-fiori-blu-rosso-arancio-768x576.jpg 768w, https:\/\/www.marinigerardi.it\/shop\/wp-content\/uploads\/2023\/04\/tessuti-country-a-metraggio-a-fiori-blu-rosso-arancio.jpg 1024w\" data-image-id=\"0\"><\/div>\n\t\t\t\t\t\t\t<div class=\"wd-product-grid-slide\" data-image-url=\"https:\/\/www.marinigerardi.it\/shop\/wp-content\/uploads\/2023\/04\/tende-a-metraggio-shabby-a-fiori-blu-rosso-arancio-250x188.jpg\" data-image-srcset=\"https:\/\/www.marinigerardi.it\/shop\/wp-content\/uploads\/2023\/04\/tende-a-metraggio-shabby-a-fiori-blu-rosso-arancio-250x188.jpg 250w, https:\/\/www.marinigerardi.it\/shop\/wp-content\/uploads\/2023\/04\/tende-a-metraggio-shabby-a-fiori-blu-rosso-arancio-600x450.jpg 600w, https:\/\/www.marinigerardi.it\/shop\/wp-content\/uploads\/2023\/04\/tende-a-metraggio-shabby-a-fiori-blu-rosso-arancio-300x225.jpg 300w, https:\/\/www.marinigerardi.it\/shop\/wp-content\/uploads\/2023\/04\/tende-a-metraggio-shabby-a-fiori-blu-rosso-arancio-768x576.jpg 768w, https:\/\/www.marinigerardi.it\/shop\/wp-content\/uploads\/2023\/04\/tende-a-metraggio-shabby-a-fiori-blu-rosso-arancio.jpg 1024w\" data-image-id=\"1\"><\/div>\n\t\t\t\t\t\t\t<div class=\"wd-product-grid-slide\" data-image-url=\"https:\/\/www.marinigerardi.it\/shop\/wp-content\/uploads\/2023\/04\/tessuto-per-tende-a-metraggio-a-fiori-blu-rosso-arancio-250x188.jpg\" data-image-srcset=\"https:\/\/www.marinigerardi.it\/shop\/wp-content\/uploads\/2023\/04\/tessuto-per-tende-a-metraggio-a-fiori-blu-rosso-arancio-250x188.jpg 250w, https:\/\/www.marinigerardi.it\/shop\/wp-content\/uploads\/2023\/04\/tessuto-per-tende-a-metraggio-a-fiori-blu-rosso-arancio-600x450.jpg 600w, https:\/\/www.marinigerardi.it\/shop\/wp-content\/uploads\/2023\/04\/tessuto-per-tende-a-metraggio-a-fiori-blu-rosso-arancio-300x225.jpg 300w, https:\/\/www.marinigerardi.it\/shop\/wp-content\/uploads\/2023\/04\/tessuto-per-tende-a-metraggio-a-fiori-blu-rosso-arancio-768x576.jpg 768w, https:\/\/www.marinigerardi.it\/shop\/wp-content\/uploads\/2023\/04\/tessuto-per-tende-a-metraggio-a-fiori-blu-rosso-arancio.jpg 1024w\" data-image-id=\"2\"><\/div>\n\t\t\t\t\t<\/div>\n\n\t\t\n\t\t\t\t\t\t\t<div class=\"wd-product-grid-slider-pagin\">\n\t\t\t\t\t\t\t<div data-image-id=\"0\" class=\"wd-product-grid-slider-dot\"><\/div>\n\t\t\t\t\t\t\t<div data-image-id=\"1\" class=\"wd-product-grid-slider-dot\"><\/div>\n\t\t\t\t\t\t\t<div data-image-id=\"2\" class=\"wd-product-grid-slider-dot\"><\/div>\n\t\t\t\t\t<\/div>\n\t\t\t\t\t\t<img decoding=\"async\" width=\"250\" height=\"188\" src=\"https:\/\/www.marinigerardi.it\/shop\/wp-content\/uploads\/2023\/04\/tessuti-country-a-metraggio-a-fiori-blu-rosso-arancio-250x188.jpg\" class=\"attachment-woocommerce_thumbnail size-woocommerce_thumbnail\" alt=\"Tessuti country a metraggio a fiori blu rosso arancio\" srcset=\"https:\/\/www.marinigerardi.it\/shop\/wp-content\/uploads\/2023\/04\/tessuti-country-a-metraggio-a-fiori-blu-rosso-arancio-250x188.jpg 250w, https:\/\/www.marinigerardi.it\/shop\/wp-content\/uploads\/2023\/04\/tessuti-country-a-metraggio-a-fiori-blu-rosso-arancio-600x450.jpg 600w, https:\/\/www.marinigerardi.it\/shop\/wp-content\/uploads\/2023\/04\/tessuti-country-a-metraggio-a-fiori-blu-rosso-arancio-300x225.jpg.avif 300w, https:\/\/www.marinigerardi.it\/shop\/wp-content\/uploads\/2023\/04\/tessuti-country-a-metraggio-a-fiori-blu-rosso-arancio-768x576.jpg.avif 768w, https:\/\/www.marinigerardi.it\/shop\/wp-content\/uploads\/2023\/04\/tessuti-country-a-metraggio-a-fiori-blu-rosso-arancio.jpg.webp 1024w\" sizes=\"(max-width: 250px) 100vw, 250px\" \/>\t\t<\/a>\n\n\t\t\n\t\t<div class=\"wd-buttons wd-pos-r-t\">\n\t\t\t\t\t\t\t\t\t\t\t\t\t\t<\/div>\n\t<\/div>\n\n\t\t<div class=\"product-element-bottom\">\n\t\n\t\n\t<h3 class=\"wd-entities-title\"><a href=\"https:\/\/www.marinigerardi.it\/shop\/prodotto\/tende-a-metraggio\/\">La PRIMAVERA &#8211; Tessuto per Tende a Metraggio a fiori per Interni<\/a><\/h3>\n\t\t\t\t\t\t<p class=\"wd-product-stock stock wd-style-default in-stock\">Disponibile<\/p>\n\t\t\n\t\n\t<span class=\"price\">185,00&nbsp;&euro;<\/span>\n\n\t<div class=\"wd-add-btn wd-add-btn-replace\">\n\t\t\n\t\t<a href=\"https:\/\/www.marinigerardi.it\/shop\/prodotto\/tende-a-metraggio\/\" class=\"button product_type_simple add-to-cart-loop mg-detail-btn\"><span class=\"wd-action-icon\"><span class=\"wd-check-icon\"><\/span><\/span><span class=\"wd-action-text\">Vedi dettagli<\/span><\/a>\t<\/div>\n\n\t\n\t\n\t\t\t<\/div>\n\t<\/div>\n<\/div>\n<div class=\"wd-product wd-col wd-hover-standard product-grid-item product type-product post-35974 status-publish first instock product_cat-tende-da-interni product_cat-tende-in-lino product_cat-tende-lino product_cat-tende-moderne product_cat-tende-su-misura product_tag-tendaggi-moderni product_tag-tende product_tag-tende-di-lino product_tag-tende-di-lino-moderne product_tag-tende-in-lino product_tag-tende-in-puro-lino has-post-thumbnail taxable shipping-taxable purchasable product-type-simple\" data-loop=\"2\" data-id=\"35974\">\n\t\n<div class=\"wd-product-wrapper product-wrapper\">\n\t<div class=\"wd-product-thumb product-element-top wd-quick-shop\">\n\t\t<a href=\"https:\/\/www.marinigerardi.it\/shop\/prodotto\/diomede-tendaggi-moderni-per-interni-casa\/\" class=\"wd-product-img-link product-image-link\" tabindex=\"-1\" aria-label=\"DIOMEDE &#8211; Tendaggi Moderni per Interni in Lino Stropicciato\">\n\t\t\t\t\t<div class=\"wd-product-grid-slider wd-fill\">\n\t\t\t\t\t\t\t<div class=\"wd-product-grid-slide\" data-image-url=\"https:\/\/www.marinigerardi.it\/shop\/wp-content\/uploads\/2022\/04\/Tendaggi-Moderni-per-Interni-in-Lino-Stropicciato-ambientata-250x188.jpg\" data-image-srcset=\"https:\/\/www.marinigerardi.it\/shop\/wp-content\/uploads\/2022\/04\/Tendaggi-Moderni-per-Interni-in-Lino-Stropicciato-ambientata-250x188.jpg 250w, https:\/\/www.marinigerardi.it\/shop\/wp-content\/uploads\/2022\/04\/Tendaggi-Moderni-per-Interni-in-Lino-Stropicciato-ambientata-600x450.jpg 600w, https:\/\/www.marinigerardi.it\/shop\/wp-content\/uploads\/2022\/04\/Tendaggi-Moderni-per-Interni-in-Lino-Stropicciato-ambientata-300x225.jpg 300w, https:\/\/www.marinigerardi.it\/shop\/wp-content\/uploads\/2022\/04\/Tendaggi-Moderni-per-Interni-in-Lino-Stropicciato-ambientata-768x576.jpg 768w, https:\/\/www.marinigerardi.it\/shop\/wp-content\/uploads\/2022\/04\/Tendaggi-Moderni-per-Interni-in-Lino-Stropicciato-ambientata.jpg 1024w\" data-image-id=\"0\"><\/div>\n\t\t\t\t\t\t\t<div class=\"wd-product-grid-slide\" data-image-url=\"https:\/\/www.marinigerardi.it\/shop\/wp-content\/uploads\/2022\/04\/tende-moderne-soggiorno-casa-in-lino-beige-verde-pistacchio-250x188.jpg\" data-image-srcset=\"https:\/\/www.marinigerardi.it\/shop\/wp-content\/uploads\/2022\/04\/tende-moderne-soggiorno-casa-in-lino-beige-verde-pistacchio-250x188.jpg 250w, https:\/\/www.marinigerardi.it\/shop\/wp-content\/uploads\/2022\/04\/tende-moderne-soggiorno-casa-in-lino-beige-verde-pistacchio-600x450.jpg 600w, https:\/\/www.marinigerardi.it\/shop\/wp-content\/uploads\/2022\/04\/tende-moderne-soggiorno-casa-in-lino-beige-verde-pistacchio-300x225.jpg 300w, https:\/\/www.marinigerardi.it\/shop\/wp-content\/uploads\/2022\/04\/tende-moderne-soggiorno-casa-in-lino-beige-verde-pistacchio-768x576.jpg 768w, https:\/\/www.marinigerardi.it\/shop\/wp-content\/uploads\/2022\/04\/tende-moderne-soggiorno-casa-in-lino-beige-verde-pistacchio.jpg 1024w\" data-image-id=\"1\"><\/div>\n\t\t\t\t\t\t\t<div class=\"wd-product-grid-slide\" data-image-url=\"https:\/\/www.marinigerardi.it\/shop\/wp-content\/uploads\/2022\/04\/tende-moderne-soggiorno-casa-in-lino-250x188.jpg\" data-image-srcset=\"https:\/\/www.marinigerardi.it\/shop\/wp-content\/uploads\/2022\/04\/tende-moderne-soggiorno-casa-in-lino-250x188.jpg 250w, https:\/\/www.marinigerardi.it\/shop\/wp-content\/uploads\/2022\/04\/tende-moderne-soggiorno-casa-in-lino-600x450.jpg 600w, https:\/\/www.marinigerardi.it\/shop\/wp-content\/uploads\/2022\/04\/tende-moderne-soggiorno-casa-in-lino-300x225.jpg 300w, https:\/\/www.marinigerardi.it\/shop\/wp-content\/uploads\/2022\/04\/tende-moderne-soggiorno-casa-in-lino-768x576.jpg 768w, https:\/\/www.marinigerardi.it\/shop\/wp-content\/uploads\/2022\/04\/tende-moderne-soggiorno-casa-in-lino.jpg 1024w\" data-image-id=\"2\"><\/div>\n\t\t\t\t\t<\/div>\n\n\t\t\n\t\t\t\t\t\t\t<div class=\"wd-product-grid-slider-pagin\">\n\t\t\t\t\t\t\t<div data-image-id=\"0\" class=\"wd-product-grid-slider-dot\"><\/div>\n\t\t\t\t\t\t\t<div data-image-id=\"1\" class=\"wd-product-grid-slider-dot\"><\/div>\n\t\t\t\t\t\t\t<div data-image-id=\"2\" class=\"wd-product-grid-slider-dot\"><\/div>\n\t\t\t\t\t<\/div>\n\t\t\t\t\t\t<img decoding=\"async\" width=\"250\" height=\"188\" src=\"https:\/\/www.marinigerardi.it\/shop\/wp-content\/uploads\/2022\/04\/Tendaggi-Moderni-per-Interni-in-Lino-Stropicciato-ambientata-250x188.jpg\" class=\"attachment-woocommerce_thumbnail size-woocommerce_thumbnail\" alt=\"Tendaggi moderni per interni in lino stropicciato ambientata\" srcset=\"https:\/\/www.marinigerardi.it\/shop\/wp-content\/uploads\/2022\/04\/Tendaggi-Moderni-per-Interni-in-Lino-Stropicciato-ambientata-250x188.jpg 250w, https:\/\/www.marinigerardi.it\/shop\/wp-content\/uploads\/2022\/04\/Tendaggi-Moderni-per-Interni-in-Lino-Stropicciato-ambientata-600x450.jpg 600w, https:\/\/www.marinigerardi.it\/shop\/wp-content\/uploads\/2022\/04\/Tendaggi-Moderni-per-Interni-in-Lino-Stropicciato-ambientata-300x225.jpg.avif 300w, https:\/\/www.marinigerardi.it\/shop\/wp-content\/uploads\/2022\/04\/Tendaggi-Moderni-per-Interni-in-Lino-Stropicciato-ambientata-768x576.jpg.avif 768w, https:\/\/www.marinigerardi.it\/shop\/wp-content\/uploads\/2022\/04\/Tendaggi-Moderni-per-Interni-in-Lino-Stropicciato-ambientata.jpg.webp 1024w\" sizes=\"(max-width: 250px) 100vw, 250px\" \/>\t\t<\/a>\n\n\t\t\n\t\t<div class=\"wd-buttons wd-pos-r-t\">\n\t\t\t\t\t\t\t\t\t\t\t\t\t\t<\/div>\n\t<\/div>\n\n\t\t<div class=\"product-element-bottom\">\n\t\n\t\n\t<h3 class=\"wd-entities-title\"><a href=\"https:\/\/www.marinigerardi.it\/shop\/prodotto\/diomede-tendaggi-moderni-per-interni-casa\/\">DIOMEDE &#8211; Tendaggi Moderni per Interni in Lino Stropicciato<\/a><\/h3>\n\t\t\t\t\t\t<p class=\"wd-product-stock stock wd-style-default in-stock\">Disponibile<\/p>\n\t\t\n\t\n\t<span class=\"price\">199,00&nbsp;&euro;<\/span>\n\n\t<div class=\"wd-add-btn wd-add-btn-replace\">\n\t\t\n\t\t<a href=\"https:\/\/www.marinigerardi.it\/shop\/prodotto\/diomede-tendaggi-moderni-per-interni-casa\/\" class=\"button product_type_simple add-to-cart-loop mg-detail-btn\"><span class=\"wd-action-icon\"><span class=\"wd-check-icon\"><\/span><\/span><span class=\"wd-action-text\">Vedi dettagli<\/span><\/a>\t<\/div>\n\n\t\n\t\n\t\t\t<\/div>\n\t<\/div>\n<\/div>\n<div class=\"wd-product wd-col wd-hover-standard product-grid-item product type-product post-7769 status-publish last instock product_cat-tende-in-lino has-post-thumbnail taxable shipping-taxable purchasable product-type-simple\" data-loop=\"3\" data-id=\"7769\">\n\t\n<div class=\"wd-product-wrapper product-wrapper\">\n\t<div class=\"wd-product-thumb product-element-top wd-quick-shop\">\n\t\t<a href=\"https:\/\/www.marinigerardi.it\/shop\/prodotto\/legiziana-tende-e-tendaggi-in-lino\/\" class=\"wd-product-img-link product-image-link\" tabindex=\"-1\" aria-label=\"NEFERTARI &#8211; Tende e Tendaggi in Lino Classici\">\n\t\t\t\t\t<div class=\"wd-product-grid-slider wd-fill\">\n\t\t\t\t\t\t\t<div class=\"wd-product-grid-slide\" data-image-url=\"https:\/\/www.marinigerardi.it\/shop\/wp-content\/uploads\/2021\/01\/Egiziana-tenda-in-lino-Nefertari-la-piu-amata-la-piu-bella-250x188.jpg\" data-image-srcset=\"https:\/\/www.marinigerardi.it\/shop\/wp-content\/uploads\/2021\/01\/Egiziana-tenda-in-lino-Nefertari-la-piu-amata-la-piu-bella-250x188.jpg 250w, https:\/\/www.marinigerardi.it\/shop\/wp-content\/uploads\/2021\/01\/Egiziana-tenda-in-lino-Nefertari-la-piu-amata-la-piu-bella-600x450.jpg 600w, https:\/\/www.marinigerardi.it\/shop\/wp-content\/uploads\/2021\/01\/Egiziana-tenda-in-lino-Nefertari-la-piu-amata-la-piu-bella-300x225.jpg 300w, https:\/\/www.marinigerardi.it\/shop\/wp-content\/uploads\/2021\/01\/Egiziana-tenda-in-lino-Nefertari-la-piu-amata-la-piu-bella-768x576.jpg 768w, https:\/\/www.marinigerardi.it\/shop\/wp-content\/uploads\/2021\/01\/Egiziana-tenda-in-lino-Nefertari-la-piu-amata-la-piu-bella.jpg 1024w\" data-image-id=\"0\"><\/div>\n\t\t\t\t\t\t\t<div class=\"wd-product-grid-slide\" data-image-url=\"https:\/\/www.marinigerardi.it\/shop\/wp-content\/uploads\/2021\/01\/Egiziana-tenda-in-lino-applicazioni-fasce-sovrapposte-in-lino-Nefertari-la-sposa-ideale-250x188.jpg\" data-image-srcset=\"https:\/\/www.marinigerardi.it\/shop\/wp-content\/uploads\/2021\/01\/Egiziana-tenda-in-lino-applicazioni-fasce-sovrapposte-in-lino-Nefertari-la-sposa-ideale-250x188.jpg 250w, https:\/\/www.marinigerardi.it\/shop\/wp-content\/uploads\/2021\/01\/Egiziana-tenda-in-lino-applicazioni-fasce-sovrapposte-in-lino-Nefertari-la-sposa-ideale-600x450.jpg 600w, https:\/\/www.marinigerardi.it\/shop\/wp-content\/uploads\/2021\/01\/Egiziana-tenda-in-lino-applicazioni-fasce-sovrapposte-in-lino-Nefertari-la-sposa-ideale-300x225.jpg 300w, https:\/\/www.marinigerardi.it\/shop\/wp-content\/uploads\/2021\/01\/Egiziana-tenda-in-lino-applicazioni-fasce-sovrapposte-in-lino-Nefertari-la-sposa-ideale-768x576.jpg 768w, https:\/\/www.marinigerardi.it\/shop\/wp-content\/uploads\/2021\/01\/Egiziana-tenda-in-lino-applicazioni-fasce-sovrapposte-in-lino-Nefertari-la-sposa-ideale.jpg 1024w\" data-image-id=\"1\"><\/div>\n\t\t\t\t\t\t\t<div class=\"wd-product-grid-slide\" data-image-url=\"https:\/\/www.marinigerardi.it\/shop\/wp-content\/uploads\/2021\/01\/tenda-da-soggiorno-in-lino-camera-da-letto-Nefertari-250x188.jpg\" data-image-srcset=\"https:\/\/www.marinigerardi.it\/shop\/wp-content\/uploads\/2021\/01\/tenda-da-soggiorno-in-lino-camera-da-letto-Nefertari-250x188.jpg 250w, https:\/\/www.marinigerardi.it\/shop\/wp-content\/uploads\/2021\/01\/tenda-da-soggiorno-in-lino-camera-da-letto-Nefertari-600x450.jpg 600w, https:\/\/www.marinigerardi.it\/shop\/wp-content\/uploads\/2021\/01\/tenda-da-soggiorno-in-lino-camera-da-letto-Nefertari-300x225.jpg 300w, https:\/\/www.marinigerardi.it\/shop\/wp-content\/uploads\/2021\/01\/tenda-da-soggiorno-in-lino-camera-da-letto-Nefertari-768x576.jpg 768w, https:\/\/www.marinigerardi.it\/shop\/wp-content\/uploads\/2021\/01\/tenda-da-soggiorno-in-lino-camera-da-letto-Nefertari.jpg 1024w\" data-image-id=\"2\"><\/div>\n\t\t\t\t\t<\/div>\n\n\t\t\n\t\t\t\t\t\t\t<div class=\"wd-product-grid-slider-pagin\">\n\t\t\t\t\t\t\t<div data-image-id=\"0\" class=\"wd-product-grid-slider-dot\"><\/div>\n\t\t\t\t\t\t\t<div data-image-id=\"1\" class=\"wd-product-grid-slider-dot\"><\/div>\n\t\t\t\t\t\t\t<div data-image-id=\"2\" class=\"wd-product-grid-slider-dot\"><\/div>\n\t\t\t\t\t<\/div>\n\t\t\t\t\t\t<img decoding=\"async\" width=\"250\" height=\"188\" src=\"https:\/\/www.marinigerardi.it\/shop\/wp-content\/uploads\/2021\/01\/Egiziana-tenda-in-lino-Nefertari-la-piu-amata-la-piu-bella-250x188.jpg\" class=\"attachment-woocommerce_thumbnail size-woocommerce_thumbnail\" alt=\"NEFERTARI - Tende e Tendaggi in Lino\" srcset=\"https:\/\/www.marinigerardi.it\/shop\/wp-content\/uploads\/2021\/01\/Egiziana-tenda-in-lino-Nefertari-la-piu-amata-la-piu-bella-250x188.jpg 250w, https:\/\/www.marinigerardi.it\/shop\/wp-content\/uploads\/2021\/01\/Egiziana-tenda-in-lino-Nefertari-la-piu-amata-la-piu-bella-600x450.jpg 600w, https:\/\/www.marinigerardi.it\/shop\/wp-content\/uploads\/2021\/01\/Egiziana-tenda-in-lino-Nefertari-la-piu-amata-la-piu-bella-300x225.jpg.avif 300w, https:\/\/www.marinigerardi.it\/shop\/wp-content\/uploads\/2021\/01\/Egiziana-tenda-in-lino-Nefertari-la-piu-amata-la-piu-bella-768x576.jpg.avif 768w, https:\/\/www.marinigerardi.it\/shop\/wp-content\/uploads\/2021\/01\/Egiziana-tenda-in-lino-Nefertari-la-piu-amata-la-piu-bella.jpg.webp 1024w\" sizes=\"(max-width: 250px) 100vw, 250px\" \/>\t\t<\/a>\n\n\t\t\n\t\t<div class=\"wd-buttons wd-pos-r-t\">\n\t\t\t\t\t\t\t\t\t\t\t\t\t\t<\/div>\n\t<\/div>\n\n\t\t<div class=\"product-element-bottom\">\n\t\n\t\n\t<h3 class=\"wd-entities-title\"><a href=\"https:\/\/www.marinigerardi.it\/shop\/prodotto\/legiziana-tende-e-tendaggi-in-lino\/\">NEFERTARI &#8211; Tende e Tendaggi in Lino Classici<\/a><\/h3>\n\t\t\t\t\t\t\n\t\t\t\t<div class=\"star-rating\" role=\"img\" aria-label=\"Valutato 5.00 su 5\">\n\t\t\t\t\t<span style=\"width:100%\">\n\t\t\tValutato <strong class=\"rating\">5.00<\/strong> su 5\t\t<\/span>\n\t\t\t\t<\/div>\n\n\t\t\n\t\t\t\t\t\t\t\t\t<p class=\"wd-product-stock stock wd-style-default in-stock\">Disponibile<\/p>\n\t\t\n\t\n\t<span class=\"price\">349,00&nbsp;&euro;<\/span>\n\n\t<div class=\"wd-add-btn wd-add-btn-replace\">\n\t\t\n\t\t<a href=\"https:\/\/www.marinigerardi.it\/shop\/prodotto\/legiziana-tende-e-tendaggi-in-lino\/\" class=\"button product_type_simple add-to-cart-loop mg-detail-btn\"><span class=\"wd-action-icon\"><span class=\"wd-check-icon\"><\/span><\/span><span class=\"wd-action-text\">Vedi dettagli<\/span><\/a>\t<\/div>\n\n\t\n\t\n\t\t\t<\/div>\n\t<\/div>\n<\/div>\n<div class=\"wd-product wd-col wd-hover-standard product-grid-item product type-product post-92309 status-publish first instock product_cat-tende-in-lino has-post-thumbnail taxable shipping-taxable purchasable product-type-simple\" data-loop=\"4\" data-id=\"92309\">\n\t\n<div class=\"wd-product-wrapper product-wrapper\">\n\t<div class=\"wd-product-thumb product-element-top wd-quick-shop\">\n\t\t<a href=\"https:\/\/www.marinigerardi.it\/shop\/prodotto\/tende-da-interni-moderni\/\" class=\"wd-product-img-link product-image-link\" tabindex=\"-1\" aria-label=\"ALDEBARAN CR02 &#8211; Tende Da Interni Moderni in Lino Italiano semi oscuranti su misura\">\n\t\t\t\t\t<div class=\"wd-product-grid-slider wd-fill\">\n\t\t\t\t\t\t\t<div class=\"wd-product-grid-slide\" data-image-url=\"https:\/\/www.marinigerardi.it\/shop\/wp-content\/uploads\/2026\/02\/Tende-da-interni-modern-semi-oscuranti-su-misura-ambientate-250x188.jpg\" data-image-srcset=\"https:\/\/www.marinigerardi.it\/shop\/wp-content\/uploads\/2026\/02\/Tende-da-interni-modern-semi-oscuranti-su-misura-ambientate-250x188.jpg 250w, https:\/\/www.marinigerardi.it\/shop\/wp-content\/uploads\/2026\/02\/Tende-da-interni-modern-semi-oscuranti-su-misura-ambientate-600x450.jpg 600w, https:\/\/www.marinigerardi.it\/shop\/wp-content\/uploads\/2026\/02\/Tende-da-interni-modern-semi-oscuranti-su-misura-ambientate-300x225.jpg 300w, https:\/\/www.marinigerardi.it\/shop\/wp-content\/uploads\/2026\/02\/Tende-da-interni-modern-semi-oscuranti-su-misura-ambientate-1024x768.jpg 1024w, https:\/\/www.marinigerardi.it\/shop\/wp-content\/uploads\/2026\/02\/Tende-da-interni-modern-semi-oscuranti-su-misura-ambientate-768x576.jpg 768w, https:\/\/www.marinigerardi.it\/shop\/wp-content\/uploads\/2026\/02\/Tende-da-interni-modern-semi-oscuranti-su-misura-ambientate-1536x1152.jpg 1536w, https:\/\/www.marinigerardi.it\/shop\/wp-content\/uploads\/2026\/02\/Tende-da-interni-modern-semi-oscuranti-su-misura-ambientate.jpg 1600w\" data-image-id=\"0\"><\/div>\n\t\t\t\t\t\t\t<div class=\"wd-product-grid-slide\" data-image-url=\"https:\/\/www.marinigerardi.it\/shop\/wp-content\/uploads\/2026\/02\/Tende-da-interni-modern-semi-oscuranti-ambientate-foglie-verdi-250x188.avif\" data-image-srcset=\"https:\/\/www.marinigerardi.it\/shop\/wp-content\/uploads\/2026\/02\/Tende-da-interni-modern-semi-oscuranti-ambientate-foglie-verdi-250x188.avif 250w, https:\/\/www.marinigerardi.it\/shop\/wp-content\/uploads\/2026\/02\/Tende-da-interni-modern-semi-oscuranti-ambientate-foglie-verdi-300x225.avif 300w, https:\/\/www.marinigerardi.it\/shop\/wp-content\/uploads\/2026\/02\/Tende-da-interni-modern-semi-oscuranti-ambientate-foglie-verdi-1024x768.avif 1024w, https:\/\/www.marinigerardi.it\/shop\/wp-content\/uploads\/2026\/02\/Tende-da-interni-modern-semi-oscuranti-ambientate-foglie-verdi-768x576.avif 768w, https:\/\/www.marinigerardi.it\/shop\/wp-content\/uploads\/2026\/02\/Tende-da-interni-modern-semi-oscuranti-ambientate-foglie-verdi-1536x1152.avif 1536w, https:\/\/www.marinigerardi.it\/shop\/wp-content\/uploads\/2026\/02\/Tende-da-interni-modern-semi-oscuranti-ambientate-foglie-verdi-600x450.avif 600w, https:\/\/www.marinigerardi.it\/shop\/wp-content\/uploads\/2026\/02\/Tende-da-interni-modern-semi-oscuranti-ambientate-foglie-verdi.avif 1600w\" data-image-id=\"1\"><\/div>\n\t\t\t\t\t\t\t<div class=\"wd-product-grid-slide\" data-image-url=\"https:\/\/www.marinigerardi.it\/shop\/wp-content\/uploads\/2026\/02\/Tende-da-interni-modern-particolare-asole-a-sxcomparsa-250x188.avif\" data-image-srcset=\"https:\/\/www.marinigerardi.it\/shop\/wp-content\/uploads\/2026\/02\/Tende-da-interni-modern-particolare-asole-a-sxcomparsa-250x188.avif 250w, https:\/\/www.marinigerardi.it\/shop\/wp-content\/uploads\/2026\/02\/Tende-da-interni-modern-particolare-asole-a-sxcomparsa-300x225.avif 300w, https:\/\/www.marinigerardi.it\/shop\/wp-content\/uploads\/2026\/02\/Tende-da-interni-modern-particolare-asole-a-sxcomparsa-1024x768.avif 1024w, https:\/\/www.marinigerardi.it\/shop\/wp-content\/uploads\/2026\/02\/Tende-da-interni-modern-particolare-asole-a-sxcomparsa-768x576.avif 768w, https:\/\/www.marinigerardi.it\/shop\/wp-content\/uploads\/2026\/02\/Tende-da-interni-modern-particolare-asole-a-sxcomparsa-1536x1152.avif 1536w, https:\/\/www.marinigerardi.it\/shop\/wp-content\/uploads\/2026\/02\/Tende-da-interni-modern-particolare-asole-a-sxcomparsa-600x450.avif 600w, https:\/\/www.marinigerardi.it\/shop\/wp-content\/uploads\/2026\/02\/Tende-da-interni-modern-particolare-asole-a-sxcomparsa.avif 1600w\" data-image-id=\"2\"><\/div>\n\t\t\t\t\t<\/div>\n\n\t\t\n\t\t\t\t\t\t\t<div class=\"wd-product-grid-slider-pagin\">\n\t\t\t\t\t\t\t<div data-image-id=\"0\" class=\"wd-product-grid-slider-dot\"><\/div>\n\t\t\t\t\t\t\t<div data-image-id=\"1\" class=\"wd-product-grid-slider-dot\"><\/div>\n\t\t\t\t\t\t\t<div data-image-id=\"2\" class=\"wd-product-grid-slider-dot\"><\/div>\n\t\t\t\t\t<\/div>\n\t\t\t\t\t\t<img decoding=\"async\" width=\"250\" height=\"188\" src=\"https:\/\/www.marinigerardi.it\/shop\/wp-content\/uploads\/2026\/02\/Tende-da-interni-modern-semi-oscuranti-su-misura-ambientate-250x188.jpg\" class=\"attachment-woocommerce_thumbnail size-woocommerce_thumbnail\" alt=\"Tende da interni moderni semi oscuranti su misura\" srcset=\"https:\/\/www.marinigerardi.it\/shop\/wp-content\/uploads\/2026\/02\/Tende-da-interni-modern-semi-oscuranti-su-misura-ambientate-250x188.jpg 250w, https:\/\/www.marinigerardi.it\/shop\/wp-content\/uploads\/2026\/02\/Tende-da-interni-modern-semi-oscuranti-su-misura-ambientate-600x450.jpg 600w, https:\/\/www.marinigerardi.it\/shop\/wp-content\/uploads\/2026\/02\/Tende-da-interni-modern-semi-oscuranti-su-misura-ambientate-300x225.jpg.avif 300w, https:\/\/www.marinigerardi.it\/shop\/wp-content\/uploads\/2026\/02\/Tende-da-interni-modern-semi-oscuranti-su-misura-ambientate-1024x768.jpg.avif 1024w, https:\/\/www.marinigerardi.it\/shop\/wp-content\/uploads\/2026\/02\/Tende-da-interni-modern-semi-oscuranti-su-misura-ambientate-768x576.jpg.avif 768w, https:\/\/www.marinigerardi.it\/shop\/wp-content\/uploads\/2026\/02\/Tende-da-interni-modern-semi-oscuranti-su-misura-ambientate-1536x1152.jpg.avif 1536w, https:\/\/www.marinigerardi.it\/shop\/wp-content\/uploads\/2026\/02\/Tende-da-interni-modern-semi-oscuranti-su-misura-ambientate.jpg.webp 1600w\" sizes=\"(max-width: 250px) 100vw, 250px\" \/>\t\t<\/a>\n\n\t\t\n\t\t<div class=\"wd-buttons wd-pos-r-t\">\n\t\t\t\t\t\t\t\t\t\t\t\t\t\t<\/div>\n\t<\/div>\n\n\t\t<div class=\"product-element-bottom\">\n\t\n\t\n\t<h3 class=\"wd-entities-title\"><a href=\"https:\/\/www.marinigerardi.it\/shop\/prodotto\/tende-da-interni-moderni\/\">ALDEBARAN CR02 &#8211; Tende Da Interni Moderni in Lino Italiano semi oscuranti su misura<\/a><\/h3>\n\t\t\t\t\t\t\n\t\t\t\t<div class=\"star-rating\" role=\"img\" aria-label=\"Valutato 4.67 su 5\">\n\t\t\t\t\t<span style=\"width:93.4%\">\n\t\t\tValutato <strong class=\"rating\">4.67<\/strong> su 5\t\t<\/span>\n\t\t\t\t<\/div>\n\n\t\t\n\t\t\t\t\t\t\t\t\t<p class=\"wd-product-stock stock wd-style-default in-stock\">Disponibile<\/p>\n\t\t\n\t\n\t<span class=\"price\">184,50&nbsp;&euro;<\/span>\n\n\t<div class=\"wd-add-btn wd-add-btn-replace\">\n\t\t\n\t\t<a href=\"https:\/\/www.marinigerardi.it\/shop\/prodotto\/tende-da-interni-moderni\/\" class=\"button product_type_simple add-to-cart-loop mg-detail-btn\"><span class=\"wd-action-icon\"><span class=\"wd-check-icon\"><\/span><\/span><span class=\"wd-action-text\">Vedi dettagli<\/span><\/a>\t<\/div>\n\n\t\n\t\n\t\t\t<\/div>\n\t<\/div>\n<\/div>\n<div class=\"wd-product wd-col wd-hover-standard product-grid-item product type-product post-12884 status-publish last instock product_cat-tende-in-lino has-post-thumbnail taxable shipping-taxable purchasable product-type-simple\" data-loop=\"5\" data-id=\"12884\">\n\t\n<div class=\"wd-product-wrapper product-wrapper\">\n\t<div class=\"wd-product-thumb product-element-top wd-quick-shop\">\n\t\t<a href=\"https:\/\/www.marinigerardi.it\/shop\/prodotto\/neviano-tende-tendaggi-da-interni-eleganti\/\" class=\"wd-product-img-link product-image-link\" tabindex=\"-1\" aria-label=\"NEVIANO &#8211; Tende e Tendaggi da interni in lino\">\n\t\t\t\t\t<div class=\"wd-product-grid-slider wd-fill\">\n\t\t\t\t\t\t\t<div class=\"wd-product-grid-slide\" data-image-url=\"https:\/\/www.marinigerardi.it\/shop\/wp-content\/uploads\/2021\/09\/tenda-in-lino-Neviano-decora-casa-arredo-interni-250x188.jpg\" data-image-srcset=\"https:\/\/www.marinigerardi.it\/shop\/wp-content\/uploads\/2021\/09\/tenda-in-lino-Neviano-decora-casa-arredo-interni-250x188.jpg 250w, https:\/\/www.marinigerardi.it\/shop\/wp-content\/uploads\/2021\/09\/tenda-in-lino-Neviano-decora-casa-arredo-interni-600x450.jpg 600w, https:\/\/www.marinigerardi.it\/shop\/wp-content\/uploads\/2021\/09\/tenda-in-lino-Neviano-decora-casa-arredo-interni-300x225.jpg 300w, https:\/\/www.marinigerardi.it\/shop\/wp-content\/uploads\/2021\/09\/tenda-in-lino-Neviano-decora-casa-arredo-interni-768x576.jpg 768w, https:\/\/www.marinigerardi.it\/shop\/wp-content\/uploads\/2021\/09\/tenda-in-lino-Neviano-decora-casa-arredo-interni.jpg 1024w\" data-image-id=\"0\"><\/div>\n\t\t\t\t\t\t\t<div class=\"wd-product-grid-slide\" data-image-url=\"https:\/\/www.marinigerardi.it\/shop\/wp-content\/uploads\/2021\/09\/tenda-in-lino-composita-casa-interni-arredo-soggiorno-letto-250x188.jpg\" data-image-srcset=\"https:\/\/www.marinigerardi.it\/shop\/wp-content\/uploads\/2021\/09\/tenda-in-lino-composita-casa-interni-arredo-soggiorno-letto-250x188.jpg 250w, https:\/\/www.marinigerardi.it\/shop\/wp-content\/uploads\/2021\/09\/tenda-in-lino-composita-casa-interni-arredo-soggiorno-letto-600x450.jpg 600w, https:\/\/www.marinigerardi.it\/shop\/wp-content\/uploads\/2021\/09\/tenda-in-lino-composita-casa-interni-arredo-soggiorno-letto-300x225.jpg 300w, https:\/\/www.marinigerardi.it\/shop\/wp-content\/uploads\/2021\/09\/tenda-in-lino-composita-casa-interni-arredo-soggiorno-letto-768x576.jpg 768w, https:\/\/www.marinigerardi.it\/shop\/wp-content\/uploads\/2021\/09\/tenda-in-lino-composita-casa-interni-arredo-soggiorno-letto.jpg 1024w\" data-image-id=\"1\"><\/div>\n\t\t\t\t\t\t\t<div class=\"wd-product-grid-slide\" data-image-url=\"https:\/\/www.marinigerardi.it\/shop\/wp-content\/uploads\/2021\/09\/tenda-in-lino-Neviano-tenda-interni-arredo-turchese-250x188.jpg\" data-image-srcset=\"https:\/\/www.marinigerardi.it\/shop\/wp-content\/uploads\/2021\/09\/tenda-in-lino-Neviano-tenda-interni-arredo-turchese-250x188.jpg 250w, https:\/\/www.marinigerardi.it\/shop\/wp-content\/uploads\/2021\/09\/tenda-in-lino-Neviano-tenda-interni-arredo-turchese-600x450.jpg 600w, https:\/\/www.marinigerardi.it\/shop\/wp-content\/uploads\/2021\/09\/tenda-in-lino-Neviano-tenda-interni-arredo-turchese-300x225.jpg 300w, https:\/\/www.marinigerardi.it\/shop\/wp-content\/uploads\/2021\/09\/tenda-in-lino-Neviano-tenda-interni-arredo-turchese-768x576.jpg 768w, https:\/\/www.marinigerardi.it\/shop\/wp-content\/uploads\/2021\/09\/tenda-in-lino-Neviano-tenda-interni-arredo-turchese.jpg 1024w\" data-image-id=\"2\"><\/div>\n\t\t\t\t\t\t\t<div class=\"wd-product-grid-slide\" data-image-url=\"https:\/\/www.marinigerardi.it\/shop\/wp-content\/uploads\/2021\/09\/tenda-in-lino-Neviano-tenda-interni-arredo-250x188.jpg\" data-image-srcset=\"https:\/\/www.marinigerardi.it\/shop\/wp-content\/uploads\/2021\/09\/tenda-in-lino-Neviano-tenda-interni-arredo-250x188.jpg 250w, https:\/\/www.marinigerardi.it\/shop\/wp-content\/uploads\/2021\/09\/tenda-in-lino-Neviano-tenda-interni-arredo-600x450.jpg 600w, https:\/\/www.marinigerardi.it\/shop\/wp-content\/uploads\/2021\/09\/tenda-in-lino-Neviano-tenda-interni-arredo-300x225.jpg 300w, https:\/\/www.marinigerardi.it\/shop\/wp-content\/uploads\/2021\/09\/tenda-in-lino-Neviano-tenda-interni-arredo-768x576.jpg 768w, https:\/\/www.marinigerardi.it\/shop\/wp-content\/uploads\/2021\/09\/tenda-in-lino-Neviano-tenda-interni-arredo.jpg 1024w\" data-image-id=\"3\"><\/div>\n\t\t\t\t\t<\/div>\n\n\t\t\n\t\t\t\t\t\t\t<div class=\"wd-product-grid-slider-pagin\">\n\t\t\t\t\t\t\t<div data-image-id=\"0\" class=\"wd-product-grid-slider-dot\"><\/div>\n\t\t\t\t\t\t\t<div data-image-id=\"1\" class=\"wd-product-grid-slider-dot\"><\/div>\n\t\t\t\t\t\t\t<div data-image-id=\"2\" class=\"wd-product-grid-slider-dot\"><\/div>\n\t\t\t\t\t\t\t<div data-image-id=\"3\" class=\"wd-product-grid-slider-dot\"><\/div>\n\t\t\t\t\t<\/div>\n\t\t\t\t\t\t<img decoding=\"async\" width=\"250\" height=\"188\" src=\"https:\/\/www.marinigerardi.it\/shop\/wp-content\/uploads\/2021\/09\/tenda-in-lino-Neviano-decora-casa-arredo-interni-250x188.jpg\" class=\"attachment-woocommerce_thumbnail size-woocommerce_thumbnail\" alt=\"NEVIANO - Tende da Interno Tendaggi da interni in lino\" srcset=\"https:\/\/www.marinigerardi.it\/shop\/wp-content\/uploads\/2021\/09\/tenda-in-lino-Neviano-decora-casa-arredo-interni-250x188.jpg 250w, https:\/\/www.marinigerardi.it\/shop\/wp-content\/uploads\/2021\/09\/tenda-in-lino-Neviano-decora-casa-arredo-interni-600x450.jpg 600w, https:\/\/www.marinigerardi.it\/shop\/wp-content\/uploads\/2021\/09\/tenda-in-lino-Neviano-decora-casa-arredo-interni-300x225.jpg.avif 300w, https:\/\/www.marinigerardi.it\/shop\/wp-content\/uploads\/2021\/09\/tenda-in-lino-Neviano-decora-casa-arredo-interni-768x576.jpg.avif 768w, https:\/\/www.marinigerardi.it\/shop\/wp-content\/uploads\/2021\/09\/tenda-in-lino-Neviano-decora-casa-arredo-interni.jpg.webp 1024w\" sizes=\"(max-width: 250px) 100vw, 250px\" \/>\t\t<\/a>\n\n\t\t\n\t\t<div class=\"wd-buttons wd-pos-r-t\">\n\t\t\t\t\t\t\t\t\t\t\t\t\t\t<\/div>\n\t<\/div>\n\n\t\t<div class=\"product-element-bottom\">\n\t\n\t\n\t<h3 class=\"wd-entities-title\"><a href=\"https:\/\/www.marinigerardi.it\/shop\/prodotto\/neviano-tende-tendaggi-da-interni-eleganti\/\">NEVIANO &#8211; Tende e Tendaggi da interni in lino<\/a><\/h3>\n\t\t\t\t\t\t<p class=\"wd-product-stock stock wd-style-default in-stock\">Disponibile<\/p>\n\t\t\n\t\n\t<span class=\"price\">269,00&nbsp;&euro;<\/span>\n\n\t<div class=\"wd-add-btn wd-add-btn-replace\">\n\t\t\n\t\t<a href=\"https:\/\/www.marinigerardi.it\/shop\/prodotto\/neviano-tende-tendaggi-da-interni-eleganti\/\" class=\"button product_type_simple add-to-cart-loop mg-detail-btn\"><span class=\"wd-action-icon\"><span class=\"wd-check-icon\"><\/span><\/span><span class=\"wd-action-text\">Vedi dettagli<\/span><\/a>\t<\/div>\n\n\t\n\t\n\t\t\t<\/div>\n\t<\/div>\n<\/div>\n<div class=\"wd-product wd-col wd-hover-standard product-grid-item product type-product post-67472 status-publish first instock product_cat-tende-in-lino has-post-thumbnail taxable shipping-taxable purchasable product-type-simple\" data-loop=\"6\" data-id=\"67472\">\n\t\n<div class=\"wd-product-wrapper product-wrapper\">\n\t<div class=\"wd-product-thumb product-element-top wd-quick-shop\">\n\t\t<a href=\"https:\/\/www.marinigerardi.it\/shop\/prodotto\/tende-per-sala-moderna\/\" class=\"wd-product-img-link product-image-link\" tabindex=\"-1\" aria-label=\"Tende per Sala Moderna &#8211; FEDELTA\u2019 &#8211; Tende Moderne per Soggiorno\">\n\t\t\t\t\t<div class=\"wd-product-grid-slider wd-fill\">\n\t\t\t\t\t\t\t<div class=\"wd-product-grid-slide\" data-image-url=\"https:\/\/www.marinigerardi.it\/shop\/wp-content\/uploads\/2024\/05\/Tende-per-Sala-Moderna-salone-divano-vvista-mare-250x188.jpg\" data-image-srcset=\"https:\/\/www.marinigerardi.it\/shop\/wp-content\/uploads\/2024\/05\/Tende-per-Sala-Moderna-salone-divano-vvista-mare-250x188.jpg 250w, https:\/\/www.marinigerardi.it\/shop\/wp-content\/uploads\/2024\/05\/Tende-per-Sala-Moderna-salone-divano-vvista-mare-600x450.jpg 600w, https:\/\/www.marinigerardi.it\/shop\/wp-content\/uploads\/2024\/05\/Tende-per-Sala-Moderna-salone-divano-vvista-mare-300x225.jpg 300w, https:\/\/www.marinigerardi.it\/shop\/wp-content\/uploads\/2024\/05\/Tende-per-Sala-Moderna-salone-divano-vvista-mare-768x576.jpg 768w, https:\/\/www.marinigerardi.it\/shop\/wp-content\/uploads\/2024\/05\/Tende-per-Sala-Moderna-salone-divano-vvista-mare.jpg 1024w\" data-image-id=\"0\"><\/div>\n\t\t\t\t\t\t\t<div class=\"wd-product-grid-slide\" data-image-url=\"https:\/\/www.marinigerardi.it\/shop\/wp-content\/uploads\/2024\/05\/Tende-per-Sala-Moderna-poltrona-vimini-vetrata-vista-mare-250x188.jpg\" data-image-srcset=\"https:\/\/www.marinigerardi.it\/shop\/wp-content\/uploads\/2024\/05\/Tende-per-Sala-Moderna-poltrona-vimini-vetrata-vista-mare-250x188.jpg 250w, https:\/\/www.marinigerardi.it\/shop\/wp-content\/uploads\/2024\/05\/Tende-per-Sala-Moderna-poltrona-vimini-vetrata-vista-mare-600x450.jpg 600w, https:\/\/www.marinigerardi.it\/shop\/wp-content\/uploads\/2024\/05\/Tende-per-Sala-Moderna-poltrona-vimini-vetrata-vista-mare-300x225.jpg 300w, https:\/\/www.marinigerardi.it\/shop\/wp-content\/uploads\/2024\/05\/Tende-per-Sala-Moderna-poltrona-vimini-vetrata-vista-mare-768x576.jpg 768w, https:\/\/www.marinigerardi.it\/shop\/wp-content\/uploads\/2024\/05\/Tende-per-Sala-Moderna-poltrona-vimini-vetrata-vista-mare.jpg 1024w\" data-image-id=\"1\"><\/div>\n\t\t\t\t\t\t\t<div class=\"wd-product-grid-slide\" data-image-url=\"https:\/\/www.marinigerardi.it\/shop\/wp-content\/uploads\/2023\/04\/tende-per-interni-moderne-soggiorno-in-lino-250x188.jpg\" data-image-srcset=\"https:\/\/www.marinigerardi.it\/shop\/wp-content\/uploads\/2023\/04\/tende-per-interni-moderne-soggiorno-in-lino-250x188.jpg 250w, https:\/\/www.marinigerardi.it\/shop\/wp-content\/uploads\/2023\/04\/tende-per-interni-moderne-soggiorno-in-lino-600x450.jpg 600w, https:\/\/www.marinigerardi.it\/shop\/wp-content\/uploads\/2023\/04\/tende-per-interni-moderne-soggiorno-in-lino-300x225.jpg 300w, https:\/\/www.marinigerardi.it\/shop\/wp-content\/uploads\/2023\/04\/tende-per-interni-moderne-soggiorno-in-lino-768x576.jpg 768w, https:\/\/www.marinigerardi.it\/shop\/wp-content\/uploads\/2023\/04\/tende-per-interni-moderne-soggiorno-in-lino.jpg 1024w\" data-image-id=\"2\"><\/div>\n\t\t\t\t\t\t\t<div class=\"wd-product-grid-slide\" data-image-url=\"https:\/\/www.marinigerardi.it\/shop\/wp-content\/uploads\/2023\/04\/tende-da-interno-moderne-immagini-250x188.jpg\" data-image-srcset=\"https:\/\/www.marinigerardi.it\/shop\/wp-content\/uploads\/2023\/04\/tende-da-interno-moderne-immagini-250x188.jpg 250w, https:\/\/www.marinigerardi.it\/shop\/wp-content\/uploads\/2023\/04\/tende-da-interno-moderne-immagini-600x450.jpg 600w, https:\/\/www.marinigerardi.it\/shop\/wp-content\/uploads\/2023\/04\/tende-da-interno-moderne-immagini-300x225.jpg 300w, https:\/\/www.marinigerardi.it\/shop\/wp-content\/uploads\/2023\/04\/tende-da-interno-moderne-immagini-768x576.jpg 768w, https:\/\/www.marinigerardi.it\/shop\/wp-content\/uploads\/2023\/04\/tende-da-interno-moderne-immagini.jpg 1024w\" data-image-id=\"3\"><\/div>\n\t\t\t\t\t<\/div>\n\n\t\t\n\t\t\t\t\t\t\t<div class=\"wd-product-grid-slider-pagin\">\n\t\t\t\t\t\t\t<div data-image-id=\"0\" class=\"wd-product-grid-slider-dot\"><\/div>\n\t\t\t\t\t\t\t<div data-image-id=\"1\" class=\"wd-product-grid-slider-dot\"><\/div>\n\t\t\t\t\t\t\t<div data-image-id=\"2\" class=\"wd-product-grid-slider-dot\"><\/div>\n\t\t\t\t\t\t\t<div data-image-id=\"3\" class=\"wd-product-grid-slider-dot\"><\/div>\n\t\t\t\t\t<\/div>\n\t\t\t\t\t\t<img decoding=\"async\" width=\"250\" height=\"188\" src=\"https:\/\/www.marinigerardi.it\/shop\/wp-content\/uploads\/2024\/05\/Tende-per-Sala-Moderna-salone-divano-vvista-mare-250x188.jpg\" class=\"attachment-woocommerce_thumbnail size-woocommerce_thumbnail\" alt=\"Tende per sala moderna salone divano vvista mare\" srcset=\"https:\/\/www.marinigerardi.it\/shop\/wp-content\/uploads\/2024\/05\/Tende-per-Sala-Moderna-salone-divano-vvista-mare-250x188.jpg 250w, https:\/\/www.marinigerardi.it\/shop\/wp-content\/uploads\/2024\/05\/Tende-per-Sala-Moderna-salone-divano-vvista-mare-600x450.jpg 600w, https:\/\/www.marinigerardi.it\/shop\/wp-content\/uploads\/2024\/05\/Tende-per-Sala-Moderna-salone-divano-vvista-mare-300x225.jpg.avif 300w, https:\/\/www.marinigerardi.it\/shop\/wp-content\/uploads\/2024\/05\/Tende-per-Sala-Moderna-salone-divano-vvista-mare-768x576.jpg.avif 768w, https:\/\/www.marinigerardi.it\/shop\/wp-content\/uploads\/2024\/05\/Tende-per-Sala-Moderna-salone-divano-vvista-mare.jpg.avif 1024w\" sizes=\"(max-width: 250px) 100vw, 250px\" \/>\t\t<\/a>\n\n\t\t\n\t\t<div class=\"wd-buttons wd-pos-r-t\">\n\t\t\t\t\t\t\t\t\t\t\t\t\t\t<\/div>\n\t<\/div>\n\n\t\t<div class=\"product-element-bottom\">\n\t\n\t\n\t<h3 class=\"wd-entities-title\"><a href=\"https:\/\/www.marinigerardi.it\/shop\/prodotto\/tende-per-sala-moderna\/\">Tende per Sala Moderna &#8211; FEDELTA\u2019 &#8211; Tende Moderne per Soggiorno<\/a><\/h3>\n\t\t\t\t\t\t<p class=\"wd-product-stock stock wd-style-default in-stock\">Disponibile<\/p>\n\t\t\n\t\n\t<span class=\"price\">135,00&nbsp;&euro;<\/span>\n\n\t<div class=\"wd-add-btn wd-add-btn-replace\">\n\t\t\n\t\t<a href=\"https:\/\/www.marinigerardi.it\/shop\/prodotto\/tende-per-sala-moderna\/\" class=\"button product_type_simple add-to-cart-loop mg-detail-btn\"><span class=\"wd-action-icon\"><span class=\"wd-check-icon\"><\/span><\/span><span class=\"wd-action-text\">Vedi dettagli<\/span><\/a>\t<\/div>\n\n\t\n\t\n\t\t\t<\/div>\n\t<\/div>\n<\/div>\n<div class=\"wd-product wd-col wd-hover-standard product-grid-item product type-product post-35872 status-publish last instock product_cat-tende-da-interni product_cat-tende-in-lino product_cat-tende-interni product_cat-tende-interno product_cat-tende-lino product_cat-tende-moderne product_cat-tende-su-misura product_tag-tende product_tag-tende-da-interni-moderne product_tag-tende-da-interno has-post-thumbnail taxable shipping-taxable purchasable product-type-simple\" data-loop=\"7\" data-id=\"35872\">\n\t\n<div class=\"wd-product-wrapper product-wrapper\">\n\t<div class=\"wd-product-thumb product-element-top wd-quick-shop\">\n\t\t<a href=\"https:\/\/www.marinigerardi.it\/shop\/prodotto\/tende-moderne-da-interno-lino-desdemona\/\" class=\"wd-product-img-link product-image-link\" tabindex=\"-1\" aria-label=\"DESDEMONA &#8211; Tende Moderne da Interno realizzata con tessuto in lino canapone\">\n\t\t\t\t\t<div class=\"wd-product-grid-slider wd-fill\">\n\t\t\t\t\t\t\t<div class=\"wd-product-grid-slide\" data-image-url=\"https:\/\/www.marinigerardi.it\/shop\/wp-content\/uploads\/2022\/03\/tende-di-lino-moderne-in-soggiorno-con-applicazioni-250x188.jpg\" data-image-srcset=\"https:\/\/www.marinigerardi.it\/shop\/wp-content\/uploads\/2022\/03\/tende-di-lino-moderne-in-soggiorno-con-applicazioni-250x188.jpg 250w, https:\/\/www.marinigerardi.it\/shop\/wp-content\/uploads\/2022\/03\/tende-di-lino-moderne-in-soggiorno-con-applicazioni-600x450.jpg 600w, https:\/\/www.marinigerardi.it\/shop\/wp-content\/uploads\/2022\/03\/tende-di-lino-moderne-in-soggiorno-con-applicazioni-300x225.jpg 300w, https:\/\/www.marinigerardi.it\/shop\/wp-content\/uploads\/2022\/03\/tende-di-lino-moderne-in-soggiorno-con-applicazioni-768x576.jpg 768w, https:\/\/www.marinigerardi.it\/shop\/wp-content\/uploads\/2022\/03\/tende-di-lino-moderne-in-soggiorno-con-applicazioni.jpg 1024w\" data-image-id=\"0\"><\/div>\n\t\t\t\t\t\t\t<div class=\"wd-product-grid-slide\" data-image-url=\"https:\/\/www.marinigerardi.it\/shop\/wp-content\/uploads\/2022\/03\/tende-moderne-soggiorno-in-lino-canapone-con-applicazioni-250x188.jpg\" data-image-srcset=\"https:\/\/www.marinigerardi.it\/shop\/wp-content\/uploads\/2022\/03\/tende-moderne-soggiorno-in-lino-canapone-con-applicazioni-250x188.jpg 250w, https:\/\/www.marinigerardi.it\/shop\/wp-content\/uploads\/2022\/03\/tende-moderne-soggiorno-in-lino-canapone-con-applicazioni-600x450.jpg 600w, https:\/\/www.marinigerardi.it\/shop\/wp-content\/uploads\/2022\/03\/tende-moderne-soggiorno-in-lino-canapone-con-applicazioni-300x225.jpg 300w, https:\/\/www.marinigerardi.it\/shop\/wp-content\/uploads\/2022\/03\/tende-moderne-soggiorno-in-lino-canapone-con-applicazioni-768x576.jpg 768w, https:\/\/www.marinigerardi.it\/shop\/wp-content\/uploads\/2022\/03\/tende-moderne-soggiorno-in-lino-canapone-con-applicazioni.jpg 1024w\" data-image-id=\"1\"><\/div>\n\t\t\t\t\t\t\t<div class=\"wd-product-grid-slide\" data-image-url=\"https:\/\/www.marinigerardi.it\/shop\/wp-content\/uploads\/2022\/03\/tende-salone-moderno-classico-in-lino-applicazioni-in-seta-250x188.jpg\" data-image-srcset=\"https:\/\/www.marinigerardi.it\/shop\/wp-content\/uploads\/2022\/03\/tende-salone-moderno-classico-in-lino-applicazioni-in-seta-250x188.jpg 250w, https:\/\/www.marinigerardi.it\/shop\/wp-content\/uploads\/2022\/03\/tende-salone-moderno-classico-in-lino-applicazioni-in-seta-600x450.jpg 600w, https:\/\/www.marinigerardi.it\/shop\/wp-content\/uploads\/2022\/03\/tende-salone-moderno-classico-in-lino-applicazioni-in-seta-300x225.jpg 300w, https:\/\/www.marinigerardi.it\/shop\/wp-content\/uploads\/2022\/03\/tende-salone-moderno-classico-in-lino-applicazioni-in-seta-768x576.jpg 768w, https:\/\/www.marinigerardi.it\/shop\/wp-content\/uploads\/2022\/03\/tende-salone-moderno-classico-in-lino-applicazioni-in-seta.jpg 1024w\" data-image-id=\"2\"><\/div>\n\t\t\t\t\t<\/div>\n\n\t\t\n\t\t\t\t\t\t\t<div class=\"wd-product-grid-slider-pagin\">\n\t\t\t\t\t\t\t<div data-image-id=\"0\" class=\"wd-product-grid-slider-dot\"><\/div>\n\t\t\t\t\t\t\t<div data-image-id=\"1\" class=\"wd-product-grid-slider-dot\"><\/div>\n\t\t\t\t\t\t\t<div data-image-id=\"2\" class=\"wd-product-grid-slider-dot\"><\/div>\n\t\t\t\t\t<\/div>\n\t\t\t\t\t\t<img decoding=\"async\" width=\"250\" height=\"188\" src=\"https:\/\/www.marinigerardi.it\/shop\/wp-content\/uploads\/2022\/03\/tende-di-lino-moderne-in-soggiorno-con-applicazioni-250x188.jpg\" class=\"attachment-woocommerce_thumbnail size-woocommerce_thumbnail\" alt=\"DESDEMONA - Tende Moderne da Interno Lino\" srcset=\"https:\/\/www.marinigerardi.it\/shop\/wp-content\/uploads\/2022\/03\/tende-di-lino-moderne-in-soggiorno-con-applicazioni-250x188.jpg 250w, https:\/\/www.marinigerardi.it\/shop\/wp-content\/uploads\/2022\/03\/tende-di-lino-moderne-in-soggiorno-con-applicazioni-600x450.jpg 600w, https:\/\/www.marinigerardi.it\/shop\/wp-content\/uploads\/2022\/03\/tende-di-lino-moderne-in-soggiorno-con-applicazioni-300x225.jpg.avif 300w, https:\/\/www.marinigerardi.it\/shop\/wp-content\/uploads\/2022\/03\/tende-di-lino-moderne-in-soggiorno-con-applicazioni-768x576.jpg.avif 768w, https:\/\/www.marinigerardi.it\/shop\/wp-content\/uploads\/2022\/03\/tende-di-lino-moderne-in-soggiorno-con-applicazioni.jpg.webp 1024w\" sizes=\"(max-width: 250px) 100vw, 250px\" \/>\t\t<\/a>\n\n\t\t\n\t\t<div class=\"wd-buttons wd-pos-r-t\">\n\t\t\t\t\t\t\t\t\t\t\t\t\t\t<\/div>\n\t<\/div>\n\n\t\t<div class=\"product-element-bottom\">\n\t\n\t\n\t<h3 class=\"wd-entities-title\"><a href=\"https:\/\/www.marinigerardi.it\/shop\/prodotto\/tende-moderne-da-interno-lino-desdemona\/\">DESDEMONA &#8211; Tende Moderne da Interno realizzata con tessuto in lino canapone<\/a><\/h3>\n\t\t\t\t\t\t<p class=\"wd-product-stock stock wd-style-default in-stock\">Disponibile<\/p>\n\t\t\n\t\n\t<span class=\"price\">295,00&nbsp;&euro;<\/span>\n\n\t<div class=\"wd-add-btn wd-add-btn-replace\">\n\t\t\n\t\t<a href=\"https:\/\/www.marinigerardi.it\/shop\/prodotto\/tende-moderne-da-interno-lino-desdemona\/\" class=\"button product_type_simple add-to-cart-loop mg-detail-btn\"><span class=\"wd-action-icon\"><span class=\"wd-check-icon\"><\/span><\/span><span class=\"wd-action-text\">Vedi dettagli<\/span><\/a>\t<\/div>\n\n\t\n\t\n\t\t\t<\/div>\n\t<\/div>\n<\/div>\n<div class=\"wd-product wd-col wd-hover-standard product-grid-item product type-product post-28922 status-publish first instock product_cat-doppie-tende product_cat-tende product_cat-tende-camera-da-letto product_cat-tende-da-interni product_cat-tende-in-lino product_cat-tende-lino product_cat-tende-moderne product_cat-tende-su-misura product_tag-tende product_tag-tende-di-lino product_tag-tende-in-lino product_tag-tende-moderne product_tag-tende-soggiorno-moderno has-post-thumbnail taxable shipping-taxable purchasable product-type-simple\" data-loop=\"8\" data-id=\"28922\">\n\t\n<div class=\"wd-product-wrapper product-wrapper\">\n\t<div class=\"wd-product-thumb product-element-top wd-quick-shop\">\n\t\t<a href=\"https:\/\/www.marinigerardi.it\/shop\/prodotto\/tende-per-interni-moderne\/\" class=\"wd-product-img-link product-image-link\" tabindex=\"-1\" aria-label=\"Tende per Interni Moderne: la bellezza stilizzata del modello MINERVA\">\n\t\t\t\t\t<div class=\"wd-product-grid-slider wd-fill\">\n\t\t\t\t\t\t\t<div class=\"wd-product-grid-slide\" data-image-url=\"https:\/\/www.marinigerardi.it\/shop\/wp-content\/uploads\/2021\/11\/doppio-telo-interni-minerva-in-lino-.bianco-trasparente-design-foglie-250x188.jpg\" data-image-srcset=\"https:\/\/www.marinigerardi.it\/shop\/wp-content\/uploads\/2021\/11\/doppio-telo-interni-minerva-in-lino-.bianco-trasparente-design-foglie-250x188.jpg 250w, https:\/\/www.marinigerardi.it\/shop\/wp-content\/uploads\/2021\/11\/doppio-telo-interni-minerva-in-lino-.bianco-trasparente-design-foglie-600x450.jpg 600w, https:\/\/www.marinigerardi.it\/shop\/wp-content\/uploads\/2021\/11\/doppio-telo-interni-minerva-in-lino-.bianco-trasparente-design-foglie-300x225.jpg 300w, https:\/\/www.marinigerardi.it\/shop\/wp-content\/uploads\/2021\/11\/doppio-telo-interni-minerva-in-lino-.bianco-trasparente-design-foglie-768x576.jpg 768w, https:\/\/www.marinigerardi.it\/shop\/wp-content\/uploads\/2021\/11\/doppio-telo-interni-minerva-in-lino-.bianco-trasparente-design-foglie.jpg 1024w\" data-image-id=\"0\"><\/div>\n\t\t\t\t\t\t\t<div class=\"wd-product-grid-slide\" data-image-url=\"https:\/\/www.marinigerardi.it\/shop\/wp-content\/uploads\/2021\/11\/tenda-interni-minerva-doppio-telo-in.bianco-trasparente-design-foglie-250x188.jpg\" data-image-srcset=\"https:\/\/www.marinigerardi.it\/shop\/wp-content\/uploads\/2021\/11\/tenda-interni-minerva-doppio-telo-in.bianco-trasparente-design-foglie-250x188.jpg 250w, https:\/\/www.marinigerardi.it\/shop\/wp-content\/uploads\/2021\/11\/tenda-interni-minerva-doppio-telo-in.bianco-trasparente-design-foglie-600x450.jpg 600w, https:\/\/www.marinigerardi.it\/shop\/wp-content\/uploads\/2021\/11\/tenda-interni-minerva-doppio-telo-in.bianco-trasparente-design-foglie-300x225.jpg 300w, https:\/\/www.marinigerardi.it\/shop\/wp-content\/uploads\/2021\/11\/tenda-interni-minerva-doppio-telo-in.bianco-trasparente-design-foglie-768x576.jpg 768w, https:\/\/www.marinigerardi.it\/shop\/wp-content\/uploads\/2021\/11\/tenda-interni-minerva-doppio-telo-in.bianco-trasparente-design-foglie.jpg 1024w\" data-image-id=\"1\"><\/div>\n\t\t\t\t\t\t\t<div class=\"wd-product-grid-slide\" data-image-url=\"https:\/\/www.marinigerardi.it\/shop\/wp-content\/uploads\/2021\/11\/tenda-interni-doppio-telo-minerva-in-lino-.bianco-trasparente-design-foglie-250x188.jpg\" data-image-srcset=\"https:\/\/www.marinigerardi.it\/shop\/wp-content\/uploads\/2021\/11\/tenda-interni-doppio-telo-minerva-in-lino-.bianco-trasparente-design-foglie-250x188.jpg 250w, https:\/\/www.marinigerardi.it\/shop\/wp-content\/uploads\/2021\/11\/tenda-interni-doppio-telo-minerva-in-lino-.bianco-trasparente-design-foglie-600x450.jpg 600w, https:\/\/www.marinigerardi.it\/shop\/wp-content\/uploads\/2021\/11\/tenda-interni-doppio-telo-minerva-in-lino-.bianco-trasparente-design-foglie-300x225.jpg 300w, https:\/\/www.marinigerardi.it\/shop\/wp-content\/uploads\/2021\/11\/tenda-interni-doppio-telo-minerva-in-lino-.bianco-trasparente-design-foglie-768x576.jpg 768w, https:\/\/www.marinigerardi.it\/shop\/wp-content\/uploads\/2021\/11\/tenda-interni-doppio-telo-minerva-in-lino-.bianco-trasparente-design-foglie.jpg 1024w\" data-image-id=\"2\"><\/div>\n\t\t\t\t\t<\/div>\n\n\t\t\n\t\t\t\t\t\t\t<div class=\"wd-product-grid-slider-pagin\">\n\t\t\t\t\t\t\t<div data-image-id=\"0\" class=\"wd-product-grid-slider-dot\"><\/div>\n\t\t\t\t\t\t\t<div data-image-id=\"1\" class=\"wd-product-grid-slider-dot\"><\/div>\n\t\t\t\t\t\t\t<div data-image-id=\"2\" class=\"wd-product-grid-slider-dot\"><\/div>\n\t\t\t\t\t<\/div>\n\t\t\t\t\t\t<img decoding=\"async\" width=\"250\" height=\"188\" src=\"https:\/\/www.marinigerardi.it\/shop\/wp-content\/uploads\/2021\/11\/doppio-telo-interni-minerva-in-lino-.bianco-trasparente-design-foglie-250x188.jpg\" class=\"attachment-woocommerce_thumbnail size-woocommerce_thumbnail\" alt=\"MINERVA - Tende Moderne in Lino - Tende per Interni Moderne in Lino a Doppio Telo\" srcset=\"https:\/\/www.marinigerardi.it\/shop\/wp-content\/uploads\/2021\/11\/doppio-telo-interni-minerva-in-lino-.bianco-trasparente-design-foglie-250x188.jpg 250w, https:\/\/www.marinigerardi.it\/shop\/wp-content\/uploads\/2021\/11\/doppio-telo-interni-minerva-in-lino-.bianco-trasparente-design-foglie-600x450.jpg 600w, https:\/\/www.marinigerardi.it\/shop\/wp-content\/uploads\/2021\/11\/doppio-telo-interni-minerva-in-lino-.bianco-trasparente-design-foglie-300x225.jpg.avif 300w, https:\/\/www.marinigerardi.it\/shop\/wp-content\/uploads\/2021\/11\/doppio-telo-interni-minerva-in-lino-.bianco-trasparente-design-foglie-768x576.jpg.avif 768w, https:\/\/www.marinigerardi.it\/shop\/wp-content\/uploads\/2021\/11\/doppio-telo-interni-minerva-in-lino-.bianco-trasparente-design-foglie.jpg.webp 1024w\" sizes=\"(max-width: 250px) 100vw, 250px\" \/>\t\t<\/a>\n\n\t\t\n\t\t<div class=\"wd-buttons wd-pos-r-t\">\n\t\t\t\t\t\t\t\t\t\t\t\t\t\t<\/div>\n\t<\/div>\n\n\t\t<div class=\"product-element-bottom\">\n\t\n\t\n\t<h3 class=\"wd-entities-title\"><a href=\"https:\/\/www.marinigerardi.it\/shop\/prodotto\/tende-per-interni-moderne\/\">Tende per Interni Moderne: la bellezza stilizzata del modello MINERVA<\/a><\/h3>\n\t\t\t\t\t\t\n\t\t\t\t<div class=\"star-rating\" role=\"img\" aria-label=\"Valutato 5.00 su 5\">\n\t\t\t\t\t<span style=\"width:100%\">\n\t\t\tValutato <strong class=\"rating\">5.00<\/strong> su 5\t\t<\/span>\n\t\t\t\t<\/div>\n\n\t\t\n\t\t\t\t\t\t\t\t\t<p class=\"wd-product-stock stock wd-style-default in-stock\">Disponibile<\/p>\n\t\t\n\t\n\t<span class=\"price\">285,00&nbsp;&euro;<\/span>\n\n\t<div class=\"wd-add-btn wd-add-btn-replace\">\n\t\t\n\t\t<a href=\"https:\/\/www.marinigerardi.it\/shop\/prodotto\/tende-per-interni-moderne\/\" class=\"button product_type_simple add-to-cart-loop mg-detail-btn\"><span class=\"wd-action-icon\"><span class=\"wd-check-icon\"><\/span><\/span><span class=\"wd-action-text\">Vedi dettagli<\/span><\/a>\t<\/div>\n\n\t\n\t\n\t\t\t<\/div>\n\t<\/div>\n<\/div>\n<div class=\"wd-product wd-col wd-hover-standard product-grid-item product type-product post-36682 status-publish last instock product_cat-tende-shabby-chic product_cat-tende-in-lino has-post-thumbnail taxable shipping-taxable purchasable product-type-simple\" data-loop=\"9\" data-id=\"36682\">\n\t\n<div class=\"wd-product-wrapper product-wrapper\">\n\t<div class=\"wd-product-thumb product-element-top wd-quick-shop\">\n\t\t<a href=\"https:\/\/www.marinigerardi.it\/shop\/prodotto\/marakech-tende-design-soggiorno-moderno-in-lino\/\" class=\"wd-product-img-link product-image-link\" tabindex=\"-1\" aria-label=\"Tende Design Soggiorno Moderno collezione MARRAKECH\">\n\t\t\t\t\t<div class=\"wd-product-grid-slider wd-fill\">\n\t\t\t\t\t\t\t<div class=\"wd-product-grid-slide\" data-image-url=\"https:\/\/www.marinigerardi.it\/shop\/wp-content\/uploads\/2022\/05\/tende-oscuranti-design-moderno-soggiorno-in-lino-grigio-250x188.jpg\" data-image-srcset=\"https:\/\/www.marinigerardi.it\/shop\/wp-content\/uploads\/2022\/05\/tende-oscuranti-design-moderno-soggiorno-in-lino-grigio-250x188.jpg 250w, https:\/\/www.marinigerardi.it\/shop\/wp-content\/uploads\/2022\/05\/tende-oscuranti-design-moderno-soggiorno-in-lino-grigio-300x225.jpg 300w, https:\/\/www.marinigerardi.it\/shop\/wp-content\/uploads\/2022\/05\/tende-oscuranti-design-moderno-soggiorno-in-lino-grigio-768x576.jpg 768w, https:\/\/www.marinigerardi.it\/shop\/wp-content\/uploads\/2022\/05\/tende-oscuranti-design-moderno-soggiorno-in-lino-grigio-600x450.jpg 600w, https:\/\/www.marinigerardi.it\/shop\/wp-content\/uploads\/2022\/05\/tende-oscuranti-design-moderno-soggiorno-in-lino-grigio.jpg 1024w\" data-image-id=\"0\"><\/div>\n\t\t\t\t\t\t\t<div class=\"wd-product-grid-slide\" data-image-url=\"https:\/\/www.marinigerardi.it\/shop\/wp-content\/uploads\/2022\/05\/tende-moderne-soggiorno-design-in-lino-grigio-250x188.jpg\" data-image-srcset=\"https:\/\/www.marinigerardi.it\/shop\/wp-content\/uploads\/2022\/05\/tende-moderne-soggiorno-design-in-lino-grigio-250x188.jpg 250w, https:\/\/www.marinigerardi.it\/shop\/wp-content\/uploads\/2022\/05\/tende-moderne-soggiorno-design-in-lino-grigio-600x450.jpg 600w, https:\/\/www.marinigerardi.it\/shop\/wp-content\/uploads\/2022\/05\/tende-moderne-soggiorno-design-in-lino-grigio-300x225.jpg 300w, https:\/\/www.marinigerardi.it\/shop\/wp-content\/uploads\/2022\/05\/tende-moderne-soggiorno-design-in-lino-grigio-768x576.jpg 768w, https:\/\/www.marinigerardi.it\/shop\/wp-content\/uploads\/2022\/05\/tende-moderne-soggiorno-design-in-lino-grigio.jpg 1024w\" data-image-id=\"1\"><\/div>\n\t\t\t\t\t\t\t<div class=\"wd-product-grid-slide\" data-image-url=\"https:\/\/www.marinigerardi.it\/shop\/wp-content\/uploads\/2022\/05\/tende-moderne-design-soggiorno-in-lino-grigio-250x188.jpg\" data-image-srcset=\"https:\/\/www.marinigerardi.it\/shop\/wp-content\/uploads\/2022\/05\/tende-moderne-design-soggiorno-in-lino-grigio-250x188.jpg 250w, https:\/\/www.marinigerardi.it\/shop\/wp-content\/uploads\/2022\/05\/tende-moderne-design-soggiorno-in-lino-grigio-600x450.jpg 600w, https:\/\/www.marinigerardi.it\/shop\/wp-content\/uploads\/2022\/05\/tende-moderne-design-soggiorno-in-lino-grigio-300x225.jpg 300w, https:\/\/www.marinigerardi.it\/shop\/wp-content\/uploads\/2022\/05\/tende-moderne-design-soggiorno-in-lino-grigio-768x576.jpg 768w, https:\/\/www.marinigerardi.it\/shop\/wp-content\/uploads\/2022\/05\/tende-moderne-design-soggiorno-in-lino-grigio.jpg 1024w\" data-image-id=\"2\"><\/div>\n\t\t\t\t\t<\/div>\n\n\t\t\n\t\t\t\t\t\t\t<div class=\"wd-product-grid-slider-pagin\">\n\t\t\t\t\t\t\t<div data-image-id=\"0\" class=\"wd-product-grid-slider-dot\"><\/div>\n\t\t\t\t\t\t\t<div data-image-id=\"1\" class=\"wd-product-grid-slider-dot\"><\/div>\n\t\t\t\t\t\t\t<div data-image-id=\"2\" class=\"wd-product-grid-slider-dot\"><\/div>\n\t\t\t\t\t<\/div>\n\t\t\t\t\t\t<img decoding=\"async\" width=\"250\" height=\"188\" src=\"https:\/\/www.marinigerardi.it\/shop\/wp-content\/uploads\/2022\/05\/tende-oscuranti-design-moderno-soggiorno-in-lino-grigio-250x188.jpg.avif\" class=\"attachment-woocommerce_thumbnail size-woocommerce_thumbnail\" alt=\"Tende Design Soggiorno Moderno in lino grigio MARRAKECH\" srcset=\"https:\/\/www.marinigerardi.it\/shop\/wp-content\/uploads\/2022\/05\/tende-oscuranti-design-moderno-soggiorno-in-lino-grigio-250x188.jpg.avif 250w, https:\/\/www.marinigerardi.it\/shop\/wp-content\/uploads\/2022\/05\/tende-oscuranti-design-moderno-soggiorno-in-lino-grigio-300x225.jpg.avif 300w, https:\/\/www.marinigerardi.it\/shop\/wp-content\/uploads\/2022\/05\/tende-oscuranti-design-moderno-soggiorno-in-lino-grigio-768x576.jpg.avif 768w, https:\/\/www.marinigerardi.it\/shop\/wp-content\/uploads\/2022\/05\/tende-oscuranti-design-moderno-soggiorno-in-lino-grigio-600x450.jpg.avif 600w, https:\/\/www.marinigerardi.it\/shop\/wp-content\/uploads\/2022\/05\/tende-oscuranti-design-moderno-soggiorno-in-lino-grigio.jpg.avif 1024w\" sizes=\"(max-width: 250px) 100vw, 250px\" \/>\t\t<\/a>\n\n\t\t\t\t\t<div class=\"product-labels labels-rectangular\">\n\t\t\t\t<span class=\"new product-label wd-shape-rect-sm\">Nuovo<\/span>\t\t\t<\/div>\n\t\t\t\n\t\t<div class=\"wd-buttons wd-pos-r-t\">\n\t\t\t\t\t\t\t\t\t\t\t\t\t\t<\/div>\n\t<\/div>\n\n\t\t<div class=\"product-element-bottom\">\n\t\n\t\n\t<h3 class=\"wd-entities-title\"><a href=\"https:\/\/www.marinigerardi.it\/shop\/prodotto\/marakech-tende-design-soggiorno-moderno-in-lino\/\">Tende Design Soggiorno Moderno collezione MARRAKECH<\/a><\/h3>\n\t\t\t\t\t\t\n\t\t\t\t<div class=\"star-rating\" role=\"img\" aria-label=\"Valutato 5.00 su 5\">\n\t\t\t\t\t<span style=\"width:100%\">\n\t\t\tValutato <strong class=\"rating\">5.00<\/strong> su 5\t\t<\/span>\n\t\t\t\t<\/div>\n\n\t\t\n\t\t\t\t\t\t\t\t\t<p class=\"wd-product-stock stock wd-style-default in-stock\">Disponibile<\/p>\n\t\t\n\t\n\t<span class=\"price\">159,00&nbsp;&euro;<\/span>\n\n\t<div class=\"wd-add-btn wd-add-btn-replace\">\n\t\t\n\t\t<a href=\"https:\/\/www.marinigerardi.it\/shop\/prodotto\/marakech-tende-design-soggiorno-moderno-in-lino\/\" class=\"button product_type_simple add-to-cart-loop mg-detail-btn\"><span class=\"wd-action-icon\"><span class=\"wd-check-icon\"><\/span><\/span><span class=\"wd-action-text\">Vedi dettagli<\/span><\/a>\t<\/div>\n\n\t\n\t\n\t\t\t<\/div>\n\t<\/div>\n<\/div>\n<div class=\"wd-product wd-col wd-hover-standard product-grid-item product type-product post-29638 status-publish first instock product_cat-tende-in-lino has-post-thumbnail taxable shipping-taxable purchasable product-type-simple\" data-loop=\"10\" data-id=\"29638\">\n\t\n<div class=\"wd-product-wrapper product-wrapper\">\n\t<div class=\"wd-product-thumb product-element-top wd-quick-shop\">\n\t\t<a href=\"https:\/\/www.marinigerardi.it\/shop\/prodotto\/tende-di-lino-moderne-per-interni-esclusivi\/\" class=\"wd-product-img-link product-image-link\" tabindex=\"-1\" aria-label=\"MONTESARDO &#8211; Tende di lino moderne da interni esclusivi\">\n\t\t\t\t\t<div class=\"wd-product-grid-slider wd-fill\">\n\t\t\t\t\t\t\t<div class=\"wd-product-grid-slide\" data-image-url=\"https:\/\/www.marinigerardi.it\/shop\/wp-content\/uploads\/2021\/12\/tende-lino-soggiorno-moderno-con-balza-plissettata-colre-cioccolato-250x188.jpg\" data-image-srcset=\"https:\/\/www.marinigerardi.it\/shop\/wp-content\/uploads\/2021\/12\/tende-lino-soggiorno-moderno-con-balza-plissettata-colre-cioccolato-250x188.jpg 250w, https:\/\/www.marinigerardi.it\/shop\/wp-content\/uploads\/2021\/12\/tende-lino-soggiorno-moderno-con-balza-plissettata-colre-cioccolato-600x450.jpg 600w, https:\/\/www.marinigerardi.it\/shop\/wp-content\/uploads\/2021\/12\/tende-lino-soggiorno-moderno-con-balza-plissettata-colre-cioccolato-300x225.jpg 300w, https:\/\/www.marinigerardi.it\/shop\/wp-content\/uploads\/2021\/12\/tende-lino-soggiorno-moderno-con-balza-plissettata-colre-cioccolato-768x576.jpg 768w, https:\/\/www.marinigerardi.it\/shop\/wp-content\/uploads\/2021\/12\/tende-lino-soggiorno-moderno-con-balza-plissettata-colre-cioccolato.jpg 1024w\" data-image-id=\"0\"><\/div>\n\t\t\t\t\t\t\t<div class=\"wd-product-grid-slide\" data-image-url=\"https:\/\/www.marinigerardi.it\/shop\/wp-content\/uploads\/2021\/12\/tende-camera-da-letto-online-con-balza-plissettata-in-lino-250x188.jpg\" data-image-srcset=\"https:\/\/www.marinigerardi.it\/shop\/wp-content\/uploads\/2021\/12\/tende-camera-da-letto-online-con-balza-plissettata-in-lino-250x188.jpg 250w, https:\/\/www.marinigerardi.it\/shop\/wp-content\/uploads\/2021\/12\/tende-camera-da-letto-online-con-balza-plissettata-in-lino-600x450.jpg 600w, https:\/\/www.marinigerardi.it\/shop\/wp-content\/uploads\/2021\/12\/tende-camera-da-letto-online-con-balza-plissettata-in-lino-300x225.jpg 300w, https:\/\/www.marinigerardi.it\/shop\/wp-content\/uploads\/2021\/12\/tende-camera-da-letto-online-con-balza-plissettata-in-lino-768x576.jpg 768w, https:\/\/www.marinigerardi.it\/shop\/wp-content\/uploads\/2021\/12\/tende-camera-da-letto-online-con-balza-plissettata-in-lino.jpg 1024w\" data-image-id=\"1\"><\/div>\n\t\t\t\t\t\t\t<div class=\"wd-product-grid-slide\" data-image-url=\"https:\/\/www.marinigerardi.it\/shop\/wp-content\/uploads\/2021\/12\/tende-lino-moderne-con-balza-plissettata-colre-cioccolato-250x188.jpg\" data-image-srcset=\"https:\/\/www.marinigerardi.it\/shop\/wp-content\/uploads\/2021\/12\/tende-lino-moderne-con-balza-plissettata-colre-cioccolato-250x188.jpg 250w, https:\/\/www.marinigerardi.it\/shop\/wp-content\/uploads\/2021\/12\/tende-lino-moderne-con-balza-plissettata-colre-cioccolato-600x450.jpg 600w, https:\/\/www.marinigerardi.it\/shop\/wp-content\/uploads\/2021\/12\/tende-lino-moderne-con-balza-plissettata-colre-cioccolato-300x225.jpg 300w, https:\/\/www.marinigerardi.it\/shop\/wp-content\/uploads\/2021\/12\/tende-lino-moderne-con-balza-plissettata-colre-cioccolato-768x576.jpg 768w, https:\/\/www.marinigerardi.it\/shop\/wp-content\/uploads\/2021\/12\/tende-lino-moderne-con-balza-plissettata-colre-cioccolato.jpg 1024w\" data-image-id=\"2\"><\/div>\n\t\t\t\t\t<\/div>\n\n\t\t\n\t\t\t\t\t\t\t<div class=\"wd-product-grid-slider-pagin\">\n\t\t\t\t\t\t\t<div data-image-id=\"0\" class=\"wd-product-grid-slider-dot\"><\/div>\n\t\t\t\t\t\t\t<div data-image-id=\"1\" class=\"wd-product-grid-slider-dot\"><\/div>\n\t\t\t\t\t\t\t<div data-image-id=\"2\" class=\"wd-product-grid-slider-dot\"><\/div>\n\t\t\t\t\t<\/div>\n\t\t\t\t\t\t<img decoding=\"async\" width=\"250\" height=\"188\" src=\"https:\/\/www.marinigerardi.it\/shop\/wp-content\/uploads\/2021\/12\/tende-lino-soggiorno-moderno-con-balza-plissettata-colre-cioccolato-250x188.jpg\" class=\"attachment-woocommerce_thumbnail size-woocommerce_thumbnail\" alt=\"MONTESARDO - Tende di lino moderne da interni esclusivi\" srcset=\"https:\/\/www.marinigerardi.it\/shop\/wp-content\/uploads\/2021\/12\/tende-lino-soggiorno-moderno-con-balza-plissettata-colre-cioccolato-250x188.jpg 250w, https:\/\/www.marinigerardi.it\/shop\/wp-content\/uploads\/2021\/12\/tende-lino-soggiorno-moderno-con-balza-plissettata-colre-cioccolato-600x450.jpg 600w, https:\/\/www.marinigerardi.it\/shop\/wp-content\/uploads\/2021\/12\/tende-lino-soggiorno-moderno-con-balza-plissettata-colre-cioccolato-300x225.jpg.avif 300w, https:\/\/www.marinigerardi.it\/shop\/wp-content\/uploads\/2021\/12\/tende-lino-soggiorno-moderno-con-balza-plissettata-colre-cioccolato-768x576.jpg.avif 768w, https:\/\/www.marinigerardi.it\/shop\/wp-content\/uploads\/2021\/12\/tende-lino-soggiorno-moderno-con-balza-plissettata-colre-cioccolato.jpg.webp 1024w\" sizes=\"(max-width: 250px) 100vw, 250px\" \/>\t\t<\/a>\n\n\t\t\n\t\t<div class=\"wd-buttons wd-pos-r-t\">\n\t\t\t\t\t\t\t\t\t\t\t\t\t\t<\/div>\n\t<\/div>\n\n\t\t<div class=\"product-element-bottom\">\n\t\n\t\n\t<h3 class=\"wd-entities-title\"><a href=\"https:\/\/www.marinigerardi.it\/shop\/prodotto\/tende-di-lino-moderne-per-interni-esclusivi\/\">MONTESARDO &#8211; Tende di lino moderne da interni esclusivi<\/a><\/h3>\n\t\t\t\t\t\t<p class=\"wd-product-stock stock wd-style-default in-stock\">Disponibile<\/p>\n\t\t\n\t\n\t<span class=\"price\">273,60&nbsp;&euro;<\/span>\n\n\t<div class=\"wd-add-btn wd-add-btn-replace\">\n\t\t\n\t\t<a href=\"https:\/\/www.marinigerardi.it\/shop\/prodotto\/tende-di-lino-moderne-per-interni-esclusivi\/\" class=\"button product_type_simple add-to-cart-loop mg-detail-btn\"><span class=\"wd-action-icon\"><span class=\"wd-check-icon\"><\/span><\/span><span class=\"wd-action-text\">Vedi dettagli<\/span><\/a>\t<\/div>\n\n\t\n\t\n\t\t\t<\/div>\n\t<\/div>\n<\/div>\n<div class=\"wd-product wd-col wd-hover-standard product-grid-item product type-product post-7134 status-publish last instock product_cat-tende-in-lino has-post-thumbnail taxable shipping-taxable purchasable product-type-simple\" data-loop=\"11\" data-id=\"7134\">\n\t\n<div class=\"wd-product-wrapper product-wrapper\">\n\t<div class=\"wd-product-thumb product-element-top wd-quick-shop\">\n\t\t<a href=\"https:\/\/www.marinigerardi.it\/shop\/prodotto\/tende-interni-moderne\/\" class=\"wd-product-img-link product-image-link\" tabindex=\"-1\" aria-label=\"TESEO &#8211; Tende interni moderne in lino a doppia Frangia\">\n\t\t\t\t\t<div class=\"wd-product-grid-slider wd-fill\">\n\t\t\t\t\t\t\t<div class=\"wd-product-grid-slide\" data-image-url=\"https:\/\/www.marinigerardi.it\/shop\/wp-content\/uploads\/2021\/01\/Tende-Interni-Tessuto-Puro-Lino-Stropicciato-arancio-250x188.jpg\" data-image-srcset=\"https:\/\/www.marinigerardi.it\/shop\/wp-content\/uploads\/2021\/01\/Tende-Interni-Tessuto-Puro-Lino-Stropicciato-arancio-250x188.jpg 250w, https:\/\/www.marinigerardi.it\/shop\/wp-content\/uploads\/2021\/01\/Tende-Interni-Tessuto-Puro-Lino-Stropicciato-arancio-600x450.jpg 600w, https:\/\/www.marinigerardi.it\/shop\/wp-content\/uploads\/2021\/01\/Tende-Interni-Tessuto-Puro-Lino-Stropicciato-arancio-300x225.jpg 300w, https:\/\/www.marinigerardi.it\/shop\/wp-content\/uploads\/2021\/01\/Tende-Interni-Tessuto-Puro-Lino-Stropicciato-arancio-768x576.jpg 768w, https:\/\/www.marinigerardi.it\/shop\/wp-content\/uploads\/2021\/01\/Tende-Interni-Tessuto-Puro-Lino-Stropicciato-arancio.jpg 1024w\" data-image-id=\"0\"><\/div>\n\t\t\t\t\t\t\t<div class=\"wd-product-grid-slide\" data-image-url=\"https:\/\/www.marinigerardi.it\/shop\/wp-content\/uploads\/2021\/01\/Tende-Interni-eleganti-soggiorno-Tessuto-Puro-Lino-arancio-250x188.jpg\" data-image-srcset=\"https:\/\/www.marinigerardi.it\/shop\/wp-content\/uploads\/2021\/01\/Tende-Interni-eleganti-soggiorno-Tessuto-Puro-Lino-arancio-250x188.jpg 250w, https:\/\/www.marinigerardi.it\/shop\/wp-content\/uploads\/2021\/01\/Tende-Interni-eleganti-soggiorno-Tessuto-Puro-Lino-arancio-600x450.jpg 600w, https:\/\/www.marinigerardi.it\/shop\/wp-content\/uploads\/2021\/01\/Tende-Interni-eleganti-soggiorno-Tessuto-Puro-Lino-arancio-300x225.jpg 300w, https:\/\/www.marinigerardi.it\/shop\/wp-content\/uploads\/2021\/01\/Tende-Interni-eleganti-soggiorno-Tessuto-Puro-Lino-arancio-768x576.jpg 768w, https:\/\/www.marinigerardi.it\/shop\/wp-content\/uploads\/2021\/01\/Tende-Interni-eleganti-soggiorno-Tessuto-Puro-Lino-arancio.jpg 1024w\" data-image-id=\"1\"><\/div>\n\t\t\t\t\t\t\t<div class=\"wd-product-grid-slide\" data-image-url=\"https:\/\/www.marinigerardi.it\/shop\/wp-content\/uploads\/2021\/01\/Tende-Interni-eleganti-soggiorno-in-lino-passamaneria-in-legno-250x188.jpg\" data-image-srcset=\"https:\/\/www.marinigerardi.it\/shop\/wp-content\/uploads\/2021\/01\/Tende-Interni-eleganti-soggiorno-in-lino-passamaneria-in-legno-250x188.jpg 250w, https:\/\/www.marinigerardi.it\/shop\/wp-content\/uploads\/2021\/01\/Tende-Interni-eleganti-soggiorno-in-lino-passamaneria-in-legno-600x450.jpg 600w, https:\/\/www.marinigerardi.it\/shop\/wp-content\/uploads\/2021\/01\/Tende-Interni-eleganti-soggiorno-in-lino-passamaneria-in-legno-300x225.jpg 300w, https:\/\/www.marinigerardi.it\/shop\/wp-content\/uploads\/2021\/01\/Tende-Interni-eleganti-soggiorno-in-lino-passamaneria-in-legno-768x576.jpg 768w, https:\/\/www.marinigerardi.it\/shop\/wp-content\/uploads\/2021\/01\/Tende-Interni-eleganti-soggiorno-in-lino-passamaneria-in-legno.jpg 1024w\" data-image-id=\"2\"><\/div>\n\t\t\t\t\t<\/div>\n\n\t\t\n\t\t\t\t\t\t\t<div class=\"wd-product-grid-slider-pagin\">\n\t\t\t\t\t\t\t<div data-image-id=\"0\" class=\"wd-product-grid-slider-dot\"><\/div>\n\t\t\t\t\t\t\t<div data-image-id=\"1\" class=\"wd-product-grid-slider-dot\"><\/div>\n\t\t\t\t\t\t\t<div data-image-id=\"2\" class=\"wd-product-grid-slider-dot\"><\/div>\n\t\t\t\t\t<\/div>\n\t\t\t\t\t\t<img decoding=\"async\" width=\"250\" height=\"188\" src=\"https:\/\/www.marinigerardi.it\/shop\/wp-content\/uploads\/2021\/01\/Tende-Interni-Tessuto-Puro-Lino-Stropicciato-arancio-250x188.jpg\" class=\"attachment-woocommerce_thumbnail size-woocommerce_thumbnail\" alt=\"Tende Interni moderne Tessuto Puro Lino Stropicciato Arancio\" srcset=\"https:\/\/www.marinigerardi.it\/shop\/wp-content\/uploads\/2021\/01\/Tende-Interni-Tessuto-Puro-Lino-Stropicciato-arancio-250x188.jpg 250w, https:\/\/www.marinigerardi.it\/shop\/wp-content\/uploads\/2021\/01\/Tende-Interni-Tessuto-Puro-Lino-Stropicciato-arancio-600x450.jpg 600w, https:\/\/www.marinigerardi.it\/shop\/wp-content\/uploads\/2021\/01\/Tende-Interni-Tessuto-Puro-Lino-Stropicciato-arancio-300x225.jpg.avif 300w, https:\/\/www.marinigerardi.it\/shop\/wp-content\/uploads\/2021\/01\/Tende-Interni-Tessuto-Puro-Lino-Stropicciato-arancio-768x576.jpg.avif 768w, https:\/\/www.marinigerardi.it\/shop\/wp-content\/uploads\/2021\/01\/Tende-Interni-Tessuto-Puro-Lino-Stropicciato-arancio.jpg.webp 1024w\" sizes=\"(max-width: 250px) 100vw, 250px\" \/>\t\t<\/a>\n\n\t\t\n\t\t<div class=\"wd-buttons wd-pos-r-t\">\n\t\t\t\t\t\t\t\t\t\t\t\t\t\t<\/div>\n\t<\/div>\n\n\t\t<div class=\"product-element-bottom\">\n\t\n\t\n\t<h3 class=\"wd-entities-title\"><a href=\"https:\/\/www.marinigerardi.it\/shop\/prodotto\/tende-interni-moderne\/\">TESEO &#8211; Tende interni moderne in lino a doppia Frangia<\/a><\/h3>\n\t\t\t\t\t\t<p class=\"wd-product-stock stock wd-style-default in-stock\">Disponibile<\/p>\n\t\t\n\t\n\t<span class=\"price\">235,00&nbsp;&euro;<\/span>\n\n\t<div class=\"wd-add-btn wd-add-btn-replace\">\n\t\t\n\t\t<a href=\"https:\/\/www.marinigerardi.it\/shop\/prodotto\/tende-interni-moderne\/\" class=\"button product_type_simple add-to-cart-loop mg-detail-btn\"><span class=\"wd-action-icon\"><span class=\"wd-check-icon\"><\/span><\/span><span class=\"wd-action-text\">Vedi dettagli<\/span><\/a>\t<\/div>\n\n\t\n\t\n\t\t\t<\/div>\n\t<\/div>\n<\/div>\n<div class=\"wd-product wd-col wd-hover-standard product-grid-item product type-product post-61703 status-publish first instock product_cat-tende-shabby-chic product_cat-tende-in-lino has-post-thumbnail taxable shipping-taxable purchasable product-type-simple\" data-loop=\"12\" data-id=\"61703\">\n\t\n<div class=\"wd-product-wrapper product-wrapper\">\n\t<div class=\"wd-product-thumb product-element-top wd-quick-shop\">\n\t\t<a href=\"https:\/\/www.marinigerardi.it\/shop\/prodotto\/tende-cucina-country-chic\/\" class=\"wd-product-img-link product-image-link\" tabindex=\"-1\" aria-label=\"MARANAI &#8211; Tende cucina country chic ma non solo!\">\n\t\t\t\t\t<div class=\"wd-product-grid-slider wd-fill\">\n\t\t\t\t\t\t\t<div class=\"wd-product-grid-slide\" data-image-url=\"https:\/\/www.marinigerardi.it\/shop\/wp-content\/uploads\/2023\/08\/tende-cucina-country-chic-in-lino-rustico-250x188.jpg\" data-image-srcset=\"https:\/\/www.marinigerardi.it\/shop\/wp-content\/uploads\/2023\/08\/tende-cucina-country-chic-in-lino-rustico-250x188.jpg 250w, https:\/\/www.marinigerardi.it\/shop\/wp-content\/uploads\/2023\/08\/tende-cucina-country-chic-in-lino-rustico-600x450.jpg 600w, https:\/\/www.marinigerardi.it\/shop\/wp-content\/uploads\/2023\/08\/tende-cucina-country-chic-in-lino-rustico-300x225.jpg 300w, https:\/\/www.marinigerardi.it\/shop\/wp-content\/uploads\/2023\/08\/tende-cucina-country-chic-in-lino-rustico-768x576.jpg 768w, https:\/\/www.marinigerardi.it\/shop\/wp-content\/uploads\/2023\/08\/tende-cucina-country-chic-in-lino-rustico.jpg 1024w\" data-image-id=\"0\"><\/div>\n\t\t\t\t\t\t\t<div class=\"wd-product-grid-slide\" data-image-url=\"https:\/\/www.marinigerardi.it\/shop\/wp-content\/uploads\/2021\/01\/tessuto-Lino-rustico-colore-naturale-per-tende-tovaglie-250x188.jpg\" data-image-srcset=\"https:\/\/www.marinigerardi.it\/shop\/wp-content\/uploads\/2021\/01\/tessuto-Lino-rustico-colore-naturale-per-tende-tovaglie-250x188.jpg 250w, https:\/\/www.marinigerardi.it\/shop\/wp-content\/uploads\/2021\/01\/tessuto-Lino-rustico-colore-naturale-per-tende-tovaglie-600x450.jpg 600w, https:\/\/www.marinigerardi.it\/shop\/wp-content\/uploads\/2021\/01\/tessuto-Lino-rustico-colore-naturale-per-tende-tovaglie-300x225.jpg 300w, https:\/\/www.marinigerardi.it\/shop\/wp-content\/uploads\/2021\/01\/tessuto-Lino-rustico-colore-naturale-per-tende-tovaglie-768x576.jpg 768w, https:\/\/www.marinigerardi.it\/shop\/wp-content\/uploads\/2021\/01\/tessuto-Lino-rustico-colore-naturale-per-tende-tovaglie.jpg 1024w\" data-image-id=\"1\"><\/div>\n\t\t\t\t\t\t\t<div class=\"wd-product-grid-slide\" data-image-url=\"https:\/\/www.marinigerardi.it\/shop\/wp-content\/uploads\/2023\/08\/tessuto-lino-rustico-per-tende-country-250x188.jpg\" data-image-srcset=\"https:\/\/www.marinigerardi.it\/shop\/wp-content\/uploads\/2023\/08\/tessuto-lino-rustico-per-tende-country-250x188.jpg 250w, https:\/\/www.marinigerardi.it\/shop\/wp-content\/uploads\/2023\/08\/tessuto-lino-rustico-per-tende-country-600x450.jpg 600w, https:\/\/www.marinigerardi.it\/shop\/wp-content\/uploads\/2023\/08\/tessuto-lino-rustico-per-tende-country-300x225.jpg 300w, https:\/\/www.marinigerardi.it\/shop\/wp-content\/uploads\/2023\/08\/tessuto-lino-rustico-per-tende-country-768x576.jpg 768w, https:\/\/www.marinigerardi.it\/shop\/wp-content\/uploads\/2023\/08\/tessuto-lino-rustico-per-tende-country.jpg 1024w\" data-image-id=\"2\"><\/div>\n\t\t\t\t\t<\/div>\n\n\t\t\n\t\t\t\t\t\t\t<div class=\"wd-product-grid-slider-pagin\">\n\t\t\t\t\t\t\t<div data-image-id=\"0\" class=\"wd-product-grid-slider-dot\"><\/div>\n\t\t\t\t\t\t\t<div data-image-id=\"1\" class=\"wd-product-grid-slider-dot\"><\/div>\n\t\t\t\t\t\t\t<div data-image-id=\"2\" class=\"wd-product-grid-slider-dot\"><\/div>\n\t\t\t\t\t<\/div>\n\t\t\t\t\t\t<img decoding=\"async\" width=\"250\" height=\"188\" src=\"https:\/\/www.marinigerardi.it\/shop\/wp-content\/uploads\/2023\/08\/tende-cucina-country-chic-in-lino-rustico-250x188.jpg\" class=\"attachment-woocommerce_thumbnail size-woocommerce_thumbnail\" alt=\"Tende cucina country chic in lino rustico\" srcset=\"https:\/\/www.marinigerardi.it\/shop\/wp-content\/uploads\/2023\/08\/tende-cucina-country-chic-in-lino-rustico-250x188.jpg 250w, https:\/\/www.marinigerardi.it\/shop\/wp-content\/uploads\/2023\/08\/tende-cucina-country-chic-in-lino-rustico-600x450.jpg 600w, https:\/\/www.marinigerardi.it\/shop\/wp-content\/uploads\/2023\/08\/tende-cucina-country-chic-in-lino-rustico-300x225.jpg.avif 300w, https:\/\/www.marinigerardi.it\/shop\/wp-content\/uploads\/2023\/08\/tende-cucina-country-chic-in-lino-rustico-768x576.jpg.avif 768w, https:\/\/www.marinigerardi.it\/shop\/wp-content\/uploads\/2023\/08\/tende-cucina-country-chic-in-lino-rustico.jpg.webp 1024w\" sizes=\"(max-width: 250px) 100vw, 250px\" \/>\t\t<\/a>\n\n\t\t\n\t\t<div class=\"wd-buttons wd-pos-r-t\">\n\t\t\t\t\t\t\t\t\t\t\t\t\t\t<\/div>\n\t<\/div>\n\n\t\t<div class=\"product-element-bottom\">\n\t\n\t\n\t<h3 class=\"wd-entities-title\"><a href=\"https:\/\/www.marinigerardi.it\/shop\/prodotto\/tende-cucina-country-chic\/\">MARANAI &#8211; Tende cucina country chic ma non solo!<\/a><\/h3>\n\t\t\t\t\t\t<p class=\"wd-product-stock stock wd-style-default in-stock\">Disponibile<\/p>\n\t\t\n\t\n\t<span class=\"price\">135,00&nbsp;&euro;<\/span>\n\n\t<div class=\"wd-add-btn wd-add-btn-replace\">\n\t\t\n\t\t<a href=\"https:\/\/www.marinigerardi.it\/shop\/prodotto\/tende-cucina-country-chic\/\" class=\"button product_type_simple add-to-cart-loop mg-detail-btn\"><span class=\"wd-action-icon\"><span class=\"wd-check-icon\"><\/span><\/span><span class=\"wd-action-text\">Vedi dettagli<\/span><\/a>\t<\/div>\n\n\t\n\t\n\t\t\t<\/div>\n\t<\/div>\n<\/div>\n<\/div>\n<\/div><\/div>[vc_empty_space woodmart_hide_large=&#8221;0&#8243; woodmart_hide_medium=&#8221;0&#8243; woodmart_hide_small=&#8221;0&#8243;]\n\t\t<div id=\"wd-6a4b538d0fddb\" class=\"title-wrapper wd-wpb wd-set-mb reset-last-child  wd-rs-6a4b538d0fddb wd-title-color-default wd-title-style-default text-center  wd-underline-colored\">\n\t\t\t\n\t\t\t<div class=\"liner-continer\">\n\t\t\t\t<h3 class=\"woodmart-title-container title  wd-font-weight- wd-fontsize-l\" >Negozi di Tende e Tendaggi a Galatina su misura in Lino<\/h3>\n\t\t\t\t\t\t\t<\/div>\n\t\t\t\n\t\t\t\n\t\t\t\n\t\t<\/div>\n\t\t\n\t\t[vc_single_image image=&#8221;96325&#8243; img_size=&#8221;full&#8221; alignment=&#8221;center&#8221; onclick=&#8221;link_image&#8221; css=&#8221;&#8221; parallax_scroll=&#8221;no&#8221;][vc_tta_accordion section_title_tag=&#8221;h3&#8243; gap=&#8221;10&#8243; active_section=&#8221;&#8221; collapsible_all=&#8221;true&#8221;][vc_tta_section title=&#8221;Lavare le Tende in Lino&#8221; tab_id=&#8221;1783321029210-d5429d90-5bf6&#8243;]\t\t<div id=\"wd-6a4b51d6c213d\" class=\"wd-text-block wd-wpb reset-last-child wd-rs-6a4b51d6c213d text-left \">\n\t\t\t<p>Possiamo lavare le nostre\u00a0tende\u00a0di lino\u00a0in lavatrice.\u00a0Il\u00a0<a href=\"https:\/\/www.marinigerardi.it\/shop\/prodotto\/tende-in-garza-di-lino\/\"><strong>lino garzato<\/strong><\/a>, quello con la trama larga e pi\u00f9 leggero, \u00e8 il pi\u00f9 delicato. Consigliamo di procedere con due risciacqui in lavatrice inserendo al massimo due teli per volta.<br \/>\nDopo i risciacqui possiamo procedere con un lavaggio delicato a 30\u00b0 \u2013 max 400 giri. Per il lino stropicciato possiamo optare anche per una centrifuga pi\u00f9 forte, inserendo un po\u2019 di ammorbidente.<\/p>\n\t\t<\/div>\n\t\t[\/vc_tta_section][vc_tta_section title=&#8221;Come mantenere morbido il lino?&#8221; tab_id=&#8221;1783321029225-11273d39-9a8a&#8221;]\t\t<div id=\"wd-6a4b51d6c213d\" class=\"wd-text-block wd-wpb reset-last-child wd-rs-6a4b51d6c213d text-left \">\n\t\t\t<p>Per ammorbidire un capo in\u00a0<b>lino<\/b>, vi consigliamo di metterlo in ammollo in una bacinella contenente acqua tiepida e un bicchiere di bicarbonato. Lasciate agire per diverse ore, anche tutta la notte, e poi procedete al lavaggio consueto in lavatrice con detergente neutro e delicato<\/p>\n\t\t<\/div>\n\t\t[\/vc_tta_section][vc_tta_section title=&#8221;Come si asciuga il LIno&#8221; tab_id=&#8221;1783321214042-60d1446c-6e8f&#8221;]\t\t<div id=\"wd-6a4b6c5b2ca13\" class=\"wd-text-block wd-wpb reset-last-child wd-rs-6a4b6c5b2ca13 text-left \">\n\t\t\t<p>La luce del sole sbiadisce un po\u2019 i tessuti quindi consigliamo di\u00a0<b>asciugare<\/b> i tessuti in <a href=\"https:\/\/www.puro-lino.com\/\" rel=\"nofollow noopener\" target=\"_blank\"><strong>puro lino<\/strong><\/a> chiari all\u2019aperto e tenere quelli pi\u00f9 scuri lontano dalla luce solare diretta mentre sono ancora umidi<\/p>\n\t\t<\/div>\n\t\t[\/vc_tta_section][vc_tta_section title=&#8221;Come non Stirare le Tende in Lino&#8221; tab_id=&#8221;1783321272203-33d80369-49e0&#8243;]\t\t<div id=\"wd-6a4b51d6c213d\" class=\"wd-text-block wd-wpb reset-last-child wd-rs-6a4b51d6c213d text-left \">\n\t\t\t<p>Per evitare\u00a0<b>di<\/b>\u00a0stropicciare troppo le vostre\u00a0<b>tende<\/b>, \u00e8 consigliabile stenderle ancora\u00a0<b>da<\/b>\u00a0bagnate. Stendetele, quindi, in verticale, cos\u00ec che il peso dell\u2019acqua e la gravit\u00e0 possa raddrizzarle durante l\u2019asciugatura. Le\u00a0<b>tende<\/b>\u00a0asciugandosi in questa posizione perderanno ogni piega e sembreranno perfettamente \u201cstirate<\/p>\n\t\t<\/div>\n\t\t[\/vc_tta_section][vc_tta_section title=&#8221;Dove comprare tende online?&#8221; tab_id=&#8221;1783321340543-5b4ce94e-d67c&#8221;]\t\t<div id=\"wd-6a4b51d6c213d\" class=\"wd-text-block wd-wpb reset-last-child wd-rs-6a4b51d6c213d text-left \">\n\t\t\t<p>Vesti la tua casa scegliendo tra le tende Marini&amp;Gerardi la pi\u00f9 adatta al tuo ambiente. Acquistare le tende online non \u00e8 mai stato cos\u00ec facile e sicuro, con una proposta cos\u00ec ampia di tende moderne e classiche adatte ad ogni ambiente. In una gran bella tenda sono sempre i dettagli a fare la differenza, per cui nulla pu\u00f2 essere lasciato al caso.<\/p>\n\t\t<\/div>\n\t\t[\/vc_tta_section][vc_tta_section title=&#8221;Come inserire le tende in sala?&#8221; tab_id=&#8221;1783321407944-d2a55453-b351&#8243;]\t\t<div id=\"wd-6a4b51d6c213d\" class=\"wd-text-block wd-wpb reset-last-child wd-rs-6a4b51d6c213d text-left \">\n\t\t\t<p>Secondo le linee guida di stile contemporaneo il bastone della\u00a0<b>tenda<\/b>\u00a0dovrebbe essere montato esattamente appena sotto il soffitto per far sembrare pi\u00f9 alta la stanza e dare una sensazione di spaziosit\u00e0, sopratutto\u00a0<b>nel<\/b>\u00a0caso il tuo soggiorno necessiti di apparire visivamente pi\u00f9 ampio.<\/p>\n\t\t<\/div>\n\t\t[\/vc_tta_section][\/vc_tta_accordion]<style data-type=\"vc_shortcodes-custom-css\">.vc_custom_1696504629777{margin-top: 10px !important;}<\/style><div class=\"wpb-content-wrapper\" id=\"wpb-content-root\">[vc_row full_width=\"stretch_row\" gap=\"5\" equal_height=\"yes\" mobile_bg_img_hidden=\"no\" tablet_bg_img_hidden=\"no\" woodmart_parallax=\"0\" woodmart_gradient_switch=\"no\" row_reverse_mobile=\"0\" row_reverse_tablet=\"0\" woodmart_disable_overflow=\"0\" css=\".vc_custom_1696504629777{margin-top: 10px !important;}\" woodmart_css_id=\"651e9b2457d05\" responsive_spacing=\"eyJwYXJhbV90eXBlIjoid29vZG1hcnRfcmVzcG9uc2l2ZV9zcGFjaW5nIiwic2VsZWN0b3JfaWQiOiI2NTFlOWIyNDU3ZDA1Iiwic2hvcnRjb2RlIjoidmNfcm93IiwiZGF0YSI6eyJ0YWJsZXQiOnt9LCJtb2JpbGUiOnt9fX0=\" woodmart_box_shadow=\"no\" wd_z_index=\"no\"][vc_column][vc_message message_box_style=\"outline\" message_box_color=\"peacoc\" css=\"\"]<strong>MARINI &amp; GERARDI s.r.l<\/strong> <a href=\"https:\/\/www.marinigerardi.it\/shop\/categoria-prodotto\/tende-da-interni\/tende-in-lino\/\"><strong>Tende in Lino<\/strong><\/a> e <a href=\"https:\/\/www.marinigerardi.it\/shop\/categoria-prodotto\/biancheria-letto\/\"><strong>Biancheria Casa<\/strong><\/a>\r\nLinea diretta: Mobile; 389 1537 793 <strong>E-Mail: assistenza@marinigerardi.it<\/strong>\r\n<strong>Unico Showroom:<\/strong> Via F. Rubichi,2 - 73047 Monteroni di Lecce - Puglia (Salento)\u00a0 per appuntamento.[\/vc_message][\/vc_column][\/vc_row]<\/div>[\/vc_column][\/vc_row]<\/p>\n<\/div>","protected":false},"excerpt":{"rendered":"<p>[vc_row][vc_column][vc_empty_space woodmart_hide_large=&#8221;0&#8243; woodmart_hide_medium=&#8221;0&#8243; woodmart_hide_small=&#8221;0&#8243;][vc_single_image image=&#8221;96325&#8243; img_size=&#8221;full&#8221; alignment=&#8221;center&#8221; onclick=&#8221;link_image&#8221; css=&#8221;&#8221; parallax_scroll=&#8221;no&#8221;][vc_tta_accordion section_title_tag=&#8221;h3&#8243; gap=&#8221;10&#8243; active_section=&#8221;&#8221; collapsible_all=&#8221;true&#8221;][vc_tta_section title=&#8221;Lavare le Tende in Lino&#8221; tab_id=&#8221;1783321029210-d5429d90-5bf6&#8243;][\/vc_tta_section][vc_tta_section<\/p>\n","protected":false},"author":1,"featured_media":96328,"comment_status":"closed","ping_status":"closed","sticky":false,"template":"","format":"standard","meta":{"footnotes":""},"categories":[2128,2176],"tags":[2661,2631,2662,2288],"class_list":["post-40615","post","type-post","status-publish","format-standard","has-post-thumbnail","category-puglia","category-tende-tendaggi","tag-negozi-di-tende","tag-negozi-di-tende-e-tendaggi-a-galatina","tag-tendaggi","tag-tende"],"_links":{"self":[{"href":"https:\/\/www.marinigerardi.it\/shop\/wp-json\/wp\/v2\/posts\/40615","targetHints":{"allow":["GET"]}}],"collection":[{"href":"https:\/\/www.marinigerardi.it\/shop\/wp-json\/wp\/v2\/posts"}],"about":[{"href":"https:\/\/www.marinigerardi.it\/shop\/wp-json\/wp\/v2\/types\/post"}],"author":[{"embeddable":true,"href":"https:\/\/www.marinigerardi.it\/shop\/wp-json\/wp\/v2\/users\/1"}],"replies":[{"embeddable":true,"href":"https:\/\/www.marinigerardi.it\/shop\/wp-json\/wp\/v2\/comments?post=40615"}],"version-history":[{"count":0,"href":"https:\/\/www.marinigerardi.it\/shop\/wp-json\/wp\/v2\/posts\/40615\/revisions"}],"wp:featuredmedia":[{"embeddable":true,"href":"https:\/\/www.marinigerardi.it\/shop\/wp-json\/wp\/v2\/media\/96328"}],"wp:attachment":[{"href":"https:\/\/www.marinigerardi.it\/shop\/wp-json\/wp\/v2\/media?parent=40615"}],"wp:term":[{"taxonomy":"category","embeddable":true,"href":"https:\/\/www.marinigerardi.it\/shop\/wp-json\/wp\/v2\/categories?post=40615"},{"taxonomy":"post_tag","embeddable":true,"href":"https:\/\/www.marinigerardi.it\/shop\/wp-json\/wp\/v2\/tags?post=40615"}],"curies":[{"name":"wp","href":"https:\/\/api.w.org\/{rel}","templated":true}]}}