{"id":35008,"date":"2022-02-17T17:28:21","date_gmt":"2022-02-17T17:28:21","guid":{"rendered":"https:\/\/www.marinigerardi.it\/shop\/?p=35008"},"modified":"2026-07-10T06:57:09","modified_gmt":"2026-07-10T06:57:09","slug":"negozi-tende-a-monza-brianza","status":"publish","type":"post","link":"https:\/\/www.marinigerardi.it\/shop\/negozi-tende-a-monza-brianza\/","title":{"rendered":"Negozi Tende a Monza Brianza"},"content":{"rendered":"<div class=\"wpb-content-wrapper\" id=\"wpb-content-root\"><p>[vc_row full_width=&#8221;stretch_row&#8221; content_placement=&#8221;middle&#8221; mobile_bg_img_hidden=&#8221;no&#8221; tablet_bg_img_hidden=&#8221;no&#8221; woodmart_parallax=&#8221;0&#8243; woodmart_gradient_switch=&#8221;no&#8221; row_reverse_mobile=&#8221;0&#8243; row_reverse_tablet=&#8221;0&#8243; woodmart_disable_overflow=&#8221;0&#8243; woodmart_css_id=&#8221;61a4abdddb981&#8243; woodmart_box_shadow=&#8221;no&#8221; wd_z_index=&#8221;no&#8221;][vc_column]<div id=\"wd-620e69ef59e8e\" class=\" wd-rs-620e69ef59e8e  wd-button-wrapper text-center\"><a href=\"https:\/\/www.marinigerardi.it\/shop\/prodotto\/villa-castelli-tende-soggiorno-letto\/\" title=\"\" class=\"btn btn-color-primary btn-style-bordered btn-shape-rectangle btn-size-large btn-full-width btn-icon-pos-left\">Villa Castelli in Lino<span class=\"wd-btn-icon\"><span class=\"wd-icon far fa-arrow-alt-circle-right\"><\/span><\/span><\/a><\/div>\n\t\t<div id=\"wd-6a50970a20a6a\" class=\"title-wrapper wd-wpb wd-set-mb reset-last-child  wd-rs-6a50970a20a6a wd-title-color-default wd-title-style-bordered text-center vc_custom_1783666464961 wd-underline-colored\">\n\t\t\t\n\t\t\t<div class=\"liner-continer\">\n\t\t\t\t<h2 class=\"woodmart-title-container title  wd-font-weight- wd-fontsize-l\" >Negozi Tende a Monza Brianza<\/h2>\n\t\t\t\t\t\t\t<\/div>\n\t\t\t\n\t\t\t\t\t\t\t<div class=\"title-after_title reset-last-child  wd-fontsize-xs\">Tendaggi per Interrni disegnatI e prodottI da Marini &amp; Gerardi<\/div>\n\t\t\t\n\t\t\t\n\t\t<\/div>\n\t\t\n\t\t\t\t<div id=\"wd-6a5097939a17e\" class=\"wd-text-block wd-wpb reset-last-child wd-rs-6a5097939a17e text-left \">\n\t\t\t<p>Ogni <a href=\"https:\/\/www.marinigerardi.it\/shop\/categoria-prodotto\/tende-da-interni\/\"><strong>tenda da interni<\/strong> <\/a>Marini&amp;Gerardi nasce all&#8217;interno dei nostri laboratori, dove la maestria degli artigiani salentini trasforma il progetto in realt\u00e0. Non parliamo di una semplice produzione, ma di un processo sartoriale che mette al centro la qualit\u00e0 della materia prima: utilizziamo esclusivamente fibre naturali \u2014 lino, cotone e seta.<br \/>\nRinnovare casa \u00e8 un impegno importante. Affidarsi a una realt\u00e0 solida e competente significa trasformare un potenziale carico di stress in un percorso lineare e sereno.<\/p>\n<p><strong>In Marini&amp;Gerardi, <\/strong>il nostro obiettivo \u00e8 offrirvi esattamente questa tranquillit\u00e0: la certezza di un prodotto confezionato su misura, curato in ogni finitura e realizzato con la professionalit\u00e0 che solo anni di esperienza nell&#8217;Alta Moda Casa possono garantire. Scegliere la nostra produzione significa privilegiare la qualit\u00e0 artigianale, eliminando ogni dubbio e regalando ai vostri spazi l&#8217;armonia che meritano.<\/p>\n\t\t<\/div>\n\t\t<div class=\"woocommerce columns-2 \"><div class=\"wd-products-element\">\t\t\t<div class=\"wd-sticky-loader wd-deferred wd-content-loader\"><span class=\"wd-loader\"><\/span><\/div>\n\t\t\n<div class=\"products wd-products wd-grid-g grid-columns-3 elements-grid pagination-infinit wd-loop-builder-off title-line-two wd-stretch-cont-lg wd-products-with-shadow\" data-source=\"main_loop\" data-min_price=\"\" data-max_price=\"\" data-columns=\"3\" style=\"--wd-col-lg:3;--wd-col-md:3;--wd-col-sm:2;--wd-gap-lg:20px;--wd-gap-sm:10px;\">\n<div class=\"wd-product wd-col wd-hover-standard product-grid-item product type-product post-84951 status-publish last instock product_cat-tende-cameretta has-post-thumbnail taxable shipping-taxable purchasable product-type-simple\" data-loop=\"1\" data-id=\"84951\">\n\t\n<div class=\"wd-product-wrapper product-wrapper\">\n\t<div class=\"wd-product-thumb product-element-top wd-quick-shop\">\n\t\t<a href=\"https:\/\/www.marinigerardi.it\/shop\/prodotto\/tenda-per-cameretta-bimba\/\" class=\"wd-product-img-link product-image-link\" tabindex=\"-1\" aria-label=\"I GIRASOLI con ricami: Tenda per Cameretta Bimba\">\n\t\t\t<img decoding=\"async\" width=\"250\" height=\"250\" src=\"https:\/\/www.marinigerardi.it\/shop\/wp-content\/uploads\/2025\/07\/tessuti-tenda-per-cameretta-bimba-giocare-agli-indiani-250x250.avif\" class=\"attachment-woocommerce_thumbnail size-woocommerce_thumbnail\" alt=\"Tessuti tenda per cameretta bimba con girasoli un vero e proprio abbraccio di sole\" srcset=\"https:\/\/www.marinigerardi.it\/shop\/wp-content\/uploads\/2025\/07\/tessuti-tenda-per-cameretta-bimba-giocare-agli-indiani-250x250.avif 250w, https:\/\/www.marinigerardi.it\/shop\/wp-content\/uploads\/2025\/07\/tessuti-tenda-per-cameretta-bimba-giocare-agli-indiani-300x300.avif 300w, https:\/\/www.marinigerardi.it\/shop\/wp-content\/uploads\/2025\/07\/tessuti-tenda-per-cameretta-bimba-giocare-agli-indiani-150x150.avif 150w, https:\/\/www.marinigerardi.it\/shop\/wp-content\/uploads\/2025\/07\/tessuti-tenda-per-cameretta-bimba-giocare-agli-indiani-768x768.avif 768w, https:\/\/www.marinigerardi.it\/shop\/wp-content\/uploads\/2025\/07\/tessuti-tenda-per-cameretta-bimba-giocare-agli-indiani-600x600.avif 600w, https:\/\/www.marinigerardi.it\/shop\/wp-content\/uploads\/2025\/07\/tessuti-tenda-per-cameretta-bimba-giocare-agli-indiani.avif 800w\" sizes=\"(max-width: 250px) 100vw, 250px\" \/>\t\t<\/a>\n\n\t\t\n\t\t<div class=\"wd-buttons wd-pos-r-t\">\n\t\t\t\t\t\t\t\t\t\t\t\t\t\t<\/div>\n\t<\/div>\n\n\t\t<div class=\"product-element-bottom\">\n\t\n\t\n\t<h3 class=\"wd-entities-title\"><a href=\"https:\/\/www.marinigerardi.it\/shop\/prodotto\/tenda-per-cameretta-bimba\/\">I GIRASOLI con ricami: Tenda per Cameretta Bimba<\/a><\/h3>\n\t\t\t\t\t\t<p class=\"wd-product-stock stock wd-style-default in-stock\">Disponibile<\/p>\n\t\t\n\t\n\t<span class=\"price\">309,00&nbsp;&euro;<\/span>\n\n\t<div class=\"wd-add-btn wd-add-btn-replace\">\n\t\t\n\t\t<a href=\"https:\/\/www.marinigerardi.it\/shop\/prodotto\/tenda-per-cameretta-bimba\/\" class=\"button product_type_simple add-to-cart-loop mg-detail-btn\"><span class=\"wd-action-icon\"><span class=\"wd-check-icon\"><\/span><\/span><span class=\"wd-action-text\">Vedi dettagli<\/span><\/a>\t<\/div>\n\n\t\n\t\n\t\t\t<\/div>\n\t<\/div>\n<\/div>\n<div class=\"wd-product wd-col wd-hover-standard product-grid-item product type-product post-13144 status-publish first instock product_cat-tende-da-interni product_cat-tende-in-lino product_cat-tende-interno product_cat-tende-lino product_cat-tende-moderne product_cat-tende-su-misura product_tag-tende-di-lino product_tag-tende-in-lino product_tag-tende-in-lino-su-misura product_tag-tende-interni-in-lino has-post-thumbnail taxable shipping-taxable purchasable product-type-simple\" data-loop=\"2\" data-id=\"13144\">\n\t\n<div class=\"wd-product-wrapper product-wrapper\">\n\t<div class=\"wd-product-thumb product-element-top wd-quick-shop\">\n\t\t<a href=\"https:\/\/www.marinigerardi.it\/shop\/prodotto\/tenda-da-interni-in-lino-stropicciato-idrusa\/\" class=\"wd-product-img-link product-image-link\" tabindex=\"-1\" aria-label=\"IDRUSA &#8211; Tenda da Interni Lino Stropicciato\">\n\t\t\t\t\t<div class=\"wd-product-grid-slider wd-fill\">\n\t\t\t\t\t\t\t<div class=\"wd-product-grid-slide\" data-image-url=\"https:\/\/www.marinigerardi.it\/shop\/wp-content\/uploads\/2021\/10\/100-modelli-di-Tende-esclusive-di-lino-alla-moda-su-misura-250x188.jpg\" data-image-srcset=\"https:\/\/www.marinigerardi.it\/shop\/wp-content\/uploads\/2021\/10\/100-modelli-di-Tende-esclusive-di-lino-alla-moda-su-misura-250x188.jpg 250w, https:\/\/www.marinigerardi.it\/shop\/wp-content\/uploads\/2021\/10\/100-modelli-di-Tende-esclusive-di-lino-alla-moda-su-misura-600x450.jpg 600w, https:\/\/www.marinigerardi.it\/shop\/wp-content\/uploads\/2021\/10\/100-modelli-di-Tende-esclusive-di-lino-alla-moda-su-misura-300x225.jpg 300w, https:\/\/www.marinigerardi.it\/shop\/wp-content\/uploads\/2021\/10\/100-modelli-di-Tende-esclusive-di-lino-alla-moda-su-misura-768x576.jpg 768w, https:\/\/www.marinigerardi.it\/shop\/wp-content\/uploads\/2021\/10\/100-modelli-di-Tende-esclusive-di-lino-alla-moda-su-misura.jpg 1024w\" data-image-id=\"0\"><\/div>\n\t\t\t\t\t\t\t<div class=\"wd-product-grid-slide\" data-image-url=\"https:\/\/www.marinigerardi.it\/shop\/wp-content\/uploads\/2021\/10\/idrusa-tende-interno-esclusive-tessuti-di-qualita-lino-moda-casa-250x188.jpg\" data-image-srcset=\"https:\/\/www.marinigerardi.it\/shop\/wp-content\/uploads\/2021\/10\/idrusa-tende-interno-esclusive-tessuti-di-qualita-lino-moda-casa-250x188.jpg 250w, https:\/\/www.marinigerardi.it\/shop\/wp-content\/uploads\/2021\/10\/idrusa-tende-interno-esclusive-tessuti-di-qualita-lino-moda-casa-600x450.jpg 600w, https:\/\/www.marinigerardi.it\/shop\/wp-content\/uploads\/2021\/10\/idrusa-tende-interno-esclusive-tessuti-di-qualita-lino-moda-casa-300x225.jpg 300w, https:\/\/www.marinigerardi.it\/shop\/wp-content\/uploads\/2021\/10\/idrusa-tende-interno-esclusive-tessuti-di-qualita-lino-moda-casa-768x576.jpg 768w, https:\/\/www.marinigerardi.it\/shop\/wp-content\/uploads\/2021\/10\/idrusa-tende-interno-esclusive-tessuti-di-qualita-lino-moda-casa.jpg 1024w\" data-image-id=\"1\"><\/div>\n\t\t\t\t\t\t\t<div class=\"wd-product-grid-slide\" data-image-url=\"https:\/\/www.marinigerardi.it\/shop\/wp-content\/uploads\/2021\/10\/idrusa-tende-esclusive-di-lino-alla-moda-su-misura-arancio-250x188.jpg\" data-image-srcset=\"https:\/\/www.marinigerardi.it\/shop\/wp-content\/uploads\/2021\/10\/idrusa-tende-esclusive-di-lino-alla-moda-su-misura-arancio-250x188.jpg 250w, https:\/\/www.marinigerardi.it\/shop\/wp-content\/uploads\/2021\/10\/idrusa-tende-esclusive-di-lino-alla-moda-su-misura-arancio-600x450.jpg 600w, https:\/\/www.marinigerardi.it\/shop\/wp-content\/uploads\/2021\/10\/idrusa-tende-esclusive-di-lino-alla-moda-su-misura-arancio-300x225.jpg 300w, https:\/\/www.marinigerardi.it\/shop\/wp-content\/uploads\/2021\/10\/idrusa-tende-esclusive-di-lino-alla-moda-su-misura-arancio-768x576.jpg 768w, https:\/\/www.marinigerardi.it\/shop\/wp-content\/uploads\/2021\/10\/idrusa-tende-esclusive-di-lino-alla-moda-su-misura-arancio.jpg 1024w\" data-image-id=\"2\"><\/div>\n\t\t\t\t\t<\/div>\n\n\t\t\n\t\t\t\t\t\t\t<div class=\"wd-product-grid-slider-pagin\">\n\t\t\t\t\t\t\t<div data-image-id=\"0\" class=\"wd-product-grid-slider-dot\"><\/div>\n\t\t\t\t\t\t\t<div data-image-id=\"1\" class=\"wd-product-grid-slider-dot\"><\/div>\n\t\t\t\t\t\t\t<div data-image-id=\"2\" class=\"wd-product-grid-slider-dot\"><\/div>\n\t\t\t\t\t<\/div>\n\t\t\t\t\t\t<img decoding=\"async\" width=\"250\" height=\"188\" src=\"https:\/\/www.marinigerardi.it\/shop\/wp-content\/uploads\/2021\/10\/100-modelli-di-Tende-esclusive-di-lino-alla-moda-su-misura-250x188.jpg\" class=\"attachment-woocommerce_thumbnail size-woocommerce_thumbnail\" alt=\"IDRUSA - Tenda da Interni Lino Stropicciato\" srcset=\"https:\/\/www.marinigerardi.it\/shop\/wp-content\/uploads\/2021\/10\/100-modelli-di-Tende-esclusive-di-lino-alla-moda-su-misura-250x188.jpg 250w, https:\/\/www.marinigerardi.it\/shop\/wp-content\/uploads\/2021\/10\/100-modelli-di-Tende-esclusive-di-lino-alla-moda-su-misura-600x450.jpg 600w, https:\/\/www.marinigerardi.it\/shop\/wp-content\/uploads\/2021\/10\/100-modelli-di-Tende-esclusive-di-lino-alla-moda-su-misura-300x225.jpg.avif 300w, https:\/\/www.marinigerardi.it\/shop\/wp-content\/uploads\/2021\/10\/100-modelli-di-Tende-esclusive-di-lino-alla-moda-su-misura-768x576.jpg.avif 768w, https:\/\/www.marinigerardi.it\/shop\/wp-content\/uploads\/2021\/10\/100-modelli-di-Tende-esclusive-di-lino-alla-moda-su-misura.jpg.webp 1024w\" sizes=\"(max-width: 250px) 100vw, 250px\" \/>\t\t<\/a>\n\n\t\t\n\t\t<div class=\"wd-buttons wd-pos-r-t\">\n\t\t\t\t\t\t\t\t\t\t\t\t\t\t<\/div>\n\t<\/div>\n\n\t\t<div class=\"product-element-bottom\">\n\t\n\t\n\t<h3 class=\"wd-entities-title\"><a href=\"https:\/\/www.marinigerardi.it\/shop\/prodotto\/tenda-da-interni-in-lino-stropicciato-idrusa\/\">IDRUSA &#8211; Tenda da Interni Lino Stropicciato<\/a><\/h3>\n\t\t\t\t\t\t<p class=\"wd-product-stock stock wd-style-default in-stock\">Disponibile<\/p>\n\t\t\n\t\n\t<span class=\"price\">228,00&nbsp;&euro;<\/span>\n\n\t<div class=\"wd-add-btn wd-add-btn-replace\">\n\t\t\n\t\t<a href=\"https:\/\/www.marinigerardi.it\/shop\/prodotto\/tenda-da-interni-in-lino-stropicciato-idrusa\/\" class=\"button product_type_simple add-to-cart-loop mg-detail-btn\"><span class=\"wd-action-icon\"><span class=\"wd-check-icon\"><\/span><\/span><span class=\"wd-action-text\">Vedi dettagli<\/span><\/a>\t<\/div>\n\n\t\n\t\n\t\t\t<\/div>\n\t<\/div>\n<\/div>\n<div class=\"wd-product wd-col wd-hover-standard product-grid-item product type-product post-29602 status-publish last instock product_cat-tende-da-interni product_cat-tende-in-seta product_cat-tende-moderne product_tag-tende-in-seta has-post-thumbnail sale taxable shipping-taxable purchasable product-type-simple\" data-loop=\"3\" data-id=\"29602\">\n\t\n<div class=\"wd-product-wrapper product-wrapper\">\n\t<div class=\"wd-product-thumb product-element-top wd-quick-shop\">\n\t\t<a href=\"https:\/\/www.marinigerardi.it\/shop\/prodotto\/ssolaria-tende-in-seta-moderne\/\" class=\"wd-product-img-link product-image-link\" tabindex=\"-1\" aria-label=\"SOLARIA &#8211; Tende in Seta Moderne da 140 cm.\">\n\t\t\t\t\t<div class=\"wd-product-grid-slider wd-fill\">\n\t\t\t\t\t\t\t<div class=\"wd-product-grid-slide\" data-image-url=\"https:\/\/www.marinigerardi.it\/shop\/wp-content\/uploads\/2021\/01\/Tende-Organza-in-seta-e-corda-solaria-blu-250x188.jpg\" data-image-srcset=\"https:\/\/www.marinigerardi.it\/shop\/wp-content\/uploads\/2021\/01\/Tende-Organza-in-seta-e-corda-solaria-blu-250x188.jpg 250w, https:\/\/www.marinigerardi.it\/shop\/wp-content\/uploads\/2021\/01\/Tende-Organza-in-seta-e-corda-solaria-blu-600x450.jpg 600w, https:\/\/www.marinigerardi.it\/shop\/wp-content\/uploads\/2021\/01\/Tende-Organza-in-seta-e-corda-solaria-blu-300x225.jpg 300w, https:\/\/www.marinigerardi.it\/shop\/wp-content\/uploads\/2021\/01\/Tende-Organza-in-seta-e-corda-solaria-blu-768x576.jpg 768w, https:\/\/www.marinigerardi.it\/shop\/wp-content\/uploads\/2021\/01\/Tende-Organza-in-seta-e-corda-solaria-blu.jpg 1024w\" data-image-id=\"0\"><\/div>\n\t\t\t\t\t\t\t<div class=\"wd-product-grid-slide\" data-image-url=\"https:\/\/www.marinigerardi.it\/shop\/wp-content\/uploads\/2021\/12\/tenda-organza-seta-blu-solaria-250x188.jpg\" data-image-srcset=\"https:\/\/www.marinigerardi.it\/shop\/wp-content\/uploads\/2021\/12\/tenda-organza-seta-blu-solaria-250x188.jpg 250w, https:\/\/www.marinigerardi.it\/shop\/wp-content\/uploads\/2021\/12\/tenda-organza-seta-blu-solaria-600x450.jpg 600w, https:\/\/www.marinigerardi.it\/shop\/wp-content\/uploads\/2021\/12\/tenda-organza-seta-blu-solaria-300x225.jpg 300w, https:\/\/www.marinigerardi.it\/shop\/wp-content\/uploads\/2021\/12\/tenda-organza-seta-blu-solaria-768x576.jpg 768w, https:\/\/www.marinigerardi.it\/shop\/wp-content\/uploads\/2021\/12\/tenda-organza-seta-blu-solaria.jpg 1024w\" data-image-id=\"1\"><\/div>\n\t\t\t\t\t\t\t<div class=\"wd-product-grid-slide\" data-image-url=\"https:\/\/www.marinigerardi.it\/shop\/wp-content\/uploads\/2021\/11\/tenda-organza-in-seta-rosso-ciliegio-solaria-250x188.jpg\" data-image-srcset=\"https:\/\/www.marinigerardi.it\/shop\/wp-content\/uploads\/2021\/11\/tenda-organza-in-seta-rosso-ciliegio-solaria-250x188.jpg 250w, https:\/\/www.marinigerardi.it\/shop\/wp-content\/uploads\/2021\/11\/tenda-organza-in-seta-rosso-ciliegio-solaria-600x450.jpg 600w, https:\/\/www.marinigerardi.it\/shop\/wp-content\/uploads\/2021\/11\/tenda-organza-in-seta-rosso-ciliegio-solaria-300x225.jpg 300w, https:\/\/www.marinigerardi.it\/shop\/wp-content\/uploads\/2021\/11\/tenda-organza-in-seta-rosso-ciliegio-solaria-768x576.jpg 768w, https:\/\/www.marinigerardi.it\/shop\/wp-content\/uploads\/2021\/11\/tenda-organza-in-seta-rosso-ciliegio-solaria.jpg 1024w\" data-image-id=\"2\"><\/div>\n\t\t\t\t\t<\/div>\n\n\t\t\n\t\t\t\t\t\t\t<div class=\"wd-product-grid-slider-pagin\">\n\t\t\t\t\t\t\t<div data-image-id=\"0\" class=\"wd-product-grid-slider-dot\"><\/div>\n\t\t\t\t\t\t\t<div data-image-id=\"1\" class=\"wd-product-grid-slider-dot\"><\/div>\n\t\t\t\t\t\t\t<div data-image-id=\"2\" class=\"wd-product-grid-slider-dot\"><\/div>\n\t\t\t\t\t<\/div>\n\t\t\t\t\t\t<img decoding=\"async\" width=\"250\" height=\"188\" src=\"https:\/\/www.marinigerardi.it\/shop\/wp-content\/uploads\/2021\/01\/Tende-Organza-in-seta-e-corda-solaria-blu-250x188.jpg\" class=\"attachment-woocommerce_thumbnail size-woocommerce_thumbnail\" alt=\"Tende in Seta Moderne Solaria Blu\" srcset=\"https:\/\/www.marinigerardi.it\/shop\/wp-content\/uploads\/2021\/01\/Tende-Organza-in-seta-e-corda-solaria-blu-250x188.jpg 250w, https:\/\/www.marinigerardi.it\/shop\/wp-content\/uploads\/2021\/01\/Tende-Organza-in-seta-e-corda-solaria-blu-600x450.jpg 600w, https:\/\/www.marinigerardi.it\/shop\/wp-content\/uploads\/2021\/01\/Tende-Organza-in-seta-e-corda-solaria-blu-300x225.jpg.avif 300w, https:\/\/www.marinigerardi.it\/shop\/wp-content\/uploads\/2021\/01\/Tende-Organza-in-seta-e-corda-solaria-blu-768x576.jpg.avif 768w, https:\/\/www.marinigerardi.it\/shop\/wp-content\/uploads\/2021\/01\/Tende-Organza-in-seta-e-corda-solaria-blu.jpg.webp 1024w\" sizes=\"(max-width: 250px) 100vw, 250px\" \/>\t\t<\/a>\n\n\t\t\t\t\t<div class=\"product-labels labels-rectangular\">\n\t\t\t\t<span class=\"onsale product-label wd-shape-rect-sm\">-40%<\/span>\t\t\t<\/div>\n\t\t\t\n\t\t<div class=\"wd-buttons wd-pos-r-t\">\n\t\t\t\t\t\t\t\t\t\t\t\t\t\t<\/div>\n\t<\/div>\n\n\t\t<div class=\"product-element-bottom\">\n\t\n\t\n\t<h3 class=\"wd-entities-title\"><a href=\"https:\/\/www.marinigerardi.it\/shop\/prodotto\/ssolaria-tende-in-seta-moderne\/\">SOLARIA &#8211; Tende in Seta Moderne da 140 cm.<\/a><\/h3>\n\t\t\t\t\t\t\n\t\t\t\t<div class=\"star-rating\" role=\"img\" aria-label=\"Valutato 4.50 su 5\">\n\t\t\t\t\t<span style=\"width:90%\">\n\t\t\tValutato <strong class=\"rating\">4.50<\/strong> su 5\t\t<\/span>\n\t\t\t\t<\/div>\n\n\t\t\n\t\t\t\t\t\t\t\t\t<p class=\"wd-product-stock stock wd-style-default in-stock\">Disponibile<\/p>\n\t\t\n\t\n\t<span class=\"price\">79,90&nbsp;&euro;<\/span>\n\n\t<div class=\"wd-add-btn wd-add-btn-replace\">\n\t\t\n\t\t<a href=\"https:\/\/www.marinigerardi.it\/shop\/prodotto\/ssolaria-tende-in-seta-moderne\/\" class=\"button product_type_simple add-to-cart-loop mg-detail-btn\"><span class=\"wd-action-icon\"><span class=\"wd-check-icon\"><\/span><\/span><span class=\"wd-action-text\">Vedi dettagli<\/span><\/a>\t<\/div>\n\n\t\n\t\n\t\t\t<\/div>\n\t<\/div>\n<\/div>\n<div class=\"wd-product wd-col wd-hover-standard product-grid-item product type-product post-7660 status-publish first instock product_cat-tende-in-lino has-post-thumbnail taxable shipping-taxable purchasable product-type-simple\" data-loop=\"4\" data-id=\"7660\">\n\t\n<div class=\"wd-product-wrapper product-wrapper\">\n\t<div class=\"wd-product-thumb product-element-top wd-quick-shop\">\n\t\t<a href=\"https:\/\/www.marinigerardi.it\/shop\/prodotto\/tende-soggiorno-in-lino-torre-suda\/\" class=\"wd-product-img-link product-image-link\" tabindex=\"-1\" aria-label=\"TORRE SUDA &#8211; Tende Soggiorno in Lino\">\n\t\t\t\t\t<div class=\"wd-product-grid-slider wd-fill\">\n\t\t\t\t\t\t\t<div class=\"wd-product-grid-slide\" data-image-url=\"https:\/\/www.marinigerardi.it\/shop\/wp-content\/uploads\/2021\/03\/Torre-Suda-Tenda-lino-moderna-decoro-a-quadri-intaglio-ricamo-250x188.jpg\" data-image-srcset=\"https:\/\/www.marinigerardi.it\/shop\/wp-content\/uploads\/2021\/03\/Torre-Suda-Tenda-lino-moderna-decoro-a-quadri-intaglio-ricamo-250x188.jpg 250w, https:\/\/www.marinigerardi.it\/shop\/wp-content\/uploads\/2021\/03\/Torre-Suda-Tenda-lino-moderna-decoro-a-quadri-intaglio-ricamo-600x450.jpg 600w, https:\/\/www.marinigerardi.it\/shop\/wp-content\/uploads\/2021\/03\/Torre-Suda-Tenda-lino-moderna-decoro-a-quadri-intaglio-ricamo-300x225.jpg 300w, https:\/\/www.marinigerardi.it\/shop\/wp-content\/uploads\/2021\/03\/Torre-Suda-Tenda-lino-moderna-decoro-a-quadri-intaglio-ricamo-768x576.jpg 768w, https:\/\/www.marinigerardi.it\/shop\/wp-content\/uploads\/2021\/03\/Torre-Suda-Tenda-lino-moderna-decoro-a-quadri-intaglio-ricamo.jpg 1024w\" data-image-id=\"0\"><\/div>\n\t\t\t\t\t\t\t<div class=\"wd-product-grid-slide\" data-image-url=\"https:\/\/www.marinigerardi.it\/shop\/wp-content\/uploads\/2021\/03\/Torre-Suda-Tenda-lino-moderna-tessuto-acaya-Italiano-250x188.jpg\" data-image-srcset=\"https:\/\/www.marinigerardi.it\/shop\/wp-content\/uploads\/2021\/03\/Torre-Suda-Tenda-lino-moderna-tessuto-acaya-Italiano-250x188.jpg 250w, https:\/\/www.marinigerardi.it\/shop\/wp-content\/uploads\/2021\/03\/Torre-Suda-Tenda-lino-moderna-tessuto-acaya-Italiano-600x450.jpg 600w, https:\/\/www.marinigerardi.it\/shop\/wp-content\/uploads\/2021\/03\/Torre-Suda-Tenda-lino-moderna-tessuto-acaya-Italiano-300x225.jpg 300w, https:\/\/www.marinigerardi.it\/shop\/wp-content\/uploads\/2021\/03\/Torre-Suda-Tenda-lino-moderna-tessuto-acaya-Italiano-768x576.jpg 768w, https:\/\/www.marinigerardi.it\/shop\/wp-content\/uploads\/2021\/03\/Torre-Suda-Tenda-lino-moderna-tessuto-acaya-Italiano.jpg 1024w\" data-image-id=\"1\"><\/div>\n\t\t\t\t\t\t\t<div class=\"wd-product-grid-slide\" data-image-url=\"https:\/\/www.marinigerardi.it\/shop\/wp-content\/uploads\/2021\/03\/tenda-intermi-moderna-in-lino-stropicciato-colore-ecru-con-ricamo-Torre-Suda-250x188.jpg\" data-image-srcset=\"https:\/\/www.marinigerardi.it\/shop\/wp-content\/uploads\/2021\/03\/tenda-intermi-moderna-in-lino-stropicciato-colore-ecru-con-ricamo-Torre-Suda-250x188.jpg 250w, https:\/\/www.marinigerardi.it\/shop\/wp-content\/uploads\/2021\/03\/tenda-intermi-moderna-in-lino-stropicciato-colore-ecru-con-ricamo-Torre-Suda-600x450.jpg 600w, https:\/\/www.marinigerardi.it\/shop\/wp-content\/uploads\/2021\/03\/tenda-intermi-moderna-in-lino-stropicciato-colore-ecru-con-ricamo-Torre-Suda-300x225.jpg 300w, https:\/\/www.marinigerardi.it\/shop\/wp-content\/uploads\/2021\/03\/tenda-intermi-moderna-in-lino-stropicciato-colore-ecru-con-ricamo-Torre-Suda-768x576.jpg 768w, https:\/\/www.marinigerardi.it\/shop\/wp-content\/uploads\/2021\/03\/tenda-intermi-moderna-in-lino-stropicciato-colore-ecru-con-ricamo-Torre-Suda.jpg 1024w\" data-image-id=\"2\"><\/div>\n\t\t\t\t\t<\/div>\n\n\t\t\n\t\t\t\t\t\t\t<div class=\"wd-product-grid-slider-pagin\">\n\t\t\t\t\t\t\t<div data-image-id=\"0\" class=\"wd-product-grid-slider-dot\"><\/div>\n\t\t\t\t\t\t\t<div data-image-id=\"1\" class=\"wd-product-grid-slider-dot\"><\/div>\n\t\t\t\t\t\t\t<div data-image-id=\"2\" class=\"wd-product-grid-slider-dot\"><\/div>\n\t\t\t\t\t<\/div>\n\t\t\t\t\t\t<img decoding=\"async\" width=\"250\" height=\"188\" src=\"https:\/\/www.marinigerardi.it\/shop\/wp-content\/uploads\/2021\/03\/Torre-Suda-Tenda-lino-moderna-decoro-a-quadri-intaglio-ricamo-250x188.jpg\" class=\"attachment-woocommerce_thumbnail size-woocommerce_thumbnail\" alt=\"Tende Soggiorno in Lino - TORRE SUDA\" srcset=\"https:\/\/www.marinigerardi.it\/shop\/wp-content\/uploads\/2021\/03\/Torre-Suda-Tenda-lino-moderna-decoro-a-quadri-intaglio-ricamo-250x188.jpg 250w, https:\/\/www.marinigerardi.it\/shop\/wp-content\/uploads\/2021\/03\/Torre-Suda-Tenda-lino-moderna-decoro-a-quadri-intaglio-ricamo-600x450.jpg 600w, https:\/\/www.marinigerardi.it\/shop\/wp-content\/uploads\/2021\/03\/Torre-Suda-Tenda-lino-moderna-decoro-a-quadri-intaglio-ricamo-300x225.jpg.avif 300w, https:\/\/www.marinigerardi.it\/shop\/wp-content\/uploads\/2021\/03\/Torre-Suda-Tenda-lino-moderna-decoro-a-quadri-intaglio-ricamo-768x576.jpg.avif 768w, https:\/\/www.marinigerardi.it\/shop\/wp-content\/uploads\/2021\/03\/Torre-Suda-Tenda-lino-moderna-decoro-a-quadri-intaglio-ricamo.jpg.webp 1024w\" sizes=\"(max-width: 250px) 100vw, 250px\" \/>\t\t<\/a>\n\n\t\t\n\t\t<div class=\"wd-buttons wd-pos-r-t\">\n\t\t\t\t\t\t\t\t\t\t\t\t\t\t<\/div>\n\t<\/div>\n\n\t\t<div class=\"product-element-bottom\">\n\t\n\t\n\t<h3 class=\"wd-entities-title\"><a href=\"https:\/\/www.marinigerardi.it\/shop\/prodotto\/tende-soggiorno-in-lino-torre-suda\/\">TORRE SUDA &#8211; Tende Soggiorno in Lino<\/a><\/h3>\n\t\t\t\t\t\t<p class=\"wd-product-stock stock wd-style-default in-stock\">Disponibile<\/p>\n\t\t\n\t\n\t<span class=\"price\">288,00&nbsp;&euro;<\/span>\n\n\t<div class=\"wd-add-btn wd-add-btn-replace\">\n\t\t\n\t\t<a href=\"https:\/\/www.marinigerardi.it\/shop\/prodotto\/tende-soggiorno-in-lino-torre-suda\/\" class=\"button product_type_simple add-to-cart-loop mg-detail-btn\"><span class=\"wd-action-icon\"><span class=\"wd-check-icon\"><\/span><\/span><span class=\"wd-action-text\">Vedi dettagli<\/span><\/a>\t<\/div>\n\n\t\n\t\n\t\t\t<\/div>\n\t<\/div>\n<\/div>\n<div class=\"wd-product wd-col wd-hover-standard product-grid-item product type-product post-8462 status-publish last instock product_cat-accessori-tende product_cat-embrasse-per-tende product_tag-raccogli-tende has-post-thumbnail sale taxable shipping-taxable purchasable product-type-simple\" data-loop=\"5\" data-id=\"8462\">\n\t\n<div class=\"wd-product-wrapper product-wrapper\">\n\t<div class=\"wd-product-thumb product-element-top wd-quick-shop\">\n\t\t<a href=\"https:\/\/www.marinigerardi.it\/shop\/prodotto\/ferma-tende\/\" class=\"wd-product-img-link product-image-link\" tabindex=\"-1\" aria-label=\"FERMA TENDE con calamita &#8211; La Soluzione Perfetta per le Tue Tende #25\">\n\t\t\t<img decoding=\"async\" width=\"250\" height=\"188\" src=\"https:\/\/www.marinigerardi.it\/shop\/wp-content\/uploads\/2021\/01\/ambrasse-accessori-moda-ferma-tende-con-calamite-bag025-250x188.jpg\" class=\"attachment-woocommerce_thumbnail size-woocommerce_thumbnail\" alt=\"Embrasse Accessori Moda Ferma Tende Con Calamite Bag025\" srcset=\"https:\/\/www.marinigerardi.it\/shop\/wp-content\/uploads\/2021\/01\/ambrasse-accessori-moda-ferma-tende-con-calamite-bag025-250x188.jpg 250w, https:\/\/www.marinigerardi.it\/shop\/wp-content\/uploads\/2021\/01\/ambrasse-accessori-moda-ferma-tende-con-calamite-bag025-600x450.jpg 600w, https:\/\/www.marinigerardi.it\/shop\/wp-content\/uploads\/2021\/01\/ambrasse-accessori-moda-ferma-tende-con-calamite-bag025-300x225.jpg.avif 300w, https:\/\/www.marinigerardi.it\/shop\/wp-content\/uploads\/2021\/01\/ambrasse-accessori-moda-ferma-tende-con-calamite-bag025-768x576.jpg.avif 768w, https:\/\/www.marinigerardi.it\/shop\/wp-content\/uploads\/2021\/01\/ambrasse-accessori-moda-ferma-tende-con-calamite-bag025.jpg.webp 1024w\" sizes=\"(max-width: 250px) 100vw, 250px\" \/>\t\t<\/a>\n\n\t\t\t\t\t<div class=\"product-labels labels-rectangular\">\n\t\t\t\t<span class=\"onsale product-label wd-shape-rect-sm\">-15%<\/span>\t\t\t<\/div>\n\t\t\t\n\t\t<div class=\"wd-buttons wd-pos-r-t\">\n\t\t\t\t\t\t\t\t\t\t\t\t\t\t<\/div>\n\t<\/div>\n\n\t\t<div class=\"product-element-bottom\">\n\t\n\t\n\t<h3 class=\"wd-entities-title\"><a href=\"https:\/\/www.marinigerardi.it\/shop\/prodotto\/ferma-tende\/\">FERMA TENDE con calamita &#8211; La Soluzione Perfetta per le Tue Tende #25<\/a><\/h3>\n\t\t\t\t\t\t<p class=\"wd-product-stock stock wd-style-default in-stock\">Disponibile<\/p>\n\t\t\n\t\n\t<span class=\"price\"><del aria-hidden=\"true\"><span class=\"woocommerce-Price-amount amount\"><bdi>23,50&nbsp;<span class=\"woocommerce-Price-currencySymbol\" translate=\"no\">&euro;<\/span><\/bdi><\/span><\/del> <span class=\"screen-reader-text\">Il prezzo originale era: 23,50&nbsp;&euro;.<\/span><ins aria-hidden=\"true\"><span class=\"woocommerce-Price-amount amount\"><bdi>19,90&nbsp;<span class=\"woocommerce-Price-currencySymbol\" translate=\"no\">&euro;<\/span><\/bdi><\/span><\/ins><span class=\"screen-reader-text\">Il prezzo attuale \u00e8: 19,90&nbsp;&euro;.<\/span> <small class=\"woocommerce-price-suffix\">IVA incl.<\/small><\/span>\n\n\t<div class=\"wd-add-btn wd-add-btn-replace\">\n\t\t\n\t\t<a href=\"https:\/\/www.marinigerardi.it\/shop\/prodotto\/ferma-tende\/\" class=\"button product_type_simple add-to-cart-loop mg-detail-btn\"><span class=\"wd-action-icon\"><span class=\"wd-check-icon\"><\/span><\/span><span class=\"wd-action-text\">Vedi dettagli<\/span><\/a>\t<\/div>\n\n\t\n\t\n\t\t\t<\/div>\n\t<\/div>\n<\/div>\n<div class=\"wd-product wd-col wd-hover-standard product-grid-item product type-product post-7358 status-publish first instock product_cat-accessori-tende product_cat-embrasse-per-tende product_tag-raccogli-tende has-post-thumbnail sale taxable shipping-taxable purchasable product-type-simple\" data-loop=\"6\" data-id=\"7358\">\n\t\n<div class=\"wd-product-wrapper product-wrapper\">\n\t<div class=\"wd-product-thumb product-element-top wd-quick-shop\">\n\t\t<a href=\"https:\/\/www.marinigerardi.it\/shop\/prodotto\/raccogli-tende-fiocco-in-ciniglia-embrasse-fermatende\/\" class=\"wd-product-img-link product-image-link\" tabindex=\"-1\" aria-label=\"Raccogli Tende Shabby con Fiocco in Ciniglia &#8211; Bag 020\">\n\t\t\t\t\t<div class=\"wd-product-grid-slider wd-fill\">\n\t\t\t\t\t\t\t<div class=\"wd-product-grid-slide\" data-image-url=\"https:\/\/www.marinigerardi.it\/shop\/wp-content\/uploads\/2021\/01\/embrasse-nappe-per-tende-fiocco-in-ciniglia-bianco-pendenti-treccia-bag020-250x188.jpg\" data-image-srcset=\"https:\/\/www.marinigerardi.it\/shop\/wp-content\/uploads\/2021\/01\/embrasse-nappe-per-tende-fiocco-in-ciniglia-bianco-pendenti-treccia-bag020-250x188.jpg 250w, https:\/\/www.marinigerardi.it\/shop\/wp-content\/uploads\/2021\/01\/embrasse-nappe-per-tende-fiocco-in-ciniglia-bianco-pendenti-treccia-bag020-600x450.jpg 600w, https:\/\/www.marinigerardi.it\/shop\/wp-content\/uploads\/2021\/01\/embrasse-nappe-per-tende-fiocco-in-ciniglia-bianco-pendenti-treccia-bag020-300x225.jpg 300w, https:\/\/www.marinigerardi.it\/shop\/wp-content\/uploads\/2021\/01\/embrasse-nappe-per-tende-fiocco-in-ciniglia-bianco-pendenti-treccia-bag020-768x576.jpg 768w, https:\/\/www.marinigerardi.it\/shop\/wp-content\/uploads\/2021\/01\/embrasse-nappe-per-tende-fiocco-in-ciniglia-bianco-pendenti-treccia-bag020.jpg 1024w\" data-image-id=\"0\"><\/div>\n\t\t\t\t\t\t\t<div class=\"wd-product-grid-slide\" data-image-url=\"https:\/\/www.marinigerardi.it\/shop\/wp-content\/uploads\/2021\/01\/embrasse-in-ciniglia-bianco-ecru-elegante-bag020-250x188.jpg\" data-image-srcset=\"https:\/\/www.marinigerardi.it\/shop\/wp-content\/uploads\/2021\/01\/embrasse-in-ciniglia-bianco-ecru-elegante-bag020-250x188.jpg 250w, https:\/\/www.marinigerardi.it\/shop\/wp-content\/uploads\/2021\/01\/embrasse-in-ciniglia-bianco-ecru-elegante-bag020-600x450.jpg 600w, https:\/\/www.marinigerardi.it\/shop\/wp-content\/uploads\/2021\/01\/embrasse-in-ciniglia-bianco-ecru-elegante-bag020-300x225.jpg 300w, https:\/\/www.marinigerardi.it\/shop\/wp-content\/uploads\/2021\/01\/embrasse-in-ciniglia-bianco-ecru-elegante-bag020-768x576.jpg 768w, https:\/\/www.marinigerardi.it\/shop\/wp-content\/uploads\/2021\/01\/embrasse-in-ciniglia-bianco-ecru-elegante-bag020.jpg 1024w\" data-image-id=\"1\"><\/div>\n\t\t\t\t\t\t\t<div class=\"wd-product-grid-slide\" data-image-url=\"https:\/\/www.marinigerardi.it\/shop\/wp-content\/uploads\/2021\/01\/embrasse-in-ciniglia-ecru-elegante-bag020-250x188.jpg\" data-image-srcset=\"https:\/\/www.marinigerardi.it\/shop\/wp-content\/uploads\/2021\/01\/embrasse-in-ciniglia-ecru-elegante-bag020-250x188.jpg 250w, https:\/\/www.marinigerardi.it\/shop\/wp-content\/uploads\/2021\/01\/embrasse-in-ciniglia-ecru-elegante-bag020-600x450.jpg 600w, https:\/\/www.marinigerardi.it\/shop\/wp-content\/uploads\/2021\/01\/embrasse-in-ciniglia-ecru-elegante-bag020-300x225.jpg 300w, https:\/\/www.marinigerardi.it\/shop\/wp-content\/uploads\/2021\/01\/embrasse-in-ciniglia-ecru-elegante-bag020-768x576.jpg 768w, https:\/\/www.marinigerardi.it\/shop\/wp-content\/uploads\/2021\/01\/embrasse-in-ciniglia-ecru-elegante-bag020.jpg 1024w\" data-image-id=\"2\"><\/div>\n\t\t\t\t\t<\/div>\n\n\t\t\n\t\t\t\t\t\t\t<div class=\"wd-product-grid-slider-pagin\">\n\t\t\t\t\t\t\t<div data-image-id=\"0\" class=\"wd-product-grid-slider-dot\"><\/div>\n\t\t\t\t\t\t\t<div data-image-id=\"1\" class=\"wd-product-grid-slider-dot\"><\/div>\n\t\t\t\t\t\t\t<div data-image-id=\"2\" class=\"wd-product-grid-slider-dot\"><\/div>\n\t\t\t\t\t<\/div>\n\t\t\t\t\t\t<img decoding=\"async\" width=\"250\" height=\"188\" src=\"https:\/\/www.marinigerardi.it\/shop\/wp-content\/uploads\/2021\/01\/embrasse-nappe-per-tende-fiocco-in-ciniglia-bianco-pendenti-treccia-bag020-250x188.jpg\" class=\"attachment-woocommerce_thumbnail size-woocommerce_thumbnail\" alt=\"Raccogli Tende Fiocco in Ciniglia - Bag 020\" srcset=\"https:\/\/www.marinigerardi.it\/shop\/wp-content\/uploads\/2021\/01\/embrasse-nappe-per-tende-fiocco-in-ciniglia-bianco-pendenti-treccia-bag020-250x188.jpg 250w, https:\/\/www.marinigerardi.it\/shop\/wp-content\/uploads\/2021\/01\/embrasse-nappe-per-tende-fiocco-in-ciniglia-bianco-pendenti-treccia-bag020-600x450.jpg 600w, https:\/\/www.marinigerardi.it\/shop\/wp-content\/uploads\/2021\/01\/embrasse-nappe-per-tende-fiocco-in-ciniglia-bianco-pendenti-treccia-bag020-300x225.jpg.avif 300w, https:\/\/www.marinigerardi.it\/shop\/wp-content\/uploads\/2021\/01\/embrasse-nappe-per-tende-fiocco-in-ciniglia-bianco-pendenti-treccia-bag020-768x576.jpg.avif 768w, https:\/\/www.marinigerardi.it\/shop\/wp-content\/uploads\/2021\/01\/embrasse-nappe-per-tende-fiocco-in-ciniglia-bianco-pendenti-treccia-bag020.jpg.webp 1024w\" sizes=\"(max-width: 250px) 100vw, 250px\" \/>\t\t<\/a>\n\n\t\t\t\t\t<div class=\"product-labels labels-rectangular\">\n\t\t\t\t<span class=\"onsale product-label wd-shape-rect-sm\">-47%<\/span>\t\t\t<\/div>\n\t\t\t\n\t\t<div class=\"wd-buttons wd-pos-r-t\">\n\t\t\t\t\t\t\t\t\t\t\t\t\t\t<\/div>\n\t<\/div>\n\n\t\t<div class=\"product-element-bottom\">\n\t\n\t\n\t<h3 class=\"wd-entities-title\"><a href=\"https:\/\/www.marinigerardi.it\/shop\/prodotto\/raccogli-tende-fiocco-in-ciniglia-embrasse-fermatende\/\">Raccogli Tende Shabby con Fiocco in Ciniglia &#8211; Bag 020<\/a><\/h3>\n\t\t\t\t\t\t<p class=\"wd-product-stock stock wd-style-default in-stock\">Disponibile<\/p>\n\t\t\n\t\n\t<span class=\"price\">14,90&nbsp;&euro;<\/span>\n\n\t<div class=\"wd-add-btn wd-add-btn-replace\">\n\t\t\n\t\t<a href=\"https:\/\/www.marinigerardi.it\/shop\/prodotto\/raccogli-tende-fiocco-in-ciniglia-embrasse-fermatende\/\" class=\"button product_type_simple add-to-cart-loop mg-detail-btn\"><span class=\"wd-action-icon\"><span class=\"wd-check-icon\"><\/span><\/span><span class=\"wd-action-text\">Vedi dettagli<\/span><\/a>\t<\/div>\n\n\t\n\t\n\t\t\t<\/div>\n\t<\/div>\n<\/div>\n<div class=\"wd-product wd-col wd-hover-standard product-grid-item product type-product post-35987 status-publish last instock product_cat-tende-a-vetro product_cat-tende-a-vetro-classiche product_cat-tende-a-vetro-moderne product_cat-tende-da-vetro-moderne product_cat-tendine-moderne has-post-thumbnail taxable shipping-taxable purchasable product-type-simple\" data-loop=\"7\" data-id=\"35987\">\n\t\n<div class=\"wd-product-wrapper product-wrapper\">\n\t<div class=\"wd-product-thumb product-element-top wd-quick-shop\">\n\t\t<a href=\"https:\/\/www.marinigerardi.it\/shop\/prodotto\/tende-a-vetrasse-in-lino-orlo-a-giorno\/\" class=\"wd-product-img-link product-image-link\" tabindex=\"-1\" aria-label=\"Villa Ida (mini) &#8211; Tende a Vetrasse in Lino Orlo a Giorno\">\n\t\t\t\t\t<div class=\"wd-product-grid-slider wd-fill\">\n\t\t\t\t\t\t\t<div class=\"wd-product-grid-slide\" data-image-url=\"https:\/\/www.marinigerardi.it\/shop\/wp-content\/uploads\/2022\/04\/tendine-a-vetro-di-lino-bianche-collezione-orlo-a-giorno--250x188.jpg\" data-image-srcset=\"https:\/\/www.marinigerardi.it\/shop\/wp-content\/uploads\/2022\/04\/tendine-a-vetro-di-lino-bianche-collezione-orlo-a-giorno--250x188.jpg 250w, https:\/\/www.marinigerardi.it\/shop\/wp-content\/uploads\/2022\/04\/tendine-a-vetro-di-lino-bianche-collezione-orlo-a-giorno--600x450.jpg 600w, https:\/\/www.marinigerardi.it\/shop\/wp-content\/uploads\/2022\/04\/tendine-a-vetro-di-lino-bianche-collezione-orlo-a-giorno--300x225.jpg 300w, https:\/\/www.marinigerardi.it\/shop\/wp-content\/uploads\/2022\/04\/tendine-a-vetro-di-lino-bianche-collezione-orlo-a-giorno--768x576.jpg 768w, https:\/\/www.marinigerardi.it\/shop\/wp-content\/uploads\/2022\/04\/tendine-a-vetro-di-lino-bianche-collezione-orlo-a-giorno-.jpg 1024w\" data-image-id=\"0\"><\/div>\n\t\t\t\t\t\t\t<div class=\"wd-product-grid-slide\" data-image-url=\"https:\/\/www.marinigerardi.it\/shop\/wp-content\/uploads\/2022\/04\/tende-a-vetro-di-lino-bianche-collezione-ajour-orlo-a-giorno-250x188.jpg\" data-image-srcset=\"https:\/\/www.marinigerardi.it\/shop\/wp-content\/uploads\/2022\/04\/tende-a-vetro-di-lino-bianche-collezione-ajour-orlo-a-giorno-250x188.jpg 250w, https:\/\/www.marinigerardi.it\/shop\/wp-content\/uploads\/2022\/04\/tende-a-vetro-di-lino-bianche-collezione-ajour-orlo-a-giorno-600x450.jpg 600w, https:\/\/www.marinigerardi.it\/shop\/wp-content\/uploads\/2022\/04\/tende-a-vetro-di-lino-bianche-collezione-ajour-orlo-a-giorno-300x225.jpg 300w, https:\/\/www.marinigerardi.it\/shop\/wp-content\/uploads\/2022\/04\/tende-a-vetro-di-lino-bianche-collezione-ajour-orlo-a-giorno-768x576.jpg 768w, https:\/\/www.marinigerardi.it\/shop\/wp-content\/uploads\/2022\/04\/tende-a-vetro-di-lino-bianche-collezione-ajour-orlo-a-giorno.jpg 1024w\" data-image-id=\"1\"><\/div>\n\t\t\t\t\t\t\t<div class=\"wd-product-grid-slide\" data-image-url=\"https:\/\/www.marinigerardi.it\/shop\/wp-content\/uploads\/2022\/04\/tendine-a-vetro-in-puro-lino-bianche-orlo-a-giorno--250x188.jpg\" data-image-srcset=\"https:\/\/www.marinigerardi.it\/shop\/wp-content\/uploads\/2022\/04\/tendine-a-vetro-in-puro-lino-bianche-orlo-a-giorno--250x188.jpg 250w, https:\/\/www.marinigerardi.it\/shop\/wp-content\/uploads\/2022\/04\/tendine-a-vetro-in-puro-lino-bianche-orlo-a-giorno--600x450.jpg 600w, https:\/\/www.marinigerardi.it\/shop\/wp-content\/uploads\/2022\/04\/tendine-a-vetro-in-puro-lino-bianche-orlo-a-giorno--300x225.jpg 300w, https:\/\/www.marinigerardi.it\/shop\/wp-content\/uploads\/2022\/04\/tendine-a-vetro-in-puro-lino-bianche-orlo-a-giorno--768x576.jpg 768w, https:\/\/www.marinigerardi.it\/shop\/wp-content\/uploads\/2022\/04\/tendine-a-vetro-in-puro-lino-bianche-orlo-a-giorno-.jpg 1024w\" data-image-id=\"2\"><\/div>\n\t\t\t\t\t<\/div>\n\n\t\t\n\t\t\t\t\t\t\t<div class=\"wd-product-grid-slider-pagin\">\n\t\t\t\t\t\t\t<div data-image-id=\"0\" class=\"wd-product-grid-slider-dot\"><\/div>\n\t\t\t\t\t\t\t<div data-image-id=\"1\" class=\"wd-product-grid-slider-dot\"><\/div>\n\t\t\t\t\t\t\t<div data-image-id=\"2\" class=\"wd-product-grid-slider-dot\"><\/div>\n\t\t\t\t\t<\/div>\n\t\t\t\t\t\t<img decoding=\"async\" width=\"250\" height=\"188\" src=\"https:\/\/www.marinigerardi.it\/shop\/wp-content\/uploads\/2022\/04\/tendine-a-vetro-di-lino-bianche-collezione-orlo-a-giorno--250x188.jpg\" class=\"attachment-woocommerce_thumbnail size-woocommerce_thumbnail\" alt=\"Tende a Vetrasse in Lino Orlo a Giorno - Marini e Gerardi\" srcset=\"https:\/\/www.marinigerardi.it\/shop\/wp-content\/uploads\/2022\/04\/tendine-a-vetro-di-lino-bianche-collezione-orlo-a-giorno--250x188.jpg 250w, https:\/\/www.marinigerardi.it\/shop\/wp-content\/uploads\/2022\/04\/tendine-a-vetro-di-lino-bianche-collezione-orlo-a-giorno--600x450.jpg 600w, https:\/\/www.marinigerardi.it\/shop\/wp-content\/uploads\/2022\/04\/tendine-a-vetro-di-lino-bianche-collezione-orlo-a-giorno--300x225.jpg.avif 300w, https:\/\/www.marinigerardi.it\/shop\/wp-content\/uploads\/2022\/04\/tendine-a-vetro-di-lino-bianche-collezione-orlo-a-giorno--768x576.jpg.avif 768w, https:\/\/www.marinigerardi.it\/shop\/wp-content\/uploads\/2022\/04\/tendine-a-vetro-di-lino-bianche-collezione-orlo-a-giorno-.jpg.avif 1024w\" sizes=\"(max-width: 250px) 100vw, 250px\" \/>\t\t<\/a>\n\n\t\t\n\t\t<div class=\"wd-buttons wd-pos-r-t\">\n\t\t\t\t\t\t\t\t\t\t\t\t\t\t<\/div>\n\t<\/div>\n\n\t\t<div class=\"product-element-bottom\">\n\t\n\t\n\t<h3 class=\"wd-entities-title\"><a href=\"https:\/\/www.marinigerardi.it\/shop\/prodotto\/tende-a-vetrasse-in-lino-orlo-a-giorno\/\">Villa Ida (mini) &#8211; Tende a Vetrasse in Lino Orlo a Giorno<\/a><\/h3>\n\t\t\t\t\t\t\n\t\t\t\t<div class=\"star-rating\" role=\"img\" aria-label=\"Valutato 4.67 su 5\">\n\t\t\t\t\t<span style=\"width:93.4%\">\n\t\t\tValutato <strong class=\"rating\">4.67<\/strong> su 5\t\t<\/span>\n\t\t\t\t<\/div>\n\n\t\t\n\t\t\t\t\t\t\t\t\t<p class=\"wd-product-stock stock wd-style-default in-stock\">Disponibile<\/p>\n\t\t\n\t\n\t<span class=\"price\">69,00&nbsp;&euro;<\/span>\n\n\t<div class=\"wd-add-btn wd-add-btn-replace\">\n\t\t\n\t\t<a href=\"https:\/\/www.marinigerardi.it\/shop\/prodotto\/tende-a-vetrasse-in-lino-orlo-a-giorno\/\" class=\"button product_type_simple add-to-cart-loop mg-detail-btn\"><span class=\"wd-action-icon\"><span class=\"wd-check-icon\"><\/span><\/span><span class=\"wd-action-text\">Vedi dettagli<\/span><\/a>\t<\/div>\n\n\t\n\t\n\t\t\t<\/div>\n\t<\/div>\n<\/div>\n<div class=\"wd-product wd-col wd-hover-standard product-grid-item product type-product post-58588 status-publish first instock product_cat-tende-camera-da-letto product_cat-tende-da-interni product_cat-tende-di-lino product_cat-tende-in-lino product_cat-tende-lino product_cat-tende-moderne product_cat-tende-online-su-misura product_cat-tende-su-misura product_tag-tende-in-lino product_tag-tende-interne-moderne product_tag-tende-moderne has-post-thumbnail taxable shipping-taxable purchasable product-type-simple\" data-loop=\"8\" data-id=\"58588\">\n\t\n<div class=\"wd-product-wrapper product-wrapper\">\n\t<div class=\"wd-product-thumb product-element-top wd-quick-shop\">\n\t\t<a href=\"https:\/\/www.marinigerardi.it\/shop\/prodotto\/tende-soggiorno-moderne\/\" class=\"wd-product-img-link product-image-link\" tabindex=\"-1\" aria-label=\"FEDELTA&#8217; &#8211; Tende Soggiorno Moderne in Lino Salento\">\n\t\t\t\t\t<div class=\"wd-product-grid-slider wd-fill\">\n\t\t\t\t\t\t\t<div class=\"wd-product-grid-slide\" data-image-url=\"https:\/\/www.marinigerardi.it\/shop\/wp-content\/uploads\/2024\/05\/camera-da-letto-vista-mare-tende-da-interno-moderne-lino-bianco-250x188.jpg\" data-image-srcset=\"https:\/\/www.marinigerardi.it\/shop\/wp-content\/uploads\/2024\/05\/camera-da-letto-vista-mare-tende-da-interno-moderne-lino-bianco-250x188.jpg 250w, https:\/\/www.marinigerardi.it\/shop\/wp-content\/uploads\/2024\/05\/camera-da-letto-vista-mare-tende-da-interno-moderne-lino-bianco-300x225.jpg 300w, https:\/\/www.marinigerardi.it\/shop\/wp-content\/uploads\/2024\/05\/camera-da-letto-vista-mare-tende-da-interno-moderne-lino-bianco-768x576.jpg 768w, https:\/\/www.marinigerardi.it\/shop\/wp-content\/uploads\/2024\/05\/camera-da-letto-vista-mare-tende-da-interno-moderne-lino-bianco-600x450.jpg 600w, https:\/\/www.marinigerardi.it\/shop\/wp-content\/uploads\/2024\/05\/camera-da-letto-vista-mare-tende-da-interno-moderne-lino-bianco.jpg 1024w\" data-image-id=\"0\"><\/div>\n\t\t\t\t\t\t\t<div class=\"wd-product-grid-slide\" data-image-url=\"https:\/\/www.marinigerardi.it\/shop\/wp-content\/uploads\/2024\/05\/appartamento-al-mare-tende-da-interno-moderne-lino-bianco-250x188.jpg\" data-image-srcset=\"https:\/\/www.marinigerardi.it\/shop\/wp-content\/uploads\/2024\/05\/appartamento-al-mare-tende-da-interno-moderne-lino-bianco-250x188.jpg 250w, https:\/\/www.marinigerardi.it\/shop\/wp-content\/uploads\/2024\/05\/appartamento-al-mare-tende-da-interno-moderne-lino-bianco-600x450.jpg 600w, https:\/\/www.marinigerardi.it\/shop\/wp-content\/uploads\/2024\/05\/appartamento-al-mare-tende-da-interno-moderne-lino-bianco-300x225.jpg 300w, https:\/\/www.marinigerardi.it\/shop\/wp-content\/uploads\/2024\/05\/appartamento-al-mare-tende-da-interno-moderne-lino-bianco-768x576.jpg 768w, https:\/\/www.marinigerardi.it\/shop\/wp-content\/uploads\/2024\/05\/appartamento-al-mare-tende-da-interno-moderne-lino-bianco.jpg 1024w\" data-image-id=\"1\"><\/div>\n\t\t\t\t\t\t\t<div class=\"wd-product-grid-slide\" data-image-url=\"https:\/\/www.marinigerardi.it\/shop\/wp-content\/uploads\/2023\/04\/tende-da-interno-moderne-immagini-250x188.jpg\" data-image-srcset=\"https:\/\/www.marinigerardi.it\/shop\/wp-content\/uploads\/2023\/04\/tende-da-interno-moderne-immagini-250x188.jpg 250w, https:\/\/www.marinigerardi.it\/shop\/wp-content\/uploads\/2023\/04\/tende-da-interno-moderne-immagini-600x450.jpg 600w, https:\/\/www.marinigerardi.it\/shop\/wp-content\/uploads\/2023\/04\/tende-da-interno-moderne-immagini-300x225.jpg 300w, https:\/\/www.marinigerardi.it\/shop\/wp-content\/uploads\/2023\/04\/tende-da-interno-moderne-immagini-768x576.jpg 768w, https:\/\/www.marinigerardi.it\/shop\/wp-content\/uploads\/2023\/04\/tende-da-interno-moderne-immagini.jpg 1024w\" data-image-id=\"2\"><\/div>\n\t\t\t\t\t\t\t<div class=\"wd-product-grid-slide\" data-image-url=\"https:\/\/www.marinigerardi.it\/shop\/wp-content\/uploads\/2023\/04\/tende-per-interni-moderne-soggiorno-in-lino-250x188.jpg\" data-image-srcset=\"https:\/\/www.marinigerardi.it\/shop\/wp-content\/uploads\/2023\/04\/tende-per-interni-moderne-soggiorno-in-lino-250x188.jpg 250w, https:\/\/www.marinigerardi.it\/shop\/wp-content\/uploads\/2023\/04\/tende-per-interni-moderne-soggiorno-in-lino-600x450.jpg 600w, https:\/\/www.marinigerardi.it\/shop\/wp-content\/uploads\/2023\/04\/tende-per-interni-moderne-soggiorno-in-lino-300x225.jpg 300w, https:\/\/www.marinigerardi.it\/shop\/wp-content\/uploads\/2023\/04\/tende-per-interni-moderne-soggiorno-in-lino-768x576.jpg 768w, https:\/\/www.marinigerardi.it\/shop\/wp-content\/uploads\/2023\/04\/tende-per-interni-moderne-soggiorno-in-lino.jpg 1024w\" data-image-id=\"3\"><\/div>\n\t\t\t\t\t<\/div>\n\n\t\t\n\t\t\t\t\t\t\t<div class=\"wd-product-grid-slider-pagin\">\n\t\t\t\t\t\t\t<div data-image-id=\"0\" class=\"wd-product-grid-slider-dot\"><\/div>\n\t\t\t\t\t\t\t<div data-image-id=\"1\" class=\"wd-product-grid-slider-dot\"><\/div>\n\t\t\t\t\t\t\t<div data-image-id=\"2\" class=\"wd-product-grid-slider-dot\"><\/div>\n\t\t\t\t\t\t\t<div data-image-id=\"3\" class=\"wd-product-grid-slider-dot\"><\/div>\n\t\t\t\t\t<\/div>\n\t\t\t\t\t\t<img decoding=\"async\" width=\"250\" height=\"188\" src=\"https:\/\/www.marinigerardi.it\/shop\/wp-content\/uploads\/2024\/05\/camera-da-letto-vista-mare-tende-da-interno-moderne-lino-bianco-250x188.jpg.avif\" class=\"attachment-woocommerce_thumbnail size-woocommerce_thumbnail\" alt=\"Camera da letto vista mare tende da interno moderne lino bianco\" srcset=\"https:\/\/www.marinigerardi.it\/shop\/wp-content\/uploads\/2024\/05\/camera-da-letto-vista-mare-tende-da-interno-moderne-lino-bianco-250x188.jpg.avif 250w, https:\/\/www.marinigerardi.it\/shop\/wp-content\/uploads\/2024\/05\/camera-da-letto-vista-mare-tende-da-interno-moderne-lino-bianco-300x225.jpg.avif 300w, https:\/\/www.marinigerardi.it\/shop\/wp-content\/uploads\/2024\/05\/camera-da-letto-vista-mare-tende-da-interno-moderne-lino-bianco-768x576.jpg.avif 768w, https:\/\/www.marinigerardi.it\/shop\/wp-content\/uploads\/2024\/05\/camera-da-letto-vista-mare-tende-da-interno-moderne-lino-bianco-600x450.jpg.avif 600w, https:\/\/www.marinigerardi.it\/shop\/wp-content\/uploads\/2024\/05\/camera-da-letto-vista-mare-tende-da-interno-moderne-lino-bianco.jpg.avif 1024w\" sizes=\"(max-width: 250px) 100vw, 250px\" \/>\t\t<\/a>\n\n\t\t\n\t\t<div class=\"wd-buttons wd-pos-r-t\">\n\t\t\t\t\t\t\t\t\t\t\t\t\t\t<\/div>\n\t<\/div>\n\n\t\t<div class=\"product-element-bottom\">\n\t\n\t\n\t<h3 class=\"wd-entities-title\"><a href=\"https:\/\/www.marinigerardi.it\/shop\/prodotto\/tende-soggiorno-moderne\/\">FEDELTA&#8217; &#8211; Tende Soggiorno Moderne in Lino Salento<\/a><\/h3>\n\t\t\t\t\t\t<p class=\"wd-product-stock stock wd-style-default in-stock\">Disponibile<\/p>\n\t\t\n\t\n\t<span class=\"price\">135,00&nbsp;&euro;<\/span>\n\n\t<div class=\"wd-add-btn wd-add-btn-replace\">\n\t\t\n\t\t<a href=\"https:\/\/www.marinigerardi.it\/shop\/prodotto\/tende-soggiorno-moderne\/\" class=\"button product_type_simple add-to-cart-loop mg-detail-btn\"><span class=\"wd-action-icon\"><span class=\"wd-check-icon\"><\/span><\/span><span class=\"wd-action-text\">Vedi dettagli<\/span><\/a>\t<\/div>\n\n\t\n\t\n\t\t\t<\/div>\n\t<\/div>\n<\/div>\n<div class=\"wd-product wd-col wd-hover-standard product-grid-item product type-product post-65105 status-publish last instock product_cat-tende-shabby-chic product_cat-tende-in-lino has-post-thumbnail taxable shipping-taxable purchasable product-type-simple\" data-loop=\"9\" data-id=\"65105\">\n\t\n<div class=\"wd-product-wrapper product-wrapper\">\n\t<div class=\"wd-product-thumb product-element-top wd-quick-shop\">\n\t\t<a href=\"https:\/\/www.marinigerardi.it\/shop\/prodotto\/tende-stile-country-provenzale\/\" class=\"wd-product-img-link product-image-link\" tabindex=\"-1\" aria-label=\"MEDITERRANEO Bicolore &#8211; Tende Stile Country Provenzale chic in Lino\">\n\t\t\t\t\t<div class=\"wd-product-grid-slider wd-fill\">\n\t\t\t\t\t\t\t<div class=\"wd-product-grid-slide\" data-image-url=\"https:\/\/www.marinigerardi.it\/shop\/wp-content\/uploads\/2023\/10\/Tende-Stile-Country-Chic-in-Lino-verde-pistacchio-250x188.jpg\" data-image-srcset=\"https:\/\/www.marinigerardi.it\/shop\/wp-content\/uploads\/2023\/10\/Tende-Stile-Country-Chic-in-Lino-verde-pistacchio-250x188.jpg 250w, https:\/\/www.marinigerardi.it\/shop\/wp-content\/uploads\/2023\/10\/Tende-Stile-Country-Chic-in-Lino-verde-pistacchio-600x450.jpg 600w, https:\/\/www.marinigerardi.it\/shop\/wp-content\/uploads\/2023\/10\/Tende-Stile-Country-Chic-in-Lino-verde-pistacchio-300x225.jpg 300w, https:\/\/www.marinigerardi.it\/shop\/wp-content\/uploads\/2023\/10\/Tende-Stile-Country-Chic-in-Lino-verde-pistacchio-768x576.jpg 768w, https:\/\/www.marinigerardi.it\/shop\/wp-content\/uploads\/2023\/10\/Tende-Stile-Country-Chic-in-Lino-verde-pistacchio.jpg 1024w\" data-image-id=\"0\"><\/div>\n\t\t\t\t\t\t\t<div class=\"wd-product-grid-slide\" data-image-url=\"https:\/\/www.marinigerardi.it\/shop\/wp-content\/uploads\/2023\/10\/Tende-Stile-Country-Chic-con-design-originale-250x188.jpg\" data-image-srcset=\"https:\/\/www.marinigerardi.it\/shop\/wp-content\/uploads\/2023\/10\/Tende-Stile-Country-Chic-con-design-originale-250x188.jpg 250w, https:\/\/www.marinigerardi.it\/shop\/wp-content\/uploads\/2023\/10\/Tende-Stile-Country-Chic-con-design-originale-600x450.jpg 600w, https:\/\/www.marinigerardi.it\/shop\/wp-content\/uploads\/2023\/10\/Tende-Stile-Country-Chic-con-design-originale-300x225.jpg 300w, https:\/\/www.marinigerardi.it\/shop\/wp-content\/uploads\/2023\/10\/Tende-Stile-Country-Chic-con-design-originale-768x576.jpg 768w, https:\/\/www.marinigerardi.it\/shop\/wp-content\/uploads\/2023\/10\/Tende-Stile-Country-Chic-con-design-originale.jpg 1024w\" data-image-id=\"1\"><\/div>\n\t\t\t\t\t\t\t<div class=\"wd-product-grid-slide\" data-image-url=\"https:\/\/www.marinigerardi.it\/shop\/wp-content\/uploads\/2023\/10\/Tende-Stile-Country-Chic-in-Lino-verde-con-anelli-250x188.jpg\" data-image-srcset=\"https:\/\/www.marinigerardi.it\/shop\/wp-content\/uploads\/2023\/10\/Tende-Stile-Country-Chic-in-Lino-verde-con-anelli-250x188.jpg 250w, https:\/\/www.marinigerardi.it\/shop\/wp-content\/uploads\/2023\/10\/Tende-Stile-Country-Chic-in-Lino-verde-con-anelli-600x450.jpg 600w, https:\/\/www.marinigerardi.it\/shop\/wp-content\/uploads\/2023\/10\/Tende-Stile-Country-Chic-in-Lino-verde-con-anelli-300x225.jpg 300w, https:\/\/www.marinigerardi.it\/shop\/wp-content\/uploads\/2023\/10\/Tende-Stile-Country-Chic-in-Lino-verde-con-anelli-768x576.jpg 768w, https:\/\/www.marinigerardi.it\/shop\/wp-content\/uploads\/2023\/10\/Tende-Stile-Country-Chic-in-Lino-verde-con-anelli.jpg 1024w\" data-image-id=\"2\"><\/div>\n\t\t\t\t\t<\/div>\n\n\t\t\n\t\t\t\t\t\t\t<div class=\"wd-product-grid-slider-pagin\">\n\t\t\t\t\t\t\t<div data-image-id=\"0\" class=\"wd-product-grid-slider-dot\"><\/div>\n\t\t\t\t\t\t\t<div data-image-id=\"1\" class=\"wd-product-grid-slider-dot\"><\/div>\n\t\t\t\t\t\t\t<div data-image-id=\"2\" class=\"wd-product-grid-slider-dot\"><\/div>\n\t\t\t\t\t<\/div>\n\t\t\t\t\t\t<img decoding=\"async\" width=\"250\" height=\"188\" src=\"https:\/\/www.marinigerardi.it\/shop\/wp-content\/uploads\/2023\/10\/Tende-Stile-Country-Chic-in-Lino-verde-pistacchio-250x188.jpg\" class=\"attachment-woocommerce_thumbnail size-woocommerce_thumbnail\" alt=\"MEDITERRANEO Bicolore - Tende Stile Country Provenzale chic in Lino verde pistacchio\" srcset=\"https:\/\/www.marinigerardi.it\/shop\/wp-content\/uploads\/2023\/10\/Tende-Stile-Country-Chic-in-Lino-verde-pistacchio-250x188.jpg 250w, https:\/\/www.marinigerardi.it\/shop\/wp-content\/uploads\/2023\/10\/Tende-Stile-Country-Chic-in-Lino-verde-pistacchio-600x450.jpg 600w, https:\/\/www.marinigerardi.it\/shop\/wp-content\/uploads\/2023\/10\/Tende-Stile-Country-Chic-in-Lino-verde-pistacchio-300x225.jpg.avif 300w, https:\/\/www.marinigerardi.it\/shop\/wp-content\/uploads\/2023\/10\/Tende-Stile-Country-Chic-in-Lino-verde-pistacchio-768x576.jpg.avif 768w, https:\/\/www.marinigerardi.it\/shop\/wp-content\/uploads\/2023\/10\/Tende-Stile-Country-Chic-in-Lino-verde-pistacchio.jpg.webp 1024w\" sizes=\"(max-width: 250px) 100vw, 250px\" \/>\t\t<\/a>\n\n\t\t\n\t\t<div class=\"wd-buttons wd-pos-r-t\">\n\t\t\t\t\t\t\t\t\t\t\t\t\t\t<\/div>\n\t<\/div>\n\n\t\t<div class=\"product-element-bottom\">\n\t\n\t\n\t<h3 class=\"wd-entities-title\"><a href=\"https:\/\/www.marinigerardi.it\/shop\/prodotto\/tende-stile-country-provenzale\/\">MEDITERRANEO Bicolore &#8211; Tende Stile Country Provenzale chic in Lino<\/a><\/h3>\n\t\t\t\t\t\t<p class=\"wd-product-stock stock wd-style-default in-stock\">Disponibile<\/p>\n\t\t\n\t\n\t<span class=\"price\">340,00&nbsp;&euro;<\/span>\n\n\t<div class=\"wd-add-btn wd-add-btn-replace\">\n\t\t\n\t\t<a href=\"https:\/\/www.marinigerardi.it\/shop\/prodotto\/tende-stile-country-provenzale\/\" class=\"button product_type_simple add-to-cart-loop mg-detail-btn\"><span class=\"wd-action-icon\"><span class=\"wd-check-icon\"><\/span><\/span><span class=\"wd-action-text\">Vedi dettagli<\/span><\/a>\t<\/div>\n\n\t\n\t\n\t\t\t<\/div>\n\t<\/div>\n<\/div>\n<div class=\"wd-product wd-col wd-hover-standard product-grid-item product type-product post-61206 status-publish first instock product_cat-tende-a-vetro product_cat-tende-da-vetro-moderne has-post-thumbnail taxable shipping-taxable purchasable product-type-simple\" data-loop=\"10\" data-id=\"61206\">\n\t\n<div class=\"wd-product-wrapper product-wrapper\">\n\t<div class=\"wd-product-thumb product-element-top wd-quick-shop\">\n\t\t<a href=\"https:\/\/www.marinigerardi.it\/shop\/prodotto\/tende-finestre\/\" class=\"wd-product-img-link product-image-link\" tabindex=\"-1\" aria-label=\"OASI right &#8211; Tende Finestre a Vetro Moderne per soggiorno\">\n\t\t\t\t\t<div class=\"wd-product-grid-slider wd-fill\">\n\t\t\t\t\t\t\t<div class=\"wd-product-grid-slide\" data-image-url=\"https:\/\/www.marinigerardi.it\/shop\/wp-content\/uploads\/2023\/07\/Tende-Finestre-a-Vetro-Moderne-per-soggiorno-250x188.jpg\" data-image-srcset=\"https:\/\/www.marinigerardi.it\/shop\/wp-content\/uploads\/2023\/07\/Tende-Finestre-a-Vetro-Moderne-per-soggiorno-250x188.jpg 250w, https:\/\/www.marinigerardi.it\/shop\/wp-content\/uploads\/2023\/07\/Tende-Finestre-a-Vetro-Moderne-per-soggiorno-600x450.jpg 600w, https:\/\/www.marinigerardi.it\/shop\/wp-content\/uploads\/2023\/07\/Tende-Finestre-a-Vetro-Moderne-per-soggiorno-300x225.jpg 300w, https:\/\/www.marinigerardi.it\/shop\/wp-content\/uploads\/2023\/07\/Tende-Finestre-a-Vetro-Moderne-per-soggiorno-768x576.jpg 768w, https:\/\/www.marinigerardi.it\/shop\/wp-content\/uploads\/2023\/07\/Tende-Finestre-a-Vetro-Moderne-per-soggiorno.jpg 1024w\" data-image-id=\"0\"><\/div>\n\t\t\t\t\t\t\t<div class=\"wd-product-grid-slide\" data-image-url=\"https:\/\/www.marinigerardi.it\/shop\/wp-content\/uploads\/2023\/07\/Tende-Finestre-a-Vetro-per-soggiorno-250x188.jpg\" data-image-srcset=\"https:\/\/www.marinigerardi.it\/shop\/wp-content\/uploads\/2023\/07\/Tende-Finestre-a-Vetro-per-soggiorno-250x188.jpg 250w, https:\/\/www.marinigerardi.it\/shop\/wp-content\/uploads\/2023\/07\/Tende-Finestre-a-Vetro-per-soggiorno-600x450.jpg 600w, https:\/\/www.marinigerardi.it\/shop\/wp-content\/uploads\/2023\/07\/Tende-Finestre-a-Vetro-per-soggiorno-300x225.jpg 300w, https:\/\/www.marinigerardi.it\/shop\/wp-content\/uploads\/2023\/07\/Tende-Finestre-a-Vetro-per-soggiorno-768x576.jpg 768w, https:\/\/www.marinigerardi.it\/shop\/wp-content\/uploads\/2023\/07\/Tende-Finestre-a-Vetro-per-soggiorno.jpg 1024w\" data-image-id=\"1\"><\/div>\n\t\t\t\t\t\t\t<div class=\"wd-product-grid-slide\" data-image-url=\"https:\/\/www.marinigerardi.it\/shop\/wp-content\/uploads\/2023\/07\/Tende-soggiorno-a-Vetro-in-lino-bianco-design-Oasi-blu-250x188.jpg\" data-image-srcset=\"https:\/\/www.marinigerardi.it\/shop\/wp-content\/uploads\/2023\/07\/Tende-soggiorno-a-Vetro-in-lino-bianco-design-Oasi-blu-250x188.jpg 250w, https:\/\/www.marinigerardi.it\/shop\/wp-content\/uploads\/2023\/07\/Tende-soggiorno-a-Vetro-in-lino-bianco-design-Oasi-blu-600x450.jpg 600w, https:\/\/www.marinigerardi.it\/shop\/wp-content\/uploads\/2023\/07\/Tende-soggiorno-a-Vetro-in-lino-bianco-design-Oasi-blu-300x225.jpg 300w, https:\/\/www.marinigerardi.it\/shop\/wp-content\/uploads\/2023\/07\/Tende-soggiorno-a-Vetro-in-lino-bianco-design-Oasi-blu-768x576.jpg 768w, https:\/\/www.marinigerardi.it\/shop\/wp-content\/uploads\/2023\/07\/Tende-soggiorno-a-Vetro-in-lino-bianco-design-Oasi-blu.jpg 1024w\" data-image-id=\"2\"><\/div>\n\t\t\t\t\t<\/div>\n\n\t\t\n\t\t\t\t\t\t\t<div class=\"wd-product-grid-slider-pagin\">\n\t\t\t\t\t\t\t<div data-image-id=\"0\" class=\"wd-product-grid-slider-dot\"><\/div>\n\t\t\t\t\t\t\t<div data-image-id=\"1\" class=\"wd-product-grid-slider-dot\"><\/div>\n\t\t\t\t\t\t\t<div data-image-id=\"2\" class=\"wd-product-grid-slider-dot\"><\/div>\n\t\t\t\t\t<\/div>\n\t\t\t\t\t\t<img decoding=\"async\" width=\"250\" height=\"188\" src=\"https:\/\/www.marinigerardi.it\/shop\/wp-content\/uploads\/2023\/07\/Tende-Finestre-a-Vetro-Moderne-per-soggiorno-250x188.jpg\" class=\"attachment-woocommerce_thumbnail size-woocommerce_thumbnail\" alt=\"Tende finestre a vetro moderne per soggiorno\" srcset=\"https:\/\/www.marinigerardi.it\/shop\/wp-content\/uploads\/2023\/07\/Tende-Finestre-a-Vetro-Moderne-per-soggiorno-250x188.jpg 250w, https:\/\/www.marinigerardi.it\/shop\/wp-content\/uploads\/2023\/07\/Tende-Finestre-a-Vetro-Moderne-per-soggiorno-600x450.jpg 600w, https:\/\/www.marinigerardi.it\/shop\/wp-content\/uploads\/2023\/07\/Tende-Finestre-a-Vetro-Moderne-per-soggiorno-300x225.jpg.avif 300w, https:\/\/www.marinigerardi.it\/shop\/wp-content\/uploads\/2023\/07\/Tende-Finestre-a-Vetro-Moderne-per-soggiorno-768x576.jpg.avif 768w, https:\/\/www.marinigerardi.it\/shop\/wp-content\/uploads\/2023\/07\/Tende-Finestre-a-Vetro-Moderne-per-soggiorno.jpg.webp 1024w\" sizes=\"(max-width: 250px) 100vw, 250px\" \/>\t\t<\/a>\n\n\t\t\t\t\t<div class=\"product-labels labels-rectangular\">\n\t\t\t\t<span class=\"new product-label wd-shape-rect-sm\">Nuovo<\/span>\t\t\t<\/div>\n\t\t\t\n\t\t<div class=\"wd-buttons wd-pos-r-t\">\n\t\t\t\t\t\t\t\t\t\t\t\t\t\t<\/div>\n\t<\/div>\n\n\t\t<div class=\"product-element-bottom\">\n\t\n\t\n\t<h3 class=\"wd-entities-title\"><a href=\"https:\/\/www.marinigerardi.it\/shop\/prodotto\/tende-finestre\/\">OASI right &#8211; Tende Finestre a Vetro Moderne per soggiorno<\/a><\/h3>\n\t\t\t\t\t\t<p class=\"wd-product-stock stock wd-style-default in-stock\">Disponibile<\/p>\n\t\t\n\t\n\t<span class=\"price\">69,00&nbsp;&euro;<\/span>\n\n\t<div class=\"wd-add-btn wd-add-btn-replace\">\n\t\t\n\t\t<a href=\"https:\/\/www.marinigerardi.it\/shop\/prodotto\/tende-finestre\/\" class=\"button product_type_simple add-to-cart-loop mg-detail-btn\"><span class=\"wd-action-icon\"><span class=\"wd-check-icon\"><\/span><\/span><span class=\"wd-action-text\">Vedi dettagli<\/span><\/a>\t<\/div>\n\n\t\n\t\n\t\t\t<\/div>\n\t<\/div>\n<\/div>\n<div class=\"wd-product wd-col wd-hover-standard product-grid-item product type-product post-66448 status-publish last instock product_cat-tende-a-vetro product_cat-tende-da-vetro-moderne product_cat-tendine product_cat-tendine-moderne has-post-thumbnail taxable shipping-taxable purchasable product-type-simple\" data-loop=\"11\" data-id=\"66448\">\n\t\n<div class=\"wd-product-wrapper product-wrapper\">\n\t<div class=\"wd-product-thumb product-element-top wd-quick-shop\">\n\t\t<a href=\"https:\/\/www.marinigerardi.it\/shop\/prodotto\/tendine-a-vetro-su-misura-di-lino\/\" class=\"wd-product-img-link product-image-link\" tabindex=\"-1\" aria-label=\"SIRIO left (mini) Tendine a vetro su misura di Lino per cucina moderna\">\n\t\t\t\t\t<div class=\"wd-product-grid-slider wd-fill\">\n\t\t\t\t\t\t\t<div class=\"wd-product-grid-slide\" data-image-url=\"https:\/\/www.marinigerardi.it\/shop\/wp-content\/uploads\/2024\/02\/tendine-su-misura-per-cucina-moderna-in-lino-bianco-250x188.jpg\" data-image-srcset=\"https:\/\/www.marinigerardi.it\/shop\/wp-content\/uploads\/2024\/02\/tendine-su-misura-per-cucina-moderna-in-lino-bianco-250x188.jpg 250w, https:\/\/www.marinigerardi.it\/shop\/wp-content\/uploads\/2024\/02\/tendine-su-misura-per-cucina-moderna-in-lino-bianco-600x450.jpg 600w, https:\/\/www.marinigerardi.it\/shop\/wp-content\/uploads\/2024\/02\/tendine-su-misura-per-cucina-moderna-in-lino-bianco-300x225.jpg 300w, https:\/\/www.marinigerardi.it\/shop\/wp-content\/uploads\/2024\/02\/tendine-su-misura-per-cucina-moderna-in-lino-bianco-768x576.jpg 768w, https:\/\/www.marinigerardi.it\/shop\/wp-content\/uploads\/2024\/02\/tendine-su-misura-per-cucina-moderna-in-lino-bianco.jpg 1024w\" data-image-id=\"0\"><\/div>\n\t\t\t\t\t\t\t<div class=\"wd-product-grid-slide\" data-image-url=\"https:\/\/www.marinigerardi.it\/shop\/wp-content\/uploads\/2024\/02\/tendine-su-misura-in-lino-cucina-moderna-250x188.jpg\" data-image-srcset=\"https:\/\/www.marinigerardi.it\/shop\/wp-content\/uploads\/2024\/02\/tendine-su-misura-in-lino-cucina-moderna-250x188.jpg 250w, https:\/\/www.marinigerardi.it\/shop\/wp-content\/uploads\/2024\/02\/tendine-su-misura-in-lino-cucina-moderna-600x450.jpg 600w, https:\/\/www.marinigerardi.it\/shop\/wp-content\/uploads\/2024\/02\/tendine-su-misura-in-lino-cucina-moderna-300x225.jpg 300w, https:\/\/www.marinigerardi.it\/shop\/wp-content\/uploads\/2024\/02\/tendine-su-misura-in-lino-cucina-moderna-768x576.jpg 768w, https:\/\/www.marinigerardi.it\/shop\/wp-content\/uploads\/2024\/02\/tendine-su-misura-in-lino-cucina-moderna.jpg 1024w\" data-image-id=\"1\"><\/div>\n\t\t\t\t\t\t\t<div class=\"wd-product-grid-slide\" data-image-url=\"https:\/\/www.marinigerardi.it\/shop\/wp-content\/uploads\/2024\/02\/tendine-su-misura-design-foglie-arredo-cucina-250x188.jpg\" data-image-srcset=\"https:\/\/www.marinigerardi.it\/shop\/wp-content\/uploads\/2024\/02\/tendine-su-misura-design-foglie-arredo-cucina-250x188.jpg 250w, https:\/\/www.marinigerardi.it\/shop\/wp-content\/uploads\/2024\/02\/tendine-su-misura-design-foglie-arredo-cucina-600x450.jpg 600w, https:\/\/www.marinigerardi.it\/shop\/wp-content\/uploads\/2024\/02\/tendine-su-misura-design-foglie-arredo-cucina-300x225.jpg 300w, https:\/\/www.marinigerardi.it\/shop\/wp-content\/uploads\/2024\/02\/tendine-su-misura-design-foglie-arredo-cucina-768x576.jpg 768w, https:\/\/www.marinigerardi.it\/shop\/wp-content\/uploads\/2024\/02\/tendine-su-misura-design-foglie-arredo-cucina.jpg 1024w\" data-image-id=\"2\"><\/div>\n\t\t\t\t\t<\/div>\n\n\t\t\n\t\t\t\t\t\t\t<div class=\"wd-product-grid-slider-pagin\">\n\t\t\t\t\t\t\t<div data-image-id=\"0\" class=\"wd-product-grid-slider-dot\"><\/div>\n\t\t\t\t\t\t\t<div data-image-id=\"1\" class=\"wd-product-grid-slider-dot\"><\/div>\n\t\t\t\t\t\t\t<div data-image-id=\"2\" class=\"wd-product-grid-slider-dot\"><\/div>\n\t\t\t\t\t<\/div>\n\t\t\t\t\t\t<img decoding=\"async\" width=\"250\" height=\"188\" src=\"https:\/\/www.marinigerardi.it\/shop\/wp-content\/uploads\/2024\/02\/tendine-su-misura-per-cucina-moderna-in-lino-bianco-250x188.jpg\" class=\"attachment-woocommerce_thumbnail size-woocommerce_thumbnail\" alt=\"Tendine a vetro su misura in lino bianco\" srcset=\"https:\/\/www.marinigerardi.it\/shop\/wp-content\/uploads\/2024\/02\/tendine-su-misura-per-cucina-moderna-in-lino-bianco-250x188.jpg 250w, https:\/\/www.marinigerardi.it\/shop\/wp-content\/uploads\/2024\/02\/tendine-su-misura-per-cucina-moderna-in-lino-bianco-600x450.jpg 600w, https:\/\/www.marinigerardi.it\/shop\/wp-content\/uploads\/2024\/02\/tendine-su-misura-per-cucina-moderna-in-lino-bianco-300x225.jpg.avif 300w, https:\/\/www.marinigerardi.it\/shop\/wp-content\/uploads\/2024\/02\/tendine-su-misura-per-cucina-moderna-in-lino-bianco-768x576.jpg.avif 768w, https:\/\/www.marinigerardi.it\/shop\/wp-content\/uploads\/2024\/02\/tendine-su-misura-per-cucina-moderna-in-lino-bianco.jpg.webp 1024w\" sizes=\"(max-width: 250px) 100vw, 250px\" \/>\t\t<\/a>\n\n\t\t\t\t\t<div class=\"product-labels labels-rectangular\">\n\t\t\t\t<span class=\"new product-label wd-shape-rect-sm\">Nuovo<\/span>\t\t\t<\/div>\n\t\t\t\n\t\t<div class=\"wd-buttons wd-pos-r-t\">\n\t\t\t\t\t\t\t\t\t\t\t\t\t\t<\/div>\n\t<\/div>\n\n\t\t<div class=\"product-element-bottom\">\n\t\n\t\n\t<h3 class=\"wd-entities-title\"><a href=\"https:\/\/www.marinigerardi.it\/shop\/prodotto\/tendine-a-vetro-su-misura-di-lino\/\">SIRIO left (mini) Tendine a vetro su misura di Lino per cucina moderna<\/a><\/h3>\n\t\t\t\t\t\t<p class=\"wd-product-stock stock wd-style-default in-stock\">Disponibile<\/p>\n\t\t\n\t\n\t<span class=\"price\">73,00&nbsp;&euro;<\/span>\n\n\t<div class=\"wd-add-btn wd-add-btn-replace\">\n\t\t\n\t\t<a href=\"https:\/\/www.marinigerardi.it\/shop\/prodotto\/tendine-a-vetro-su-misura-di-lino\/\" class=\"button product_type_simple add-to-cart-loop mg-detail-btn\"><span class=\"wd-action-icon\"><span class=\"wd-check-icon\"><\/span><\/span><span class=\"wd-action-text\">Vedi dettagli<\/span><\/a>\t<\/div>\n\n\t\n\t\n\t\t\t<\/div>\n\t<\/div>\n<\/div>\n<div class=\"wd-product wd-col wd-hover-standard product-grid-item product type-product post-28906 status-publish first instock product_cat-tende-in-lino product_cat-doppie-tende product_cat-tende product_cat-tende-camera-da-letto product_cat-tende-da-interni product_cat-tende-lino product_cat-tende-moderne product_cat-tende-su-misura product_tag-tende product_tag-tende-moderne product_tag-tende-soggiorno product_tag-tende-soggiorno-eleganti has-post-thumbnail taxable shipping-taxable purchasable product-type-simple\" data-loop=\"12\" data-id=\"28906\">\n\t\n<div class=\"wd-product-wrapper product-wrapper\">\n\t<div class=\"wd-product-thumb product-element-top wd-quick-shop\">\n\t\t<a href=\"https:\/\/www.marinigerardi.it\/shop\/prodotto\/tende-moderne-eleganti-calliope\/\" class=\"wd-product-img-link product-image-link\" tabindex=\"-1\" aria-label=\"Cerchi e Dinamismo: Tende Moderne Eleganti della Collezione CALLIOPE in Doppio Telo\">\n\t\t\t\t\t<div class=\"wd-product-grid-slider wd-fill\">\n\t\t\t\t\t\t\t<div class=\"wd-product-grid-slide\" data-image-url=\"https:\/\/www.marinigerardi.it\/shop\/wp-content\/uploads\/2021\/11\/tenda-moderna-doppio-pannello-in-lino-disegno-tracce-in-trasparenza-250x188.jpg\" data-image-srcset=\"https:\/\/www.marinigerardi.it\/shop\/wp-content\/uploads\/2021\/11\/tenda-moderna-doppio-pannello-in-lino-disegno-tracce-in-trasparenza-250x188.jpg 250w, https:\/\/www.marinigerardi.it\/shop\/wp-content\/uploads\/2021\/11\/tenda-moderna-doppio-pannello-in-lino-disegno-tracce-in-trasparenza-600x450.jpg 600w, https:\/\/www.marinigerardi.it\/shop\/wp-content\/uploads\/2021\/11\/tenda-moderna-doppio-pannello-in-lino-disegno-tracce-in-trasparenza-300x225.jpg 300w, https:\/\/www.marinigerardi.it\/shop\/wp-content\/uploads\/2021\/11\/tenda-moderna-doppio-pannello-in-lino-disegno-tracce-in-trasparenza-768x576.jpg 768w, https:\/\/www.marinigerardi.it\/shop\/wp-content\/uploads\/2021\/11\/tenda-moderna-doppio-pannello-in-lino-disegno-tracce-in-trasparenza.jpg 1024w\" data-image-id=\"0\"><\/div>\n\t\t\t\t\t\t\t<div class=\"wd-product-grid-slide\" data-image-url=\"https:\/\/www.marinigerardi.it\/shop\/wp-content\/uploads\/2021\/11\/tende-soggiorno-doppio-pannello-in-lino-tracce-in-trasparenza-250x188.jpg\" data-image-srcset=\"https:\/\/www.marinigerardi.it\/shop\/wp-content\/uploads\/2021\/11\/tende-soggiorno-doppio-pannello-in-lino-tracce-in-trasparenza-250x188.jpg 250w, https:\/\/www.marinigerardi.it\/shop\/wp-content\/uploads\/2021\/11\/tende-soggiorno-doppio-pannello-in-lino-tracce-in-trasparenza-600x450.jpg 600w, https:\/\/www.marinigerardi.it\/shop\/wp-content\/uploads\/2021\/11\/tende-soggiorno-doppio-pannello-in-lino-tracce-in-trasparenza-300x225.jpg 300w, https:\/\/www.marinigerardi.it\/shop\/wp-content\/uploads\/2021\/11\/tende-soggiorno-doppio-pannello-in-lino-tracce-in-trasparenza-768x576.jpg 768w, https:\/\/www.marinigerardi.it\/shop\/wp-content\/uploads\/2021\/11\/tende-soggiorno-doppio-pannello-in-lino-tracce-in-trasparenza.jpg 1024w\" data-image-id=\"1\"><\/div>\n\t\t\t\t\t\t\t<div class=\"wd-product-grid-slide\" data-image-url=\"https:\/\/www.marinigerardi.it\/shop\/wp-content\/uploads\/2021\/11\/tenda-elegante-in-lino-doppio-pannello-disegno-a-cerchi-con-trasparenze-250x188.jpg\" data-image-srcset=\"https:\/\/www.marinigerardi.it\/shop\/wp-content\/uploads\/2021\/11\/tenda-elegante-in-lino-doppio-pannello-disegno-a-cerchi-con-trasparenze-250x188.jpg 250w, https:\/\/www.marinigerardi.it\/shop\/wp-content\/uploads\/2021\/11\/tenda-elegante-in-lino-doppio-pannello-disegno-a-cerchi-con-trasparenze-600x450.jpg 600w, https:\/\/www.marinigerardi.it\/shop\/wp-content\/uploads\/2021\/11\/tenda-elegante-in-lino-doppio-pannello-disegno-a-cerchi-con-trasparenze-300x225.jpg 300w, https:\/\/www.marinigerardi.it\/shop\/wp-content\/uploads\/2021\/11\/tenda-elegante-in-lino-doppio-pannello-disegno-a-cerchi-con-trasparenze-768x576.jpg 768w, https:\/\/www.marinigerardi.it\/shop\/wp-content\/uploads\/2021\/11\/tenda-elegante-in-lino-doppio-pannello-disegno-a-cerchi-con-trasparenze.jpg 1024w\" data-image-id=\"2\"><\/div>\n\t\t\t\t\t<\/div>\n\n\t\t\n\t\t\t\t\t\t\t<div class=\"wd-product-grid-slider-pagin\">\n\t\t\t\t\t\t\t<div data-image-id=\"0\" class=\"wd-product-grid-slider-dot\"><\/div>\n\t\t\t\t\t\t\t<div data-image-id=\"1\" class=\"wd-product-grid-slider-dot\"><\/div>\n\t\t\t\t\t\t\t<div data-image-id=\"2\" class=\"wd-product-grid-slider-dot\"><\/div>\n\t\t\t\t\t<\/div>\n\t\t\t\t\t\t<img decoding=\"async\" width=\"250\" height=\"188\" src=\"https:\/\/www.marinigerardi.it\/shop\/wp-content\/uploads\/2021\/11\/tenda-moderna-doppio-pannello-in-lino-disegno-tracce-in-trasparenza-250x188.jpg\" class=\"attachment-woocommerce_thumbnail size-woocommerce_thumbnail\" alt=\"CALLIOPE - Tende Moderne Eleganti Soggiorno - Marini &amp; Gerardi\" srcset=\"https:\/\/www.marinigerardi.it\/shop\/wp-content\/uploads\/2021\/11\/tenda-moderna-doppio-pannello-in-lino-disegno-tracce-in-trasparenza-250x188.jpg 250w, https:\/\/www.marinigerardi.it\/shop\/wp-content\/uploads\/2021\/11\/tenda-moderna-doppio-pannello-in-lino-disegno-tracce-in-trasparenza-600x450.jpg 600w, https:\/\/www.marinigerardi.it\/shop\/wp-content\/uploads\/2021\/11\/tenda-moderna-doppio-pannello-in-lino-disegno-tracce-in-trasparenza-300x225.jpg.avif 300w, https:\/\/www.marinigerardi.it\/shop\/wp-content\/uploads\/2021\/11\/tenda-moderna-doppio-pannello-in-lino-disegno-tracce-in-trasparenza-768x576.jpg.avif 768w, https:\/\/www.marinigerardi.it\/shop\/wp-content\/uploads\/2021\/11\/tenda-moderna-doppio-pannello-in-lino-disegno-tracce-in-trasparenza.jpg.webp 1024w\" sizes=\"(max-width: 250px) 100vw, 250px\" \/>\t\t<\/a>\n\n\t\t\n\t\t<div class=\"wd-buttons wd-pos-r-t\">\n\t\t\t\t\t\t\t\t\t\t\t\t\t\t<\/div>\n\t<\/div>\n\n\t\t<div class=\"product-element-bottom\">\n\t\n\t\n\t<h3 class=\"wd-entities-title\"><a href=\"https:\/\/www.marinigerardi.it\/shop\/prodotto\/tende-moderne-eleganti-calliope\/\">Cerchi e Dinamismo: Tende Moderne Eleganti della Collezione CALLIOPE in Doppio Telo<\/a><\/h3>\n\t\t\t\t\t\t\n\t\t\t\t<div class=\"star-rating\" role=\"img\" aria-label=\"Valutato 4.00 su 5\">\n\t\t\t\t\t<span style=\"width:80%\">\n\t\t\tValutato <strong class=\"rating\">4.00<\/strong> su 5\t\t<\/span>\n\t\t\t\t<\/div>\n\n\t\t\n\t\t\t\t\t\t\t\t\t<p class=\"wd-product-stock stock wd-style-default in-stock\">Disponibile<\/p>\n\t\t\n\t\n\t<span class=\"price\">285,00&nbsp;&euro;<\/span>\n\n\t<div class=\"wd-add-btn wd-add-btn-replace\">\n\t\t\n\t\t<a href=\"https:\/\/www.marinigerardi.it\/shop\/prodotto\/tende-moderne-eleganti-calliope\/\" class=\"button product_type_simple add-to-cart-loop mg-detail-btn\"><span class=\"wd-action-icon\"><span class=\"wd-check-icon\"><\/span><\/span><span class=\"wd-action-text\">Vedi dettagli<\/span><\/a>\t<\/div>\n\n\t\n\t\n\t\t\t<\/div>\n\t<\/div>\n<\/div>\n<div class=\"wd-product wd-col wd-hover-standard product-grid-item product type-product post-7134 status-publish last instock product_cat-tende-in-lino has-post-thumbnail taxable shipping-taxable purchasable product-type-simple\" data-loop=\"13\" data-id=\"7134\">\n\t\n<div class=\"wd-product-wrapper product-wrapper\">\n\t<div class=\"wd-product-thumb product-element-top wd-quick-shop\">\n\t\t<a href=\"https:\/\/www.marinigerardi.it\/shop\/prodotto\/tende-interni-moderne\/\" class=\"wd-product-img-link product-image-link\" tabindex=\"-1\" aria-label=\"TESEO &#8211; Tende interni moderne in lino a doppia Frangia\">\n\t\t\t\t\t<div class=\"wd-product-grid-slider wd-fill\">\n\t\t\t\t\t\t\t<div class=\"wd-product-grid-slide\" data-image-url=\"https:\/\/www.marinigerardi.it\/shop\/wp-content\/uploads\/2021\/01\/Tende-Interni-Tessuto-Puro-Lino-Stropicciato-arancio-250x188.jpg\" data-image-srcset=\"https:\/\/www.marinigerardi.it\/shop\/wp-content\/uploads\/2021\/01\/Tende-Interni-Tessuto-Puro-Lino-Stropicciato-arancio-250x188.jpg 250w, https:\/\/www.marinigerardi.it\/shop\/wp-content\/uploads\/2021\/01\/Tende-Interni-Tessuto-Puro-Lino-Stropicciato-arancio-600x450.jpg 600w, https:\/\/www.marinigerardi.it\/shop\/wp-content\/uploads\/2021\/01\/Tende-Interni-Tessuto-Puro-Lino-Stropicciato-arancio-300x225.jpg 300w, https:\/\/www.marinigerardi.it\/shop\/wp-content\/uploads\/2021\/01\/Tende-Interni-Tessuto-Puro-Lino-Stropicciato-arancio-768x576.jpg 768w, https:\/\/www.marinigerardi.it\/shop\/wp-content\/uploads\/2021\/01\/Tende-Interni-Tessuto-Puro-Lino-Stropicciato-arancio.jpg 1024w\" data-image-id=\"0\"><\/div>\n\t\t\t\t\t\t\t<div class=\"wd-product-grid-slide\" data-image-url=\"https:\/\/www.marinigerardi.it\/shop\/wp-content\/uploads\/2021\/01\/Tende-Interni-eleganti-soggiorno-Tessuto-Puro-Lino-arancio-250x188.jpg\" data-image-srcset=\"https:\/\/www.marinigerardi.it\/shop\/wp-content\/uploads\/2021\/01\/Tende-Interni-eleganti-soggiorno-Tessuto-Puro-Lino-arancio-250x188.jpg 250w, https:\/\/www.marinigerardi.it\/shop\/wp-content\/uploads\/2021\/01\/Tende-Interni-eleganti-soggiorno-Tessuto-Puro-Lino-arancio-600x450.jpg 600w, https:\/\/www.marinigerardi.it\/shop\/wp-content\/uploads\/2021\/01\/Tende-Interni-eleganti-soggiorno-Tessuto-Puro-Lino-arancio-300x225.jpg 300w, https:\/\/www.marinigerardi.it\/shop\/wp-content\/uploads\/2021\/01\/Tende-Interni-eleganti-soggiorno-Tessuto-Puro-Lino-arancio-768x576.jpg 768w, https:\/\/www.marinigerardi.it\/shop\/wp-content\/uploads\/2021\/01\/Tende-Interni-eleganti-soggiorno-Tessuto-Puro-Lino-arancio.jpg 1024w\" data-image-id=\"1\"><\/div>\n\t\t\t\t\t\t\t<div class=\"wd-product-grid-slide\" data-image-url=\"https:\/\/www.marinigerardi.it\/shop\/wp-content\/uploads\/2021\/01\/Tende-Interni-eleganti-soggiorno-in-lino-passamaneria-in-legno-250x188.jpg\" data-image-srcset=\"https:\/\/www.marinigerardi.it\/shop\/wp-content\/uploads\/2021\/01\/Tende-Interni-eleganti-soggiorno-in-lino-passamaneria-in-legno-250x188.jpg 250w, https:\/\/www.marinigerardi.it\/shop\/wp-content\/uploads\/2021\/01\/Tende-Interni-eleganti-soggiorno-in-lino-passamaneria-in-legno-600x450.jpg 600w, https:\/\/www.marinigerardi.it\/shop\/wp-content\/uploads\/2021\/01\/Tende-Interni-eleganti-soggiorno-in-lino-passamaneria-in-legno-300x225.jpg 300w, https:\/\/www.marinigerardi.it\/shop\/wp-content\/uploads\/2021\/01\/Tende-Interni-eleganti-soggiorno-in-lino-passamaneria-in-legno-768x576.jpg 768w, https:\/\/www.marinigerardi.it\/shop\/wp-content\/uploads\/2021\/01\/Tende-Interni-eleganti-soggiorno-in-lino-passamaneria-in-legno.jpg 1024w\" data-image-id=\"2\"><\/div>\n\t\t\t\t\t<\/div>\n\n\t\t\n\t\t\t\t\t\t\t<div class=\"wd-product-grid-slider-pagin\">\n\t\t\t\t\t\t\t<div data-image-id=\"0\" class=\"wd-product-grid-slider-dot\"><\/div>\n\t\t\t\t\t\t\t<div data-image-id=\"1\" class=\"wd-product-grid-slider-dot\"><\/div>\n\t\t\t\t\t\t\t<div data-image-id=\"2\" class=\"wd-product-grid-slider-dot\"><\/div>\n\t\t\t\t\t<\/div>\n\t\t\t\t\t\t<img decoding=\"async\" width=\"250\" height=\"188\" src=\"https:\/\/www.marinigerardi.it\/shop\/wp-content\/uploads\/2021\/01\/Tende-Interni-Tessuto-Puro-Lino-Stropicciato-arancio-250x188.jpg\" class=\"attachment-woocommerce_thumbnail size-woocommerce_thumbnail\" alt=\"Tende Interni moderne Tessuto Puro Lino Stropicciato Arancio\" srcset=\"https:\/\/www.marinigerardi.it\/shop\/wp-content\/uploads\/2021\/01\/Tende-Interni-Tessuto-Puro-Lino-Stropicciato-arancio-250x188.jpg 250w, https:\/\/www.marinigerardi.it\/shop\/wp-content\/uploads\/2021\/01\/Tende-Interni-Tessuto-Puro-Lino-Stropicciato-arancio-600x450.jpg 600w, https:\/\/www.marinigerardi.it\/shop\/wp-content\/uploads\/2021\/01\/Tende-Interni-Tessuto-Puro-Lino-Stropicciato-arancio-300x225.jpg.avif 300w, https:\/\/www.marinigerardi.it\/shop\/wp-content\/uploads\/2021\/01\/Tende-Interni-Tessuto-Puro-Lino-Stropicciato-arancio-768x576.jpg.avif 768w, https:\/\/www.marinigerardi.it\/shop\/wp-content\/uploads\/2021\/01\/Tende-Interni-Tessuto-Puro-Lino-Stropicciato-arancio.jpg.webp 1024w\" sizes=\"(max-width: 250px) 100vw, 250px\" \/>\t\t<\/a>\n\n\t\t\n\t\t<div class=\"wd-buttons wd-pos-r-t\">\n\t\t\t\t\t\t\t\t\t\t\t\t\t\t<\/div>\n\t<\/div>\n\n\t\t<div class=\"product-element-bottom\">\n\t\n\t\n\t<h3 class=\"wd-entities-title\"><a href=\"https:\/\/www.marinigerardi.it\/shop\/prodotto\/tende-interni-moderne\/\">TESEO &#8211; Tende interni moderne in lino a doppia Frangia<\/a><\/h3>\n\t\t\t\t\t\t<p class=\"wd-product-stock stock wd-style-default in-stock\">Disponibile<\/p>\n\t\t\n\t\n\t<span class=\"price\">235,00&nbsp;&euro;<\/span>\n\n\t<div class=\"wd-add-btn wd-add-btn-replace\">\n\t\t\n\t\t<a href=\"https:\/\/www.marinigerardi.it\/shop\/prodotto\/tende-interni-moderne\/\" class=\"button product_type_simple add-to-cart-loop mg-detail-btn\"><span class=\"wd-action-icon\"><span class=\"wd-check-icon\"><\/span><\/span><span class=\"wd-action-text\">Vedi dettagli<\/span><\/a>\t<\/div>\n\n\t\n\t\n\t\t\t<\/div>\n\t<\/div>\n<\/div>\n<div class=\"wd-product wd-col wd-hover-standard product-grid-item product type-product post-7789 status-publish first instock product_cat-tende-in-lino has-post-thumbnail taxable shipping-taxable purchasable product-type-simple\" data-loop=\"14\" data-id=\"7789\">\n\t\n<div class=\"wd-product-wrapper product-wrapper\">\n\t<div class=\"wd-product-thumb product-element-top wd-quick-shop\">\n\t\t<a href=\"https:\/\/www.marinigerardi.it\/shop\/prodotto\/tende-da-soggiorno-moderne-melpignano\/\" class=\"wd-product-img-link product-image-link\" tabindex=\"-1\" aria-label=\"MELPIGNANO -Tende da Soggiorno in Puro Lino\">\n\t\t\t\t\t<div class=\"wd-product-grid-slider wd-fill\">\n\t\t\t\t\t\t\t<div class=\"wd-product-grid-slide\" data-image-url=\"https:\/\/www.marinigerardi.it\/shop\/wp-content\/uploads\/2021\/01\/Melpignano-tenda-in-lino-casa-moderna-250x188.jpg\" data-image-srcset=\"https:\/\/www.marinigerardi.it\/shop\/wp-content\/uploads\/2021\/01\/Melpignano-tenda-in-lino-casa-moderna-250x188.jpg 250w, https:\/\/www.marinigerardi.it\/shop\/wp-content\/uploads\/2021\/01\/Melpignano-tenda-in-lino-casa-moderna-600x450.jpg 600w, https:\/\/www.marinigerardi.it\/shop\/wp-content\/uploads\/2021\/01\/Melpignano-tenda-in-lino-casa-moderna-300x225.jpg 300w, https:\/\/www.marinigerardi.it\/shop\/wp-content\/uploads\/2021\/01\/Melpignano-tenda-in-lino-casa-moderna-768x576.jpg 768w, https:\/\/www.marinigerardi.it\/shop\/wp-content\/uploads\/2021\/01\/Melpignano-tenda-in-lino-casa-moderna.jpg 1024w\" data-image-id=\"0\"><\/div>\n\t\t\t\t\t\t\t<div class=\"wd-product-grid-slide\" data-image-url=\"https:\/\/www.marinigerardi.it\/shop\/wp-content\/uploads\/2021\/01\/Melpignano-tenda-in-lino-shabby-elegante-passamaneria-legno-250x188.jpg\" data-image-srcset=\"https:\/\/www.marinigerardi.it\/shop\/wp-content\/uploads\/2021\/01\/Melpignano-tenda-in-lino-shabby-elegante-passamaneria-legno-250x188.jpg 250w, https:\/\/www.marinigerardi.it\/shop\/wp-content\/uploads\/2021\/01\/Melpignano-tenda-in-lino-shabby-elegante-passamaneria-legno-600x450.jpg 600w, https:\/\/www.marinigerardi.it\/shop\/wp-content\/uploads\/2021\/01\/Melpignano-tenda-in-lino-shabby-elegante-passamaneria-legno-300x225.jpg 300w, https:\/\/www.marinigerardi.it\/shop\/wp-content\/uploads\/2021\/01\/Melpignano-tenda-in-lino-shabby-elegante-passamaneria-legno-768x576.jpg 768w, https:\/\/www.marinigerardi.it\/shop\/wp-content\/uploads\/2021\/01\/Melpignano-tenda-in-lino-shabby-elegante-passamaneria-legno.jpg 1024w\" data-image-id=\"1\"><\/div>\n\t\t\t\t\t\t\t<div class=\"wd-product-grid-slide\" data-image-url=\"https:\/\/www.marinigerardi.it\/shop\/wp-content\/uploads\/2021\/01\/Melpignano-tenda-in-lino-accessori-legno-shabby-country-dining-rooms-1-250x188.jpg\" data-image-srcset=\"https:\/\/www.marinigerardi.it\/shop\/wp-content\/uploads\/2021\/01\/Melpignano-tenda-in-lino-accessori-legno-shabby-country-dining-rooms-1-250x188.jpg 250w, https:\/\/www.marinigerardi.it\/shop\/wp-content\/uploads\/2021\/01\/Melpignano-tenda-in-lino-accessori-legno-shabby-country-dining-rooms-1-600x450.jpg 600w, https:\/\/www.marinigerardi.it\/shop\/wp-content\/uploads\/2021\/01\/Melpignano-tenda-in-lino-accessori-legno-shabby-country-dining-rooms-1-300x225.jpg 300w, https:\/\/www.marinigerardi.it\/shop\/wp-content\/uploads\/2021\/01\/Melpignano-tenda-in-lino-accessori-legno-shabby-country-dining-rooms-1-768x576.jpg 768w, https:\/\/www.marinigerardi.it\/shop\/wp-content\/uploads\/2021\/01\/Melpignano-tenda-in-lino-accessori-legno-shabby-country-dining-rooms-1.jpg 1024w\" data-image-id=\"2\"><\/div>\n\t\t\t\t\t<\/div>\n\n\t\t\n\t\t\t\t\t\t\t<div class=\"wd-product-grid-slider-pagin\">\n\t\t\t\t\t\t\t<div data-image-id=\"0\" class=\"wd-product-grid-slider-dot\"><\/div>\n\t\t\t\t\t\t\t<div data-image-id=\"1\" class=\"wd-product-grid-slider-dot\"><\/div>\n\t\t\t\t\t\t\t<div data-image-id=\"2\" class=\"wd-product-grid-slider-dot\"><\/div>\n\t\t\t\t\t<\/div>\n\t\t\t\t\t\t<img decoding=\"async\" width=\"250\" height=\"188\" src=\"https:\/\/www.marinigerardi.it\/shop\/wp-content\/uploads\/2021\/01\/Melpignano-tenda-in-lino-casa-moderna-250x188.jpg\" class=\"attachment-woocommerce_thumbnail size-woocommerce_thumbnail\" alt=\"MELPIGNANO -Tende da Soggiorno in Puro Lino\" srcset=\"https:\/\/www.marinigerardi.it\/shop\/wp-content\/uploads\/2021\/01\/Melpignano-tenda-in-lino-casa-moderna-250x188.jpg 250w, https:\/\/www.marinigerardi.it\/shop\/wp-content\/uploads\/2021\/01\/Melpignano-tenda-in-lino-casa-moderna-600x450.jpg 600w, https:\/\/www.marinigerardi.it\/shop\/wp-content\/uploads\/2021\/01\/Melpignano-tenda-in-lino-casa-moderna-300x225.jpg.avif 300w, https:\/\/www.marinigerardi.it\/shop\/wp-content\/uploads\/2021\/01\/Melpignano-tenda-in-lino-casa-moderna-768x576.jpg.avif 768w, https:\/\/www.marinigerardi.it\/shop\/wp-content\/uploads\/2021\/01\/Melpignano-tenda-in-lino-casa-moderna.jpg.webp 1024w\" sizes=\"(max-width: 250px) 100vw, 250px\" \/>\t\t<\/a>\n\n\t\t\n\t\t<div class=\"wd-buttons wd-pos-r-t\">\n\t\t\t\t\t\t\t\t\t\t\t\t\t\t<\/div>\n\t<\/div>\n\n\t\t<div class=\"product-element-bottom\">\n\t\n\t\n\t<h3 class=\"wd-entities-title\"><a href=\"https:\/\/www.marinigerardi.it\/shop\/prodotto\/tende-da-soggiorno-moderne-melpignano\/\">MELPIGNANO -Tende da Soggiorno in Puro Lino<\/a><\/h3>\n\t\t\t\t\t\t<p class=\"wd-product-stock stock wd-style-default in-stock\">Disponibile<\/p>\n\t\t\n\t\n\t<span class=\"price\">299,00&nbsp;&euro;<\/span>\n\n\t<div class=\"wd-add-btn wd-add-btn-replace\">\n\t\t\n\t\t<a href=\"https:\/\/www.marinigerardi.it\/shop\/prodotto\/tende-da-soggiorno-moderne-melpignano\/\" class=\"button product_type_simple add-to-cart-loop mg-detail-btn\"><span class=\"wd-action-icon\"><span class=\"wd-check-icon\"><\/span><\/span><span class=\"wd-action-text\">Vedi dettagli<\/span><\/a>\t<\/div>\n\n\t\n\t\n\t\t\t<\/div>\n\t<\/div>\n<\/div>\n<div class=\"wd-product wd-col wd-hover-standard product-grid-item product type-product post-37085 status-publish last instock product_cat-tende-in-lino has-post-thumbnail taxable shipping-taxable purchasable product-type-simple\" data-loop=\"15\" data-id=\"37085\">\n\t\n<div class=\"wd-product-wrapper product-wrapper\">\n\t<div class=\"wd-product-thumb product-element-top wd-quick-shop\">\n\t\t<a href=\"https:\/\/www.marinigerardi.it\/shop\/prodotto\/myosotis-tendaggi-moderni-per-interni-in-lino-delave\/\" class=\"wd-product-img-link product-image-link\" tabindex=\"-1\" aria-label=\"MYOSOTIS &#8211; Tendaggi Moderni per Interni in Lino Delav\u00e8\">\n\t\t\t\t\t<div class=\"wd-product-grid-slider wd-fill\">\n\t\t\t\t\t\t\t<div class=\"wd-product-grid-slide\" data-image-url=\"https:\/\/www.marinigerardi.it\/shop\/wp-content\/uploads\/2022\/05\/tendaggi-moderni-per-interni-di-lino-stropicciato-vintage-glicine-Myosotis-250x188.jpg\" data-image-srcset=\"https:\/\/www.marinigerardi.it\/shop\/wp-content\/uploads\/2022\/05\/tendaggi-moderni-per-interni-di-lino-stropicciato-vintage-glicine-Myosotis-250x188.jpg 250w, https:\/\/www.marinigerardi.it\/shop\/wp-content\/uploads\/2022\/05\/tendaggi-moderni-per-interni-di-lino-stropicciato-vintage-glicine-Myosotis-600x450.jpg 600w, https:\/\/www.marinigerardi.it\/shop\/wp-content\/uploads\/2022\/05\/tendaggi-moderni-per-interni-di-lino-stropicciato-vintage-glicine-Myosotis-300x225.jpg 300w, https:\/\/www.marinigerardi.it\/shop\/wp-content\/uploads\/2022\/05\/tendaggi-moderni-per-interni-di-lino-stropicciato-vintage-glicine-Myosotis-768x576.jpg 768w, https:\/\/www.marinigerardi.it\/shop\/wp-content\/uploads\/2022\/05\/tendaggi-moderni-per-interni-di-lino-stropicciato-vintage-glicine-Myosotis.jpg 1024w\" data-image-id=\"0\"><\/div>\n\t\t\t\t\t\t\t<div class=\"wd-product-grid-slide\" data-image-url=\"https:\/\/www.marinigerardi.it\/shop\/wp-content\/uploads\/2022\/05\/tendaggi-moderni-per-interni-di-lino-stropicciato-vintage-bianco-naturale-Myosotis-250x188.jpg\" data-image-srcset=\"https:\/\/www.marinigerardi.it\/shop\/wp-content\/uploads\/2022\/05\/tendaggi-moderni-per-interni-di-lino-stropicciato-vintage-bianco-naturale-Myosotis-250x188.jpg 250w, https:\/\/www.marinigerardi.it\/shop\/wp-content\/uploads\/2022\/05\/tendaggi-moderni-per-interni-di-lino-stropicciato-vintage-bianco-naturale-Myosotis-600x450.jpg 600w, https:\/\/www.marinigerardi.it\/shop\/wp-content\/uploads\/2022\/05\/tendaggi-moderni-per-interni-di-lino-stropicciato-vintage-bianco-naturale-Myosotis-300x225.jpg 300w, https:\/\/www.marinigerardi.it\/shop\/wp-content\/uploads\/2022\/05\/tendaggi-moderni-per-interni-di-lino-stropicciato-vintage-bianco-naturale-Myosotis-768x576.jpg 768w, https:\/\/www.marinigerardi.it\/shop\/wp-content\/uploads\/2022\/05\/tendaggi-moderni-per-interni-di-lino-stropicciato-vintage-bianco-naturale-Myosotis.jpg 1024w\" data-image-id=\"1\"><\/div>\n\t\t\t\t\t\t\t<div class=\"wd-product-grid-slide\" data-image-url=\"https:\/\/www.marinigerardi.it\/shop\/wp-content\/uploads\/2022\/05\/tendaggi-moderni-per-interni-di-lino-stropicciato-vintage-giallo-ocra-Myosotis-250x188.jpg\" data-image-srcset=\"https:\/\/www.marinigerardi.it\/shop\/wp-content\/uploads\/2022\/05\/tendaggi-moderni-per-interni-di-lino-stropicciato-vintage-giallo-ocra-Myosotis-250x188.jpg 250w, https:\/\/www.marinigerardi.it\/shop\/wp-content\/uploads\/2022\/05\/tendaggi-moderni-per-interni-di-lino-stropicciato-vintage-giallo-ocra-Myosotis-600x450.jpg 600w, https:\/\/www.marinigerardi.it\/shop\/wp-content\/uploads\/2022\/05\/tendaggi-moderni-per-interni-di-lino-stropicciato-vintage-giallo-ocra-Myosotis-300x225.jpg 300w, https:\/\/www.marinigerardi.it\/shop\/wp-content\/uploads\/2022\/05\/tendaggi-moderni-per-interni-di-lino-stropicciato-vintage-giallo-ocra-Myosotis-768x576.jpg 768w, https:\/\/www.marinigerardi.it\/shop\/wp-content\/uploads\/2022\/05\/tendaggi-moderni-per-interni-di-lino-stropicciato-vintage-giallo-ocra-Myosotis.jpg 1024w\" data-image-id=\"2\"><\/div>\n\t\t\t\t\t<\/div>\n\n\t\t\n\t\t\t\t\t\t\t<div class=\"wd-product-grid-slider-pagin\">\n\t\t\t\t\t\t\t<div data-image-id=\"0\" class=\"wd-product-grid-slider-dot\"><\/div>\n\t\t\t\t\t\t\t<div data-image-id=\"1\" class=\"wd-product-grid-slider-dot\"><\/div>\n\t\t\t\t\t\t\t<div data-image-id=\"2\" class=\"wd-product-grid-slider-dot\"><\/div>\n\t\t\t\t\t<\/div>\n\t\t\t\t\t\t<img decoding=\"async\" width=\"250\" height=\"188\" src=\"https:\/\/www.marinigerardi.it\/shop\/wp-content\/uploads\/2022\/05\/tendaggi-moderni-per-interni-di-lino-stropicciato-vintage-glicine-Myosotis-250x188.jpg\" class=\"attachment-woocommerce_thumbnail size-woocommerce_thumbnail\" alt=\"MYOSOTIS - Tende 140x270 Interni moderni in Lino Delav\u00e8\" srcset=\"https:\/\/www.marinigerardi.it\/shop\/wp-content\/uploads\/2022\/05\/tendaggi-moderni-per-interni-di-lino-stropicciato-vintage-glicine-Myosotis-250x188.jpg 250w, https:\/\/www.marinigerardi.it\/shop\/wp-content\/uploads\/2022\/05\/tendaggi-moderni-per-interni-di-lino-stropicciato-vintage-glicine-Myosotis-600x450.jpg 600w, https:\/\/www.marinigerardi.it\/shop\/wp-content\/uploads\/2022\/05\/tendaggi-moderni-per-interni-di-lino-stropicciato-vintage-glicine-Myosotis-300x225.jpg.avif 300w, https:\/\/www.marinigerardi.it\/shop\/wp-content\/uploads\/2022\/05\/tendaggi-moderni-per-interni-di-lino-stropicciato-vintage-glicine-Myosotis-768x576.jpg.avif 768w, https:\/\/www.marinigerardi.it\/shop\/wp-content\/uploads\/2022\/05\/tendaggi-moderni-per-interni-di-lino-stropicciato-vintage-glicine-Myosotis.jpg.webp 1024w\" sizes=\"(max-width: 250px) 100vw, 250px\" \/>\t\t<\/a>\n\n\t\t\t\t\t<div class=\"product-labels labels-rectangular\">\n\t\t\t\t<span class=\"new product-label wd-shape-rect-sm\">Nuovo<\/span>\t\t\t<\/div>\n\t\t\t\n\t\t<div class=\"wd-buttons wd-pos-r-t\">\n\t\t\t\t\t\t\t\t\t\t\t\t\t\t<\/div>\n\t<\/div>\n\n\t\t<div class=\"product-element-bottom\">\n\t\n\t\n\t<h3 class=\"wd-entities-title\"><a href=\"https:\/\/www.marinigerardi.it\/shop\/prodotto\/myosotis-tendaggi-moderni-per-interni-in-lino-delave\/\">MYOSOTIS &#8211; Tendaggi Moderni per Interni in Lino Delav\u00e8<\/a><\/h3>\n\t\t\t\t\t\t<p class=\"wd-product-stock stock wd-style-default in-stock\">Disponibile<\/p>\n\t\t\n\t\n\t<span class=\"price\">159,00&nbsp;&euro;<\/span>\n\n\t<div class=\"wd-add-btn wd-add-btn-replace\">\n\t\t\n\t\t<a href=\"https:\/\/www.marinigerardi.it\/shop\/prodotto\/myosotis-tendaggi-moderni-per-interni-in-lino-delave\/\" class=\"button product_type_simple add-to-cart-loop mg-detail-btn\"><span class=\"wd-action-icon\"><span class=\"wd-check-icon\"><\/span><\/span><span class=\"wd-action-text\">Vedi dettagli<\/span><\/a>\t<\/div>\n\n\t\n\t\n\t\t\t<\/div>\n\t<\/div>\n<\/div>\n<\/div>\n<\/div><\/div>[vc_empty_space woodmart_hide_large=&#8221;0&#8243; woodmart_hide_medium=&#8221;0&#8243; woodmart_hide_small=&#8221;0&#8243;]\n\t\t<div id=\"wd-6a509739de646\" class=\"title-wrapper wd-wpb wd-set-mb reset-last-child  wd-rs-6a509739de646 wd-title-color-default wd-title-style-bordered text-center  wd-underline-colored\">\n\t\t\t\n\t\t\t<div class=\"liner-continer\">\n\t\t\t\t<h3 class=\"woodmart-title-container title  wd-font-weight- wd-fontsize-l\" >Negozi Tende a Monza Brianza<\/h3>\n\t\t\t\t\t\t\t<\/div>\n\t\t\t\n\t\t\t\t\t\t\t<div class=\"title-after_title reset-last-child  wd-fontsize-xs\">Tendaggi originali ed esclusivi prodotti con tessuti di qualit\u00e0 Iitaliana<\/div>\n\t\t\t\n\t\t\t\n\t\t<\/div>\n\t\t\n\t\t<div class=\"wpb-content-wrapper\" id=\"wpb-content-root\">[vc_row][vc_column][vc_tta_accordion title_tag=\"p\" section_title_tag=\"h3\" style=\"flat\" color=\"white\" gap=\"10\" active_section=\"1\" collapsible_all=\"true\" title=\"FAQ in breve\"][vc_tta_section title=\"Perch\u00e9 il lino \u00e8 considerato un tessuto ``vivo`` e come si adatta nel tempo?\" tab_id=\"1783498463565-814549fe-f609\"]\t\t<div id=\"wd-6a50aecfc4e96\" class=\"wd-text-block wd-wpb reset-last-child wd-rs-6a50aecfc4e96 text-left \">\n\t\t\t<p>Il lino non \u00e8 una fibra statica, ma un materiale che respira. Essendo una fibra naturale al 100%, risponde all'umidit\u00e0 e alla temperatura dell'ambiente, adattandosi naturalmente al contesto in cui vive. Con il passare del tempo e dopo i primi lavaggi, il lino acquisisce una morbidezza e una \"mano\" ancora pi\u00f9 piacevole, perdendo l\u2019apparente rigidit\u00e0 iniziale. In Marini&amp;Gerardi, progettiamo i nostri tendaggi calcolando proprio questa naturale evoluzione, affinch\u00e9 la caduta e il volume della tenda migliorino giorno dopo giorno, anzich\u00e9 usurarsi.<\/p>\n\t\t<\/div>\n\t\t[\/vc_tta_section][vc_tta_section title=\"Esiste una differenza reale tra tende industriali e tende artigianali su misura?\" tab_id=\"1783498829621-a7171cfe-87b0\"]\t\t<div id=\"wd-6a50ae99ca6d8\" class=\"wd-text-block wd-wpb reset-last-child wd-rs-6a50ae99ca6d8 text-left \">\n\t\t\t<p>La differenza non \u00e8 solo estetica, ma strutturale. Mentre le tende industriali sono prodotte con lunghezze standard e finiture meccanizzate, le nostre tende sono \"costruite\" attorno alla vostra finestra. Un esperto artigiano valuta la caduta del tessuto, il tipo di arricciatura e il peso della fibra specifica. Una tenda su misura Marini&amp;Gerardi non \"si appende\" semplicemente, ma \"veste\" l'architettura della stanza, garantendo che le proporzioni siano perfette e che il tessuto mantenga la sua forma nel tempo, senza avvallamenti o tensioni irregolari<\/p>\n\t\t<\/div>\n\t\t[\/vc_tta_section][vc_tta_section title=\"\u00c8 possibile richiedere campioni di tessuto prima dell'acquisto definitivo?\" tab_id=\"1783498463556-9d46f40a-550e\"]\t\t<div id=\"wd-6a50b078208e6\" class=\"wd-text-block wd-wpb reset-last-child wd-rs-6a50b078208e6 text-left \">\n\t\t\t<p>Comprendiamo perfettamente che la percezione visiva e tattile del lino sia fondamentale. Per questo motivo, incoraggiamo sempre i nostri clienti a richiedere i campioncini dei tessuti della nostra collezione. Poter toccare con mano la trama, vedere come reagisce alla luce reale della propria casa e confrontare la sfumatura cromatica con i colori delle pareti o del divano \u00e8 un passaggio cruciale. Per noi, la soddisfazione del cliente passa attraverso una scelta consapevole: vogliamo che la tenda che arriver\u00e0 a casa sia esattamente ci\u00f2 che hai immaginato.<\/p>\n\t\t<\/div>\n\t\t[\/vc_tta_section][vc_tta_section title=\"Il lino \u00e8 difficile da gestire? I pregiudizi, le paure, la realt\u00e0.\" tab_id=\"1783498863560-0cdd3ecd-c10a\"]\t\t<div id=\"wd-6a50ae5943fbe\" class=\"wd-text-block wd-wpb reset-last-child wd-rs-6a50ae5943fbe text-left \">\n\t\t\t<p>Spesso si teme che il lino sia delicato o difficile da gestire. La realt\u00e0 \u00e8 che il lino \u00e8 una delle fibre pi\u00f9 resistenti e durevoli esistenti. La sua manutenzione non richiede cure impossibili: il nostro consiglio \u00e8 di non cercare la perfezione stirata tipica dei sintetici, poich\u00e9 \u00e8 proprio la sua naturale stropicciatura a conferirgli quel fascino \"informale ed elegante\". Un lavaggio delicato e un\u2019asciugatura corretta sono sufficienti per preservare la fibra per anni. Scegliere il lino significa passare da una manutenzione basata sulla paura di rovinare il tessuto, a una basata sulla valorizzazione della sua natura autentica.<\/p>\n\t\t<\/div>\n\t\t[\/vc_tta_section][vc_tta_section title=\"Posso mixare diversi tessuti in lino nella stessa stanza o casa?\" tab_id=\"1783498925525-70db50bc-a81f\"]\t\t<div id=\"wd-6a50ade61374c\" class=\"wd-text-block wd-wpb reset-last-child wd-rs-6a50ade61374c text-left \">\n\t\t\t<p>Assolutamente s\u00ec, ed \u00e8 proprio qui che si gioca l'interior design d'autore. Mixare diverse texture o grammature di lino \u2014 ad esempio una tenda pi\u00f9 leggera e velata per la zona giorno abbinata a una pi\u00f9 materica e protettiva per la zona notte \u2014 crea dinamismo visivo. La nostra palette cromatica \u00e8 pensata per essere interscambiabile: le tonalit\u00e0 neutre che proponiamo (bianco, ecr\u00f9, panna) sono studiate per armonizzarsi tra loro, permettendovi di creare una coerenza stilistica in tutta la casa, anche scegliendo pesi e tipologie di lino differenti.<\/p>\n\t\t<\/div>\n\t\t[\/vc_tta_section][vc_tta_section title=\"Come posso capire se una tenda in lino \u00e8 adatta al mio stile di arredamento?\" tab_id=\"1783498969888-26693671-58d8\"]\t\t<div id=\"wd-6a50ad83855e4\" class=\"wd-text-block wd-wpb reset-last-child wd-rs-6a50ad83855e4 text-left \">\n\t\t\t<p>Il lino \u00e8 il \"trasformista\" per eccellenza dell'interior design. La sua forza sta proprio nella versatilit\u00e0: in un ambiente moderno e minimalista, il lino puro aggiunge il calore materico necessario a rompere la freddezza delle superfici lisce; in una casa d'epoca, ne enfatizza il pregio storico con naturalezza. Il segreto non \u00e8 cercare una tenda che \"si abbini\" ai colori dei mobili, ma scegliere un lino che \"dialoghi\" con la luce della stanza. I nostri toni neutri (ecr\u00f9, avorio, bianco sporco) sono stati scelti proprio perch\u00e9 sono universalmente compatibili con qualsiasi palette, rendendo il lino un investimento estetico che non passa mai di moda.<\/p>\n\t\t<\/div>\n\t\t[\/vc_tta_section][\/vc_tta_accordion]\t\t<div id=\"wd-6a4e1881835d1\" class=\"wd-text-block wd-wpb reset-last-child wd-rs-6a4e1881835d1 text-left \">\n\t\t\t<p><strong>Marini&amp;Gerardi: il metodo del su misura, senza distanze<\/strong><br \/>\nLa scelta del tessuto e della confezione non ammette approssimazioni. Sappiamo che selezionare le tende ideali online pu\u00f2 sembrare un'impresa, ed \u00e8 per questo che in Marini&amp;Gerardi abbiamo strutturato un servizio in grado di abbattere le distanze.<\/p>\n<p>Il nostro modello combina la precisione del su misura artigianale con l\u2019efficienza di una consulenza digitale dedicata. Ci occupiamo di ogni fase, assicurandoci che il risultato finale non sia solo esteticamente coerente con il vostro gusto, ma tecnicamente impeccabile nelle misure e nella scelta dei materiali.<\/p>\n\t\t<\/div>\n\t\t[vc_message message_box_style=\"outline\" css=\"\"]<strong>MARINI &amp; GERARDI s.r.l<\/strong> <a href=\"https:\/\/www.marinigerardi.it\/shop\/categoria-prodotto\/tende-da-interni\/tende-in-lino\/\"><strong>Tende in Lino<\/strong><\/a> e <a href=\"https:\/\/www.marinigerardi.it\/shop\/categoria-prodotto\/biancheria-letto\/\"><strong>Biancheria letto<\/strong><\/a> per Casa\r\nLinea diretta: Mobile; 389 1537 793\u00a0<strong>E-Mail: assistenza@marinigerardi.it<\/strong>\r\n<strong>Unico Showroom:<\/strong>\u00a0Via F. Rubichi,2 - 73047 Monteroni di Lecce - Puglia (Salento)\u00a0 per appuntamento.[\/vc_message][\/vc_column][\/vc_row]<\/div>[\/vc_column][\/vc_row]<\/p>\n<\/div>","protected":false},"excerpt":{"rendered":"<p>[vc_row full_width=&#8221;stretch_row&#8221; content_placement=&#8221;middle&#8221; mobile_bg_img_hidden=&#8221;no&#8221; tablet_bg_img_hidden=&#8221;no&#8221; woodmart_parallax=&#8221;0&#8243; woodmart_gradient_switch=&#8221;no&#8221; row_reverse_mobile=&#8221;0&#8243; row_reverse_tablet=&#8221;0&#8243; woodmart_disable_overflow=&#8221;0&#8243; woodmart_css_id=&#8221;61a4abdddb981&#8243; woodmart_box_shadow=&#8221;no&#8221; wd_z_index=&#8221;no&#8221;][vc_column][vc_empty_space woodmart_hide_large=&#8221;0&#8243; woodmart_hide_medium=&#8221;0&#8243; woodmart_hide_small=&#8221;0&#8243;][\/vc_column][\/vc_row]<\/p>\n","protected":false},"author":1,"featured_media":35011,"comment_status":"closed","ping_status":"closed","sticky":false,"template":"","format":"standard","meta":{"footnotes":""},"categories":[2109,2002],"tags":[2661,2402],"class_list":["post-35008","post","type-post","status-publish","format-standard","has-post-thumbnail","category-lombardia","category-negozi-di-tende-in-citta","tag-negozi-di-tende","tag-negozi-tende-a-monza"],"_links":{"self":[{"href":"https:\/\/www.marinigerardi.it\/shop\/wp-json\/wp\/v2\/posts\/35008","targetHints":{"allow":["GET"]}}],"collection":[{"href":"https:\/\/www.marinigerardi.it\/shop\/wp-json\/wp\/v2\/posts"}],"about":[{"href":"https:\/\/www.marinigerardi.it\/shop\/wp-json\/wp\/v2\/types\/post"}],"author":[{"embeddable":true,"href":"https:\/\/www.marinigerardi.it\/shop\/wp-json\/wp\/v2\/users\/1"}],"replies":[{"embeddable":true,"href":"https:\/\/www.marinigerardi.it\/shop\/wp-json\/wp\/v2\/comments?post=35008"}],"version-history":[{"count":3,"href":"https:\/\/www.marinigerardi.it\/shop\/wp-json\/wp\/v2\/posts\/35008\/revisions"}],"predecessor-version":[{"id":96563,"href":"https:\/\/www.marinigerardi.it\/shop\/wp-json\/wp\/v2\/posts\/35008\/revisions\/96563"}],"wp:featuredmedia":[{"embeddable":true,"href":"https:\/\/www.marinigerardi.it\/shop\/wp-json\/wp\/v2\/media\/35011"}],"wp:attachment":[{"href":"https:\/\/www.marinigerardi.it\/shop\/wp-json\/wp\/v2\/media?parent=35008"}],"wp:term":[{"taxonomy":"category","embeddable":true,"href":"https:\/\/www.marinigerardi.it\/shop\/wp-json\/wp\/v2\/categories?post=35008"},{"taxonomy":"post_tag","embeddable":true,"href":"https:\/\/www.marinigerardi.it\/shop\/wp-json\/wp\/v2\/tags?post=35008"}],"curies":[{"name":"wp","href":"https:\/\/api.w.org\/{rel}","templated":true}]}}