{"id":34668,"date":"2022-02-07T08:12:04","date_gmt":"2022-02-07T08:12:04","guid":{"rendered":"https:\/\/www.marinigerardi.it\/shop\/?p=34668"},"modified":"2026-07-11T10:59:16","modified_gmt":"2026-07-11T10:59:16","slug":"negozi-tende-per-interrni-palermo-tendaggi-in-lino","status":"publish","type":"post","link":"https:\/\/www.marinigerardi.it\/shop\/negozi-tende-per-interrni-palermo-tendaggi-in-lino\/","title":{"rendered":"Negozi Tende per Interrni Palermo Tendaggi in Lino"},"content":{"rendered":"<div class=\"wpb-content-wrapper\" id=\"wpb-content-root\"><p>[vc_row][vc_column]\t\t<div id=\"wd-6a521ff50c927\" class=\"wd-text-block wd-wpb reset-last-child wd-rs-6a521ff50c927 text-left \">\n\t\t\t<p>Arredare a Palermo significa dialogare con una luce che non ha eguali, vibrante e intensa. Spesso considerata l&#8217;ultimo tassello di un progetto d&#8217;interni, la scelta delle <a href=\"https:\/\/www.marinigerardi.it\/shop\/categoria-prodotto\/tende-da-interni\/\"><strong>tende da interni<\/strong> <\/a>e delle <a href=\"https:\/\/www.marinigerardi.it\/shop\/categoria-prodotto\/tende-da-interni\/tende-a-vetro\/\"><strong>tende a vetro<\/strong><\/a> \u00e8 in realt\u00e0 il gesto decisivo: \u00e8 il tocco finale che dona all&#8217;appartamento la sua anima. Una tenda non chiude semplicemente una finestra, ma definisce il carattere della stanza, modula il sole e trasforma uno spazio neutro in un ambiente unico, intriso di atmosfera e calore.<\/p>\n\t\t<\/div>\n\t\t\n\t\t<div id=\"wd-6a522060a04c9\" class=\"title-wrapper wd-wpb wd-set-mb reset-last-child  wd-rs-6a522060a04c9 wd-title-color-default wd-title-style-default text-center vc_custom_1783767145831 wd-underline-colored\">\n\t\t\t\n\t\t\t<div class=\"liner-continer\">\n\t\t\t\t<h2 class=\"woodmart-title-container title  wd-font-weight- wd-fontsize-xl\" >Negozi Tende per Interrni Palermo Tendaggi in Lino<\/h2>\n\t\t\t\t\t\t\t<\/div>\n\t\t\t\n\t\t\t\t\t\t\t<div class=\"title-after_title reset-last-child  wd-fontsize-s\">Lo Showroom di Tende in Lino 100%<\/div>\n\t\t\t\n\t\t\t\n\t\t<\/div>\n\t\t\n\t\t<div class=\"woocommerce columns-2 \"><div class=\"wd-products-element\">\t\t\t<div class=\"wd-sticky-loader wd-deferred wd-content-loader\"><span class=\"wd-loader\"><\/span><\/div>\n\t\t\n<div class=\"products wd-products wd-grid-g grid-columns-3 elements-grid pagination-infinit wd-loop-builder-off title-line-two wd-stretch-cont-lg wd-products-with-shadow\" data-source=\"main_loop\" data-min_price=\"\" data-max_price=\"\" data-columns=\"3\" style=\"--wd-col-lg:3;--wd-col-md:3;--wd-col-sm:2;--wd-gap-lg:20px;--wd-gap-sm:10px;\">\n<div class=\"wd-product wd-col wd-hover-standard product-grid-item product type-product post-29275 status-publish last instock product_cat-tende-camera-da-letto product_cat-tende-classiche product_cat-tende-da-interni product_cat-tende-in-lino product_cat-tende-interni product_cat-tende-interno product_cat-tende-lino product_cat-tende-moderne product_cat-tende-su-misura product_tag-tende-da-interni-moderne product_tag-tende-da-soggiorno product_tag-tende-di-lino product_tag-tende-in-lino has-post-thumbnail taxable shipping-taxable purchasable product-type-simple\" data-loop=\"1\" data-id=\"29275\">\n\t\n<div class=\"wd-product-wrapper product-wrapper\">\n\t<div class=\"wd-product-thumb product-element-top wd-quick-shop\">\n\t\t<a href=\"https:\/\/www.marinigerardi.it\/shop\/prodotto\/tende-da-interni-moderne-lady-margaret\/\" class=\"wd-product-img-link product-image-link\" tabindex=\"-1\" aria-label=\"LADY MARGARET &#8211; Tende da Interni Moderne per Soggiorno\">\n\t\t\t\t\t<div class=\"wd-product-grid-slider wd-fill\">\n\t\t\t\t\t\t\t<div class=\"wd-product-grid-slide\" data-image-url=\"https:\/\/www.marinigerardi.it\/shop\/wp-content\/uploads\/2021\/11\/tende-moderne-in-lino-asole-a-fettuccia-per-soggiorno-camera-da-letto-250x188.jpg\" data-image-srcset=\"https:\/\/www.marinigerardi.it\/shop\/wp-content\/uploads\/2021\/11\/tende-moderne-in-lino-asole-a-fettuccia-per-soggiorno-camera-da-letto-250x188.jpg 250w, https:\/\/www.marinigerardi.it\/shop\/wp-content\/uploads\/2021\/11\/tende-moderne-in-lino-asole-a-fettuccia-per-soggiorno-camera-da-letto-600x450.jpg 600w, https:\/\/www.marinigerardi.it\/shop\/wp-content\/uploads\/2021\/11\/tende-moderne-in-lino-asole-a-fettuccia-per-soggiorno-camera-da-letto-300x225.jpg 300w, https:\/\/www.marinigerardi.it\/shop\/wp-content\/uploads\/2021\/11\/tende-moderne-in-lino-asole-a-fettuccia-per-soggiorno-camera-da-letto-768x576.jpg 768w, https:\/\/www.marinigerardi.it\/shop\/wp-content\/uploads\/2021\/11\/tende-moderne-in-lino-asole-a-fettuccia-per-soggiorno-camera-da-letto.jpg 1024w\" data-image-id=\"0\"><\/div>\n\t\t\t\t\t\t\t<div class=\"wd-product-grid-slide\" data-image-url=\"https:\/\/www.marinigerardi.it\/shop\/wp-content\/uploads\/2021\/11\/tende-filtranti-per-camera-da-letto-in-lino-liscio-perla-selce-250x188.jpg\" data-image-srcset=\"https:\/\/www.marinigerardi.it\/shop\/wp-content\/uploads\/2021\/11\/tende-filtranti-per-camera-da-letto-in-lino-liscio-perla-selce-250x188.jpg 250w, https:\/\/www.marinigerardi.it\/shop\/wp-content\/uploads\/2021\/11\/tende-filtranti-per-camera-da-letto-in-lino-liscio-perla-selce-600x450.jpg 600w, https:\/\/www.marinigerardi.it\/shop\/wp-content\/uploads\/2021\/11\/tende-filtranti-per-camera-da-letto-in-lino-liscio-perla-selce-300x225.jpg 300w, https:\/\/www.marinigerardi.it\/shop\/wp-content\/uploads\/2021\/11\/tende-filtranti-per-camera-da-letto-in-lino-liscio-perla-selce-768x576.jpg 768w, https:\/\/www.marinigerardi.it\/shop\/wp-content\/uploads\/2021\/11\/tende-filtranti-per-camera-da-letto-in-lino-liscio-perla-selce.jpg 1024w\" data-image-id=\"1\"><\/div>\n\t\t\t\t\t\t\t<div class=\"wd-product-grid-slide\" data-image-url=\"https:\/\/www.marinigerardi.it\/shop\/wp-content\/uploads\/2021\/11\/tende-moderne-in-lino-colore-perla-grigio-selce-250x188.jpg\" data-image-srcset=\"https:\/\/www.marinigerardi.it\/shop\/wp-content\/uploads\/2021\/11\/tende-moderne-in-lino-colore-perla-grigio-selce-250x188.jpg 250w, https:\/\/www.marinigerardi.it\/shop\/wp-content\/uploads\/2021\/11\/tende-moderne-in-lino-colore-perla-grigio-selce-600x450.jpg 600w, https:\/\/www.marinigerardi.it\/shop\/wp-content\/uploads\/2021\/11\/tende-moderne-in-lino-colore-perla-grigio-selce-300x225.jpg 300w, https:\/\/www.marinigerardi.it\/shop\/wp-content\/uploads\/2021\/11\/tende-moderne-in-lino-colore-perla-grigio-selce-768x576.jpg 768w, https:\/\/www.marinigerardi.it\/shop\/wp-content\/uploads\/2021\/11\/tende-moderne-in-lino-colore-perla-grigio-selce.jpg 1024w\" data-image-id=\"2\"><\/div>\n\t\t\t\t\t<\/div>\n\n\t\t\n\t\t\t\t\t\t\t<div class=\"wd-product-grid-slider-pagin\">\n\t\t\t\t\t\t\t<div data-image-id=\"0\" class=\"wd-product-grid-slider-dot\"><\/div>\n\t\t\t\t\t\t\t<div data-image-id=\"1\" class=\"wd-product-grid-slider-dot\"><\/div>\n\t\t\t\t\t\t\t<div data-image-id=\"2\" class=\"wd-product-grid-slider-dot\"><\/div>\n\t\t\t\t\t<\/div>\n\t\t\t\t\t\t<img decoding=\"async\" width=\"250\" height=\"188\" src=\"https:\/\/www.marinigerardi.it\/shop\/wp-content\/uploads\/2021\/11\/tende-moderne-in-lino-asole-a-fettuccia-per-soggiorno-camera-da-letto-250x188.jpg\" class=\"attachment-woocommerce_thumbnail size-woocommerce_thumbnail\" alt=\"LADY MARGARET - Tende da Interni Moderne per Soggiorno\" srcset=\"https:\/\/www.marinigerardi.it\/shop\/wp-content\/uploads\/2021\/11\/tende-moderne-in-lino-asole-a-fettuccia-per-soggiorno-camera-da-letto-250x188.jpg 250w, https:\/\/www.marinigerardi.it\/shop\/wp-content\/uploads\/2021\/11\/tende-moderne-in-lino-asole-a-fettuccia-per-soggiorno-camera-da-letto-600x450.jpg 600w, https:\/\/www.marinigerardi.it\/shop\/wp-content\/uploads\/2021\/11\/tende-moderne-in-lino-asole-a-fettuccia-per-soggiorno-camera-da-letto-300x225.jpg.avif 300w, https:\/\/www.marinigerardi.it\/shop\/wp-content\/uploads\/2021\/11\/tende-moderne-in-lino-asole-a-fettuccia-per-soggiorno-camera-da-letto-768x576.jpg.avif 768w, https:\/\/www.marinigerardi.it\/shop\/wp-content\/uploads\/2021\/11\/tende-moderne-in-lino-asole-a-fettuccia-per-soggiorno-camera-da-letto.jpg.webp 1024w\" sizes=\"(max-width: 250px) 100vw, 250px\" \/>\t\t<\/a>\n\n\t\t\n\t\t<div class=\"wd-buttons wd-pos-r-t\">\n\t\t\t\t\t\t\t\t\t\t\t\t\t\t<\/div>\n\t<\/div>\n\n\t\t<div class=\"product-element-bottom\">\n\t\n\t\n\t<h3 class=\"wd-entities-title\"><a href=\"https:\/\/www.marinigerardi.it\/shop\/prodotto\/tende-da-interni-moderne-lady-margaret\/\">LADY MARGARET &#8211; Tende da Interni Moderne per Soggiorno<\/a><\/h3>\n\t\t\t\t\t\t<p class=\"wd-product-stock stock wd-style-default in-stock\">Disponibile<\/p>\n\t\t\n\t\n\t<span class=\"price\">243,00&nbsp;&euro;<\/span>\n\n\t<div class=\"wd-add-btn wd-add-btn-replace\">\n\t\t\n\t\t<a href=\"https:\/\/www.marinigerardi.it\/shop\/prodotto\/tende-da-interni-moderne-lady-margaret\/\" class=\"button product_type_simple add-to-cart-loop mg-detail-btn\"><span class=\"wd-action-icon\"><span class=\"wd-check-icon\"><\/span><\/span><span class=\"wd-action-text\">Vedi dettagli<\/span><\/a>\t<\/div>\n\n\t\n\t\n\t\t\t<\/div>\n\t<\/div>\n<\/div>\n<div class=\"wd-product wd-col wd-hover-standard product-grid-item product type-product post-68036 status-publish first instock product_cat-tende product_cat-tende-classiche product_cat-tende-da-interni product_cat-tende-in-lino product_cat-tende-interno product_cat-tende-lino product_cat-tende-su-misura product_tag-tende product_tag-tende-classiche product_tag-tende-classiche-eleganti product_tag-tende-di-lino product_tag-tende-in-lino product_tag-tende-in-puro-lino has-post-thumbnail taxable shipping-taxable purchasable product-type-simple\" data-loop=\"2\" data-id=\"68036\">\n\t\n<div class=\"wd-product-wrapper product-wrapper\">\n\t<div class=\"wd-product-thumb product-element-top wd-quick-shop\">\n\t\t<a href=\"https:\/\/www.marinigerardi.it\/shop\/prodotto\/tende-eleganti-classiche\/\" class=\"wd-product-img-link product-image-link\" tabindex=\"-1\" aria-label=\"CANNOLE Lino 100% &#8211; Tende Eleganti Classiche per camera da letto\">\n\t\t\t\t\t<div class=\"wd-product-grid-slider wd-fill\">\n\t\t\t\t\t\t\t<div class=\"wd-product-grid-slide\" data-image-url=\"https:\/\/www.marinigerardi.it\/shop\/wp-content\/uploads\/2024\/05\/tende-eleganti-classiche-per-camera-da-letto-250x187.jpg\" data-image-srcset=\"https:\/\/www.marinigerardi.it\/shop\/wp-content\/uploads\/2024\/05\/tende-eleganti-classiche-per-camera-da-letto-250x187.jpg 250w, https:\/\/www.marinigerardi.it\/shop\/wp-content\/uploads\/2024\/05\/tende-eleganti-classiche-per-camera-da-letto-600x450.jpg 600w, https:\/\/www.marinigerardi.it\/shop\/wp-content\/uploads\/2024\/05\/tende-eleganti-classiche-per-camera-da-letto-300x225.jpg 300w, https:\/\/www.marinigerardi.it\/shop\/wp-content\/uploads\/2024\/05\/tende-eleganti-classiche-per-camera-da-letto-768x575.jpg 768w, https:\/\/www.marinigerardi.it\/shop\/wp-content\/uploads\/2024\/05\/tende-eleganti-classiche-per-camera-da-letto.jpg 1025w\" data-image-id=\"0\"><\/div>\n\t\t\t\t\t\t\t<div class=\"wd-product-grid-slide\" data-image-url=\"https:\/\/www.marinigerardi.it\/shop\/wp-content\/uploads\/2024\/05\/tende-classiche-per-camera-da-letto-in-lino-250x187.jpg\" data-image-srcset=\"https:\/\/www.marinigerardi.it\/shop\/wp-content\/uploads\/2024\/05\/tende-classiche-per-camera-da-letto-in-lino-250x187.jpg 250w, https:\/\/www.marinigerardi.it\/shop\/wp-content\/uploads\/2024\/05\/tende-classiche-per-camera-da-letto-in-lino-600x450.jpg 600w, https:\/\/www.marinigerardi.it\/shop\/wp-content\/uploads\/2024\/05\/tende-classiche-per-camera-da-letto-in-lino-300x225.jpg 300w, https:\/\/www.marinigerardi.it\/shop\/wp-content\/uploads\/2024\/05\/tende-classiche-per-camera-da-letto-in-lino-768x575.jpg 768w, https:\/\/www.marinigerardi.it\/shop\/wp-content\/uploads\/2024\/05\/tende-classiche-per-camera-da-letto-in-lino.jpg 1025w\" data-image-id=\"1\"><\/div>\n\t\t\t\t\t\t\t<div class=\"wd-product-grid-slide\" data-image-url=\"https:\/\/www.marinigerardi.it\/shop\/wp-content\/uploads\/2024\/05\/tende-eleganti-per-camera-da-letto_classica-250x187.jpg\" data-image-srcset=\"https:\/\/www.marinigerardi.it\/shop\/wp-content\/uploads\/2024\/05\/tende-eleganti-per-camera-da-letto_classica-250x187.jpg 250w, https:\/\/www.marinigerardi.it\/shop\/wp-content\/uploads\/2024\/05\/tende-eleganti-per-camera-da-letto_classica-600x450.jpg 600w, https:\/\/www.marinigerardi.it\/shop\/wp-content\/uploads\/2024\/05\/tende-eleganti-per-camera-da-letto_classica-300x225.jpg 300w, https:\/\/www.marinigerardi.it\/shop\/wp-content\/uploads\/2024\/05\/tende-eleganti-per-camera-da-letto_classica-768x575.jpg 768w, https:\/\/www.marinigerardi.it\/shop\/wp-content\/uploads\/2024\/05\/tende-eleganti-per-camera-da-letto_classica.jpg 1025w\" data-image-id=\"2\"><\/div>\n\t\t\t\t\t<\/div>\n\n\t\t\n\t\t\t\t\t\t\t<div class=\"wd-product-grid-slider-pagin\">\n\t\t\t\t\t\t\t<div data-image-id=\"0\" class=\"wd-product-grid-slider-dot\"><\/div>\n\t\t\t\t\t\t\t<div data-image-id=\"1\" class=\"wd-product-grid-slider-dot\"><\/div>\n\t\t\t\t\t\t\t<div data-image-id=\"2\" class=\"wd-product-grid-slider-dot\"><\/div>\n\t\t\t\t\t<\/div>\n\t\t\t\t\t\t<img decoding=\"async\" width=\"250\" height=\"187\" src=\"https:\/\/www.marinigerardi.it\/shop\/wp-content\/uploads\/2024\/05\/tende-eleganti-classiche-per-camera-da-letto-250x187.jpg\" class=\"attachment-woocommerce_thumbnail size-woocommerce_thumbnail\" alt=\"Tende eleganti classiche per camera da letto\" srcset=\"https:\/\/www.marinigerardi.it\/shop\/wp-content\/uploads\/2024\/05\/tende-eleganti-classiche-per-camera-da-letto-250x187.jpg 250w, https:\/\/www.marinigerardi.it\/shop\/wp-content\/uploads\/2024\/05\/tende-eleganti-classiche-per-camera-da-letto-600x450.jpg 600w, https:\/\/www.marinigerardi.it\/shop\/wp-content\/uploads\/2024\/05\/tende-eleganti-classiche-per-camera-da-letto-300x225.jpg.avif 300w, https:\/\/www.marinigerardi.it\/shop\/wp-content\/uploads\/2024\/05\/tende-eleganti-classiche-per-camera-da-letto-768x575.jpg.avif 768w, https:\/\/www.marinigerardi.it\/shop\/wp-content\/uploads\/2024\/05\/tende-eleganti-classiche-per-camera-da-letto.jpg.webp 1025w\" sizes=\"(max-width: 250px) 100vw, 250px\" \/>\t\t<\/a>\n\n\t\t\n\t\t<div class=\"wd-buttons wd-pos-r-t\">\n\t\t\t\t\t\t\t\t\t\t\t\t\t\t<\/div>\n\t<\/div>\n\n\t\t<div class=\"product-element-bottom\">\n\t\n\t\n\t<h3 class=\"wd-entities-title\"><a href=\"https:\/\/www.marinigerardi.it\/shop\/prodotto\/tende-eleganti-classiche\/\">CANNOLE Lino 100% &#8211; Tende Eleganti Classiche per camera da letto<\/a><\/h3>\n\t\t\t\t\t\t\n\t\t\t\t<div class=\"star-rating\" role=\"img\" aria-label=\"Valutato 5.00 su 5\">\n\t\t\t\t\t<span style=\"width:100%\">\n\t\t\tValutato <strong class=\"rating\">5.00<\/strong> su 5\t\t<\/span>\n\t\t\t\t<\/div>\n\n\t\t\n\t\t\t\t\t\t\t\t\t<p class=\"wd-product-stock stock wd-style-default in-stock\">Disponibile<\/p>\n\t\t\n\t\n\t<span class=\"price\">273,00&nbsp;&euro;<\/span>\n\n\t<div class=\"wd-add-btn wd-add-btn-replace\">\n\t\t\n\t\t<a href=\"https:\/\/www.marinigerardi.it\/shop\/prodotto\/tende-eleganti-classiche\/\" class=\"button product_type_simple add-to-cart-loop mg-detail-btn\"><span class=\"wd-action-icon\"><span class=\"wd-check-icon\"><\/span><\/span><span class=\"wd-action-text\">Vedi dettagli<\/span><\/a>\t<\/div>\n\n\t\n\t\n\t\t\t<\/div>\n\t<\/div>\n<\/div>\n<div class=\"wd-product wd-col wd-hover-standard product-grid-item product type-product post-7743 status-publish last instock product_cat-tende-da-interni product_cat-tende-in-lino product_cat-tende-interni product_cat-tende-lino product_cat-tende-su-misura product_tag-tenda-soggiorno product_tag-tende product_tag-tende-di-lino product_tag-tende-in-lino product_tag-tende-in-puro-lino product_tag-tende-moderne has-post-thumbnail taxable shipping-taxable purchasable product-type-simple\" data-loop=\"3\" data-id=\"7743\">\n\t\n<div class=\"wd-product-wrapper product-wrapper\">\n\t<div class=\"wd-product-thumb product-element-top wd-quick-shop\">\n\t\t<a href=\"https:\/\/www.marinigerardi.it\/shop\/prodotto\/tenda-soggiorno\/\" class=\"wd-product-img-link product-image-link\" tabindex=\"-1\" aria-label=\"CORSANO &#8211; Tenda Soggiorno con Balza\">\n\t\t\t\t\t<div class=\"wd-product-grid-slider wd-fill\">\n\t\t\t\t\t\t\t<div class=\"wd-product-grid-slide\" data-image-url=\"https:\/\/www.marinigerardi.it\/shop\/wp-content\/uploads\/2023\/10\/Tenda-lino-moderna-a-righe-per-soggiorno-250x188.jpg\" data-image-srcset=\"https:\/\/www.marinigerardi.it\/shop\/wp-content\/uploads\/2023\/10\/Tenda-lino-moderna-a-righe-per-soggiorno-250x188.jpg 250w, https:\/\/www.marinigerardi.it\/shop\/wp-content\/uploads\/2023\/10\/Tenda-lino-moderna-a-righe-per-soggiorno-600x450.jpg 600w, https:\/\/www.marinigerardi.it\/shop\/wp-content\/uploads\/2023\/10\/Tenda-lino-moderna-a-righe-per-soggiorno-300x225.jpg 300w, https:\/\/www.marinigerardi.it\/shop\/wp-content\/uploads\/2023\/10\/Tenda-lino-moderna-a-righe-per-soggiorno-768x576.jpg 768w, https:\/\/www.marinigerardi.it\/shop\/wp-content\/uploads\/2023\/10\/Tenda-lino-moderna-a-righe-per-soggiorno.jpg 1024w\" data-image-id=\"0\"><\/div>\n\t\t\t\t\t\t\t<div class=\"wd-product-grid-slide\" data-image-url=\"https:\/\/www.marinigerardi.it\/shop\/wp-content\/uploads\/2021\/01\/Tenda-puro-lino-in-combinazione-righe-quadri-Corsano-250x188.jpg\" data-image-srcset=\"https:\/\/www.marinigerardi.it\/shop\/wp-content\/uploads\/2021\/01\/Tenda-puro-lino-in-combinazione-righe-quadri-Corsano-250x188.jpg 250w, https:\/\/www.marinigerardi.it\/shop\/wp-content\/uploads\/2021\/01\/Tenda-puro-lino-in-combinazione-righe-quadri-Corsano-600x450.jpg 600w, https:\/\/www.marinigerardi.it\/shop\/wp-content\/uploads\/2021\/01\/Tenda-puro-lino-in-combinazione-righe-quadri-Corsano-300x225.jpg 300w, https:\/\/www.marinigerardi.it\/shop\/wp-content\/uploads\/2021\/01\/Tenda-puro-lino-in-combinazione-righe-quadri-Corsano-768x576.jpg 768w, https:\/\/www.marinigerardi.it\/shop\/wp-content\/uploads\/2021\/01\/Tenda-puro-lino-in-combinazione-righe-quadri-Corsano.jpg 1024w\" data-image-id=\"1\"><\/div>\n\t\t\t\t\t\t\t<div class=\"wd-product-grid-slide\" data-image-url=\"https:\/\/www.marinigerardi.it\/shop\/wp-content\/uploads\/2021\/01\/tessuto-a-righe-per-arredamento-in-lino-vendita-giallo-canarino-250x188.jpg\" data-image-srcset=\"https:\/\/www.marinigerardi.it\/shop\/wp-content\/uploads\/2021\/01\/tessuto-a-righe-per-arredamento-in-lino-vendita-giallo-canarino-250x188.jpg 250w, https:\/\/www.marinigerardi.it\/shop\/wp-content\/uploads\/2021\/01\/tessuto-a-righe-per-arredamento-in-lino-vendita-giallo-canarino-600x450.jpg 600w, https:\/\/www.marinigerardi.it\/shop\/wp-content\/uploads\/2021\/01\/tessuto-a-righe-per-arredamento-in-lino-vendita-giallo-canarino-300x225.jpg 300w, https:\/\/www.marinigerardi.it\/shop\/wp-content\/uploads\/2021\/01\/tessuto-a-righe-per-arredamento-in-lino-vendita-giallo-canarino-768x576.jpg 768w, https:\/\/www.marinigerardi.it\/shop\/wp-content\/uploads\/2021\/01\/tessuto-a-righe-per-arredamento-in-lino-vendita-giallo-canarino.jpg 1024w\" data-image-id=\"2\"><\/div>\n\t\t\t\t\t<\/div>\n\n\t\t\n\t\t\t\t\t\t\t<div class=\"wd-product-grid-slider-pagin\">\n\t\t\t\t\t\t\t<div data-image-id=\"0\" class=\"wd-product-grid-slider-dot\"><\/div>\n\t\t\t\t\t\t\t<div data-image-id=\"1\" class=\"wd-product-grid-slider-dot\"><\/div>\n\t\t\t\t\t\t\t<div data-image-id=\"2\" class=\"wd-product-grid-slider-dot\"><\/div>\n\t\t\t\t\t<\/div>\n\t\t\t\t\t\t<img decoding=\"async\" width=\"250\" height=\"188\" src=\"https:\/\/www.marinigerardi.it\/shop\/wp-content\/uploads\/2023\/10\/Tenda-lino-moderna-a-righe-per-soggiorno-250x188.jpg\" class=\"attachment-woocommerce_thumbnail size-woocommerce_thumbnail\" alt=\"CORSANO - Tenda Soggiorno con Balza\" srcset=\"https:\/\/www.marinigerardi.it\/shop\/wp-content\/uploads\/2023\/10\/Tenda-lino-moderna-a-righe-per-soggiorno-250x188.jpg 250w, https:\/\/www.marinigerardi.it\/shop\/wp-content\/uploads\/2023\/10\/Tenda-lino-moderna-a-righe-per-soggiorno-600x450.jpg 600w, https:\/\/www.marinigerardi.it\/shop\/wp-content\/uploads\/2023\/10\/Tenda-lino-moderna-a-righe-per-soggiorno-300x225.jpg.avif 300w, https:\/\/www.marinigerardi.it\/shop\/wp-content\/uploads\/2023\/10\/Tenda-lino-moderna-a-righe-per-soggiorno-768x576.jpg.avif 768w, https:\/\/www.marinigerardi.it\/shop\/wp-content\/uploads\/2023\/10\/Tenda-lino-moderna-a-righe-per-soggiorno.jpg.webp 1024w\" sizes=\"(max-width: 250px) 100vw, 250px\" \/>\t\t<\/a>\n\n\t\t\n\t\t<div class=\"wd-buttons wd-pos-r-t\">\n\t\t\t\t\t\t\t\t\t\t\t\t\t\t<\/div>\n\t<\/div>\n\n\t\t<div class=\"product-element-bottom\">\n\t\n\t\n\t<h3 class=\"wd-entities-title\"><a href=\"https:\/\/www.marinigerardi.it\/shop\/prodotto\/tenda-soggiorno\/\">CORSANO &#8211; Tenda Soggiorno con Balza<\/a><\/h3>\n\t\t\t\t\t\t\n\t\t\t\t<div class=\"star-rating\" role=\"img\" aria-label=\"Valutato 5.00 su 5\">\n\t\t\t\t\t<span style=\"width:100%\">\n\t\t\tValutato <strong class=\"rating\">5.00<\/strong> su 5\t\t<\/span>\n\t\t\t\t<\/div>\n\n\t\t\n\t\t\t\t\t\t\t\t\t<p class=\"wd-product-stock stock wd-style-default in-stock\">Disponibile<\/p>\n\t\t\n\t\n\t<span class=\"price\">251,00&nbsp;&euro;<\/span>\n\n\t<div class=\"wd-add-btn wd-add-btn-replace\">\n\t\t\n\t\t<a href=\"https:\/\/www.marinigerardi.it\/shop\/prodotto\/tenda-soggiorno\/\" class=\"button product_type_simple add-to-cart-loop mg-detail-btn\"><span class=\"wd-action-icon\"><span class=\"wd-check-icon\"><\/span><\/span><span class=\"wd-action-text\">Vedi dettagli<\/span><\/a>\t<\/div>\n\n\t\n\t\n\t\t\t<\/div>\n\t<\/div>\n<\/div>\n<div class=\"wd-product wd-col wd-hover-standard product-grid-item product type-product post-35674 status-publish first instock product_cat-tende-in-lino has-post-thumbnail taxable shipping-taxable purchasable product-type-simple\" data-loop=\"4\" data-id=\"35674\">\n\t\n<div class=\"wd-product-wrapper product-wrapper\">\n\t<div class=\"wd-product-thumb product-element-top wd-quick-shop\">\n\t\t<a href=\"https:\/\/www.marinigerardi.it\/shop\/prodotto\/pegaso-tenda-elegante-salone-classico-moderno\/\" class=\"wd-product-img-link product-image-link\" tabindex=\"-1\" aria-label=\"PEGASO &#8211; Tenda Elegante Salone Classico o Moderno\">\n\t\t\t\t\t<div class=\"wd-product-grid-slider wd-fill\">\n\t\t\t\t\t\t\t<div class=\"wd-product-grid-slide\" data-image-url=\"https:\/\/www.marinigerardi.it\/shop\/wp-content\/uploads\/2022\/03\/tenda-salone-classico-moderno-in-lino-design-eclettico-250x188.jpg\" data-image-srcset=\"https:\/\/www.marinigerardi.it\/shop\/wp-content\/uploads\/2022\/03\/tenda-salone-classico-moderno-in-lino-design-eclettico-250x188.jpg 250w, https:\/\/www.marinigerardi.it\/shop\/wp-content\/uploads\/2022\/03\/tenda-salone-classico-moderno-in-lino-design-eclettico-600x450.jpg 600w, https:\/\/www.marinigerardi.it\/shop\/wp-content\/uploads\/2022\/03\/tenda-salone-classico-moderno-in-lino-design-eclettico-300x225.jpg 300w, https:\/\/www.marinigerardi.it\/shop\/wp-content\/uploads\/2022\/03\/tenda-salone-classico-moderno-in-lino-design-eclettico-768x576.jpg 768w, https:\/\/www.marinigerardi.it\/shop\/wp-content\/uploads\/2022\/03\/tenda-salone-classico-moderno-in-lino-design-eclettico.jpg 1024w\" data-image-id=\"0\"><\/div>\n\t\t\t\t\t\t\t<div class=\"wd-product-grid-slide\" data-image-url=\"https:\/\/www.marinigerardi.it\/shop\/wp-content\/uploads\/2022\/03\/tenda-lino-design-eclettico-luce-in-soggiorno-bianco-mattone-250x188.jpg\" data-image-srcset=\"https:\/\/www.marinigerardi.it\/shop\/wp-content\/uploads\/2022\/03\/tenda-lino-design-eclettico-luce-in-soggiorno-bianco-mattone-250x188.jpg 250w, https:\/\/www.marinigerardi.it\/shop\/wp-content\/uploads\/2022\/03\/tenda-lino-design-eclettico-luce-in-soggiorno-bianco-mattone-600x450.jpg 600w, https:\/\/www.marinigerardi.it\/shop\/wp-content\/uploads\/2022\/03\/tenda-lino-design-eclettico-luce-in-soggiorno-bianco-mattone-300x225.jpg 300w, https:\/\/www.marinigerardi.it\/shop\/wp-content\/uploads\/2022\/03\/tenda-lino-design-eclettico-luce-in-soggiorno-bianco-mattone-768x576.jpg 768w, https:\/\/www.marinigerardi.it\/shop\/wp-content\/uploads\/2022\/03\/tenda-lino-design-eclettico-luce-in-soggiorno-bianco-mattone.jpg 1024w\" data-image-id=\"1\"><\/div>\n\t\t\t\t\t\t\t<div class=\"wd-product-grid-slide\" data-image-url=\"https:\/\/www.marinigerardi.it\/shop\/wp-content\/uploads\/2022\/03\/pegaso-tenda-eclettica-in.lino-luce-in-soggiorno-bianco-mattone-250x188.jpg\" data-image-srcset=\"https:\/\/www.marinigerardi.it\/shop\/wp-content\/uploads\/2022\/03\/pegaso-tenda-eclettica-in.lino-luce-in-soggiorno-bianco-mattone-250x188.jpg 250w, https:\/\/www.marinigerardi.it\/shop\/wp-content\/uploads\/2022\/03\/pegaso-tenda-eclettica-in.lino-luce-in-soggiorno-bianco-mattone-600x450.jpg 600w, https:\/\/www.marinigerardi.it\/shop\/wp-content\/uploads\/2022\/03\/pegaso-tenda-eclettica-in.lino-luce-in-soggiorno-bianco-mattone-300x225.jpg 300w, https:\/\/www.marinigerardi.it\/shop\/wp-content\/uploads\/2022\/03\/pegaso-tenda-eclettica-in.lino-luce-in-soggiorno-bianco-mattone-768x576.jpg 768w, https:\/\/www.marinigerardi.it\/shop\/wp-content\/uploads\/2022\/03\/pegaso-tenda-eclettica-in.lino-luce-in-soggiorno-bianco-mattone.jpg 1024w\" data-image-id=\"2\"><\/div>\n\t\t\t\t\t<\/div>\n\n\t\t\n\t\t\t\t\t\t\t<div class=\"wd-product-grid-slider-pagin\">\n\t\t\t\t\t\t\t<div data-image-id=\"0\" class=\"wd-product-grid-slider-dot\"><\/div>\n\t\t\t\t\t\t\t<div data-image-id=\"1\" class=\"wd-product-grid-slider-dot\"><\/div>\n\t\t\t\t\t\t\t<div data-image-id=\"2\" class=\"wd-product-grid-slider-dot\"><\/div>\n\t\t\t\t\t<\/div>\n\t\t\t\t\t\t<img decoding=\"async\" width=\"250\" height=\"188\" src=\"https:\/\/www.marinigerardi.it\/shop\/wp-content\/uploads\/2022\/03\/tenda-salone-classico-moderno-in-lino-design-eclettico-250x188.jpg\" class=\"attachment-woocommerce_thumbnail size-woocommerce_thumbnail\" alt=\"PEGASO - Tenda Elegante Salone Classico o Moderno\" srcset=\"https:\/\/www.marinigerardi.it\/shop\/wp-content\/uploads\/2022\/03\/tenda-salone-classico-moderno-in-lino-design-eclettico-250x188.jpg 250w, https:\/\/www.marinigerardi.it\/shop\/wp-content\/uploads\/2022\/03\/tenda-salone-classico-moderno-in-lino-design-eclettico-600x450.jpg 600w, https:\/\/www.marinigerardi.it\/shop\/wp-content\/uploads\/2022\/03\/tenda-salone-classico-moderno-in-lino-design-eclettico-300x225.jpg.avif 300w, https:\/\/www.marinigerardi.it\/shop\/wp-content\/uploads\/2022\/03\/tenda-salone-classico-moderno-in-lino-design-eclettico-768x576.jpg.avif 768w, https:\/\/www.marinigerardi.it\/shop\/wp-content\/uploads\/2022\/03\/tenda-salone-classico-moderno-in-lino-design-eclettico.jpg.webp 1024w\" sizes=\"(max-width: 250px) 100vw, 250px\" \/>\t\t<\/a>\n\n\t\t\n\t\t<div class=\"wd-buttons wd-pos-r-t\">\n\t\t\t\t\t\t\t\t\t\t\t\t\t\t<\/div>\n\t<\/div>\n\n\t\t<div class=\"product-element-bottom\">\n\t\n\t\n\t<h3 class=\"wd-entities-title\"><a href=\"https:\/\/www.marinigerardi.it\/shop\/prodotto\/pegaso-tenda-elegante-salone-classico-moderno\/\">PEGASO &#8211; Tenda Elegante Salone Classico o Moderno<\/a><\/h3>\n\t\t\t\t\t\t<p class=\"wd-product-stock stock wd-style-default in-stock\">Disponibile<\/p>\n\t\t\n\t\n\t<span class=\"price\">321,00&nbsp;&euro;<\/span>\n\n\t<div class=\"wd-add-btn wd-add-btn-replace\">\n\t\t\n\t\t<a href=\"https:\/\/www.marinigerardi.it\/shop\/prodotto\/pegaso-tenda-elegante-salone-classico-moderno\/\" class=\"button product_type_simple add-to-cart-loop mg-detail-btn\"><span class=\"wd-action-icon\"><span class=\"wd-check-icon\"><\/span><\/span><span class=\"wd-action-text\">Vedi dettagli<\/span><\/a>\t<\/div>\n\n\t\n\t\n\t\t\t<\/div>\n\t<\/div>\n<\/div>\n<div class=\"wd-product wd-col wd-hover-standard product-grid-item product type-product post-66620 status-publish last instock product_cat-tende-da-interni product_cat-tende-di-lino product_cat-tende-in-lino product_cat-tende-interni product_cat-tende-lino product_cat-tende-moderne product_cat-tende-su-misura product_tag-tende product_tag-tende-di-lino product_tag-tende-di-lino-moderne product_tag-tende-in-lino product_tag-tende-moderne product_tag-tende-soggiorno has-post-thumbnail taxable shipping-taxable purchasable product-type-simple\" data-loop=\"5\" data-id=\"66620\">\n\t\n<div class=\"wd-product-wrapper product-wrapper\">\n\t<div class=\"wd-product-thumb product-element-top wd-quick-shop\">\n\t\t<a href=\"https:\/\/www.marinigerardi.it\/shop\/prodotto\/tende-da-casa-moderne\/\" class=\"wd-product-img-link product-image-link\" tabindex=\"-1\" aria-label=\"Tende da Casa Moderne in Lino: il FASCINO del design fatto a mano\">\n\t\t\t\t\t<div class=\"wd-product-grid-slider wd-fill\">\n\t\t\t\t\t\t\t<div class=\"wd-product-grid-slide\" data-image-url=\"https:\/\/www.marinigerardi.it\/shop\/wp-content\/uploads\/2024\/03\/Tende-da-Casa-Moderne-in-Lino-design-foglie-lanceolate-artigianali-250x188.jpg\" data-image-srcset=\"https:\/\/www.marinigerardi.it\/shop\/wp-content\/uploads\/2024\/03\/Tende-da-Casa-Moderne-in-Lino-design-foglie-lanceolate-artigianali-250x188.jpg 250w, https:\/\/www.marinigerardi.it\/shop\/wp-content\/uploads\/2024\/03\/Tende-da-Casa-Moderne-in-Lino-design-foglie-lanceolate-artigianali-300x225.jpg 300w, https:\/\/www.marinigerardi.it\/shop\/wp-content\/uploads\/2024\/03\/Tende-da-Casa-Moderne-in-Lino-design-foglie-lanceolate-artigianali-768x576.jpg 768w, https:\/\/www.marinigerardi.it\/shop\/wp-content\/uploads\/2024\/03\/Tende-da-Casa-Moderne-in-Lino-design-foglie-lanceolate-artigianali-600x450.jpg 600w, https:\/\/www.marinigerardi.it\/shop\/wp-content\/uploads\/2024\/03\/Tende-da-Casa-Moderne-in-Lino-design-foglie-lanceolate-artigianali.jpg 1024w\" data-image-id=\"0\"><\/div>\n\t\t\t\t\t\t\t<div class=\"wd-product-grid-slide\" data-image-url=\"https:\/\/www.marinigerardi.it\/shop\/wp-content\/uploads\/2024\/03\/Tende-da-Casa-Moderne-in-Lino-bianco-con-clips-metalliche-250x188.jpg\" data-image-srcset=\"https:\/\/www.marinigerardi.it\/shop\/wp-content\/uploads\/2024\/03\/Tende-da-Casa-Moderne-in-Lino-bianco-con-clips-metalliche-250x188.jpg 250w, https:\/\/www.marinigerardi.it\/shop\/wp-content\/uploads\/2024\/03\/Tende-da-Casa-Moderne-in-Lino-bianco-con-clips-metalliche-600x450.jpg 600w, https:\/\/www.marinigerardi.it\/shop\/wp-content\/uploads\/2024\/03\/Tende-da-Casa-Moderne-in-Lino-bianco-con-clips-metalliche-300x225.jpg 300w, https:\/\/www.marinigerardi.it\/shop\/wp-content\/uploads\/2024\/03\/Tende-da-Casa-Moderne-in-Lino-bianco-con-clips-metalliche-768x576.jpg 768w, https:\/\/www.marinigerardi.it\/shop\/wp-content\/uploads\/2024\/03\/Tende-da-Casa-Moderne-in-Lino-bianco-con-clips-metalliche.jpg 1024w\" data-image-id=\"1\"><\/div>\n\t\t\t\t\t\t\t<div class=\"wd-product-grid-slide\" data-image-url=\"https:\/\/www.marinigerardi.it\/shop\/wp-content\/uploads\/2024\/03\/Tende-da-Casa-Moderne-su-misura-in-Lino-design-foglie-250x188.jpg\" data-image-srcset=\"https:\/\/www.marinigerardi.it\/shop\/wp-content\/uploads\/2024\/03\/Tende-da-Casa-Moderne-su-misura-in-Lino-design-foglie-250x188.jpg 250w, https:\/\/www.marinigerardi.it\/shop\/wp-content\/uploads\/2024\/03\/Tende-da-Casa-Moderne-su-misura-in-Lino-design-foglie-600x450.jpg 600w, https:\/\/www.marinigerardi.it\/shop\/wp-content\/uploads\/2024\/03\/Tende-da-Casa-Moderne-su-misura-in-Lino-design-foglie-300x225.jpg 300w, https:\/\/www.marinigerardi.it\/shop\/wp-content\/uploads\/2024\/03\/Tende-da-Casa-Moderne-su-misura-in-Lino-design-foglie-768x576.jpg 768w, https:\/\/www.marinigerardi.it\/shop\/wp-content\/uploads\/2024\/03\/Tende-da-Casa-Moderne-su-misura-in-Lino-design-foglie.jpg 1024w\" data-image-id=\"2\"><\/div>\n\t\t\t\t\t<\/div>\n\n\t\t\n\t\t\t\t\t\t\t<div class=\"wd-product-grid-slider-pagin\">\n\t\t\t\t\t\t\t<div data-image-id=\"0\" class=\"wd-product-grid-slider-dot\"><\/div>\n\t\t\t\t\t\t\t<div data-image-id=\"1\" class=\"wd-product-grid-slider-dot\"><\/div>\n\t\t\t\t\t\t\t<div data-image-id=\"2\" class=\"wd-product-grid-slider-dot\"><\/div>\n\t\t\t\t\t<\/div>\n\t\t\t\t\t\t<img decoding=\"async\" width=\"250\" height=\"188\" src=\"https:\/\/www.marinigerardi.it\/shop\/wp-content\/uploads\/2024\/03\/Tende-da-Casa-Moderne-in-Lino-design-foglie-lanceolate-artigianali-250x188.jpg.avif\" class=\"attachment-woocommerce_thumbnail size-woocommerce_thumbnail\" alt=\"Tende da casa moderne in lino design foglie lanceolate artigianali\" srcset=\"https:\/\/www.marinigerardi.it\/shop\/wp-content\/uploads\/2024\/03\/Tende-da-Casa-Moderne-in-Lino-design-foglie-lanceolate-artigianali-250x188.jpg.avif 250w, https:\/\/www.marinigerardi.it\/shop\/wp-content\/uploads\/2024\/03\/Tende-da-Casa-Moderne-in-Lino-design-foglie-lanceolate-artigianali-300x225.jpg.avif 300w, https:\/\/www.marinigerardi.it\/shop\/wp-content\/uploads\/2024\/03\/Tende-da-Casa-Moderne-in-Lino-design-foglie-lanceolate-artigianali-768x576.jpg.avif 768w, https:\/\/www.marinigerardi.it\/shop\/wp-content\/uploads\/2024\/03\/Tende-da-Casa-Moderne-in-Lino-design-foglie-lanceolate-artigianali-600x450.jpg.avif 600w, https:\/\/www.marinigerardi.it\/shop\/wp-content\/uploads\/2024\/03\/Tende-da-Casa-Moderne-in-Lino-design-foglie-lanceolate-artigianali.jpg.avif 1024w\" sizes=\"(max-width: 250px) 100vw, 250px\" \/>\t\t<\/a>\n\n\t\t\t\t\t<div class=\"product-labels labels-rectangular\">\n\t\t\t\t<span class=\"new product-label wd-shape-rect-sm\">Nuovo<\/span>\t\t\t<\/div>\n\t\t\t\n\t\t<div class=\"wd-buttons wd-pos-r-t\">\n\t\t\t\t\t\t\t\t\t\t\t\t\t\t<\/div>\n\t<\/div>\n\n\t\t<div class=\"product-element-bottom\">\n\t\n\t\n\t<h3 class=\"wd-entities-title\"><a href=\"https:\/\/www.marinigerardi.it\/shop\/prodotto\/tende-da-casa-moderne\/\">Tende da Casa Moderne in Lino: il FASCINO del design fatto a mano<\/a><\/h3>\n\t\t\t\t\t\t<p class=\"wd-product-stock stock wd-style-default in-stock\">Disponibile<\/p>\n\t\t\n\t\n\t<span class=\"price\">275,00&nbsp;&euro;<\/span>\n\n\t<div class=\"wd-add-btn wd-add-btn-replace\">\n\t\t\n\t\t<a href=\"https:\/\/www.marinigerardi.it\/shop\/prodotto\/tende-da-casa-moderne\/\" class=\"button product_type_simple add-to-cart-loop mg-detail-btn\"><span class=\"wd-action-icon\"><span class=\"wd-check-icon\"><\/span><\/span><span class=\"wd-action-text\">Vedi dettagli<\/span><\/a>\t<\/div>\n\n\t\n\t\n\t\t\t<\/div>\n\t<\/div>\n<\/div>\n<div class=\"wd-product wd-col wd-hover-standard product-grid-item product type-product post-43242 status-publish first instock product_cat-tende-da-interni product_cat-tende-di-lino product_cat-tende-in-lino product_cat-tende-lino product_cat-tende-moderne product_cat-tende-online-su-misura product_cat-tende-su-misura product_tag-eleganti-tende-moderne-camera-da-letto product_tag-tende product_tag-tende-in-lino product_tag-tende-moderne has-post-thumbnail taxable shipping-taxable purchasable product-type-simple\" data-loop=\"6\" data-id=\"43242\">\n\t\n<div class=\"wd-product-wrapper product-wrapper\">\n\t<div class=\"wd-product-thumb product-element-top wd-quick-shop\">\n\t\t<a href=\"https:\/\/www.marinigerardi.it\/shop\/prodotto\/eleganti-tende-moderne-camera-da-letto-talia\/\" class=\"wd-product-img-link product-image-link\" tabindex=\"-1\" aria-label=\"Eleganti Tende Moderne Camera da Letto in Lino Talia\">\n\t\t\t\t\t<div class=\"wd-product-grid-slider wd-fill\">\n\t\t\t\t\t\t\t<div class=\"wd-product-grid-slide\" data-image-url=\"https:\/\/www.marinigerardi.it\/shop\/wp-content\/uploads\/2022\/10\/tende-moderne-soggiorno-di-lino-design-fiori-250x188.jpg\" data-image-srcset=\"https:\/\/www.marinigerardi.it\/shop\/wp-content\/uploads\/2022\/10\/tende-moderne-soggiorno-di-lino-design-fiori-250x188.jpg 250w, https:\/\/www.marinigerardi.it\/shop\/wp-content\/uploads\/2022\/10\/tende-moderne-soggiorno-di-lino-design-fiori-600x450.jpg 600w, https:\/\/www.marinigerardi.it\/shop\/wp-content\/uploads\/2022\/10\/tende-moderne-soggiorno-di-lino-design-fiori-300x225.jpg 300w, https:\/\/www.marinigerardi.it\/shop\/wp-content\/uploads\/2022\/10\/tende-moderne-soggiorno-di-lino-design-fiori-768x576.jpg 768w, https:\/\/www.marinigerardi.it\/shop\/wp-content\/uploads\/2022\/10\/tende-moderne-soggiorno-di-lino-design-fiori.jpg 1024w\" data-image-id=\"0\"><\/div>\n\t\t\t\t\t\t\t<div class=\"wd-product-grid-slide\" data-image-url=\"https:\/\/www.marinigerardi.it\/shop\/wp-content\/uploads\/2022\/10\/meravigliose-tende-moderne-soggiorno-in-lino-bianco-disegno-fiori-250x188.jpg\" data-image-srcset=\"https:\/\/www.marinigerardi.it\/shop\/wp-content\/uploads\/2022\/10\/meravigliose-tende-moderne-soggiorno-in-lino-bianco-disegno-fiori-250x188.jpg 250w, https:\/\/www.marinigerardi.it\/shop\/wp-content\/uploads\/2022\/10\/meravigliose-tende-moderne-soggiorno-in-lino-bianco-disegno-fiori-600x450.jpg 600w, https:\/\/www.marinigerardi.it\/shop\/wp-content\/uploads\/2022\/10\/meravigliose-tende-moderne-soggiorno-in-lino-bianco-disegno-fiori-300x225.jpg 300w, https:\/\/www.marinigerardi.it\/shop\/wp-content\/uploads\/2022\/10\/meravigliose-tende-moderne-soggiorno-in-lino-bianco-disegno-fiori-768x576.jpg 768w, https:\/\/www.marinigerardi.it\/shop\/wp-content\/uploads\/2022\/10\/meravigliose-tende-moderne-soggiorno-in-lino-bianco-disegno-fiori.jpg 1024w\" data-image-id=\"1\"><\/div>\n\t\t\t\t\t\t\t<div class=\"wd-product-grid-slide\" data-image-url=\"https:\/\/www.marinigerardi.it\/shop\/wp-content\/uploads\/2022\/10\/tende-eleganti-moderne-camera-da-letto-in-lino-bianco-250x188.jpg\" data-image-srcset=\"https:\/\/www.marinigerardi.it\/shop\/wp-content\/uploads\/2022\/10\/tende-eleganti-moderne-camera-da-letto-in-lino-bianco-250x188.jpg 250w, https:\/\/www.marinigerardi.it\/shop\/wp-content\/uploads\/2022\/10\/tende-eleganti-moderne-camera-da-letto-in-lino-bianco-600x450.jpg 600w, https:\/\/www.marinigerardi.it\/shop\/wp-content\/uploads\/2022\/10\/tende-eleganti-moderne-camera-da-letto-in-lino-bianco-300x225.jpg 300w, https:\/\/www.marinigerardi.it\/shop\/wp-content\/uploads\/2022\/10\/tende-eleganti-moderne-camera-da-letto-in-lino-bianco-768x576.jpg 768w, https:\/\/www.marinigerardi.it\/shop\/wp-content\/uploads\/2022\/10\/tende-eleganti-moderne-camera-da-letto-in-lino-bianco.jpg 1024w\" data-image-id=\"2\"><\/div>\n\t\t\t\t\t<\/div>\n\n\t\t\n\t\t\t\t\t\t\t<div class=\"wd-product-grid-slider-pagin\">\n\t\t\t\t\t\t\t<div data-image-id=\"0\" class=\"wd-product-grid-slider-dot\"><\/div>\n\t\t\t\t\t\t\t<div data-image-id=\"1\" class=\"wd-product-grid-slider-dot\"><\/div>\n\t\t\t\t\t\t\t<div data-image-id=\"2\" class=\"wd-product-grid-slider-dot\"><\/div>\n\t\t\t\t\t<\/div>\n\t\t\t\t\t\t<img decoding=\"async\" width=\"250\" height=\"188\" src=\"https:\/\/www.marinigerardi.it\/shop\/wp-content\/uploads\/2022\/10\/tende-moderne-soggiorno-di-lino-design-fiori-250x188.jpg\" class=\"attachment-woocommerce_thumbnail size-woocommerce_thumbnail\" alt=\"Eleganti Tende Moderne Camera da Letto in Lino Talia\" srcset=\"https:\/\/www.marinigerardi.it\/shop\/wp-content\/uploads\/2022\/10\/tende-moderne-soggiorno-di-lino-design-fiori-250x188.jpg 250w, https:\/\/www.marinigerardi.it\/shop\/wp-content\/uploads\/2022\/10\/tende-moderne-soggiorno-di-lino-design-fiori-600x450.jpg 600w, https:\/\/www.marinigerardi.it\/shop\/wp-content\/uploads\/2022\/10\/tende-moderne-soggiorno-di-lino-design-fiori-300x225.jpg.avif 300w, https:\/\/www.marinigerardi.it\/shop\/wp-content\/uploads\/2022\/10\/tende-moderne-soggiorno-di-lino-design-fiori-768x576.jpg.avif 768w, https:\/\/www.marinigerardi.it\/shop\/wp-content\/uploads\/2022\/10\/tende-moderne-soggiorno-di-lino-design-fiori.jpg.webp 1024w\" sizes=\"(max-width: 250px) 100vw, 250px\" \/>\t\t<\/a>\n\n\t\t\t\t\t<div class=\"product-labels labels-rectangular\">\n\t\t\t\t<span class=\"new product-label wd-shape-rect-sm\">Nuovo<\/span>\t\t\t<\/div>\n\t\t\t\n\t\t<div class=\"wd-buttons wd-pos-r-t\">\n\t\t\t\t\t\t\t\t\t\t\t\t\t\t<\/div>\n\t<\/div>\n\n\t\t<div class=\"product-element-bottom\">\n\t\n\t\n\t<h3 class=\"wd-entities-title\"><a href=\"https:\/\/www.marinigerardi.it\/shop\/prodotto\/eleganti-tende-moderne-camera-da-letto-talia\/\">Eleganti Tende Moderne Camera da Letto in Lino Talia<\/a><\/h3>\n\t\t\t\t\t\t<p class=\"wd-product-stock stock wd-style-default in-stock\">Disponibile<\/p>\n\t\t\n\t\n\t<span class=\"price\">198,00&nbsp;&euro;<\/span>\n\n\t<div class=\"wd-add-btn wd-add-btn-replace\">\n\t\t\n\t\t<a href=\"https:\/\/www.marinigerardi.it\/shop\/prodotto\/eleganti-tende-moderne-camera-da-letto-talia\/\" class=\"button product_type_simple add-to-cart-loop mg-detail-btn\"><span class=\"wd-action-icon\"><span class=\"wd-check-icon\"><\/span><\/span><span class=\"wd-action-text\">Vedi dettagli<\/span><\/a>\t<\/div>\n\n\t\n\t\n\t\t\t<\/div>\n\t<\/div>\n<\/div>\n<div class=\"wd-product wd-col wd-hover-standard product-grid-item product type-product post-7775 status-publish last instock product_cat-doppie-tende product_cat-tende-classiche product_cat-tende-da-interni product_cat-tende-in-lino product_cat-tende-lino product_cat-tende-su-misura product_tag-tende product_tag-tende-di-lino product_tag-tende-eclettiche product_tag-tende-in-lino product_tag-tende-in-puro-lino has-post-thumbnail taxable shipping-taxable purchasable product-type-simple\" data-loop=\"7\" data-id=\"7775\">\n\t\n<div class=\"wd-product-wrapper product-wrapper\">\n\t<div class=\"wd-product-thumb product-element-top wd-quick-shop\">\n\t\t<a href=\"https:\/\/www.marinigerardi.it\/shop\/prodotto\/eraclea-tenda-in-lino-ecru-e-seta-a-teli-sovrapposti-staccabili\/\" class=\"wd-product-img-link product-image-link\" tabindex=\"-1\" aria-label=\"ERACLEA &#8211; Tenda in Lino Ecru e Seta a teli sovrapposti\">\n\t\t\t\t\t<div class=\"wd-product-grid-slider wd-fill\">\n\t\t\t\t\t\t\t<div class=\"wd-product-grid-slide\" data-image-url=\"https:\/\/www.marinigerardi.it\/shop\/wp-content\/uploads\/2021\/01\/eraclea-tenda-in-lino-stanza-da-letto-luce-bellezza-250x188.jpg\" data-image-srcset=\"https:\/\/www.marinigerardi.it\/shop\/wp-content\/uploads\/2021\/01\/eraclea-tenda-in-lino-stanza-da-letto-luce-bellezza-250x188.jpg 250w, https:\/\/www.marinigerardi.it\/shop\/wp-content\/uploads\/2021\/01\/eraclea-tenda-in-lino-stanza-da-letto-luce-bellezza-600x450.jpg 600w, https:\/\/www.marinigerardi.it\/shop\/wp-content\/uploads\/2021\/01\/eraclea-tenda-in-lino-stanza-da-letto-luce-bellezza-300x225.jpg 300w, https:\/\/www.marinigerardi.it\/shop\/wp-content\/uploads\/2021\/01\/eraclea-tenda-in-lino-stanza-da-letto-luce-bellezza-768x576.jpg 768w, https:\/\/www.marinigerardi.it\/shop\/wp-content\/uploads\/2021\/01\/eraclea-tenda-in-lino-stanza-da-letto-luce-bellezza.jpg 1024w\" data-image-id=\"0\"><\/div>\n\t\t\t\t\t\t\t<div class=\"wd-product-grid-slide\" data-image-url=\"https:\/\/www.marinigerardi.it\/shop\/wp-content\/uploads\/2021\/01\/Eraclea-tenda-lino-seta-backstage-bambino-balcone-luce-trasparenza-250x188.jpg\" data-image-srcset=\"https:\/\/www.marinigerardi.it\/shop\/wp-content\/uploads\/2021\/01\/Eraclea-tenda-lino-seta-backstage-bambino-balcone-luce-trasparenza-250x188.jpg 250w, https:\/\/www.marinigerardi.it\/shop\/wp-content\/uploads\/2021\/01\/Eraclea-tenda-lino-seta-backstage-bambino-balcone-luce-trasparenza-600x450.jpg 600w, https:\/\/www.marinigerardi.it\/shop\/wp-content\/uploads\/2021\/01\/Eraclea-tenda-lino-seta-backstage-bambino-balcone-luce-trasparenza-300x225.jpg 300w, https:\/\/www.marinigerardi.it\/shop\/wp-content\/uploads\/2021\/01\/Eraclea-tenda-lino-seta-backstage-bambino-balcone-luce-trasparenza-768x576.jpg 768w, https:\/\/www.marinigerardi.it\/shop\/wp-content\/uploads\/2021\/01\/Eraclea-tenda-lino-seta-backstage-bambino-balcone-luce-trasparenza.jpg 1024w\" data-image-id=\"1\"><\/div>\n\t\t\t\t\t\t\t<div class=\"wd-product-grid-slide\" data-image-url=\"https:\/\/www.marinigerardi.it\/shop\/wp-content\/uploads\/2021\/01\/eraclea-tenda-in-lino-doppio-telo-lino-seta-mantovana-asole-250x188.jpg\" data-image-srcset=\"https:\/\/www.marinigerardi.it\/shop\/wp-content\/uploads\/2021\/01\/eraclea-tenda-in-lino-doppio-telo-lino-seta-mantovana-asole-250x188.jpg 250w, https:\/\/www.marinigerardi.it\/shop\/wp-content\/uploads\/2021\/01\/eraclea-tenda-in-lino-doppio-telo-lino-seta-mantovana-asole-600x450.jpg 600w, https:\/\/www.marinigerardi.it\/shop\/wp-content\/uploads\/2021\/01\/eraclea-tenda-in-lino-doppio-telo-lino-seta-mantovana-asole-300x225.jpg 300w, https:\/\/www.marinigerardi.it\/shop\/wp-content\/uploads\/2021\/01\/eraclea-tenda-in-lino-doppio-telo-lino-seta-mantovana-asole-768x576.jpg 768w, https:\/\/www.marinigerardi.it\/shop\/wp-content\/uploads\/2021\/01\/eraclea-tenda-in-lino-doppio-telo-lino-seta-mantovana-asole.jpg 1024w\" data-image-id=\"2\"><\/div>\n\t\t\t\t\t<\/div>\n\n\t\t\n\t\t\t\t\t\t\t<div class=\"wd-product-grid-slider-pagin\">\n\t\t\t\t\t\t\t<div data-image-id=\"0\" class=\"wd-product-grid-slider-dot\"><\/div>\n\t\t\t\t\t\t\t<div data-image-id=\"1\" class=\"wd-product-grid-slider-dot\"><\/div>\n\t\t\t\t\t\t\t<div data-image-id=\"2\" class=\"wd-product-grid-slider-dot\"><\/div>\n\t\t\t\t\t<\/div>\n\t\t\t\t\t\t<img decoding=\"async\" width=\"250\" height=\"188\" src=\"https:\/\/www.marinigerardi.it\/shop\/wp-content\/uploads\/2021\/01\/eraclea-tenda-in-lino-stanza-da-letto-luce-bellezza-250x188.jpg\" class=\"attachment-woocommerce_thumbnail size-woocommerce_thumbnail\" alt=\"ERACLEA - Tenda in Lino Ecru e Seta a teli sovrapposti\" srcset=\"https:\/\/www.marinigerardi.it\/shop\/wp-content\/uploads\/2021\/01\/eraclea-tenda-in-lino-stanza-da-letto-luce-bellezza-250x188.jpg 250w, https:\/\/www.marinigerardi.it\/shop\/wp-content\/uploads\/2021\/01\/eraclea-tenda-in-lino-stanza-da-letto-luce-bellezza-600x450.jpg 600w, https:\/\/www.marinigerardi.it\/shop\/wp-content\/uploads\/2021\/01\/eraclea-tenda-in-lino-stanza-da-letto-luce-bellezza-300x225.jpg.avif 300w, https:\/\/www.marinigerardi.it\/shop\/wp-content\/uploads\/2021\/01\/eraclea-tenda-in-lino-stanza-da-letto-luce-bellezza-768x576.jpg.avif 768w, https:\/\/www.marinigerardi.it\/shop\/wp-content\/uploads\/2021\/01\/eraclea-tenda-in-lino-stanza-da-letto-luce-bellezza.jpg.webp 1024w\" sizes=\"(max-width: 250px) 100vw, 250px\" \/>\t\t<\/a>\n\n\t\t\n\t\t<div class=\"wd-buttons wd-pos-r-t\">\n\t\t\t\t\t\t\t\t\t\t\t\t\t\t<\/div>\n\t<\/div>\n\n\t\t<div class=\"product-element-bottom\">\n\t\n\t\n\t<h3 class=\"wd-entities-title\"><a href=\"https:\/\/www.marinigerardi.it\/shop\/prodotto\/eraclea-tenda-in-lino-ecru-e-seta-a-teli-sovrapposti-staccabili\/\">ERACLEA &#8211; Tenda in Lino Ecru e Seta a teli sovrapposti<\/a><\/h3>\n\t\t\t\t\t\t<p class=\"wd-product-stock stock wd-style-default in-stock\">Disponibile<\/p>\n\t\t\n\t\n\t<span class=\"price\">339,00&nbsp;&euro;<\/span>\n\n\t<div class=\"wd-add-btn wd-add-btn-replace\">\n\t\t\n\t\t<a href=\"https:\/\/www.marinigerardi.it\/shop\/prodotto\/eraclea-tenda-in-lino-ecru-e-seta-a-teli-sovrapposti-staccabili\/\" class=\"button product_type_simple add-to-cart-loop mg-detail-btn\"><span class=\"wd-action-icon\"><span class=\"wd-check-icon\"><\/span><\/span><span class=\"wd-action-text\">Vedi dettagli<\/span><\/a>\t<\/div>\n\n\t\n\t\n\t\t\t<\/div>\n\t<\/div>\n<\/div>\n<div class=\"wd-product wd-col wd-hover-standard product-grid-item product type-product post-58588 status-publish first instock product_cat-tende-camera-da-letto product_cat-tende-da-interni product_cat-tende-di-lino product_cat-tende-in-lino product_cat-tende-lino product_cat-tende-moderne product_cat-tende-online-su-misura product_cat-tende-su-misura product_tag-tende-in-lino product_tag-tende-interne-moderne product_tag-tende-moderne has-post-thumbnail taxable shipping-taxable purchasable product-type-simple\" data-loop=\"8\" data-id=\"58588\">\n\t\n<div class=\"wd-product-wrapper product-wrapper\">\n\t<div class=\"wd-product-thumb product-element-top wd-quick-shop\">\n\t\t<a href=\"https:\/\/www.marinigerardi.it\/shop\/prodotto\/tende-soggiorno-moderne\/\" class=\"wd-product-img-link product-image-link\" tabindex=\"-1\" aria-label=\"FEDELTA&#8217; &#8211; Tende Soggiorno Moderne in Lino Salento\">\n\t\t\t\t\t<div class=\"wd-product-grid-slider wd-fill\">\n\t\t\t\t\t\t\t<div class=\"wd-product-grid-slide\" data-image-url=\"https:\/\/www.marinigerardi.it\/shop\/wp-content\/uploads\/2024\/05\/camera-da-letto-vista-mare-tende-da-interno-moderne-lino-bianco-250x188.jpg\" data-image-srcset=\"https:\/\/www.marinigerardi.it\/shop\/wp-content\/uploads\/2024\/05\/camera-da-letto-vista-mare-tende-da-interno-moderne-lino-bianco-250x188.jpg 250w, https:\/\/www.marinigerardi.it\/shop\/wp-content\/uploads\/2024\/05\/camera-da-letto-vista-mare-tende-da-interno-moderne-lino-bianco-300x225.jpg 300w, https:\/\/www.marinigerardi.it\/shop\/wp-content\/uploads\/2024\/05\/camera-da-letto-vista-mare-tende-da-interno-moderne-lino-bianco-768x576.jpg 768w, https:\/\/www.marinigerardi.it\/shop\/wp-content\/uploads\/2024\/05\/camera-da-letto-vista-mare-tende-da-interno-moderne-lino-bianco-600x450.jpg 600w, https:\/\/www.marinigerardi.it\/shop\/wp-content\/uploads\/2024\/05\/camera-da-letto-vista-mare-tende-da-interno-moderne-lino-bianco.jpg 1024w\" data-image-id=\"0\"><\/div>\n\t\t\t\t\t\t\t<div class=\"wd-product-grid-slide\" data-image-url=\"https:\/\/www.marinigerardi.it\/shop\/wp-content\/uploads\/2024\/05\/appartamento-al-mare-tende-da-interno-moderne-lino-bianco-250x188.jpg\" data-image-srcset=\"https:\/\/www.marinigerardi.it\/shop\/wp-content\/uploads\/2024\/05\/appartamento-al-mare-tende-da-interno-moderne-lino-bianco-250x188.jpg 250w, https:\/\/www.marinigerardi.it\/shop\/wp-content\/uploads\/2024\/05\/appartamento-al-mare-tende-da-interno-moderne-lino-bianco-600x450.jpg 600w, https:\/\/www.marinigerardi.it\/shop\/wp-content\/uploads\/2024\/05\/appartamento-al-mare-tende-da-interno-moderne-lino-bianco-300x225.jpg 300w, https:\/\/www.marinigerardi.it\/shop\/wp-content\/uploads\/2024\/05\/appartamento-al-mare-tende-da-interno-moderne-lino-bianco-768x576.jpg 768w, https:\/\/www.marinigerardi.it\/shop\/wp-content\/uploads\/2024\/05\/appartamento-al-mare-tende-da-interno-moderne-lino-bianco.jpg 1024w\" data-image-id=\"1\"><\/div>\n\t\t\t\t\t\t\t<div class=\"wd-product-grid-slide\" data-image-url=\"https:\/\/www.marinigerardi.it\/shop\/wp-content\/uploads\/2023\/04\/tende-da-interno-moderne-immagini-250x188.jpg\" data-image-srcset=\"https:\/\/www.marinigerardi.it\/shop\/wp-content\/uploads\/2023\/04\/tende-da-interno-moderne-immagini-250x188.jpg 250w, https:\/\/www.marinigerardi.it\/shop\/wp-content\/uploads\/2023\/04\/tende-da-interno-moderne-immagini-600x450.jpg 600w, https:\/\/www.marinigerardi.it\/shop\/wp-content\/uploads\/2023\/04\/tende-da-interno-moderne-immagini-300x225.jpg 300w, https:\/\/www.marinigerardi.it\/shop\/wp-content\/uploads\/2023\/04\/tende-da-interno-moderne-immagini-768x576.jpg 768w, https:\/\/www.marinigerardi.it\/shop\/wp-content\/uploads\/2023\/04\/tende-da-interno-moderne-immagini.jpg 1024w\" data-image-id=\"2\"><\/div>\n\t\t\t\t\t\t\t<div class=\"wd-product-grid-slide\" data-image-url=\"https:\/\/www.marinigerardi.it\/shop\/wp-content\/uploads\/2023\/04\/tende-per-interni-moderne-soggiorno-in-lino-250x188.jpg\" data-image-srcset=\"https:\/\/www.marinigerardi.it\/shop\/wp-content\/uploads\/2023\/04\/tende-per-interni-moderne-soggiorno-in-lino-250x188.jpg 250w, https:\/\/www.marinigerardi.it\/shop\/wp-content\/uploads\/2023\/04\/tende-per-interni-moderne-soggiorno-in-lino-600x450.jpg 600w, https:\/\/www.marinigerardi.it\/shop\/wp-content\/uploads\/2023\/04\/tende-per-interni-moderne-soggiorno-in-lino-300x225.jpg 300w, https:\/\/www.marinigerardi.it\/shop\/wp-content\/uploads\/2023\/04\/tende-per-interni-moderne-soggiorno-in-lino-768x576.jpg 768w, https:\/\/www.marinigerardi.it\/shop\/wp-content\/uploads\/2023\/04\/tende-per-interni-moderne-soggiorno-in-lino.jpg 1024w\" data-image-id=\"3\"><\/div>\n\t\t\t\t\t<\/div>\n\n\t\t\n\t\t\t\t\t\t\t<div class=\"wd-product-grid-slider-pagin\">\n\t\t\t\t\t\t\t<div data-image-id=\"0\" class=\"wd-product-grid-slider-dot\"><\/div>\n\t\t\t\t\t\t\t<div data-image-id=\"1\" class=\"wd-product-grid-slider-dot\"><\/div>\n\t\t\t\t\t\t\t<div data-image-id=\"2\" class=\"wd-product-grid-slider-dot\"><\/div>\n\t\t\t\t\t\t\t<div data-image-id=\"3\" class=\"wd-product-grid-slider-dot\"><\/div>\n\t\t\t\t\t<\/div>\n\t\t\t\t\t\t<img decoding=\"async\" width=\"250\" height=\"188\" src=\"https:\/\/www.marinigerardi.it\/shop\/wp-content\/uploads\/2024\/05\/camera-da-letto-vista-mare-tende-da-interno-moderne-lino-bianco-250x188.jpg.avif\" class=\"attachment-woocommerce_thumbnail size-woocommerce_thumbnail\" alt=\"Camera da letto vista mare tende da interno moderne lino bianco\" srcset=\"https:\/\/www.marinigerardi.it\/shop\/wp-content\/uploads\/2024\/05\/camera-da-letto-vista-mare-tende-da-interno-moderne-lino-bianco-250x188.jpg.avif 250w, https:\/\/www.marinigerardi.it\/shop\/wp-content\/uploads\/2024\/05\/camera-da-letto-vista-mare-tende-da-interno-moderne-lino-bianco-300x225.jpg.avif 300w, https:\/\/www.marinigerardi.it\/shop\/wp-content\/uploads\/2024\/05\/camera-da-letto-vista-mare-tende-da-interno-moderne-lino-bianco-768x576.jpg.avif 768w, https:\/\/www.marinigerardi.it\/shop\/wp-content\/uploads\/2024\/05\/camera-da-letto-vista-mare-tende-da-interno-moderne-lino-bianco-600x450.jpg.avif 600w, https:\/\/www.marinigerardi.it\/shop\/wp-content\/uploads\/2024\/05\/camera-da-letto-vista-mare-tende-da-interno-moderne-lino-bianco.jpg.avif 1024w\" sizes=\"(max-width: 250px) 100vw, 250px\" \/>\t\t<\/a>\n\n\t\t\n\t\t<div class=\"wd-buttons wd-pos-r-t\">\n\t\t\t\t\t\t\t\t\t\t\t\t\t\t<\/div>\n\t<\/div>\n\n\t\t<div class=\"product-element-bottom\">\n\t\n\t\n\t<h3 class=\"wd-entities-title\"><a href=\"https:\/\/www.marinigerardi.it\/shop\/prodotto\/tende-soggiorno-moderne\/\">FEDELTA&#8217; &#8211; Tende Soggiorno Moderne in Lino Salento<\/a><\/h3>\n\t\t\t\t\t\t<p class=\"wd-product-stock stock wd-style-default in-stock\">Disponibile<\/p>\n\t\t\n\t\n\t<span class=\"price\">135,00&nbsp;&euro;<\/span>\n\n\t<div class=\"wd-add-btn wd-add-btn-replace\">\n\t\t\n\t\t<a href=\"https:\/\/www.marinigerardi.it\/shop\/prodotto\/tende-soggiorno-moderne\/\" class=\"button product_type_simple add-to-cart-loop mg-detail-btn\"><span class=\"wd-action-icon\"><span class=\"wd-check-icon\"><\/span><\/span><span class=\"wd-action-text\">Vedi dettagli<\/span><\/a>\t<\/div>\n\n\t\n\t\n\t\t\t<\/div>\n\t<\/div>\n<\/div>\n<div class=\"wd-product wd-col wd-hover-standard product-grid-item product type-product post-7995 status-publish last instock product_cat-tende product_cat-tende-camera-da-letto product_cat-tende-da-interni product_cat-tende-in-lino product_cat-tende-lino product_cat-tende-moderne product_cat-tende-su-misura product_tag-isla-margarita product_tag-tendaggi-moderni product_tag-tende-camera-da-letto product_tag-tende-di-lino product_tag-tende-in-lino has-post-thumbnail taxable shipping-taxable purchasable product-type-simple\" data-loop=\"9\" data-id=\"7995\">\n\t\n<div class=\"wd-product-wrapper product-wrapper\">\n\t<div class=\"wd-product-thumb product-element-top wd-quick-shop\">\n\t\t<a href=\"https:\/\/www.marinigerardi.it\/shop\/prodotto\/tende-da-soggiorno-moderne\/\" class=\"wd-product-img-link product-image-link\" tabindex=\"-1\" aria-label=\"ISLA MARGARITA #1 &#8211; Tende da soggiorno moderne con balza a fiori\">\n\t\t\t\t\t<div class=\"wd-product-grid-slider wd-fill\">\n\t\t\t\t\t\t\t<div class=\"wd-product-grid-slide\" data-image-url=\"https:\/\/www.marinigerardi.it\/shop\/wp-content\/uploads\/2021\/01\/Isla-Margarita-tende-camera-da-letto-di-lino-balza-fiori-250x188.jpg\" data-image-srcset=\"https:\/\/www.marinigerardi.it\/shop\/wp-content\/uploads\/2021\/01\/Isla-Margarita-tende-camera-da-letto-di-lino-balza-fiori-250x188.jpg 250w, https:\/\/www.marinigerardi.it\/shop\/wp-content\/uploads\/2021\/01\/Isla-Margarita-tende-camera-da-letto-di-lino-balza-fiori-600x450.jpg 600w, https:\/\/www.marinigerardi.it\/shop\/wp-content\/uploads\/2021\/01\/Isla-Margarita-tende-camera-da-letto-di-lino-balza-fiori-300x225.jpg 300w, https:\/\/www.marinigerardi.it\/shop\/wp-content\/uploads\/2021\/01\/Isla-Margarita-tende-camera-da-letto-di-lino-balza-fiori-768x576.jpg 768w, https:\/\/www.marinigerardi.it\/shop\/wp-content\/uploads\/2021\/01\/Isla-Margarita-tende-camera-da-letto-di-lino-balza-fiori.jpg 1024w\" data-image-id=\"0\"><\/div>\n\t\t\t\t\t\t\t<div class=\"wd-product-grid-slide\" data-image-url=\"https:\/\/www.marinigerardi.it\/shop\/wp-content\/uploads\/2021\/01\/Isla-Margarita-tenda-esclusiva-camera-da-letto-di-lino-balza-fiori-250x188.jpg\" data-image-srcset=\"https:\/\/www.marinigerardi.it\/shop\/wp-content\/uploads\/2021\/01\/Isla-Margarita-tenda-esclusiva-camera-da-letto-di-lino-balza-fiori-250x188.jpg 250w, https:\/\/www.marinigerardi.it\/shop\/wp-content\/uploads\/2021\/01\/Isla-Margarita-tenda-esclusiva-camera-da-letto-di-lino-balza-fiori-600x450.jpg 600w, https:\/\/www.marinigerardi.it\/shop\/wp-content\/uploads\/2021\/01\/Isla-Margarita-tenda-esclusiva-camera-da-letto-di-lino-balza-fiori-300x225.jpg 300w, https:\/\/www.marinigerardi.it\/shop\/wp-content\/uploads\/2021\/01\/Isla-Margarita-tenda-esclusiva-camera-da-letto-di-lino-balza-fiori-768x576.jpg 768w, https:\/\/www.marinigerardi.it\/shop\/wp-content\/uploads\/2021\/01\/Isla-Margarita-tenda-esclusiva-camera-da-letto-di-lino-balza-fiori.jpg 1024w\" data-image-id=\"1\"><\/div>\n\t\t\t\t\t\t\t<div class=\"wd-product-grid-slide\" data-image-url=\"https:\/\/www.marinigerardi.it\/shop\/wp-content\/uploads\/2021\/01\/tende-per-interni-moderne-esclusive-IslaMargarita-balza-inferiore-250x188.jpg\" data-image-srcset=\"https:\/\/www.marinigerardi.it\/shop\/wp-content\/uploads\/2021\/01\/tende-per-interni-moderne-esclusive-IslaMargarita-balza-inferiore-250x188.jpg 250w, https:\/\/www.marinigerardi.it\/shop\/wp-content\/uploads\/2021\/01\/tende-per-interni-moderne-esclusive-IslaMargarita-balza-inferiore-600x450.jpg 600w, https:\/\/www.marinigerardi.it\/shop\/wp-content\/uploads\/2021\/01\/tende-per-interni-moderne-esclusive-IslaMargarita-balza-inferiore-300x225.jpg 300w, https:\/\/www.marinigerardi.it\/shop\/wp-content\/uploads\/2021\/01\/tende-per-interni-moderne-esclusive-IslaMargarita-balza-inferiore-768x576.jpg 768w, https:\/\/www.marinigerardi.it\/shop\/wp-content\/uploads\/2021\/01\/tende-per-interni-moderne-esclusive-IslaMargarita-balza-inferiore.jpg 1024w\" data-image-id=\"2\"><\/div>\n\t\t\t\t\t<\/div>\n\n\t\t\n\t\t\t\t\t\t\t<div class=\"wd-product-grid-slider-pagin\">\n\t\t\t\t\t\t\t<div data-image-id=\"0\" class=\"wd-product-grid-slider-dot\"><\/div>\n\t\t\t\t\t\t\t<div data-image-id=\"1\" class=\"wd-product-grid-slider-dot\"><\/div>\n\t\t\t\t\t\t\t<div data-image-id=\"2\" class=\"wd-product-grid-slider-dot\"><\/div>\n\t\t\t\t\t<\/div>\n\t\t\t\t\t\t<img decoding=\"async\" width=\"250\" height=\"188\" src=\"https:\/\/www.marinigerardi.it\/shop\/wp-content\/uploads\/2021\/01\/Isla-Margarita-tende-camera-da-letto-di-lino-balza-fiori-250x188.jpg\" class=\"attachment-woocommerce_thumbnail size-woocommerce_thumbnail\" alt=\"Tende da soggiorno moderne con balza a fiori Doppio corpo in Lino\" srcset=\"https:\/\/www.marinigerardi.it\/shop\/wp-content\/uploads\/2021\/01\/Isla-Margarita-tende-camera-da-letto-di-lino-balza-fiori-250x188.jpg 250w, https:\/\/www.marinigerardi.it\/shop\/wp-content\/uploads\/2021\/01\/Isla-Margarita-tende-camera-da-letto-di-lino-balza-fiori-600x450.jpg 600w, https:\/\/www.marinigerardi.it\/shop\/wp-content\/uploads\/2021\/01\/Isla-Margarita-tende-camera-da-letto-di-lino-balza-fiori-300x225.jpg.avif 300w, https:\/\/www.marinigerardi.it\/shop\/wp-content\/uploads\/2021\/01\/Isla-Margarita-tende-camera-da-letto-di-lino-balza-fiori-768x576.jpg.avif 768w, https:\/\/www.marinigerardi.it\/shop\/wp-content\/uploads\/2021\/01\/Isla-Margarita-tende-camera-da-letto-di-lino-balza-fiori.jpg.webp 1024w\" sizes=\"(max-width: 250px) 100vw, 250px\" \/>\t\t<\/a>\n\n\t\t\n\t\t<div class=\"wd-buttons wd-pos-r-t\">\n\t\t\t\t\t\t\t\t\t\t\t\t\t\t<\/div>\n\t<\/div>\n\n\t\t<div class=\"product-element-bottom\">\n\t\n\t\n\t<h3 class=\"wd-entities-title\"><a href=\"https:\/\/www.marinigerardi.it\/shop\/prodotto\/tende-da-soggiorno-moderne\/\">ISLA MARGARITA #1 &#8211; Tende da soggiorno moderne con balza a fiori<\/a><\/h3>\n\t\t\t\t\t\t<p class=\"wd-product-stock stock wd-style-default in-stock\">Disponibile<\/p>\n\t\t\n\t\n\t<span class=\"price\">178,50&nbsp;&euro;<\/span>\n\n\t<div class=\"wd-add-btn wd-add-btn-replace\">\n\t\t\n\t\t<a href=\"https:\/\/www.marinigerardi.it\/shop\/prodotto\/tende-da-soggiorno-moderne\/\" class=\"button product_type_simple add-to-cart-loop mg-detail-btn\"><span class=\"wd-action-icon\"><span class=\"wd-check-icon\"><\/span><\/span><span class=\"wd-action-text\">Vedi dettagli<\/span><\/a>\t<\/div>\n\n\t\n\t\n\t\t\t<\/div>\n\t<\/div>\n<\/div>\n<div class=\"wd-product wd-col wd-hover-standard product-grid-item product type-product post-7660 status-publish first instock product_cat-tende-in-lino has-post-thumbnail taxable shipping-taxable purchasable product-type-simple\" data-loop=\"10\" data-id=\"7660\">\n\t\n<div class=\"wd-product-wrapper product-wrapper\">\n\t<div class=\"wd-product-thumb product-element-top wd-quick-shop\">\n\t\t<a href=\"https:\/\/www.marinigerardi.it\/shop\/prodotto\/tende-soggiorno-in-lino-torre-suda\/\" class=\"wd-product-img-link product-image-link\" tabindex=\"-1\" aria-label=\"TORRE SUDA &#8211; Tende Soggiorno in Lino\">\n\t\t\t\t\t<div class=\"wd-product-grid-slider wd-fill\">\n\t\t\t\t\t\t\t<div class=\"wd-product-grid-slide\" data-image-url=\"https:\/\/www.marinigerardi.it\/shop\/wp-content\/uploads\/2021\/03\/Torre-Suda-Tenda-lino-moderna-decoro-a-quadri-intaglio-ricamo-250x188.jpg\" data-image-srcset=\"https:\/\/www.marinigerardi.it\/shop\/wp-content\/uploads\/2021\/03\/Torre-Suda-Tenda-lino-moderna-decoro-a-quadri-intaglio-ricamo-250x188.jpg 250w, https:\/\/www.marinigerardi.it\/shop\/wp-content\/uploads\/2021\/03\/Torre-Suda-Tenda-lino-moderna-decoro-a-quadri-intaglio-ricamo-600x450.jpg 600w, https:\/\/www.marinigerardi.it\/shop\/wp-content\/uploads\/2021\/03\/Torre-Suda-Tenda-lino-moderna-decoro-a-quadri-intaglio-ricamo-300x225.jpg 300w, https:\/\/www.marinigerardi.it\/shop\/wp-content\/uploads\/2021\/03\/Torre-Suda-Tenda-lino-moderna-decoro-a-quadri-intaglio-ricamo-768x576.jpg 768w, https:\/\/www.marinigerardi.it\/shop\/wp-content\/uploads\/2021\/03\/Torre-Suda-Tenda-lino-moderna-decoro-a-quadri-intaglio-ricamo.jpg 1024w\" data-image-id=\"0\"><\/div>\n\t\t\t\t\t\t\t<div class=\"wd-product-grid-slide\" data-image-url=\"https:\/\/www.marinigerardi.it\/shop\/wp-content\/uploads\/2021\/03\/Torre-Suda-Tenda-lino-moderna-tessuto-acaya-Italiano-250x188.jpg\" data-image-srcset=\"https:\/\/www.marinigerardi.it\/shop\/wp-content\/uploads\/2021\/03\/Torre-Suda-Tenda-lino-moderna-tessuto-acaya-Italiano-250x188.jpg 250w, https:\/\/www.marinigerardi.it\/shop\/wp-content\/uploads\/2021\/03\/Torre-Suda-Tenda-lino-moderna-tessuto-acaya-Italiano-600x450.jpg 600w, https:\/\/www.marinigerardi.it\/shop\/wp-content\/uploads\/2021\/03\/Torre-Suda-Tenda-lino-moderna-tessuto-acaya-Italiano-300x225.jpg 300w, https:\/\/www.marinigerardi.it\/shop\/wp-content\/uploads\/2021\/03\/Torre-Suda-Tenda-lino-moderna-tessuto-acaya-Italiano-768x576.jpg 768w, https:\/\/www.marinigerardi.it\/shop\/wp-content\/uploads\/2021\/03\/Torre-Suda-Tenda-lino-moderna-tessuto-acaya-Italiano.jpg 1024w\" data-image-id=\"1\"><\/div>\n\t\t\t\t\t\t\t<div class=\"wd-product-grid-slide\" data-image-url=\"https:\/\/www.marinigerardi.it\/shop\/wp-content\/uploads\/2021\/03\/tenda-intermi-moderna-in-lino-stropicciato-colore-ecru-con-ricamo-Torre-Suda-250x188.jpg\" data-image-srcset=\"https:\/\/www.marinigerardi.it\/shop\/wp-content\/uploads\/2021\/03\/tenda-intermi-moderna-in-lino-stropicciato-colore-ecru-con-ricamo-Torre-Suda-250x188.jpg 250w, https:\/\/www.marinigerardi.it\/shop\/wp-content\/uploads\/2021\/03\/tenda-intermi-moderna-in-lino-stropicciato-colore-ecru-con-ricamo-Torre-Suda-600x450.jpg 600w, https:\/\/www.marinigerardi.it\/shop\/wp-content\/uploads\/2021\/03\/tenda-intermi-moderna-in-lino-stropicciato-colore-ecru-con-ricamo-Torre-Suda-300x225.jpg 300w, https:\/\/www.marinigerardi.it\/shop\/wp-content\/uploads\/2021\/03\/tenda-intermi-moderna-in-lino-stropicciato-colore-ecru-con-ricamo-Torre-Suda-768x576.jpg 768w, https:\/\/www.marinigerardi.it\/shop\/wp-content\/uploads\/2021\/03\/tenda-intermi-moderna-in-lino-stropicciato-colore-ecru-con-ricamo-Torre-Suda.jpg 1024w\" data-image-id=\"2\"><\/div>\n\t\t\t\t\t<\/div>\n\n\t\t\n\t\t\t\t\t\t\t<div class=\"wd-product-grid-slider-pagin\">\n\t\t\t\t\t\t\t<div data-image-id=\"0\" class=\"wd-product-grid-slider-dot\"><\/div>\n\t\t\t\t\t\t\t<div data-image-id=\"1\" class=\"wd-product-grid-slider-dot\"><\/div>\n\t\t\t\t\t\t\t<div data-image-id=\"2\" class=\"wd-product-grid-slider-dot\"><\/div>\n\t\t\t\t\t<\/div>\n\t\t\t\t\t\t<img decoding=\"async\" width=\"250\" height=\"188\" src=\"https:\/\/www.marinigerardi.it\/shop\/wp-content\/uploads\/2021\/03\/Torre-Suda-Tenda-lino-moderna-decoro-a-quadri-intaglio-ricamo-250x188.jpg\" class=\"attachment-woocommerce_thumbnail size-woocommerce_thumbnail\" alt=\"Tende Soggiorno in Lino - TORRE SUDA\" srcset=\"https:\/\/www.marinigerardi.it\/shop\/wp-content\/uploads\/2021\/03\/Torre-Suda-Tenda-lino-moderna-decoro-a-quadri-intaglio-ricamo-250x188.jpg 250w, https:\/\/www.marinigerardi.it\/shop\/wp-content\/uploads\/2021\/03\/Torre-Suda-Tenda-lino-moderna-decoro-a-quadri-intaglio-ricamo-600x450.jpg 600w, https:\/\/www.marinigerardi.it\/shop\/wp-content\/uploads\/2021\/03\/Torre-Suda-Tenda-lino-moderna-decoro-a-quadri-intaglio-ricamo-300x225.jpg.avif 300w, https:\/\/www.marinigerardi.it\/shop\/wp-content\/uploads\/2021\/03\/Torre-Suda-Tenda-lino-moderna-decoro-a-quadri-intaglio-ricamo-768x576.jpg.avif 768w, https:\/\/www.marinigerardi.it\/shop\/wp-content\/uploads\/2021\/03\/Torre-Suda-Tenda-lino-moderna-decoro-a-quadri-intaglio-ricamo.jpg.webp 1024w\" sizes=\"(max-width: 250px) 100vw, 250px\" \/>\t\t<\/a>\n\n\t\t\n\t\t<div class=\"wd-buttons wd-pos-r-t\">\n\t\t\t\t\t\t\t\t\t\t\t\t\t\t<\/div>\n\t<\/div>\n\n\t\t<div class=\"product-element-bottom\">\n\t\n\t\n\t<h3 class=\"wd-entities-title\"><a href=\"https:\/\/www.marinigerardi.it\/shop\/prodotto\/tende-soggiorno-in-lino-torre-suda\/\">TORRE SUDA &#8211; Tende Soggiorno in Lino<\/a><\/h3>\n\t\t\t\t\t\t<p class=\"wd-product-stock stock wd-style-default in-stock\">Disponibile<\/p>\n\t\t\n\t\n\t<span class=\"price\">288,00&nbsp;&euro;<\/span>\n\n\t<div class=\"wd-add-btn wd-add-btn-replace\">\n\t\t\n\t\t<a href=\"https:\/\/www.marinigerardi.it\/shop\/prodotto\/tende-soggiorno-in-lino-torre-suda\/\" class=\"button product_type_simple add-to-cart-loop mg-detail-btn\"><span class=\"wd-action-icon\"><span class=\"wd-check-icon\"><\/span><\/span><span class=\"wd-action-text\">Vedi dettagli<\/span><\/a>\t<\/div>\n\n\t\n\t\n\t\t\t<\/div>\n\t<\/div>\n<\/div>\n<div class=\"wd-product wd-col wd-hover-standard product-grid-item product type-product post-28922 status-publish last instock product_cat-doppie-tende product_cat-tende product_cat-tende-camera-da-letto product_cat-tende-da-interni product_cat-tende-in-lino product_cat-tende-lino product_cat-tende-moderne product_cat-tende-su-misura product_tag-tende product_tag-tende-di-lino product_tag-tende-in-lino product_tag-tende-moderne product_tag-tende-soggiorno-moderno has-post-thumbnail taxable shipping-taxable purchasable product-type-simple\" data-loop=\"11\" data-id=\"28922\">\n\t\n<div class=\"wd-product-wrapper product-wrapper\">\n\t<div class=\"wd-product-thumb product-element-top wd-quick-shop\">\n\t\t<a href=\"https:\/\/www.marinigerardi.it\/shop\/prodotto\/tende-per-interni-moderne\/\" class=\"wd-product-img-link product-image-link\" tabindex=\"-1\" aria-label=\"Tende per Interni Moderne: la bellezza stilizzata del modello MINERVA\">\n\t\t\t\t\t<div class=\"wd-product-grid-slider wd-fill\">\n\t\t\t\t\t\t\t<div class=\"wd-product-grid-slide\" data-image-url=\"https:\/\/www.marinigerardi.it\/shop\/wp-content\/uploads\/2021\/11\/doppio-telo-interni-minerva-in-lino-.bianco-trasparente-design-foglie-250x188.jpg\" data-image-srcset=\"https:\/\/www.marinigerardi.it\/shop\/wp-content\/uploads\/2021\/11\/doppio-telo-interni-minerva-in-lino-.bianco-trasparente-design-foglie-250x188.jpg 250w, https:\/\/www.marinigerardi.it\/shop\/wp-content\/uploads\/2021\/11\/doppio-telo-interni-minerva-in-lino-.bianco-trasparente-design-foglie-600x450.jpg 600w, https:\/\/www.marinigerardi.it\/shop\/wp-content\/uploads\/2021\/11\/doppio-telo-interni-minerva-in-lino-.bianco-trasparente-design-foglie-300x225.jpg 300w, https:\/\/www.marinigerardi.it\/shop\/wp-content\/uploads\/2021\/11\/doppio-telo-interni-minerva-in-lino-.bianco-trasparente-design-foglie-768x576.jpg 768w, https:\/\/www.marinigerardi.it\/shop\/wp-content\/uploads\/2021\/11\/doppio-telo-interni-minerva-in-lino-.bianco-trasparente-design-foglie.jpg 1024w\" data-image-id=\"0\"><\/div>\n\t\t\t\t\t\t\t<div class=\"wd-product-grid-slide\" data-image-url=\"https:\/\/www.marinigerardi.it\/shop\/wp-content\/uploads\/2021\/11\/tenda-interni-minerva-doppio-telo-in.bianco-trasparente-design-foglie-250x188.jpg\" data-image-srcset=\"https:\/\/www.marinigerardi.it\/shop\/wp-content\/uploads\/2021\/11\/tenda-interni-minerva-doppio-telo-in.bianco-trasparente-design-foglie-250x188.jpg 250w, https:\/\/www.marinigerardi.it\/shop\/wp-content\/uploads\/2021\/11\/tenda-interni-minerva-doppio-telo-in.bianco-trasparente-design-foglie-600x450.jpg 600w, https:\/\/www.marinigerardi.it\/shop\/wp-content\/uploads\/2021\/11\/tenda-interni-minerva-doppio-telo-in.bianco-trasparente-design-foglie-300x225.jpg 300w, https:\/\/www.marinigerardi.it\/shop\/wp-content\/uploads\/2021\/11\/tenda-interni-minerva-doppio-telo-in.bianco-trasparente-design-foglie-768x576.jpg 768w, https:\/\/www.marinigerardi.it\/shop\/wp-content\/uploads\/2021\/11\/tenda-interni-minerva-doppio-telo-in.bianco-trasparente-design-foglie.jpg 1024w\" data-image-id=\"1\"><\/div>\n\t\t\t\t\t\t\t<div class=\"wd-product-grid-slide\" data-image-url=\"https:\/\/www.marinigerardi.it\/shop\/wp-content\/uploads\/2021\/11\/tenda-interni-doppio-telo-minerva-in-lino-.bianco-trasparente-design-foglie-250x188.jpg\" data-image-srcset=\"https:\/\/www.marinigerardi.it\/shop\/wp-content\/uploads\/2021\/11\/tenda-interni-doppio-telo-minerva-in-lino-.bianco-trasparente-design-foglie-250x188.jpg 250w, https:\/\/www.marinigerardi.it\/shop\/wp-content\/uploads\/2021\/11\/tenda-interni-doppio-telo-minerva-in-lino-.bianco-trasparente-design-foglie-600x450.jpg 600w, https:\/\/www.marinigerardi.it\/shop\/wp-content\/uploads\/2021\/11\/tenda-interni-doppio-telo-minerva-in-lino-.bianco-trasparente-design-foglie-300x225.jpg 300w, https:\/\/www.marinigerardi.it\/shop\/wp-content\/uploads\/2021\/11\/tenda-interni-doppio-telo-minerva-in-lino-.bianco-trasparente-design-foglie-768x576.jpg 768w, https:\/\/www.marinigerardi.it\/shop\/wp-content\/uploads\/2021\/11\/tenda-interni-doppio-telo-minerva-in-lino-.bianco-trasparente-design-foglie.jpg 1024w\" data-image-id=\"2\"><\/div>\n\t\t\t\t\t<\/div>\n\n\t\t\n\t\t\t\t\t\t\t<div class=\"wd-product-grid-slider-pagin\">\n\t\t\t\t\t\t\t<div data-image-id=\"0\" class=\"wd-product-grid-slider-dot\"><\/div>\n\t\t\t\t\t\t\t<div data-image-id=\"1\" class=\"wd-product-grid-slider-dot\"><\/div>\n\t\t\t\t\t\t\t<div data-image-id=\"2\" class=\"wd-product-grid-slider-dot\"><\/div>\n\t\t\t\t\t<\/div>\n\t\t\t\t\t\t<img decoding=\"async\" width=\"250\" height=\"188\" src=\"https:\/\/www.marinigerardi.it\/shop\/wp-content\/uploads\/2021\/11\/doppio-telo-interni-minerva-in-lino-.bianco-trasparente-design-foglie-250x188.jpg\" class=\"attachment-woocommerce_thumbnail size-woocommerce_thumbnail\" alt=\"MINERVA - Tende Moderne in Lino - Tende per Interni Moderne in Lino a Doppio Telo\" srcset=\"https:\/\/www.marinigerardi.it\/shop\/wp-content\/uploads\/2021\/11\/doppio-telo-interni-minerva-in-lino-.bianco-trasparente-design-foglie-250x188.jpg 250w, https:\/\/www.marinigerardi.it\/shop\/wp-content\/uploads\/2021\/11\/doppio-telo-interni-minerva-in-lino-.bianco-trasparente-design-foglie-600x450.jpg 600w, https:\/\/www.marinigerardi.it\/shop\/wp-content\/uploads\/2021\/11\/doppio-telo-interni-minerva-in-lino-.bianco-trasparente-design-foglie-300x225.jpg.avif 300w, https:\/\/www.marinigerardi.it\/shop\/wp-content\/uploads\/2021\/11\/doppio-telo-interni-minerva-in-lino-.bianco-trasparente-design-foglie-768x576.jpg.avif 768w, https:\/\/www.marinigerardi.it\/shop\/wp-content\/uploads\/2021\/11\/doppio-telo-interni-minerva-in-lino-.bianco-trasparente-design-foglie.jpg.webp 1024w\" sizes=\"(max-width: 250px) 100vw, 250px\" \/>\t\t<\/a>\n\n\t\t\n\t\t<div class=\"wd-buttons wd-pos-r-t\">\n\t\t\t\t\t\t\t\t\t\t\t\t\t\t<\/div>\n\t<\/div>\n\n\t\t<div class=\"product-element-bottom\">\n\t\n\t\n\t<h3 class=\"wd-entities-title\"><a href=\"https:\/\/www.marinigerardi.it\/shop\/prodotto\/tende-per-interni-moderne\/\">Tende per Interni Moderne: la bellezza stilizzata del modello MINERVA<\/a><\/h3>\n\t\t\t\t\t\t\n\t\t\t\t<div class=\"star-rating\" role=\"img\" aria-label=\"Valutato 5.00 su 5\">\n\t\t\t\t\t<span style=\"width:100%\">\n\t\t\tValutato <strong class=\"rating\">5.00<\/strong> su 5\t\t<\/span>\n\t\t\t\t<\/div>\n\n\t\t\n\t\t\t\t\t\t\t\t\t<p class=\"wd-product-stock stock wd-style-default in-stock\">Disponibile<\/p>\n\t\t\n\t\n\t<span class=\"price\">285,00&nbsp;&euro;<\/span>\n\n\t<div class=\"wd-add-btn wd-add-btn-replace\">\n\t\t\n\t\t<a href=\"https:\/\/www.marinigerardi.it\/shop\/prodotto\/tende-per-interni-moderne\/\" class=\"button product_type_simple add-to-cart-loop mg-detail-btn\"><span class=\"wd-action-icon\"><span class=\"wd-check-icon\"><\/span><\/span><span class=\"wd-action-text\">Vedi dettagli<\/span><\/a>\t<\/div>\n\n\t\n\t\n\t\t\t<\/div>\n\t<\/div>\n<\/div>\n<div class=\"wd-product wd-col wd-hover-standard product-grid-item product type-product post-67472 status-publish first instock product_cat-tende-in-lino has-post-thumbnail taxable shipping-taxable purchasable product-type-simple\" data-loop=\"12\" data-id=\"67472\">\n\t\n<div class=\"wd-product-wrapper product-wrapper\">\n\t<div class=\"wd-product-thumb product-element-top wd-quick-shop\">\n\t\t<a href=\"https:\/\/www.marinigerardi.it\/shop\/prodotto\/tende-per-sala-moderna\/\" class=\"wd-product-img-link product-image-link\" tabindex=\"-1\" aria-label=\"Tende per Sala Moderna &#8211; FEDELTA\u2019 &#8211; Tende Moderne per Soggiorno\">\n\t\t\t\t\t<div class=\"wd-product-grid-slider wd-fill\">\n\t\t\t\t\t\t\t<div class=\"wd-product-grid-slide\" data-image-url=\"https:\/\/www.marinigerardi.it\/shop\/wp-content\/uploads\/2024\/05\/Tende-per-Sala-Moderna-salone-divano-vvista-mare-250x188.jpg\" data-image-srcset=\"https:\/\/www.marinigerardi.it\/shop\/wp-content\/uploads\/2024\/05\/Tende-per-Sala-Moderna-salone-divano-vvista-mare-250x188.jpg 250w, https:\/\/www.marinigerardi.it\/shop\/wp-content\/uploads\/2024\/05\/Tende-per-Sala-Moderna-salone-divano-vvista-mare-600x450.jpg 600w, https:\/\/www.marinigerardi.it\/shop\/wp-content\/uploads\/2024\/05\/Tende-per-Sala-Moderna-salone-divano-vvista-mare-300x225.jpg 300w, https:\/\/www.marinigerardi.it\/shop\/wp-content\/uploads\/2024\/05\/Tende-per-Sala-Moderna-salone-divano-vvista-mare-768x576.jpg 768w, https:\/\/www.marinigerardi.it\/shop\/wp-content\/uploads\/2024\/05\/Tende-per-Sala-Moderna-salone-divano-vvista-mare.jpg 1024w\" data-image-id=\"0\"><\/div>\n\t\t\t\t\t\t\t<div class=\"wd-product-grid-slide\" data-image-url=\"https:\/\/www.marinigerardi.it\/shop\/wp-content\/uploads\/2024\/05\/Tende-per-Sala-Moderna-poltrona-vimini-vetrata-vista-mare-250x188.jpg\" data-image-srcset=\"https:\/\/www.marinigerardi.it\/shop\/wp-content\/uploads\/2024\/05\/Tende-per-Sala-Moderna-poltrona-vimini-vetrata-vista-mare-250x188.jpg 250w, https:\/\/www.marinigerardi.it\/shop\/wp-content\/uploads\/2024\/05\/Tende-per-Sala-Moderna-poltrona-vimini-vetrata-vista-mare-600x450.jpg 600w, https:\/\/www.marinigerardi.it\/shop\/wp-content\/uploads\/2024\/05\/Tende-per-Sala-Moderna-poltrona-vimini-vetrata-vista-mare-300x225.jpg 300w, https:\/\/www.marinigerardi.it\/shop\/wp-content\/uploads\/2024\/05\/Tende-per-Sala-Moderna-poltrona-vimini-vetrata-vista-mare-768x576.jpg 768w, https:\/\/www.marinigerardi.it\/shop\/wp-content\/uploads\/2024\/05\/Tende-per-Sala-Moderna-poltrona-vimini-vetrata-vista-mare.jpg 1024w\" data-image-id=\"1\"><\/div>\n\t\t\t\t\t\t\t<div class=\"wd-product-grid-slide\" data-image-url=\"https:\/\/www.marinigerardi.it\/shop\/wp-content\/uploads\/2023\/04\/tende-per-interni-moderne-soggiorno-in-lino-250x188.jpg\" data-image-srcset=\"https:\/\/www.marinigerardi.it\/shop\/wp-content\/uploads\/2023\/04\/tende-per-interni-moderne-soggiorno-in-lino-250x188.jpg 250w, https:\/\/www.marinigerardi.it\/shop\/wp-content\/uploads\/2023\/04\/tende-per-interni-moderne-soggiorno-in-lino-600x450.jpg 600w, https:\/\/www.marinigerardi.it\/shop\/wp-content\/uploads\/2023\/04\/tende-per-interni-moderne-soggiorno-in-lino-300x225.jpg 300w, https:\/\/www.marinigerardi.it\/shop\/wp-content\/uploads\/2023\/04\/tende-per-interni-moderne-soggiorno-in-lino-768x576.jpg 768w, https:\/\/www.marinigerardi.it\/shop\/wp-content\/uploads\/2023\/04\/tende-per-interni-moderne-soggiorno-in-lino.jpg 1024w\" data-image-id=\"2\"><\/div>\n\t\t\t\t\t\t\t<div class=\"wd-product-grid-slide\" data-image-url=\"https:\/\/www.marinigerardi.it\/shop\/wp-content\/uploads\/2023\/04\/tende-da-interno-moderne-immagini-250x188.jpg\" data-image-srcset=\"https:\/\/www.marinigerardi.it\/shop\/wp-content\/uploads\/2023\/04\/tende-da-interno-moderne-immagini-250x188.jpg 250w, https:\/\/www.marinigerardi.it\/shop\/wp-content\/uploads\/2023\/04\/tende-da-interno-moderne-immagini-600x450.jpg 600w, https:\/\/www.marinigerardi.it\/shop\/wp-content\/uploads\/2023\/04\/tende-da-interno-moderne-immagini-300x225.jpg 300w, https:\/\/www.marinigerardi.it\/shop\/wp-content\/uploads\/2023\/04\/tende-da-interno-moderne-immagini-768x576.jpg 768w, https:\/\/www.marinigerardi.it\/shop\/wp-content\/uploads\/2023\/04\/tende-da-interno-moderne-immagini.jpg 1024w\" data-image-id=\"3\"><\/div>\n\t\t\t\t\t<\/div>\n\n\t\t\n\t\t\t\t\t\t\t<div class=\"wd-product-grid-slider-pagin\">\n\t\t\t\t\t\t\t<div data-image-id=\"0\" class=\"wd-product-grid-slider-dot\"><\/div>\n\t\t\t\t\t\t\t<div data-image-id=\"1\" class=\"wd-product-grid-slider-dot\"><\/div>\n\t\t\t\t\t\t\t<div data-image-id=\"2\" class=\"wd-product-grid-slider-dot\"><\/div>\n\t\t\t\t\t\t\t<div data-image-id=\"3\" class=\"wd-product-grid-slider-dot\"><\/div>\n\t\t\t\t\t<\/div>\n\t\t\t\t\t\t<img decoding=\"async\" width=\"250\" height=\"188\" src=\"https:\/\/www.marinigerardi.it\/shop\/wp-content\/uploads\/2024\/05\/Tende-per-Sala-Moderna-salone-divano-vvista-mare-250x188.jpg\" class=\"attachment-woocommerce_thumbnail size-woocommerce_thumbnail\" alt=\"Tende per sala moderna salone divano vvista mare\" srcset=\"https:\/\/www.marinigerardi.it\/shop\/wp-content\/uploads\/2024\/05\/Tende-per-Sala-Moderna-salone-divano-vvista-mare-250x188.jpg 250w, https:\/\/www.marinigerardi.it\/shop\/wp-content\/uploads\/2024\/05\/Tende-per-Sala-Moderna-salone-divano-vvista-mare-600x450.jpg 600w, https:\/\/www.marinigerardi.it\/shop\/wp-content\/uploads\/2024\/05\/Tende-per-Sala-Moderna-salone-divano-vvista-mare-300x225.jpg.avif 300w, https:\/\/www.marinigerardi.it\/shop\/wp-content\/uploads\/2024\/05\/Tende-per-Sala-Moderna-salone-divano-vvista-mare-768x576.jpg.avif 768w, https:\/\/www.marinigerardi.it\/shop\/wp-content\/uploads\/2024\/05\/Tende-per-Sala-Moderna-salone-divano-vvista-mare.jpg.avif 1024w\" sizes=\"(max-width: 250px) 100vw, 250px\" \/>\t\t<\/a>\n\n\t\t\n\t\t<div class=\"wd-buttons wd-pos-r-t\">\n\t\t\t\t\t\t\t\t\t\t\t\t\t\t<\/div>\n\t<\/div>\n\n\t\t<div class=\"product-element-bottom\">\n\t\n\t\n\t<h3 class=\"wd-entities-title\"><a href=\"https:\/\/www.marinigerardi.it\/shop\/prodotto\/tende-per-sala-moderna\/\">Tende per Sala Moderna &#8211; FEDELTA\u2019 &#8211; Tende Moderne per Soggiorno<\/a><\/h3>\n\t\t\t\t\t\t<p class=\"wd-product-stock stock wd-style-default in-stock\">Disponibile<\/p>\n\t\t\n\t\n\t<span class=\"price\">135,00&nbsp;&euro;<\/span>\n\n\t<div class=\"wd-add-btn wd-add-btn-replace\">\n\t\t\n\t\t<a href=\"https:\/\/www.marinigerardi.it\/shop\/prodotto\/tende-per-sala-moderna\/\" class=\"button product_type_simple add-to-cart-loop mg-detail-btn\"><span class=\"wd-action-icon\"><span class=\"wd-check-icon\"><\/span><\/span><span class=\"wd-action-text\">Vedi dettagli<\/span><\/a>\t<\/div>\n\n\t\n\t\n\t\t\t<\/div>\n\t<\/div>\n<\/div>\n<div class=\"wd-product wd-col wd-hover-standard product-grid-item product type-product post-35609 status-publish last instock product_cat-doppie-tende product_cat-tende-in-lino has-post-thumbnail taxable shipping-taxable purchasable product-type-simple\" data-loop=\"13\" data-id=\"35609\">\n\t\n<div class=\"wd-product-wrapper product-wrapper\">\n\t<div class=\"wd-product-thumb product-element-top wd-quick-shop\">\n\t\t<a href=\"https:\/\/www.marinigerardi.it\/shop\/prodotto\/maia-tende-moderne-soggiorno-in-lino\/\" class=\"wd-product-img-link product-image-link\" tabindex=\"-1\" aria-label=\"MAIA &#8211; Tende Moderne Soggiorno in Lino Canapone con Telo in Organza\">\n\t\t\t\t\t<div class=\"wd-product-grid-slider wd-fill\">\n\t\t\t\t\t\t\t<div class=\"wd-product-grid-slide\" data-image-url=\"https:\/\/www.marinigerardi.it\/shop\/wp-content\/uploads\/2022\/03\/tende-soggiorno-in-lino-canapone-con-doppio-telo-in-organza-250x188.jpg\" data-image-srcset=\"https:\/\/www.marinigerardi.it\/shop\/wp-content\/uploads\/2022\/03\/tende-soggiorno-in-lino-canapone-con-doppio-telo-in-organza-250x188.jpg 250w, https:\/\/www.marinigerardi.it\/shop\/wp-content\/uploads\/2022\/03\/tende-soggiorno-in-lino-canapone-con-doppio-telo-in-organza-600x450.jpg 600w, https:\/\/www.marinigerardi.it\/shop\/wp-content\/uploads\/2022\/03\/tende-soggiorno-in-lino-canapone-con-doppio-telo-in-organza-300x225.jpg 300w, https:\/\/www.marinigerardi.it\/shop\/wp-content\/uploads\/2022\/03\/tende-soggiorno-in-lino-canapone-con-doppio-telo-in-organza-768x576.jpg 768w, https:\/\/www.marinigerardi.it\/shop\/wp-content\/uploads\/2022\/03\/tende-soggiorno-in-lino-canapone-con-doppio-telo-in-organza.jpg 1024w\" data-image-id=\"0\"><\/div>\n\t\t\t\t\t\t\t<div class=\"wd-product-grid-slide\" data-image-url=\"https:\/\/www.marinigerardi.it\/shop\/wp-content\/uploads\/2022\/03\/tende-moderne-soggiorno-in-lino-con-telo-in-organza-250x188.jpg\" data-image-srcset=\"https:\/\/www.marinigerardi.it\/shop\/wp-content\/uploads\/2022\/03\/tende-moderne-soggiorno-in-lino-con-telo-in-organza-250x188.jpg 250w, https:\/\/www.marinigerardi.it\/shop\/wp-content\/uploads\/2022\/03\/tende-moderne-soggiorno-in-lino-con-telo-in-organza-600x450.jpg 600w, https:\/\/www.marinigerardi.it\/shop\/wp-content\/uploads\/2022\/03\/tende-moderne-soggiorno-in-lino-con-telo-in-organza-300x225.jpg 300w, https:\/\/www.marinigerardi.it\/shop\/wp-content\/uploads\/2022\/03\/tende-moderne-soggiorno-in-lino-con-telo-in-organza-768x576.jpg 768w, https:\/\/www.marinigerardi.it\/shop\/wp-content\/uploads\/2022\/03\/tende-moderne-soggiorno-in-lino-con-telo-in-organza.jpg 1024w\" data-image-id=\"1\"><\/div>\n\t\t\t\t\t\t\t<div class=\"wd-product-grid-slide\" data-image-url=\"https:\/\/www.marinigerardi.it\/shop\/wp-content\/uploads\/2022\/03\/tende-soggiorno-lino-canapone-telo-in-organza-lilla-250x188.jpg\" data-image-srcset=\"https:\/\/www.marinigerardi.it\/shop\/wp-content\/uploads\/2022\/03\/tende-soggiorno-lino-canapone-telo-in-organza-lilla-250x188.jpg 250w, https:\/\/www.marinigerardi.it\/shop\/wp-content\/uploads\/2022\/03\/tende-soggiorno-lino-canapone-telo-in-organza-lilla-600x450.jpg 600w, https:\/\/www.marinigerardi.it\/shop\/wp-content\/uploads\/2022\/03\/tende-soggiorno-lino-canapone-telo-in-organza-lilla-300x225.jpg 300w, https:\/\/www.marinigerardi.it\/shop\/wp-content\/uploads\/2022\/03\/tende-soggiorno-lino-canapone-telo-in-organza-lilla-768x576.jpg 768w, https:\/\/www.marinigerardi.it\/shop\/wp-content\/uploads\/2022\/03\/tende-soggiorno-lino-canapone-telo-in-organza-lilla.jpg 1024w\" data-image-id=\"2\"><\/div>\n\t\t\t\t\t<\/div>\n\n\t\t\n\t\t\t\t\t\t\t<div class=\"wd-product-grid-slider-pagin\">\n\t\t\t\t\t\t\t<div data-image-id=\"0\" class=\"wd-product-grid-slider-dot\"><\/div>\n\t\t\t\t\t\t\t<div data-image-id=\"1\" class=\"wd-product-grid-slider-dot\"><\/div>\n\t\t\t\t\t\t\t<div data-image-id=\"2\" class=\"wd-product-grid-slider-dot\"><\/div>\n\t\t\t\t\t<\/div>\n\t\t\t\t\t\t<img decoding=\"async\" width=\"250\" height=\"188\" src=\"https:\/\/www.marinigerardi.it\/shop\/wp-content\/uploads\/2022\/03\/tende-soggiorno-in-lino-canapone-con-doppio-telo-in-organza-250x188.jpg\" class=\"attachment-woocommerce_thumbnail size-woocommerce_thumbnail\" alt=\"tende soggiorno in lino canapone con doppio telo in organza\" srcset=\"https:\/\/www.marinigerardi.it\/shop\/wp-content\/uploads\/2022\/03\/tende-soggiorno-in-lino-canapone-con-doppio-telo-in-organza-250x188.jpg 250w, https:\/\/www.marinigerardi.it\/shop\/wp-content\/uploads\/2022\/03\/tende-soggiorno-in-lino-canapone-con-doppio-telo-in-organza-600x450.jpg 600w, https:\/\/www.marinigerardi.it\/shop\/wp-content\/uploads\/2022\/03\/tende-soggiorno-in-lino-canapone-con-doppio-telo-in-organza-300x225.jpg.avif 300w, https:\/\/www.marinigerardi.it\/shop\/wp-content\/uploads\/2022\/03\/tende-soggiorno-in-lino-canapone-con-doppio-telo-in-organza-768x576.jpg.avif 768w, https:\/\/www.marinigerardi.it\/shop\/wp-content\/uploads\/2022\/03\/tende-soggiorno-in-lino-canapone-con-doppio-telo-in-organza.jpg.webp 1024w\" sizes=\"(max-width: 250px) 100vw, 250px\" \/>\t\t<\/a>\n\n\t\t\n\t\t<div class=\"wd-buttons wd-pos-r-t\">\n\t\t\t\t\t\t\t\t\t\t\t\t\t\t<\/div>\n\t<\/div>\n\n\t\t<div class=\"product-element-bottom\">\n\t\n\t\n\t<h3 class=\"wd-entities-title\"><a href=\"https:\/\/www.marinigerardi.it\/shop\/prodotto\/maia-tende-moderne-soggiorno-in-lino\/\">MAIA &#8211; Tende Moderne Soggiorno in Lino Canapone con Telo in Organza<\/a><\/h3>\n\t\t\t\t\t\t<p class=\"wd-product-stock stock wd-style-default in-stock\">Disponibile<\/p>\n\t\t\n\t\n\t<span class=\"price\">159,00&nbsp;&euro;<\/span>\n\n\t<div class=\"wd-add-btn wd-add-btn-replace\">\n\t\t\n\t\t<a href=\"https:\/\/www.marinigerardi.it\/shop\/prodotto\/maia-tende-moderne-soggiorno-in-lino\/\" class=\"button product_type_simple add-to-cart-loop mg-detail-btn\"><span class=\"wd-action-icon\"><span class=\"wd-check-icon\"><\/span><\/span><span class=\"wd-action-text\">Vedi dettagli<\/span><\/a>\t<\/div>\n\n\t\n\t\n\t\t\t<\/div>\n\t<\/div>\n<\/div>\n<div class=\"wd-product wd-col wd-hover-standard product-grid-item product type-product post-29638 status-publish first instock product_cat-tende-in-lino has-post-thumbnail taxable shipping-taxable purchasable product-type-simple\" data-loop=\"14\" data-id=\"29638\">\n\t\n<div class=\"wd-product-wrapper product-wrapper\">\n\t<div class=\"wd-product-thumb product-element-top wd-quick-shop\">\n\t\t<a href=\"https:\/\/www.marinigerardi.it\/shop\/prodotto\/tende-di-lino-moderne-per-interni-esclusivi\/\" class=\"wd-product-img-link product-image-link\" tabindex=\"-1\" aria-label=\"MONTESARDO &#8211; Tende di lino moderne da interni esclusivi\">\n\t\t\t\t\t<div class=\"wd-product-grid-slider wd-fill\">\n\t\t\t\t\t\t\t<div class=\"wd-product-grid-slide\" data-image-url=\"https:\/\/www.marinigerardi.it\/shop\/wp-content\/uploads\/2021\/12\/tende-lino-soggiorno-moderno-con-balza-plissettata-colre-cioccolato-250x188.jpg\" data-image-srcset=\"https:\/\/www.marinigerardi.it\/shop\/wp-content\/uploads\/2021\/12\/tende-lino-soggiorno-moderno-con-balza-plissettata-colre-cioccolato-250x188.jpg 250w, https:\/\/www.marinigerardi.it\/shop\/wp-content\/uploads\/2021\/12\/tende-lino-soggiorno-moderno-con-balza-plissettata-colre-cioccolato-600x450.jpg 600w, https:\/\/www.marinigerardi.it\/shop\/wp-content\/uploads\/2021\/12\/tende-lino-soggiorno-moderno-con-balza-plissettata-colre-cioccolato-300x225.jpg 300w, https:\/\/www.marinigerardi.it\/shop\/wp-content\/uploads\/2021\/12\/tende-lino-soggiorno-moderno-con-balza-plissettata-colre-cioccolato-768x576.jpg 768w, https:\/\/www.marinigerardi.it\/shop\/wp-content\/uploads\/2021\/12\/tende-lino-soggiorno-moderno-con-balza-plissettata-colre-cioccolato.jpg 1024w\" data-image-id=\"0\"><\/div>\n\t\t\t\t\t\t\t<div class=\"wd-product-grid-slide\" data-image-url=\"https:\/\/www.marinigerardi.it\/shop\/wp-content\/uploads\/2021\/12\/tende-camera-da-letto-online-con-balza-plissettata-in-lino-250x188.jpg\" data-image-srcset=\"https:\/\/www.marinigerardi.it\/shop\/wp-content\/uploads\/2021\/12\/tende-camera-da-letto-online-con-balza-plissettata-in-lino-250x188.jpg 250w, https:\/\/www.marinigerardi.it\/shop\/wp-content\/uploads\/2021\/12\/tende-camera-da-letto-online-con-balza-plissettata-in-lino-600x450.jpg 600w, https:\/\/www.marinigerardi.it\/shop\/wp-content\/uploads\/2021\/12\/tende-camera-da-letto-online-con-balza-plissettata-in-lino-300x225.jpg 300w, https:\/\/www.marinigerardi.it\/shop\/wp-content\/uploads\/2021\/12\/tende-camera-da-letto-online-con-balza-plissettata-in-lino-768x576.jpg 768w, https:\/\/www.marinigerardi.it\/shop\/wp-content\/uploads\/2021\/12\/tende-camera-da-letto-online-con-balza-plissettata-in-lino.jpg 1024w\" data-image-id=\"1\"><\/div>\n\t\t\t\t\t\t\t<div class=\"wd-product-grid-slide\" data-image-url=\"https:\/\/www.marinigerardi.it\/shop\/wp-content\/uploads\/2021\/12\/tende-lino-moderne-con-balza-plissettata-colre-cioccolato-250x188.jpg\" data-image-srcset=\"https:\/\/www.marinigerardi.it\/shop\/wp-content\/uploads\/2021\/12\/tende-lino-moderne-con-balza-plissettata-colre-cioccolato-250x188.jpg 250w, https:\/\/www.marinigerardi.it\/shop\/wp-content\/uploads\/2021\/12\/tende-lino-moderne-con-balza-plissettata-colre-cioccolato-600x450.jpg 600w, https:\/\/www.marinigerardi.it\/shop\/wp-content\/uploads\/2021\/12\/tende-lino-moderne-con-balza-plissettata-colre-cioccolato-300x225.jpg 300w, https:\/\/www.marinigerardi.it\/shop\/wp-content\/uploads\/2021\/12\/tende-lino-moderne-con-balza-plissettata-colre-cioccolato-768x576.jpg 768w, https:\/\/www.marinigerardi.it\/shop\/wp-content\/uploads\/2021\/12\/tende-lino-moderne-con-balza-plissettata-colre-cioccolato.jpg 1024w\" data-image-id=\"2\"><\/div>\n\t\t\t\t\t<\/div>\n\n\t\t\n\t\t\t\t\t\t\t<div class=\"wd-product-grid-slider-pagin\">\n\t\t\t\t\t\t\t<div data-image-id=\"0\" class=\"wd-product-grid-slider-dot\"><\/div>\n\t\t\t\t\t\t\t<div data-image-id=\"1\" class=\"wd-product-grid-slider-dot\"><\/div>\n\t\t\t\t\t\t\t<div data-image-id=\"2\" class=\"wd-product-grid-slider-dot\"><\/div>\n\t\t\t\t\t<\/div>\n\t\t\t\t\t\t<img decoding=\"async\" width=\"250\" height=\"188\" src=\"https:\/\/www.marinigerardi.it\/shop\/wp-content\/uploads\/2021\/12\/tende-lino-soggiorno-moderno-con-balza-plissettata-colre-cioccolato-250x188.jpg\" class=\"attachment-woocommerce_thumbnail size-woocommerce_thumbnail\" alt=\"MONTESARDO - Tende di lino moderne da interni esclusivi\" srcset=\"https:\/\/www.marinigerardi.it\/shop\/wp-content\/uploads\/2021\/12\/tende-lino-soggiorno-moderno-con-balza-plissettata-colre-cioccolato-250x188.jpg 250w, https:\/\/www.marinigerardi.it\/shop\/wp-content\/uploads\/2021\/12\/tende-lino-soggiorno-moderno-con-balza-plissettata-colre-cioccolato-600x450.jpg 600w, https:\/\/www.marinigerardi.it\/shop\/wp-content\/uploads\/2021\/12\/tende-lino-soggiorno-moderno-con-balza-plissettata-colre-cioccolato-300x225.jpg.avif 300w, https:\/\/www.marinigerardi.it\/shop\/wp-content\/uploads\/2021\/12\/tende-lino-soggiorno-moderno-con-balza-plissettata-colre-cioccolato-768x576.jpg.avif 768w, https:\/\/www.marinigerardi.it\/shop\/wp-content\/uploads\/2021\/12\/tende-lino-soggiorno-moderno-con-balza-plissettata-colre-cioccolato.jpg.webp 1024w\" sizes=\"(max-width: 250px) 100vw, 250px\" \/>\t\t<\/a>\n\n\t\t\n\t\t<div class=\"wd-buttons wd-pos-r-t\">\n\t\t\t\t\t\t\t\t\t\t\t\t\t\t<\/div>\n\t<\/div>\n\n\t\t<div class=\"product-element-bottom\">\n\t\n\t\n\t<h3 class=\"wd-entities-title\"><a href=\"https:\/\/www.marinigerardi.it\/shop\/prodotto\/tende-di-lino-moderne-per-interni-esclusivi\/\">MONTESARDO &#8211; Tende di lino moderne da interni esclusivi<\/a><\/h3>\n\t\t\t\t\t\t<p class=\"wd-product-stock stock wd-style-default in-stock\">Disponibile<\/p>\n\t\t\n\t\n\t<span class=\"price\">273,60&nbsp;&euro;<\/span>\n\n\t<div class=\"wd-add-btn wd-add-btn-replace\">\n\t\t\n\t\t<a href=\"https:\/\/www.marinigerardi.it\/shop\/prodotto\/tende-di-lino-moderne-per-interni-esclusivi\/\" class=\"button product_type_simple add-to-cart-loop mg-detail-btn\"><span class=\"wd-action-icon\"><span class=\"wd-check-icon\"><\/span><\/span><span class=\"wd-action-text\">Vedi dettagli<\/span><\/a>\t<\/div>\n\n\t\n\t\n\t\t\t<\/div>\n\t<\/div>\n<\/div>\n<div class=\"wd-product wd-col wd-hover-standard product-grid-item product type-product post-7645 status-publish last instock product_cat-tende-in-lino has-post-thumbnail taxable shipping-taxable purchasable product-type-simple\" data-loop=\"15\" data-id=\"7645\">\n\t\n<div class=\"wd-product-wrapper product-wrapper\">\n\t<div class=\"wd-product-thumb product-element-top wd-quick-shop\">\n\t\t<a href=\"https:\/\/www.marinigerardi.it\/shop\/prodotto\/tende-in-lino-per-camera-da-letto-torre-mozza\/\" class=\"wd-product-img-link product-image-link\" tabindex=\"-1\" aria-label=\"TORRE MOZZA &#8211; Tende in Lino per Camera da Letto\">\n\t\t\t\t\t<div class=\"wd-product-grid-slider wd-fill\">\n\t\t\t\t\t\t\t<div class=\"wd-product-grid-slide\" data-image-url=\"https:\/\/www.marinigerardi.it\/shop\/wp-content\/uploads\/2021\/01\/tenda-per-camera-da-letto-elegante-in-puro-lino-torre-mozza-panna-250x188.jpg\" data-image-srcset=\"https:\/\/www.marinigerardi.it\/shop\/wp-content\/uploads\/2021\/01\/tenda-per-camera-da-letto-elegante-in-puro-lino-torre-mozza-panna-250x188.jpg 250w, https:\/\/www.marinigerardi.it\/shop\/wp-content\/uploads\/2021\/01\/tenda-per-camera-da-letto-elegante-in-puro-lino-torre-mozza-panna-600x450.jpg 600w, https:\/\/www.marinigerardi.it\/shop\/wp-content\/uploads\/2021\/01\/tenda-per-camera-da-letto-elegante-in-puro-lino-torre-mozza-panna-300x225.jpg 300w, https:\/\/www.marinigerardi.it\/shop\/wp-content\/uploads\/2021\/01\/tenda-per-camera-da-letto-elegante-in-puro-lino-torre-mozza-panna-768x576.jpg 768w, https:\/\/www.marinigerardi.it\/shop\/wp-content\/uploads\/2021\/01\/tenda-per-camera-da-letto-elegante-in-puro-lino-torre-mozza-panna.jpg 1024w\" data-image-id=\"0\"><\/div>\n\t\t\t\t\t\t\t<div class=\"wd-product-grid-slide\" data-image-url=\"https:\/\/www.marinigerardi.it\/shop\/wp-content\/uploads\/2021\/01\/tende-in-lino-moderne-inserti-design-cucitura-lavorazione-zig-zag-250x188.jpg\" data-image-srcset=\"https:\/\/www.marinigerardi.it\/shop\/wp-content\/uploads\/2021\/01\/tende-in-lino-moderne-inserti-design-cucitura-lavorazione-zig-zag-250x188.jpg 250w, https:\/\/www.marinigerardi.it\/shop\/wp-content\/uploads\/2021\/01\/tende-in-lino-moderne-inserti-design-cucitura-lavorazione-zig-zag-600x450.jpg 600w, https:\/\/www.marinigerardi.it\/shop\/wp-content\/uploads\/2021\/01\/tende-in-lino-moderne-inserti-design-cucitura-lavorazione-zig-zag-300x225.jpg 300w, https:\/\/www.marinigerardi.it\/shop\/wp-content\/uploads\/2021\/01\/tende-in-lino-moderne-inserti-design-cucitura-lavorazione-zig-zag-768x576.jpg 768w, https:\/\/www.marinigerardi.it\/shop\/wp-content\/uploads\/2021\/01\/tende-in-lino-moderne-inserti-design-cucitura-lavorazione-zig-zag.jpg 1024w\" data-image-id=\"1\"><\/div>\n\t\t\t\t\t\t\t<div class=\"wd-product-grid-slide\" data-image-url=\"https:\/\/www.marinigerardi.it\/shop\/wp-content\/uploads\/2021\/01\/tende-per-camera-letto-o-soggiorno-in-puro-lino-torre-mozza-panna-250x188.jpg\" data-image-srcset=\"https:\/\/www.marinigerardi.it\/shop\/wp-content\/uploads\/2021\/01\/tende-per-camera-letto-o-soggiorno-in-puro-lino-torre-mozza-panna-250x188.jpg 250w, https:\/\/www.marinigerardi.it\/shop\/wp-content\/uploads\/2021\/01\/tende-per-camera-letto-o-soggiorno-in-puro-lino-torre-mozza-panna-600x450.jpg 600w, https:\/\/www.marinigerardi.it\/shop\/wp-content\/uploads\/2021\/01\/tende-per-camera-letto-o-soggiorno-in-puro-lino-torre-mozza-panna-300x225.jpg 300w, https:\/\/www.marinigerardi.it\/shop\/wp-content\/uploads\/2021\/01\/tende-per-camera-letto-o-soggiorno-in-puro-lino-torre-mozza-panna-768x576.jpg 768w, https:\/\/www.marinigerardi.it\/shop\/wp-content\/uploads\/2021\/01\/tende-per-camera-letto-o-soggiorno-in-puro-lino-torre-mozza-panna.jpg 1024w\" data-image-id=\"2\"><\/div>\n\t\t\t\t\t<\/div>\n\n\t\t\n\t\t\t\t\t\t\t<div class=\"wd-product-grid-slider-pagin\">\n\t\t\t\t\t\t\t<div data-image-id=\"0\" class=\"wd-product-grid-slider-dot\"><\/div>\n\t\t\t\t\t\t\t<div data-image-id=\"1\" class=\"wd-product-grid-slider-dot\"><\/div>\n\t\t\t\t\t\t\t<div data-image-id=\"2\" class=\"wd-product-grid-slider-dot\"><\/div>\n\t\t\t\t\t<\/div>\n\t\t\t\t\t\t<img decoding=\"async\" width=\"250\" height=\"188\" src=\"https:\/\/www.marinigerardi.it\/shop\/wp-content\/uploads\/2021\/01\/tenda-per-camera-da-letto-elegante-in-puro-lino-torre-mozza-panna-250x188.jpg\" class=\"attachment-woocommerce_thumbnail size-woocommerce_thumbnail\" alt=\"TORRE MOZZA - Tende in Lino per Camera da Letto\" srcset=\"https:\/\/www.marinigerardi.it\/shop\/wp-content\/uploads\/2021\/01\/tenda-per-camera-da-letto-elegante-in-puro-lino-torre-mozza-panna-250x188.jpg 250w, https:\/\/www.marinigerardi.it\/shop\/wp-content\/uploads\/2021\/01\/tenda-per-camera-da-letto-elegante-in-puro-lino-torre-mozza-panna-600x450.jpg 600w, https:\/\/www.marinigerardi.it\/shop\/wp-content\/uploads\/2021\/01\/tenda-per-camera-da-letto-elegante-in-puro-lino-torre-mozza-panna-300x225.jpg.avif 300w, https:\/\/www.marinigerardi.it\/shop\/wp-content\/uploads\/2021\/01\/tenda-per-camera-da-letto-elegante-in-puro-lino-torre-mozza-panna-768x576.jpg.avif 768w, https:\/\/www.marinigerardi.it\/shop\/wp-content\/uploads\/2021\/01\/tenda-per-camera-da-letto-elegante-in-puro-lino-torre-mozza-panna.jpg.webp 1024w\" sizes=\"(max-width: 250px) 100vw, 250px\" \/>\t\t<\/a>\n\n\t\t\n\t\t<div class=\"wd-buttons wd-pos-r-t\">\n\t\t\t\t\t\t\t\t\t\t\t\t\t\t<\/div>\n\t<\/div>\n\n\t\t<div class=\"product-element-bottom\">\n\t\n\t\n\t<h3 class=\"wd-entities-title\"><a href=\"https:\/\/www.marinigerardi.it\/shop\/prodotto\/tende-in-lino-per-camera-da-letto-torre-mozza\/\">TORRE MOZZA &#8211; Tende in Lino per Camera da Letto<\/a><\/h3>\n\t\t\t\t\t\t<p class=\"wd-product-stock stock wd-style-default in-stock\">Disponibile<\/p>\n\t\t\n\t\n\t<span class=\"price\">295,00&nbsp;&euro;<\/span>\n\n\t<div class=\"wd-add-btn wd-add-btn-replace\">\n\t\t\n\t\t<a href=\"https:\/\/www.marinigerardi.it\/shop\/prodotto\/tende-in-lino-per-camera-da-letto-torre-mozza\/\" class=\"button product_type_simple add-to-cart-loop mg-detail-btn\"><span class=\"wd-action-icon\"><span class=\"wd-check-icon\"><\/span><\/span><span class=\"wd-action-text\">Vedi dettagli<\/span><\/a>\t<\/div>\n\n\t\n\t\n\t\t\t<\/div>\n\t<\/div>\n<\/div>\n<div class=\"wd-product wd-col wd-hover-standard product-grid-item product type-product post-67228 status-publish first instock product_cat-tende product_cat-tende-da-interni product_cat-tende-in-lino has-post-thumbnail taxable shipping-taxable purchasable product-type-simple\" data-loop=\"16\" data-id=\"67228\">\n\t\n<div class=\"wd-product-wrapper product-wrapper\">\n\t<div class=\"wd-product-thumb product-element-top wd-quick-shop\">\n\t\t<a href=\"https:\/\/www.marinigerardi.it\/shop\/prodotto\/tende-confezionate-altezza-3-metri\/\" class=\"wd-product-img-link product-image-link\" tabindex=\"-1\" aria-label=\"PORTA RUDIAE &#8211; Tende Confezionate Altezza 3 metri \/ 3.35 in Lino su misura\">\n\t\t\t\t\t<div class=\"wd-product-grid-slider wd-fill\">\n\t\t\t\t\t\t\t<div class=\"wd-product-grid-slide\" data-image-url=\"https:\/\/www.marinigerardi.it\/shop\/wp-content\/uploads\/2024\/05\/Tende-Confezionate-Altezza-3-metri-in-Lino-su-misura-250x188.jpg\" data-image-srcset=\"https:\/\/www.marinigerardi.it\/shop\/wp-content\/uploads\/2024\/05\/Tende-Confezionate-Altezza-3-metri-in-Lino-su-misura-250x188.jpg 250w, https:\/\/www.marinigerardi.it\/shop\/wp-content\/uploads\/2024\/05\/Tende-Confezionate-Altezza-3-metri-in-Lino-su-misura-600x450.jpg 600w, https:\/\/www.marinigerardi.it\/shop\/wp-content\/uploads\/2024\/05\/Tende-Confezionate-Altezza-3-metri-in-Lino-su-misura-300x225.jpg 300w, https:\/\/www.marinigerardi.it\/shop\/wp-content\/uploads\/2024\/05\/Tende-Confezionate-Altezza-3-metri-in-Lino-su-misura-768x576.jpg 768w, https:\/\/www.marinigerardi.it\/shop\/wp-content\/uploads\/2024\/05\/Tende-Confezionate-Altezza-3-metri-in-Lino-su-misura.jpg 1024w\" data-image-id=\"0\"><\/div>\n\t\t\t\t\t\t\t<div class=\"wd-product-grid-slide\" data-image-url=\"https:\/\/www.marinigerardi.it\/shop\/wp-content\/uploads\/2024\/05\/Tende-Confezionate-Altezza-3-metri-in-Lino-rosso-bordeaux-250x188.jpg\" data-image-srcset=\"https:\/\/www.marinigerardi.it\/shop\/wp-content\/uploads\/2024\/05\/Tende-Confezionate-Altezza-3-metri-in-Lino-rosso-bordeaux-250x188.jpg 250w, https:\/\/www.marinigerardi.it\/shop\/wp-content\/uploads\/2024\/05\/Tende-Confezionate-Altezza-3-metri-in-Lino-rosso-bordeaux-600x450.jpg 600w, https:\/\/www.marinigerardi.it\/shop\/wp-content\/uploads\/2024\/05\/Tende-Confezionate-Altezza-3-metri-in-Lino-rosso-bordeaux-300x225.jpg 300w, https:\/\/www.marinigerardi.it\/shop\/wp-content\/uploads\/2024\/05\/Tende-Confezionate-Altezza-3-metri-in-Lino-rosso-bordeaux-768x576.jpg 768w, https:\/\/www.marinigerardi.it\/shop\/wp-content\/uploads\/2024\/05\/Tende-Confezionate-Altezza-3-metri-in-Lino-rosso-bordeaux.jpg 1024w\" data-image-id=\"1\"><\/div>\n\t\t\t\t\t\t\t<div class=\"wd-product-grid-slide\" data-image-url=\"https:\/\/www.marinigerardi.it\/shop\/wp-content\/uploads\/2024\/05\/tessuto-per-tende-altezza-3-metri-in-Lino-arancio-a-fasce-250x188.jpg\" data-image-srcset=\"https:\/\/www.marinigerardi.it\/shop\/wp-content\/uploads\/2024\/05\/tessuto-per-tende-altezza-3-metri-in-Lino-arancio-a-fasce-250x188.jpg 250w, https:\/\/www.marinigerardi.it\/shop\/wp-content\/uploads\/2024\/05\/tessuto-per-tende-altezza-3-metri-in-Lino-arancio-a-fasce-600x450.jpg 600w, https:\/\/www.marinigerardi.it\/shop\/wp-content\/uploads\/2024\/05\/tessuto-per-tende-altezza-3-metri-in-Lino-arancio-a-fasce-300x225.jpg 300w, https:\/\/www.marinigerardi.it\/shop\/wp-content\/uploads\/2024\/05\/tessuto-per-tende-altezza-3-metri-in-Lino-arancio-a-fasce-768x576.jpg 768w, https:\/\/www.marinigerardi.it\/shop\/wp-content\/uploads\/2024\/05\/tessuto-per-tende-altezza-3-metri-in-Lino-arancio-a-fasce.jpg 1024w\" data-image-id=\"2\"><\/div>\n\t\t\t\t\t<\/div>\n\n\t\t\n\t\t\t\t\t\t\t<div class=\"wd-product-grid-slider-pagin\">\n\t\t\t\t\t\t\t<div data-image-id=\"0\" class=\"wd-product-grid-slider-dot\"><\/div>\n\t\t\t\t\t\t\t<div data-image-id=\"1\" class=\"wd-product-grid-slider-dot\"><\/div>\n\t\t\t\t\t\t\t<div data-image-id=\"2\" class=\"wd-product-grid-slider-dot\"><\/div>\n\t\t\t\t\t<\/div>\n\t\t\t\t\t\t<img decoding=\"async\" width=\"250\" height=\"188\" src=\"https:\/\/www.marinigerardi.it\/shop\/wp-content\/uploads\/2024\/05\/Tende-Confezionate-Altezza-3-metri-in-Lino-su-misura-250x188.jpg\" class=\"attachment-woocommerce_thumbnail size-woocommerce_thumbnail\" alt=\"Tende confezionate altezza 3 metri in lino su misura Rosso Barbera\" srcset=\"https:\/\/www.marinigerardi.it\/shop\/wp-content\/uploads\/2024\/05\/Tende-Confezionate-Altezza-3-metri-in-Lino-su-misura-250x188.jpg 250w, https:\/\/www.marinigerardi.it\/shop\/wp-content\/uploads\/2024\/05\/Tende-Confezionate-Altezza-3-metri-in-Lino-su-misura-600x450.jpg 600w, https:\/\/www.marinigerardi.it\/shop\/wp-content\/uploads\/2024\/05\/Tende-Confezionate-Altezza-3-metri-in-Lino-su-misura-300x225.jpg.avif 300w, https:\/\/www.marinigerardi.it\/shop\/wp-content\/uploads\/2024\/05\/Tende-Confezionate-Altezza-3-metri-in-Lino-su-misura-768x576.jpg.avif 768w, https:\/\/www.marinigerardi.it\/shop\/wp-content\/uploads\/2024\/05\/Tende-Confezionate-Altezza-3-metri-in-Lino-su-misura.jpg.webp 1024w\" sizes=\"(max-width: 250px) 100vw, 250px\" \/>\t\t<\/a>\n\n\t\t\n\t\t<div class=\"wd-buttons wd-pos-r-t\">\n\t\t\t\t\t\t\t\t\t\t\t\t\t\t<\/div>\n\t<\/div>\n\n\t\t<div class=\"product-element-bottom\">\n\t\n\t\n\t<h3 class=\"wd-entities-title\"><a href=\"https:\/\/www.marinigerardi.it\/shop\/prodotto\/tende-confezionate-altezza-3-metri\/\">PORTA RUDIAE &#8211; Tende Confezionate Altezza 3 metri \/ 3.35 in Lino su misura<\/a><\/h3>\n\t\t\t\t\t\t\n\t\t\t\t<div class=\"star-rating\" role=\"img\" aria-label=\"Valutato 5.00 su 5\">\n\t\t\t\t\t<span style=\"width:100%\">\n\t\t\tValutato <strong class=\"rating\">5.00<\/strong> su 5\t\t<\/span>\n\t\t\t\t<\/div>\n\n\t\t\n\t\t\t\t\t\t\t\t\t<p class=\"wd-product-stock stock wd-style-default in-stock\">Disponibile<\/p>\n\t\t\n\t\n\t<span class=\"price\">295,00&nbsp;&euro;<\/span>\n\n\t<div class=\"wd-add-btn wd-add-btn-replace\">\n\t\t\n\t\t<a href=\"https:\/\/www.marinigerardi.it\/shop\/prodotto\/tende-confezionate-altezza-3-metri\/\" class=\"button product_type_simple add-to-cart-loop mg-detail-btn\"><span class=\"wd-action-icon\"><span class=\"wd-check-icon\"><\/span><\/span><span class=\"wd-action-text\">Vedi dettagli<\/span><\/a>\t<\/div>\n\n\t\n\t\n\t\t\t<\/div>\n\t<\/div>\n<\/div>\n<div class=\"wd-product wd-col wd-hover-standard product-grid-item product type-product post-67537 status-publish last instock product_cat-tende-camera-da-letto product_cat-tende-in-lino has-post-thumbnail taxable shipping-taxable purchasable product-type-simple\" data-loop=\"17\" data-id=\"67537\">\n\t\n<div class=\"wd-product-wrapper product-wrapper\">\n\t<div class=\"wd-product-thumb product-element-top wd-quick-shop\">\n\t\t<a href=\"https:\/\/www.marinigerardi.it\/shop\/prodotto\/tende-per-porta-finestra-cucina-moderna\/\" class=\"wd-product-img-link product-image-link\" tabindex=\"-1\" aria-label=\"Don Carlos &#8211; Tende per Porta Finestra Cucina in lino Italiano\">\n\t\t\t\t\t<div class=\"wd-product-grid-slider wd-fill\">\n\t\t\t\t\t\t\t<div class=\"wd-product-grid-slide\" data-image-url=\"https:\/\/www.marinigerardi.it\/shop\/wp-content\/uploads\/2024\/05\/Tende-per-Porta-Finestra-Cucina-Moderna-in-lino-1-250x188.jpg\" data-image-srcset=\"https:\/\/www.marinigerardi.it\/shop\/wp-content\/uploads\/2024\/05\/Tende-per-Porta-Finestra-Cucina-Moderna-in-lino-1-250x188.jpg 250w, https:\/\/www.marinigerardi.it\/shop\/wp-content\/uploads\/2024\/05\/Tende-per-Porta-Finestra-Cucina-Moderna-in-lino-1-300x225.jpg 300w, https:\/\/www.marinigerardi.it\/shop\/wp-content\/uploads\/2024\/05\/Tende-per-Porta-Finestra-Cucina-Moderna-in-lino-1-768x576.jpg 768w, https:\/\/www.marinigerardi.it\/shop\/wp-content\/uploads\/2024\/05\/Tende-per-Porta-Finestra-Cucina-Moderna-in-lino-1-600x450.jpg 600w, https:\/\/www.marinigerardi.it\/shop\/wp-content\/uploads\/2024\/05\/Tende-per-Porta-Finestra-Cucina-Moderna-in-lino-1.jpg 1024w\" data-image-id=\"0\"><\/div>\n\t\t\t\t\t\t\t<div class=\"wd-product-grid-slide\" data-image-url=\"https:\/\/www.marinigerardi.it\/shop\/wp-content\/uploads\/2024\/05\/Tende-Porta-Finestra-Cucina-soggiorno-Moderna-in-lino-250x188.jpg\" data-image-srcset=\"https:\/\/www.marinigerardi.it\/shop\/wp-content\/uploads\/2024\/05\/Tende-Porta-Finestra-Cucina-soggiorno-Moderna-in-lino-250x188.jpg 250w, https:\/\/www.marinigerardi.it\/shop\/wp-content\/uploads\/2024\/05\/Tende-Porta-Finestra-Cucina-soggiorno-Moderna-in-lino-600x450.jpg 600w, https:\/\/www.marinigerardi.it\/shop\/wp-content\/uploads\/2024\/05\/Tende-Porta-Finestra-Cucina-soggiorno-Moderna-in-lino-300x225.jpg 300w, https:\/\/www.marinigerardi.it\/shop\/wp-content\/uploads\/2024\/05\/Tende-Porta-Finestra-Cucina-soggiorno-Moderna-in-lino-768x576.jpg 768w, https:\/\/www.marinigerardi.it\/shop\/wp-content\/uploads\/2024\/05\/Tende-Porta-Finestra-Cucina-soggiorno-Moderna-in-lino.jpg 1024w\" data-image-id=\"1\"><\/div>\n\t\t\t\t\t\t\t<div class=\"wd-product-grid-slide\" data-image-url=\"https:\/\/www.marinigerardi.it\/shop\/wp-content\/uploads\/2024\/05\/Tende-per-Porta-Finestra-Cucina-Moderna-250x188.jpg\" data-image-srcset=\"https:\/\/www.marinigerardi.it\/shop\/wp-content\/uploads\/2024\/05\/Tende-per-Porta-Finestra-Cucina-Moderna-250x188.jpg 250w, https:\/\/www.marinigerardi.it\/shop\/wp-content\/uploads\/2024\/05\/Tende-per-Porta-Finestra-Cucina-Moderna-600x450.jpg 600w, https:\/\/www.marinigerardi.it\/shop\/wp-content\/uploads\/2024\/05\/Tende-per-Porta-Finestra-Cucina-Moderna-300x225.jpg 300w, https:\/\/www.marinigerardi.it\/shop\/wp-content\/uploads\/2024\/05\/Tende-per-Porta-Finestra-Cucina-Moderna-768x576.jpg 768w, https:\/\/www.marinigerardi.it\/shop\/wp-content\/uploads\/2024\/05\/Tende-per-Porta-Finestra-Cucina-Moderna.jpg 1024w\" data-image-id=\"2\"><\/div>\n\t\t\t\t\t\t\t<div class=\"wd-product-grid-slide\" data-image-url=\"https:\/\/www.marinigerardi.it\/shop\/wp-content\/uploads\/2024\/05\/Tende-per-Porta-Finestra-Cucina-soggiorno-lino-blu.jpg-1-250x188.webp\" data-image-srcset=\"https:\/\/www.marinigerardi.it\/shop\/wp-content\/uploads\/2024\/05\/Tende-per-Porta-Finestra-Cucina-soggiorno-lino-blu.jpg-1-250x188.webp 250w, https:\/\/www.marinigerardi.it\/shop\/wp-content\/uploads\/2024\/05\/Tende-per-Porta-Finestra-Cucina-soggiorno-lino-blu.jpg-1-600x450.webp 600w, https:\/\/www.marinigerardi.it\/shop\/wp-content\/uploads\/2024\/05\/Tende-per-Porta-Finestra-Cucina-soggiorno-lino-blu.jpg-1-300x225.webp 300w, https:\/\/www.marinigerardi.it\/shop\/wp-content\/uploads\/2024\/05\/Tende-per-Porta-Finestra-Cucina-soggiorno-lino-blu.jpg-1-768x576.webp 768w, https:\/\/www.marinigerardi.it\/shop\/wp-content\/uploads\/2024\/05\/Tende-per-Porta-Finestra-Cucina-soggiorno-lino-blu.jpg-1.webp 1024w\" data-image-id=\"3\"><\/div>\n\t\t\t\t\t\t\t<div class=\"wd-product-grid-slide\" data-image-url=\"https:\/\/www.marinigerardi.it\/shop\/wp-content\/uploads\/2024\/05\/Tende-per-Porta-Finestra-Cucina-soggiorno-Moderna-lino-blu.jpg-1-250x188.webp\" data-image-srcset=\"https:\/\/www.marinigerardi.it\/shop\/wp-content\/uploads\/2024\/05\/Tende-per-Porta-Finestra-Cucina-soggiorno-Moderna-lino-blu.jpg-1-250x188.webp 250w, https:\/\/www.marinigerardi.it\/shop\/wp-content\/uploads\/2024\/05\/Tende-per-Porta-Finestra-Cucina-soggiorno-Moderna-lino-blu.jpg-1-600x450.webp 600w, https:\/\/www.marinigerardi.it\/shop\/wp-content\/uploads\/2024\/05\/Tende-per-Porta-Finestra-Cucina-soggiorno-Moderna-lino-blu.jpg-1-300x225.webp 300w, https:\/\/www.marinigerardi.it\/shop\/wp-content\/uploads\/2024\/05\/Tende-per-Porta-Finestra-Cucina-soggiorno-Moderna-lino-blu.jpg-1-768x576.webp 768w, https:\/\/www.marinigerardi.it\/shop\/wp-content\/uploads\/2024\/05\/Tende-per-Porta-Finestra-Cucina-soggiorno-Moderna-lino-blu.jpg-1.webp 1024w\" data-image-id=\"4\"><\/div>\n\t\t\t\t\t<\/div>\n\n\t\t\n\t\t\t\t\t\t\t<div class=\"wd-product-grid-slider-pagin\">\n\t\t\t\t\t\t\t<div data-image-id=\"0\" class=\"wd-product-grid-slider-dot\"><\/div>\n\t\t\t\t\t\t\t<div data-image-id=\"1\" class=\"wd-product-grid-slider-dot\"><\/div>\n\t\t\t\t\t\t\t<div data-image-id=\"2\" class=\"wd-product-grid-slider-dot\"><\/div>\n\t\t\t\t\t\t\t<div data-image-id=\"3\" class=\"wd-product-grid-slider-dot\"><\/div>\n\t\t\t\t\t\t\t<div data-image-id=\"4\" class=\"wd-product-grid-slider-dot\"><\/div>\n\t\t\t\t\t<\/div>\n\t\t\t\t\t\t<img decoding=\"async\" width=\"250\" height=\"188\" src=\"https:\/\/www.marinigerardi.it\/shop\/wp-content\/uploads\/2024\/05\/Tende-per-Porta-Finestra-Cucina-Moderna-in-lino-1-250x188.jpg.avif\" class=\"attachment-woocommerce_thumbnail size-woocommerce_thumbnail\" alt=\"Tende per porta finestra cucina moderna in lino\" srcset=\"https:\/\/www.marinigerardi.it\/shop\/wp-content\/uploads\/2024\/05\/Tende-per-Porta-Finestra-Cucina-Moderna-in-lino-1-250x188.jpg.avif 250w, https:\/\/www.marinigerardi.it\/shop\/wp-content\/uploads\/2024\/05\/Tende-per-Porta-Finestra-Cucina-Moderna-in-lino-1-300x225.jpg.avif 300w, https:\/\/www.marinigerardi.it\/shop\/wp-content\/uploads\/2024\/05\/Tende-per-Porta-Finestra-Cucina-Moderna-in-lino-1-768x576.jpg.avif 768w, https:\/\/www.marinigerardi.it\/shop\/wp-content\/uploads\/2024\/05\/Tende-per-Porta-Finestra-Cucina-Moderna-in-lino-1-600x450.jpg.avif 600w, https:\/\/www.marinigerardi.it\/shop\/wp-content\/uploads\/2024\/05\/Tende-per-Porta-Finestra-Cucina-Moderna-in-lino-1.jpg.avif 1024w\" sizes=\"(max-width: 250px) 100vw, 250px\" \/>\t\t<\/a>\n\n\t\t\n\t\t<div class=\"wd-buttons wd-pos-r-t\">\n\t\t\t\t\t\t\t\t\t\t\t\t\t\t<\/div>\n\t<\/div>\n\n\t\t<div class=\"product-element-bottom\">\n\t\n\t\n\t<h3 class=\"wd-entities-title\"><a href=\"https:\/\/www.marinigerardi.it\/shop\/prodotto\/tende-per-porta-finestra-cucina-moderna\/\">Don Carlos &#8211; Tende per Porta Finestra Cucina in lino Italiano<\/a><\/h3>\n\t\t\t\t\t\t\n\t\t\t\t<div class=\"star-rating\" role=\"img\" aria-label=\"Valutato 5.00 su 5\">\n\t\t\t\t\t<span style=\"width:100%\">\n\t\t\tValutato <strong class=\"rating\">5.00<\/strong> su 5\t\t<\/span>\n\t\t\t\t<\/div>\n\n\t\t\n\t\t\t\t\t\t\t\t\t<p class=\"wd-product-stock stock wd-style-default in-stock\">Disponibile<\/p>\n\t\t\n\t\n\t<span class=\"price\">135,00&nbsp;&euro;<\/span>\n\n\t<div class=\"wd-add-btn wd-add-btn-replace\">\n\t\t\n\t\t<a href=\"https:\/\/www.marinigerardi.it\/shop\/prodotto\/tende-per-porta-finestra-cucina-moderna\/\" class=\"button product_type_simple add-to-cart-loop mg-detail-btn\"><span class=\"wd-action-icon\"><span class=\"wd-check-icon\"><\/span><\/span><span class=\"wd-action-text\">Vedi dettagli<\/span><\/a>\t<\/div>\n\n\t\n\t\n\t\t\t<\/div>\n\t<\/div>\n<\/div>\n<div class=\"wd-product wd-col wd-hover-standard product-grid-item product type-product post-57375 status-publish first instock product_cat-tende-in-lino has-post-thumbnail taxable shipping-taxable purchasable product-type-simple\" data-loop=\"18\" data-id=\"57375\">\n\t\n<div class=\"wd-product-wrapper product-wrapper\">\n\t<div class=\"wd-product-thumb product-element-top wd-quick-shop\">\n\t\t<a href=\"https:\/\/www.marinigerardi.it\/shop\/prodotto\/tende-da-sala-moderne\/\" class=\"wd-product-img-link product-image-link\" tabindex=\"-1\" aria-label=\"LA FRANCESINA &#8211; Tende da Sala Moderne in Lino Delav\u00e8\">\n\t\t\t\t\t<div class=\"wd-product-grid-slider wd-fill\">\n\t\t\t\t\t\t\t<div class=\"wd-product-grid-slide\" data-image-url=\"https:\/\/www.marinigerardi.it\/shop\/wp-content\/uploads\/2023\/03\/Tende-da-Sala-Moderna-di-Lino-grigio-salvia-perla--250x188.webp\" data-image-srcset=\"https:\/\/www.marinigerardi.it\/shop\/wp-content\/uploads\/2023\/03\/Tende-da-Sala-Moderna-di-Lino-grigio-salvia-perla--250x188.webp 250w, https:\/\/www.marinigerardi.it\/shop\/wp-content\/uploads\/2023\/03\/Tende-da-Sala-Moderna-di-Lino-grigio-salvia-perla--600x450.webp 600w, https:\/\/www.marinigerardi.it\/shop\/wp-content\/uploads\/2023\/03\/Tende-da-Sala-Moderna-di-Lino-grigio-salvia-perla--300x225.webp 300w, https:\/\/www.marinigerardi.it\/shop\/wp-content\/uploads\/2023\/03\/Tende-da-Sala-Moderna-di-Lino-grigio-salvia-perla--768x576.webp 768w, https:\/\/www.marinigerardi.it\/shop\/wp-content\/uploads\/2023\/03\/Tende-da-Sala-Moderna-di-Lino-grigio-salvia-perla-.webp 1024w\" data-image-id=\"0\"><\/div>\n\t\t\t\t\t\t\t<div class=\"wd-product-grid-slide\" data-image-url=\"https:\/\/www.marinigerardi.it\/shop\/wp-content\/uploads\/2023\/03\/Tende-da-Salone-Moderna-in-Lino-grigio-salvia--250x188.webp\" data-image-srcset=\"https:\/\/www.marinigerardi.it\/shop\/wp-content\/uploads\/2023\/03\/Tende-da-Salone-Moderna-in-Lino-grigio-salvia--250x188.webp 250w, https:\/\/www.marinigerardi.it\/shop\/wp-content\/uploads\/2023\/03\/Tende-da-Salone-Moderna-in-Lino-grigio-salvia--600x450.webp 600w, https:\/\/www.marinigerardi.it\/shop\/wp-content\/uploads\/2023\/03\/Tende-da-Salone-Moderna-in-Lino-grigio-salvia--300x225.webp 300w, https:\/\/www.marinigerardi.it\/shop\/wp-content\/uploads\/2023\/03\/Tende-da-Salone-Moderna-in-Lino-grigio-salvia--768x576.webp 768w, https:\/\/www.marinigerardi.it\/shop\/wp-content\/uploads\/2023\/03\/Tende-da-Salone-Moderna-in-Lino-grigio-salvia-.webp 1024w\" data-image-id=\"1\"><\/div>\n\t\t\t\t\t\t\t<div class=\"wd-product-grid-slide\" data-image-url=\"https:\/\/www.marinigerardi.it\/shop\/wp-content\/uploads\/2023\/03\/tessuto-Tende-da-Sala-Moderna-in-Lino-grigio-salvia-250x188.webp\" data-image-srcset=\"https:\/\/www.marinigerardi.it\/shop\/wp-content\/uploads\/2023\/03\/tessuto-Tende-da-Sala-Moderna-in-Lino-grigio-salvia-250x188.webp 250w, https:\/\/www.marinigerardi.it\/shop\/wp-content\/uploads\/2023\/03\/tessuto-Tende-da-Sala-Moderna-in-Lino-grigio-salvia-600x450.webp 600w, https:\/\/www.marinigerardi.it\/shop\/wp-content\/uploads\/2023\/03\/tessuto-Tende-da-Sala-Moderna-in-Lino-grigio-salvia-300x225.webp 300w, https:\/\/www.marinigerardi.it\/shop\/wp-content\/uploads\/2023\/03\/tessuto-Tende-da-Sala-Moderna-in-Lino-grigio-salvia-768x576.webp 768w, https:\/\/www.marinigerardi.it\/shop\/wp-content\/uploads\/2023\/03\/tessuto-Tende-da-Sala-Moderna-in-Lino-grigio-salvia.webp 1024w\" data-image-id=\"2\"><\/div>\n\t\t\t\t\t<\/div>\n\n\t\t\n\t\t\t\t\t\t\t<div class=\"wd-product-grid-slider-pagin\">\n\t\t\t\t\t\t\t<div data-image-id=\"0\" class=\"wd-product-grid-slider-dot\"><\/div>\n\t\t\t\t\t\t\t<div data-image-id=\"1\" class=\"wd-product-grid-slider-dot\"><\/div>\n\t\t\t\t\t\t\t<div data-image-id=\"2\" class=\"wd-product-grid-slider-dot\"><\/div>\n\t\t\t\t\t<\/div>\n\t\t\t\t\t\t<img decoding=\"async\" width=\"250\" height=\"188\" src=\"https:\/\/www.marinigerardi.it\/shop\/wp-content\/uploads\/2023\/03\/Tende-da-Sala-Moderna-di-Lino-grigio-salvia-perla--250x188.webp\" class=\"attachment-woocommerce_thumbnail size-woocommerce_thumbnail\" alt=\"LA FRANCESINA - Tende da Sala Moderne in Lino Delav\u00e8\" srcset=\"https:\/\/www.marinigerardi.it\/shop\/wp-content\/uploads\/2023\/03\/Tende-da-Sala-Moderna-di-Lino-grigio-salvia-perla--250x188.webp 250w, https:\/\/www.marinigerardi.it\/shop\/wp-content\/uploads\/2023\/03\/Tende-da-Sala-Moderna-di-Lino-grigio-salvia-perla--600x450.webp 600w, https:\/\/www.marinigerardi.it\/shop\/wp-content\/uploads\/2023\/03\/Tende-da-Sala-Moderna-di-Lino-grigio-salvia-perla--300x225.webp 300w, https:\/\/www.marinigerardi.it\/shop\/wp-content\/uploads\/2023\/03\/Tende-da-Sala-Moderna-di-Lino-grigio-salvia-perla--768x576.webp 768w, https:\/\/www.marinigerardi.it\/shop\/wp-content\/uploads\/2023\/03\/Tende-da-Sala-Moderna-di-Lino-grigio-salvia-perla-.webp 1024w\" sizes=\"(max-width: 250px) 100vw, 250px\" \/>\t\t<\/a>\n\n\t\t\t\t\t<div class=\"product-labels labels-rectangular\">\n\t\t\t\t<span class=\"new product-label wd-shape-rect-sm\">Nuovo<\/span>\t\t\t<\/div>\n\t\t\t\n\t\t<div class=\"wd-buttons wd-pos-r-t\">\n\t\t\t\t\t\t\t\t\t\t\t\t\t\t<\/div>\n\t<\/div>\n\n\t\t<div class=\"product-element-bottom\">\n\t\n\t\n\t<h3 class=\"wd-entities-title\"><a href=\"https:\/\/www.marinigerardi.it\/shop\/prodotto\/tende-da-sala-moderne\/\">LA FRANCESINA &#8211; Tende da Sala Moderne in Lino Delav\u00e8<\/a><\/h3>\n\t\t\t\t\t\t<p class=\"wd-product-stock stock wd-style-default in-stock\">Disponibile<\/p>\n\t\t\n\t\n\t<span class=\"price\">179,00&nbsp;&euro;<\/span>\n\n\t<div class=\"wd-add-btn wd-add-btn-replace\">\n\t\t\n\t\t<a href=\"https:\/\/www.marinigerardi.it\/shop\/prodotto\/tende-da-sala-moderne\/\" class=\"button product_type_simple add-to-cart-loop mg-detail-btn\"><span class=\"wd-action-icon\"><span class=\"wd-check-icon\"><\/span><\/span><span class=\"wd-action-text\">Vedi dettagli<\/span><\/a>\t<\/div>\n\n\t\n\t\n\t\t\t<\/div>\n\t<\/div>\n<\/div>\n<div class=\"wd-product wd-col wd-hover-standard product-grid-item product type-product post-36682 status-publish last instock product_cat-tende-shabby-chic product_cat-tende-in-lino has-post-thumbnail taxable shipping-taxable purchasable product-type-simple\" data-loop=\"19\" data-id=\"36682\">\n\t\n<div class=\"wd-product-wrapper product-wrapper\">\n\t<div class=\"wd-product-thumb product-element-top wd-quick-shop\">\n\t\t<a href=\"https:\/\/www.marinigerardi.it\/shop\/prodotto\/marakech-tende-design-soggiorno-moderno-in-lino\/\" class=\"wd-product-img-link product-image-link\" tabindex=\"-1\" aria-label=\"Tende Design Soggiorno Moderno collezione MARRAKECH\">\n\t\t\t\t\t<div class=\"wd-product-grid-slider wd-fill\">\n\t\t\t\t\t\t\t<div class=\"wd-product-grid-slide\" data-image-url=\"https:\/\/www.marinigerardi.it\/shop\/wp-content\/uploads\/2022\/05\/tende-oscuranti-design-moderno-soggiorno-in-lino-grigio-250x188.jpg\" data-image-srcset=\"https:\/\/www.marinigerardi.it\/shop\/wp-content\/uploads\/2022\/05\/tende-oscuranti-design-moderno-soggiorno-in-lino-grigio-250x188.jpg 250w, https:\/\/www.marinigerardi.it\/shop\/wp-content\/uploads\/2022\/05\/tende-oscuranti-design-moderno-soggiorno-in-lino-grigio-300x225.jpg 300w, https:\/\/www.marinigerardi.it\/shop\/wp-content\/uploads\/2022\/05\/tende-oscuranti-design-moderno-soggiorno-in-lino-grigio-768x576.jpg 768w, https:\/\/www.marinigerardi.it\/shop\/wp-content\/uploads\/2022\/05\/tende-oscuranti-design-moderno-soggiorno-in-lino-grigio-600x450.jpg 600w, https:\/\/www.marinigerardi.it\/shop\/wp-content\/uploads\/2022\/05\/tende-oscuranti-design-moderno-soggiorno-in-lino-grigio.jpg 1024w\" data-image-id=\"0\"><\/div>\n\t\t\t\t\t\t\t<div class=\"wd-product-grid-slide\" data-image-url=\"https:\/\/www.marinigerardi.it\/shop\/wp-content\/uploads\/2022\/05\/tende-moderne-soggiorno-design-in-lino-grigio-250x188.jpg\" data-image-srcset=\"https:\/\/www.marinigerardi.it\/shop\/wp-content\/uploads\/2022\/05\/tende-moderne-soggiorno-design-in-lino-grigio-250x188.jpg 250w, https:\/\/www.marinigerardi.it\/shop\/wp-content\/uploads\/2022\/05\/tende-moderne-soggiorno-design-in-lino-grigio-600x450.jpg 600w, https:\/\/www.marinigerardi.it\/shop\/wp-content\/uploads\/2022\/05\/tende-moderne-soggiorno-design-in-lino-grigio-300x225.jpg 300w, https:\/\/www.marinigerardi.it\/shop\/wp-content\/uploads\/2022\/05\/tende-moderne-soggiorno-design-in-lino-grigio-768x576.jpg 768w, https:\/\/www.marinigerardi.it\/shop\/wp-content\/uploads\/2022\/05\/tende-moderne-soggiorno-design-in-lino-grigio.jpg 1024w\" data-image-id=\"1\"><\/div>\n\t\t\t\t\t\t\t<div class=\"wd-product-grid-slide\" data-image-url=\"https:\/\/www.marinigerardi.it\/shop\/wp-content\/uploads\/2022\/05\/tende-moderne-design-soggiorno-in-lino-grigio-250x188.jpg\" data-image-srcset=\"https:\/\/www.marinigerardi.it\/shop\/wp-content\/uploads\/2022\/05\/tende-moderne-design-soggiorno-in-lino-grigio-250x188.jpg 250w, https:\/\/www.marinigerardi.it\/shop\/wp-content\/uploads\/2022\/05\/tende-moderne-design-soggiorno-in-lino-grigio-600x450.jpg 600w, https:\/\/www.marinigerardi.it\/shop\/wp-content\/uploads\/2022\/05\/tende-moderne-design-soggiorno-in-lino-grigio-300x225.jpg 300w, https:\/\/www.marinigerardi.it\/shop\/wp-content\/uploads\/2022\/05\/tende-moderne-design-soggiorno-in-lino-grigio-768x576.jpg 768w, https:\/\/www.marinigerardi.it\/shop\/wp-content\/uploads\/2022\/05\/tende-moderne-design-soggiorno-in-lino-grigio.jpg 1024w\" data-image-id=\"2\"><\/div>\n\t\t\t\t\t<\/div>\n\n\t\t\n\t\t\t\t\t\t\t<div class=\"wd-product-grid-slider-pagin\">\n\t\t\t\t\t\t\t<div data-image-id=\"0\" class=\"wd-product-grid-slider-dot\"><\/div>\n\t\t\t\t\t\t\t<div data-image-id=\"1\" class=\"wd-product-grid-slider-dot\"><\/div>\n\t\t\t\t\t\t\t<div data-image-id=\"2\" class=\"wd-product-grid-slider-dot\"><\/div>\n\t\t\t\t\t<\/div>\n\t\t\t\t\t\t<img decoding=\"async\" width=\"250\" height=\"188\" src=\"https:\/\/www.marinigerardi.it\/shop\/wp-content\/uploads\/2022\/05\/tende-oscuranti-design-moderno-soggiorno-in-lino-grigio-250x188.jpg.avif\" class=\"attachment-woocommerce_thumbnail size-woocommerce_thumbnail\" alt=\"Tende Design Soggiorno Moderno in lino grigio MARRAKECH\" srcset=\"https:\/\/www.marinigerardi.it\/shop\/wp-content\/uploads\/2022\/05\/tende-oscuranti-design-moderno-soggiorno-in-lino-grigio-250x188.jpg.avif 250w, https:\/\/www.marinigerardi.it\/shop\/wp-content\/uploads\/2022\/05\/tende-oscuranti-design-moderno-soggiorno-in-lino-grigio-300x225.jpg.avif 300w, https:\/\/www.marinigerardi.it\/shop\/wp-content\/uploads\/2022\/05\/tende-oscuranti-design-moderno-soggiorno-in-lino-grigio-768x576.jpg.avif 768w, https:\/\/www.marinigerardi.it\/shop\/wp-content\/uploads\/2022\/05\/tende-oscuranti-design-moderno-soggiorno-in-lino-grigio-600x450.jpg.avif 600w, https:\/\/www.marinigerardi.it\/shop\/wp-content\/uploads\/2022\/05\/tende-oscuranti-design-moderno-soggiorno-in-lino-grigio.jpg.avif 1024w\" sizes=\"(max-width: 250px) 100vw, 250px\" \/>\t\t<\/a>\n\n\t\t\t\t\t<div class=\"product-labels labels-rectangular\">\n\t\t\t\t<span class=\"new product-label wd-shape-rect-sm\">Nuovo<\/span>\t\t\t<\/div>\n\t\t\t\n\t\t<div class=\"wd-buttons wd-pos-r-t\">\n\t\t\t\t\t\t\t\t\t\t\t\t\t\t<\/div>\n\t<\/div>\n\n\t\t<div class=\"product-element-bottom\">\n\t\n\t\n\t<h3 class=\"wd-entities-title\"><a href=\"https:\/\/www.marinigerardi.it\/shop\/prodotto\/marakech-tende-design-soggiorno-moderno-in-lino\/\">Tende Design Soggiorno Moderno collezione MARRAKECH<\/a><\/h3>\n\t\t\t\t\t\t\n\t\t\t\t<div class=\"star-rating\" role=\"img\" aria-label=\"Valutato 5.00 su 5\">\n\t\t\t\t\t<span style=\"width:100%\">\n\t\t\tValutato <strong class=\"rating\">5.00<\/strong> su 5\t\t<\/span>\n\t\t\t\t<\/div>\n\n\t\t\n\t\t\t\t\t\t\t\t\t<p class=\"wd-product-stock stock wd-style-default in-stock\">Disponibile<\/p>\n\t\t\n\t\n\t<span class=\"price\">159,00&nbsp;&euro;<\/span>\n\n\t<div class=\"wd-add-btn wd-add-btn-replace\">\n\t\t\n\t\t<a href=\"https:\/\/www.marinigerardi.it\/shop\/prodotto\/marakech-tende-design-soggiorno-moderno-in-lino\/\" class=\"button product_type_simple add-to-cart-loop mg-detail-btn\"><span class=\"wd-action-icon\"><span class=\"wd-check-icon\"><\/span><\/span><span class=\"wd-action-text\">Vedi dettagli<\/span><\/a>\t<\/div>\n\n\t\n\t\n\t\t\t<\/div>\n\t<\/div>\n<\/div>\n<div class=\"wd-product wd-col wd-hover-standard product-grid-item product type-product post-65071 status-publish first instock product_cat-tende-shabby-chic product_cat-tende-in-lino has-post-thumbnail taxable shipping-taxable purchasable product-type-simple\" data-loop=\"20\" data-id=\"65071\">\n\t\n<div class=\"wd-product-wrapper product-wrapper\">\n\t<div class=\"wd-product-thumb product-element-top wd-quick-shop\">\n\t\t<a href=\"https:\/\/www.marinigerardi.it\/shop\/prodotto\/tende-stile-country-chic\/\" class=\"wd-product-img-link product-image-link\" tabindex=\"-1\" aria-label=\"Tende Stile Country Chic in Lino Tinta Unita collezione Mediterraneo\">\n\t\t\t\t\t<div class=\"wd-product-grid-slider wd-fill\">\n\t\t\t\t\t\t\t<div class=\"wd-product-grid-slide\" data-image-url=\"https:\/\/www.marinigerardi.it\/shop\/wp-content\/uploads\/2023\/10\/Tende-shabby-Chic-in-lino-pistacchio-design-viola-250x188.jpg\" data-image-srcset=\"https:\/\/www.marinigerardi.it\/shop\/wp-content\/uploads\/2023\/10\/Tende-shabby-Chic-in-lino-pistacchio-design-viola-250x188.jpg 250w, https:\/\/www.marinigerardi.it\/shop\/wp-content\/uploads\/2023\/10\/Tende-shabby-Chic-in-lino-pistacchio-design-viola-600x450.jpg 600w, https:\/\/www.marinigerardi.it\/shop\/wp-content\/uploads\/2023\/10\/Tende-shabby-Chic-in-lino-pistacchio-design-viola-300x225.jpg 300w, https:\/\/www.marinigerardi.it\/shop\/wp-content\/uploads\/2023\/10\/Tende-shabby-Chic-in-lino-pistacchio-design-viola-768x576.jpg 768w, https:\/\/www.marinigerardi.it\/shop\/wp-content\/uploads\/2023\/10\/Tende-shabby-Chic-in-lino-pistacchio-design-viola.jpg 1024w\" data-image-id=\"0\"><\/div>\n\t\t\t\t\t\t\t<div class=\"wd-product-grid-slide\" data-image-url=\"https:\/\/www.marinigerardi.it\/shop\/wp-content\/uploads\/2023\/10\/Tende-Stile-Country-Chic-mediterraneo-design-originale-250x188.jpg\" data-image-srcset=\"https:\/\/www.marinigerardi.it\/shop\/wp-content\/uploads\/2023\/10\/Tende-Stile-Country-Chic-mediterraneo-design-originale-250x188.jpg 250w, https:\/\/www.marinigerardi.it\/shop\/wp-content\/uploads\/2023\/10\/Tende-Stile-Country-Chic-mediterraneo-design-originale-600x450.jpg 600w, https:\/\/www.marinigerardi.it\/shop\/wp-content\/uploads\/2023\/10\/Tende-Stile-Country-Chic-mediterraneo-design-originale-300x225.jpg 300w, https:\/\/www.marinigerardi.it\/shop\/wp-content\/uploads\/2023\/10\/Tende-Stile-Country-Chic-mediterraneo-design-originale-768x576.jpg 768w, https:\/\/www.marinigerardi.it\/shop\/wp-content\/uploads\/2023\/10\/Tende-Stile-Country-Chic-mediterraneo-design-originale.jpg 1024w\" data-image-id=\"1\"><\/div>\n\t\t\t\t\t\t\t<div class=\"wd-product-grid-slide\" data-image-url=\"https:\/\/www.marinigerardi.it\/shop\/wp-content\/uploads\/2023\/10\/Tende-Stile-Country-Chic-in-Lino-verde-con-anelli-250x188.jpg\" data-image-srcset=\"https:\/\/www.marinigerardi.it\/shop\/wp-content\/uploads\/2023\/10\/Tende-Stile-Country-Chic-in-Lino-verde-con-anelli-250x188.jpg 250w, https:\/\/www.marinigerardi.it\/shop\/wp-content\/uploads\/2023\/10\/Tende-Stile-Country-Chic-in-Lino-verde-con-anelli-600x450.jpg 600w, https:\/\/www.marinigerardi.it\/shop\/wp-content\/uploads\/2023\/10\/Tende-Stile-Country-Chic-in-Lino-verde-con-anelli-300x225.jpg 300w, https:\/\/www.marinigerardi.it\/shop\/wp-content\/uploads\/2023\/10\/Tende-Stile-Country-Chic-in-Lino-verde-con-anelli-768x576.jpg 768w, https:\/\/www.marinigerardi.it\/shop\/wp-content\/uploads\/2023\/10\/Tende-Stile-Country-Chic-in-Lino-verde-con-anelli.jpg 1024w\" data-image-id=\"2\"><\/div>\n\t\t\t\t\t<\/div>\n\n\t\t\n\t\t\t\t\t\t\t<div class=\"wd-product-grid-slider-pagin\">\n\t\t\t\t\t\t\t<div data-image-id=\"0\" class=\"wd-product-grid-slider-dot\"><\/div>\n\t\t\t\t\t\t\t<div data-image-id=\"1\" class=\"wd-product-grid-slider-dot\"><\/div>\n\t\t\t\t\t\t\t<div data-image-id=\"2\" class=\"wd-product-grid-slider-dot\"><\/div>\n\t\t\t\t\t<\/div>\n\t\t\t\t\t\t<img decoding=\"async\" width=\"250\" height=\"188\" src=\"https:\/\/www.marinigerardi.it\/shop\/wp-content\/uploads\/2023\/10\/Tende-shabby-Chic-in-lino-pistacchio-design-viola-250x188.jpg\" class=\"attachment-woocommerce_thumbnail size-woocommerce_thumbnail\" alt=\"Tende shabby chic in lino pistacchio design viola\" srcset=\"https:\/\/www.marinigerardi.it\/shop\/wp-content\/uploads\/2023\/10\/Tende-shabby-Chic-in-lino-pistacchio-design-viola-250x188.jpg 250w, https:\/\/www.marinigerardi.it\/shop\/wp-content\/uploads\/2023\/10\/Tende-shabby-Chic-in-lino-pistacchio-design-viola-600x450.jpg 600w, https:\/\/www.marinigerardi.it\/shop\/wp-content\/uploads\/2023\/10\/Tende-shabby-Chic-in-lino-pistacchio-design-viola-300x225.jpg.avif 300w, https:\/\/www.marinigerardi.it\/shop\/wp-content\/uploads\/2023\/10\/Tende-shabby-Chic-in-lino-pistacchio-design-viola-768x576.jpg.avif 768w, https:\/\/www.marinigerardi.it\/shop\/wp-content\/uploads\/2023\/10\/Tende-shabby-Chic-in-lino-pistacchio-design-viola.jpg.webp 1024w\" sizes=\"(max-width: 250px) 100vw, 250px\" \/>\t\t<\/a>\n\n\t\t\n\t\t<div class=\"wd-buttons wd-pos-r-t\">\n\t\t\t\t\t\t\t\t\t\t\t\t\t\t<\/div>\n\t<\/div>\n\n\t\t<div class=\"product-element-bottom\">\n\t\n\t\n\t<h3 class=\"wd-entities-title\"><a href=\"https:\/\/www.marinigerardi.it\/shop\/prodotto\/tende-stile-country-chic\/\">Tende Stile Country Chic in Lino Tinta Unita collezione Mediterraneo<\/a><\/h3>\n\t\t\t\t\t\t<p class=\"wd-product-stock stock wd-style-default in-stock\">Disponibile<\/p>\n\t\t\n\t\n\t<span class=\"price\">155,00&nbsp;&euro;<\/span>\n\n\t<div class=\"wd-add-btn wd-add-btn-replace\">\n\t\t\n\t\t<a href=\"https:\/\/www.marinigerardi.it\/shop\/prodotto\/tende-stile-country-chic\/\" class=\"button product_type_simple add-to-cart-loop mg-detail-btn\"><span class=\"wd-action-icon\"><span class=\"wd-check-icon\"><\/span><\/span><span class=\"wd-action-text\">Vedi dettagli<\/span><\/a>\t<\/div>\n\n\t\n\t\n\t\t\t<\/div>\n\t<\/div>\n<\/div>\n<div class=\"wd-product wd-col wd-hover-standard product-grid-item product type-product post-66583 status-publish last instock product_cat-tende-in-lino product_cat-tende-da-interni product_cat-tende-di-lino product_cat-tende-interni product_cat-tende-lino product_cat-tende-moderne product_cat-tende-su-misura product_tag-tende product_tag-tende-di-lino product_tag-tende-di-lino-moderne product_tag-tende-in-lino product_tag-tende-moderne product_tag-tende-soggiorno has-post-thumbnail taxable shipping-taxable purchasable product-type-simple\" data-loop=\"21\" data-id=\"66583\">\n\t\n<div class=\"wd-product-wrapper product-wrapper\">\n\t<div class=\"wd-product-thumb product-element-top wd-quick-shop\">\n\t\t<a href=\"https:\/\/www.marinigerardi.it\/shop\/prodotto\/modelli-di-tende-per-soggiorno\/\" class=\"wd-product-img-link product-image-link\" tabindex=\"-1\" aria-label=\"ARMONIA Modelli di Tende per Soggiorno in Lino Dipinto a Mano per ambienti Luminosi\">\n\t\t\t\t\t<div class=\"wd-product-grid-slider wd-fill\">\n\t\t\t\t\t\t\t<div class=\"wd-product-grid-slide\" data-image-url=\"https:\/\/www.marinigerardi.it\/shop\/wp-content\/uploads\/2024\/03\/Modelli-di-Tende-per-Soggiorno-eleganti-dalla-bellezza-inimitabile-250x188.jpg\" data-image-srcset=\"https:\/\/www.marinigerardi.it\/shop\/wp-content\/uploads\/2024\/03\/Modelli-di-Tende-per-Soggiorno-eleganti-dalla-bellezza-inimitabile-250x188.jpg 250w, https:\/\/www.marinigerardi.it\/shop\/wp-content\/uploads\/2024\/03\/Modelli-di-Tende-per-Soggiorno-eleganti-dalla-bellezza-inimitabile-600x450.jpg 600w, https:\/\/www.marinigerardi.it\/shop\/wp-content\/uploads\/2024\/03\/Modelli-di-Tende-per-Soggiorno-eleganti-dalla-bellezza-inimitabile-300x225.jpg 300w, https:\/\/www.marinigerardi.it\/shop\/wp-content\/uploads\/2024\/03\/Modelli-di-Tende-per-Soggiorno-eleganti-dalla-bellezza-inimitabile-768x576.jpg 768w, https:\/\/www.marinigerardi.it\/shop\/wp-content\/uploads\/2024\/03\/Modelli-di-Tende-per-Soggiorno-eleganti-dalla-bellezza-inimitabile.jpg 1024w\" data-image-id=\"0\"><\/div>\n\t\t\t\t\t\t\t<div class=\"wd-product-grid-slide\" data-image-url=\"https:\/\/www.marinigerardi.it\/shop\/wp-content\/uploads\/2024\/03\/Tende-per-Soggiorno-bianche-in-Lino-con-clips-metalliche-250x188.jpg\" data-image-srcset=\"https:\/\/www.marinigerardi.it\/shop\/wp-content\/uploads\/2024\/03\/Tende-per-Soggiorno-bianche-in-Lino-con-clips-metalliche-250x188.jpg 250w, https:\/\/www.marinigerardi.it\/shop\/wp-content\/uploads\/2024\/03\/Tende-per-Soggiorno-bianche-in-Lino-con-clips-metalliche-600x450.jpg 600w, https:\/\/www.marinigerardi.it\/shop\/wp-content\/uploads\/2024\/03\/Tende-per-Soggiorno-bianche-in-Lino-con-clips-metalliche-300x225.jpg 300w, https:\/\/www.marinigerardi.it\/shop\/wp-content\/uploads\/2024\/03\/Tende-per-Soggiorno-bianche-in-Lino-con-clips-metalliche-768x576.jpg 768w, https:\/\/www.marinigerardi.it\/shop\/wp-content\/uploads\/2024\/03\/Tende-per-Soggiorno-bianche-in-Lino-con-clips-metalliche.jpg 1024w\" data-image-id=\"1\"><\/div>\n\t\t\t\t\t\t\t<div class=\"wd-product-grid-slide\" data-image-url=\"https:\/\/www.marinigerardi.it\/shop\/wp-content\/uploads\/2024\/03\/Modelli-di-Tende-per-Soggiorno-in-Lino-design-foglie-centrali-250x188.jpg\" data-image-srcset=\"https:\/\/www.marinigerardi.it\/shop\/wp-content\/uploads\/2024\/03\/Modelli-di-Tende-per-Soggiorno-in-Lino-design-foglie-centrali-250x188.jpg 250w, https:\/\/www.marinigerardi.it\/shop\/wp-content\/uploads\/2024\/03\/Modelli-di-Tende-per-Soggiorno-in-Lino-design-foglie-centrali-600x450.jpg 600w, https:\/\/www.marinigerardi.it\/shop\/wp-content\/uploads\/2024\/03\/Modelli-di-Tende-per-Soggiorno-in-Lino-design-foglie-centrali-300x225.jpg 300w, https:\/\/www.marinigerardi.it\/shop\/wp-content\/uploads\/2024\/03\/Modelli-di-Tende-per-Soggiorno-in-Lino-design-foglie-centrali-768x576.jpg 768w, https:\/\/www.marinigerardi.it\/shop\/wp-content\/uploads\/2024\/03\/Modelli-di-Tende-per-Soggiorno-in-Lino-design-foglie-centrali.jpg 1024w\" data-image-id=\"2\"><\/div>\n\t\t\t\t\t<\/div>\n\n\t\t\n\t\t\t\t\t\t\t<div class=\"wd-product-grid-slider-pagin\">\n\t\t\t\t\t\t\t<div data-image-id=\"0\" class=\"wd-product-grid-slider-dot\"><\/div>\n\t\t\t\t\t\t\t<div data-image-id=\"1\" class=\"wd-product-grid-slider-dot\"><\/div>\n\t\t\t\t\t\t\t<div data-image-id=\"2\" class=\"wd-product-grid-slider-dot\"><\/div>\n\t\t\t\t\t<\/div>\n\t\t\t\t\t\t<img decoding=\"async\" width=\"250\" height=\"188\" src=\"https:\/\/www.marinigerardi.it\/shop\/wp-content\/uploads\/2024\/03\/Modelli-di-Tende-per-Soggiorno-eleganti-dalla-bellezza-inimitabile-250x188.jpg\" class=\"attachment-woocommerce_thumbnail size-woocommerce_thumbnail\" alt=\"Modelli di tende per soggiorno eleganti dalla bellezza inimitabile\" srcset=\"https:\/\/www.marinigerardi.it\/shop\/wp-content\/uploads\/2024\/03\/Modelli-di-Tende-per-Soggiorno-eleganti-dalla-bellezza-inimitabile-250x188.jpg 250w, https:\/\/www.marinigerardi.it\/shop\/wp-content\/uploads\/2024\/03\/Modelli-di-Tende-per-Soggiorno-eleganti-dalla-bellezza-inimitabile-600x450.jpg 600w, https:\/\/www.marinigerardi.it\/shop\/wp-content\/uploads\/2024\/03\/Modelli-di-Tende-per-Soggiorno-eleganti-dalla-bellezza-inimitabile-300x225.jpg.avif 300w, https:\/\/www.marinigerardi.it\/shop\/wp-content\/uploads\/2024\/03\/Modelli-di-Tende-per-Soggiorno-eleganti-dalla-bellezza-inimitabile-768x576.jpg.avif 768w, https:\/\/www.marinigerardi.it\/shop\/wp-content\/uploads\/2024\/03\/Modelli-di-Tende-per-Soggiorno-eleganti-dalla-bellezza-inimitabile.jpg.webp 1024w\" sizes=\"(max-width: 250px) 100vw, 250px\" \/>\t\t<\/a>\n\n\t\t\t\t\t<div class=\"product-labels labels-rectangular\">\n\t\t\t\t<span class=\"new product-label wd-shape-rect-sm\">Nuovo<\/span>\t\t\t<\/div>\n\t\t\t\n\t\t<div class=\"wd-buttons wd-pos-r-t\">\n\t\t\t\t\t\t\t\t\t\t\t\t\t\t<\/div>\n\t<\/div>\n\n\t\t<div class=\"product-element-bottom\">\n\t\n\t\n\t<h3 class=\"wd-entities-title\"><a href=\"https:\/\/www.marinigerardi.it\/shop\/prodotto\/modelli-di-tende-per-soggiorno\/\">ARMONIA Modelli di Tende per Soggiorno in Lino Dipinto a Mano per ambienti Luminosi<\/a><\/h3>\n\t\t\t\t\t\t\n\t\t\t\t<div class=\"star-rating\" role=\"img\" aria-label=\"Valutato 5.00 su 5\">\n\t\t\t\t\t<span style=\"width:100%\">\n\t\t\tValutato <strong class=\"rating\">5.00<\/strong> su 5\t\t<\/span>\n\t\t\t\t<\/div>\n\n\t\t\n\t\t\t\t\t\t\t\t\t<p class=\"wd-product-stock stock wd-style-default in-stock\">Disponibile<\/p>\n\t\t\n\t\n\t<span class=\"price\">275,00&nbsp;&euro;<\/span>\n\n\t<div class=\"wd-add-btn wd-add-btn-replace\">\n\t\t\n\t\t<a href=\"https:\/\/www.marinigerardi.it\/shop\/prodotto\/modelli-di-tende-per-soggiorno\/\" class=\"button product_type_simple add-to-cart-loop mg-detail-btn\"><span class=\"wd-action-icon\"><span class=\"wd-check-icon\"><\/span><\/span><span class=\"wd-action-text\">Vedi dettagli<\/span><\/a>\t<\/div>\n\n\t\n\t\n\t\t\t<\/div>\n\t<\/div>\n<\/div>\n<div class=\"wd-product wd-col wd-hover-standard product-grid-item product type-product post-28906 status-publish first instock product_cat-tende-in-lino product_cat-doppie-tende product_cat-tende product_cat-tende-camera-da-letto product_cat-tende-da-interni product_cat-tende-lino product_cat-tende-moderne product_cat-tende-su-misura product_tag-tende product_tag-tende-moderne product_tag-tende-soggiorno product_tag-tende-soggiorno-eleganti has-post-thumbnail taxable shipping-taxable purchasable product-type-simple\" data-loop=\"22\" data-id=\"28906\">\n\t\n<div class=\"wd-product-wrapper product-wrapper\">\n\t<div class=\"wd-product-thumb product-element-top wd-quick-shop\">\n\t\t<a href=\"https:\/\/www.marinigerardi.it\/shop\/prodotto\/tende-moderne-eleganti-calliope\/\" class=\"wd-product-img-link product-image-link\" tabindex=\"-1\" aria-label=\"Cerchi e Dinamismo: Tende Moderne Eleganti della Collezione CALLIOPE in Doppio Telo\">\n\t\t\t\t\t<div class=\"wd-product-grid-slider wd-fill\">\n\t\t\t\t\t\t\t<div class=\"wd-product-grid-slide\" data-image-url=\"https:\/\/www.marinigerardi.it\/shop\/wp-content\/uploads\/2021\/11\/tenda-moderna-doppio-pannello-in-lino-disegno-tracce-in-trasparenza-250x188.jpg\" data-image-srcset=\"https:\/\/www.marinigerardi.it\/shop\/wp-content\/uploads\/2021\/11\/tenda-moderna-doppio-pannello-in-lino-disegno-tracce-in-trasparenza-250x188.jpg 250w, https:\/\/www.marinigerardi.it\/shop\/wp-content\/uploads\/2021\/11\/tenda-moderna-doppio-pannello-in-lino-disegno-tracce-in-trasparenza-600x450.jpg 600w, https:\/\/www.marinigerardi.it\/shop\/wp-content\/uploads\/2021\/11\/tenda-moderna-doppio-pannello-in-lino-disegno-tracce-in-trasparenza-300x225.jpg 300w, https:\/\/www.marinigerardi.it\/shop\/wp-content\/uploads\/2021\/11\/tenda-moderna-doppio-pannello-in-lino-disegno-tracce-in-trasparenza-768x576.jpg 768w, https:\/\/www.marinigerardi.it\/shop\/wp-content\/uploads\/2021\/11\/tenda-moderna-doppio-pannello-in-lino-disegno-tracce-in-trasparenza.jpg 1024w\" data-image-id=\"0\"><\/div>\n\t\t\t\t\t\t\t<div class=\"wd-product-grid-slide\" data-image-url=\"https:\/\/www.marinigerardi.it\/shop\/wp-content\/uploads\/2021\/11\/tende-soggiorno-doppio-pannello-in-lino-tracce-in-trasparenza-250x188.jpg\" data-image-srcset=\"https:\/\/www.marinigerardi.it\/shop\/wp-content\/uploads\/2021\/11\/tende-soggiorno-doppio-pannello-in-lino-tracce-in-trasparenza-250x188.jpg 250w, https:\/\/www.marinigerardi.it\/shop\/wp-content\/uploads\/2021\/11\/tende-soggiorno-doppio-pannello-in-lino-tracce-in-trasparenza-600x450.jpg 600w, https:\/\/www.marinigerardi.it\/shop\/wp-content\/uploads\/2021\/11\/tende-soggiorno-doppio-pannello-in-lino-tracce-in-trasparenza-300x225.jpg 300w, https:\/\/www.marinigerardi.it\/shop\/wp-content\/uploads\/2021\/11\/tende-soggiorno-doppio-pannello-in-lino-tracce-in-trasparenza-768x576.jpg 768w, https:\/\/www.marinigerardi.it\/shop\/wp-content\/uploads\/2021\/11\/tende-soggiorno-doppio-pannello-in-lino-tracce-in-trasparenza.jpg 1024w\" data-image-id=\"1\"><\/div>\n\t\t\t\t\t\t\t<div class=\"wd-product-grid-slide\" data-image-url=\"https:\/\/www.marinigerardi.it\/shop\/wp-content\/uploads\/2021\/11\/tenda-elegante-in-lino-doppio-pannello-disegno-a-cerchi-con-trasparenze-250x188.jpg\" data-image-srcset=\"https:\/\/www.marinigerardi.it\/shop\/wp-content\/uploads\/2021\/11\/tenda-elegante-in-lino-doppio-pannello-disegno-a-cerchi-con-trasparenze-250x188.jpg 250w, https:\/\/www.marinigerardi.it\/shop\/wp-content\/uploads\/2021\/11\/tenda-elegante-in-lino-doppio-pannello-disegno-a-cerchi-con-trasparenze-600x450.jpg 600w, https:\/\/www.marinigerardi.it\/shop\/wp-content\/uploads\/2021\/11\/tenda-elegante-in-lino-doppio-pannello-disegno-a-cerchi-con-trasparenze-300x225.jpg 300w, https:\/\/www.marinigerardi.it\/shop\/wp-content\/uploads\/2021\/11\/tenda-elegante-in-lino-doppio-pannello-disegno-a-cerchi-con-trasparenze-768x576.jpg 768w, https:\/\/www.marinigerardi.it\/shop\/wp-content\/uploads\/2021\/11\/tenda-elegante-in-lino-doppio-pannello-disegno-a-cerchi-con-trasparenze.jpg 1024w\" data-image-id=\"2\"><\/div>\n\t\t\t\t\t<\/div>\n\n\t\t\n\t\t\t\t\t\t\t<div class=\"wd-product-grid-slider-pagin\">\n\t\t\t\t\t\t\t<div data-image-id=\"0\" class=\"wd-product-grid-slider-dot\"><\/div>\n\t\t\t\t\t\t\t<div data-image-id=\"1\" class=\"wd-product-grid-slider-dot\"><\/div>\n\t\t\t\t\t\t\t<div data-image-id=\"2\" class=\"wd-product-grid-slider-dot\"><\/div>\n\t\t\t\t\t<\/div>\n\t\t\t\t\t\t<img decoding=\"async\" width=\"250\" height=\"188\" src=\"https:\/\/www.marinigerardi.it\/shop\/wp-content\/uploads\/2021\/11\/tenda-moderna-doppio-pannello-in-lino-disegno-tracce-in-trasparenza-250x188.jpg\" class=\"attachment-woocommerce_thumbnail size-woocommerce_thumbnail\" alt=\"CALLIOPE - Tende Moderne Eleganti Soggiorno - Marini &amp; Gerardi\" srcset=\"https:\/\/www.marinigerardi.it\/shop\/wp-content\/uploads\/2021\/11\/tenda-moderna-doppio-pannello-in-lino-disegno-tracce-in-trasparenza-250x188.jpg 250w, https:\/\/www.marinigerardi.it\/shop\/wp-content\/uploads\/2021\/11\/tenda-moderna-doppio-pannello-in-lino-disegno-tracce-in-trasparenza-600x450.jpg 600w, https:\/\/www.marinigerardi.it\/shop\/wp-content\/uploads\/2021\/11\/tenda-moderna-doppio-pannello-in-lino-disegno-tracce-in-trasparenza-300x225.jpg.avif 300w, https:\/\/www.marinigerardi.it\/shop\/wp-content\/uploads\/2021\/11\/tenda-moderna-doppio-pannello-in-lino-disegno-tracce-in-trasparenza-768x576.jpg.avif 768w, https:\/\/www.marinigerardi.it\/shop\/wp-content\/uploads\/2021\/11\/tenda-moderna-doppio-pannello-in-lino-disegno-tracce-in-trasparenza.jpg.webp 1024w\" sizes=\"(max-width: 250px) 100vw, 250px\" \/>\t\t<\/a>\n\n\t\t\n\t\t<div class=\"wd-buttons wd-pos-r-t\">\n\t\t\t\t\t\t\t\t\t\t\t\t\t\t<\/div>\n\t<\/div>\n\n\t\t<div class=\"product-element-bottom\">\n\t\n\t\n\t<h3 class=\"wd-entities-title\"><a href=\"https:\/\/www.marinigerardi.it\/shop\/prodotto\/tende-moderne-eleganti-calliope\/\">Cerchi e Dinamismo: Tende Moderne Eleganti della Collezione CALLIOPE in Doppio Telo<\/a><\/h3>\n\t\t\t\t\t\t\n\t\t\t\t<div class=\"star-rating\" role=\"img\" aria-label=\"Valutato 4.00 su 5\">\n\t\t\t\t\t<span style=\"width:80%\">\n\t\t\tValutato <strong class=\"rating\">4.00<\/strong> su 5\t\t<\/span>\n\t\t\t\t<\/div>\n\n\t\t\n\t\t\t\t\t\t\t\t\t<p class=\"wd-product-stock stock wd-style-default in-stock\">Disponibile<\/p>\n\t\t\n\t\n\t<span class=\"price\">285,00&nbsp;&euro;<\/span>\n\n\t<div class=\"wd-add-btn wd-add-btn-replace\">\n\t\t\n\t\t<a href=\"https:\/\/www.marinigerardi.it\/shop\/prodotto\/tende-moderne-eleganti-calliope\/\" class=\"button product_type_simple add-to-cart-loop mg-detail-btn\"><span class=\"wd-action-icon\"><span class=\"wd-check-icon\"><\/span><\/span><span class=\"wd-action-text\">Vedi dettagli<\/span><\/a>\t<\/div>\n\n\t\n\t\n\t\t\t<\/div>\n\t<\/div>\n<\/div>\n<div class=\"wd-product wd-col wd-hover-standard product-grid-item product type-product post-7106 status-publish last instock product_cat-tende-in-lino has-post-thumbnail taxable shipping-taxable purchasable product-type-simple\" data-loop=\"23\" data-id=\"7106\">\n\t\n<div class=\"wd-product-wrapper product-wrapper\">\n\t<div class=\"wd-product-thumb product-element-top wd-quick-shop\">\n\t\t<a href=\"https:\/\/www.marinigerardi.it\/shop\/prodotto\/tende-in-lino-moderne-la-greca\/\" class=\"wd-product-img-link product-image-link\" tabindex=\"-1\" aria-label=\"LA GRECA &#8211; Tende in Lino moderne con foglie applicate\">\n\t\t\t\t\t<div class=\"wd-product-grid-slider wd-fill\">\n\t\t\t\t\t\t\t<div class=\"wd-product-grid-slide\" data-image-url=\"https:\/\/www.marinigerardi.it\/shop\/wp-content\/uploads\/2021\/01\/la-Greca-Tenda-in-lino-con-foglie-autunnali-250x188.jpg\" data-image-srcset=\"https:\/\/www.marinigerardi.it\/shop\/wp-content\/uploads\/2021\/01\/la-Greca-Tenda-in-lino-con-foglie-autunnali-250x188.jpg 250w, https:\/\/www.marinigerardi.it\/shop\/wp-content\/uploads\/2021\/01\/la-Greca-Tenda-in-lino-con-foglie-autunnali-600x450.jpg 600w, https:\/\/www.marinigerardi.it\/shop\/wp-content\/uploads\/2021\/01\/la-Greca-Tenda-in-lino-con-foglie-autunnali-300x225.jpg 300w, https:\/\/www.marinigerardi.it\/shop\/wp-content\/uploads\/2021\/01\/la-Greca-Tenda-in-lino-con-foglie-autunnali-768x576.jpg 768w, https:\/\/www.marinigerardi.it\/shop\/wp-content\/uploads\/2021\/01\/la-Greca-Tenda-in-lino-con-foglie-autunnali.jpg 1024w\" data-image-id=\"0\"><\/div>\n\t\t\t\t\t\t\t<div class=\"wd-product-grid-slide\" data-image-url=\"https:\/\/www.marinigerardi.it\/shop\/wp-content\/uploads\/2021\/01\/tenda-con-asole-panna-tessuto-lino-salento-la-greca-250x188.jpg\" data-image-srcset=\"https:\/\/www.marinigerardi.it\/shop\/wp-content\/uploads\/2021\/01\/tenda-con-asole-panna-tessuto-lino-salento-la-greca-250x188.jpg 250w, https:\/\/www.marinigerardi.it\/shop\/wp-content\/uploads\/2021\/01\/tenda-con-asole-panna-tessuto-lino-salento-la-greca-600x450.jpg 600w, https:\/\/www.marinigerardi.it\/shop\/wp-content\/uploads\/2021\/01\/tenda-con-asole-panna-tessuto-lino-salento-la-greca-300x225.jpg 300w, https:\/\/www.marinigerardi.it\/shop\/wp-content\/uploads\/2021\/01\/tenda-con-asole-panna-tessuto-lino-salento-la-greca-768x576.jpg 768w, https:\/\/www.marinigerardi.it\/shop\/wp-content\/uploads\/2021\/01\/tenda-con-asole-panna-tessuto-lino-salento-la-greca.jpg 1024w\" data-image-id=\"1\"><\/div>\n\t\t\t\t\t\t\t<div class=\"wd-product-grid-slide\" data-image-url=\"https:\/\/www.marinigerardi.it\/shop\/wp-content\/uploads\/2021\/01\/la-Greca-tendaggi-in-lino-moderne-con-foglie-applicate-250x188.jpg\" data-image-srcset=\"https:\/\/www.marinigerardi.it\/shop\/wp-content\/uploads\/2021\/01\/la-Greca-tendaggi-in-lino-moderne-con-foglie-applicate-250x188.jpg 250w, https:\/\/www.marinigerardi.it\/shop\/wp-content\/uploads\/2021\/01\/la-Greca-tendaggi-in-lino-moderne-con-foglie-applicate-600x450.jpg 600w, https:\/\/www.marinigerardi.it\/shop\/wp-content\/uploads\/2021\/01\/la-Greca-tendaggi-in-lino-moderne-con-foglie-applicate-300x225.jpg 300w, https:\/\/www.marinigerardi.it\/shop\/wp-content\/uploads\/2021\/01\/la-Greca-tendaggi-in-lino-moderne-con-foglie-applicate-768x576.jpg 768w, https:\/\/www.marinigerardi.it\/shop\/wp-content\/uploads\/2021\/01\/la-Greca-tendaggi-in-lino-moderne-con-foglie-applicate.jpg 1024w\" data-image-id=\"2\"><\/div>\n\t\t\t\t\t<\/div>\n\n\t\t\n\t\t\t\t\t\t\t<div class=\"wd-product-grid-slider-pagin\">\n\t\t\t\t\t\t\t<div data-image-id=\"0\" class=\"wd-product-grid-slider-dot\"><\/div>\n\t\t\t\t\t\t\t<div data-image-id=\"1\" class=\"wd-product-grid-slider-dot\"><\/div>\n\t\t\t\t\t\t\t<div data-image-id=\"2\" class=\"wd-product-grid-slider-dot\"><\/div>\n\t\t\t\t\t<\/div>\n\t\t\t\t\t\t<img decoding=\"async\" width=\"250\" height=\"188\" src=\"https:\/\/www.marinigerardi.it\/shop\/wp-content\/uploads\/2021\/01\/la-Greca-Tenda-in-lino-con-foglie-autunnali-250x188.jpg\" class=\"attachment-woocommerce_thumbnail size-woocommerce_thumbnail\" alt=\"La Greca Tenda In Lino Con Foglie Autunnali - Tende in Lino moderne\" srcset=\"https:\/\/www.marinigerardi.it\/shop\/wp-content\/uploads\/2021\/01\/la-Greca-Tenda-in-lino-con-foglie-autunnali-250x188.jpg 250w, https:\/\/www.marinigerardi.it\/shop\/wp-content\/uploads\/2021\/01\/la-Greca-Tenda-in-lino-con-foglie-autunnali-600x450.jpg 600w, https:\/\/www.marinigerardi.it\/shop\/wp-content\/uploads\/2021\/01\/la-Greca-Tenda-in-lino-con-foglie-autunnali-300x225.jpg.avif 300w, https:\/\/www.marinigerardi.it\/shop\/wp-content\/uploads\/2021\/01\/la-Greca-Tenda-in-lino-con-foglie-autunnali-768x576.jpg.avif 768w, https:\/\/www.marinigerardi.it\/shop\/wp-content\/uploads\/2021\/01\/la-Greca-Tenda-in-lino-con-foglie-autunnali.jpg.webp 1024w\" sizes=\"(max-width: 250px) 100vw, 250px\" \/>\t\t<\/a>\n\n\t\t\n\t\t<div class=\"wd-buttons wd-pos-r-t\">\n\t\t\t\t\t\t\t\t\t\t\t\t\t\t<\/div>\n\t<\/div>\n\n\t\t<div class=\"product-element-bottom\">\n\t\n\t\n\t<h3 class=\"wd-entities-title\"><a href=\"https:\/\/www.marinigerardi.it\/shop\/prodotto\/tende-in-lino-moderne-la-greca\/\">LA GRECA &#8211; Tende in Lino moderne con foglie applicate<\/a><\/h3>\n\t\t\t\t\t\t<p class=\"wd-product-stock stock wd-style-default in-stock\">Disponibile<\/p>\n\t\t\n\t\n\t<span class=\"price\">198,00&nbsp;&euro;<\/span>\n\n\t<div class=\"wd-add-btn wd-add-btn-replace\">\n\t\t\n\t\t<a href=\"https:\/\/www.marinigerardi.it\/shop\/prodotto\/tende-in-lino-moderne-la-greca\/\" class=\"button product_type_simple add-to-cart-loop mg-detail-btn\"><span class=\"wd-action-icon\"><span class=\"wd-check-icon\"><\/span><\/span><span class=\"wd-action-text\">Vedi dettagli<\/span><\/a>\t<\/div>\n\n\t\n\t\n\t\t\t<\/div>\n\t<\/div>\n<\/div>\n<div class=\"wd-product wd-col wd-hover-standard product-grid-item product type-product post-65179 status-publish first instock product_cat-tende-in-lino has-post-thumbnail taxable shipping-taxable purchasable product-type-simple\" data-loop=\"24\" data-id=\"65179\">\n\t\n<div class=\"wd-product-wrapper product-wrapper\">\n\t<div class=\"wd-product-thumb product-element-top wd-quick-shop\">\n\t\t<a href=\"https:\/\/www.marinigerardi.it\/shop\/prodotto\/tende-sala-moderne\/\" class=\"wd-product-img-link product-image-link\" tabindex=\"-1\" aria-label=\"METAFISICO &#8211; Tende Sala Moderne Intriganti e Audace Design\">\n\t\t\t\t\t<div class=\"wd-product-grid-slider wd-fill\">\n\t\t\t\t\t\t\t<div class=\"wd-product-grid-slide\" data-image-url=\"https:\/\/www.marinigerardi.it\/shop\/wp-content\/uploads\/2023\/11\/tende-sala-moderne-design-colori-deco-250x188.jpg\" data-image-srcset=\"https:\/\/www.marinigerardi.it\/shop\/wp-content\/uploads\/2023\/11\/tende-sala-moderne-design-colori-deco-250x188.jpg 250w, https:\/\/www.marinigerardi.it\/shop\/wp-content\/uploads\/2023\/11\/tende-sala-moderne-design-colori-deco-300x225.jpg 300w, https:\/\/www.marinigerardi.it\/shop\/wp-content\/uploads\/2023\/11\/tende-sala-moderne-design-colori-deco-768x576.jpg 768w, https:\/\/www.marinigerardi.it\/shop\/wp-content\/uploads\/2023\/11\/tende-sala-moderne-design-colori-deco-600x450.jpg 600w, https:\/\/www.marinigerardi.it\/shop\/wp-content\/uploads\/2023\/11\/tende-sala-moderne-design-colori-deco.jpg 1024w\" data-image-id=\"0\"><\/div>\n\t\t\t\t\t\t\t<div class=\"wd-product-grid-slide\" data-image-url=\"https:\/\/www.marinigerardi.it\/shop\/wp-content\/uploads\/2023\/11\/Tende-Sala-Moderne-colori-anni-50-250x188.jpg\" data-image-srcset=\"https:\/\/www.marinigerardi.it\/shop\/wp-content\/uploads\/2023\/11\/Tende-Sala-Moderne-colori-anni-50-250x188.jpg 250w, https:\/\/www.marinigerardi.it\/shop\/wp-content\/uploads\/2023\/11\/Tende-Sala-Moderne-colori-anni-50-600x450.jpg 600w, https:\/\/www.marinigerardi.it\/shop\/wp-content\/uploads\/2023\/11\/Tende-Sala-Moderne-colori-anni-50-300x225.jpg 300w, https:\/\/www.marinigerardi.it\/shop\/wp-content\/uploads\/2023\/11\/Tende-Sala-Moderne-colori-anni-50-768x576.jpg 768w, https:\/\/www.marinigerardi.it\/shop\/wp-content\/uploads\/2023\/11\/Tende-Sala-Moderne-colori-anni-50.jpg 1024w\" data-image-id=\"1\"><\/div>\n\t\t\t\t\t\t\t<div class=\"wd-product-grid-slide\" data-image-url=\"https:\/\/www.marinigerardi.it\/shop\/wp-content\/uploads\/2023\/11\/Tende-Sala-Moderne-linee-colori-incredibili-250x188.jpg\" data-image-srcset=\"https:\/\/www.marinigerardi.it\/shop\/wp-content\/uploads\/2023\/11\/Tende-Sala-Moderne-linee-colori-incredibili-250x188.jpg 250w, https:\/\/www.marinigerardi.it\/shop\/wp-content\/uploads\/2023\/11\/Tende-Sala-Moderne-linee-colori-incredibili-600x450.jpg 600w, https:\/\/www.marinigerardi.it\/shop\/wp-content\/uploads\/2023\/11\/Tende-Sala-Moderne-linee-colori-incredibili-300x225.jpg 300w, https:\/\/www.marinigerardi.it\/shop\/wp-content\/uploads\/2023\/11\/Tende-Sala-Moderne-linee-colori-incredibili-768x576.jpg 768w, https:\/\/www.marinigerardi.it\/shop\/wp-content\/uploads\/2023\/11\/Tende-Sala-Moderne-linee-colori-incredibili.jpg 1024w\" data-image-id=\"2\"><\/div>\n\t\t\t\t\t<\/div>\n\n\t\t\n\t\t\t\t\t\t\t<div class=\"wd-product-grid-slider-pagin\">\n\t\t\t\t\t\t\t<div data-image-id=\"0\" class=\"wd-product-grid-slider-dot\"><\/div>\n\t\t\t\t\t\t\t<div data-image-id=\"1\" class=\"wd-product-grid-slider-dot\"><\/div>\n\t\t\t\t\t\t\t<div data-image-id=\"2\" class=\"wd-product-grid-slider-dot\"><\/div>\n\t\t\t\t\t<\/div>\n\t\t\t\t\t\t<img decoding=\"async\" width=\"250\" height=\"188\" src=\"https:\/\/www.marinigerardi.it\/shop\/wp-content\/uploads\/2023\/11\/tende-sala-moderne-design-colori-deco-250x188.jpg.avif\" class=\"attachment-woocommerce_thumbnail size-woocommerce_thumbnail\" alt=\"Tende sala moderne design colori deco\" srcset=\"https:\/\/www.marinigerardi.it\/shop\/wp-content\/uploads\/2023\/11\/tende-sala-moderne-design-colori-deco-250x188.jpg.avif 250w, https:\/\/www.marinigerardi.it\/shop\/wp-content\/uploads\/2023\/11\/tende-sala-moderne-design-colori-deco-300x225.jpg.avif 300w, https:\/\/www.marinigerardi.it\/shop\/wp-content\/uploads\/2023\/11\/tende-sala-moderne-design-colori-deco-768x576.jpg.avif 768w, https:\/\/www.marinigerardi.it\/shop\/wp-content\/uploads\/2023\/11\/tende-sala-moderne-design-colori-deco-600x450.jpg.avif 600w, https:\/\/www.marinigerardi.it\/shop\/wp-content\/uploads\/2023\/11\/tende-sala-moderne-design-colori-deco.jpg.avif 1024w\" sizes=\"(max-width: 250px) 100vw, 250px\" \/>\t\t<\/a>\n\n\t\t\n\t\t<div class=\"wd-buttons wd-pos-r-t\">\n\t\t\t\t\t\t\t\t\t\t\t\t\t\t<\/div>\n\t<\/div>\n\n\t\t<div class=\"product-element-bottom\">\n\t\n\t\n\t<h3 class=\"wd-entities-title\"><a href=\"https:\/\/www.marinigerardi.it\/shop\/prodotto\/tende-sala-moderne\/\">METAFISICO &#8211; Tende Sala Moderne Intriganti e Audace Design<\/a><\/h3>\n\t\t\t\t\t\t<p class=\"wd-product-stock stock wd-style-default in-stock\">Disponibile<\/p>\n\t\t\n\t\n\t<span class=\"price\">198,50&nbsp;&euro;<\/span>\n\n\t<div class=\"wd-add-btn wd-add-btn-replace\">\n\t\t\n\t\t<a href=\"https:\/\/www.marinigerardi.it\/shop\/prodotto\/tende-sala-moderne\/\" class=\"button product_type_simple add-to-cart-loop mg-detail-btn\"><span class=\"wd-action-icon\"><span class=\"wd-check-icon\"><\/span><\/span><span class=\"wd-action-text\">Vedi dettagli<\/span><\/a>\t<\/div>\n\n\t\n\t\n\t\t\t<\/div>\n\t<\/div>\n<\/div>\n<\/div>\n<\/div><\/div>[vc_empty_space woodmart_hide_large=&#8221;0&#8243; woodmart_hide_medium=&#8221;0&#8243; woodmart_hide_small=&#8221;0&#8243; woodmart_hide_extra_small=&#8221;0&#8243;]\n\t\t<div id=\"wd-6a52206e56b0d\" class=\"title-wrapper wd-wpb wd-set-mb reset-last-child  wd-rs-6a52206e56b0d wd-title-color-default wd-title-style-default text-center  wd-underline-colored\">\n\t\t\t\n\t\t\t<div class=\"liner-continer\">\n\t\t\t\t<h3 class=\"woodmart-title-container title  wd-font-weight- wd-fontsize-l\" >Negozi Tende per Interrni Palermo Tendaggi in Lino<\/h3>\n\t\t\t\t\t\t\t<\/div>\n\t\t\t\n\t\t\t\n\t\t\t\n\t\t<\/div>\n\t\t\n\t\t\t\t<div id=\"wd-6a521ff50c927\" class=\"wd-text-block wd-wpb reset-last-child wd-rs-6a521ff50c927 text-left \">\n\t\t\t<p><strong>La tua casa, il tuo racconto<\/strong><br \/>\nScegliere una tenda <strong>Marini&amp;Gerardi<\/strong> significa scegliere un complemento che parla di te. Non ci accontentiamo di standard industriali: la nostra missione \u00e8 offrire una personalizzazione profonda, dove la cura del dettaglio \u2014 dalla scelta del tessuto al tipo di arricciatura \u2014 trasforma l&#8217;abitazione in una dimora esclusiva.<\/p>\n<p>Il risultato \u00e8 un ambiente che non solo accoglie, ma che racconta una storia di bellezza, equilibrio e rispetto per la materia naturale.<\/p>\n\t\t<\/div>\n\t\t<div class=\"wpb-content-wrapper\" id=\"wpb-content-root\">[vc_row][vc_column][vc_tta_accordion title_tag=\"p\" section_title_tag=\"h3\" style=\"flat\" color=\"white\" gap=\"10\" active_section=\"1\" collapsible_all=\"true\" title=\"FAQ in breve\"][vc_tta_section title=\"Perch\u00e9 il lino \u00e8 considerato un tessuto ``vivo`` e come si adatta nel tempo?\" tab_id=\"1783498463565-814549fe-f609\"]\t\t<div id=\"wd-6a50aecfc4e96\" class=\"wd-text-block wd-wpb reset-last-child wd-rs-6a50aecfc4e96 text-left \">\n\t\t\t<p>Il lino non \u00e8 una fibra statica, ma un materiale che respira. Essendo una fibra naturale al 100%, risponde all'umidit\u00e0 e alla temperatura dell'ambiente, adattandosi naturalmente al contesto in cui vive. Con il passare del tempo e dopo i primi lavaggi, il lino acquisisce una morbidezza e una \"mano\" ancora pi\u00f9 piacevole, perdendo l\u2019apparente rigidit\u00e0 iniziale. In Marini&amp;Gerardi, progettiamo i nostri tendaggi calcolando proprio questa naturale evoluzione, affinch\u00e9 la caduta e il volume della tenda migliorino giorno dopo giorno, anzich\u00e9 usurarsi.<\/p>\n\t\t<\/div>\n\t\t[\/vc_tta_section][vc_tta_section title=\"Esiste una differenza reale tra tende industriali e tende artigianali su misura?\" tab_id=\"1783498829621-a7171cfe-87b0\"]\t\t<div id=\"wd-6a50ae99ca6d8\" class=\"wd-text-block wd-wpb reset-last-child wd-rs-6a50ae99ca6d8 text-left \">\n\t\t\t<p>La differenza non \u00e8 solo estetica, ma strutturale. Mentre le tende industriali sono prodotte con lunghezze standard e finiture meccanizzate, le nostre tende sono \"costruite\" attorno alla vostra finestra. Un esperto artigiano valuta la caduta del tessuto, il tipo di arricciatura e il peso della fibra specifica. Una tenda su misura Marini&amp;Gerardi non \"si appende\" semplicemente, ma \"veste\" l'architettura della stanza, garantendo che le proporzioni siano perfette e che il tessuto mantenga la sua forma nel tempo, senza avvallamenti o tensioni irregolari<\/p>\n\t\t<\/div>\n\t\t[\/vc_tta_section][vc_tta_section title=\"\u00c8 possibile richiedere campioni di tessuto prima dell'acquisto definitivo?\" tab_id=\"1783498463556-9d46f40a-550e\"]\t\t<div id=\"wd-6a50b078208e6\" class=\"wd-text-block wd-wpb reset-last-child wd-rs-6a50b078208e6 text-left \">\n\t\t\t<p>Comprendiamo perfettamente che la percezione visiva e tattile del lino sia fondamentale. Per questo motivo, incoraggiamo sempre i nostri clienti a richiedere i campioncini dei tessuti della nostra collezione. Poter toccare con mano la trama, vedere come reagisce alla luce reale della propria casa e confrontare la sfumatura cromatica con i colori delle pareti o del divano \u00e8 un passaggio cruciale. Per noi, la soddisfazione del cliente passa attraverso una scelta consapevole: vogliamo che la tenda che arriver\u00e0 a casa sia esattamente ci\u00f2 che hai immaginato.<\/p>\n\t\t<\/div>\n\t\t[\/vc_tta_section][vc_tta_section title=\"Il lino \u00e8 difficile da gestire? I pregiudizi, le paure, la realt\u00e0.\" tab_id=\"1783498863560-0cdd3ecd-c10a\"]\t\t<div id=\"wd-6a50ae5943fbe\" class=\"wd-text-block wd-wpb reset-last-child wd-rs-6a50ae5943fbe text-left \">\n\t\t\t<p>Spesso si teme che il lino sia delicato o difficile da gestire. La realt\u00e0 \u00e8 che il lino \u00e8 una delle fibre pi\u00f9 resistenti e durevoli esistenti. La sua manutenzione non richiede cure impossibili: il nostro consiglio \u00e8 di non cercare la perfezione stirata tipica dei sintetici, poich\u00e9 \u00e8 proprio la sua naturale stropicciatura a conferirgli quel fascino \"informale ed elegante\". Un lavaggio delicato e un\u2019asciugatura corretta sono sufficienti per preservare la fibra per anni. Scegliere il lino significa passare da una manutenzione basata sulla paura di rovinare il tessuto, a una basata sulla valorizzazione della sua natura autentica.<\/p>\n\t\t<\/div>\n\t\t[\/vc_tta_section][vc_tta_section title=\"Posso mixare diversi tessuti in lino nella stessa stanza o casa?\" tab_id=\"1783498925525-70db50bc-a81f\"]\t\t<div id=\"wd-6a50ade61374c\" class=\"wd-text-block wd-wpb reset-last-child wd-rs-6a50ade61374c text-left \">\n\t\t\t<p>Assolutamente s\u00ec, ed \u00e8 proprio qui che si gioca l'interior design d'autore. Mixare diverse texture o grammature di lino \u2014 ad esempio una tenda pi\u00f9 leggera e velata per la zona giorno abbinata a una pi\u00f9 materica e protettiva per la zona notte \u2014 crea dinamismo visivo. La nostra palette cromatica \u00e8 pensata per essere interscambiabile: le tonalit\u00e0 neutre che proponiamo (bianco, ecr\u00f9, panna) sono studiate per armonizzarsi tra loro, permettendovi di creare una coerenza stilistica in tutta la casa, anche scegliendo pesi e tipologie di lino differenti.<\/p>\n\t\t<\/div>\n\t\t[\/vc_tta_section][vc_tta_section title=\"Come posso capire se una tenda in lino \u00e8 adatta al mio stile di arredamento?\" tab_id=\"1783498969888-26693671-58d8\"]\t\t<div id=\"wd-6a50ad83855e4\" class=\"wd-text-block wd-wpb reset-last-child wd-rs-6a50ad83855e4 text-left \">\n\t\t\t<p>Il lino \u00e8 il \"trasformista\" per eccellenza dell'interior design. La sua forza sta proprio nella versatilit\u00e0: in un ambiente moderno e minimalista, il lino puro aggiunge il calore materico necessario a rompere la freddezza delle superfici lisce; in una casa d'epoca, ne enfatizza il pregio storico con naturalezza. Il segreto non \u00e8 cercare una tenda che \"si abbini\" ai colori dei mobili, ma scegliere un lino che \"dialoghi\" con la luce della stanza. I nostri toni neutri (ecr\u00f9, avorio, bianco sporco) sono stati scelti proprio perch\u00e9 sono universalmente compatibili con qualsiasi palette, rendendo il lino un investimento estetico che non passa mai di moda.<\/p>\n\t\t<\/div>\n\t\t[\/vc_tta_section][\/vc_tta_accordion]\t\t<div id=\"wd-6a4e1881835d1\" class=\"wd-text-block wd-wpb reset-last-child wd-rs-6a4e1881835d1 text-left \">\n\t\t\t<p><strong>Marini&amp;Gerardi: il metodo del su misura, senza distanze<\/strong><br \/>\nLa scelta del tessuto e della confezione non ammette approssimazioni. Sappiamo che selezionare le tende ideali online pu\u00f2 sembrare un'impresa, ed \u00e8 per questo che in Marini&amp;Gerardi abbiamo strutturato un servizio in grado di abbattere le distanze.<\/p>\n<p>Il nostro modello combina la precisione del su misura artigianale con l\u2019efficienza di una consulenza digitale dedicata. Ci occupiamo di ogni fase, assicurandoci che il risultato finale non sia solo esteticamente coerente con il vostro gusto, ma tecnicamente impeccabile nelle misure e nella scelta dei materiali.<\/p>\n\t\t<\/div>\n\t\t[vc_message message_box_style=\"outline\" css=\"\"]<strong>MARINI &amp; GERARDI s.r.l<\/strong> <a href=\"https:\/\/www.marinigerardi.it\/shop\/categoria-prodotto\/tende-da-interni\/tende-in-lino\/\"><strong>Tende in Lino<\/strong><\/a> e <a href=\"https:\/\/www.marinigerardi.it\/shop\/categoria-prodotto\/biancheria-letto\/\"><strong>Biancheria letto<\/strong><\/a> per Casa\r\nLinea diretta: Mobile; 389 1537 793\u00a0<strong>E-Mail: assistenza@marinigerardi.it<\/strong>\r\n<strong>Unico Showroom:<\/strong>\u00a0Via F. Rubichi,2 - 73047 Monteroni di Lecce - Puglia (Salento)\u00a0 per appuntamento.[\/vc_message][\/vc_column][\/vc_row]<\/div>[\/vc_column][\/vc_row]<\/p>\n<\/div>","protected":false},"excerpt":{"rendered":"<p>[vc_row][vc_column][vc_empty_space woodmart_hide_large=&#8221;0&#8243; woodmart_hide_medium=&#8221;0&#8243; woodmart_hide_small=&#8221;0&#8243; woodmart_hide_extra_small=&#8221;0&#8243;][\/vc_column][\/vc_row]<\/p>\n","protected":false},"author":1,"featured_media":96648,"comment_status":"closed","ping_status":"closed","sticky":false,"template":"","format":"standard","meta":{"footnotes":""},"categories":[2002,2366],"tags":[2661,2368,2662,2288],"class_list":["post-34668","post","type-post","status-publish","format-standard","has-post-thumbnail","category-negozi-di-tende-in-citta","category-sicilia","tag-negozi-di-tende","tag-negozi-tende-per-interrni-palermo","tag-tendaggi","tag-tende"],"_links":{"self":[{"href":"https:\/\/www.marinigerardi.it\/shop\/wp-json\/wp\/v2\/posts\/34668","targetHints":{"allow":["GET"]}}],"collection":[{"href":"https:\/\/www.marinigerardi.it\/shop\/wp-json\/wp\/v2\/posts"}],"about":[{"href":"https:\/\/www.marinigerardi.it\/shop\/wp-json\/wp\/v2\/types\/post"}],"author":[{"embeddable":true,"href":"https:\/\/www.marinigerardi.it\/shop\/wp-json\/wp\/v2\/users\/1"}],"replies":[{"embeddable":true,"href":"https:\/\/www.marinigerardi.it\/shop\/wp-json\/wp\/v2\/comments?post=34668"}],"version-history":[{"count":3,"href":"https:\/\/www.marinigerardi.it\/shop\/wp-json\/wp\/v2\/posts\/34668\/revisions"}],"predecessor-version":[{"id":96647,"href":"https:\/\/www.marinigerardi.it\/shop\/wp-json\/wp\/v2\/posts\/34668\/revisions\/96647"}],"wp:featuredmedia":[{"embeddable":true,"href":"https:\/\/www.marinigerardi.it\/shop\/wp-json\/wp\/v2\/media\/96648"}],"wp:attachment":[{"href":"https:\/\/www.marinigerardi.it\/shop\/wp-json\/wp\/v2\/media?parent=34668"}],"wp:term":[{"taxonomy":"category","embeddable":true,"href":"https:\/\/www.marinigerardi.it\/shop\/wp-json\/wp\/v2\/categories?post=34668"},{"taxonomy":"post_tag","embeddable":true,"href":"https:\/\/www.marinigerardi.it\/shop\/wp-json\/wp\/v2\/tags?post=34668"}],"curies":[{"name":"wp","href":"https:\/\/api.w.org\/{rel}","templated":true}]}}