{"id":34418,"date":"2022-02-02T18:32:38","date_gmt":"2022-02-02T18:32:38","guid":{"rendered":"https:\/\/www.marinigerardi.it\/shop\/?p=34418"},"modified":"2025-10-15T17:03:34","modified_gmt":"2025-10-15T17:03:34","slug":"negozi-tende-a-sassari","status":"publish","type":"post","link":"https:\/\/www.marinigerardi.it\/shop\/negozi-tende-a-sassari\/","title":{"rendered":"Negozi Tende a Sassari"},"content":{"rendered":"<div class=\"wpb-content-wrapper\" id=\"wpb-content-root\"><p>[vc_row full_width=&#8221;stretch_row&#8221; content_placement=&#8221;middle&#8221; mobile_bg_img_hidden=&#8221;no&#8221; tablet_bg_img_hidden=&#8221;no&#8221; woodmart_parallax=&#8221;0&#8243; woodmart_gradient_switch=&#8221;no&#8221; row_reverse_mobile=&#8221;0&#8243; row_reverse_tablet=&#8221;0&#8243; woodmart_disable_overflow=&#8221;0&#8243; woodmart_css_id=&#8221;61a4abdddb981&#8243; woodmart_box_shadow=&#8221;no&#8221; wd_z_index=&#8221;no&#8221;][vc_column]\n\t\t<div id=\"wd-68efd30850fc5\" class=\"title-wrapper wd-wpb wd-set-mb reset-last-child  wd-rs-68efd30850fc5 wd-title-color-default wd-title-style-bordered text-center  wd-underline-colored\">\n\t\t\t\n\t\t\t<div class=\"liner-continer\">\n\t\t\t\t<h2 class=\"woodmart-title-container title  wd-font-weight-600 wd-fontsize-l\" >Negozi Tende a Sassari<\/h2>\n\t\t\t\t\t\t\t<\/div>\n\t\t\t\n\t\t\t\t\t\t\t<div class=\"title-after_title reset-last-child  wd-fontsize-xs\">Tende in Lino Alta Qualit\u00e0 - Marini&amp;Gerardi Ultime Tendenze Foto Idee Consigli per Rinnovare Casa<\/div>\n\t\t\t\n\t\t\t\n\t\t<\/div>\n\t\t\n\t\t\t\t<div id=\"wd-68efd26b33ff5\" class=\"wd-text-block wd-wpb reset-last-child wd-rs-68efd26b33ff5 text-left \">\n\t\t\t<p>La bellezza non conosce distanze. Sappiamo quanto l&#8217;arredo in Sardegna, e in particolare a <b>Sassari<\/b>, valorizzi l&#8217;eleganza, la luminosit\u00e0 e il legame con la natura. Per questo, siamo lieti di annunciare che oggi \u00e8 pi\u00f9 semplice che mai vestire le vostre finestre con la qualit\u00e0, l&#8217;artigianalit\u00e0 e lo stile inconfondibile che nascono nei nostri laboratori.<\/p>\n<p><a href=\"https:\/\/www.marinigerardi.it\/shop\/negozi-tende-a-sassari\/\">Le nostre tende<\/a> non sono prodotti seriali. Sono creazioni <b>disegnate e realizzate a mano<\/b> dai migliori artigiani del Salento, custodi di una tradizione tessile che infonde in ogni pezzo un&#8217;anima unica. \u00c8 un&#8217;arte lenta, precisa, che garantisce quel dettaglio prezioso che fa la differenza nel vostro ambiente.<\/p>\n\t\t<\/div>\n\t\t[\/vc_column][\/vc_row][vc_row gap=&#8221;10&#8243; equal_height=&#8221;yes&#8221; content_placement=&#8221;middle&#8221; woodmart_css_id=&#8221;651d38ff61cfe&#8221; mobile_bg_img_hidden=&#8221;no&#8221; tablet_bg_img_hidden=&#8221;no&#8221; woodmart_parallax=&#8221;0&#8243; woodmart_gradient_switch=&#8221;no&#8221; woodmart_box_shadow=&#8221;no&#8221; wd_z_index=&#8221;no&#8221; woodmart_disable_overflow=&#8221;0&#8243; row_reverse_mobile=&#8221;0&#8243; row_reverse_tablet=&#8221;0&#8243; css=&#8221;.vc_custom_1696413959654{background-color: #f3f3f3 !important;}&#8221; responsive_spacing=&#8221;eyJwYXJhbV90eXBlIjoid29vZG1hcnRfcmVzcG9uc2l2ZV9zcGFjaW5nIiwic2VsZWN0b3JfaWQiOiI2NTFkMzhmZjYxY2ZlIiwic2hvcnRjb2RlIjoidmNfcm93IiwiZGF0YSI6eyJ0YWJsZXQiOnt9LCJtb2JpbGUiOnt9fX0=&#8221;][vc_column]<div class=\"woocommerce columns-2 \"><div class=\"wd-products-element\">\t\t\t<div class=\"wd-sticky-loader wd-deferred wd-content-loader\"><span class=\"wd-loader\"><\/span><\/div>\n\t\t\n<div class=\"products wd-products wd-grid-g grid-columns-3 elements-grid pagination-infinit wd-loop-builder-off title-line-two wd-stretch-cont-lg wd-products-with-shadow\" data-source=\"main_loop\" data-min_price=\"\" data-max_price=\"\" data-columns=\"3\" style=\"--wd-col-lg:3;--wd-col-md:3;--wd-col-sm:2;--wd-gap-lg:20px;--wd-gap-sm:10px;\">\n<div class=\"wd-product wd-col wd-hover-standard product-grid-item product type-product post-35940 status-publish last instock product_cat-tende product_cat-tende-da-interni product_cat-tende-in-lino product_cat-tende-lino product_cat-tende-moderne product_cat-tende-su-misura product_tag-tende product_tag-tende-di-lino product_tag-tende-di-lino-moderne product_tag-tende-in-lino has-post-thumbnail taxable shipping-taxable purchasable product-type-simple\" data-loop=\"1\" data-id=\"35940\">\n\t\n<div class=\"wd-product-wrapper product-wrapper\">\n\t<div class=\"wd-product-thumb product-element-top wd-quick-shop\">\n\t\t<a href=\"https:\/\/www.marinigerardi.it\/shop\/prodotto\/antenore-tende-design-moderno\/\" class=\"wd-product-img-link product-image-link\" tabindex=\"-1\" aria-label=\"ANTENORE &#8211; Tende Design Moderno in Lino Stropicciato\">\n\t\t\t\t\t<div class=\"wd-product-grid-slider wd-fill\">\n\t\t\t\t\t\t\t<div class=\"wd-product-grid-slide\" data-image-url=\"https:\/\/www.marinigerardi.it\/shop\/wp-content\/uploads\/2022\/04\/tende-design-moderno-lino-stropicciato-antenore-250x188.jpg\" data-image-srcset=\"https:\/\/www.marinigerardi.it\/shop\/wp-content\/uploads\/2022\/04\/tende-design-moderno-lino-stropicciato-antenore-250x188.jpg 250w, https:\/\/www.marinigerardi.it\/shop\/wp-content\/uploads\/2022\/04\/tende-design-moderno-lino-stropicciato-antenore-600x450.jpg 600w, https:\/\/www.marinigerardi.it\/shop\/wp-content\/uploads\/2022\/04\/tende-design-moderno-lino-stropicciato-antenore-300x225.jpg 300w, https:\/\/www.marinigerardi.it\/shop\/wp-content\/uploads\/2022\/04\/tende-design-moderno-lino-stropicciato-antenore-768x576.jpg 768w, https:\/\/www.marinigerardi.it\/shop\/wp-content\/uploads\/2022\/04\/tende-design-moderno-lino-stropicciato-antenore.jpg 1024w\" data-image-id=\"0\"><\/div>\n\t\t\t\t\t\t\t<div class=\"wd-product-grid-slide\" data-image-url=\"https:\/\/www.marinigerardi.it\/shop\/wp-content\/uploads\/2022\/04\/tende-di-design-in-lino-panna-bordeaux-250x188.jpg\" data-image-srcset=\"https:\/\/www.marinigerardi.it\/shop\/wp-content\/uploads\/2022\/04\/tende-di-design-in-lino-panna-bordeaux-250x188.jpg 250w, https:\/\/www.marinigerardi.it\/shop\/wp-content\/uploads\/2022\/04\/tende-di-design-in-lino-panna-bordeaux-600x450.jpg 600w, https:\/\/www.marinigerardi.it\/shop\/wp-content\/uploads\/2022\/04\/tende-di-design-in-lino-panna-bordeaux-300x225.jpg 300w, https:\/\/www.marinigerardi.it\/shop\/wp-content\/uploads\/2022\/04\/tende-di-design-in-lino-panna-bordeaux-768x576.jpg 768w, https:\/\/www.marinigerardi.it\/shop\/wp-content\/uploads\/2022\/04\/tende-di-design-in-lino-panna-bordeaux.jpg 1024w\" data-image-id=\"1\"><\/div>\n\t\t\t\t\t\t\t<div class=\"wd-product-grid-slide\" data-image-url=\"https:\/\/www.marinigerardi.it\/shop\/wp-content\/uploads\/2022\/04\/tende-design-moderno-lino-stropicciato-riquadri-sfilacciati-250x188.jpg\" data-image-srcset=\"https:\/\/www.marinigerardi.it\/shop\/wp-content\/uploads\/2022\/04\/tende-design-moderno-lino-stropicciato-riquadri-sfilacciati-250x188.jpg 250w, https:\/\/www.marinigerardi.it\/shop\/wp-content\/uploads\/2022\/04\/tende-design-moderno-lino-stropicciato-riquadri-sfilacciati-600x450.jpg 600w, https:\/\/www.marinigerardi.it\/shop\/wp-content\/uploads\/2022\/04\/tende-design-moderno-lino-stropicciato-riquadri-sfilacciati-300x225.jpg 300w, https:\/\/www.marinigerardi.it\/shop\/wp-content\/uploads\/2022\/04\/tende-design-moderno-lino-stropicciato-riquadri-sfilacciati-768x576.jpg 768w, https:\/\/www.marinigerardi.it\/shop\/wp-content\/uploads\/2022\/04\/tende-design-moderno-lino-stropicciato-riquadri-sfilacciati.jpg 1024w\" data-image-id=\"2\"><\/div>\n\t\t\t\t\t<\/div>\n\n\t\t\n\t\t\t\t\t\t\t<div class=\"wd-product-grid-slider-pagin\">\n\t\t\t\t\t\t\t<div data-image-id=\"0\" class=\"wd-product-grid-slider-dot\"><\/div>\n\t\t\t\t\t\t\t<div data-image-id=\"1\" class=\"wd-product-grid-slider-dot\"><\/div>\n\t\t\t\t\t\t\t<div data-image-id=\"2\" class=\"wd-product-grid-slider-dot\"><\/div>\n\t\t\t\t\t<\/div>\n\t\t\t\t\t\t<img decoding=\"async\" width=\"250\" height=\"188\" src=\"https:\/\/www.marinigerardi.it\/shop\/wp-content\/uploads\/2022\/04\/tende-design-moderno-lino-stropicciato-antenore-250x188.jpg\" class=\"attachment-woocommerce_thumbnail size-woocommerce_thumbnail\" alt=\"tende design moderno lino stropicciato antenore - Marini &amp; Gerardi\" srcset=\"https:\/\/www.marinigerardi.it\/shop\/wp-content\/uploads\/2022\/04\/tende-design-moderno-lino-stropicciato-antenore-250x188.jpg 250w, https:\/\/www.marinigerardi.it\/shop\/wp-content\/uploads\/2022\/04\/tende-design-moderno-lino-stropicciato-antenore-600x450.jpg 600w, https:\/\/www.marinigerardi.it\/shop\/wp-content\/uploads\/2022\/04\/tende-design-moderno-lino-stropicciato-antenore-300x225.jpg.avif 300w, https:\/\/www.marinigerardi.it\/shop\/wp-content\/uploads\/2022\/04\/tende-design-moderno-lino-stropicciato-antenore-768x576.jpg.avif 768w, https:\/\/www.marinigerardi.it\/shop\/wp-content\/uploads\/2022\/04\/tende-design-moderno-lino-stropicciato-antenore.jpg.webp 1024w\" sizes=\"(max-width: 250px) 100vw, 250px\" \/>\t\t<\/a>\n\n\t\t\n\t\t<div class=\"wd-buttons wd-pos-r-t\">\n\t\t\t\t\t\t\t\t\t\t\t\t\t\t<\/div>\n\t<\/div>\n\n\t\t<div class=\"product-element-bottom\">\n\t\n\t\n\t<h3 class=\"wd-entities-title\"><a href=\"https:\/\/www.marinigerardi.it\/shop\/prodotto\/antenore-tende-design-moderno\/\">ANTENORE &#8211; Tende Design Moderno in Lino Stropicciato<\/a><\/h3>\n\t\t\t\t\t\t<p class=\"wd-product-stock stock wd-style-default in-stock\">Disponibile<\/p>\n\t\t\n\t\n\t<span class=\"price\">239,00&nbsp;&euro;<\/span>\n\n\t<div class=\"wd-add-btn wd-add-btn-replace\">\n\t\t\n\t\t<a href=\"https:\/\/www.marinigerardi.it\/shop\/prodotto\/antenore-tende-design-moderno\/\" class=\"button product_type_simple add-to-cart-loop mg-detail-btn\"><span class=\"wd-action-icon\"><span class=\"wd-check-icon\"><\/span><\/span><span class=\"wd-action-text\">Vedi dettagli<\/span><\/a>\t<\/div>\n\n\t\n\t\n\t\t\t<\/div>\n\t<\/div>\n<\/div>\n<div class=\"wd-product wd-col wd-hover-standard product-grid-item product type-product post-7743 status-publish first instock product_cat-tende-da-interni product_cat-tende-in-lino product_cat-tende-interni product_cat-tende-lino product_cat-tende-su-misura product_tag-tenda-soggiorno product_tag-tende product_tag-tende-di-lino product_tag-tende-in-lino product_tag-tende-in-puro-lino product_tag-tende-moderne has-post-thumbnail taxable shipping-taxable purchasable product-type-simple\" data-loop=\"2\" data-id=\"7743\">\n\t\n<div class=\"wd-product-wrapper product-wrapper\">\n\t<div class=\"wd-product-thumb product-element-top wd-quick-shop\">\n\t\t<a href=\"https:\/\/www.marinigerardi.it\/shop\/prodotto\/tenda-soggiorno\/\" class=\"wd-product-img-link product-image-link\" tabindex=\"-1\" aria-label=\"CORSANO &#8211; Tenda Soggiorno con Balza\">\n\t\t\t\t\t<div class=\"wd-product-grid-slider wd-fill\">\n\t\t\t\t\t\t\t<div class=\"wd-product-grid-slide\" data-image-url=\"https:\/\/www.marinigerardi.it\/shop\/wp-content\/uploads\/2023\/10\/Tenda-lino-moderna-a-righe-per-soggiorno-250x188.jpg\" data-image-srcset=\"https:\/\/www.marinigerardi.it\/shop\/wp-content\/uploads\/2023\/10\/Tenda-lino-moderna-a-righe-per-soggiorno-250x188.jpg 250w, https:\/\/www.marinigerardi.it\/shop\/wp-content\/uploads\/2023\/10\/Tenda-lino-moderna-a-righe-per-soggiorno-600x450.jpg 600w, https:\/\/www.marinigerardi.it\/shop\/wp-content\/uploads\/2023\/10\/Tenda-lino-moderna-a-righe-per-soggiorno-300x225.jpg 300w, https:\/\/www.marinigerardi.it\/shop\/wp-content\/uploads\/2023\/10\/Tenda-lino-moderna-a-righe-per-soggiorno-768x576.jpg 768w, https:\/\/www.marinigerardi.it\/shop\/wp-content\/uploads\/2023\/10\/Tenda-lino-moderna-a-righe-per-soggiorno.jpg 1024w\" data-image-id=\"0\"><\/div>\n\t\t\t\t\t\t\t<div class=\"wd-product-grid-slide\" data-image-url=\"https:\/\/www.marinigerardi.it\/shop\/wp-content\/uploads\/2021\/01\/Tenda-puro-lino-in-combinazione-righe-quadri-Corsano-250x188.jpg\" data-image-srcset=\"https:\/\/www.marinigerardi.it\/shop\/wp-content\/uploads\/2021\/01\/Tenda-puro-lino-in-combinazione-righe-quadri-Corsano-250x188.jpg 250w, https:\/\/www.marinigerardi.it\/shop\/wp-content\/uploads\/2021\/01\/Tenda-puro-lino-in-combinazione-righe-quadri-Corsano-600x450.jpg 600w, https:\/\/www.marinigerardi.it\/shop\/wp-content\/uploads\/2021\/01\/Tenda-puro-lino-in-combinazione-righe-quadri-Corsano-300x225.jpg 300w, https:\/\/www.marinigerardi.it\/shop\/wp-content\/uploads\/2021\/01\/Tenda-puro-lino-in-combinazione-righe-quadri-Corsano-768x576.jpg 768w, https:\/\/www.marinigerardi.it\/shop\/wp-content\/uploads\/2021\/01\/Tenda-puro-lino-in-combinazione-righe-quadri-Corsano.jpg 1024w\" data-image-id=\"1\"><\/div>\n\t\t\t\t\t\t\t<div class=\"wd-product-grid-slide\" data-image-url=\"https:\/\/www.marinigerardi.it\/shop\/wp-content\/uploads\/2021\/01\/tessuto-a-righe-per-arredamento-in-lino-vendita-giallo-canarino-250x188.jpg\" data-image-srcset=\"https:\/\/www.marinigerardi.it\/shop\/wp-content\/uploads\/2021\/01\/tessuto-a-righe-per-arredamento-in-lino-vendita-giallo-canarino-250x188.jpg 250w, https:\/\/www.marinigerardi.it\/shop\/wp-content\/uploads\/2021\/01\/tessuto-a-righe-per-arredamento-in-lino-vendita-giallo-canarino-600x450.jpg 600w, https:\/\/www.marinigerardi.it\/shop\/wp-content\/uploads\/2021\/01\/tessuto-a-righe-per-arredamento-in-lino-vendita-giallo-canarino-300x225.jpg 300w, https:\/\/www.marinigerardi.it\/shop\/wp-content\/uploads\/2021\/01\/tessuto-a-righe-per-arredamento-in-lino-vendita-giallo-canarino-768x576.jpg 768w, https:\/\/www.marinigerardi.it\/shop\/wp-content\/uploads\/2021\/01\/tessuto-a-righe-per-arredamento-in-lino-vendita-giallo-canarino.jpg 1024w\" data-image-id=\"2\"><\/div>\n\t\t\t\t\t<\/div>\n\n\t\t\n\t\t\t\t\t\t\t<div class=\"wd-product-grid-slider-pagin\">\n\t\t\t\t\t\t\t<div data-image-id=\"0\" class=\"wd-product-grid-slider-dot\"><\/div>\n\t\t\t\t\t\t\t<div data-image-id=\"1\" class=\"wd-product-grid-slider-dot\"><\/div>\n\t\t\t\t\t\t\t<div data-image-id=\"2\" class=\"wd-product-grid-slider-dot\"><\/div>\n\t\t\t\t\t<\/div>\n\t\t\t\t\t\t<img decoding=\"async\" width=\"250\" height=\"188\" src=\"https:\/\/www.marinigerardi.it\/shop\/wp-content\/uploads\/2023\/10\/Tenda-lino-moderna-a-righe-per-soggiorno-250x188.jpg\" class=\"attachment-woocommerce_thumbnail size-woocommerce_thumbnail\" alt=\"CORSANO - Tenda Soggiorno con Balza\" srcset=\"https:\/\/www.marinigerardi.it\/shop\/wp-content\/uploads\/2023\/10\/Tenda-lino-moderna-a-righe-per-soggiorno-250x188.jpg 250w, https:\/\/www.marinigerardi.it\/shop\/wp-content\/uploads\/2023\/10\/Tenda-lino-moderna-a-righe-per-soggiorno-600x450.jpg 600w, https:\/\/www.marinigerardi.it\/shop\/wp-content\/uploads\/2023\/10\/Tenda-lino-moderna-a-righe-per-soggiorno-300x225.jpg.avif 300w, https:\/\/www.marinigerardi.it\/shop\/wp-content\/uploads\/2023\/10\/Tenda-lino-moderna-a-righe-per-soggiorno-768x576.jpg.avif 768w, https:\/\/www.marinigerardi.it\/shop\/wp-content\/uploads\/2023\/10\/Tenda-lino-moderna-a-righe-per-soggiorno.jpg.webp 1024w\" sizes=\"(max-width: 250px) 100vw, 250px\" \/>\t\t<\/a>\n\n\t\t\n\t\t<div class=\"wd-buttons wd-pos-r-t\">\n\t\t\t\t\t\t\t\t\t\t\t\t\t\t<\/div>\n\t<\/div>\n\n\t\t<div class=\"product-element-bottom\">\n\t\n\t\n\t<h3 class=\"wd-entities-title\"><a href=\"https:\/\/www.marinigerardi.it\/shop\/prodotto\/tenda-soggiorno\/\">CORSANO &#8211; Tenda Soggiorno con Balza<\/a><\/h3>\n\t\t\t\t\t\t\n\t\t\t\t<div class=\"star-rating\" role=\"img\" aria-label=\"Valutato 5.00 su 5\">\n\t\t\t\t\t<span style=\"width:100%\">\n\t\t\tValutato <strong class=\"rating\">5.00<\/strong> su 5\t\t<\/span>\n\t\t\t\t<\/div>\n\n\t\t\n\t\t\t\t\t\t\t\t\t<p class=\"wd-product-stock stock wd-style-default in-stock\">Disponibile<\/p>\n\t\t\n\t\n\t<span class=\"price\">251,00&nbsp;&euro;<\/span>\n\n\t<div class=\"wd-add-btn wd-add-btn-replace\">\n\t\t\n\t\t<a href=\"https:\/\/www.marinigerardi.it\/shop\/prodotto\/tenda-soggiorno\/\" class=\"button product_type_simple add-to-cart-loop mg-detail-btn\"><span class=\"wd-action-icon\"><span class=\"wd-check-icon\"><\/span><\/span><span class=\"wd-action-text\">Vedi dettagli<\/span><\/a>\t<\/div>\n\n\t\n\t\n\t\t\t<\/div>\n\t<\/div>\n<\/div>\n<div class=\"wd-product wd-col wd-hover-standard product-grid-item product type-product post-73609 status-publish last instock product_cat-tende-cameretta has-post-thumbnail taxable shipping-taxable purchasable product-type-simple\" data-loop=\"3\" data-id=\"73609\">\n\t\n<div class=\"wd-product-wrapper product-wrapper\">\n\t<div class=\"wd-product-thumb product-element-top wd-quick-shop\">\n\t\t<a href=\"https:\/\/www.marinigerardi.it\/shop\/prodotto\/tende-per-cameretta-bambina\/\" class=\"wd-product-img-link product-image-link\" tabindex=\"-1\" aria-label=\"LA MONGOLFIERA : Tende per cameretta bambina in Cotone Ricamato\">\n\t\t\t<img decoding=\"async\" width=\"250\" height=\"250\" src=\"https:\/\/www.marinigerardi.it\/shop\/wp-content\/uploads\/2025\/02\/Tessuto-pe-tenda-idee-per-camerette-bimba-in-Cotone-Ricamato-250x250.jpg\" class=\"attachment-woocommerce_thumbnail size-woocommerce_thumbnail\" alt=\"Tende per cameretta bambina in Cotone Ricamato\" srcset=\"https:\/\/www.marinigerardi.it\/shop\/wp-content\/uploads\/2025\/02\/Tessuto-pe-tenda-idee-per-camerette-bimba-in-Cotone-Ricamato-250x250.jpg 250w, https:\/\/www.marinigerardi.it\/shop\/wp-content\/uploads\/2025\/02\/Tessuto-pe-tenda-idee-per-camerette-bimba-in-Cotone-Ricamato-600x600.jpg 600w, https:\/\/www.marinigerardi.it\/shop\/wp-content\/uploads\/2025\/02\/Tessuto-pe-tenda-idee-per-camerette-bimba-in-Cotone-Ricamato-300x300.jpg.avif 300w, https:\/\/www.marinigerardi.it\/shop\/wp-content\/uploads\/2025\/02\/Tessuto-pe-tenda-idee-per-camerette-bimba-in-Cotone-Ricamato-150x150.jpg.avif 150w, https:\/\/www.marinigerardi.it\/shop\/wp-content\/uploads\/2025\/02\/Tessuto-pe-tenda-idee-per-camerette-bimba-in-Cotone-Ricamato-768x768.jpg.avif 768w, https:\/\/www.marinigerardi.it\/shop\/wp-content\/uploads\/2025\/02\/Tessuto-pe-tenda-idee-per-camerette-bimba-in-Cotone-Ricamato.jpg.webp 800w\" sizes=\"(max-width: 250px) 100vw, 250px\" \/>\t\t<\/a>\n\n\t\t\n\t\t<div class=\"wd-buttons wd-pos-r-t\">\n\t\t\t\t\t\t\t\t\t\t\t\t\t\t<\/div>\n\t<\/div>\n\n\t\t<div class=\"product-element-bottom\">\n\t\n\t\n\t<h3 class=\"wd-entities-title\"><a href=\"https:\/\/www.marinigerardi.it\/shop\/prodotto\/tende-per-cameretta-bambina\/\">LA MONGOLFIERA : Tende per cameretta bambina in Cotone Ricamato<\/a><\/h3>\n\t\t\t\t\t\t<p class=\"wd-product-stock stock wd-style-default in-stock\">Disponibile<\/p>\n\t\t\n\t\n\t<span class=\"price\">381,50&nbsp;&euro;<\/span>\n\n\t<div class=\"wd-add-btn wd-add-btn-replace\">\n\t\t\n\t\t<a href=\"https:\/\/www.marinigerardi.it\/shop\/prodotto\/tende-per-cameretta-bambina\/\" class=\"button product_type_simple add-to-cart-loop mg-detail-btn\"><span class=\"wd-action-icon\"><span class=\"wd-check-icon\"><\/span><\/span><span class=\"wd-action-text\">Vedi dettagli<\/span><\/a>\t<\/div>\n\n\t\n\t\n\t\t\t<\/div>\n\t<\/div>\n<\/div>\n<div class=\"wd-product wd-col wd-hover-standard product-grid-item product type-product post-36475 status-publish first instock product_cat-tende-a-vetrasse product_cat-tende-a-vetro product_cat-tende-a-vetro-classiche product_cat-tende-da-interni product_cat-tendine product_tag-tende-a-vetro-shabby product_tag-tendine-per-cucina-shabby has-post-thumbnail purchasable product-type-simple\" data-loop=\"4\" data-id=\"36475\">\n\t\n<div class=\"wd-product-wrapper product-wrapper\">\n\t<div class=\"wd-product-thumb product-element-top wd-quick-shop\">\n\t\t<a href=\"https:\/\/www.marinigerardi.it\/shop\/prodotto\/lambada-tendine-per-cucina-shabby-chic\/\" class=\"wd-product-img-link product-image-link\" tabindex=\"-1\" aria-label=\"LAMBADA mini &#8211; Tendine per cucina Shabby Chic Lino Stropicciato\">\n\t\t\t\t\t<div class=\"wd-product-grid-slider wd-fill\">\n\t\t\t\t\t\t\t<div class=\"wd-product-grid-slide\" data-image-url=\"https:\/\/www.marinigerardi.it\/shop\/wp-content\/uploads\/2022\/04\/tendine-moderne-in-cucina-con-frange-righe-verticali-250x188.jpg\" data-image-srcset=\"https:\/\/www.marinigerardi.it\/shop\/wp-content\/uploads\/2022\/04\/tendine-moderne-in-cucina-con-frange-righe-verticali-250x188.jpg 250w, https:\/\/www.marinigerardi.it\/shop\/wp-content\/uploads\/2022\/04\/tendine-moderne-in-cucina-con-frange-righe-verticali-600x450.jpg 600w, https:\/\/www.marinigerardi.it\/shop\/wp-content\/uploads\/2022\/04\/tendine-moderne-in-cucina-con-frange-righe-verticali-300x225.jpg 300w, https:\/\/www.marinigerardi.it\/shop\/wp-content\/uploads\/2022\/04\/tendine-moderne-in-cucina-con-frange-righe-verticali-768x576.jpg 768w, https:\/\/www.marinigerardi.it\/shop\/wp-content\/uploads\/2022\/04\/tendine-moderne-in-cucina-con-frange-righe-verticali.jpg 1024w\" data-image-id=\"0\"><\/div>\n\t\t\t\t\t\t\t<div class=\"wd-product-grid-slide\" data-image-url=\"https:\/\/www.marinigerardi.it\/shop\/wp-content\/uploads\/2022\/04\/tendine-moderne-in-lino-con-frange-righe-verticali-250x188.jpg\" data-image-srcset=\"https:\/\/www.marinigerardi.it\/shop\/wp-content\/uploads\/2022\/04\/tendine-moderne-in-lino-con-frange-righe-verticali-250x188.jpg 250w, https:\/\/www.marinigerardi.it\/shop\/wp-content\/uploads\/2022\/04\/tendine-moderne-in-lino-con-frange-righe-verticali-600x450.jpg 600w, https:\/\/www.marinigerardi.it\/shop\/wp-content\/uploads\/2022\/04\/tendine-moderne-in-lino-con-frange-righe-verticali-300x225.jpg 300w, https:\/\/www.marinigerardi.it\/shop\/wp-content\/uploads\/2022\/04\/tendine-moderne-in-lino-con-frange-righe-verticali-768x576.jpg 768w, https:\/\/www.marinigerardi.it\/shop\/wp-content\/uploads\/2022\/04\/tendine-moderne-in-lino-con-frange-righe-verticali.jpg 1024w\" data-image-id=\"1\"><\/div>\n\t\t\t\t\t\t\t<div class=\"wd-product-grid-slide\" data-image-url=\"https:\/\/www.marinigerardi.it\/shop\/wp-content\/uploads\/2022\/04\/tendine-per-cucina-shabby-con-frange-lino-stropicciato-250x188.jpg\" data-image-srcset=\"https:\/\/www.marinigerardi.it\/shop\/wp-content\/uploads\/2022\/04\/tendine-per-cucina-shabby-con-frange-lino-stropicciato-250x188.jpg 250w, https:\/\/www.marinigerardi.it\/shop\/wp-content\/uploads\/2022\/04\/tendine-per-cucina-shabby-con-frange-lino-stropicciato-600x450.jpg 600w, https:\/\/www.marinigerardi.it\/shop\/wp-content\/uploads\/2022\/04\/tendine-per-cucina-shabby-con-frange-lino-stropicciato-300x225.jpg 300w, https:\/\/www.marinigerardi.it\/shop\/wp-content\/uploads\/2022\/04\/tendine-per-cucina-shabby-con-frange-lino-stropicciato-768x576.jpg 768w, https:\/\/www.marinigerardi.it\/shop\/wp-content\/uploads\/2022\/04\/tendine-per-cucina-shabby-con-frange-lino-stropicciato.jpg 1024w\" data-image-id=\"2\"><\/div>\n\t\t\t\t\t<\/div>\n\n\t\t\n\t\t\t\t\t\t\t<div class=\"wd-product-grid-slider-pagin\">\n\t\t\t\t\t\t\t<div data-image-id=\"0\" class=\"wd-product-grid-slider-dot\"><\/div>\n\t\t\t\t\t\t\t<div data-image-id=\"1\" class=\"wd-product-grid-slider-dot\"><\/div>\n\t\t\t\t\t\t\t<div data-image-id=\"2\" class=\"wd-product-grid-slider-dot\"><\/div>\n\t\t\t\t\t<\/div>\n\t\t\t\t\t\t<img decoding=\"async\" width=\"250\" height=\"188\" src=\"https:\/\/www.marinigerardi.it\/shop\/wp-content\/uploads\/2022\/04\/tendine-moderne-in-cucina-con-frange-righe-verticali-250x188.jpg\" class=\"attachment-woocommerce_thumbnail size-woocommerce_thumbnail\" alt=\"tendine moderne in cucina con frange righe verticali\" srcset=\"https:\/\/www.marinigerardi.it\/shop\/wp-content\/uploads\/2022\/04\/tendine-moderne-in-cucina-con-frange-righe-verticali-250x188.jpg 250w, https:\/\/www.marinigerardi.it\/shop\/wp-content\/uploads\/2022\/04\/tendine-moderne-in-cucina-con-frange-righe-verticali-600x450.jpg 600w, https:\/\/www.marinigerardi.it\/shop\/wp-content\/uploads\/2022\/04\/tendine-moderne-in-cucina-con-frange-righe-verticali-300x225.jpg.avif 300w, https:\/\/www.marinigerardi.it\/shop\/wp-content\/uploads\/2022\/04\/tendine-moderne-in-cucina-con-frange-righe-verticali-768x576.jpg.avif 768w, https:\/\/www.marinigerardi.it\/shop\/wp-content\/uploads\/2022\/04\/tendine-moderne-in-cucina-con-frange-righe-verticali.jpg.webp 1024w\" sizes=\"(max-width: 250px) 100vw, 250px\" \/>\t\t<\/a>\n\n\t\t\t\t\t<div class=\"product-labels labels-rectangular\">\n\t\t\t\t<span class=\"new product-label wd-shape-rect-sm\">Nuovo<\/span>\t\t\t<\/div>\n\t\t\t\n\t\t<div class=\"wd-buttons wd-pos-r-t\">\n\t\t\t\t\t\t\t\t\t\t\t\t\t\t<\/div>\n\t<\/div>\n\n\t\t<div class=\"product-element-bottom\">\n\t\n\t\n\t<h3 class=\"wd-entities-title\"><a href=\"https:\/\/www.marinigerardi.it\/shop\/prodotto\/lambada-tendine-per-cucina-shabby-chic\/\">LAMBADA mini &#8211; Tendine per cucina Shabby Chic Lino Stropicciato<\/a><\/h3>\n\t\t\t\t\t\t<p class=\"wd-product-stock stock wd-style-default in-stock\">Disponibile<\/p>\n\t\t\n\t\n\t<span class=\"price\">65,00&nbsp;&euro;<\/span>\n\n\t<div class=\"wd-add-btn wd-add-btn-replace\">\n\t\t\n\t\t<a href=\"https:\/\/www.marinigerardi.it\/shop\/prodotto\/lambada-tendine-per-cucina-shabby-chic\/\" class=\"button product_type_simple add-to-cart-loop mg-detail-btn\"><span class=\"wd-action-icon\"><span class=\"wd-check-icon\"><\/span><\/span><span class=\"wd-action-text\">Vedi dettagli<\/span><\/a>\t<\/div>\n\n\t\n\t\n\t\t\t<\/div>\n\t<\/div>\n<\/div>\n<div class=\"wd-product wd-col wd-hover-standard product-grid-item product type-product post-66620 status-publish last instock product_cat-tende-da-interni product_cat-tende-di-lino product_cat-tende-in-lino product_cat-tende-interni product_cat-tende-lino product_cat-tende-moderne product_cat-tende-su-misura product_tag-tende product_tag-tende-di-lino product_tag-tende-di-lino-moderne product_tag-tende-in-lino product_tag-tende-moderne product_tag-tende-soggiorno has-post-thumbnail taxable shipping-taxable purchasable product-type-simple\" data-loop=\"5\" data-id=\"66620\">\n\t\n<div class=\"wd-product-wrapper product-wrapper\">\n\t<div class=\"wd-product-thumb product-element-top wd-quick-shop\">\n\t\t<a href=\"https:\/\/www.marinigerardi.it\/shop\/prodotto\/tende-da-casa-moderne\/\" class=\"wd-product-img-link product-image-link\" tabindex=\"-1\" aria-label=\"Tende da Casa Moderne in Lino: il FASCINO del design fatto a mano\">\n\t\t\t\t\t<div class=\"wd-product-grid-slider wd-fill\">\n\t\t\t\t\t\t\t<div class=\"wd-product-grid-slide\" data-image-url=\"https:\/\/www.marinigerardi.it\/shop\/wp-content\/uploads\/2024\/03\/Tende-da-Casa-Moderne-in-Lino-design-foglie-lanceolate-artigianali-250x188.jpg\" data-image-srcset=\"https:\/\/www.marinigerardi.it\/shop\/wp-content\/uploads\/2024\/03\/Tende-da-Casa-Moderne-in-Lino-design-foglie-lanceolate-artigianali-250x188.jpg 250w, https:\/\/www.marinigerardi.it\/shop\/wp-content\/uploads\/2024\/03\/Tende-da-Casa-Moderne-in-Lino-design-foglie-lanceolate-artigianali-300x225.jpg 300w, https:\/\/www.marinigerardi.it\/shop\/wp-content\/uploads\/2024\/03\/Tende-da-Casa-Moderne-in-Lino-design-foglie-lanceolate-artigianali-768x576.jpg 768w, https:\/\/www.marinigerardi.it\/shop\/wp-content\/uploads\/2024\/03\/Tende-da-Casa-Moderne-in-Lino-design-foglie-lanceolate-artigianali-600x450.jpg 600w, https:\/\/www.marinigerardi.it\/shop\/wp-content\/uploads\/2024\/03\/Tende-da-Casa-Moderne-in-Lino-design-foglie-lanceolate-artigianali.jpg 1024w\" data-image-id=\"0\"><\/div>\n\t\t\t\t\t\t\t<div class=\"wd-product-grid-slide\" data-image-url=\"https:\/\/www.marinigerardi.it\/shop\/wp-content\/uploads\/2024\/03\/Tende-da-Casa-Moderne-in-Lino-bianco-con-clips-metalliche-250x188.jpg\" data-image-srcset=\"https:\/\/www.marinigerardi.it\/shop\/wp-content\/uploads\/2024\/03\/Tende-da-Casa-Moderne-in-Lino-bianco-con-clips-metalliche-250x188.jpg 250w, https:\/\/www.marinigerardi.it\/shop\/wp-content\/uploads\/2024\/03\/Tende-da-Casa-Moderne-in-Lino-bianco-con-clips-metalliche-600x450.jpg 600w, https:\/\/www.marinigerardi.it\/shop\/wp-content\/uploads\/2024\/03\/Tende-da-Casa-Moderne-in-Lino-bianco-con-clips-metalliche-300x225.jpg 300w, https:\/\/www.marinigerardi.it\/shop\/wp-content\/uploads\/2024\/03\/Tende-da-Casa-Moderne-in-Lino-bianco-con-clips-metalliche-768x576.jpg 768w, https:\/\/www.marinigerardi.it\/shop\/wp-content\/uploads\/2024\/03\/Tende-da-Casa-Moderne-in-Lino-bianco-con-clips-metalliche.jpg 1024w\" data-image-id=\"1\"><\/div>\n\t\t\t\t\t\t\t<div class=\"wd-product-grid-slide\" data-image-url=\"https:\/\/www.marinigerardi.it\/shop\/wp-content\/uploads\/2024\/03\/Tende-da-Casa-Moderne-su-misura-in-Lino-design-foglie-250x188.jpg\" data-image-srcset=\"https:\/\/www.marinigerardi.it\/shop\/wp-content\/uploads\/2024\/03\/Tende-da-Casa-Moderne-su-misura-in-Lino-design-foglie-250x188.jpg 250w, https:\/\/www.marinigerardi.it\/shop\/wp-content\/uploads\/2024\/03\/Tende-da-Casa-Moderne-su-misura-in-Lino-design-foglie-600x450.jpg 600w, https:\/\/www.marinigerardi.it\/shop\/wp-content\/uploads\/2024\/03\/Tende-da-Casa-Moderne-su-misura-in-Lino-design-foglie-300x225.jpg 300w, https:\/\/www.marinigerardi.it\/shop\/wp-content\/uploads\/2024\/03\/Tende-da-Casa-Moderne-su-misura-in-Lino-design-foglie-768x576.jpg 768w, https:\/\/www.marinigerardi.it\/shop\/wp-content\/uploads\/2024\/03\/Tende-da-Casa-Moderne-su-misura-in-Lino-design-foglie.jpg 1024w\" data-image-id=\"2\"><\/div>\n\t\t\t\t\t<\/div>\n\n\t\t\n\t\t\t\t\t\t\t<div class=\"wd-product-grid-slider-pagin\">\n\t\t\t\t\t\t\t<div data-image-id=\"0\" class=\"wd-product-grid-slider-dot\"><\/div>\n\t\t\t\t\t\t\t<div data-image-id=\"1\" class=\"wd-product-grid-slider-dot\"><\/div>\n\t\t\t\t\t\t\t<div data-image-id=\"2\" class=\"wd-product-grid-slider-dot\"><\/div>\n\t\t\t\t\t<\/div>\n\t\t\t\t\t\t<img decoding=\"async\" width=\"250\" height=\"188\" src=\"https:\/\/www.marinigerardi.it\/shop\/wp-content\/uploads\/2024\/03\/Tende-da-Casa-Moderne-in-Lino-design-foglie-lanceolate-artigianali-250x188.jpg.avif\" class=\"attachment-woocommerce_thumbnail size-woocommerce_thumbnail\" alt=\"Tende da casa moderne in lino design foglie lanceolate artigianali\" srcset=\"https:\/\/www.marinigerardi.it\/shop\/wp-content\/uploads\/2024\/03\/Tende-da-Casa-Moderne-in-Lino-design-foglie-lanceolate-artigianali-250x188.jpg.avif 250w, https:\/\/www.marinigerardi.it\/shop\/wp-content\/uploads\/2024\/03\/Tende-da-Casa-Moderne-in-Lino-design-foglie-lanceolate-artigianali-300x225.jpg.avif 300w, https:\/\/www.marinigerardi.it\/shop\/wp-content\/uploads\/2024\/03\/Tende-da-Casa-Moderne-in-Lino-design-foglie-lanceolate-artigianali-768x576.jpg.avif 768w, https:\/\/www.marinigerardi.it\/shop\/wp-content\/uploads\/2024\/03\/Tende-da-Casa-Moderne-in-Lino-design-foglie-lanceolate-artigianali-600x450.jpg.avif 600w, https:\/\/www.marinigerardi.it\/shop\/wp-content\/uploads\/2024\/03\/Tende-da-Casa-Moderne-in-Lino-design-foglie-lanceolate-artigianali.jpg.avif 1024w\" sizes=\"(max-width: 250px) 100vw, 250px\" \/>\t\t<\/a>\n\n\t\t\t\t\t<div class=\"product-labels labels-rectangular\">\n\t\t\t\t<span class=\"new product-label wd-shape-rect-sm\">Nuovo<\/span>\t\t\t<\/div>\n\t\t\t\n\t\t<div class=\"wd-buttons wd-pos-r-t\">\n\t\t\t\t\t\t\t\t\t\t\t\t\t\t<\/div>\n\t<\/div>\n\n\t\t<div class=\"product-element-bottom\">\n\t\n\t\n\t<h3 class=\"wd-entities-title\"><a href=\"https:\/\/www.marinigerardi.it\/shop\/prodotto\/tende-da-casa-moderne\/\">Tende da Casa Moderne in Lino: il FASCINO del design fatto a mano<\/a><\/h3>\n\t\t\t\t\t\t<p class=\"wd-product-stock stock wd-style-default in-stock\">Disponibile<\/p>\n\t\t\n\t\n\t<span class=\"price\">275,00&nbsp;&euro;<\/span>\n\n\t<div class=\"wd-add-btn wd-add-btn-replace\">\n\t\t\n\t\t<a href=\"https:\/\/www.marinigerardi.it\/shop\/prodotto\/tende-da-casa-moderne\/\" class=\"button product_type_simple add-to-cart-loop mg-detail-btn\"><span class=\"wd-action-icon\"><span class=\"wd-check-icon\"><\/span><\/span><span class=\"wd-action-text\">Vedi dettagli<\/span><\/a>\t<\/div>\n\n\t\n\t\n\t\t\t<\/div>\n\t<\/div>\n<\/div>\n<div class=\"wd-product wd-col wd-hover-standard product-grid-item product type-product post-73799 status-publish first instock product_cat-tende-cameretta has-post-thumbnail taxable shipping-taxable purchasable product-type-simple\" data-loop=\"6\" data-id=\"73799\">\n\t\n<div class=\"wd-product-wrapper product-wrapper\">\n\t<div class=\"wd-product-thumb product-element-top wd-quick-shop\">\n\t\t<a href=\"https:\/\/www.marinigerardi.it\/shop\/prodotto\/tende-per-cameretta-bimbo\/\" class=\"wd-product-img-link product-image-link\" tabindex=\"-1\" aria-label=\"GATTO COSMONAUTA : Tende per cameretta bimbo &#8211; Tende intergalattiche per sogni stellari!\">\n\t\t\t<img decoding=\"async\" width=\"250\" height=\"250\" src=\"https:\/\/www.marinigerardi.it\/shop\/wp-content\/uploads\/2025\/03\/Tende-per-cameretta-bimbo-tra-gatti-cosmonauta-250x250.avif\" class=\"attachment-woocommerce_thumbnail size-woocommerce_thumbnail\" alt=\"Tende per cameretta bimbo tra gatti cosmonauta\" srcset=\"https:\/\/www.marinigerardi.it\/shop\/wp-content\/uploads\/2025\/03\/Tende-per-cameretta-bimbo-tra-gatti-cosmonauta-250x250.avif 250w, https:\/\/www.marinigerardi.it\/shop\/wp-content\/uploads\/2025\/03\/Tende-per-cameretta-bimbo-tra-gatti-cosmonauta-300x300.avif 300w, https:\/\/www.marinigerardi.it\/shop\/wp-content\/uploads\/2025\/03\/Tende-per-cameretta-bimbo-tra-gatti-cosmonauta-150x150.avif 150w, https:\/\/www.marinigerardi.it\/shop\/wp-content\/uploads\/2025\/03\/Tende-per-cameretta-bimbo-tra-gatti-cosmonauta-768x768.avif 768w, https:\/\/www.marinigerardi.it\/shop\/wp-content\/uploads\/2025\/03\/Tende-per-cameretta-bimbo-tra-gatti-cosmonauta-600x600.avif 600w, https:\/\/www.marinigerardi.it\/shop\/wp-content\/uploads\/2025\/03\/Tende-per-cameretta-bimbo-tra-gatti-cosmonauta.avif 800w\" sizes=\"(max-width: 250px) 100vw, 250px\" \/>\t\t<\/a>\n\n\t\t\n\t\t<div class=\"wd-buttons wd-pos-r-t\">\n\t\t\t\t\t\t\t\t\t\t\t\t\t\t<\/div>\n\t<\/div>\n\n\t\t<div class=\"product-element-bottom\">\n\t\n\t\n\t<h3 class=\"wd-entities-title\"><a href=\"https:\/\/www.marinigerardi.it\/shop\/prodotto\/tende-per-cameretta-bimbo\/\">GATTO COSMONAUTA : Tende per cameretta bimbo &#8211; Tende intergalattiche per sogni stellari!<\/a><\/h3>\n\t\t\t\t\t\t<p class=\"wd-product-stock stock wd-style-default in-stock\">Disponibile<\/p>\n\t\t\n\t\n\t<span class=\"price\">180,50&nbsp;&euro;<\/span>\n\n\t<div class=\"wd-add-btn wd-add-btn-replace\">\n\t\t\n\t\t<a href=\"https:\/\/www.marinigerardi.it\/shop\/prodotto\/tende-per-cameretta-bimbo\/\" class=\"button product_type_simple add-to-cart-loop mg-detail-btn\"><span class=\"wd-action-icon\"><span class=\"wd-check-icon\"><\/span><\/span><span class=\"wd-action-text\">Vedi dettagli<\/span><\/a>\t<\/div>\n\n\t\n\t\n\t\t\t<\/div>\n\t<\/div>\n<\/div>\n<div class=\"wd-product wd-col wd-hover-standard product-grid-item product type-product post-58327 status-publish last instock product_cat-tende-a-vetro has-post-thumbnail taxable shipping-taxable purchasable product-type-simple\" data-loop=\"7\" data-id=\"58327\">\n\t\n<div class=\"wd-product-wrapper product-wrapper\">\n\t<div class=\"wd-product-thumb product-element-top wd-quick-shop\">\n\t\t<a href=\"https:\/\/www.marinigerardi.it\/shop\/prodotto\/tendine-per-finestre-in-lino\/\" class=\"wd-product-img-link product-image-link\" tabindex=\"-1\" aria-label=\"CAPRICCI &#8211; Tendine per Finestre in Lino &#8211; Io sono di tendenza!\">\n\t\t\t\t\t<div class=\"wd-product-grid-slider wd-fill\">\n\t\t\t\t\t\t\t<div class=\"wd-product-grid-slide\" data-image-url=\"https:\/\/www.marinigerardi.it\/shop\/wp-content\/uploads\/2023\/03\/Tendine-per-Finestre-in-Lino-Tendenze-2023-250x188.jpg\" data-image-srcset=\"https:\/\/www.marinigerardi.it\/shop\/wp-content\/uploads\/2023\/03\/Tendine-per-Finestre-in-Lino-Tendenze-2023-250x188.jpg 250w, https:\/\/www.marinigerardi.it\/shop\/wp-content\/uploads\/2023\/03\/Tendine-per-Finestre-in-Lino-Tendenze-2023-600x450.jpg 600w, https:\/\/www.marinigerardi.it\/shop\/wp-content\/uploads\/2023\/03\/Tendine-per-Finestre-in-Lino-Tendenze-2023-300x225.jpg 300w, https:\/\/www.marinigerardi.it\/shop\/wp-content\/uploads\/2023\/03\/Tendine-per-Finestre-in-Lino-Tendenze-2023-768x576.jpg 768w, https:\/\/www.marinigerardi.it\/shop\/wp-content\/uploads\/2023\/03\/Tendine-per-Finestre-in-Lino-Tendenze-2023.jpg 1024w\" data-image-id=\"0\"><\/div>\n\t\t\t\t\t\t\t<div class=\"wd-product-grid-slide\" data-image-url=\"https:\/\/www.marinigerardi.it\/shop\/wp-content\/uploads\/2023\/03\/Tendine-per-Finestre-fiori-rossi-250x188.jpg\" data-image-srcset=\"https:\/\/www.marinigerardi.it\/shop\/wp-content\/uploads\/2023\/03\/Tendine-per-Finestre-fiori-rossi-250x188.jpg 250w, https:\/\/www.marinigerardi.it\/shop\/wp-content\/uploads\/2023\/03\/Tendine-per-Finestre-fiori-rossi-600x450.jpg 600w, https:\/\/www.marinigerardi.it\/shop\/wp-content\/uploads\/2023\/03\/Tendine-per-Finestre-fiori-rossi-300x225.jpg 300w, https:\/\/www.marinigerardi.it\/shop\/wp-content\/uploads\/2023\/03\/Tendine-per-Finestre-fiori-rossi-768x576.jpg 768w, https:\/\/www.marinigerardi.it\/shop\/wp-content\/uploads\/2023\/03\/Tendine-per-Finestre-fiori-rossi.jpg 1024w\" data-image-id=\"1\"><\/div>\n\t\t\t\t\t\t\t<div class=\"wd-product-grid-slide\" data-image-url=\"https:\/\/www.marinigerardi.it\/shop\/wp-content\/uploads\/2023\/03\/Tendine-per-Finestre-design-Tendenze-2023-250x188.jpg\" data-image-srcset=\"https:\/\/www.marinigerardi.it\/shop\/wp-content\/uploads\/2023\/03\/Tendine-per-Finestre-design-Tendenze-2023-250x188.jpg 250w, https:\/\/www.marinigerardi.it\/shop\/wp-content\/uploads\/2023\/03\/Tendine-per-Finestre-design-Tendenze-2023-600x450.jpg 600w, https:\/\/www.marinigerardi.it\/shop\/wp-content\/uploads\/2023\/03\/Tendine-per-Finestre-design-Tendenze-2023-300x225.jpg 300w, https:\/\/www.marinigerardi.it\/shop\/wp-content\/uploads\/2023\/03\/Tendine-per-Finestre-design-Tendenze-2023-768x576.jpg 768w, https:\/\/www.marinigerardi.it\/shop\/wp-content\/uploads\/2023\/03\/Tendine-per-Finestre-design-Tendenze-2023.jpg 1024w\" data-image-id=\"2\"><\/div>\n\t\t\t\t\t<\/div>\n\n\t\t\n\t\t\t\t\t\t\t<div class=\"wd-product-grid-slider-pagin\">\n\t\t\t\t\t\t\t<div data-image-id=\"0\" class=\"wd-product-grid-slider-dot\"><\/div>\n\t\t\t\t\t\t\t<div data-image-id=\"1\" class=\"wd-product-grid-slider-dot\"><\/div>\n\t\t\t\t\t\t\t<div data-image-id=\"2\" class=\"wd-product-grid-slider-dot\"><\/div>\n\t\t\t\t\t<\/div>\n\t\t\t\t\t\t<img decoding=\"async\" width=\"250\" height=\"188\" src=\"https:\/\/www.marinigerardi.it\/shop\/wp-content\/uploads\/2023\/03\/Tendine-per-Finestre-in-Lino-Tendenze-2023-250x188.jpg\" class=\"attachment-woocommerce_thumbnail size-woocommerce_thumbnail\" alt=\"Tendine per finestre in lino tendenze 2023 - Marini &amp; Gerardi\" srcset=\"https:\/\/www.marinigerardi.it\/shop\/wp-content\/uploads\/2023\/03\/Tendine-per-Finestre-in-Lino-Tendenze-2023-250x188.jpg 250w, https:\/\/www.marinigerardi.it\/shop\/wp-content\/uploads\/2023\/03\/Tendine-per-Finestre-in-Lino-Tendenze-2023-600x450.jpg 600w, https:\/\/www.marinigerardi.it\/shop\/wp-content\/uploads\/2023\/03\/Tendine-per-Finestre-in-Lino-Tendenze-2023-300x225.jpg.avif 300w, https:\/\/www.marinigerardi.it\/shop\/wp-content\/uploads\/2023\/03\/Tendine-per-Finestre-in-Lino-Tendenze-2023-768x576.jpg.avif 768w, https:\/\/www.marinigerardi.it\/shop\/wp-content\/uploads\/2023\/03\/Tendine-per-Finestre-in-Lino-Tendenze-2023.jpg.avif 1024w\" sizes=\"(max-width: 250px) 100vw, 250px\" \/>\t\t<\/a>\n\n\t\t\t\t\t<div class=\"product-labels labels-rectangular\">\n\t\t\t\t<span class=\"new product-label wd-shape-rect-sm\">Nuovo<\/span>\t\t\t<\/div>\n\t\t\t\n\t\t<div class=\"wd-buttons wd-pos-r-t\">\n\t\t\t\t\t\t\t\t\t\t\t\t\t\t<\/div>\n\t<\/div>\n\n\t\t<div class=\"product-element-bottom\">\n\t\n\t\n\t<h3 class=\"wd-entities-title\"><a href=\"https:\/\/www.marinigerardi.it\/shop\/prodotto\/tendine-per-finestre-in-lino\/\">CAPRICCI &#8211; Tendine per Finestre in Lino &#8211; Io sono di tendenza!<\/a><\/h3>\n\t\t\t\t\t\t<p class=\"wd-product-stock stock wd-style-default in-stock\">Disponibile<\/p>\n\t\t\n\t\n\t<span class=\"price\">69,00&nbsp;&euro;<\/span>\n\n\t<div class=\"wd-add-btn wd-add-btn-replace\">\n\t\t\n\t\t<a href=\"https:\/\/www.marinigerardi.it\/shop\/prodotto\/tendine-per-finestre-in-lino\/\" class=\"button product_type_simple add-to-cart-loop mg-detail-btn\"><span class=\"wd-action-icon\"><span class=\"wd-check-icon\"><\/span><\/span><span class=\"wd-action-text\">Vedi dettagli<\/span><\/a>\t<\/div>\n\n\t\n\t\n\t\t\t<\/div>\n\t<\/div>\n<\/div>\n<div class=\"wd-product wd-col wd-hover-standard product-grid-item product type-product post-44758 status-publish first instock product_cat-tende-a-vetro has-post-thumbnail taxable shipping-taxable purchasable product-type-simple\" data-loop=\"8\" data-id=\"44758\">\n\t\n<div class=\"wd-product-wrapper product-wrapper\">\n\t<div class=\"wd-product-thumb product-element-top wd-quick-shop\">\n\t\t<a href=\"https:\/\/www.marinigerardi.it\/shop\/prodotto\/tende-finestra-camera-da-letto-moderne\/\" class=\"wd-product-img-link product-image-link\" tabindex=\"-1\" aria-label=\"ILLUSIONI &#8211; Tende Finestra Camera da Letto Moderne\">\n\t\t\t\t\t<div class=\"wd-product-grid-slider wd-fill\">\n\t\t\t\t\t\t\t<div class=\"wd-product-grid-slide\" data-image-url=\"https:\/\/www.marinigerardi.it\/shop\/wp-content\/uploads\/2022\/11\/Tende-Finestra-Camera-da-Letto-Moderne-250x188.avif\" data-image-srcset=\"https:\/\/www.marinigerardi.it\/shop\/wp-content\/uploads\/2022\/11\/Tende-Finestra-Camera-da-Letto-Moderne-250x188.avif 250w, https:\/\/www.marinigerardi.it\/shop\/wp-content\/uploads\/2022\/11\/Tende-Finestra-Camera-da-Letto-Moderne-600x450.avif 600w, https:\/\/www.marinigerardi.it\/shop\/wp-content\/uploads\/2022\/11\/Tende-Finestra-Camera-da-Letto-Moderne-300x225.avif 300w, https:\/\/www.marinigerardi.it\/shop\/wp-content\/uploads\/2022\/11\/Tende-Finestra-Camera-da-Letto-Moderne-768x576.avif 768w, https:\/\/www.marinigerardi.it\/shop\/wp-content\/uploads\/2022\/11\/Tende-Finestra-Camera-da-Letto-Moderne.avif 1024w\" data-image-id=\"0\"><\/div>\n\t\t\t\t\t\t\t<div class=\"wd-product-grid-slide\" data-image-url=\"https:\/\/www.marinigerardi.it\/shop\/wp-content\/uploads\/2022\/11\/Tende-Finestra-Camera-da-Letto-in-lino-design-rosso-nero-250x188.jpg\" data-image-srcset=\"https:\/\/www.marinigerardi.it\/shop\/wp-content\/uploads\/2022\/11\/Tende-Finestra-Camera-da-Letto-in-lino-design-rosso-nero-250x188.jpg 250w, https:\/\/www.marinigerardi.it\/shop\/wp-content\/uploads\/2022\/11\/Tende-Finestra-Camera-da-Letto-in-lino-design-rosso-nero-600x450.jpg 600w, https:\/\/www.marinigerardi.it\/shop\/wp-content\/uploads\/2022\/11\/Tende-Finestra-Camera-da-Letto-in-lino-design-rosso-nero-300x225.jpg 300w, https:\/\/www.marinigerardi.it\/shop\/wp-content\/uploads\/2022\/11\/Tende-Finestra-Camera-da-Letto-in-lino-design-rosso-nero-768x576.jpg 768w, https:\/\/www.marinigerardi.it\/shop\/wp-content\/uploads\/2022\/11\/Tende-Finestra-Camera-da-Letto-in-lino-design-rosso-nero.jpg 1024w\" data-image-id=\"1\"><\/div>\n\t\t\t\t\t\t\t<div class=\"wd-product-grid-slide\" data-image-url=\"https:\/\/www.marinigerardi.it\/shop\/wp-content\/uploads\/2022\/11\/Tende-Finestra-Camera-da-Letto-Moderne-a-vetro-250x188.jpg\" data-image-srcset=\"https:\/\/www.marinigerardi.it\/shop\/wp-content\/uploads\/2022\/11\/Tende-Finestra-Camera-da-Letto-Moderne-a-vetro-250x188.jpg 250w, https:\/\/www.marinigerardi.it\/shop\/wp-content\/uploads\/2022\/11\/Tende-Finestra-Camera-da-Letto-Moderne-a-vetro-600x450.jpg 600w, https:\/\/www.marinigerardi.it\/shop\/wp-content\/uploads\/2022\/11\/Tende-Finestra-Camera-da-Letto-Moderne-a-vetro-300x225.jpg 300w, https:\/\/www.marinigerardi.it\/shop\/wp-content\/uploads\/2022\/11\/Tende-Finestra-Camera-da-Letto-Moderne-a-vetro-768x576.jpg 768w, https:\/\/www.marinigerardi.it\/shop\/wp-content\/uploads\/2022\/11\/Tende-Finestra-Camera-da-Letto-Moderne-a-vetro.jpg 1024w\" data-image-id=\"2\"><\/div>\n\t\t\t\t\t<\/div>\n\n\t\t\n\t\t\t\t\t\t\t<div class=\"wd-product-grid-slider-pagin\">\n\t\t\t\t\t\t\t<div data-image-id=\"0\" class=\"wd-product-grid-slider-dot\"><\/div>\n\t\t\t\t\t\t\t<div data-image-id=\"1\" class=\"wd-product-grid-slider-dot\"><\/div>\n\t\t\t\t\t\t\t<div data-image-id=\"2\" class=\"wd-product-grid-slider-dot\"><\/div>\n\t\t\t\t\t<\/div>\n\t\t\t\t\t\t<img decoding=\"async\" width=\"250\" height=\"188\" src=\"https:\/\/www.marinigerardi.it\/shop\/wp-content\/uploads\/2022\/11\/Tende-Finestra-Camera-da-Letto-Moderne-250x188.avif\" class=\"attachment-woocommerce_thumbnail size-woocommerce_thumbnail\" alt=\"Tende finestra camera da letto moderne\" srcset=\"https:\/\/www.marinigerardi.it\/shop\/wp-content\/uploads\/2022\/11\/Tende-Finestra-Camera-da-Letto-Moderne-250x188.avif 250w, https:\/\/www.marinigerardi.it\/shop\/wp-content\/uploads\/2022\/11\/Tende-Finestra-Camera-da-Letto-Moderne-600x450.avif 600w, https:\/\/www.marinigerardi.it\/shop\/wp-content\/uploads\/2022\/11\/Tende-Finestra-Camera-da-Letto-Moderne-300x225.avif 300w, https:\/\/www.marinigerardi.it\/shop\/wp-content\/uploads\/2022\/11\/Tende-Finestra-Camera-da-Letto-Moderne-768x576.avif 768w, https:\/\/www.marinigerardi.it\/shop\/wp-content\/uploads\/2022\/11\/Tende-Finestra-Camera-da-Letto-Moderne.avif 1024w\" sizes=\"(max-width: 250px) 100vw, 250px\" \/>\t\t<\/a>\n\n\t\t\t\t\t<div class=\"product-labels labels-rectangular\">\n\t\t\t\t<span class=\"new product-label wd-shape-rect-sm\">Nuovo<\/span>\t\t\t<\/div>\n\t\t\t\n\t\t<div class=\"wd-buttons wd-pos-r-t\">\n\t\t\t\t\t\t\t\t\t\t\t\t\t\t<\/div>\n\t<\/div>\n\n\t\t<div class=\"product-element-bottom\">\n\t\n\t\n\t<h3 class=\"wd-entities-title\"><a href=\"https:\/\/www.marinigerardi.it\/shop\/prodotto\/tende-finestra-camera-da-letto-moderne\/\">ILLUSIONI &#8211; Tende Finestra Camera da Letto Moderne<\/a><\/h3>\n\t\t\t\t\t\t<p class=\"wd-product-stock stock wd-style-default in-stock\">Disponibile<\/p>\n\t\t\n\t\n\t<span class=\"price\">69,00&nbsp;&euro;<\/span>\n\n\t<div class=\"wd-add-btn wd-add-btn-replace\">\n\t\t\n\t\t<a href=\"https:\/\/www.marinigerardi.it\/shop\/prodotto\/tende-finestra-camera-da-letto-moderne\/\" class=\"button product_type_simple add-to-cart-loop mg-detail-btn\"><span class=\"wd-action-icon\"><span class=\"wd-check-icon\"><\/span><\/span><span class=\"wd-action-text\">Vedi dettagli<\/span><\/a>\t<\/div>\n\n\t\n\t\n\t\t\t<\/div>\n\t<\/div>\n<\/div>\n<div class=\"wd-product wd-col wd-hover-standard product-grid-item product type-product post-67266 status-publish last instock product_cat-tende-da-interni product_cat-tende product_cat-tende-camera-da-letto product_cat-tende-classiche product_cat-tende-interni product_cat-tende-interno product_cat-tende-moderne product_cat-tende-online-su-misura product_cat-tende-su-misura product_tag-tessuto-velluto product_tag-velluto product_tag-velluto-tessuto has-post-thumbnail sold-individually taxable shipping-taxable purchasable product-type-simple\" data-loop=\"9\" data-id=\"67266\">\n\t\n<div class=\"wd-product-wrapper product-wrapper\">\n\t<div class=\"wd-product-thumb product-element-top wd-quick-shop\">\n\t\t<a href=\"https:\/\/www.marinigerardi.it\/shop\/prodotto\/tende-velluto-antimacchia\/\" class=\"wd-product-img-link product-image-link\" tabindex=\"-1\" aria-label=\"PRESTIGE Tende Velluto Antimacchia\">\n\t\t\t\t\t<div class=\"wd-product-grid-slider wd-fill\">\n\t\t\t\t\t\t\t<div class=\"wd-product-grid-slide\" data-image-url=\"https:\/\/www.marinigerardi.it\/shop\/wp-content\/uploads\/2024\/05\/tende-velluto-antimacchia-rosso-per-arredo-di-lusso-250x188.jpg\" data-image-srcset=\"https:\/\/www.marinigerardi.it\/shop\/wp-content\/uploads\/2024\/05\/tende-velluto-antimacchia-rosso-per-arredo-di-lusso-250x188.jpg 250w, https:\/\/www.marinigerardi.it\/shop\/wp-content\/uploads\/2024\/05\/tende-velluto-antimacchia-rosso-per-arredo-di-lusso-600x450.jpg 600w, https:\/\/www.marinigerardi.it\/shop\/wp-content\/uploads\/2024\/05\/tende-velluto-antimacchia-rosso-per-arredo-di-lusso-300x225.jpg 300w, https:\/\/www.marinigerardi.it\/shop\/wp-content\/uploads\/2024\/05\/tende-velluto-antimacchia-rosso-per-arredo-di-lusso-768x576.jpg 768w, https:\/\/www.marinigerardi.it\/shop\/wp-content\/uploads\/2024\/05\/tende-velluto-antimacchia-rosso-per-arredo-di-lusso.jpg 1024w\" data-image-id=\"0\"><\/div>\n\t\t\t\t\t\t\t<div class=\"wd-product-grid-slide\" data-image-url=\"https:\/\/www.marinigerardi.it\/shop\/wp-content\/uploads\/2024\/05\/Tende-Velluto-Antimacchia-giallo-in-un-loft-moderno-250x188.jpg\" data-image-srcset=\"https:\/\/www.marinigerardi.it\/shop\/wp-content\/uploads\/2024\/05\/Tende-Velluto-Antimacchia-giallo-in-un-loft-moderno-250x188.jpg 250w, https:\/\/www.marinigerardi.it\/shop\/wp-content\/uploads\/2024\/05\/Tende-Velluto-Antimacchia-giallo-in-un-loft-moderno-600x450.jpg 600w, https:\/\/www.marinigerardi.it\/shop\/wp-content\/uploads\/2024\/05\/Tende-Velluto-Antimacchia-giallo-in-un-loft-moderno-300x225.jpg 300w, https:\/\/www.marinigerardi.it\/shop\/wp-content\/uploads\/2024\/05\/Tende-Velluto-Antimacchia-giallo-in-un-loft-moderno-768x576.jpg 768w, https:\/\/www.marinigerardi.it\/shop\/wp-content\/uploads\/2024\/05\/Tende-Velluto-Antimacchia-giallo-in-un-loft-moderno.jpg 1024w\" data-image-id=\"1\"><\/div>\n\t\t\t\t\t\t\t<div class=\"wd-product-grid-slide\" data-image-url=\"https:\/\/www.marinigerardi.it\/shop\/wp-content\/uploads\/2024\/05\/Tende-Velluto-Antimacchia-bianca-in-un-loft-moderno-250x188.jpg\" data-image-srcset=\"https:\/\/www.marinigerardi.it\/shop\/wp-content\/uploads\/2024\/05\/Tende-Velluto-Antimacchia-bianca-in-un-loft-moderno-250x188.jpg 250w, https:\/\/www.marinigerardi.it\/shop\/wp-content\/uploads\/2024\/05\/Tende-Velluto-Antimacchia-bianca-in-un-loft-moderno-600x450.jpg 600w, https:\/\/www.marinigerardi.it\/shop\/wp-content\/uploads\/2024\/05\/Tende-Velluto-Antimacchia-bianca-in-un-loft-moderno-300x225.jpg 300w, https:\/\/www.marinigerardi.it\/shop\/wp-content\/uploads\/2024\/05\/Tende-Velluto-Antimacchia-bianca-in-un-loft-moderno-768x576.jpg 768w, https:\/\/www.marinigerardi.it\/shop\/wp-content\/uploads\/2024\/05\/Tende-Velluto-Antimacchia-bianca-in-un-loft-moderno.jpg 1024w\" data-image-id=\"2\"><\/div>\n\t\t\t\t\t<\/div>\n\n\t\t\n\t\t\t\t\t\t\t<div class=\"wd-product-grid-slider-pagin\">\n\t\t\t\t\t\t\t<div data-image-id=\"0\" class=\"wd-product-grid-slider-dot\"><\/div>\n\t\t\t\t\t\t\t<div data-image-id=\"1\" class=\"wd-product-grid-slider-dot\"><\/div>\n\t\t\t\t\t\t\t<div data-image-id=\"2\" class=\"wd-product-grid-slider-dot\"><\/div>\n\t\t\t\t\t<\/div>\n\t\t\t\t\t\t<img decoding=\"async\" width=\"250\" height=\"188\" src=\"https:\/\/www.marinigerardi.it\/shop\/wp-content\/uploads\/2024\/05\/tende-velluto-antimacchia-rosso-per-arredo-di-lusso-250x188.jpg\" class=\"attachment-woocommerce_thumbnail size-woocommerce_thumbnail\" alt=\"Tende velluto antimacchia rosso per arredo di lusso - Bordeaux\" srcset=\"https:\/\/www.marinigerardi.it\/shop\/wp-content\/uploads\/2024\/05\/tende-velluto-antimacchia-rosso-per-arredo-di-lusso-250x188.jpg 250w, https:\/\/www.marinigerardi.it\/shop\/wp-content\/uploads\/2024\/05\/tende-velluto-antimacchia-rosso-per-arredo-di-lusso-600x450.jpg 600w, https:\/\/www.marinigerardi.it\/shop\/wp-content\/uploads\/2024\/05\/tende-velluto-antimacchia-rosso-per-arredo-di-lusso-300x225.jpg.avif 300w, https:\/\/www.marinigerardi.it\/shop\/wp-content\/uploads\/2024\/05\/tende-velluto-antimacchia-rosso-per-arredo-di-lusso-768x576.jpg.avif 768w, https:\/\/www.marinigerardi.it\/shop\/wp-content\/uploads\/2024\/05\/tende-velluto-antimacchia-rosso-per-arredo-di-lusso.jpg.avif 1024w\" sizes=\"(max-width: 250px) 100vw, 250px\" \/>\t\t<\/a>\n\n\t\t\n\t\t<div class=\"wd-buttons wd-pos-r-t\">\n\t\t\t\t\t\t\t\t\t\t\t\t\t\t<\/div>\n\t<\/div>\n\n\t\t<div class=\"product-element-bottom\">\n\t\n\t\n\t<h3 class=\"wd-entities-title\"><a href=\"https:\/\/www.marinigerardi.it\/shop\/prodotto\/tende-velluto-antimacchia\/\">PRESTIGE Tende Velluto Antimacchia<\/a><\/h3>\n\t\t\t\t\t\t<p class=\"wd-product-stock stock wd-style-default in-stock\">Disponibile<\/p>\n\t\t\n\t\n\t<span class=\"price\">155,00&nbsp;&euro;<\/span>\n\n\t<div class=\"wd-add-btn wd-add-btn-replace\">\n\t\t\n\t\t<a href=\"https:\/\/www.marinigerardi.it\/shop\/prodotto\/tende-velluto-antimacchia\/\" class=\"button product_type_simple add-to-cart-loop mg-detail-btn\"><span class=\"wd-action-icon\"><span class=\"wd-check-icon\"><\/span><\/span><span class=\"wd-action-text\">Vedi dettagli<\/span><\/a>\t<\/div>\n\n\t\n\t\n\t\t\t<\/div>\n\t<\/div>\n<\/div>\n<div class=\"wd-product wd-col wd-hover-standard product-grid-item product type-product post-36358 status-publish first instock product_cat-tende-in-lino has-post-thumbnail taxable shipping-taxable purchasable product-type-simple\" data-loop=\"10\" data-id=\"36358\">\n\t\n<div class=\"wd-product-wrapper product-wrapper\">\n\t<div class=\"wd-product-thumb product-element-top wd-quick-shop\">\n\t\t<a href=\"https:\/\/www.marinigerardi.it\/shop\/prodotto\/virgo-tende-da-interni-moderne-in-lino\/\" class=\"wd-product-img-link product-image-link\" tabindex=\"-1\" aria-label=\"VIRGO &#8211; Tende da Interni Moderne in Lino\">\n\t\t\t\t\t<div class=\"wd-product-grid-slider wd-fill\">\n\t\t\t\t\t\t\t<div class=\"wd-product-grid-slide\" data-image-url=\"https:\/\/www.marinigerardi.it\/shop\/wp-content\/uploads\/2022\/04\/tende-moderne-in-lino-camera-da-letto-con-applicazioni-250x188.jpg\" data-image-srcset=\"https:\/\/www.marinigerardi.it\/shop\/wp-content\/uploads\/2022\/04\/tende-moderne-in-lino-camera-da-letto-con-applicazioni-250x188.jpg 250w, https:\/\/www.marinigerardi.it\/shop\/wp-content\/uploads\/2022\/04\/tende-moderne-in-lino-camera-da-letto-con-applicazioni-600x450.jpg 600w, https:\/\/www.marinigerardi.it\/shop\/wp-content\/uploads\/2022\/04\/tende-moderne-in-lino-camera-da-letto-con-applicazioni-300x225.jpg 300w, https:\/\/www.marinigerardi.it\/shop\/wp-content\/uploads\/2022\/04\/tende-moderne-in-lino-camera-da-letto-con-applicazioni-768x576.jpg 768w, https:\/\/www.marinigerardi.it\/shop\/wp-content\/uploads\/2022\/04\/tende-moderne-in-lino-camera-da-letto-con-applicazioni.jpg 1024w\" data-image-id=\"0\"><\/div>\n\t\t\t\t\t\t\t<div class=\"wd-product-grid-slide\" data-image-url=\"https:\/\/www.marinigerardi.it\/shop\/wp-content\/uploads\/2022\/04\/tende-da-interni-moderne-in-lino-con-applicazioni-250x188.jpg\" data-image-srcset=\"https:\/\/www.marinigerardi.it\/shop\/wp-content\/uploads\/2022\/04\/tende-da-interni-moderne-in-lino-con-applicazioni-250x188.jpg 250w, https:\/\/www.marinigerardi.it\/shop\/wp-content\/uploads\/2022\/04\/tende-da-interni-moderne-in-lino-con-applicazioni-600x450.jpg 600w, https:\/\/www.marinigerardi.it\/shop\/wp-content\/uploads\/2022\/04\/tende-da-interni-moderne-in-lino-con-applicazioni-300x225.jpg 300w, https:\/\/www.marinigerardi.it\/shop\/wp-content\/uploads\/2022\/04\/tende-da-interni-moderne-in-lino-con-applicazioni-768x576.jpg 768w, https:\/\/www.marinigerardi.it\/shop\/wp-content\/uploads\/2022\/04\/tende-da-interni-moderne-in-lino-con-applicazioni.jpg 1024w\" data-image-id=\"1\"><\/div>\n\t\t\t\t\t\t\t<div class=\"wd-product-grid-slide\" data-image-url=\"https:\/\/www.marinigerardi.it\/shop\/wp-content\/uploads\/2022\/04\/tende-da-interni-in-lino-con-applicazioni-sfrangiate-250x188.jpg\" data-image-srcset=\"https:\/\/www.marinigerardi.it\/shop\/wp-content\/uploads\/2022\/04\/tende-da-interni-in-lino-con-applicazioni-sfrangiate-250x188.jpg 250w, https:\/\/www.marinigerardi.it\/shop\/wp-content\/uploads\/2022\/04\/tende-da-interni-in-lino-con-applicazioni-sfrangiate-600x450.jpg 600w, https:\/\/www.marinigerardi.it\/shop\/wp-content\/uploads\/2022\/04\/tende-da-interni-in-lino-con-applicazioni-sfrangiate-300x225.jpg 300w, https:\/\/www.marinigerardi.it\/shop\/wp-content\/uploads\/2022\/04\/tende-da-interni-in-lino-con-applicazioni-sfrangiate-768x576.jpg 768w, https:\/\/www.marinigerardi.it\/shop\/wp-content\/uploads\/2022\/04\/tende-da-interni-in-lino-con-applicazioni-sfrangiate.jpg 1024w\" data-image-id=\"2\"><\/div>\n\t\t\t\t\t<\/div>\n\n\t\t\n\t\t\t\t\t\t\t<div class=\"wd-product-grid-slider-pagin\">\n\t\t\t\t\t\t\t<div data-image-id=\"0\" class=\"wd-product-grid-slider-dot\"><\/div>\n\t\t\t\t\t\t\t<div data-image-id=\"1\" class=\"wd-product-grid-slider-dot\"><\/div>\n\t\t\t\t\t\t\t<div data-image-id=\"2\" class=\"wd-product-grid-slider-dot\"><\/div>\n\t\t\t\t\t<\/div>\n\t\t\t\t\t\t<img decoding=\"async\" width=\"250\" height=\"188\" src=\"https:\/\/www.marinigerardi.it\/shop\/wp-content\/uploads\/2022\/04\/tende-moderne-in-lino-camera-da-letto-con-applicazioni-250x188.jpg\" class=\"attachment-woocommerce_thumbnail size-woocommerce_thumbnail\" alt=\"tende moderne in lino camera da letto con applicazioni\" srcset=\"https:\/\/www.marinigerardi.it\/shop\/wp-content\/uploads\/2022\/04\/tende-moderne-in-lino-camera-da-letto-con-applicazioni-250x188.jpg 250w, https:\/\/www.marinigerardi.it\/shop\/wp-content\/uploads\/2022\/04\/tende-moderne-in-lino-camera-da-letto-con-applicazioni-600x450.jpg 600w, https:\/\/www.marinigerardi.it\/shop\/wp-content\/uploads\/2022\/04\/tende-moderne-in-lino-camera-da-letto-con-applicazioni-300x225.jpg.avif 300w, https:\/\/www.marinigerardi.it\/shop\/wp-content\/uploads\/2022\/04\/tende-moderne-in-lino-camera-da-letto-con-applicazioni-768x576.jpg.avif 768w, https:\/\/www.marinigerardi.it\/shop\/wp-content\/uploads\/2022\/04\/tende-moderne-in-lino-camera-da-letto-con-applicazioni.jpg.webp 1024w\" sizes=\"(max-width: 250px) 100vw, 250px\" \/>\t\t<\/a>\n\n\t\t\n\t\t<div class=\"wd-buttons wd-pos-r-t\">\n\t\t\t\t\t\t\t\t\t\t\t\t\t\t<\/div>\n\t<\/div>\n\n\t\t<div class=\"product-element-bottom\">\n\t\n\t\n\t<h3 class=\"wd-entities-title\"><a href=\"https:\/\/www.marinigerardi.it\/shop\/prodotto\/virgo-tende-da-interni-moderne-in-lino\/\">VIRGO &#8211; Tende da Interni Moderne in Lino<\/a><\/h3>\n\t\t\t\t\t\t<p class=\"wd-product-stock stock wd-style-default in-stock\">Disponibile<\/p>\n\t\t\n\t\n\t<span class=\"price\">229,00&nbsp;&euro; <small class=\"woocommerce-price-suffix\">IVA incl.<\/small><\/span>\n\n\t<div class=\"wd-add-btn wd-add-btn-replace\">\n\t\t\n\t\t<a href=\"https:\/\/www.marinigerardi.it\/shop\/prodotto\/virgo-tende-da-interni-moderne-in-lino\/\" class=\"button product_type_simple add-to-cart-loop mg-detail-btn\"><span class=\"wd-action-icon\"><span class=\"wd-check-icon\"><\/span><\/span><span class=\"wd-action-text\">Vedi dettagli<\/span><\/a>\t<\/div>\n\n\t\n\t\n\t\t\t<\/div>\n\t<\/div>\n<\/div>\n<div class=\"wd-product wd-col wd-hover-standard product-grid-item product type-product post-7995 status-publish last instock product_cat-tende product_cat-tende-camera-da-letto product_cat-tende-da-interni product_cat-tende-in-lino product_cat-tende-lino product_cat-tende-moderne product_cat-tende-su-misura product_tag-isla-margarita product_tag-tendaggi-moderni product_tag-tende-camera-da-letto product_tag-tende-di-lino product_tag-tende-in-lino has-post-thumbnail taxable shipping-taxable purchasable product-type-simple\" data-loop=\"11\" data-id=\"7995\">\n\t\n<div class=\"wd-product-wrapper product-wrapper\">\n\t<div class=\"wd-product-thumb product-element-top wd-quick-shop\">\n\t\t<a href=\"https:\/\/www.marinigerardi.it\/shop\/prodotto\/tende-da-soggiorno-moderne\/\" class=\"wd-product-img-link product-image-link\" tabindex=\"-1\" aria-label=\"ISLA MARGARITA #1 &#8211; Tende da soggiorno moderne con balza a fiori\">\n\t\t\t\t\t<div class=\"wd-product-grid-slider wd-fill\">\n\t\t\t\t\t\t\t<div class=\"wd-product-grid-slide\" data-image-url=\"https:\/\/www.marinigerardi.it\/shop\/wp-content\/uploads\/2021\/01\/Isla-Margarita-tende-camera-da-letto-di-lino-balza-fiori-250x188.jpg\" data-image-srcset=\"https:\/\/www.marinigerardi.it\/shop\/wp-content\/uploads\/2021\/01\/Isla-Margarita-tende-camera-da-letto-di-lino-balza-fiori-250x188.jpg 250w, https:\/\/www.marinigerardi.it\/shop\/wp-content\/uploads\/2021\/01\/Isla-Margarita-tende-camera-da-letto-di-lino-balza-fiori-600x450.jpg 600w, https:\/\/www.marinigerardi.it\/shop\/wp-content\/uploads\/2021\/01\/Isla-Margarita-tende-camera-da-letto-di-lino-balza-fiori-300x225.jpg 300w, https:\/\/www.marinigerardi.it\/shop\/wp-content\/uploads\/2021\/01\/Isla-Margarita-tende-camera-da-letto-di-lino-balza-fiori-768x576.jpg 768w, https:\/\/www.marinigerardi.it\/shop\/wp-content\/uploads\/2021\/01\/Isla-Margarita-tende-camera-da-letto-di-lino-balza-fiori.jpg 1024w\" data-image-id=\"0\"><\/div>\n\t\t\t\t\t\t\t<div class=\"wd-product-grid-slide\" data-image-url=\"https:\/\/www.marinigerardi.it\/shop\/wp-content\/uploads\/2021\/01\/Isla-Margarita-tenda-esclusiva-camera-da-letto-di-lino-balza-fiori-250x188.jpg\" data-image-srcset=\"https:\/\/www.marinigerardi.it\/shop\/wp-content\/uploads\/2021\/01\/Isla-Margarita-tenda-esclusiva-camera-da-letto-di-lino-balza-fiori-250x188.jpg 250w, https:\/\/www.marinigerardi.it\/shop\/wp-content\/uploads\/2021\/01\/Isla-Margarita-tenda-esclusiva-camera-da-letto-di-lino-balza-fiori-600x450.jpg 600w, https:\/\/www.marinigerardi.it\/shop\/wp-content\/uploads\/2021\/01\/Isla-Margarita-tenda-esclusiva-camera-da-letto-di-lino-balza-fiori-300x225.jpg 300w, https:\/\/www.marinigerardi.it\/shop\/wp-content\/uploads\/2021\/01\/Isla-Margarita-tenda-esclusiva-camera-da-letto-di-lino-balza-fiori-768x576.jpg 768w, https:\/\/www.marinigerardi.it\/shop\/wp-content\/uploads\/2021\/01\/Isla-Margarita-tenda-esclusiva-camera-da-letto-di-lino-balza-fiori.jpg 1024w\" data-image-id=\"1\"><\/div>\n\t\t\t\t\t\t\t<div class=\"wd-product-grid-slide\" data-image-url=\"https:\/\/www.marinigerardi.it\/shop\/wp-content\/uploads\/2021\/01\/tende-per-interni-moderne-esclusive-IslaMargarita-balza-inferiore-250x188.jpg\" data-image-srcset=\"https:\/\/www.marinigerardi.it\/shop\/wp-content\/uploads\/2021\/01\/tende-per-interni-moderne-esclusive-IslaMargarita-balza-inferiore-250x188.jpg 250w, https:\/\/www.marinigerardi.it\/shop\/wp-content\/uploads\/2021\/01\/tende-per-interni-moderne-esclusive-IslaMargarita-balza-inferiore-600x450.jpg 600w, https:\/\/www.marinigerardi.it\/shop\/wp-content\/uploads\/2021\/01\/tende-per-interni-moderne-esclusive-IslaMargarita-balza-inferiore-300x225.jpg 300w, https:\/\/www.marinigerardi.it\/shop\/wp-content\/uploads\/2021\/01\/tende-per-interni-moderne-esclusive-IslaMargarita-balza-inferiore-768x576.jpg 768w, https:\/\/www.marinigerardi.it\/shop\/wp-content\/uploads\/2021\/01\/tende-per-interni-moderne-esclusive-IslaMargarita-balza-inferiore.jpg 1024w\" data-image-id=\"2\"><\/div>\n\t\t\t\t\t<\/div>\n\n\t\t\n\t\t\t\t\t\t\t<div class=\"wd-product-grid-slider-pagin\">\n\t\t\t\t\t\t\t<div data-image-id=\"0\" class=\"wd-product-grid-slider-dot\"><\/div>\n\t\t\t\t\t\t\t<div data-image-id=\"1\" class=\"wd-product-grid-slider-dot\"><\/div>\n\t\t\t\t\t\t\t<div data-image-id=\"2\" class=\"wd-product-grid-slider-dot\"><\/div>\n\t\t\t\t\t<\/div>\n\t\t\t\t\t\t<img decoding=\"async\" width=\"250\" height=\"188\" src=\"https:\/\/www.marinigerardi.it\/shop\/wp-content\/uploads\/2021\/01\/Isla-Margarita-tende-camera-da-letto-di-lino-balza-fiori-250x188.jpg\" class=\"attachment-woocommerce_thumbnail size-woocommerce_thumbnail\" alt=\"Tende da soggiorno moderne con balza a fiori Doppio corpo in Lino\" srcset=\"https:\/\/www.marinigerardi.it\/shop\/wp-content\/uploads\/2021\/01\/Isla-Margarita-tende-camera-da-letto-di-lino-balza-fiori-250x188.jpg 250w, https:\/\/www.marinigerardi.it\/shop\/wp-content\/uploads\/2021\/01\/Isla-Margarita-tende-camera-da-letto-di-lino-balza-fiori-600x450.jpg 600w, https:\/\/www.marinigerardi.it\/shop\/wp-content\/uploads\/2021\/01\/Isla-Margarita-tende-camera-da-letto-di-lino-balza-fiori-300x225.jpg.avif 300w, https:\/\/www.marinigerardi.it\/shop\/wp-content\/uploads\/2021\/01\/Isla-Margarita-tende-camera-da-letto-di-lino-balza-fiori-768x576.jpg.avif 768w, https:\/\/www.marinigerardi.it\/shop\/wp-content\/uploads\/2021\/01\/Isla-Margarita-tende-camera-da-letto-di-lino-balza-fiori.jpg.webp 1024w\" sizes=\"(max-width: 250px) 100vw, 250px\" \/>\t\t<\/a>\n\n\t\t\n\t\t<div class=\"wd-buttons wd-pos-r-t\">\n\t\t\t\t\t\t\t\t\t\t\t\t\t\t<\/div>\n\t<\/div>\n\n\t\t<div class=\"product-element-bottom\">\n\t\n\t\n\t<h3 class=\"wd-entities-title\"><a href=\"https:\/\/www.marinigerardi.it\/shop\/prodotto\/tende-da-soggiorno-moderne\/\">ISLA MARGARITA #1 &#8211; Tende da soggiorno moderne con balza a fiori<\/a><\/h3>\n\t\t\t\t\t\t<p class=\"wd-product-stock stock wd-style-default in-stock\">Disponibile<\/p>\n\t\t\n\t\n\t<span class=\"price\">178,50&nbsp;&euro;<\/span>\n\n\t<div class=\"wd-add-btn wd-add-btn-replace\">\n\t\t\n\t\t<a href=\"https:\/\/www.marinigerardi.it\/shop\/prodotto\/tende-da-soggiorno-moderne\/\" class=\"button product_type_simple add-to-cart-loop mg-detail-btn\"><span class=\"wd-action-icon\"><span class=\"wd-check-icon\"><\/span><\/span><span class=\"wd-action-text\">Vedi dettagli<\/span><\/a>\t<\/div>\n\n\t\n\t\n\t\t\t<\/div>\n\t<\/div>\n<\/div>\n<div class=\"wd-product wd-col wd-hover-standard product-grid-item product type-product post-76132 status-publish first instock product_cat-tende-a-vetro product_cat-tende-a-vetro-classiche product_cat-tende-a-vetro-moderne product_cat-tende-da-vetro-moderne has-post-thumbnail taxable shipping-taxable purchasable product-type-simple\" data-loop=\"12\" data-id=\"76132\">\n\t\n<div class=\"wd-product-wrapper product-wrapper\">\n\t<div class=\"wd-product-thumb product-element-top wd-quick-shop\">\n\t\t<a href=\"https:\/\/www.marinigerardi.it\/shop\/prodotto\/tende-per-finestre-a-vetro\/\" class=\"wd-product-img-link product-image-link\" tabindex=\"-1\" aria-label=\"QUARTIERE LATINO 1 (mini) 3 colori base &#8211; Tende per finestre a vetro di lusso per Interni in lino\">\n\t\t\t\t\t<div class=\"wd-product-grid-slider wd-fill\">\n\t\t\t\t\t\t\t<div class=\"wd-product-grid-slide\" data-image-url=\"https:\/\/www.marinigerardi.it\/shop\/wp-content\/uploads\/2025\/03\/Tende-per-finestre-a-vetro-per-Interni-in-lino-250x188.avif\" data-image-srcset=\"https:\/\/www.marinigerardi.it\/shop\/wp-content\/uploads\/2025\/03\/Tende-per-finestre-a-vetro-per-Interni-in-lino-250x188.avif 250w, https:\/\/www.marinigerardi.it\/shop\/wp-content\/uploads\/2025\/03\/Tende-per-finestre-a-vetro-per-Interni-in-lino-600x450.avif 600w, https:\/\/www.marinigerardi.it\/shop\/wp-content\/uploads\/2025\/03\/Tende-per-finestre-a-vetro-per-Interni-in-lino-300x225.avif 300w, https:\/\/www.marinigerardi.it\/shop\/wp-content\/uploads\/2025\/03\/Tende-per-finestre-a-vetro-per-Interni-in-lino-768x576.avif 768w, https:\/\/www.marinigerardi.it\/shop\/wp-content\/uploads\/2025\/03\/Tende-per-finestre-a-vetro-per-Interni-in-lino.avif 1024w\" data-image-id=\"0\"><\/div>\n\t\t\t\t\t\t\t<div class=\"wd-product-grid-slide\" data-image-url=\"https:\/\/www.marinigerardi.it\/shop\/wp-content\/uploads\/2025\/03\/Tende-per-finestre-a-vetro-di-Lusso-in-lino-con-passamaneria-250x188.avif\" data-image-srcset=\"https:\/\/www.marinigerardi.it\/shop\/wp-content\/uploads\/2025\/03\/Tende-per-finestre-a-vetro-di-Lusso-in-lino-con-passamaneria-250x188.avif 250w, https:\/\/www.marinigerardi.it\/shop\/wp-content\/uploads\/2025\/03\/Tende-per-finestre-a-vetro-di-Lusso-in-lino-con-passamaneria-600x450.avif 600w, https:\/\/www.marinigerardi.it\/shop\/wp-content\/uploads\/2025\/03\/Tende-per-finestre-a-vetro-di-Lusso-in-lino-con-passamaneria-300x225.avif 300w, https:\/\/www.marinigerardi.it\/shop\/wp-content\/uploads\/2025\/03\/Tende-per-finestre-a-vetro-di-Lusso-in-lino-con-passamaneria-768x576.avif 768w, https:\/\/www.marinigerardi.it\/shop\/wp-content\/uploads\/2025\/03\/Tende-per-finestre-a-vetro-di-Lusso-in-lino-con-passamaneria.avif 1024w\" data-image-id=\"1\"><\/div>\n\t\t\t\t\t\t\t<div class=\"wd-product-grid-slide\" data-image-url=\"https:\/\/www.marinigerardi.it\/shop\/wp-content\/uploads\/2025\/03\/Tende-a-vetro-per-finestre-con-passamaneria-in-lino-250x188.avif\" data-image-srcset=\"https:\/\/www.marinigerardi.it\/shop\/wp-content\/uploads\/2025\/03\/Tende-a-vetro-per-finestre-con-passamaneria-in-lino-250x188.avif 250w, https:\/\/www.marinigerardi.it\/shop\/wp-content\/uploads\/2025\/03\/Tende-a-vetro-per-finestre-con-passamaneria-in-lino-600x450.avif 600w, https:\/\/www.marinigerardi.it\/shop\/wp-content\/uploads\/2025\/03\/Tende-a-vetro-per-finestre-con-passamaneria-in-lino-300x225.avif 300w, https:\/\/www.marinigerardi.it\/shop\/wp-content\/uploads\/2025\/03\/Tende-a-vetro-per-finestre-con-passamaneria-in-lino-768x576.avif 768w, https:\/\/www.marinigerardi.it\/shop\/wp-content\/uploads\/2025\/03\/Tende-a-vetro-per-finestre-con-passamaneria-in-lino.avif 1024w\" data-image-id=\"2\"><\/div>\n\t\t\t\t\t<\/div>\n\n\t\t\n\t\t\t\t\t\t\t<div class=\"wd-product-grid-slider-pagin\">\n\t\t\t\t\t\t\t<div data-image-id=\"0\" class=\"wd-product-grid-slider-dot\"><\/div>\n\t\t\t\t\t\t\t<div data-image-id=\"1\" class=\"wd-product-grid-slider-dot\"><\/div>\n\t\t\t\t\t\t\t<div data-image-id=\"2\" class=\"wd-product-grid-slider-dot\"><\/div>\n\t\t\t\t\t<\/div>\n\t\t\t\t\t\t<img decoding=\"async\" width=\"250\" height=\"188\" src=\"https:\/\/www.marinigerardi.it\/shop\/wp-content\/uploads\/2025\/03\/Tende-per-finestre-a-vetro-per-Interni-in-lino-250x188.avif\" class=\"attachment-woocommerce_thumbnail size-woocommerce_thumbnail\" alt=\"Tende per finestre a vetro per interni in lino\" srcset=\"https:\/\/www.marinigerardi.it\/shop\/wp-content\/uploads\/2025\/03\/Tende-per-finestre-a-vetro-per-Interni-in-lino-250x188.avif 250w, https:\/\/www.marinigerardi.it\/shop\/wp-content\/uploads\/2025\/03\/Tende-per-finestre-a-vetro-per-Interni-in-lino-600x450.avif 600w, https:\/\/www.marinigerardi.it\/shop\/wp-content\/uploads\/2025\/03\/Tende-per-finestre-a-vetro-per-Interni-in-lino-300x225.avif 300w, https:\/\/www.marinigerardi.it\/shop\/wp-content\/uploads\/2025\/03\/Tende-per-finestre-a-vetro-per-Interni-in-lino-768x576.avif 768w, https:\/\/www.marinigerardi.it\/shop\/wp-content\/uploads\/2025\/03\/Tende-per-finestre-a-vetro-per-Interni-in-lino.avif 1024w\" sizes=\"(max-width: 250px) 100vw, 250px\" \/>\t\t<\/a>\n\n\t\t\t\t\t<div class=\"product-labels labels-rectangular\">\n\t\t\t\t<span class=\"new product-label wd-shape-rect-sm\">Nuovo<\/span>\t\t\t<\/div>\n\t\t\t\n\t\t<div class=\"wd-buttons wd-pos-r-t\">\n\t\t\t\t\t\t\t\t\t\t\t\t\t\t<\/div>\n\t<\/div>\n\n\t\t<div class=\"product-element-bottom\">\n\t\n\t\n\t<h3 class=\"wd-entities-title\"><a href=\"https:\/\/www.marinigerardi.it\/shop\/prodotto\/tende-per-finestre-a-vetro\/\">QUARTIERE LATINO 1 (mini) 3 colori base &#8211; Tende per finestre a vetro di lusso per Interni in lino<\/a><\/h3>\n\t\t\t\t\t\t<p class=\"wd-product-stock stock wd-style-default in-stock\">Disponibile<\/p>\n\t\t\n\t\n\t<span class=\"price\">89,50&nbsp;&euro;<\/span>\n\n\t<div class=\"wd-add-btn wd-add-btn-replace\">\n\t\t\n\t\t<a href=\"https:\/\/www.marinigerardi.it\/shop\/prodotto\/tende-per-finestre-a-vetro\/\" class=\"button product_type_simple add-to-cart-loop mg-detail-btn\"><span class=\"wd-action-icon\"><span class=\"wd-check-icon\"><\/span><\/span><span class=\"wd-action-text\">Vedi dettagli<\/span><\/a>\t<\/div>\n\n\t\n\t\n\t\t\t<\/div>\n\t<\/div>\n<\/div>\n<\/div>\n<\/div><\/div>[\/vc_column][\/vc_row][vc_row][vc_column]\n\t\t<div id=\"wd-68efd38a10210\" class=\"title-wrapper wd-wpb wd-set-mb reset-last-child  wd-rs-68efd38a10210 wd-title-color-default wd-title-style-bordered text-center  wd-underline-colored\">\n\t\t\t\n\t\t\t<div class=\"liner-continer\">\n\t\t\t\t<h3 class=\"woodmart-title-container title  wd-font-weight-600 wd-fontsize-l\" >Negozi Tende a Sassari<br \/>\nL\u2019Armonia dei Colori, Direttamente Online<\/h3>\n\t\t\t\t\t\t\t<\/div>\n\t\t\t\n\t\t\t\n\t\t\t\n\t\t<\/div>\n\t\t\n\t\t\t\t<div id=\"wd-68efd3d627634\" class=\"wd-text-block wd-wpb reset-last-child wd-rs-68efd3d627634 text-left \">\n\t\t\t<p>Grazie al nostro shop online, la ricca <b>palette cromatica<\/b> dei nostri tendaggi \u2013 <b>ampia e sempre disponibile<\/b> \u2013 \u00e8 a portata di click anche per voi a Sassari. Potrete sfogliare comodamente le texture, scegliere le tonalit\u00e0 perfette per il vostro living o la camera da letto e ordinare pezzi unici, sicuri di ricevere un prodotto di alta sartoria direttamente a casa vostra.<\/p>\n<p><b>Scegliere le nostre tende significa importare un pezzo d&#8217;arte salentina nel tuo quotidiano sassarese: la fusione perfetta tra eccellenza artigianale e praticit\u00e0 moderna.<\/b>&#8220;<\/p>\n\t\t<\/div>\n\t\t<style data-type=\"vc_shortcodes-custom-css\">.vc_custom_1696504629777{margin-top: 10px !important;}<\/style><div class=\"wpb-content-wrapper\" id=\"wpb-content-root\">[vc_row full_width=\"stretch_row\" gap=\"5\" equal_height=\"yes\" mobile_bg_img_hidden=\"no\" tablet_bg_img_hidden=\"no\" woodmart_parallax=\"0\" woodmart_gradient_switch=\"no\" row_reverse_mobile=\"0\" row_reverse_tablet=\"0\" woodmart_disable_overflow=\"0\" css=\".vc_custom_1696504629777{margin-top: 10px !important;}\" woodmart_css_id=\"651e9b2457d05\" responsive_spacing=\"eyJwYXJhbV90eXBlIjoid29vZG1hcnRfcmVzcG9uc2l2ZV9zcGFjaW5nIiwic2VsZWN0b3JfaWQiOiI2NTFlOWIyNDU3ZDA1Iiwic2hvcnRjb2RlIjoidmNfcm93IiwiZGF0YSI6eyJ0YWJsZXQiOnt9LCJtb2JpbGUiOnt9fX0=\" woodmart_box_shadow=\"no\" wd_z_index=\"no\"][vc_column][vc_message message_box_style=\"outline\" message_box_color=\"peacoc\" css=\"\"]<strong>MARINI &amp; GERARDI s.r.l<\/strong> <a href=\"https:\/\/www.marinigerardi.it\/shop\/categoria-prodotto\/tende-da-interni\/tende-in-lino\/\"><strong>Tende in Lino<\/strong><\/a> e <a href=\"https:\/\/www.marinigerardi.it\/shop\/categoria-prodotto\/biancheria-letto\/\"><strong>Biancheria Casa<\/strong><\/a>\r\nLinea diretta: Mobile; 389 1537 793 <strong>E-Mail: assistenza@marinigerardi.it<\/strong>\r\n<strong>Unico Showroom:<\/strong> Via F. Rubichi,2 - 73047 Monteroni di Lecce - Puglia (Salento)\u00a0 per appuntamento.[\/vc_message][\/vc_column][\/vc_row]<\/div>[\/vc_column][\/vc_row]<\/p>\n<\/div>","protected":false},"excerpt":{"rendered":"<p>[vc_row full_width=&#8221;stretch_row&#8221; content_placement=&#8221;middle&#8221; mobile_bg_img_hidden=&#8221;no&#8221; tablet_bg_img_hidden=&#8221;no&#8221; woodmart_parallax=&#8221;0&#8243; woodmart_gradient_switch=&#8221;no&#8221; row_reverse_mobile=&#8221;0&#8243; row_reverse_tablet=&#8221;0&#8243; woodmart_disable_overflow=&#8221;0&#8243; woodmart_css_id=&#8221;61a4abdddb981&#8243; woodmart_box_shadow=&#8221;no&#8221; wd_z_index=&#8221;no&#8221;][vc_column][\/vc_column][\/vc_row][vc_row gap=&#8221;10&#8243; equal_height=&#8221;yes&#8221; content_placement=&#8221;middle&#8221; woodmart_css_id=&#8221;651d38ff61cfe&#8221; mobile_bg_img_hidden=&#8221;no&#8221; tablet_bg_img_hidden=&#8221;no&#8221; woodmart_parallax=&#8221;0&#8243;<\/p>\n","protected":false},"author":1,"featured_media":33591,"comment_status":"closed","ping_status":"closed","sticky":false,"template":"","format":"standard","meta":{"footnotes":""},"categories":[2176],"tags":[2661,2343],"class_list":["post-34418","post","type-post","status-publish","format-standard","has-post-thumbnail","category-tende-tendaggi","tag-negozi-di-tende","tag-negozi-tende-a-sassari"],"_links":{"self":[{"href":"https:\/\/www.marinigerardi.it\/shop\/wp-json\/wp\/v2\/posts\/34418","targetHints":{"allow":["GET"]}}],"collection":[{"href":"https:\/\/www.marinigerardi.it\/shop\/wp-json\/wp\/v2\/posts"}],"about":[{"href":"https:\/\/www.marinigerardi.it\/shop\/wp-json\/wp\/v2\/types\/post"}],"author":[{"embeddable":true,"href":"https:\/\/www.marinigerardi.it\/shop\/wp-json\/wp\/v2\/users\/1"}],"replies":[{"embeddable":true,"href":"https:\/\/www.marinigerardi.it\/shop\/wp-json\/wp\/v2\/comments?post=34418"}],"version-history":[{"count":0,"href":"https:\/\/www.marinigerardi.it\/shop\/wp-json\/wp\/v2\/posts\/34418\/revisions"}],"wp:featuredmedia":[{"embeddable":true,"href":"https:\/\/www.marinigerardi.it\/shop\/wp-json\/wp\/v2\/media\/33591"}],"wp:attachment":[{"href":"https:\/\/www.marinigerardi.it\/shop\/wp-json\/wp\/v2\/media?parent=34418"}],"wp:term":[{"taxonomy":"category","embeddable":true,"href":"https:\/\/www.marinigerardi.it\/shop\/wp-json\/wp\/v2\/categories?post=34418"},{"taxonomy":"post_tag","embeddable":true,"href":"https:\/\/www.marinigerardi.it\/shop\/wp-json\/wp\/v2\/tags?post=34418"}],"curies":[{"name":"wp","href":"https:\/\/api.w.org\/{rel}","templated":true}]}}