{"id":31555,"date":"2022-01-08T17:15:13","date_gmt":"2022-01-08T17:15:13","guid":{"rendered":"https:\/\/www.marinigerardi.it\/shop\/?p=31555"},"modified":"2026-07-19T16:28:52","modified_gmt":"2026-07-19T16:28:52","slug":"negozi-tende-per-interni-la-spezia","status":"publish","type":"post","link":"https:\/\/www.marinigerardi.it\/shop\/negozi-tende-per-interni-la-spezia\/","title":{"rendered":"Negozi Tende per Interni La Spezia"},"content":{"rendered":"<div class=\"wpb-content-wrapper\" id=\"wpb-content-root\"><p>[vc_row][vc_column]\n\t\t<div id=\"wd-68f0a41336b1d\" class=\"title-wrapper wd-wpb wd-set-mb reset-last-child  wd-rs-68f0a41336b1d wd-title-color-default wd-title-style-bordered text-center  wd-underline-colored\">\n\t\t\t\n\t\t\t<div class=\"liner-continer\">\n\t\t\t\t<h2 class=\"woodmart-title-container title  wd-font-weight-600 wd-fontsize-xl\" >Negozi Tende per Interni La Spezia Tende in Lino Online Esclusive<\/h2>\n\t\t\t\t\t\t\t<\/div>\n\t\t\t\n\t\t\t\t\t\t\t<div class=\"title-after_title reset-last-child  wd-fontsize-s\">Tende in Lino Alta Qualit\u00e0 disegnate e prodotte da Marini &amp; Gerardi - Ultime Tendenze Foto Idee Consigli per Rinnovare Casa<\/div>\n\t\t\t\n\t\t\t\n\t\t<\/div>\n\t\t\n\t\t\t\t<div id=\"wd-6a5cfb0a09065\" class=\"wd-text-block wd-wpb reset-last-child wd-rs-6a5cfb0a09065 text-left \">\n\t\t\t<p style=\"text-align: justify;\"><a href=\"https:\/\/www.marinigerardi.it\/shop\/categoria-prodotto\/tende-da-interni\/\"><strong>Tende da iunterni<\/strong><\/a> Artigianali su misura a La Spezia: Il Tuo Stile di Vita nei Dettagli<\/p>\n<p style=\"text-align: justify;\"><strong>A La Spezia,<\/strong> le nostre tende prendono vita grazie all&#8217;abilit\u00e0 artigianale dei maestri di Marini &amp; Gerardi. Realizzate con passione e professionalit\u00e0, queste opere d&#8217;arte tessili incarnano l&#8217;eccellenza artigianale italiana. Utilizziamo solo le migliori fibre naturali, dal lino al cotone e alla seta, per offrirti uno stile di vita avvolto in una vasta e sempre disponibile gamma di colori.<br \/>\n<strong>Una tenda \u00e8 molto pi\u00f9 di un semplice complemento d&#8217;arredo;<\/strong> \u00e8 il tocco finale che personalizza e rende unica la tua casa, conferendole atmosfera e carattere. Pertanto, la scelta delle tende richiede attenzione e cura nei dettagli. Noi amiamo il lino, un tessuto intramontabile che incarna l&#8217;eleganza e la raffinatezza. La sua bellezza \u00e8 un piacere per gli occhi e un piacere al tatto, e nel corso del tempo, acquisisce solo pi\u00f9 fascino e personalit\u00e0.<br \/>\n<strong>Presso Marini &amp; Gerardi, non realizziamo semplici tende; creiamo opere d&#8217;arte<\/strong> che trasformano gli ambienti e aggiungono un tocco di classe e comfort alla tua casa. Ogni tenda \u00e8 frutto di una meticolosa attenzione ai dettagli e di una passione per l&#8217;artigianato che si tramanda di generazione in generazione. <strong>Scegli la perfezione artigianale per la tua casa a La Spezia e rendi ogni giorno un&#8217;esperienza di bellezza senza tempo.<\/strong><\/p>\n\t\t<\/div>\n\t\t<div class=\"woocommerce columns-2 \"><div class=\"wd-products-element\">\t\t\t<div class=\"wd-sticky-loader wd-deferred wd-content-loader\"><span class=\"wd-loader\"><\/span><\/div>\n\t\t\n<div class=\"products wd-products wd-grid-g grid-columns-3 elements-grid pagination-infinit wd-loop-builder-off title-line-two wd-stretch-cont-lg wd-products-with-shadow\" data-source=\"main_loop\" data-min_price=\"\" data-max_price=\"\" data-columns=\"3\" style=\"--wd-col-lg:3;--wd-col-md:3;--wd-col-sm:2;--wd-gap-lg:20px;--wd-gap-sm:10px;\">\n<div class=\"wd-product wd-col wd-hover-standard product-grid-item product type-product post-7797 status-publish last instock product_cat-tende-in-lino has-post-thumbnail taxable shipping-taxable purchasable product-type-simple\" data-loop=\"1\" data-id=\"7797\">\n\t\n<div class=\"wd-product-wrapper product-wrapper\">\n\t<div class=\"wd-product-thumb product-element-top wd-quick-shop\">\n\t\t<a href=\"https:\/\/www.marinigerardi.it\/shop\/prodotto\/tende-da-interno-moderne\/\" class=\"wd-product-img-link product-image-link\" tabindex=\"-1\" aria-label=\"TORRE SABEA Tende da interno moderne su misura\">\n\t\t\t\t\t<div class=\"wd-product-grid-slider wd-fill\">\n\t\t\t\t\t\t\t<div class=\"wd-product-grid-slide\" data-image-url=\"https:\/\/www.marinigerardi.it\/shop\/wp-content\/uploads\/2021\/01\/Torre-Sabea-tenda-in-lino-per-una-casa-moderna-250x188.jpg\" data-image-srcset=\"https:\/\/www.marinigerardi.it\/shop\/wp-content\/uploads\/2021\/01\/Torre-Sabea-tenda-in-lino-per-una-casa-moderna-250x188.jpg 250w, https:\/\/www.marinigerardi.it\/shop\/wp-content\/uploads\/2021\/01\/Torre-Sabea-tenda-in-lino-per-una-casa-moderna-600x450.jpg 600w, https:\/\/www.marinigerardi.it\/shop\/wp-content\/uploads\/2021\/01\/Torre-Sabea-tenda-in-lino-per-una-casa-moderna-300x225.jpg 300w, https:\/\/www.marinigerardi.it\/shop\/wp-content\/uploads\/2021\/01\/Torre-Sabea-tenda-in-lino-per-una-casa-moderna-768x576.jpg 768w, https:\/\/www.marinigerardi.it\/shop\/wp-content\/uploads\/2021\/01\/Torre-Sabea-tenda-in-lino-per-una-casa-moderna.jpg 1024w\" data-image-id=\"0\"><\/div>\n\t\t\t\t\t\t\t<div class=\"wd-product-grid-slide\" data-image-url=\"https:\/\/www.marinigerardi.it\/shop\/wp-content\/uploads\/2021\/01\/Torre-Sabea-tenda-lino-asole-torretta-righe-colore-turchese-250x188.jpg\" data-image-srcset=\"https:\/\/www.marinigerardi.it\/shop\/wp-content\/uploads\/2021\/01\/Torre-Sabea-tenda-lino-asole-torretta-righe-colore-turchese-250x188.jpg 250w, https:\/\/www.marinigerardi.it\/shop\/wp-content\/uploads\/2021\/01\/Torre-Sabea-tenda-lino-asole-torretta-righe-colore-turchese-600x450.jpg 600w, https:\/\/www.marinigerardi.it\/shop\/wp-content\/uploads\/2021\/01\/Torre-Sabea-tenda-lino-asole-torretta-righe-colore-turchese-300x225.jpg 300w, https:\/\/www.marinigerardi.it\/shop\/wp-content\/uploads\/2021\/01\/Torre-Sabea-tenda-lino-asole-torretta-righe-colore-turchese-768x576.jpg 768w, https:\/\/www.marinigerardi.it\/shop\/wp-content\/uploads\/2021\/01\/Torre-Sabea-tenda-lino-asole-torretta-righe-colore-turchese.jpg 1024w\" data-image-id=\"1\"><\/div>\n\t\t\t\t\t\t\t<div class=\"wd-product-grid-slide\" data-image-url=\"https:\/\/www.marinigerardi.it\/shop\/wp-content\/uploads\/2021\/01\/Torre-Sabea-tenda-in-lino-a-righe-passamaneria-in-legno-250x188.jpg\" data-image-srcset=\"https:\/\/www.marinigerardi.it\/shop\/wp-content\/uploads\/2021\/01\/Torre-Sabea-tenda-in-lino-a-righe-passamaneria-in-legno-250x188.jpg 250w, https:\/\/www.marinigerardi.it\/shop\/wp-content\/uploads\/2021\/01\/Torre-Sabea-tenda-in-lino-a-righe-passamaneria-in-legno-600x450.jpg 600w, https:\/\/www.marinigerardi.it\/shop\/wp-content\/uploads\/2021\/01\/Torre-Sabea-tenda-in-lino-a-righe-passamaneria-in-legno-300x225.jpg 300w, https:\/\/www.marinigerardi.it\/shop\/wp-content\/uploads\/2021\/01\/Torre-Sabea-tenda-in-lino-a-righe-passamaneria-in-legno-768x576.jpg 768w, https:\/\/www.marinigerardi.it\/shop\/wp-content\/uploads\/2021\/01\/Torre-Sabea-tenda-in-lino-a-righe-passamaneria-in-legno.jpg 1024w\" data-image-id=\"2\"><\/div>\n\t\t\t\t\t<\/div>\n\n\t\t\n\t\t\t\t\t\t\t<div class=\"wd-product-grid-slider-pagin\">\n\t\t\t\t\t\t\t<div data-image-id=\"0\" class=\"wd-product-grid-slider-dot\"><\/div>\n\t\t\t\t\t\t\t<div data-image-id=\"1\" class=\"wd-product-grid-slider-dot\"><\/div>\n\t\t\t\t\t\t\t<div data-image-id=\"2\" class=\"wd-product-grid-slider-dot\"><\/div>\n\t\t\t\t\t<\/div>\n\t\t\t\t\t\t<img decoding=\"async\" width=\"250\" height=\"188\" src=\"https:\/\/www.marinigerardi.it\/shop\/wp-content\/uploads\/2021\/01\/Torre-Sabea-tenda-in-lino-per-una-casa-moderna-250x188.jpg\" class=\"attachment-woocommerce_thumbnail size-woocommerce_thumbnail\" alt=\"TORRE SABEA Tende da interno moderne su misura\" srcset=\"https:\/\/www.marinigerardi.it\/shop\/wp-content\/uploads\/2021\/01\/Torre-Sabea-tenda-in-lino-per-una-casa-moderna-250x188.jpg 250w, https:\/\/www.marinigerardi.it\/shop\/wp-content\/uploads\/2021\/01\/Torre-Sabea-tenda-in-lino-per-una-casa-moderna-600x450.jpg 600w, https:\/\/www.marinigerardi.it\/shop\/wp-content\/uploads\/2021\/01\/Torre-Sabea-tenda-in-lino-per-una-casa-moderna-300x225.jpg.avif 300w, https:\/\/www.marinigerardi.it\/shop\/wp-content\/uploads\/2021\/01\/Torre-Sabea-tenda-in-lino-per-una-casa-moderna-768x576.jpg.avif 768w, https:\/\/www.marinigerardi.it\/shop\/wp-content\/uploads\/2021\/01\/Torre-Sabea-tenda-in-lino-per-una-casa-moderna.jpg.webp 1024w\" sizes=\"(max-width: 250px) 100vw, 250px\" \/>\t\t<\/a>\n\n\t\t\n\t\t<div class=\"wd-buttons wd-pos-r-t\">\n\t\t\t\t\t\t\t\t\t\t\t\t\t\t<\/div>\n\t<\/div>\n\n\t\t<div class=\"product-element-bottom\">\n\t\n\t\n\t<h3 class=\"wd-entities-title\"><a href=\"https:\/\/www.marinigerardi.it\/shop\/prodotto\/tende-da-interno-moderne\/\">TORRE SABEA Tende da interno moderne su misura<\/a><\/h3>\n\t\t\t\t\t\t<p class=\"wd-product-stock stock wd-style-default in-stock\">Disponibile<\/p>\n\t\t\n\t\n\t<span class=\"price\">285,00&nbsp;&euro;<\/span>\n\n\t<div class=\"wd-add-btn wd-add-btn-replace\">\n\t\t\n\t\t<a href=\"https:\/\/www.marinigerardi.it\/shop\/prodotto\/tende-da-interno-moderne\/\" class=\"button product_type_simple add-to-cart-loop mg-detail-btn\"><span class=\"wd-action-icon\"><span class=\"wd-check-icon\"><\/span><\/span><span class=\"wd-action-text\">Vedi dettagli<\/span><\/a>\t<\/div>\n\n\t\n\t\n\t\t\t<\/div>\n\t<\/div>\n<\/div>\n<div class=\"wd-product wd-col wd-hover-standard product-grid-item product type-product post-8342 status-publish first instock product_cat-tende-shabby-chic product_cat-tende-in-lino has-post-thumbnail taxable shipping-taxable purchasable product-type-simple\" data-loop=\"2\" data-id=\"8342\">\n\t\n<div class=\"wd-product-wrapper product-wrapper\">\n\t<div class=\"wd-product-thumb product-element-top wd-quick-shop\">\n\t\t<a href=\"https:\/\/www.marinigerardi.it\/shop\/prodotto\/tenda-shabby-chic-in-puro-lino-rivabella\/\" class=\"wd-product-img-link product-image-link\" tabindex=\"-1\" aria-label=\"RIVABELLA &#8211; Tenda Shabby Chic in Puro Lino\">\n\t\t\t\t\t<div class=\"wd-product-grid-slider wd-fill\">\n\t\t\t\t\t\t\t<div class=\"wd-product-grid-slide\" data-image-url=\"https:\/\/www.marinigerardi.it\/shop\/wp-content\/uploads\/2021\/01\/rivabella-tende-oscuranti-in-lino-arredo-shabby-chic-250x188.jpg\" data-image-srcset=\"https:\/\/www.marinigerardi.it\/shop\/wp-content\/uploads\/2021\/01\/rivabella-tende-oscuranti-in-lino-arredo-shabby-chic-250x188.jpg 250w, https:\/\/www.marinigerardi.it\/shop\/wp-content\/uploads\/2021\/01\/rivabella-tende-oscuranti-in-lino-arredo-shabby-chic-600x450.jpg 600w, https:\/\/www.marinigerardi.it\/shop\/wp-content\/uploads\/2021\/01\/rivabella-tende-oscuranti-in-lino-arredo-shabby-chic-300x225.jpg 300w, https:\/\/www.marinigerardi.it\/shop\/wp-content\/uploads\/2021\/01\/rivabella-tende-oscuranti-in-lino-arredo-shabby-chic-768x576.jpg 768w, https:\/\/www.marinigerardi.it\/shop\/wp-content\/uploads\/2021\/01\/rivabella-tende-oscuranti-in-lino-arredo-shabby-chic.jpg 1024w\" data-image-id=\"0\"><\/div>\n\t\t\t\t\t\t\t<div class=\"wd-product-grid-slide\" data-image-url=\"https:\/\/www.marinigerardi.it\/shop\/wp-content\/uploads\/2021\/01\/rivabella-tenda-coprente-glicine-arredo-soggiorno-mare-campagna-250x188.jpg\" data-image-srcset=\"https:\/\/www.marinigerardi.it\/shop\/wp-content\/uploads\/2021\/01\/rivabella-tenda-coprente-glicine-arredo-soggiorno-mare-campagna-250x188.jpg 250w, https:\/\/www.marinigerardi.it\/shop\/wp-content\/uploads\/2021\/01\/rivabella-tenda-coprente-glicine-arredo-soggiorno-mare-campagna-600x450.jpg 600w, https:\/\/www.marinigerardi.it\/shop\/wp-content\/uploads\/2021\/01\/rivabella-tenda-coprente-glicine-arredo-soggiorno-mare-campagna-300x225.jpg 300w, https:\/\/www.marinigerardi.it\/shop\/wp-content\/uploads\/2021\/01\/rivabella-tenda-coprente-glicine-arredo-soggiorno-mare-campagna-768x576.jpg 768w, https:\/\/www.marinigerardi.it\/shop\/wp-content\/uploads\/2021\/01\/rivabella-tenda-coprente-glicine-arredo-soggiorno-mare-campagna.jpg 1024w\" data-image-id=\"1\"><\/div>\n\t\t\t\t\t\t\t<div class=\"wd-product-grid-slide\" data-image-url=\"https:\/\/www.marinigerardi.it\/shop\/wp-content\/uploads\/2021\/01\/rivabella-tenda-coprente-grafite-arredo-mare-campagna-low-cost-250x188.jpg\" data-image-srcset=\"https:\/\/www.marinigerardi.it\/shop\/wp-content\/uploads\/2021\/01\/rivabella-tenda-coprente-grafite-arredo-mare-campagna-low-cost-250x188.jpg 250w, https:\/\/www.marinigerardi.it\/shop\/wp-content\/uploads\/2021\/01\/rivabella-tenda-coprente-grafite-arredo-mare-campagna-low-cost-600x450.jpg 600w, https:\/\/www.marinigerardi.it\/shop\/wp-content\/uploads\/2021\/01\/rivabella-tenda-coprente-grafite-arredo-mare-campagna-low-cost-300x225.jpg 300w, https:\/\/www.marinigerardi.it\/shop\/wp-content\/uploads\/2021\/01\/rivabella-tenda-coprente-grafite-arredo-mare-campagna-low-cost-768x576.jpg 768w, https:\/\/www.marinigerardi.it\/shop\/wp-content\/uploads\/2021\/01\/rivabella-tenda-coprente-grafite-arredo-mare-campagna-low-cost.jpg 1024w\" data-image-id=\"2\"><\/div>\n\t\t\t\t\t<\/div>\n\n\t\t\n\t\t\t\t\t\t\t<div class=\"wd-product-grid-slider-pagin\">\n\t\t\t\t\t\t\t<div data-image-id=\"0\" class=\"wd-product-grid-slider-dot\"><\/div>\n\t\t\t\t\t\t\t<div data-image-id=\"1\" class=\"wd-product-grid-slider-dot\"><\/div>\n\t\t\t\t\t\t\t<div data-image-id=\"2\" class=\"wd-product-grid-slider-dot\"><\/div>\n\t\t\t\t\t<\/div>\n\t\t\t\t\t\t<img decoding=\"async\" width=\"250\" height=\"188\" src=\"https:\/\/www.marinigerardi.it\/shop\/wp-content\/uploads\/2021\/01\/rivabella-tende-oscuranti-in-lino-arredo-shabby-chic-250x188.jpg\" class=\"attachment-woocommerce_thumbnail size-woocommerce_thumbnail\" alt=\"RIVABELLA - Tenda Shabby Chic in Puro Lino\" srcset=\"https:\/\/www.marinigerardi.it\/shop\/wp-content\/uploads\/2021\/01\/rivabella-tende-oscuranti-in-lino-arredo-shabby-chic-250x188.jpg 250w, https:\/\/www.marinigerardi.it\/shop\/wp-content\/uploads\/2021\/01\/rivabella-tende-oscuranti-in-lino-arredo-shabby-chic-600x450.jpg 600w, https:\/\/www.marinigerardi.it\/shop\/wp-content\/uploads\/2021\/01\/rivabella-tende-oscuranti-in-lino-arredo-shabby-chic-300x225.jpg.avif 300w, https:\/\/www.marinigerardi.it\/shop\/wp-content\/uploads\/2021\/01\/rivabella-tende-oscuranti-in-lino-arredo-shabby-chic-768x576.jpg.avif 768w, https:\/\/www.marinigerardi.it\/shop\/wp-content\/uploads\/2021\/01\/rivabella-tende-oscuranti-in-lino-arredo-shabby-chic.jpg.webp 1024w\" sizes=\"(max-width: 250px) 100vw, 250px\" \/>\t\t<\/a>\n\n\t\t\n\t\t<div class=\"wd-buttons wd-pos-r-t\">\n\t\t\t\t\t\t\t\t\t\t\t\t\t\t<\/div>\n\t<\/div>\n\n\t\t<div class=\"product-element-bottom\">\n\t\n\t\n\t<h3 class=\"wd-entities-title\"><a href=\"https:\/\/www.marinigerardi.it\/shop\/prodotto\/tenda-shabby-chic-in-puro-lino-rivabella\/\">RIVABELLA &#8211; Tenda Shabby Chic in Puro Lino<\/a><\/h3>\n\t\t\t\t\t\t\n\t\t\t\t<div class=\"star-rating\" role=\"img\" aria-label=\"Valutato 5.00 su 5\">\n\t\t\t\t\t<span style=\"width:100%\">\n\t\t\tValutato <strong class=\"rating\">5.00<\/strong> su 5\t\t<\/span>\n\t\t\t\t<\/div>\n\n\t\t\n\t\t\t\t\t\t\t\t\t<p class=\"wd-product-stock stock wd-style-default in-stock\">Disponibile<\/p>\n\t\t\n\t\n\t<span class=\"price\">135,00&nbsp;&euro;<\/span>\n\n\t<div class=\"wd-add-btn wd-add-btn-replace\">\n\t\t\n\t\t<a href=\"https:\/\/www.marinigerardi.it\/shop\/prodotto\/tenda-shabby-chic-in-puro-lino-rivabella\/\" class=\"button product_type_simple add-to-cart-loop mg-detail-btn\"><span class=\"wd-action-icon\"><span class=\"wd-check-icon\"><\/span><\/span><span class=\"wd-action-text\">Vedi dettagli<\/span><\/a>\t<\/div>\n\n\t\n\t\n\t\t\t<\/div>\n\t<\/div>\n<\/div>\n<div class=\"wd-product wd-col wd-hover-standard product-grid-item product type-product post-7660 status-publish last instock product_cat-tende-in-lino has-post-thumbnail taxable shipping-taxable purchasable product-type-simple\" data-loop=\"3\" data-id=\"7660\">\n\t\n<div class=\"wd-product-wrapper product-wrapper\">\n\t<div class=\"wd-product-thumb product-element-top wd-quick-shop\">\n\t\t<a href=\"https:\/\/www.marinigerardi.it\/shop\/prodotto\/tende-soggiorno-in-lino-torre-suda\/\" class=\"wd-product-img-link product-image-link\" tabindex=\"-1\" aria-label=\"TORRE SUDA &#8211; Tende Soggiorno in Lino\">\n\t\t\t\t\t<div class=\"wd-product-grid-slider wd-fill\">\n\t\t\t\t\t\t\t<div class=\"wd-product-grid-slide\" data-image-url=\"https:\/\/www.marinigerardi.it\/shop\/wp-content\/uploads\/2021\/03\/Torre-Suda-Tenda-lino-moderna-decoro-a-quadri-intaglio-ricamo-250x188.jpg\" data-image-srcset=\"https:\/\/www.marinigerardi.it\/shop\/wp-content\/uploads\/2021\/03\/Torre-Suda-Tenda-lino-moderna-decoro-a-quadri-intaglio-ricamo-250x188.jpg 250w, https:\/\/www.marinigerardi.it\/shop\/wp-content\/uploads\/2021\/03\/Torre-Suda-Tenda-lino-moderna-decoro-a-quadri-intaglio-ricamo-600x450.jpg 600w, https:\/\/www.marinigerardi.it\/shop\/wp-content\/uploads\/2021\/03\/Torre-Suda-Tenda-lino-moderna-decoro-a-quadri-intaglio-ricamo-300x225.jpg 300w, https:\/\/www.marinigerardi.it\/shop\/wp-content\/uploads\/2021\/03\/Torre-Suda-Tenda-lino-moderna-decoro-a-quadri-intaglio-ricamo-768x576.jpg 768w, https:\/\/www.marinigerardi.it\/shop\/wp-content\/uploads\/2021\/03\/Torre-Suda-Tenda-lino-moderna-decoro-a-quadri-intaglio-ricamo.jpg 1024w\" data-image-id=\"0\"><\/div>\n\t\t\t\t\t\t\t<div class=\"wd-product-grid-slide\" data-image-url=\"https:\/\/www.marinigerardi.it\/shop\/wp-content\/uploads\/2021\/03\/Torre-Suda-Tenda-lino-moderna-tessuto-acaya-Italiano-250x188.jpg\" data-image-srcset=\"https:\/\/www.marinigerardi.it\/shop\/wp-content\/uploads\/2021\/03\/Torre-Suda-Tenda-lino-moderna-tessuto-acaya-Italiano-250x188.jpg 250w, https:\/\/www.marinigerardi.it\/shop\/wp-content\/uploads\/2021\/03\/Torre-Suda-Tenda-lino-moderna-tessuto-acaya-Italiano-600x450.jpg 600w, https:\/\/www.marinigerardi.it\/shop\/wp-content\/uploads\/2021\/03\/Torre-Suda-Tenda-lino-moderna-tessuto-acaya-Italiano-300x225.jpg 300w, https:\/\/www.marinigerardi.it\/shop\/wp-content\/uploads\/2021\/03\/Torre-Suda-Tenda-lino-moderna-tessuto-acaya-Italiano-768x576.jpg 768w, https:\/\/www.marinigerardi.it\/shop\/wp-content\/uploads\/2021\/03\/Torre-Suda-Tenda-lino-moderna-tessuto-acaya-Italiano.jpg 1024w\" data-image-id=\"1\"><\/div>\n\t\t\t\t\t\t\t<div class=\"wd-product-grid-slide\" data-image-url=\"https:\/\/www.marinigerardi.it\/shop\/wp-content\/uploads\/2021\/03\/tenda-intermi-moderna-in-lino-stropicciato-colore-ecru-con-ricamo-Torre-Suda-250x188.jpg\" data-image-srcset=\"https:\/\/www.marinigerardi.it\/shop\/wp-content\/uploads\/2021\/03\/tenda-intermi-moderna-in-lino-stropicciato-colore-ecru-con-ricamo-Torre-Suda-250x188.jpg 250w, https:\/\/www.marinigerardi.it\/shop\/wp-content\/uploads\/2021\/03\/tenda-intermi-moderna-in-lino-stropicciato-colore-ecru-con-ricamo-Torre-Suda-600x450.jpg 600w, https:\/\/www.marinigerardi.it\/shop\/wp-content\/uploads\/2021\/03\/tenda-intermi-moderna-in-lino-stropicciato-colore-ecru-con-ricamo-Torre-Suda-300x225.jpg 300w, https:\/\/www.marinigerardi.it\/shop\/wp-content\/uploads\/2021\/03\/tenda-intermi-moderna-in-lino-stropicciato-colore-ecru-con-ricamo-Torre-Suda-768x576.jpg 768w, https:\/\/www.marinigerardi.it\/shop\/wp-content\/uploads\/2021\/03\/tenda-intermi-moderna-in-lino-stropicciato-colore-ecru-con-ricamo-Torre-Suda.jpg 1024w\" data-image-id=\"2\"><\/div>\n\t\t\t\t\t<\/div>\n\n\t\t\n\t\t\t\t\t\t\t<div class=\"wd-product-grid-slider-pagin\">\n\t\t\t\t\t\t\t<div data-image-id=\"0\" class=\"wd-product-grid-slider-dot\"><\/div>\n\t\t\t\t\t\t\t<div data-image-id=\"1\" class=\"wd-product-grid-slider-dot\"><\/div>\n\t\t\t\t\t\t\t<div data-image-id=\"2\" class=\"wd-product-grid-slider-dot\"><\/div>\n\t\t\t\t\t<\/div>\n\t\t\t\t\t\t<img decoding=\"async\" width=\"250\" height=\"188\" src=\"https:\/\/www.marinigerardi.it\/shop\/wp-content\/uploads\/2021\/03\/Torre-Suda-Tenda-lino-moderna-decoro-a-quadri-intaglio-ricamo-250x188.jpg\" class=\"attachment-woocommerce_thumbnail size-woocommerce_thumbnail\" alt=\"Tende Soggiorno in Lino - TORRE SUDA\" srcset=\"https:\/\/www.marinigerardi.it\/shop\/wp-content\/uploads\/2021\/03\/Torre-Suda-Tenda-lino-moderna-decoro-a-quadri-intaglio-ricamo-250x188.jpg 250w, https:\/\/www.marinigerardi.it\/shop\/wp-content\/uploads\/2021\/03\/Torre-Suda-Tenda-lino-moderna-decoro-a-quadri-intaglio-ricamo-600x450.jpg 600w, https:\/\/www.marinigerardi.it\/shop\/wp-content\/uploads\/2021\/03\/Torre-Suda-Tenda-lino-moderna-decoro-a-quadri-intaglio-ricamo-300x225.jpg.avif 300w, https:\/\/www.marinigerardi.it\/shop\/wp-content\/uploads\/2021\/03\/Torre-Suda-Tenda-lino-moderna-decoro-a-quadri-intaglio-ricamo-768x576.jpg.avif 768w, https:\/\/www.marinigerardi.it\/shop\/wp-content\/uploads\/2021\/03\/Torre-Suda-Tenda-lino-moderna-decoro-a-quadri-intaglio-ricamo.jpg.webp 1024w\" sizes=\"(max-width: 250px) 100vw, 250px\" \/>\t\t<\/a>\n\n\t\t\n\t\t<div class=\"wd-buttons wd-pos-r-t\">\n\t\t\t\t\t\t\t\t\t\t\t\t\t\t<\/div>\n\t<\/div>\n\n\t\t<div class=\"product-element-bottom\">\n\t\n\t\n\t<h3 class=\"wd-entities-title\"><a href=\"https:\/\/www.marinigerardi.it\/shop\/prodotto\/tende-soggiorno-in-lino-torre-suda\/\">TORRE SUDA &#8211; Tende Soggiorno in Lino<\/a><\/h3>\n\t\t\t\t\t\t<p class=\"wd-product-stock stock wd-style-default in-stock\">Disponibile<\/p>\n\t\t\n\t\n\t<span class=\"price\">288,00&nbsp;&euro;<\/span>\n\n\t<div class=\"wd-add-btn wd-add-btn-replace\">\n\t\t\n\t\t<a href=\"https:\/\/www.marinigerardi.it\/shop\/prodotto\/tende-soggiorno-in-lino-torre-suda\/\" class=\"button product_type_simple add-to-cart-loop mg-detail-btn\"><span class=\"wd-action-icon\"><span class=\"wd-check-icon\"><\/span><\/span><span class=\"wd-action-text\">Vedi dettagli<\/span><\/a>\t<\/div>\n\n\t\n\t\n\t\t\t<\/div>\n\t<\/div>\n<\/div>\n<div class=\"wd-product wd-col wd-hover-standard product-grid-item product type-product post-66654 status-publish first instock product_cat-tende-da-interni product_cat-tende-di-lino product_cat-tende-in-lino product_cat-tende-interni product_cat-tende-lino product_cat-tende-moderne product_cat-tende-su-misura product_tag-tende product_tag-tende-di-lino product_tag-tende-di-lino-moderne product_tag-tende-in-lino product_tag-tende-moderne product_tag-tende-soggiorno has-post-thumbnail taxable shipping-taxable purchasable product-type-simple\" data-loop=\"4\" data-id=\"66654\">\n\t\n<div class=\"wd-product-wrapper product-wrapper\">\n\t<div class=\"wd-product-thumb product-element-top wd-quick-shop\">\n\t\t<a href=\"https:\/\/www.marinigerardi.it\/shop\/prodotto\/tende-bianche-moderne-soggiorno\/\" class=\"wd-product-img-link product-image-link\" tabindex=\"-1\" aria-label=\"Tende Bianche Moderne Soggiorno: il design botanico di FASCINO\">\n\t\t\t\t\t<div class=\"wd-product-grid-slider wd-fill\">\n\t\t\t\t\t\t\t<div class=\"wd-product-grid-slide\" data-image-url=\"https:\/\/www.marinigerardi.it\/shop\/wp-content\/uploads\/2024\/03\/Tende-Bianche-Moderne-Soggiorno-eleganza-bellezza-lusso-250x188.jpg\" data-image-srcset=\"https:\/\/www.marinigerardi.it\/shop\/wp-content\/uploads\/2024\/03\/Tende-Bianche-Moderne-Soggiorno-eleganza-bellezza-lusso-250x188.jpg 250w, https:\/\/www.marinigerardi.it\/shop\/wp-content\/uploads\/2024\/03\/Tende-Bianche-Moderne-Soggiorno-eleganza-bellezza-lusso-600x450.jpg 600w, https:\/\/www.marinigerardi.it\/shop\/wp-content\/uploads\/2024\/03\/Tende-Bianche-Moderne-Soggiorno-eleganza-bellezza-lusso-300x225.jpg 300w, https:\/\/www.marinigerardi.it\/shop\/wp-content\/uploads\/2024\/03\/Tende-Bianche-Moderne-Soggiorno-eleganza-bellezza-lusso-768x576.jpg 768w, https:\/\/www.marinigerardi.it\/shop\/wp-content\/uploads\/2024\/03\/Tende-Bianche-Moderne-Soggiorno-eleganza-bellezza-lusso.jpg 1024w\" data-image-id=\"0\"><\/div>\n\t\t\t\t\t\t\t<div class=\"wd-product-grid-slide\" data-image-url=\"https:\/\/www.marinigerardi.it\/shop\/wp-content\/uploads\/2024\/03\/Tende-Bianche-Moderne-Soggiorno-di-lusso-250x188.jpg\" data-image-srcset=\"https:\/\/www.marinigerardi.it\/shop\/wp-content\/uploads\/2024\/03\/Tende-Bianche-Moderne-Soggiorno-di-lusso-250x188.jpg 250w, https:\/\/www.marinigerardi.it\/shop\/wp-content\/uploads\/2024\/03\/Tende-Bianche-Moderne-Soggiorno-di-lusso-600x450.jpg 600w, https:\/\/www.marinigerardi.it\/shop\/wp-content\/uploads\/2024\/03\/Tende-Bianche-Moderne-Soggiorno-di-lusso-300x225.jpg 300w, https:\/\/www.marinigerardi.it\/shop\/wp-content\/uploads\/2024\/03\/Tende-Bianche-Moderne-Soggiorno-di-lusso-768x576.jpg 768w, https:\/\/www.marinigerardi.it\/shop\/wp-content\/uploads\/2024\/03\/Tende-Bianche-Moderne-Soggiorno-di-lusso.jpg 1024w\" data-image-id=\"1\"><\/div>\n\t\t\t\t\t\t\t<div class=\"wd-product-grid-slide\" data-image-url=\"https:\/\/www.marinigerardi.it\/shop\/wp-content\/uploads\/2024\/03\/Tende-Bianche-Moderne-Soggiorno-tracce-colore-eleganza-250x188.jpg\" data-image-srcset=\"https:\/\/www.marinigerardi.it\/shop\/wp-content\/uploads\/2024\/03\/Tende-Bianche-Moderne-Soggiorno-tracce-colore-eleganza-250x188.jpg 250w, https:\/\/www.marinigerardi.it\/shop\/wp-content\/uploads\/2024\/03\/Tende-Bianche-Moderne-Soggiorno-tracce-colore-eleganza-600x450.jpg 600w, https:\/\/www.marinigerardi.it\/shop\/wp-content\/uploads\/2024\/03\/Tende-Bianche-Moderne-Soggiorno-tracce-colore-eleganza-300x225.jpg 300w, https:\/\/www.marinigerardi.it\/shop\/wp-content\/uploads\/2024\/03\/Tende-Bianche-Moderne-Soggiorno-tracce-colore-eleganza-768x576.jpg 768w, https:\/\/www.marinigerardi.it\/shop\/wp-content\/uploads\/2024\/03\/Tende-Bianche-Moderne-Soggiorno-tracce-colore-eleganza.jpg 1024w\" data-image-id=\"2\"><\/div>\n\t\t\t\t\t<\/div>\n\n\t\t\n\t\t\t\t\t\t\t<div class=\"wd-product-grid-slider-pagin\">\n\t\t\t\t\t\t\t<div data-image-id=\"0\" class=\"wd-product-grid-slider-dot\"><\/div>\n\t\t\t\t\t\t\t<div data-image-id=\"1\" class=\"wd-product-grid-slider-dot\"><\/div>\n\t\t\t\t\t\t\t<div data-image-id=\"2\" class=\"wd-product-grid-slider-dot\"><\/div>\n\t\t\t\t\t<\/div>\n\t\t\t\t\t\t<img decoding=\"async\" width=\"250\" height=\"188\" src=\"https:\/\/www.marinigerardi.it\/shop\/wp-content\/uploads\/2024\/03\/Tende-Bianche-Moderne-Soggiorno-eleganza-bellezza-lusso-250x188.jpg\" class=\"attachment-woocommerce_thumbnail size-woocommerce_thumbnail\" alt=\"Tende bianche moderne soggiorno in lino eleganza bellezza lusso\" srcset=\"https:\/\/www.marinigerardi.it\/shop\/wp-content\/uploads\/2024\/03\/Tende-Bianche-Moderne-Soggiorno-eleganza-bellezza-lusso-250x188.jpg 250w, https:\/\/www.marinigerardi.it\/shop\/wp-content\/uploads\/2024\/03\/Tende-Bianche-Moderne-Soggiorno-eleganza-bellezza-lusso-600x450.jpg 600w, https:\/\/www.marinigerardi.it\/shop\/wp-content\/uploads\/2024\/03\/Tende-Bianche-Moderne-Soggiorno-eleganza-bellezza-lusso-300x225.jpg.avif 300w, https:\/\/www.marinigerardi.it\/shop\/wp-content\/uploads\/2024\/03\/Tende-Bianche-Moderne-Soggiorno-eleganza-bellezza-lusso-768x576.jpg.avif 768w, https:\/\/www.marinigerardi.it\/shop\/wp-content\/uploads\/2024\/03\/Tende-Bianche-Moderne-Soggiorno-eleganza-bellezza-lusso.jpg.webp 1024w\" sizes=\"(max-width: 250px) 100vw, 250px\" \/>\t\t<\/a>\n\n\t\t\t\t\t<div class=\"product-labels labels-rectangular\">\n\t\t\t\t<span class=\"new product-label wd-shape-rect-sm\">Nuovo<\/span>\t\t\t<\/div>\n\t\t\t\n\t\t<div class=\"wd-buttons wd-pos-r-t\">\n\t\t\t\t\t\t\t\t\t\t\t\t\t\t<\/div>\n\t<\/div>\n\n\t\t<div class=\"product-element-bottom\">\n\t\n\t\n\t<h3 class=\"wd-entities-title\"><a href=\"https:\/\/www.marinigerardi.it\/shop\/prodotto\/tende-bianche-moderne-soggiorno\/\">Tende Bianche Moderne Soggiorno: il design botanico di FASCINO<\/a><\/h3>\n\t\t\t\t\t\t<p class=\"wd-product-stock stock wd-style-default in-stock\">Disponibile<\/p>\n\t\t\n\t\n\t<span class=\"price\">289,00&nbsp;&euro;<\/span>\n\n\t<div class=\"wd-add-btn wd-add-btn-replace\">\n\t\t\n\t\t<a href=\"https:\/\/www.marinigerardi.it\/shop\/prodotto\/tende-bianche-moderne-soggiorno\/\" class=\"button product_type_simple add-to-cart-loop mg-detail-btn\"><span class=\"wd-action-icon\"><span class=\"wd-check-icon\"><\/span><\/span><span class=\"wd-action-text\">Vedi dettagli<\/span><\/a>\t<\/div>\n\n\t\n\t\n\t\t\t<\/div>\n\t<\/div>\n<\/div>\n<div class=\"wd-product wd-col wd-hover-standard product-grid-item product type-product post-67818 status-publish last instock product_cat-tende-da-interni product_cat-tende-di-lino product_cat-tende-in-lino product_cat-tende-lino product_cat-tende-moderne product_cat-tende-online-su-misura product_cat-tende-su-misura product_tag-tende-in-lino product_tag-tende-interne-moderne product_tag-tende-moderne has-post-thumbnail taxable shipping-taxable purchasable product-type-simple\" data-loop=\"5\" data-id=\"67818\">\n\t\n<div class=\"wd-product-wrapper product-wrapper\">\n\t<div class=\"wd-product-thumb product-element-top wd-quick-shop\">\n\t\t<a href=\"https:\/\/www.marinigerardi.it\/shop\/prodotto\/tende-da-salotto-moderne\/\" class=\"wd-product-img-link product-image-link\" tabindex=\"-1\" aria-label=\"FEDELT\u00c0 = PASSIONE &#8211; Tende da Salotto Moderne in Lino Soluzioni Arredo Interni con foto\">\n\t\t\t\t\t<div class=\"wd-product-grid-slider wd-fill\">\n\t\t\t\t\t\t\t<div class=\"wd-product-grid-slide\" data-image-url=\"https:\/\/www.marinigerardi.it\/shop\/wp-content\/uploads\/2024\/05\/Tende-da-Salotto-Moderne-Soluzioni-Arredo-Interni-con-foto-250x189.jpg\" data-image-srcset=\"https:\/\/www.marinigerardi.it\/shop\/wp-content\/uploads\/2024\/05\/Tende-da-Salotto-Moderne-Soluzioni-Arredo-Interni-con-foto-250x189.jpg 250w, https:\/\/www.marinigerardi.it\/shop\/wp-content\/uploads\/2024\/05\/Tende-da-Salotto-Moderne-Soluzioni-Arredo-Interni-con-foto-600x454.jpg 600w, https:\/\/www.marinigerardi.it\/shop\/wp-content\/uploads\/2024\/05\/Tende-da-Salotto-Moderne-Soluzioni-Arredo-Interni-con-foto-300x227.jpg 300w, https:\/\/www.marinigerardi.it\/shop\/wp-content\/uploads\/2024\/05\/Tende-da-Salotto-Moderne-Soluzioni-Arredo-Interni-con-foto-768x581.jpg 768w, https:\/\/www.marinigerardi.it\/shop\/wp-content\/uploads\/2024\/05\/Tende-da-Salotto-Moderne-Soluzioni-Arredo-Interni-con-foto.jpg 1024w\" data-image-id=\"0\"><\/div>\n\t\t\t\t\t\t\t<div class=\"wd-product-grid-slide\" data-image-url=\"https:\/\/www.marinigerardi.it\/shop\/wp-content\/uploads\/2024\/05\/Tende-da-Salotto-Moderne-in-Lino-Arredo-Interni-design-250x189.jpg\" data-image-srcset=\"https:\/\/www.marinigerardi.it\/shop\/wp-content\/uploads\/2024\/05\/Tende-da-Salotto-Moderne-in-Lino-Arredo-Interni-design-250x189.jpg 250w, https:\/\/www.marinigerardi.it\/shop\/wp-content\/uploads\/2024\/05\/Tende-da-Salotto-Moderne-in-Lino-Arredo-Interni-design-600x454.jpg 600w, https:\/\/www.marinigerardi.it\/shop\/wp-content\/uploads\/2024\/05\/Tende-da-Salotto-Moderne-in-Lino-Arredo-Interni-design-300x227.jpg 300w, https:\/\/www.marinigerardi.it\/shop\/wp-content\/uploads\/2024\/05\/Tende-da-Salotto-Moderne-in-Lino-Arredo-Interni-design-768x581.jpg 768w, https:\/\/www.marinigerardi.it\/shop\/wp-content\/uploads\/2024\/05\/Tende-da-Salotto-Moderne-in-Lino-Arredo-Interni-design.jpg 1024w\" data-image-id=\"1\"><\/div>\n\t\t\t\t\t\t\t<div class=\"wd-product-grid-slide\" data-image-url=\"https:\/\/www.marinigerardi.it\/shop\/wp-content\/uploads\/2024\/05\/Tende-da-Salotto-Moderne-in-Lino-design-arredo-interni-250x189.jpg\" data-image-srcset=\"https:\/\/www.marinigerardi.it\/shop\/wp-content\/uploads\/2024\/05\/Tende-da-Salotto-Moderne-in-Lino-design-arredo-interni-250x189.jpg 250w, https:\/\/www.marinigerardi.it\/shop\/wp-content\/uploads\/2024\/05\/Tende-da-Salotto-Moderne-in-Lino-design-arredo-interni-600x454.jpg 600w, https:\/\/www.marinigerardi.it\/shop\/wp-content\/uploads\/2024\/05\/Tende-da-Salotto-Moderne-in-Lino-design-arredo-interni-300x227.jpg 300w, https:\/\/www.marinigerardi.it\/shop\/wp-content\/uploads\/2024\/05\/Tende-da-Salotto-Moderne-in-Lino-design-arredo-interni-768x581.jpg 768w, https:\/\/www.marinigerardi.it\/shop\/wp-content\/uploads\/2024\/05\/Tende-da-Salotto-Moderne-in-Lino-design-arredo-interni.jpg 1024w\" data-image-id=\"2\"><\/div>\n\t\t\t\t\t\t\t<div class=\"wd-product-grid-slide\" data-image-url=\"https:\/\/www.marinigerardi.it\/shop\/wp-content\/uploads\/2023\/04\/tende-da-interno-moderne-immagini-250x188.jpg\" data-image-srcset=\"https:\/\/www.marinigerardi.it\/shop\/wp-content\/uploads\/2023\/04\/tende-da-interno-moderne-immagini-250x188.jpg 250w, https:\/\/www.marinigerardi.it\/shop\/wp-content\/uploads\/2023\/04\/tende-da-interno-moderne-immagini-600x450.jpg 600w, https:\/\/www.marinigerardi.it\/shop\/wp-content\/uploads\/2023\/04\/tende-da-interno-moderne-immagini-300x225.jpg 300w, https:\/\/www.marinigerardi.it\/shop\/wp-content\/uploads\/2023\/04\/tende-da-interno-moderne-immagini-768x576.jpg 768w, https:\/\/www.marinigerardi.it\/shop\/wp-content\/uploads\/2023\/04\/tende-da-interno-moderne-immagini.jpg 1024w\" data-image-id=\"3\"><\/div>\n\t\t\t\t\t<\/div>\n\n\t\t\n\t\t\t\t\t\t\t<div class=\"wd-product-grid-slider-pagin\">\n\t\t\t\t\t\t\t<div data-image-id=\"0\" class=\"wd-product-grid-slider-dot\"><\/div>\n\t\t\t\t\t\t\t<div data-image-id=\"1\" class=\"wd-product-grid-slider-dot\"><\/div>\n\t\t\t\t\t\t\t<div data-image-id=\"2\" class=\"wd-product-grid-slider-dot\"><\/div>\n\t\t\t\t\t\t\t<div data-image-id=\"3\" class=\"wd-product-grid-slider-dot\"><\/div>\n\t\t\t\t\t<\/div>\n\t\t\t\t\t\t<img decoding=\"async\" width=\"250\" height=\"189\" src=\"https:\/\/www.marinigerardi.it\/shop\/wp-content\/uploads\/2024\/05\/Tende-da-Salotto-Moderne-Soluzioni-Arredo-Interni-con-foto-250x189.jpg\" class=\"attachment-woocommerce_thumbnail size-woocommerce_thumbnail\" alt=\"Tende da salotto moderne soluzioni arredo interni con foto\" srcset=\"https:\/\/www.marinigerardi.it\/shop\/wp-content\/uploads\/2024\/05\/Tende-da-Salotto-Moderne-Soluzioni-Arredo-Interni-con-foto-250x189.jpg 250w, https:\/\/www.marinigerardi.it\/shop\/wp-content\/uploads\/2024\/05\/Tende-da-Salotto-Moderne-Soluzioni-Arredo-Interni-con-foto-600x454.jpg 600w, https:\/\/www.marinigerardi.it\/shop\/wp-content\/uploads\/2024\/05\/Tende-da-Salotto-Moderne-Soluzioni-Arredo-Interni-con-foto-300x227.jpg.avif 300w, https:\/\/www.marinigerardi.it\/shop\/wp-content\/uploads\/2024\/05\/Tende-da-Salotto-Moderne-Soluzioni-Arredo-Interni-con-foto-768x581.jpg.avif 768w, https:\/\/www.marinigerardi.it\/shop\/wp-content\/uploads\/2024\/05\/Tende-da-Salotto-Moderne-Soluzioni-Arredo-Interni-con-foto.jpg.webp 1024w\" sizes=\"(max-width: 250px) 100vw, 250px\" \/>\t\t<\/a>\n\n\t\t\n\t\t<div class=\"wd-buttons wd-pos-r-t\">\n\t\t\t\t\t\t\t\t\t\t\t\t\t\t<\/div>\n\t<\/div>\n\n\t\t<div class=\"product-element-bottom\">\n\t\n\t\n\t<h3 class=\"wd-entities-title\"><a href=\"https:\/\/www.marinigerardi.it\/shop\/prodotto\/tende-da-salotto-moderne\/\">FEDELT\u00c0 = PASSIONE &#8211; Tende da Salotto Moderne in Lino Soluzioni Arredo Interni con foto<\/a><\/h3>\n\t\t\t\t\t\t<p class=\"wd-product-stock stock wd-style-default in-stock\">Disponibile<\/p>\n\t\t\n\t\n\t<span class=\"price\">135,00&nbsp;&euro;<\/span>\n\n\t<div class=\"wd-add-btn wd-add-btn-replace\">\n\t\t\n\t\t<a href=\"https:\/\/www.marinigerardi.it\/shop\/prodotto\/tende-da-salotto-moderne\/\" class=\"button product_type_simple add-to-cart-loop mg-detail-btn\"><span class=\"wd-action-icon\"><span class=\"wd-check-icon\"><\/span><\/span><span class=\"wd-action-text\">Vedi dettagli<\/span><\/a>\t<\/div>\n\n\t\n\t\n\t\t\t<\/div>\n\t<\/div>\n<\/div>\n<div class=\"wd-product wd-col wd-hover-standard product-grid-item product type-product post-66620 status-publish first instock product_cat-tende-da-interni product_cat-tende-di-lino product_cat-tende-in-lino product_cat-tende-interni product_cat-tende-lino product_cat-tende-moderne product_cat-tende-su-misura product_tag-tende product_tag-tende-di-lino product_tag-tende-di-lino-moderne product_tag-tende-in-lino product_tag-tende-moderne product_tag-tende-soggiorno has-post-thumbnail taxable shipping-taxable purchasable product-type-simple\" data-loop=\"6\" data-id=\"66620\">\n\t\n<div class=\"wd-product-wrapper product-wrapper\">\n\t<div class=\"wd-product-thumb product-element-top wd-quick-shop\">\n\t\t<a href=\"https:\/\/www.marinigerardi.it\/shop\/prodotto\/tende-da-casa-moderne\/\" class=\"wd-product-img-link product-image-link\" tabindex=\"-1\" aria-label=\"Tende da Casa Moderne in Lino: il FASCINO del design fatto a mano\">\n\t\t\t\t\t<div class=\"wd-product-grid-slider wd-fill\">\n\t\t\t\t\t\t\t<div class=\"wd-product-grid-slide\" data-image-url=\"https:\/\/www.marinigerardi.it\/shop\/wp-content\/uploads\/2024\/03\/Tende-da-Casa-Moderne-in-Lino-design-foglie-lanceolate-artigianali-250x188.jpg\" data-image-srcset=\"https:\/\/www.marinigerardi.it\/shop\/wp-content\/uploads\/2024\/03\/Tende-da-Casa-Moderne-in-Lino-design-foglie-lanceolate-artigianali-250x188.jpg 250w, https:\/\/www.marinigerardi.it\/shop\/wp-content\/uploads\/2024\/03\/Tende-da-Casa-Moderne-in-Lino-design-foglie-lanceolate-artigianali-300x225.jpg 300w, https:\/\/www.marinigerardi.it\/shop\/wp-content\/uploads\/2024\/03\/Tende-da-Casa-Moderne-in-Lino-design-foglie-lanceolate-artigianali-768x576.jpg 768w, https:\/\/www.marinigerardi.it\/shop\/wp-content\/uploads\/2024\/03\/Tende-da-Casa-Moderne-in-Lino-design-foglie-lanceolate-artigianali-600x450.jpg 600w, https:\/\/www.marinigerardi.it\/shop\/wp-content\/uploads\/2024\/03\/Tende-da-Casa-Moderne-in-Lino-design-foglie-lanceolate-artigianali.jpg 1024w\" data-image-id=\"0\"><\/div>\n\t\t\t\t\t\t\t<div class=\"wd-product-grid-slide\" data-image-url=\"https:\/\/www.marinigerardi.it\/shop\/wp-content\/uploads\/2024\/03\/Tende-da-Casa-Moderne-in-Lino-bianco-con-clips-metalliche-250x188.jpg\" data-image-srcset=\"https:\/\/www.marinigerardi.it\/shop\/wp-content\/uploads\/2024\/03\/Tende-da-Casa-Moderne-in-Lino-bianco-con-clips-metalliche-250x188.jpg 250w, https:\/\/www.marinigerardi.it\/shop\/wp-content\/uploads\/2024\/03\/Tende-da-Casa-Moderne-in-Lino-bianco-con-clips-metalliche-600x450.jpg 600w, https:\/\/www.marinigerardi.it\/shop\/wp-content\/uploads\/2024\/03\/Tende-da-Casa-Moderne-in-Lino-bianco-con-clips-metalliche-300x225.jpg 300w, https:\/\/www.marinigerardi.it\/shop\/wp-content\/uploads\/2024\/03\/Tende-da-Casa-Moderne-in-Lino-bianco-con-clips-metalliche-768x576.jpg 768w, https:\/\/www.marinigerardi.it\/shop\/wp-content\/uploads\/2024\/03\/Tende-da-Casa-Moderne-in-Lino-bianco-con-clips-metalliche.jpg 1024w\" data-image-id=\"1\"><\/div>\n\t\t\t\t\t\t\t<div class=\"wd-product-grid-slide\" data-image-url=\"https:\/\/www.marinigerardi.it\/shop\/wp-content\/uploads\/2024\/03\/Tende-da-Casa-Moderne-su-misura-in-Lino-design-foglie-250x188.jpg\" data-image-srcset=\"https:\/\/www.marinigerardi.it\/shop\/wp-content\/uploads\/2024\/03\/Tende-da-Casa-Moderne-su-misura-in-Lino-design-foglie-250x188.jpg 250w, https:\/\/www.marinigerardi.it\/shop\/wp-content\/uploads\/2024\/03\/Tende-da-Casa-Moderne-su-misura-in-Lino-design-foglie-600x450.jpg 600w, https:\/\/www.marinigerardi.it\/shop\/wp-content\/uploads\/2024\/03\/Tende-da-Casa-Moderne-su-misura-in-Lino-design-foglie-300x225.jpg 300w, https:\/\/www.marinigerardi.it\/shop\/wp-content\/uploads\/2024\/03\/Tende-da-Casa-Moderne-su-misura-in-Lino-design-foglie-768x576.jpg 768w, https:\/\/www.marinigerardi.it\/shop\/wp-content\/uploads\/2024\/03\/Tende-da-Casa-Moderne-su-misura-in-Lino-design-foglie.jpg 1024w\" data-image-id=\"2\"><\/div>\n\t\t\t\t\t<\/div>\n\n\t\t\n\t\t\t\t\t\t\t<div class=\"wd-product-grid-slider-pagin\">\n\t\t\t\t\t\t\t<div data-image-id=\"0\" class=\"wd-product-grid-slider-dot\"><\/div>\n\t\t\t\t\t\t\t<div data-image-id=\"1\" class=\"wd-product-grid-slider-dot\"><\/div>\n\t\t\t\t\t\t\t<div data-image-id=\"2\" class=\"wd-product-grid-slider-dot\"><\/div>\n\t\t\t\t\t<\/div>\n\t\t\t\t\t\t<img decoding=\"async\" width=\"250\" height=\"188\" src=\"https:\/\/www.marinigerardi.it\/shop\/wp-content\/uploads\/2024\/03\/Tende-da-Casa-Moderne-in-Lino-design-foglie-lanceolate-artigianali-250x188.jpg.avif\" class=\"attachment-woocommerce_thumbnail size-woocommerce_thumbnail\" alt=\"Tende da casa moderne in lino design foglie lanceolate artigianali\" srcset=\"https:\/\/www.marinigerardi.it\/shop\/wp-content\/uploads\/2024\/03\/Tende-da-Casa-Moderne-in-Lino-design-foglie-lanceolate-artigianali-250x188.jpg.avif 250w, https:\/\/www.marinigerardi.it\/shop\/wp-content\/uploads\/2024\/03\/Tende-da-Casa-Moderne-in-Lino-design-foglie-lanceolate-artigianali-300x225.jpg.avif 300w, https:\/\/www.marinigerardi.it\/shop\/wp-content\/uploads\/2024\/03\/Tende-da-Casa-Moderne-in-Lino-design-foglie-lanceolate-artigianali-768x576.jpg.avif 768w, https:\/\/www.marinigerardi.it\/shop\/wp-content\/uploads\/2024\/03\/Tende-da-Casa-Moderne-in-Lino-design-foglie-lanceolate-artigianali-600x450.jpg.avif 600w, https:\/\/www.marinigerardi.it\/shop\/wp-content\/uploads\/2024\/03\/Tende-da-Casa-Moderne-in-Lino-design-foglie-lanceolate-artigianali.jpg.avif 1024w\" sizes=\"(max-width: 250px) 100vw, 250px\" \/>\t\t<\/a>\n\n\t\t\t\t\t<div class=\"product-labels labels-rectangular\">\n\t\t\t\t<span class=\"new product-label wd-shape-rect-sm\">Nuovo<\/span>\t\t\t<\/div>\n\t\t\t\n\t\t<div class=\"wd-buttons wd-pos-r-t\">\n\t\t\t\t\t\t\t\t\t\t\t\t\t\t<\/div>\n\t<\/div>\n\n\t\t<div class=\"product-element-bottom\">\n\t\n\t\n\t<h3 class=\"wd-entities-title\"><a href=\"https:\/\/www.marinigerardi.it\/shop\/prodotto\/tende-da-casa-moderne\/\">Tende da Casa Moderne in Lino: il FASCINO del design fatto a mano<\/a><\/h3>\n\t\t\t\t\t\t<p class=\"wd-product-stock stock wd-style-default in-stock\">Disponibile<\/p>\n\t\t\n\t\n\t<span class=\"price\">275,00&nbsp;&euro;<\/span>\n\n\t<div class=\"wd-add-btn wd-add-btn-replace\">\n\t\t\n\t\t<a href=\"https:\/\/www.marinigerardi.it\/shop\/prodotto\/tende-da-casa-moderne\/\" class=\"button product_type_simple add-to-cart-loop mg-detail-btn\"><span class=\"wd-action-icon\"><span class=\"wd-check-icon\"><\/span><\/span><span class=\"wd-action-text\">Vedi dettagli<\/span><\/a>\t<\/div>\n\n\t\n\t\n\t\t\t<\/div>\n\t<\/div>\n<\/div>\n<div class=\"wd-product wd-col wd-hover-standard product-grid-item product type-product post-67228 status-publish last instock product_cat-tende product_cat-tende-da-interni product_cat-tende-in-lino has-post-thumbnail taxable shipping-taxable purchasable product-type-simple\" data-loop=\"7\" data-id=\"67228\">\n\t\n<div class=\"wd-product-wrapper product-wrapper\">\n\t<div class=\"wd-product-thumb product-element-top wd-quick-shop\">\n\t\t<a href=\"https:\/\/www.marinigerardi.it\/shop\/prodotto\/tende-confezionate-altezza-3-metri\/\" class=\"wd-product-img-link product-image-link\" tabindex=\"-1\" aria-label=\"PORTA RUDIAE &#8211; Tende Confezionate Altezza 3 metri \/ 3.35 in Lino su misura\">\n\t\t\t\t\t<div class=\"wd-product-grid-slider wd-fill\">\n\t\t\t\t\t\t\t<div class=\"wd-product-grid-slide\" data-image-url=\"https:\/\/www.marinigerardi.it\/shop\/wp-content\/uploads\/2024\/05\/Tende-Confezionate-Altezza-3-metri-in-Lino-su-misura-250x188.jpg\" data-image-srcset=\"https:\/\/www.marinigerardi.it\/shop\/wp-content\/uploads\/2024\/05\/Tende-Confezionate-Altezza-3-metri-in-Lino-su-misura-250x188.jpg 250w, https:\/\/www.marinigerardi.it\/shop\/wp-content\/uploads\/2024\/05\/Tende-Confezionate-Altezza-3-metri-in-Lino-su-misura-600x450.jpg 600w, https:\/\/www.marinigerardi.it\/shop\/wp-content\/uploads\/2024\/05\/Tende-Confezionate-Altezza-3-metri-in-Lino-su-misura-300x225.jpg 300w, https:\/\/www.marinigerardi.it\/shop\/wp-content\/uploads\/2024\/05\/Tende-Confezionate-Altezza-3-metri-in-Lino-su-misura-768x576.jpg 768w, https:\/\/www.marinigerardi.it\/shop\/wp-content\/uploads\/2024\/05\/Tende-Confezionate-Altezza-3-metri-in-Lino-su-misura.jpg 1024w\" data-image-id=\"0\"><\/div>\n\t\t\t\t\t\t\t<div class=\"wd-product-grid-slide\" data-image-url=\"https:\/\/www.marinigerardi.it\/shop\/wp-content\/uploads\/2024\/05\/Tende-Confezionate-Altezza-3-metri-in-Lino-rosso-bordeaux-250x188.jpg\" data-image-srcset=\"https:\/\/www.marinigerardi.it\/shop\/wp-content\/uploads\/2024\/05\/Tende-Confezionate-Altezza-3-metri-in-Lino-rosso-bordeaux-250x188.jpg 250w, https:\/\/www.marinigerardi.it\/shop\/wp-content\/uploads\/2024\/05\/Tende-Confezionate-Altezza-3-metri-in-Lino-rosso-bordeaux-600x450.jpg 600w, https:\/\/www.marinigerardi.it\/shop\/wp-content\/uploads\/2024\/05\/Tende-Confezionate-Altezza-3-metri-in-Lino-rosso-bordeaux-300x225.jpg 300w, https:\/\/www.marinigerardi.it\/shop\/wp-content\/uploads\/2024\/05\/Tende-Confezionate-Altezza-3-metri-in-Lino-rosso-bordeaux-768x576.jpg 768w, https:\/\/www.marinigerardi.it\/shop\/wp-content\/uploads\/2024\/05\/Tende-Confezionate-Altezza-3-metri-in-Lino-rosso-bordeaux.jpg 1024w\" data-image-id=\"1\"><\/div>\n\t\t\t\t\t\t\t<div class=\"wd-product-grid-slide\" data-image-url=\"https:\/\/www.marinigerardi.it\/shop\/wp-content\/uploads\/2024\/05\/tessuto-per-tende-altezza-3-metri-in-Lino-arancio-a-fasce-250x188.jpg\" data-image-srcset=\"https:\/\/www.marinigerardi.it\/shop\/wp-content\/uploads\/2024\/05\/tessuto-per-tende-altezza-3-metri-in-Lino-arancio-a-fasce-250x188.jpg 250w, https:\/\/www.marinigerardi.it\/shop\/wp-content\/uploads\/2024\/05\/tessuto-per-tende-altezza-3-metri-in-Lino-arancio-a-fasce-600x450.jpg 600w, https:\/\/www.marinigerardi.it\/shop\/wp-content\/uploads\/2024\/05\/tessuto-per-tende-altezza-3-metri-in-Lino-arancio-a-fasce-300x225.jpg 300w, https:\/\/www.marinigerardi.it\/shop\/wp-content\/uploads\/2024\/05\/tessuto-per-tende-altezza-3-metri-in-Lino-arancio-a-fasce-768x576.jpg 768w, https:\/\/www.marinigerardi.it\/shop\/wp-content\/uploads\/2024\/05\/tessuto-per-tende-altezza-3-metri-in-Lino-arancio-a-fasce.jpg 1024w\" data-image-id=\"2\"><\/div>\n\t\t\t\t\t<\/div>\n\n\t\t\n\t\t\t\t\t\t\t<div class=\"wd-product-grid-slider-pagin\">\n\t\t\t\t\t\t\t<div data-image-id=\"0\" class=\"wd-product-grid-slider-dot\"><\/div>\n\t\t\t\t\t\t\t<div data-image-id=\"1\" class=\"wd-product-grid-slider-dot\"><\/div>\n\t\t\t\t\t\t\t<div data-image-id=\"2\" class=\"wd-product-grid-slider-dot\"><\/div>\n\t\t\t\t\t<\/div>\n\t\t\t\t\t\t<img decoding=\"async\" width=\"250\" height=\"188\" src=\"https:\/\/www.marinigerardi.it\/shop\/wp-content\/uploads\/2024\/05\/Tende-Confezionate-Altezza-3-metri-in-Lino-su-misura-250x188.jpg\" class=\"attachment-woocommerce_thumbnail size-woocommerce_thumbnail\" alt=\"Tende confezionate altezza 3 metri in lino su misura Rosso Barbera\" srcset=\"https:\/\/www.marinigerardi.it\/shop\/wp-content\/uploads\/2024\/05\/Tende-Confezionate-Altezza-3-metri-in-Lino-su-misura-250x188.jpg 250w, https:\/\/www.marinigerardi.it\/shop\/wp-content\/uploads\/2024\/05\/Tende-Confezionate-Altezza-3-metri-in-Lino-su-misura-600x450.jpg 600w, https:\/\/www.marinigerardi.it\/shop\/wp-content\/uploads\/2024\/05\/Tende-Confezionate-Altezza-3-metri-in-Lino-su-misura-300x225.jpg.avif 300w, https:\/\/www.marinigerardi.it\/shop\/wp-content\/uploads\/2024\/05\/Tende-Confezionate-Altezza-3-metri-in-Lino-su-misura-768x576.jpg.avif 768w, https:\/\/www.marinigerardi.it\/shop\/wp-content\/uploads\/2024\/05\/Tende-Confezionate-Altezza-3-metri-in-Lino-su-misura.jpg.webp 1024w\" sizes=\"(max-width: 250px) 100vw, 250px\" \/>\t\t<\/a>\n\n\t\t\n\t\t<div class=\"wd-buttons wd-pos-r-t\">\n\t\t\t\t\t\t\t\t\t\t\t\t\t\t<\/div>\n\t<\/div>\n\n\t\t<div class=\"product-element-bottom\">\n\t\n\t\n\t<h3 class=\"wd-entities-title\"><a href=\"https:\/\/www.marinigerardi.it\/shop\/prodotto\/tende-confezionate-altezza-3-metri\/\">PORTA RUDIAE &#8211; Tende Confezionate Altezza 3 metri \/ 3.35 in Lino su misura<\/a><\/h3>\n\t\t\t\t\t\t\n\t\t\t\t<div class=\"star-rating\" role=\"img\" aria-label=\"Valutato 5.00 su 5\">\n\t\t\t\t\t<span style=\"width:100%\">\n\t\t\tValutato <strong class=\"rating\">5.00<\/strong> su 5\t\t<\/span>\n\t\t\t\t<\/div>\n\n\t\t\n\t\t\t\t\t\t\t\t\t<p class=\"wd-product-stock stock wd-style-default in-stock\">Disponibile<\/p>\n\t\t\n\t\n\t<span class=\"price\">295,00&nbsp;&euro;<\/span>\n\n\t<div class=\"wd-add-btn wd-add-btn-replace\">\n\t\t\n\t\t<a href=\"https:\/\/www.marinigerardi.it\/shop\/prodotto\/tende-confezionate-altezza-3-metri\/\" class=\"button product_type_simple add-to-cart-loop mg-detail-btn\"><span class=\"wd-action-icon\"><span class=\"wd-check-icon\"><\/span><\/span><span class=\"wd-action-text\">Vedi dettagli<\/span><\/a>\t<\/div>\n\n\t\n\t\n\t\t\t<\/div>\n\t<\/div>\n<\/div>\n<div class=\"wd-product wd-col wd-hover-standard product-grid-item product type-product post-7634 status-publish first instock product_cat-tende-in-lino has-post-thumbnail taxable shipping-taxable purchasable product-type-simple\" data-loop=\"8\" data-id=\"7634\">\n\t\n<div class=\"wd-product-wrapper product-wrapper\">\n\t<div class=\"wd-product-thumb product-element-top wd-quick-shop\">\n\t\t<a href=\"https:\/\/www.marinigerardi.it\/shop\/prodotto\/tende-di-lusso-in-lino-ricamate-quattro-colonne\/\" class=\"wd-product-img-link product-image-link\" tabindex=\"-1\" aria-label=\"QUATTRO COLONNE &#8211; Tende di Lusso in Lino Ricamate\">\n\t\t\t\t\t<div class=\"wd-product-grid-slider wd-fill\">\n\t\t\t\t\t\t\t<div class=\"wd-product-grid-slide\" data-image-url=\"https:\/\/www.marinigerardi.it\/shop\/wp-content\/uploads\/2021\/01\/tendaggi-ricamati-per-stanza-da-letto-tende-in-lino-Quattro-Colonne-250x188.jpg\" data-image-srcset=\"https:\/\/www.marinigerardi.it\/shop\/wp-content\/uploads\/2021\/01\/tendaggi-ricamati-per-stanza-da-letto-tende-in-lino-Quattro-Colonne-250x188.jpg 250w, https:\/\/www.marinigerardi.it\/shop\/wp-content\/uploads\/2021\/01\/tendaggi-ricamati-per-stanza-da-letto-tende-in-lino-Quattro-Colonne-600x450.jpg 600w, https:\/\/www.marinigerardi.it\/shop\/wp-content\/uploads\/2021\/01\/tendaggi-ricamati-per-stanza-da-letto-tende-in-lino-Quattro-Colonne-300x225.jpg 300w, https:\/\/www.marinigerardi.it\/shop\/wp-content\/uploads\/2021\/01\/tendaggi-ricamati-per-stanza-da-letto-tende-in-lino-Quattro-Colonne-768x576.jpg 768w, https:\/\/www.marinigerardi.it\/shop\/wp-content\/uploads\/2021\/01\/tendaggi-ricamati-per-stanza-da-letto-tende-in-lino-Quattro-Colonne.jpg 1024w\" data-image-id=\"0\"><\/div>\n\t\t\t\t\t\t\t<div class=\"wd-product-grid-slide\" data-image-url=\"https:\/\/www.marinigerardi.it\/shop\/wp-content\/uploads\/2021\/01\/tendaggi-tenda-in-lino-Quattro-Colonne-Ricamo-in-lino-centrale-250x188.jpg\" data-image-srcset=\"https:\/\/www.marinigerardi.it\/shop\/wp-content\/uploads\/2021\/01\/tendaggi-tenda-in-lino-Quattro-Colonne-Ricamo-in-lino-centrale-250x188.jpg 250w, https:\/\/www.marinigerardi.it\/shop\/wp-content\/uploads\/2021\/01\/tendaggi-tenda-in-lino-Quattro-Colonne-Ricamo-in-lino-centrale-600x450.jpg 600w, https:\/\/www.marinigerardi.it\/shop\/wp-content\/uploads\/2021\/01\/tendaggi-tenda-in-lino-Quattro-Colonne-Ricamo-in-lino-centrale-300x225.jpg 300w, https:\/\/www.marinigerardi.it\/shop\/wp-content\/uploads\/2021\/01\/tendaggi-tenda-in-lino-Quattro-Colonne-Ricamo-in-lino-centrale-768x576.jpg 768w, https:\/\/www.marinigerardi.it\/shop\/wp-content\/uploads\/2021\/01\/tendaggi-tenda-in-lino-Quattro-Colonne-Ricamo-in-lino-centrale.jpg 1024w\" data-image-id=\"1\"><\/div>\n\t\t\t\t\t\t\t<div class=\"wd-product-grid-slide\" data-image-url=\"https:\/\/www.marinigerardi.it\/shop\/wp-content\/uploads\/2021\/01\/intagli-e-ritagli-applicazioni-puro-lino-per-tende-classiche-250x188.jpg\" data-image-srcset=\"https:\/\/www.marinigerardi.it\/shop\/wp-content\/uploads\/2021\/01\/intagli-e-ritagli-applicazioni-puro-lino-per-tende-classiche-250x188.jpg 250w, https:\/\/www.marinigerardi.it\/shop\/wp-content\/uploads\/2021\/01\/intagli-e-ritagli-applicazioni-puro-lino-per-tende-classiche-600x450.jpg 600w, https:\/\/www.marinigerardi.it\/shop\/wp-content\/uploads\/2021\/01\/intagli-e-ritagli-applicazioni-puro-lino-per-tende-classiche-300x225.jpg 300w, https:\/\/www.marinigerardi.it\/shop\/wp-content\/uploads\/2021\/01\/intagli-e-ritagli-applicazioni-puro-lino-per-tende-classiche-768x576.jpg 768w, https:\/\/www.marinigerardi.it\/shop\/wp-content\/uploads\/2021\/01\/intagli-e-ritagli-applicazioni-puro-lino-per-tende-classiche.jpg 1024w\" data-image-id=\"2\"><\/div>\n\t\t\t\t\t<\/div>\n\n\t\t\n\t\t\t\t\t\t\t<div class=\"wd-product-grid-slider-pagin\">\n\t\t\t\t\t\t\t<div data-image-id=\"0\" class=\"wd-product-grid-slider-dot\"><\/div>\n\t\t\t\t\t\t\t<div data-image-id=\"1\" class=\"wd-product-grid-slider-dot\"><\/div>\n\t\t\t\t\t\t\t<div data-image-id=\"2\" class=\"wd-product-grid-slider-dot\"><\/div>\n\t\t\t\t\t<\/div>\n\t\t\t\t\t\t<img decoding=\"async\" width=\"250\" height=\"188\" src=\"https:\/\/www.marinigerardi.it\/shop\/wp-content\/uploads\/2021\/01\/tendaggi-ricamati-per-stanza-da-letto-tende-in-lino-Quattro-Colonne-250x188.jpg\" class=\"attachment-woocommerce_thumbnail size-woocommerce_thumbnail\" alt=\"QUATTRO COLONNE - Tende di Lusso in Lino Ricamate\" srcset=\"https:\/\/www.marinigerardi.it\/shop\/wp-content\/uploads\/2021\/01\/tendaggi-ricamati-per-stanza-da-letto-tende-in-lino-Quattro-Colonne-250x188.jpg 250w, https:\/\/www.marinigerardi.it\/shop\/wp-content\/uploads\/2021\/01\/tendaggi-ricamati-per-stanza-da-letto-tende-in-lino-Quattro-Colonne-600x450.jpg 600w, https:\/\/www.marinigerardi.it\/shop\/wp-content\/uploads\/2021\/01\/tendaggi-ricamati-per-stanza-da-letto-tende-in-lino-Quattro-Colonne-300x225.jpg.avif 300w, https:\/\/www.marinigerardi.it\/shop\/wp-content\/uploads\/2021\/01\/tendaggi-ricamati-per-stanza-da-letto-tende-in-lino-Quattro-Colonne-768x576.jpg.avif 768w, https:\/\/www.marinigerardi.it\/shop\/wp-content\/uploads\/2021\/01\/tendaggi-ricamati-per-stanza-da-letto-tende-in-lino-Quattro-Colonne.jpg.webp 1024w\" sizes=\"(max-width: 250px) 100vw, 250px\" \/>\t\t<\/a>\n\n\t\t\n\t\t<div class=\"wd-buttons wd-pos-r-t\">\n\t\t\t\t\t\t\t\t\t\t\t\t\t\t<\/div>\n\t<\/div>\n\n\t\t<div class=\"product-element-bottom\">\n\t\n\t\n\t<h3 class=\"wd-entities-title\"><a href=\"https:\/\/www.marinigerardi.it\/shop\/prodotto\/tende-di-lusso-in-lino-ricamate-quattro-colonne\/\">QUATTRO COLONNE &#8211; Tende di Lusso in Lino Ricamate<\/a><\/h3>\n\t\t\t\t\t\t<p class=\"wd-product-stock stock wd-style-default in-stock\">Disponibile<\/p>\n\t\t\n\t\n\t<span class=\"price\">295,00&nbsp;&euro;<\/span>\n\n\t<div class=\"wd-add-btn wd-add-btn-replace\">\n\t\t\n\t\t<a href=\"https:\/\/www.marinigerardi.it\/shop\/prodotto\/tende-di-lusso-in-lino-ricamate-quattro-colonne\/\" class=\"button product_type_simple add-to-cart-loop mg-detail-btn\"><span class=\"wd-action-icon\"><span class=\"wd-check-icon\"><\/span><\/span><span class=\"wd-action-text\">Vedi dettagli<\/span><\/a>\t<\/div>\n\n\t\n\t\n\t\t\t<\/div>\n\t<\/div>\n<\/div>\n<div class=\"wd-product wd-col wd-hover-standard product-grid-item product type-product post-66607 status-publish last instock product_cat-tende-camera-da-letto product_cat-tende-da-interni product_cat-tende-di-lino product_cat-tende-in-lino product_cat-tende-interni product_cat-tende-lino product_cat-tende-moderne product_cat-tende-su-misura product_tag-tende product_tag-tende-di-lino product_tag-tende-di-lino-moderne product_tag-tende-in-lino product_tag-tende-moderne product_tag-tende-soggiorno has-post-thumbnail taxable shipping-taxable purchasable product-type-simple\" data-loop=\"9\" data-id=\"66607\">\n\t\n<div class=\"wd-product-wrapper product-wrapper\">\n\t<div class=\"wd-product-thumb product-element-top wd-quick-shop\">\n\t\t<a href=\"https:\/\/www.marinigerardi.it\/shop\/prodotto\/tende-casa-moderna\/\" class=\"wd-product-img-link product-image-link\" tabindex=\"-1\" aria-label=\"Oltre il concetto di arredo: Tende Casa Moderna della Collezione PSICHE\">\n\t\t\t\t\t<div class=\"wd-product-grid-slider wd-fill\">\n\t\t\t\t\t\t\t<div class=\"wd-product-grid-slide\" data-image-url=\"https:\/\/www.marinigerardi.it\/shop\/wp-content\/uploads\/2024\/03\/Tende-Casa-Moderna-ipuro-Lino-design-foglie-disegnate-a-mano-250x188.jpg\" data-image-srcset=\"https:\/\/www.marinigerardi.it\/shop\/wp-content\/uploads\/2024\/03\/Tende-Casa-Moderna-ipuro-Lino-design-foglie-disegnate-a-mano-250x188.jpg 250w, https:\/\/www.marinigerardi.it\/shop\/wp-content\/uploads\/2024\/03\/Tende-Casa-Moderna-ipuro-Lino-design-foglie-disegnate-a-mano-300x225.jpg 300w, https:\/\/www.marinigerardi.it\/shop\/wp-content\/uploads\/2024\/03\/Tende-Casa-Moderna-ipuro-Lino-design-foglie-disegnate-a-mano-768x576.jpg 768w, https:\/\/www.marinigerardi.it\/shop\/wp-content\/uploads\/2024\/03\/Tende-Casa-Moderna-ipuro-Lino-design-foglie-disegnate-a-mano-600x450.jpg 600w, https:\/\/www.marinigerardi.it\/shop\/wp-content\/uploads\/2024\/03\/Tende-Casa-Moderna-ipuro-Lino-design-foglie-disegnate-a-mano.jpg 1024w\" data-image-id=\"0\"><\/div>\n\t\t\t\t\t\t\t<div class=\"wd-product-grid-slide\" data-image-url=\"https:\/\/www.marinigerardi.it\/shop\/wp-content\/uploads\/2024\/03\/tende-casa-moderna-design-foglie-250x188.jpg\" data-image-srcset=\"https:\/\/www.marinigerardi.it\/shop\/wp-content\/uploads\/2024\/03\/tende-casa-moderna-design-foglie-250x188.jpg 250w, https:\/\/www.marinigerardi.it\/shop\/wp-content\/uploads\/2024\/03\/tende-casa-moderna-design-foglie-600x450.jpg 600w, https:\/\/www.marinigerardi.it\/shop\/wp-content\/uploads\/2024\/03\/tende-casa-moderna-design-foglie-300x225.jpg 300w, https:\/\/www.marinigerardi.it\/shop\/wp-content\/uploads\/2024\/03\/tende-casa-moderna-design-foglie-768x576.jpg 768w, https:\/\/www.marinigerardi.it\/shop\/wp-content\/uploads\/2024\/03\/tende-casa-moderna-design-foglie.jpg 1024w\" data-image-id=\"1\"><\/div>\n\t\t\t\t\t\t\t<div class=\"wd-product-grid-slide\" data-image-url=\"https:\/\/www.marinigerardi.it\/shop\/wp-content\/uploads\/2024\/03\/tende-casa-moderna-in-lino-bianco-con-design-250x188.jpg\" data-image-srcset=\"https:\/\/www.marinigerardi.it\/shop\/wp-content\/uploads\/2024\/03\/tende-casa-moderna-in-lino-bianco-con-design-250x188.jpg 250w, https:\/\/www.marinigerardi.it\/shop\/wp-content\/uploads\/2024\/03\/tende-casa-moderna-in-lino-bianco-con-design-600x450.jpg 600w, https:\/\/www.marinigerardi.it\/shop\/wp-content\/uploads\/2024\/03\/tende-casa-moderna-in-lino-bianco-con-design-300x225.jpg 300w, https:\/\/www.marinigerardi.it\/shop\/wp-content\/uploads\/2024\/03\/tende-casa-moderna-in-lino-bianco-con-design-768x576.jpg 768w, https:\/\/www.marinigerardi.it\/shop\/wp-content\/uploads\/2024\/03\/tende-casa-moderna-in-lino-bianco-con-design.jpg 1024w\" data-image-id=\"2\"><\/div>\n\t\t\t\t\t<\/div>\n\n\t\t\n\t\t\t\t\t\t\t<div class=\"wd-product-grid-slider-pagin\">\n\t\t\t\t\t\t\t<div data-image-id=\"0\" class=\"wd-product-grid-slider-dot\"><\/div>\n\t\t\t\t\t\t\t<div data-image-id=\"1\" class=\"wd-product-grid-slider-dot\"><\/div>\n\t\t\t\t\t\t\t<div data-image-id=\"2\" class=\"wd-product-grid-slider-dot\"><\/div>\n\t\t\t\t\t<\/div>\n\t\t\t\t\t\t<img decoding=\"async\" width=\"250\" height=\"188\" src=\"https:\/\/www.marinigerardi.it\/shop\/wp-content\/uploads\/2024\/03\/Tende-Casa-Moderna-ipuro-Lino-design-foglie-disegnate-a-mano-250x188.jpg.avif\" class=\"attachment-woocommerce_thumbnail size-woocommerce_thumbnail\" alt=\"Tende casa moderna ipuro lino design foglie disegnate a mano\" srcset=\"https:\/\/www.marinigerardi.it\/shop\/wp-content\/uploads\/2024\/03\/Tende-Casa-Moderna-ipuro-Lino-design-foglie-disegnate-a-mano-250x188.jpg.avif 250w, https:\/\/www.marinigerardi.it\/shop\/wp-content\/uploads\/2024\/03\/Tende-Casa-Moderna-ipuro-Lino-design-foglie-disegnate-a-mano-300x225.jpg.avif 300w, https:\/\/www.marinigerardi.it\/shop\/wp-content\/uploads\/2024\/03\/Tende-Casa-Moderna-ipuro-Lino-design-foglie-disegnate-a-mano-768x576.jpg.avif 768w, https:\/\/www.marinigerardi.it\/shop\/wp-content\/uploads\/2024\/03\/Tende-Casa-Moderna-ipuro-Lino-design-foglie-disegnate-a-mano-600x450.jpg.avif 600w, https:\/\/www.marinigerardi.it\/shop\/wp-content\/uploads\/2024\/03\/Tende-Casa-Moderna-ipuro-Lino-design-foglie-disegnate-a-mano.jpg.avif 1024w\" sizes=\"(max-width: 250px) 100vw, 250px\" \/>\t\t<\/a>\n\n\t\t\t\t\t<div class=\"product-labels labels-rectangular\">\n\t\t\t\t<span class=\"new product-label wd-shape-rect-sm\">Nuovo<\/span>\t\t\t<\/div>\n\t\t\t\n\t\t<div class=\"wd-buttons wd-pos-r-t\">\n\t\t\t\t\t\t\t\t\t\t\t\t\t\t<\/div>\n\t<\/div>\n\n\t\t<div class=\"product-element-bottom\">\n\t\n\t\n\t<h3 class=\"wd-entities-title\"><a href=\"https:\/\/www.marinigerardi.it\/shop\/prodotto\/tende-casa-moderna\/\">Oltre il concetto di arredo: Tende Casa Moderna della Collezione PSICHE<\/a><\/h3>\n\t\t\t\t\t\t\n\t\t\t\t<div class=\"star-rating\" role=\"img\" aria-label=\"Valutato 5.00 su 5\">\n\t\t\t\t\t<span style=\"width:100%\">\n\t\t\tValutato <strong class=\"rating\">5.00<\/strong> su 5\t\t<\/span>\n\t\t\t\t<\/div>\n\n\t\t\n\t\t\t\t\t\t\t\t\t<p class=\"wd-product-stock stock wd-style-default in-stock\">Disponibile<\/p>\n\t\t\n\t\n\t<span class=\"price\">275,00&nbsp;&euro;<\/span>\n\n\t<div class=\"wd-add-btn wd-add-btn-replace\">\n\t\t\n\t\t<a href=\"https:\/\/www.marinigerardi.it\/shop\/prodotto\/tende-casa-moderna\/\" class=\"button product_type_simple add-to-cart-loop mg-detail-btn\"><span class=\"wd-action-icon\"><span class=\"wd-check-icon\"><\/span><\/span><span class=\"wd-action-text\">Vedi dettagli<\/span><\/a>\t<\/div>\n\n\t\n\t\n\t\t\t<\/div>\n\t<\/div>\n<\/div>\n<div class=\"wd-product wd-col wd-hover-standard product-grid-item product type-product post-29275 status-publish first instock product_cat-tende-camera-da-letto product_cat-tende-classiche product_cat-tende-da-interni product_cat-tende-in-lino product_cat-tende-interni product_cat-tende-interno product_cat-tende-lino product_cat-tende-moderne product_cat-tende-su-misura product_tag-tende-da-interni-moderne product_tag-tende-da-soggiorno product_tag-tende-di-lino product_tag-tende-in-lino has-post-thumbnail taxable shipping-taxable purchasable product-type-simple\" data-loop=\"10\" data-id=\"29275\">\n\t\n<div class=\"wd-product-wrapper product-wrapper\">\n\t<div class=\"wd-product-thumb product-element-top wd-quick-shop\">\n\t\t<a href=\"https:\/\/www.marinigerardi.it\/shop\/prodotto\/tende-da-interni-moderne-lady-margaret\/\" class=\"wd-product-img-link product-image-link\" tabindex=\"-1\" aria-label=\"LADY MARGARET &#8211; Tende da Interni Moderne per Soggiorno\">\n\t\t\t\t\t<div class=\"wd-product-grid-slider wd-fill\">\n\t\t\t\t\t\t\t<div class=\"wd-product-grid-slide\" data-image-url=\"https:\/\/www.marinigerardi.it\/shop\/wp-content\/uploads\/2021\/11\/tende-moderne-in-lino-asole-a-fettuccia-per-soggiorno-camera-da-letto-250x188.jpg\" data-image-srcset=\"https:\/\/www.marinigerardi.it\/shop\/wp-content\/uploads\/2021\/11\/tende-moderne-in-lino-asole-a-fettuccia-per-soggiorno-camera-da-letto-250x188.jpg 250w, https:\/\/www.marinigerardi.it\/shop\/wp-content\/uploads\/2021\/11\/tende-moderne-in-lino-asole-a-fettuccia-per-soggiorno-camera-da-letto-600x450.jpg 600w, https:\/\/www.marinigerardi.it\/shop\/wp-content\/uploads\/2021\/11\/tende-moderne-in-lino-asole-a-fettuccia-per-soggiorno-camera-da-letto-300x225.jpg 300w, https:\/\/www.marinigerardi.it\/shop\/wp-content\/uploads\/2021\/11\/tende-moderne-in-lino-asole-a-fettuccia-per-soggiorno-camera-da-letto-768x576.jpg 768w, https:\/\/www.marinigerardi.it\/shop\/wp-content\/uploads\/2021\/11\/tende-moderne-in-lino-asole-a-fettuccia-per-soggiorno-camera-da-letto.jpg 1024w\" data-image-id=\"0\"><\/div>\n\t\t\t\t\t\t\t<div class=\"wd-product-grid-slide\" data-image-url=\"https:\/\/www.marinigerardi.it\/shop\/wp-content\/uploads\/2021\/11\/tende-filtranti-per-camera-da-letto-in-lino-liscio-perla-selce-250x188.jpg\" data-image-srcset=\"https:\/\/www.marinigerardi.it\/shop\/wp-content\/uploads\/2021\/11\/tende-filtranti-per-camera-da-letto-in-lino-liscio-perla-selce-250x188.jpg 250w, https:\/\/www.marinigerardi.it\/shop\/wp-content\/uploads\/2021\/11\/tende-filtranti-per-camera-da-letto-in-lino-liscio-perla-selce-600x450.jpg 600w, https:\/\/www.marinigerardi.it\/shop\/wp-content\/uploads\/2021\/11\/tende-filtranti-per-camera-da-letto-in-lino-liscio-perla-selce-300x225.jpg 300w, https:\/\/www.marinigerardi.it\/shop\/wp-content\/uploads\/2021\/11\/tende-filtranti-per-camera-da-letto-in-lino-liscio-perla-selce-768x576.jpg 768w, https:\/\/www.marinigerardi.it\/shop\/wp-content\/uploads\/2021\/11\/tende-filtranti-per-camera-da-letto-in-lino-liscio-perla-selce.jpg 1024w\" data-image-id=\"1\"><\/div>\n\t\t\t\t\t\t\t<div class=\"wd-product-grid-slide\" data-image-url=\"https:\/\/www.marinigerardi.it\/shop\/wp-content\/uploads\/2021\/11\/tende-moderne-in-lino-colore-perla-grigio-selce-250x188.jpg\" data-image-srcset=\"https:\/\/www.marinigerardi.it\/shop\/wp-content\/uploads\/2021\/11\/tende-moderne-in-lino-colore-perla-grigio-selce-250x188.jpg 250w, https:\/\/www.marinigerardi.it\/shop\/wp-content\/uploads\/2021\/11\/tende-moderne-in-lino-colore-perla-grigio-selce-600x450.jpg 600w, https:\/\/www.marinigerardi.it\/shop\/wp-content\/uploads\/2021\/11\/tende-moderne-in-lino-colore-perla-grigio-selce-300x225.jpg 300w, https:\/\/www.marinigerardi.it\/shop\/wp-content\/uploads\/2021\/11\/tende-moderne-in-lino-colore-perla-grigio-selce-768x576.jpg 768w, https:\/\/www.marinigerardi.it\/shop\/wp-content\/uploads\/2021\/11\/tende-moderne-in-lino-colore-perla-grigio-selce.jpg 1024w\" data-image-id=\"2\"><\/div>\n\t\t\t\t\t<\/div>\n\n\t\t\n\t\t\t\t\t\t\t<div class=\"wd-product-grid-slider-pagin\">\n\t\t\t\t\t\t\t<div data-image-id=\"0\" class=\"wd-product-grid-slider-dot\"><\/div>\n\t\t\t\t\t\t\t<div data-image-id=\"1\" class=\"wd-product-grid-slider-dot\"><\/div>\n\t\t\t\t\t\t\t<div data-image-id=\"2\" class=\"wd-product-grid-slider-dot\"><\/div>\n\t\t\t\t\t<\/div>\n\t\t\t\t\t\t<img decoding=\"async\" width=\"250\" height=\"188\" src=\"https:\/\/www.marinigerardi.it\/shop\/wp-content\/uploads\/2021\/11\/tende-moderne-in-lino-asole-a-fettuccia-per-soggiorno-camera-da-letto-250x188.jpg\" class=\"attachment-woocommerce_thumbnail size-woocommerce_thumbnail\" alt=\"LADY MARGARET - Tende da Interni Moderne per Soggiorno\" srcset=\"https:\/\/www.marinigerardi.it\/shop\/wp-content\/uploads\/2021\/11\/tende-moderne-in-lino-asole-a-fettuccia-per-soggiorno-camera-da-letto-250x188.jpg 250w, https:\/\/www.marinigerardi.it\/shop\/wp-content\/uploads\/2021\/11\/tende-moderne-in-lino-asole-a-fettuccia-per-soggiorno-camera-da-letto-600x450.jpg 600w, https:\/\/www.marinigerardi.it\/shop\/wp-content\/uploads\/2021\/11\/tende-moderne-in-lino-asole-a-fettuccia-per-soggiorno-camera-da-letto-300x225.jpg.avif 300w, https:\/\/www.marinigerardi.it\/shop\/wp-content\/uploads\/2021\/11\/tende-moderne-in-lino-asole-a-fettuccia-per-soggiorno-camera-da-letto-768x576.jpg.avif 768w, https:\/\/www.marinigerardi.it\/shop\/wp-content\/uploads\/2021\/11\/tende-moderne-in-lino-asole-a-fettuccia-per-soggiorno-camera-da-letto.jpg.webp 1024w\" sizes=\"(max-width: 250px) 100vw, 250px\" \/>\t\t<\/a>\n\n\t\t\n\t\t<div class=\"wd-buttons wd-pos-r-t\">\n\t\t\t\t\t\t\t\t\t\t\t\t\t\t<\/div>\n\t<\/div>\n\n\t\t<div class=\"product-element-bottom\">\n\t\n\t\n\t<h3 class=\"wd-entities-title\"><a href=\"https:\/\/www.marinigerardi.it\/shop\/prodotto\/tende-da-interni-moderne-lady-margaret\/\">LADY MARGARET &#8211; Tende da Interni Moderne per Soggiorno<\/a><\/h3>\n\t\t\t\t\t\t<p class=\"wd-product-stock stock wd-style-default in-stock\">Disponibile<\/p>\n\t\t\n\t\n\t<span class=\"price\">243,00&nbsp;&euro;<\/span>\n\n\t<div class=\"wd-add-btn wd-add-btn-replace\">\n\t\t\n\t\t<a href=\"https:\/\/www.marinigerardi.it\/shop\/prodotto\/tende-da-interni-moderne-lady-margaret\/\" class=\"button product_type_simple add-to-cart-loop mg-detail-btn\"><span class=\"wd-action-icon\"><span class=\"wd-check-icon\"><\/span><\/span><span class=\"wd-action-text\">Vedi dettagli<\/span><\/a>\t<\/div>\n\n\t\n\t\n\t\t\t<\/div>\n\t<\/div>\n<\/div>\n<div class=\"wd-product wd-col wd-hover-standard product-grid-item product type-product post-7995 status-publish last instock product_cat-tende product_cat-tende-camera-da-letto product_cat-tende-da-interni product_cat-tende-in-lino product_cat-tende-lino product_cat-tende-moderne product_cat-tende-su-misura product_tag-isla-margarita product_tag-tendaggi-moderni product_tag-tende-camera-da-letto product_tag-tende-di-lino product_tag-tende-in-lino has-post-thumbnail taxable shipping-taxable purchasable product-type-simple\" data-loop=\"11\" data-id=\"7995\">\n\t\n<div class=\"wd-product-wrapper product-wrapper\">\n\t<div class=\"wd-product-thumb product-element-top wd-quick-shop\">\n\t\t<a href=\"https:\/\/www.marinigerardi.it\/shop\/prodotto\/tende-da-soggiorno-moderne\/\" class=\"wd-product-img-link product-image-link\" tabindex=\"-1\" aria-label=\"ISLA MARGARITA #1 &#8211; Tende da soggiorno moderne con balza a fiori\">\n\t\t\t\t\t<div class=\"wd-product-grid-slider wd-fill\">\n\t\t\t\t\t\t\t<div class=\"wd-product-grid-slide\" data-image-url=\"https:\/\/www.marinigerardi.it\/shop\/wp-content\/uploads\/2021\/01\/Isla-Margarita-tende-camera-da-letto-di-lino-balza-fiori-250x188.jpg\" data-image-srcset=\"https:\/\/www.marinigerardi.it\/shop\/wp-content\/uploads\/2021\/01\/Isla-Margarita-tende-camera-da-letto-di-lino-balza-fiori-250x188.jpg 250w, https:\/\/www.marinigerardi.it\/shop\/wp-content\/uploads\/2021\/01\/Isla-Margarita-tende-camera-da-letto-di-lino-balza-fiori-600x450.jpg 600w, https:\/\/www.marinigerardi.it\/shop\/wp-content\/uploads\/2021\/01\/Isla-Margarita-tende-camera-da-letto-di-lino-balza-fiori-300x225.jpg 300w, https:\/\/www.marinigerardi.it\/shop\/wp-content\/uploads\/2021\/01\/Isla-Margarita-tende-camera-da-letto-di-lino-balza-fiori-768x576.jpg 768w, https:\/\/www.marinigerardi.it\/shop\/wp-content\/uploads\/2021\/01\/Isla-Margarita-tende-camera-da-letto-di-lino-balza-fiori.jpg 1024w\" data-image-id=\"0\"><\/div>\n\t\t\t\t\t\t\t<div class=\"wd-product-grid-slide\" data-image-url=\"https:\/\/www.marinigerardi.it\/shop\/wp-content\/uploads\/2021\/01\/Isla-Margarita-tenda-esclusiva-camera-da-letto-di-lino-balza-fiori-250x188.jpg\" data-image-srcset=\"https:\/\/www.marinigerardi.it\/shop\/wp-content\/uploads\/2021\/01\/Isla-Margarita-tenda-esclusiva-camera-da-letto-di-lino-balza-fiori-250x188.jpg 250w, https:\/\/www.marinigerardi.it\/shop\/wp-content\/uploads\/2021\/01\/Isla-Margarita-tenda-esclusiva-camera-da-letto-di-lino-balza-fiori-600x450.jpg 600w, https:\/\/www.marinigerardi.it\/shop\/wp-content\/uploads\/2021\/01\/Isla-Margarita-tenda-esclusiva-camera-da-letto-di-lino-balza-fiori-300x225.jpg 300w, https:\/\/www.marinigerardi.it\/shop\/wp-content\/uploads\/2021\/01\/Isla-Margarita-tenda-esclusiva-camera-da-letto-di-lino-balza-fiori-768x576.jpg 768w, https:\/\/www.marinigerardi.it\/shop\/wp-content\/uploads\/2021\/01\/Isla-Margarita-tenda-esclusiva-camera-da-letto-di-lino-balza-fiori.jpg 1024w\" data-image-id=\"1\"><\/div>\n\t\t\t\t\t\t\t<div class=\"wd-product-grid-slide\" data-image-url=\"https:\/\/www.marinigerardi.it\/shop\/wp-content\/uploads\/2021\/01\/tende-per-interni-moderne-esclusive-IslaMargarita-balza-inferiore-250x188.jpg\" data-image-srcset=\"https:\/\/www.marinigerardi.it\/shop\/wp-content\/uploads\/2021\/01\/tende-per-interni-moderne-esclusive-IslaMargarita-balza-inferiore-250x188.jpg 250w, https:\/\/www.marinigerardi.it\/shop\/wp-content\/uploads\/2021\/01\/tende-per-interni-moderne-esclusive-IslaMargarita-balza-inferiore-600x450.jpg 600w, https:\/\/www.marinigerardi.it\/shop\/wp-content\/uploads\/2021\/01\/tende-per-interni-moderne-esclusive-IslaMargarita-balza-inferiore-300x225.jpg 300w, https:\/\/www.marinigerardi.it\/shop\/wp-content\/uploads\/2021\/01\/tende-per-interni-moderne-esclusive-IslaMargarita-balza-inferiore-768x576.jpg 768w, https:\/\/www.marinigerardi.it\/shop\/wp-content\/uploads\/2021\/01\/tende-per-interni-moderne-esclusive-IslaMargarita-balza-inferiore.jpg 1024w\" data-image-id=\"2\"><\/div>\n\t\t\t\t\t<\/div>\n\n\t\t\n\t\t\t\t\t\t\t<div class=\"wd-product-grid-slider-pagin\">\n\t\t\t\t\t\t\t<div data-image-id=\"0\" class=\"wd-product-grid-slider-dot\"><\/div>\n\t\t\t\t\t\t\t<div data-image-id=\"1\" class=\"wd-product-grid-slider-dot\"><\/div>\n\t\t\t\t\t\t\t<div data-image-id=\"2\" class=\"wd-product-grid-slider-dot\"><\/div>\n\t\t\t\t\t<\/div>\n\t\t\t\t\t\t<img decoding=\"async\" width=\"250\" height=\"188\" src=\"https:\/\/www.marinigerardi.it\/shop\/wp-content\/uploads\/2021\/01\/Isla-Margarita-tende-camera-da-letto-di-lino-balza-fiori-250x188.jpg\" class=\"attachment-woocommerce_thumbnail size-woocommerce_thumbnail\" alt=\"Tende da soggiorno moderne con balza a fiori Doppio corpo in Lino\" srcset=\"https:\/\/www.marinigerardi.it\/shop\/wp-content\/uploads\/2021\/01\/Isla-Margarita-tende-camera-da-letto-di-lino-balza-fiori-250x188.jpg 250w, https:\/\/www.marinigerardi.it\/shop\/wp-content\/uploads\/2021\/01\/Isla-Margarita-tende-camera-da-letto-di-lino-balza-fiori-600x450.jpg 600w, https:\/\/www.marinigerardi.it\/shop\/wp-content\/uploads\/2021\/01\/Isla-Margarita-tende-camera-da-letto-di-lino-balza-fiori-300x225.jpg.avif 300w, https:\/\/www.marinigerardi.it\/shop\/wp-content\/uploads\/2021\/01\/Isla-Margarita-tende-camera-da-letto-di-lino-balza-fiori-768x576.jpg.avif 768w, https:\/\/www.marinigerardi.it\/shop\/wp-content\/uploads\/2021\/01\/Isla-Margarita-tende-camera-da-letto-di-lino-balza-fiori.jpg.webp 1024w\" sizes=\"(max-width: 250px) 100vw, 250px\" \/>\t\t<\/a>\n\n\t\t\n\t\t<div class=\"wd-buttons wd-pos-r-t\">\n\t\t\t\t\t\t\t\t\t\t\t\t\t\t<\/div>\n\t<\/div>\n\n\t\t<div class=\"product-element-bottom\">\n\t\n\t\n\t<h3 class=\"wd-entities-title\"><a href=\"https:\/\/www.marinigerardi.it\/shop\/prodotto\/tende-da-soggiorno-moderne\/\">ISLA MARGARITA #1 &#8211; Tende da soggiorno moderne con balza a fiori<\/a><\/h3>\n\t\t\t\t\t\t<p class=\"wd-product-stock stock wd-style-default in-stock\">Disponibile<\/p>\n\t\t\n\t\n\t<span class=\"price\">178,50&nbsp;&euro;<\/span>\n\n\t<div class=\"wd-add-btn wd-add-btn-replace\">\n\t\t\n\t\t<a href=\"https:\/\/www.marinigerardi.it\/shop\/prodotto\/tende-da-soggiorno-moderne\/\" class=\"button product_type_simple add-to-cart-loop mg-detail-btn\"><span class=\"wd-action-icon\"><span class=\"wd-check-icon\"><\/span><\/span><span class=\"wd-action-text\">Vedi dettagli<\/span><\/a>\t<\/div>\n\n\t\n\t\n\t\t\t<\/div>\n\t<\/div>\n<\/div>\n<div class=\"wd-product wd-col wd-hover-standard product-grid-item product type-product post-94913 status-publish first instock product_cat-tende-in-lino product_cat-tende-classiche product_cat-tende-da-interni product_cat-tende-di-lino product_cat-tende-interni product_cat-tende-lino product_cat-tende-moderne product_cat-tende-su-misura product_tag-tende product_tag-tende-di-lino product_tag-tende-di-lino-moderne product_tag-tende-in-lino product_tag-tende-moderne product_tag-tende-soggiorno has-post-thumbnail taxable shipping-taxable purchasable product-type-simple\" data-loop=\"12\" data-id=\"94913\">\n\t\n<div class=\"wd-product-wrapper product-wrapper\">\n\t<div class=\"wd-product-thumb product-element-top wd-quick-shop\">\n\t\t<a href=\"https:\/\/www.marinigerardi.it\/shop\/prodotto\/tende-in-salotto-acaja\/\" class=\"wd-product-img-link product-image-link\" tabindex=\"-1\" aria-label=\"ACAJA Tende in salotto o soggiorno in Lino Stropicciato per ambienti luminosi\">\n\t\t\t\t\t<div class=\"wd-product-grid-slider wd-fill\">\n\t\t\t\t\t\t\t<div class=\"wd-product-grid-slide\" data-image-url=\"https:\/\/www.marinigerardi.it\/shop\/wp-content\/uploads\/2026\/05\/Tende-in-salotto-soggiorno-di-Lino-ambienti-luminosi--250x188.jpg\" data-image-srcset=\"https:\/\/www.marinigerardi.it\/shop\/wp-content\/uploads\/2026\/05\/Tende-in-salotto-soggiorno-di-Lino-ambienti-luminosi--250x188.jpg 250w, https:\/\/www.marinigerardi.it\/shop\/wp-content\/uploads\/2026\/05\/Tende-in-salotto-soggiorno-di-Lino-ambienti-luminosi--300x225.jpg 300w, https:\/\/www.marinigerardi.it\/shop\/wp-content\/uploads\/2026\/05\/Tende-in-salotto-soggiorno-di-Lino-ambienti-luminosi--768x576.jpg 768w, https:\/\/www.marinigerardi.it\/shop\/wp-content\/uploads\/2026\/05\/Tende-in-salotto-soggiorno-di-Lino-ambienti-luminosi--600x450.jpg 600w, https:\/\/www.marinigerardi.it\/shop\/wp-content\/uploads\/2026\/05\/Tende-in-salotto-soggiorno-di-Lino-ambienti-luminosi-.jpg 1024w\" data-image-id=\"0\"><\/div>\n\t\t\t\t\t\t\t<div class=\"wd-product-grid-slide\" data-image-url=\"https:\/\/www.marinigerardi.it\/shop\/wp-content\/uploads\/2026\/05\/tenda-da-interni-soggiorno-in-lino-semi-coprente-beige-con-ragazza-250x188.jpg\" data-image-srcset=\"https:\/\/www.marinigerardi.it\/shop\/wp-content\/uploads\/2026\/05\/tenda-da-interni-soggiorno-in-lino-semi-coprente-beige-con-ragazza-250x188.jpg 250w, https:\/\/www.marinigerardi.it\/shop\/wp-content\/uploads\/2026\/05\/tenda-da-interni-soggiorno-in-lino-semi-coprente-beige-con-ragazza-600x450.jpg 600w, https:\/\/www.marinigerardi.it\/shop\/wp-content\/uploads\/2026\/05\/tenda-da-interni-soggiorno-in-lino-semi-coprente-beige-con-ragazza-300x225.jpg 300w, https:\/\/www.marinigerardi.it\/shop\/wp-content\/uploads\/2026\/05\/tenda-da-interni-soggiorno-in-lino-semi-coprente-beige-con-ragazza-768x576.jpg 768w, https:\/\/www.marinigerardi.it\/shop\/wp-content\/uploads\/2026\/05\/tenda-da-interni-soggiorno-in-lino-semi-coprente-beige-con-ragazza.jpg 1024w\" data-image-id=\"1\"><\/div>\n\t\t\t\t\t\t\t<div class=\"wd-product-grid-slide\" data-image-url=\"https:\/\/www.marinigerardi.it\/shop\/wp-content\/uploads\/2026\/05\/tenda-da-interni-per-salotto-in-lino-beige-1-250x188.jpg\" data-image-srcset=\"https:\/\/www.marinigerardi.it\/shop\/wp-content\/uploads\/2026\/05\/tenda-da-interni-per-salotto-in-lino-beige-1-250x188.jpg 250w, https:\/\/www.marinigerardi.it\/shop\/wp-content\/uploads\/2026\/05\/tenda-da-interni-per-salotto-in-lino-beige-1-300x225.jpg 300w, https:\/\/www.marinigerardi.it\/shop\/wp-content\/uploads\/2026\/05\/tenda-da-interni-per-salotto-in-lino-beige-1-768x576.jpg 768w, https:\/\/www.marinigerardi.it\/shop\/wp-content\/uploads\/2026\/05\/tenda-da-interni-per-salotto-in-lino-beige-1-600x450.jpg 600w, https:\/\/www.marinigerardi.it\/shop\/wp-content\/uploads\/2026\/05\/tenda-da-interni-per-salotto-in-lino-beige-1.jpg 1024w\" data-image-id=\"2\"><\/div>\n\t\t\t\t\t\t\t<div class=\"wd-product-grid-slide\" data-image-url=\"https:\/\/www.marinigerardi.it\/shop\/wp-content\/uploads\/2026\/05\/tessuto-acaja-lino-stropicciato-per-tende-salotto-250x188.jpg\" data-image-srcset=\"https:\/\/www.marinigerardi.it\/shop\/wp-content\/uploads\/2026\/05\/tessuto-acaja-lino-stropicciato-per-tende-salotto-250x188.jpg 250w, https:\/\/www.marinigerardi.it\/shop\/wp-content\/uploads\/2026\/05\/tessuto-acaja-lino-stropicciato-per-tende-salotto-600x450.jpg 600w, https:\/\/www.marinigerardi.it\/shop\/wp-content\/uploads\/2026\/05\/tessuto-acaja-lino-stropicciato-per-tende-salotto-300x225.jpg 300w, https:\/\/www.marinigerardi.it\/shop\/wp-content\/uploads\/2026\/05\/tessuto-acaja-lino-stropicciato-per-tende-salotto-768x576.jpg 768w, https:\/\/www.marinigerardi.it\/shop\/wp-content\/uploads\/2026\/05\/tessuto-acaja-lino-stropicciato-per-tende-salotto.jpg 1024w\" data-image-id=\"3\"><\/div>\n\t\t\t\t\t\t\t<div class=\"wd-product-grid-slide\" data-image-url=\"https:\/\/www.marinigerardi.it\/shop\/wp-content\/uploads\/2026\/05\/tenda-soggiorno-lino-bianco-ambientata-ragazza-bionda-250x188.jpg\" data-image-srcset=\"https:\/\/www.marinigerardi.it\/shop\/wp-content\/uploads\/2026\/05\/tenda-soggiorno-lino-bianco-ambientata-ragazza-bionda-250x188.jpg 250w, https:\/\/www.marinigerardi.it\/shop\/wp-content\/uploads\/2026\/05\/tenda-soggiorno-lino-bianco-ambientata-ragazza-bionda-300x225.jpg 300w, https:\/\/www.marinigerardi.it\/shop\/wp-content\/uploads\/2026\/05\/tenda-soggiorno-lino-bianco-ambientata-ragazza-bionda-768x576.jpg 768w, https:\/\/www.marinigerardi.it\/shop\/wp-content\/uploads\/2026\/05\/tenda-soggiorno-lino-bianco-ambientata-ragazza-bionda-600x450.jpg 600w, https:\/\/www.marinigerardi.it\/shop\/wp-content\/uploads\/2026\/05\/tenda-soggiorno-lino-bianco-ambientata-ragazza-bionda.jpg 1024w\" data-image-id=\"4\"><\/div>\n\t\t\t\t\t<\/div>\n\n\t\t\n\t\t\t\t\t\t\t<div class=\"wd-product-grid-slider-pagin\">\n\t\t\t\t\t\t\t<div data-image-id=\"0\" class=\"wd-product-grid-slider-dot\"><\/div>\n\t\t\t\t\t\t\t<div data-image-id=\"1\" class=\"wd-product-grid-slider-dot\"><\/div>\n\t\t\t\t\t\t\t<div data-image-id=\"2\" class=\"wd-product-grid-slider-dot\"><\/div>\n\t\t\t\t\t\t\t<div data-image-id=\"3\" class=\"wd-product-grid-slider-dot\"><\/div>\n\t\t\t\t\t\t\t<div data-image-id=\"4\" class=\"wd-product-grid-slider-dot\"><\/div>\n\t\t\t\t\t<\/div>\n\t\t\t\t\t\t<img decoding=\"async\" width=\"250\" height=\"188\" src=\"https:\/\/www.marinigerardi.it\/shop\/wp-content\/uploads\/2026\/05\/Tende-in-salotto-soggiorno-di-Lino-ambienti-luminosi--250x188.jpg.avif\" class=\"attachment-woocommerce_thumbnail size-woocommerce_thumbnail\" alt=\"Tende in salotto soggiorno di lino ambienti luminosi\" srcset=\"https:\/\/www.marinigerardi.it\/shop\/wp-content\/uploads\/2026\/05\/Tende-in-salotto-soggiorno-di-Lino-ambienti-luminosi--250x188.jpg.avif 250w, https:\/\/www.marinigerardi.it\/shop\/wp-content\/uploads\/2026\/05\/Tende-in-salotto-soggiorno-di-Lino-ambienti-luminosi--300x225.jpg.avif 300w, https:\/\/www.marinigerardi.it\/shop\/wp-content\/uploads\/2026\/05\/Tende-in-salotto-soggiorno-di-Lino-ambienti-luminosi--768x576.jpg.avif 768w, https:\/\/www.marinigerardi.it\/shop\/wp-content\/uploads\/2026\/05\/Tende-in-salotto-soggiorno-di-Lino-ambienti-luminosi--600x450.jpg.avif 600w, https:\/\/www.marinigerardi.it\/shop\/wp-content\/uploads\/2026\/05\/Tende-in-salotto-soggiorno-di-Lino-ambienti-luminosi-.jpg.avif 1024w\" sizes=\"(max-width: 250px) 100vw, 250px\" \/>\t\t<\/a>\n\n\t\t\t\t\t<div class=\"product-labels labels-rectangular\">\n\t\t\t\t<span class=\"new product-label wd-shape-rect-sm\">Nuovo<\/span>\t\t\t<\/div>\n\t\t\t\n\t\t<div class=\"wd-buttons wd-pos-r-t\">\n\t\t\t\t\t\t\t\t\t\t\t\t\t\t<\/div>\n\t<\/div>\n\n\t\t<div class=\"product-element-bottom\">\n\t\n\t\n\t<h3 class=\"wd-entities-title\"><a href=\"https:\/\/www.marinigerardi.it\/shop\/prodotto\/tende-in-salotto-acaja\/\">ACAJA Tende in salotto o soggiorno in Lino Stropicciato per ambienti luminosi<\/a><\/h3>\n\t\t\t\t\t\t\n\t\t\t\t<div class=\"star-rating\" role=\"img\" aria-label=\"Valutato 4.50 su 5\">\n\t\t\t\t\t<span style=\"width:90%\">\n\t\t\tValutato <strong class=\"rating\">4.50<\/strong> su 5\t\t<\/span>\n\t\t\t\t<\/div>\n\n\t\t\n\t\t\t\t\t\t\t\t\t<p class=\"wd-product-stock stock wd-style-default in-stock\">Disponibile<\/p>\n\t\t\n\t\n\t<span class=\"price\">179,00&nbsp;&euro;<\/span>\n\n\t<div class=\"wd-add-btn wd-add-btn-replace\">\n\t\t\n\t\t<a href=\"https:\/\/www.marinigerardi.it\/shop\/prodotto\/tende-in-salotto-acaja\/\" class=\"button product_type_simple add-to-cart-loop mg-detail-btn\"><span class=\"wd-action-icon\"><span class=\"wd-check-icon\"><\/span><\/span><span class=\"wd-action-text\">Vedi dettagli<\/span><\/a>\t<\/div>\n\n\t\n\t\n\t\t\t<\/div>\n\t<\/div>\n<\/div>\n<div class=\"wd-product wd-col wd-hover-standard product-grid-item product type-product post-67472 status-publish last instock product_cat-tende-in-lino has-post-thumbnail taxable shipping-taxable purchasable product-type-simple\" data-loop=\"13\" data-id=\"67472\">\n\t\n<div class=\"wd-product-wrapper product-wrapper\">\n\t<div class=\"wd-product-thumb product-element-top wd-quick-shop\">\n\t\t<a href=\"https:\/\/www.marinigerardi.it\/shop\/prodotto\/tende-per-sala-moderna\/\" class=\"wd-product-img-link product-image-link\" tabindex=\"-1\" aria-label=\"Tende per Sala Moderna &#8211; FEDELTA\u2019 &#8211; Tende Moderne per Soggiorno\">\n\t\t\t\t\t<div class=\"wd-product-grid-slider wd-fill\">\n\t\t\t\t\t\t\t<div class=\"wd-product-grid-slide\" data-image-url=\"https:\/\/www.marinigerardi.it\/shop\/wp-content\/uploads\/2024\/05\/Tende-per-Sala-Moderna-salone-divano-vvista-mare-250x188.jpg\" data-image-srcset=\"https:\/\/www.marinigerardi.it\/shop\/wp-content\/uploads\/2024\/05\/Tende-per-Sala-Moderna-salone-divano-vvista-mare-250x188.jpg 250w, https:\/\/www.marinigerardi.it\/shop\/wp-content\/uploads\/2024\/05\/Tende-per-Sala-Moderna-salone-divano-vvista-mare-600x450.jpg 600w, https:\/\/www.marinigerardi.it\/shop\/wp-content\/uploads\/2024\/05\/Tende-per-Sala-Moderna-salone-divano-vvista-mare-300x225.jpg 300w, https:\/\/www.marinigerardi.it\/shop\/wp-content\/uploads\/2024\/05\/Tende-per-Sala-Moderna-salone-divano-vvista-mare-768x576.jpg 768w, https:\/\/www.marinigerardi.it\/shop\/wp-content\/uploads\/2024\/05\/Tende-per-Sala-Moderna-salone-divano-vvista-mare.jpg 1024w\" data-image-id=\"0\"><\/div>\n\t\t\t\t\t\t\t<div class=\"wd-product-grid-slide\" data-image-url=\"https:\/\/www.marinigerardi.it\/shop\/wp-content\/uploads\/2024\/05\/Tende-per-Sala-Moderna-poltrona-vimini-vetrata-vista-mare-250x188.jpg\" data-image-srcset=\"https:\/\/www.marinigerardi.it\/shop\/wp-content\/uploads\/2024\/05\/Tende-per-Sala-Moderna-poltrona-vimini-vetrata-vista-mare-250x188.jpg 250w, https:\/\/www.marinigerardi.it\/shop\/wp-content\/uploads\/2024\/05\/Tende-per-Sala-Moderna-poltrona-vimini-vetrata-vista-mare-600x450.jpg 600w, https:\/\/www.marinigerardi.it\/shop\/wp-content\/uploads\/2024\/05\/Tende-per-Sala-Moderna-poltrona-vimini-vetrata-vista-mare-300x225.jpg 300w, https:\/\/www.marinigerardi.it\/shop\/wp-content\/uploads\/2024\/05\/Tende-per-Sala-Moderna-poltrona-vimini-vetrata-vista-mare-768x576.jpg 768w, https:\/\/www.marinigerardi.it\/shop\/wp-content\/uploads\/2024\/05\/Tende-per-Sala-Moderna-poltrona-vimini-vetrata-vista-mare.jpg 1024w\" data-image-id=\"1\"><\/div>\n\t\t\t\t\t\t\t<div class=\"wd-product-grid-slide\" data-image-url=\"https:\/\/www.marinigerardi.it\/shop\/wp-content\/uploads\/2023\/04\/tende-per-interni-moderne-soggiorno-in-lino-250x188.jpg\" data-image-srcset=\"https:\/\/www.marinigerardi.it\/shop\/wp-content\/uploads\/2023\/04\/tende-per-interni-moderne-soggiorno-in-lino-250x188.jpg 250w, https:\/\/www.marinigerardi.it\/shop\/wp-content\/uploads\/2023\/04\/tende-per-interni-moderne-soggiorno-in-lino-600x450.jpg 600w, https:\/\/www.marinigerardi.it\/shop\/wp-content\/uploads\/2023\/04\/tende-per-interni-moderne-soggiorno-in-lino-300x225.jpg 300w, https:\/\/www.marinigerardi.it\/shop\/wp-content\/uploads\/2023\/04\/tende-per-interni-moderne-soggiorno-in-lino-768x576.jpg 768w, https:\/\/www.marinigerardi.it\/shop\/wp-content\/uploads\/2023\/04\/tende-per-interni-moderne-soggiorno-in-lino.jpg 1024w\" data-image-id=\"2\"><\/div>\n\t\t\t\t\t\t\t<div class=\"wd-product-grid-slide\" data-image-url=\"https:\/\/www.marinigerardi.it\/shop\/wp-content\/uploads\/2023\/04\/tende-da-interno-moderne-immagini-250x188.jpg\" data-image-srcset=\"https:\/\/www.marinigerardi.it\/shop\/wp-content\/uploads\/2023\/04\/tende-da-interno-moderne-immagini-250x188.jpg 250w, https:\/\/www.marinigerardi.it\/shop\/wp-content\/uploads\/2023\/04\/tende-da-interno-moderne-immagini-600x450.jpg 600w, https:\/\/www.marinigerardi.it\/shop\/wp-content\/uploads\/2023\/04\/tende-da-interno-moderne-immagini-300x225.jpg 300w, https:\/\/www.marinigerardi.it\/shop\/wp-content\/uploads\/2023\/04\/tende-da-interno-moderne-immagini-768x576.jpg 768w, https:\/\/www.marinigerardi.it\/shop\/wp-content\/uploads\/2023\/04\/tende-da-interno-moderne-immagini.jpg 1024w\" data-image-id=\"3\"><\/div>\n\t\t\t\t\t<\/div>\n\n\t\t\n\t\t\t\t\t\t\t<div class=\"wd-product-grid-slider-pagin\">\n\t\t\t\t\t\t\t<div data-image-id=\"0\" class=\"wd-product-grid-slider-dot\"><\/div>\n\t\t\t\t\t\t\t<div data-image-id=\"1\" class=\"wd-product-grid-slider-dot\"><\/div>\n\t\t\t\t\t\t\t<div data-image-id=\"2\" class=\"wd-product-grid-slider-dot\"><\/div>\n\t\t\t\t\t\t\t<div data-image-id=\"3\" class=\"wd-product-grid-slider-dot\"><\/div>\n\t\t\t\t\t<\/div>\n\t\t\t\t\t\t<img decoding=\"async\" width=\"250\" height=\"188\" src=\"https:\/\/www.marinigerardi.it\/shop\/wp-content\/uploads\/2024\/05\/Tende-per-Sala-Moderna-salone-divano-vvista-mare-250x188.jpg\" class=\"attachment-woocommerce_thumbnail size-woocommerce_thumbnail\" alt=\"Tende per sala moderna salone divano vvista mare\" srcset=\"https:\/\/www.marinigerardi.it\/shop\/wp-content\/uploads\/2024\/05\/Tende-per-Sala-Moderna-salone-divano-vvista-mare-250x188.jpg 250w, https:\/\/www.marinigerardi.it\/shop\/wp-content\/uploads\/2024\/05\/Tende-per-Sala-Moderna-salone-divano-vvista-mare-600x450.jpg 600w, https:\/\/www.marinigerardi.it\/shop\/wp-content\/uploads\/2024\/05\/Tende-per-Sala-Moderna-salone-divano-vvista-mare-300x225.jpg.avif 300w, https:\/\/www.marinigerardi.it\/shop\/wp-content\/uploads\/2024\/05\/Tende-per-Sala-Moderna-salone-divano-vvista-mare-768x576.jpg.avif 768w, https:\/\/www.marinigerardi.it\/shop\/wp-content\/uploads\/2024\/05\/Tende-per-Sala-Moderna-salone-divano-vvista-mare.jpg.avif 1024w\" sizes=\"(max-width: 250px) 100vw, 250px\" \/>\t\t<\/a>\n\n\t\t\n\t\t<div class=\"wd-buttons wd-pos-r-t\">\n\t\t\t\t\t\t\t\t\t\t\t\t\t\t<\/div>\n\t<\/div>\n\n\t\t<div class=\"product-element-bottom\">\n\t\n\t\n\t<h3 class=\"wd-entities-title\"><a href=\"https:\/\/www.marinigerardi.it\/shop\/prodotto\/tende-per-sala-moderna\/\">Tende per Sala Moderna &#8211; FEDELTA\u2019 &#8211; Tende Moderne per Soggiorno<\/a><\/h3>\n\t\t\t\t\t\t<p class=\"wd-product-stock stock wd-style-default in-stock\">Disponibile<\/p>\n\t\t\n\t\n\t<span class=\"price\">135,00&nbsp;&euro;<\/span>\n\n\t<div class=\"wd-add-btn wd-add-btn-replace\">\n\t\t\n\t\t<a href=\"https:\/\/www.marinigerardi.it\/shop\/prodotto\/tende-per-sala-moderna\/\" class=\"button product_type_simple add-to-cart-loop mg-detail-btn\"><span class=\"wd-action-icon\"><span class=\"wd-check-icon\"><\/span><\/span><span class=\"wd-action-text\">Vedi dettagli<\/span><\/a>\t<\/div>\n\n\t\n\t\n\t\t\t<\/div>\n\t<\/div>\n<\/div>\n<div class=\"wd-product wd-col wd-hover-standard product-grid-item product type-product post-7769 status-publish first instock product_cat-tende-in-lino has-post-thumbnail taxable shipping-taxable purchasable product-type-simple\" data-loop=\"14\" data-id=\"7769\">\n\t\n<div class=\"wd-product-wrapper product-wrapper\">\n\t<div class=\"wd-product-thumb product-element-top wd-quick-shop\">\n\t\t<a href=\"https:\/\/www.marinigerardi.it\/shop\/prodotto\/legiziana-tende-e-tendaggi-in-lino\/\" class=\"wd-product-img-link product-image-link\" tabindex=\"-1\" aria-label=\"NEFERTARI &#8211; Tende e Tendaggi in Lino Classici\">\n\t\t\t\t\t<div class=\"wd-product-grid-slider wd-fill\">\n\t\t\t\t\t\t\t<div class=\"wd-product-grid-slide\" data-image-url=\"https:\/\/www.marinigerardi.it\/shop\/wp-content\/uploads\/2021\/01\/Egiziana-tenda-in-lino-Nefertari-la-piu-amata-la-piu-bella-250x188.jpg\" data-image-srcset=\"https:\/\/www.marinigerardi.it\/shop\/wp-content\/uploads\/2021\/01\/Egiziana-tenda-in-lino-Nefertari-la-piu-amata-la-piu-bella-250x188.jpg 250w, https:\/\/www.marinigerardi.it\/shop\/wp-content\/uploads\/2021\/01\/Egiziana-tenda-in-lino-Nefertari-la-piu-amata-la-piu-bella-600x450.jpg 600w, https:\/\/www.marinigerardi.it\/shop\/wp-content\/uploads\/2021\/01\/Egiziana-tenda-in-lino-Nefertari-la-piu-amata-la-piu-bella-300x225.jpg 300w, https:\/\/www.marinigerardi.it\/shop\/wp-content\/uploads\/2021\/01\/Egiziana-tenda-in-lino-Nefertari-la-piu-amata-la-piu-bella-768x576.jpg 768w, https:\/\/www.marinigerardi.it\/shop\/wp-content\/uploads\/2021\/01\/Egiziana-tenda-in-lino-Nefertari-la-piu-amata-la-piu-bella.jpg 1024w\" data-image-id=\"0\"><\/div>\n\t\t\t\t\t\t\t<div class=\"wd-product-grid-slide\" data-image-url=\"https:\/\/www.marinigerardi.it\/shop\/wp-content\/uploads\/2021\/01\/Egiziana-tenda-in-lino-applicazioni-fasce-sovrapposte-in-lino-Nefertari-la-sposa-ideale-250x188.jpg\" data-image-srcset=\"https:\/\/www.marinigerardi.it\/shop\/wp-content\/uploads\/2021\/01\/Egiziana-tenda-in-lino-applicazioni-fasce-sovrapposte-in-lino-Nefertari-la-sposa-ideale-250x188.jpg 250w, https:\/\/www.marinigerardi.it\/shop\/wp-content\/uploads\/2021\/01\/Egiziana-tenda-in-lino-applicazioni-fasce-sovrapposte-in-lino-Nefertari-la-sposa-ideale-600x450.jpg 600w, https:\/\/www.marinigerardi.it\/shop\/wp-content\/uploads\/2021\/01\/Egiziana-tenda-in-lino-applicazioni-fasce-sovrapposte-in-lino-Nefertari-la-sposa-ideale-300x225.jpg 300w, https:\/\/www.marinigerardi.it\/shop\/wp-content\/uploads\/2021\/01\/Egiziana-tenda-in-lino-applicazioni-fasce-sovrapposte-in-lino-Nefertari-la-sposa-ideale-768x576.jpg 768w, https:\/\/www.marinigerardi.it\/shop\/wp-content\/uploads\/2021\/01\/Egiziana-tenda-in-lino-applicazioni-fasce-sovrapposte-in-lino-Nefertari-la-sposa-ideale.jpg 1024w\" data-image-id=\"1\"><\/div>\n\t\t\t\t\t\t\t<div class=\"wd-product-grid-slide\" data-image-url=\"https:\/\/www.marinigerardi.it\/shop\/wp-content\/uploads\/2021\/01\/tenda-da-soggiorno-in-lino-camera-da-letto-Nefertari-250x188.jpg\" data-image-srcset=\"https:\/\/www.marinigerardi.it\/shop\/wp-content\/uploads\/2021\/01\/tenda-da-soggiorno-in-lino-camera-da-letto-Nefertari-250x188.jpg 250w, https:\/\/www.marinigerardi.it\/shop\/wp-content\/uploads\/2021\/01\/tenda-da-soggiorno-in-lino-camera-da-letto-Nefertari-600x450.jpg 600w, https:\/\/www.marinigerardi.it\/shop\/wp-content\/uploads\/2021\/01\/tenda-da-soggiorno-in-lino-camera-da-letto-Nefertari-300x225.jpg 300w, https:\/\/www.marinigerardi.it\/shop\/wp-content\/uploads\/2021\/01\/tenda-da-soggiorno-in-lino-camera-da-letto-Nefertari-768x576.jpg 768w, https:\/\/www.marinigerardi.it\/shop\/wp-content\/uploads\/2021\/01\/tenda-da-soggiorno-in-lino-camera-da-letto-Nefertari.jpg 1024w\" data-image-id=\"2\"><\/div>\n\t\t\t\t\t<\/div>\n\n\t\t\n\t\t\t\t\t\t\t<div class=\"wd-product-grid-slider-pagin\">\n\t\t\t\t\t\t\t<div data-image-id=\"0\" class=\"wd-product-grid-slider-dot\"><\/div>\n\t\t\t\t\t\t\t<div data-image-id=\"1\" class=\"wd-product-grid-slider-dot\"><\/div>\n\t\t\t\t\t\t\t<div data-image-id=\"2\" class=\"wd-product-grid-slider-dot\"><\/div>\n\t\t\t\t\t<\/div>\n\t\t\t\t\t\t<img decoding=\"async\" width=\"250\" height=\"188\" src=\"https:\/\/www.marinigerardi.it\/shop\/wp-content\/uploads\/2021\/01\/Egiziana-tenda-in-lino-Nefertari-la-piu-amata-la-piu-bella-250x188.jpg\" class=\"attachment-woocommerce_thumbnail size-woocommerce_thumbnail\" alt=\"NEFERTARI - Tende e Tendaggi in Lino\" srcset=\"https:\/\/www.marinigerardi.it\/shop\/wp-content\/uploads\/2021\/01\/Egiziana-tenda-in-lino-Nefertari-la-piu-amata-la-piu-bella-250x188.jpg 250w, https:\/\/www.marinigerardi.it\/shop\/wp-content\/uploads\/2021\/01\/Egiziana-tenda-in-lino-Nefertari-la-piu-amata-la-piu-bella-600x450.jpg 600w, https:\/\/www.marinigerardi.it\/shop\/wp-content\/uploads\/2021\/01\/Egiziana-tenda-in-lino-Nefertari-la-piu-amata-la-piu-bella-300x225.jpg.avif 300w, https:\/\/www.marinigerardi.it\/shop\/wp-content\/uploads\/2021\/01\/Egiziana-tenda-in-lino-Nefertari-la-piu-amata-la-piu-bella-768x576.jpg.avif 768w, https:\/\/www.marinigerardi.it\/shop\/wp-content\/uploads\/2021\/01\/Egiziana-tenda-in-lino-Nefertari-la-piu-amata-la-piu-bella.jpg.webp 1024w\" sizes=\"(max-width: 250px) 100vw, 250px\" \/>\t\t<\/a>\n\n\t\t\n\t\t<div class=\"wd-buttons wd-pos-r-t\">\n\t\t\t\t\t\t\t\t\t\t\t\t\t\t<\/div>\n\t<\/div>\n\n\t\t<div class=\"product-element-bottom\">\n\t\n\t\n\t<h3 class=\"wd-entities-title\"><a href=\"https:\/\/www.marinigerardi.it\/shop\/prodotto\/legiziana-tende-e-tendaggi-in-lino\/\">NEFERTARI &#8211; Tende e Tendaggi in Lino Classici<\/a><\/h3>\n\t\t\t\t\t\t\n\t\t\t\t<div class=\"star-rating\" role=\"img\" aria-label=\"Valutato 5.00 su 5\">\n\t\t\t\t\t<span style=\"width:100%\">\n\t\t\tValutato <strong class=\"rating\">5.00<\/strong> su 5\t\t<\/span>\n\t\t\t\t<\/div>\n\n\t\t\n\t\t\t\t\t\t\t\t\t<p class=\"wd-product-stock stock wd-style-default in-stock\">Disponibile<\/p>\n\t\t\n\t\n\t<span class=\"price\">349,00&nbsp;&euro;<\/span>\n\n\t<div class=\"wd-add-btn wd-add-btn-replace\">\n\t\t\n\t\t<a href=\"https:\/\/www.marinigerardi.it\/shop\/prodotto\/legiziana-tende-e-tendaggi-in-lino\/\" class=\"button product_type_simple add-to-cart-loop mg-detail-btn\"><span class=\"wd-action-icon\"><span class=\"wd-check-icon\"><\/span><\/span><span class=\"wd-action-text\">Vedi dettagli<\/span><\/a>\t<\/div>\n\n\t\n\t\n\t\t\t<\/div>\n\t<\/div>\n<\/div>\n<div class=\"wd-product wd-col wd-hover-standard product-grid-item product type-product post-7645 status-publish last instock product_cat-tende-in-lino has-post-thumbnail taxable shipping-taxable purchasable product-type-simple\" data-loop=\"15\" data-id=\"7645\">\n\t\n<div class=\"wd-product-wrapper product-wrapper\">\n\t<div class=\"wd-product-thumb product-element-top wd-quick-shop\">\n\t\t<a href=\"https:\/\/www.marinigerardi.it\/shop\/prodotto\/tende-in-lino-per-camera-da-letto-torre-mozza\/\" class=\"wd-product-img-link product-image-link\" tabindex=\"-1\" aria-label=\"TORRE MOZZA &#8211; Tende in Lino per Camera da Letto\">\n\t\t\t\t\t<div class=\"wd-product-grid-slider wd-fill\">\n\t\t\t\t\t\t\t<div class=\"wd-product-grid-slide\" data-image-url=\"https:\/\/www.marinigerardi.it\/shop\/wp-content\/uploads\/2021\/01\/tenda-per-camera-da-letto-elegante-in-puro-lino-torre-mozza-panna-250x188.jpg\" data-image-srcset=\"https:\/\/www.marinigerardi.it\/shop\/wp-content\/uploads\/2021\/01\/tenda-per-camera-da-letto-elegante-in-puro-lino-torre-mozza-panna-250x188.jpg 250w, https:\/\/www.marinigerardi.it\/shop\/wp-content\/uploads\/2021\/01\/tenda-per-camera-da-letto-elegante-in-puro-lino-torre-mozza-panna-600x450.jpg 600w, https:\/\/www.marinigerardi.it\/shop\/wp-content\/uploads\/2021\/01\/tenda-per-camera-da-letto-elegante-in-puro-lino-torre-mozza-panna-300x225.jpg 300w, https:\/\/www.marinigerardi.it\/shop\/wp-content\/uploads\/2021\/01\/tenda-per-camera-da-letto-elegante-in-puro-lino-torre-mozza-panna-768x576.jpg 768w, https:\/\/www.marinigerardi.it\/shop\/wp-content\/uploads\/2021\/01\/tenda-per-camera-da-letto-elegante-in-puro-lino-torre-mozza-panna.jpg 1024w\" data-image-id=\"0\"><\/div>\n\t\t\t\t\t\t\t<div class=\"wd-product-grid-slide\" data-image-url=\"https:\/\/www.marinigerardi.it\/shop\/wp-content\/uploads\/2021\/01\/tende-in-lino-moderne-inserti-design-cucitura-lavorazione-zig-zag-250x188.jpg\" data-image-srcset=\"https:\/\/www.marinigerardi.it\/shop\/wp-content\/uploads\/2021\/01\/tende-in-lino-moderne-inserti-design-cucitura-lavorazione-zig-zag-250x188.jpg 250w, https:\/\/www.marinigerardi.it\/shop\/wp-content\/uploads\/2021\/01\/tende-in-lino-moderne-inserti-design-cucitura-lavorazione-zig-zag-600x450.jpg 600w, https:\/\/www.marinigerardi.it\/shop\/wp-content\/uploads\/2021\/01\/tende-in-lino-moderne-inserti-design-cucitura-lavorazione-zig-zag-300x225.jpg 300w, https:\/\/www.marinigerardi.it\/shop\/wp-content\/uploads\/2021\/01\/tende-in-lino-moderne-inserti-design-cucitura-lavorazione-zig-zag-768x576.jpg 768w, https:\/\/www.marinigerardi.it\/shop\/wp-content\/uploads\/2021\/01\/tende-in-lino-moderne-inserti-design-cucitura-lavorazione-zig-zag.jpg 1024w\" data-image-id=\"1\"><\/div>\n\t\t\t\t\t\t\t<div class=\"wd-product-grid-slide\" data-image-url=\"https:\/\/www.marinigerardi.it\/shop\/wp-content\/uploads\/2021\/01\/tende-per-camera-letto-o-soggiorno-in-puro-lino-torre-mozza-panna-250x188.jpg\" data-image-srcset=\"https:\/\/www.marinigerardi.it\/shop\/wp-content\/uploads\/2021\/01\/tende-per-camera-letto-o-soggiorno-in-puro-lino-torre-mozza-panna-250x188.jpg 250w, https:\/\/www.marinigerardi.it\/shop\/wp-content\/uploads\/2021\/01\/tende-per-camera-letto-o-soggiorno-in-puro-lino-torre-mozza-panna-600x450.jpg 600w, https:\/\/www.marinigerardi.it\/shop\/wp-content\/uploads\/2021\/01\/tende-per-camera-letto-o-soggiorno-in-puro-lino-torre-mozza-panna-300x225.jpg 300w, https:\/\/www.marinigerardi.it\/shop\/wp-content\/uploads\/2021\/01\/tende-per-camera-letto-o-soggiorno-in-puro-lino-torre-mozza-panna-768x576.jpg 768w, https:\/\/www.marinigerardi.it\/shop\/wp-content\/uploads\/2021\/01\/tende-per-camera-letto-o-soggiorno-in-puro-lino-torre-mozza-panna.jpg 1024w\" data-image-id=\"2\"><\/div>\n\t\t\t\t\t<\/div>\n\n\t\t\n\t\t\t\t\t\t\t<div class=\"wd-product-grid-slider-pagin\">\n\t\t\t\t\t\t\t<div data-image-id=\"0\" class=\"wd-product-grid-slider-dot\"><\/div>\n\t\t\t\t\t\t\t<div data-image-id=\"1\" class=\"wd-product-grid-slider-dot\"><\/div>\n\t\t\t\t\t\t\t<div data-image-id=\"2\" class=\"wd-product-grid-slider-dot\"><\/div>\n\t\t\t\t\t<\/div>\n\t\t\t\t\t\t<img decoding=\"async\" width=\"250\" height=\"188\" src=\"https:\/\/www.marinigerardi.it\/shop\/wp-content\/uploads\/2021\/01\/tenda-per-camera-da-letto-elegante-in-puro-lino-torre-mozza-panna-250x188.jpg\" class=\"attachment-woocommerce_thumbnail size-woocommerce_thumbnail\" alt=\"TORRE MOZZA - Tende in Lino per Camera da Letto\" srcset=\"https:\/\/www.marinigerardi.it\/shop\/wp-content\/uploads\/2021\/01\/tenda-per-camera-da-letto-elegante-in-puro-lino-torre-mozza-panna-250x188.jpg 250w, https:\/\/www.marinigerardi.it\/shop\/wp-content\/uploads\/2021\/01\/tenda-per-camera-da-letto-elegante-in-puro-lino-torre-mozza-panna-600x450.jpg 600w, https:\/\/www.marinigerardi.it\/shop\/wp-content\/uploads\/2021\/01\/tenda-per-camera-da-letto-elegante-in-puro-lino-torre-mozza-panna-300x225.jpg.avif 300w, https:\/\/www.marinigerardi.it\/shop\/wp-content\/uploads\/2021\/01\/tenda-per-camera-da-letto-elegante-in-puro-lino-torre-mozza-panna-768x576.jpg.avif 768w, https:\/\/www.marinigerardi.it\/shop\/wp-content\/uploads\/2021\/01\/tenda-per-camera-da-letto-elegante-in-puro-lino-torre-mozza-panna.jpg.webp 1024w\" sizes=\"(max-width: 250px) 100vw, 250px\" \/>\t\t<\/a>\n\n\t\t\n\t\t<div class=\"wd-buttons wd-pos-r-t\">\n\t\t\t\t\t\t\t\t\t\t\t\t\t\t<\/div>\n\t<\/div>\n\n\t\t<div class=\"product-element-bottom\">\n\t\n\t\n\t<h3 class=\"wd-entities-title\"><a href=\"https:\/\/www.marinigerardi.it\/shop\/prodotto\/tende-in-lino-per-camera-da-letto-torre-mozza\/\">TORRE MOZZA &#8211; Tende in Lino per Camera da Letto<\/a><\/h3>\n\t\t\t\t\t\t<p class=\"wd-product-stock stock wd-style-default in-stock\">Disponibile<\/p>\n\t\t\n\t\n\t<span class=\"price\">295,00&nbsp;&euro;<\/span>\n\n\t<div class=\"wd-add-btn wd-add-btn-replace\">\n\t\t\n\t\t<a href=\"https:\/\/www.marinigerardi.it\/shop\/prodotto\/tende-in-lino-per-camera-da-letto-torre-mozza\/\" class=\"button product_type_simple add-to-cart-loop mg-detail-btn\"><span class=\"wd-action-icon\"><span class=\"wd-check-icon\"><\/span><\/span><span class=\"wd-action-text\">Vedi dettagli<\/span><\/a>\t<\/div>\n\n\t\n\t\n\t\t\t<\/div>\n\t<\/div>\n<\/div>\n<div class=\"wd-product wd-col wd-hover-standard product-grid-item product type-product post-13144 status-publish first instock product_cat-tende-da-interni product_cat-tende-in-lino product_cat-tende-interno product_cat-tende-lino product_cat-tende-moderne product_cat-tende-su-misura product_tag-tende-di-lino product_tag-tende-in-lino product_tag-tende-in-lino-su-misura product_tag-tende-interni-in-lino has-post-thumbnail taxable shipping-taxable purchasable product-type-simple\" data-loop=\"16\" data-id=\"13144\">\n\t\n<div class=\"wd-product-wrapper product-wrapper\">\n\t<div class=\"wd-product-thumb product-element-top wd-quick-shop\">\n\t\t<a href=\"https:\/\/www.marinigerardi.it\/shop\/prodotto\/tenda-da-interni-in-lino-stropicciato-idrusa\/\" class=\"wd-product-img-link product-image-link\" tabindex=\"-1\" aria-label=\"IDRUSA &#8211; Tenda da Interni Lino Stropicciato\">\n\t\t\t\t\t<div class=\"wd-product-grid-slider wd-fill\">\n\t\t\t\t\t\t\t<div class=\"wd-product-grid-slide\" data-image-url=\"https:\/\/www.marinigerardi.it\/shop\/wp-content\/uploads\/2021\/10\/100-modelli-di-Tende-esclusive-di-lino-alla-moda-su-misura-250x188.jpg\" data-image-srcset=\"https:\/\/www.marinigerardi.it\/shop\/wp-content\/uploads\/2021\/10\/100-modelli-di-Tende-esclusive-di-lino-alla-moda-su-misura-250x188.jpg 250w, https:\/\/www.marinigerardi.it\/shop\/wp-content\/uploads\/2021\/10\/100-modelli-di-Tende-esclusive-di-lino-alla-moda-su-misura-600x450.jpg 600w, https:\/\/www.marinigerardi.it\/shop\/wp-content\/uploads\/2021\/10\/100-modelli-di-Tende-esclusive-di-lino-alla-moda-su-misura-300x225.jpg 300w, https:\/\/www.marinigerardi.it\/shop\/wp-content\/uploads\/2021\/10\/100-modelli-di-Tende-esclusive-di-lino-alla-moda-su-misura-768x576.jpg 768w, https:\/\/www.marinigerardi.it\/shop\/wp-content\/uploads\/2021\/10\/100-modelli-di-Tende-esclusive-di-lino-alla-moda-su-misura.jpg 1024w\" data-image-id=\"0\"><\/div>\n\t\t\t\t\t\t\t<div class=\"wd-product-grid-slide\" data-image-url=\"https:\/\/www.marinigerardi.it\/shop\/wp-content\/uploads\/2021\/10\/idrusa-tende-interno-esclusive-tessuti-di-qualita-lino-moda-casa-250x188.jpg\" data-image-srcset=\"https:\/\/www.marinigerardi.it\/shop\/wp-content\/uploads\/2021\/10\/idrusa-tende-interno-esclusive-tessuti-di-qualita-lino-moda-casa-250x188.jpg 250w, https:\/\/www.marinigerardi.it\/shop\/wp-content\/uploads\/2021\/10\/idrusa-tende-interno-esclusive-tessuti-di-qualita-lino-moda-casa-600x450.jpg 600w, https:\/\/www.marinigerardi.it\/shop\/wp-content\/uploads\/2021\/10\/idrusa-tende-interno-esclusive-tessuti-di-qualita-lino-moda-casa-300x225.jpg 300w, https:\/\/www.marinigerardi.it\/shop\/wp-content\/uploads\/2021\/10\/idrusa-tende-interno-esclusive-tessuti-di-qualita-lino-moda-casa-768x576.jpg 768w, https:\/\/www.marinigerardi.it\/shop\/wp-content\/uploads\/2021\/10\/idrusa-tende-interno-esclusive-tessuti-di-qualita-lino-moda-casa.jpg 1024w\" data-image-id=\"1\"><\/div>\n\t\t\t\t\t\t\t<div class=\"wd-product-grid-slide\" data-image-url=\"https:\/\/www.marinigerardi.it\/shop\/wp-content\/uploads\/2021\/10\/idrusa-tende-esclusive-di-lino-alla-moda-su-misura-arancio-250x188.jpg\" data-image-srcset=\"https:\/\/www.marinigerardi.it\/shop\/wp-content\/uploads\/2021\/10\/idrusa-tende-esclusive-di-lino-alla-moda-su-misura-arancio-250x188.jpg 250w, https:\/\/www.marinigerardi.it\/shop\/wp-content\/uploads\/2021\/10\/idrusa-tende-esclusive-di-lino-alla-moda-su-misura-arancio-600x450.jpg 600w, https:\/\/www.marinigerardi.it\/shop\/wp-content\/uploads\/2021\/10\/idrusa-tende-esclusive-di-lino-alla-moda-su-misura-arancio-300x225.jpg 300w, https:\/\/www.marinigerardi.it\/shop\/wp-content\/uploads\/2021\/10\/idrusa-tende-esclusive-di-lino-alla-moda-su-misura-arancio-768x576.jpg 768w, https:\/\/www.marinigerardi.it\/shop\/wp-content\/uploads\/2021\/10\/idrusa-tende-esclusive-di-lino-alla-moda-su-misura-arancio.jpg 1024w\" data-image-id=\"2\"><\/div>\n\t\t\t\t\t<\/div>\n\n\t\t\n\t\t\t\t\t\t\t<div class=\"wd-product-grid-slider-pagin\">\n\t\t\t\t\t\t\t<div data-image-id=\"0\" class=\"wd-product-grid-slider-dot\"><\/div>\n\t\t\t\t\t\t\t<div data-image-id=\"1\" class=\"wd-product-grid-slider-dot\"><\/div>\n\t\t\t\t\t\t\t<div data-image-id=\"2\" class=\"wd-product-grid-slider-dot\"><\/div>\n\t\t\t\t\t<\/div>\n\t\t\t\t\t\t<img decoding=\"async\" width=\"250\" height=\"188\" src=\"https:\/\/www.marinigerardi.it\/shop\/wp-content\/uploads\/2021\/10\/100-modelli-di-Tende-esclusive-di-lino-alla-moda-su-misura-250x188.jpg\" class=\"attachment-woocommerce_thumbnail size-woocommerce_thumbnail\" alt=\"IDRUSA - Tenda da Interni Lino Stropicciato\" srcset=\"https:\/\/www.marinigerardi.it\/shop\/wp-content\/uploads\/2021\/10\/100-modelli-di-Tende-esclusive-di-lino-alla-moda-su-misura-250x188.jpg 250w, https:\/\/www.marinigerardi.it\/shop\/wp-content\/uploads\/2021\/10\/100-modelli-di-Tende-esclusive-di-lino-alla-moda-su-misura-600x450.jpg 600w, https:\/\/www.marinigerardi.it\/shop\/wp-content\/uploads\/2021\/10\/100-modelli-di-Tende-esclusive-di-lino-alla-moda-su-misura-300x225.jpg.avif 300w, https:\/\/www.marinigerardi.it\/shop\/wp-content\/uploads\/2021\/10\/100-modelli-di-Tende-esclusive-di-lino-alla-moda-su-misura-768x576.jpg.avif 768w, https:\/\/www.marinigerardi.it\/shop\/wp-content\/uploads\/2021\/10\/100-modelli-di-Tende-esclusive-di-lino-alla-moda-su-misura.jpg.webp 1024w\" sizes=\"(max-width: 250px) 100vw, 250px\" \/>\t\t<\/a>\n\n\t\t\n\t\t<div class=\"wd-buttons wd-pos-r-t\">\n\t\t\t\t\t\t\t\t\t\t\t\t\t\t<\/div>\n\t<\/div>\n\n\t\t<div class=\"product-element-bottom\">\n\t\n\t\n\t<h3 class=\"wd-entities-title\"><a href=\"https:\/\/www.marinigerardi.it\/shop\/prodotto\/tenda-da-interni-in-lino-stropicciato-idrusa\/\">IDRUSA &#8211; Tenda da Interni Lino Stropicciato<\/a><\/h3>\n\t\t\t\t\t\t<p class=\"wd-product-stock stock wd-style-default in-stock\">Disponibile<\/p>\n\t\t\n\t\n\t<span class=\"price\">228,00&nbsp;&euro;<\/span>\n\n\t<div class=\"wd-add-btn wd-add-btn-replace\">\n\t\t\n\t\t<a href=\"https:\/\/www.marinigerardi.it\/shop\/prodotto\/tenda-da-interni-in-lino-stropicciato-idrusa\/\" class=\"button product_type_simple add-to-cart-loop mg-detail-btn\"><span class=\"wd-action-icon\"><span class=\"wd-check-icon\"><\/span><\/span><span class=\"wd-action-text\">Vedi dettagli<\/span><\/a>\t<\/div>\n\n\t\n\t\n\t\t\t<\/div>\n\t<\/div>\n<\/div>\n<div class=\"wd-product wd-col wd-hover-standard product-grid-item product type-product post-29273 status-publish last instock product_cat-tende-in-lino has-post-thumbnail taxable shipping-taxable purchasable product-type-simple\" data-loop=\"17\" data-id=\"29273\">\n\t\n<div class=\"wd-product-wrapper product-wrapper\">\n\t<div class=\"wd-product-thumb product-element-top wd-quick-shop\">\n\t\t<a href=\"https:\/\/www.marinigerardi.it\/shop\/prodotto\/design-moderno-tenda-patchwork\/\" class=\"wd-product-img-link product-image-link\" tabindex=\"-1\" aria-label=\"MARITTIMA &#8211; Tenda Patchwork in Puro Lino\">\n\t\t\t\t\t<div class=\"wd-product-grid-slider wd-fill\">\n\t\t\t\t\t\t\t<div class=\"wd-product-grid-slide\" data-image-url=\"https:\/\/www.marinigerardi.it\/shop\/wp-content\/uploads\/2021\/09\/tende-moderne-lino-shabby-chic-patchwork-motivo-centrale-250x188.jpg\" data-image-srcset=\"https:\/\/www.marinigerardi.it\/shop\/wp-content\/uploads\/2021\/09\/tende-moderne-lino-shabby-chic-patchwork-motivo-centrale-250x188.jpg 250w, https:\/\/www.marinigerardi.it\/shop\/wp-content\/uploads\/2021\/09\/tende-moderne-lino-shabby-chic-patchwork-motivo-centrale-600x450.jpg 600w, https:\/\/www.marinigerardi.it\/shop\/wp-content\/uploads\/2021\/09\/tende-moderne-lino-shabby-chic-patchwork-motivo-centrale-300x225.jpg 300w, https:\/\/www.marinigerardi.it\/shop\/wp-content\/uploads\/2021\/09\/tende-moderne-lino-shabby-chic-patchwork-motivo-centrale-768x576.jpg 768w, https:\/\/www.marinigerardi.it\/shop\/wp-content\/uploads\/2021\/09\/tende-moderne-lino-shabby-chic-patchwork-motivo-centrale.jpg 1024w\" data-image-id=\"0\"><\/div>\n\t\t\t\t\t\t\t<div class=\"wd-product-grid-slide\" data-image-url=\"https:\/\/www.marinigerardi.it\/shop\/wp-content\/uploads\/2021\/09\/tende-design-moderno-salotto-di-lino-shabby-patchwork-primavera-250x188.jpg\" data-image-srcset=\"https:\/\/www.marinigerardi.it\/shop\/wp-content\/uploads\/2021\/09\/tende-design-moderno-salotto-di-lino-shabby-patchwork-primavera-250x188.jpg 250w, https:\/\/www.marinigerardi.it\/shop\/wp-content\/uploads\/2021\/09\/tende-design-moderno-salotto-di-lino-shabby-patchwork-primavera-600x450.jpg 600w, https:\/\/www.marinigerardi.it\/shop\/wp-content\/uploads\/2021\/09\/tende-design-moderno-salotto-di-lino-shabby-patchwork-primavera-300x225.jpg 300w, https:\/\/www.marinigerardi.it\/shop\/wp-content\/uploads\/2021\/09\/tende-design-moderno-salotto-di-lino-shabby-patchwork-primavera-768x576.jpg 768w, https:\/\/www.marinigerardi.it\/shop\/wp-content\/uploads\/2021\/09\/tende-design-moderno-salotto-di-lino-shabby-patchwork-primavera.jpg 1024w\" data-image-id=\"1\"><\/div>\n\t\t\t\t\t\t\t<div class=\"wd-product-grid-slide\" data-image-url=\"https:\/\/www.marinigerardi.it\/shop\/wp-content\/uploads\/2021\/09\/tende-moderne-shabby-patchwork-motivo-centrale-a-colori-250x188.jpg\" data-image-srcset=\"https:\/\/www.marinigerardi.it\/shop\/wp-content\/uploads\/2021\/09\/tende-moderne-shabby-patchwork-motivo-centrale-a-colori-250x188.jpg 250w, https:\/\/www.marinigerardi.it\/shop\/wp-content\/uploads\/2021\/09\/tende-moderne-shabby-patchwork-motivo-centrale-a-colori-600x450.jpg 600w, https:\/\/www.marinigerardi.it\/shop\/wp-content\/uploads\/2021\/09\/tende-moderne-shabby-patchwork-motivo-centrale-a-colori-300x225.jpg 300w, https:\/\/www.marinigerardi.it\/shop\/wp-content\/uploads\/2021\/09\/tende-moderne-shabby-patchwork-motivo-centrale-a-colori-768x576.jpg 768w, https:\/\/www.marinigerardi.it\/shop\/wp-content\/uploads\/2021\/09\/tende-moderne-shabby-patchwork-motivo-centrale-a-colori.jpg 1024w\" data-image-id=\"2\"><\/div>\n\t\t\t\t\t<\/div>\n\n\t\t\n\t\t\t\t\t\t\t<div class=\"wd-product-grid-slider-pagin\">\n\t\t\t\t\t\t\t<div data-image-id=\"0\" class=\"wd-product-grid-slider-dot\"><\/div>\n\t\t\t\t\t\t\t<div data-image-id=\"1\" class=\"wd-product-grid-slider-dot\"><\/div>\n\t\t\t\t\t\t\t<div data-image-id=\"2\" class=\"wd-product-grid-slider-dot\"><\/div>\n\t\t\t\t\t<\/div>\n\t\t\t\t\t\t<img decoding=\"async\" width=\"250\" height=\"188\" src=\"https:\/\/www.marinigerardi.it\/shop\/wp-content\/uploads\/2021\/09\/tende-moderne-lino-shabby-chic-patchwork-motivo-centrale-250x188.jpg\" class=\"attachment-woocommerce_thumbnail size-woocommerce_thumbnail\" alt=\"MARITTIMA - Tenda Patchwork in Puro Lino\" srcset=\"https:\/\/www.marinigerardi.it\/shop\/wp-content\/uploads\/2021\/09\/tende-moderne-lino-shabby-chic-patchwork-motivo-centrale-250x188.jpg 250w, https:\/\/www.marinigerardi.it\/shop\/wp-content\/uploads\/2021\/09\/tende-moderne-lino-shabby-chic-patchwork-motivo-centrale-600x450.jpg 600w, https:\/\/www.marinigerardi.it\/shop\/wp-content\/uploads\/2021\/09\/tende-moderne-lino-shabby-chic-patchwork-motivo-centrale-300x225.jpg.avif 300w, https:\/\/www.marinigerardi.it\/shop\/wp-content\/uploads\/2021\/09\/tende-moderne-lino-shabby-chic-patchwork-motivo-centrale-768x576.jpg.avif 768w, https:\/\/www.marinigerardi.it\/shop\/wp-content\/uploads\/2021\/09\/tende-moderne-lino-shabby-chic-patchwork-motivo-centrale.jpg.webp 1024w\" sizes=\"(max-width: 250px) 100vw, 250px\" \/>\t\t<\/a>\n\n\t\t\n\t\t<div class=\"wd-buttons wd-pos-r-t\">\n\t\t\t\t\t\t\t\t\t\t\t\t\t\t<\/div>\n\t<\/div>\n\n\t\t<div class=\"product-element-bottom\">\n\t\n\t\n\t<h3 class=\"wd-entities-title\"><a href=\"https:\/\/www.marinigerardi.it\/shop\/prodotto\/design-moderno-tenda-patchwork\/\">MARITTIMA &#8211; Tenda Patchwork in Puro Lino<\/a><\/h3>\n\t\t\t\t\t\t\n\t\t\t\t<div class=\"star-rating\" role=\"img\" aria-label=\"Valutato 5.00 su 5\">\n\t\t\t\t\t<span style=\"width:100%\">\n\t\t\tValutato <strong class=\"rating\">5.00<\/strong> su 5\t\t<\/span>\n\t\t\t\t<\/div>\n\n\t\t\n\t\t\t\t\t\t\t\t\t<p class=\"wd-product-stock stock wd-style-default in-stock\">Disponibile<\/p>\n\t\t\n\t\n\t<span class=\"price\">269,00&nbsp;&euro;<\/span>\n\n\t<div class=\"wd-add-btn wd-add-btn-replace\">\n\t\t\n\t\t<a href=\"https:\/\/www.marinigerardi.it\/shop\/prodotto\/design-moderno-tenda-patchwork\/\" class=\"button product_type_simple add-to-cart-loop mg-detail-btn\"><span class=\"wd-action-icon\"><span class=\"wd-check-icon\"><\/span><\/span><span class=\"wd-action-text\">Vedi dettagli<\/span><\/a>\t<\/div>\n\n\t\n\t\n\t\t\t<\/div>\n\t<\/div>\n<\/div>\n<div class=\"wd-product wd-col wd-hover-standard product-grid-item product type-product post-35940 status-publish first instock product_cat-tende product_cat-tende-da-interni product_cat-tende-in-lino product_cat-tende-lino product_cat-tende-moderne product_cat-tende-su-misura product_tag-tende product_tag-tende-di-lino product_tag-tende-di-lino-moderne product_tag-tende-in-lino has-post-thumbnail taxable shipping-taxable purchasable product-type-simple\" data-loop=\"18\" data-id=\"35940\">\n\t\n<div class=\"wd-product-wrapper product-wrapper\">\n\t<div class=\"wd-product-thumb product-element-top wd-quick-shop\">\n\t\t<a href=\"https:\/\/www.marinigerardi.it\/shop\/prodotto\/antenore-tende-design-moderno\/\" class=\"wd-product-img-link product-image-link\" tabindex=\"-1\" aria-label=\"ANTENORE &#8211; Tende Design Moderno in Lino Stropicciato\">\n\t\t\t\t\t<div class=\"wd-product-grid-slider wd-fill\">\n\t\t\t\t\t\t\t<div class=\"wd-product-grid-slide\" data-image-url=\"https:\/\/www.marinigerardi.it\/shop\/wp-content\/uploads\/2022\/04\/tende-design-moderno-lino-stropicciato-antenore-250x188.jpg\" data-image-srcset=\"https:\/\/www.marinigerardi.it\/shop\/wp-content\/uploads\/2022\/04\/tende-design-moderno-lino-stropicciato-antenore-250x188.jpg 250w, https:\/\/www.marinigerardi.it\/shop\/wp-content\/uploads\/2022\/04\/tende-design-moderno-lino-stropicciato-antenore-600x450.jpg 600w, https:\/\/www.marinigerardi.it\/shop\/wp-content\/uploads\/2022\/04\/tende-design-moderno-lino-stropicciato-antenore-300x225.jpg 300w, https:\/\/www.marinigerardi.it\/shop\/wp-content\/uploads\/2022\/04\/tende-design-moderno-lino-stropicciato-antenore-768x576.jpg 768w, https:\/\/www.marinigerardi.it\/shop\/wp-content\/uploads\/2022\/04\/tende-design-moderno-lino-stropicciato-antenore.jpg 1024w\" data-image-id=\"0\"><\/div>\n\t\t\t\t\t\t\t<div class=\"wd-product-grid-slide\" data-image-url=\"https:\/\/www.marinigerardi.it\/shop\/wp-content\/uploads\/2022\/04\/tende-di-design-in-lino-panna-bordeaux-250x188.jpg\" data-image-srcset=\"https:\/\/www.marinigerardi.it\/shop\/wp-content\/uploads\/2022\/04\/tende-di-design-in-lino-panna-bordeaux-250x188.jpg 250w, https:\/\/www.marinigerardi.it\/shop\/wp-content\/uploads\/2022\/04\/tende-di-design-in-lino-panna-bordeaux-600x450.jpg 600w, https:\/\/www.marinigerardi.it\/shop\/wp-content\/uploads\/2022\/04\/tende-di-design-in-lino-panna-bordeaux-300x225.jpg 300w, https:\/\/www.marinigerardi.it\/shop\/wp-content\/uploads\/2022\/04\/tende-di-design-in-lino-panna-bordeaux-768x576.jpg 768w, https:\/\/www.marinigerardi.it\/shop\/wp-content\/uploads\/2022\/04\/tende-di-design-in-lino-panna-bordeaux.jpg 1024w\" data-image-id=\"1\"><\/div>\n\t\t\t\t\t\t\t<div class=\"wd-product-grid-slide\" data-image-url=\"https:\/\/www.marinigerardi.it\/shop\/wp-content\/uploads\/2022\/04\/tende-design-moderno-lino-stropicciato-riquadri-sfilacciati-250x188.jpg\" data-image-srcset=\"https:\/\/www.marinigerardi.it\/shop\/wp-content\/uploads\/2022\/04\/tende-design-moderno-lino-stropicciato-riquadri-sfilacciati-250x188.jpg 250w, https:\/\/www.marinigerardi.it\/shop\/wp-content\/uploads\/2022\/04\/tende-design-moderno-lino-stropicciato-riquadri-sfilacciati-600x450.jpg 600w, https:\/\/www.marinigerardi.it\/shop\/wp-content\/uploads\/2022\/04\/tende-design-moderno-lino-stropicciato-riquadri-sfilacciati-300x225.jpg 300w, https:\/\/www.marinigerardi.it\/shop\/wp-content\/uploads\/2022\/04\/tende-design-moderno-lino-stropicciato-riquadri-sfilacciati-768x576.jpg 768w, https:\/\/www.marinigerardi.it\/shop\/wp-content\/uploads\/2022\/04\/tende-design-moderno-lino-stropicciato-riquadri-sfilacciati.jpg 1024w\" data-image-id=\"2\"><\/div>\n\t\t\t\t\t<\/div>\n\n\t\t\n\t\t\t\t\t\t\t<div class=\"wd-product-grid-slider-pagin\">\n\t\t\t\t\t\t\t<div data-image-id=\"0\" class=\"wd-product-grid-slider-dot\"><\/div>\n\t\t\t\t\t\t\t<div data-image-id=\"1\" class=\"wd-product-grid-slider-dot\"><\/div>\n\t\t\t\t\t\t\t<div data-image-id=\"2\" class=\"wd-product-grid-slider-dot\"><\/div>\n\t\t\t\t\t<\/div>\n\t\t\t\t\t\t<img decoding=\"async\" width=\"250\" height=\"188\" src=\"https:\/\/www.marinigerardi.it\/shop\/wp-content\/uploads\/2022\/04\/tende-design-moderno-lino-stropicciato-antenore-250x188.jpg\" class=\"attachment-woocommerce_thumbnail size-woocommerce_thumbnail\" alt=\"tende design moderno lino stropicciato antenore - Marini &amp; Gerardi\" srcset=\"https:\/\/www.marinigerardi.it\/shop\/wp-content\/uploads\/2022\/04\/tende-design-moderno-lino-stropicciato-antenore-250x188.jpg 250w, https:\/\/www.marinigerardi.it\/shop\/wp-content\/uploads\/2022\/04\/tende-design-moderno-lino-stropicciato-antenore-600x450.jpg 600w, https:\/\/www.marinigerardi.it\/shop\/wp-content\/uploads\/2022\/04\/tende-design-moderno-lino-stropicciato-antenore-300x225.jpg.avif 300w, https:\/\/www.marinigerardi.it\/shop\/wp-content\/uploads\/2022\/04\/tende-design-moderno-lino-stropicciato-antenore-768x576.jpg.avif 768w, https:\/\/www.marinigerardi.it\/shop\/wp-content\/uploads\/2022\/04\/tende-design-moderno-lino-stropicciato-antenore.jpg.webp 1024w\" sizes=\"(max-width: 250px) 100vw, 250px\" \/>\t\t<\/a>\n\n\t\t\n\t\t<div class=\"wd-buttons wd-pos-r-t\">\n\t\t\t\t\t\t\t\t\t\t\t\t\t\t<\/div>\n\t<\/div>\n\n\t\t<div class=\"product-element-bottom\">\n\t\n\t\n\t<h3 class=\"wd-entities-title\"><a href=\"https:\/\/www.marinigerardi.it\/shop\/prodotto\/antenore-tende-design-moderno\/\">ANTENORE &#8211; Tende Design Moderno in Lino Stropicciato<\/a><\/h3>\n\t\t\t\t\t\t<p class=\"wd-product-stock stock wd-style-default in-stock\">Disponibile<\/p>\n\t\t\n\t\n\t<span class=\"price\">239,00&nbsp;&euro;<\/span>\n\n\t<div class=\"wd-add-btn wd-add-btn-replace\">\n\t\t\n\t\t<a href=\"https:\/\/www.marinigerardi.it\/shop\/prodotto\/antenore-tende-design-moderno\/\" class=\"button product_type_simple add-to-cart-loop mg-detail-btn\"><span class=\"wd-action-icon\"><span class=\"wd-check-icon\"><\/span><\/span><span class=\"wd-action-text\">Vedi dettagli<\/span><\/a>\t<\/div>\n\n\t\n\t\n\t\t\t<\/div>\n\t<\/div>\n<\/div>\n<div class=\"wd-product wd-col wd-hover-standard product-grid-item product type-product post-7124 status-publish last instock product_cat-tende-in-lino has-post-thumbnail taxable shipping-taxable purchasable product-type-simple\" data-loop=\"19\" data-id=\"7124\">\n\t\n<div class=\"wd-product-wrapper product-wrapper\">\n\t<div class=\"wd-product-thumb product-element-top wd-quick-shop\">\n\t\t<a href=\"https:\/\/www.marinigerardi.it\/shop\/prodotto\/castro-tenda-in-lino-con-mantovana\/\" class=\"wd-product-img-link product-image-link\" tabindex=\"-1\" aria-label=\"Tenda in Lino CASTRO con Mantovana &#8211; Eleganza e Stile per la Tua Casa\">\n\t\t\t\t\t<div class=\"wd-product-grid-slider wd-fill\">\n\t\t\t\t\t\t\t<div class=\"wd-product-grid-slide\" data-image-url=\"https:\/\/www.marinigerardi.it\/shop\/wp-content\/uploads\/2021\/01\/Castro-tenda-in-lino-design-Italiano-250x188.jpg\" data-image-srcset=\"https:\/\/www.marinigerardi.it\/shop\/wp-content\/uploads\/2021\/01\/Castro-tenda-in-lino-design-Italiano-250x188.jpg 250w, https:\/\/www.marinigerardi.it\/shop\/wp-content\/uploads\/2021\/01\/Castro-tenda-in-lino-design-Italiano-600x450.jpg 600w, https:\/\/www.marinigerardi.it\/shop\/wp-content\/uploads\/2021\/01\/Castro-tenda-in-lino-design-Italiano-300x225.jpg 300w, https:\/\/www.marinigerardi.it\/shop\/wp-content\/uploads\/2021\/01\/Castro-tenda-in-lino-design-Italiano-768x576.jpg 768w, https:\/\/www.marinigerardi.it\/shop\/wp-content\/uploads\/2021\/01\/Castro-tenda-in-lino-design-Italiano.jpg 1024w\" data-image-id=\"0\"><\/div>\n\t\t\t\t\t\t\t<div class=\"wd-product-grid-slide\" data-image-url=\"https:\/\/www.marinigerardi.it\/shop\/wp-content\/uploads\/2021\/09\/Castro-tenda-in-lino-matovana-con-asole-inserti-a-colore-250x188.jpg\" data-image-srcset=\"https:\/\/www.marinigerardi.it\/shop\/wp-content\/uploads\/2021\/09\/Castro-tenda-in-lino-matovana-con-asole-inserti-a-colore-250x188.jpg 250w, https:\/\/www.marinigerardi.it\/shop\/wp-content\/uploads\/2021\/09\/Castro-tenda-in-lino-matovana-con-asole-inserti-a-colore-600x450.jpg 600w, https:\/\/www.marinigerardi.it\/shop\/wp-content\/uploads\/2021\/09\/Castro-tenda-in-lino-matovana-con-asole-inserti-a-colore-300x225.jpg 300w, https:\/\/www.marinigerardi.it\/shop\/wp-content\/uploads\/2021\/09\/Castro-tenda-in-lino-matovana-con-asole-inserti-a-colore-768x576.jpg 768w, https:\/\/www.marinigerardi.it\/shop\/wp-content\/uploads\/2021\/09\/Castro-tenda-in-lino-matovana-con-asole-inserti-a-colore.jpg 1024w\" data-image-id=\"1\"><\/div>\n\t\t\t\t\t\t\t<div class=\"wd-product-grid-slide\" data-image-url=\"https:\/\/www.marinigerardi.it\/shop\/wp-content\/uploads\/2021\/09\/tessuto-di-puro-lino-design-Italiano-per-tenda-castro-250x188.jpg\" data-image-srcset=\"https:\/\/www.marinigerardi.it\/shop\/wp-content\/uploads\/2021\/09\/tessuto-di-puro-lino-design-Italiano-per-tenda-castro-250x188.jpg 250w, https:\/\/www.marinigerardi.it\/shop\/wp-content\/uploads\/2021\/09\/tessuto-di-puro-lino-design-Italiano-per-tenda-castro-600x450.jpg 600w, https:\/\/www.marinigerardi.it\/shop\/wp-content\/uploads\/2021\/09\/tessuto-di-puro-lino-design-Italiano-per-tenda-castro-300x225.jpg 300w, https:\/\/www.marinigerardi.it\/shop\/wp-content\/uploads\/2021\/09\/tessuto-di-puro-lino-design-Italiano-per-tenda-castro-768x576.jpg 768w, https:\/\/www.marinigerardi.it\/shop\/wp-content\/uploads\/2021\/09\/tessuto-di-puro-lino-design-Italiano-per-tenda-castro.jpg 1024w\" data-image-id=\"2\"><\/div>\n\t\t\t\t\t<\/div>\n\n\t\t\n\t\t\t\t\t\t\t<div class=\"wd-product-grid-slider-pagin\">\n\t\t\t\t\t\t\t<div data-image-id=\"0\" class=\"wd-product-grid-slider-dot\"><\/div>\n\t\t\t\t\t\t\t<div data-image-id=\"1\" class=\"wd-product-grid-slider-dot\"><\/div>\n\t\t\t\t\t\t\t<div data-image-id=\"2\" class=\"wd-product-grid-slider-dot\"><\/div>\n\t\t\t\t\t<\/div>\n\t\t\t\t\t\t<img decoding=\"async\" width=\"250\" height=\"188\" src=\"https:\/\/www.marinigerardi.it\/shop\/wp-content\/uploads\/2021\/01\/Castro-tenda-in-lino-design-Italiano-250x188.jpg\" class=\"attachment-woocommerce_thumbnail size-woocommerce_thumbnail\" alt=\"Tenda in Lino CASTRO con Mantovana design italiano\" srcset=\"https:\/\/www.marinigerardi.it\/shop\/wp-content\/uploads\/2021\/01\/Castro-tenda-in-lino-design-Italiano-250x188.jpg 250w, https:\/\/www.marinigerardi.it\/shop\/wp-content\/uploads\/2021\/01\/Castro-tenda-in-lino-design-Italiano-600x450.jpg 600w, https:\/\/www.marinigerardi.it\/shop\/wp-content\/uploads\/2021\/01\/Castro-tenda-in-lino-design-Italiano-300x225.jpg.avif 300w, https:\/\/www.marinigerardi.it\/shop\/wp-content\/uploads\/2021\/01\/Castro-tenda-in-lino-design-Italiano-768x576.jpg.avif 768w, https:\/\/www.marinigerardi.it\/shop\/wp-content\/uploads\/2021\/01\/Castro-tenda-in-lino-design-Italiano.jpg.webp 1024w\" sizes=\"(max-width: 250px) 100vw, 250px\" \/>\t\t<\/a>\n\n\t\t\n\t\t<div class=\"wd-buttons wd-pos-r-t\">\n\t\t\t\t\t\t\t\t\t\t\t\t\t\t<\/div>\n\t<\/div>\n\n\t\t<div class=\"product-element-bottom\">\n\t\n\t\n\t<h3 class=\"wd-entities-title\"><a href=\"https:\/\/www.marinigerardi.it\/shop\/prodotto\/castro-tenda-in-lino-con-mantovana\/\">Tenda in Lino CASTRO con Mantovana &#8211; Eleganza e Stile per la Tua Casa<\/a><\/h3>\n\t\t\t\t\t\t<p class=\"wd-product-stock stock wd-style-default in-stock\">Disponibile<\/p>\n\t\t\n\t\n\t<span class=\"price\">253,00&nbsp;&euro;<\/span>\n\n\t<div class=\"wd-add-btn wd-add-btn-replace\">\n\t\t\n\t\t<a href=\"https:\/\/www.marinigerardi.it\/shop\/prodotto\/castro-tenda-in-lino-con-mantovana\/\" class=\"button product_type_simple add-to-cart-loop mg-detail-btn\"><span class=\"wd-action-icon\"><span class=\"wd-check-icon\"><\/span><\/span><span class=\"wd-action-text\">Vedi dettagli<\/span><\/a>\t<\/div>\n\n\t\n\t\n\t\t\t<\/div>\n\t<\/div>\n<\/div>\n<div class=\"wd-product wd-col wd-hover-standard product-grid-item product type-product post-57375 status-publish first instock product_cat-tende-in-lino has-post-thumbnail taxable shipping-taxable purchasable product-type-simple\" data-loop=\"20\" data-id=\"57375\">\n\t\n<div class=\"wd-product-wrapper product-wrapper\">\n\t<div class=\"wd-product-thumb product-element-top wd-quick-shop\">\n\t\t<a href=\"https:\/\/www.marinigerardi.it\/shop\/prodotto\/tende-da-sala-moderne\/\" class=\"wd-product-img-link product-image-link\" tabindex=\"-1\" aria-label=\"LA FRANCESINA &#8211; Tende da Sala Moderne in Lino Delav\u00e8\">\n\t\t\t\t\t<div class=\"wd-product-grid-slider wd-fill\">\n\t\t\t\t\t\t\t<div class=\"wd-product-grid-slide\" data-image-url=\"https:\/\/www.marinigerardi.it\/shop\/wp-content\/uploads\/2023\/03\/Tende-da-Sala-Moderna-di-Lino-grigio-salvia-perla--250x188.webp\" data-image-srcset=\"https:\/\/www.marinigerardi.it\/shop\/wp-content\/uploads\/2023\/03\/Tende-da-Sala-Moderna-di-Lino-grigio-salvia-perla--250x188.webp 250w, https:\/\/www.marinigerardi.it\/shop\/wp-content\/uploads\/2023\/03\/Tende-da-Sala-Moderna-di-Lino-grigio-salvia-perla--600x450.webp 600w, https:\/\/www.marinigerardi.it\/shop\/wp-content\/uploads\/2023\/03\/Tende-da-Sala-Moderna-di-Lino-grigio-salvia-perla--300x225.webp 300w, https:\/\/www.marinigerardi.it\/shop\/wp-content\/uploads\/2023\/03\/Tende-da-Sala-Moderna-di-Lino-grigio-salvia-perla--768x576.webp 768w, https:\/\/www.marinigerardi.it\/shop\/wp-content\/uploads\/2023\/03\/Tende-da-Sala-Moderna-di-Lino-grigio-salvia-perla-.webp 1024w\" data-image-id=\"0\"><\/div>\n\t\t\t\t\t\t\t<div class=\"wd-product-grid-slide\" data-image-url=\"https:\/\/www.marinigerardi.it\/shop\/wp-content\/uploads\/2023\/03\/Tende-da-Salone-Moderna-in-Lino-grigio-salvia--250x188.webp\" data-image-srcset=\"https:\/\/www.marinigerardi.it\/shop\/wp-content\/uploads\/2023\/03\/Tende-da-Salone-Moderna-in-Lino-grigio-salvia--250x188.webp 250w, https:\/\/www.marinigerardi.it\/shop\/wp-content\/uploads\/2023\/03\/Tende-da-Salone-Moderna-in-Lino-grigio-salvia--600x450.webp 600w, https:\/\/www.marinigerardi.it\/shop\/wp-content\/uploads\/2023\/03\/Tende-da-Salone-Moderna-in-Lino-grigio-salvia--300x225.webp 300w, https:\/\/www.marinigerardi.it\/shop\/wp-content\/uploads\/2023\/03\/Tende-da-Salone-Moderna-in-Lino-grigio-salvia--768x576.webp 768w, https:\/\/www.marinigerardi.it\/shop\/wp-content\/uploads\/2023\/03\/Tende-da-Salone-Moderna-in-Lino-grigio-salvia-.webp 1024w\" data-image-id=\"1\"><\/div>\n\t\t\t\t\t\t\t<div class=\"wd-product-grid-slide\" data-image-url=\"https:\/\/www.marinigerardi.it\/shop\/wp-content\/uploads\/2023\/03\/tessuto-Tende-da-Sala-Moderna-in-Lino-grigio-salvia-250x188.webp\" data-image-srcset=\"https:\/\/www.marinigerardi.it\/shop\/wp-content\/uploads\/2023\/03\/tessuto-Tende-da-Sala-Moderna-in-Lino-grigio-salvia-250x188.webp 250w, https:\/\/www.marinigerardi.it\/shop\/wp-content\/uploads\/2023\/03\/tessuto-Tende-da-Sala-Moderna-in-Lino-grigio-salvia-600x450.webp 600w, https:\/\/www.marinigerardi.it\/shop\/wp-content\/uploads\/2023\/03\/tessuto-Tende-da-Sala-Moderna-in-Lino-grigio-salvia-300x225.webp 300w, https:\/\/www.marinigerardi.it\/shop\/wp-content\/uploads\/2023\/03\/tessuto-Tende-da-Sala-Moderna-in-Lino-grigio-salvia-768x576.webp 768w, https:\/\/www.marinigerardi.it\/shop\/wp-content\/uploads\/2023\/03\/tessuto-Tende-da-Sala-Moderna-in-Lino-grigio-salvia.webp 1024w\" data-image-id=\"2\"><\/div>\n\t\t\t\t\t<\/div>\n\n\t\t\n\t\t\t\t\t\t\t<div class=\"wd-product-grid-slider-pagin\">\n\t\t\t\t\t\t\t<div data-image-id=\"0\" class=\"wd-product-grid-slider-dot\"><\/div>\n\t\t\t\t\t\t\t<div data-image-id=\"1\" class=\"wd-product-grid-slider-dot\"><\/div>\n\t\t\t\t\t\t\t<div data-image-id=\"2\" class=\"wd-product-grid-slider-dot\"><\/div>\n\t\t\t\t\t<\/div>\n\t\t\t\t\t\t<img decoding=\"async\" width=\"250\" height=\"188\" src=\"https:\/\/www.marinigerardi.it\/shop\/wp-content\/uploads\/2023\/03\/Tende-da-Sala-Moderna-di-Lino-grigio-salvia-perla--250x188.webp\" class=\"attachment-woocommerce_thumbnail size-woocommerce_thumbnail\" alt=\"LA FRANCESINA - Tende da Sala Moderne in Lino Delav\u00e8\" srcset=\"https:\/\/www.marinigerardi.it\/shop\/wp-content\/uploads\/2023\/03\/Tende-da-Sala-Moderna-di-Lino-grigio-salvia-perla--250x188.webp 250w, https:\/\/www.marinigerardi.it\/shop\/wp-content\/uploads\/2023\/03\/Tende-da-Sala-Moderna-di-Lino-grigio-salvia-perla--600x450.webp 600w, https:\/\/www.marinigerardi.it\/shop\/wp-content\/uploads\/2023\/03\/Tende-da-Sala-Moderna-di-Lino-grigio-salvia-perla--300x225.webp 300w, https:\/\/www.marinigerardi.it\/shop\/wp-content\/uploads\/2023\/03\/Tende-da-Sala-Moderna-di-Lino-grigio-salvia-perla--768x576.webp 768w, https:\/\/www.marinigerardi.it\/shop\/wp-content\/uploads\/2023\/03\/Tende-da-Sala-Moderna-di-Lino-grigio-salvia-perla-.webp 1024w\" sizes=\"(max-width: 250px) 100vw, 250px\" \/>\t\t<\/a>\n\n\t\t\t\t\t<div class=\"product-labels labels-rectangular\">\n\t\t\t\t<span class=\"new product-label wd-shape-rect-sm\">Nuovo<\/span>\t\t\t<\/div>\n\t\t\t\n\t\t<div class=\"wd-buttons wd-pos-r-t\">\n\t\t\t\t\t\t\t\t\t\t\t\t\t\t<\/div>\n\t<\/div>\n\n\t\t<div class=\"product-element-bottom\">\n\t\n\t\n\t<h3 class=\"wd-entities-title\"><a href=\"https:\/\/www.marinigerardi.it\/shop\/prodotto\/tende-da-sala-moderne\/\">LA FRANCESINA &#8211; Tende da Sala Moderne in Lino Delav\u00e8<\/a><\/h3>\n\t\t\t\t\t\t<p class=\"wd-product-stock stock wd-style-default in-stock\">Disponibile<\/p>\n\t\t\n\t\n\t<span class=\"price\">179,00&nbsp;&euro;<\/span>\n\n\t<div class=\"wd-add-btn wd-add-btn-replace\">\n\t\t\n\t\t<a href=\"https:\/\/www.marinigerardi.it\/shop\/prodotto\/tende-da-sala-moderne\/\" class=\"button product_type_simple add-to-cart-loop mg-detail-btn\"><span class=\"wd-action-icon\"><span class=\"wd-check-icon\"><\/span><\/span><span class=\"wd-action-text\">Vedi dettagli<\/span><\/a>\t<\/div>\n\n\t\n\t\n\t\t\t<\/div>\n\t<\/div>\n<\/div>\n<div class=\"wd-product wd-col wd-hover-standard product-grid-item product type-product post-28876 status-publish last instock product_cat-doppie-tende product_cat-tende-da-interni product_cat-tende-in-lino product_cat-tende-interni product_cat-tende-lino product_cat-tende-moderne product_cat-tende-su-misura product_tag-tende product_tag-tende-di-lino product_tag-tende-di-lino-moderne product_tag-tende-in-lino product_tag-tende-moderne product_tag-tende-soggiorno has-post-thumbnail taxable shipping-taxable purchasable product-type-simple\" data-loop=\"21\" data-id=\"28876\">\n\t\n<div class=\"wd-product-wrapper product-wrapper\">\n\t<div class=\"wd-product-thumb product-element-top wd-quick-shop\">\n\t\t<a href=\"https:\/\/www.marinigerardi.it\/shop\/prodotto\/tenda-moderna-in-lino-con-foglie-noa\/\" class=\"wd-product-img-link product-image-link\" tabindex=\"-1\" aria-label=\"La Poesia del Lino che danza con la luce: Tenda Moderna NOA\">\n\t\t\t\t\t<div class=\"wd-product-grid-slider wd-fill\">\n\t\t\t\t\t\t\t<div class=\"wd-product-grid-slide\" data-image-url=\"https:\/\/www.marinigerardi.it\/shop\/wp-content\/uploads\/2021\/11\/tenda-moderna-design-salotto-lino-con-foglie-disegno-a-mano-250x188.jpg\" data-image-srcset=\"https:\/\/www.marinigerardi.it\/shop\/wp-content\/uploads\/2021\/11\/tenda-moderna-design-salotto-lino-con-foglie-disegno-a-mano-250x188.jpg 250w, https:\/\/www.marinigerardi.it\/shop\/wp-content\/uploads\/2021\/11\/tenda-moderna-design-salotto-lino-con-foglie-disegno-a-mano-300x225.jpg 300w, https:\/\/www.marinigerardi.it\/shop\/wp-content\/uploads\/2021\/11\/tenda-moderna-design-salotto-lino-con-foglie-disegno-a-mano-768x576.jpg 768w, https:\/\/www.marinigerardi.it\/shop\/wp-content\/uploads\/2021\/11\/tenda-moderna-design-salotto-lino-con-foglie-disegno-a-mano-600x450.jpg 600w, https:\/\/www.marinigerardi.it\/shop\/wp-content\/uploads\/2021\/11\/tenda-moderna-design-salotto-lino-con-foglie-disegno-a-mano.jpg 1024w\" data-image-id=\"0\"><\/div>\n\t\t\t\t\t\t\t<div class=\"wd-product-grid-slide\" data-image-url=\"https:\/\/www.marinigerardi.it\/shop\/wp-content\/uploads\/2021\/11\/tende-made-in-italy-puro-lino-con-foglie-disegno-artigianale-250x188.jpg\" data-image-srcset=\"https:\/\/www.marinigerardi.it\/shop\/wp-content\/uploads\/2021\/11\/tende-made-in-italy-puro-lino-con-foglie-disegno-artigianale-250x188.jpg 250w, https:\/\/www.marinigerardi.it\/shop\/wp-content\/uploads\/2021\/11\/tende-made-in-italy-puro-lino-con-foglie-disegno-artigianale-600x450.jpg 600w, https:\/\/www.marinigerardi.it\/shop\/wp-content\/uploads\/2021\/11\/tende-made-in-italy-puro-lino-con-foglie-disegno-artigianale-300x225.jpg 300w, https:\/\/www.marinigerardi.it\/shop\/wp-content\/uploads\/2021\/11\/tende-made-in-italy-puro-lino-con-foglie-disegno-artigianale-768x576.jpg 768w, https:\/\/www.marinigerardi.it\/shop\/wp-content\/uploads\/2021\/11\/tende-made-in-italy-puro-lino-con-foglie-disegno-artigianale.jpg 1024w\" data-image-id=\"1\"><\/div>\n\t\t\t\t\t\t\t<div class=\"wd-product-grid-slide\" data-image-url=\"https:\/\/www.marinigerardi.it\/shop\/wp-content\/uploads\/2021\/11\/foglie-disegno-artigianale-su-tenda-moderna-in-lino-colezione-noa-250x188.jpg\" data-image-srcset=\"https:\/\/www.marinigerardi.it\/shop\/wp-content\/uploads\/2021\/11\/foglie-disegno-artigianale-su-tenda-moderna-in-lino-colezione-noa-250x188.jpg 250w, https:\/\/www.marinigerardi.it\/shop\/wp-content\/uploads\/2021\/11\/foglie-disegno-artigianale-su-tenda-moderna-in-lino-colezione-noa-600x450.jpg 600w, https:\/\/www.marinigerardi.it\/shop\/wp-content\/uploads\/2021\/11\/foglie-disegno-artigianale-su-tenda-moderna-in-lino-colezione-noa-300x225.jpg 300w, https:\/\/www.marinigerardi.it\/shop\/wp-content\/uploads\/2021\/11\/foglie-disegno-artigianale-su-tenda-moderna-in-lino-colezione-noa-768x576.jpg 768w, https:\/\/www.marinigerardi.it\/shop\/wp-content\/uploads\/2021\/11\/foglie-disegno-artigianale-su-tenda-moderna-in-lino-colezione-noa.jpg 1024w\" data-image-id=\"2\"><\/div>\n\t\t\t\t\t<\/div>\n\n\t\t\n\t\t\t\t\t\t\t<div class=\"wd-product-grid-slider-pagin\">\n\t\t\t\t\t\t\t<div data-image-id=\"0\" class=\"wd-product-grid-slider-dot\"><\/div>\n\t\t\t\t\t\t\t<div data-image-id=\"1\" class=\"wd-product-grid-slider-dot\"><\/div>\n\t\t\t\t\t\t\t<div data-image-id=\"2\" class=\"wd-product-grid-slider-dot\"><\/div>\n\t\t\t\t\t<\/div>\n\t\t\t\t\t\t<img decoding=\"async\" width=\"250\" height=\"188\" src=\"https:\/\/www.marinigerardi.it\/shop\/wp-content\/uploads\/2021\/11\/tenda-moderna-design-salotto-lino-con-foglie-disegno-a-mano-250x188.jpg.avif\" class=\"attachment-woocommerce_thumbnail size-woocommerce_thumbnail\" alt=\"Tenda moderna design salotto lino con foglie disegno a mano\" srcset=\"https:\/\/www.marinigerardi.it\/shop\/wp-content\/uploads\/2021\/11\/tenda-moderna-design-salotto-lino-con-foglie-disegno-a-mano-250x188.jpg.avif 250w, https:\/\/www.marinigerardi.it\/shop\/wp-content\/uploads\/2021\/11\/tenda-moderna-design-salotto-lino-con-foglie-disegno-a-mano-300x225.jpg.avif 300w, https:\/\/www.marinigerardi.it\/shop\/wp-content\/uploads\/2021\/11\/tenda-moderna-design-salotto-lino-con-foglie-disegno-a-mano-768x576.jpg.avif 768w, https:\/\/www.marinigerardi.it\/shop\/wp-content\/uploads\/2021\/11\/tenda-moderna-design-salotto-lino-con-foglie-disegno-a-mano-600x450.jpg.avif 600w, https:\/\/www.marinigerardi.it\/shop\/wp-content\/uploads\/2021\/11\/tenda-moderna-design-salotto-lino-con-foglie-disegno-a-mano.jpg.avif 1024w\" sizes=\"(max-width: 250px) 100vw, 250px\" \/>\t\t<\/a>\n\n\t\t\t\t\t<div class=\"product-labels labels-rectangular\">\n\t\t\t\t<span class=\"new product-label wd-shape-rect-sm\">Nuovo<\/span>\t\t\t<\/div>\n\t\t\t\n\t\t<div class=\"wd-buttons wd-pos-r-t\">\n\t\t\t\t\t\t\t\t\t\t\t\t\t\t<\/div>\n\t<\/div>\n\n\t\t<div class=\"product-element-bottom\">\n\t\n\t\n\t<h3 class=\"wd-entities-title\"><a href=\"https:\/\/www.marinigerardi.it\/shop\/prodotto\/tenda-moderna-in-lino-con-foglie-noa\/\">La Poesia del Lino che danza con la luce: Tenda Moderna NOA<\/a><\/h3>\n\t\t\t\t\t\t<p class=\"wd-product-stock stock wd-style-default in-stock\">Disponibile<\/p>\n\t\t\n\t\n\t<span class=\"price\">198,00&nbsp;&euro;<\/span>\n\n\t<div class=\"wd-add-btn wd-add-btn-replace\">\n\t\t\n\t\t<a href=\"https:\/\/www.marinigerardi.it\/shop\/prodotto\/tenda-moderna-in-lino-con-foglie-noa\/\" class=\"button product_type_simple add-to-cart-loop mg-detail-btn\"><span class=\"wd-action-icon\"><span class=\"wd-check-icon\"><\/span><\/span><span class=\"wd-action-text\">Vedi dettagli<\/span><\/a>\t<\/div>\n\n\t\n\t\n\t\t\t<\/div>\n\t<\/div>\n<\/div>\n<div class=\"wd-product wd-col wd-hover-standard product-grid-item product type-product post-35674 status-publish first instock product_cat-tende-in-lino has-post-thumbnail taxable shipping-taxable purchasable product-type-simple\" data-loop=\"22\" data-id=\"35674\">\n\t\n<div class=\"wd-product-wrapper product-wrapper\">\n\t<div class=\"wd-product-thumb product-element-top wd-quick-shop\">\n\t\t<a href=\"https:\/\/www.marinigerardi.it\/shop\/prodotto\/pegaso-tenda-elegante-salone-classico-moderno\/\" class=\"wd-product-img-link product-image-link\" tabindex=\"-1\" aria-label=\"PEGASO &#8211; Tenda Elegante Salone Classico o Moderno\">\n\t\t\t\t\t<div class=\"wd-product-grid-slider wd-fill\">\n\t\t\t\t\t\t\t<div class=\"wd-product-grid-slide\" data-image-url=\"https:\/\/www.marinigerardi.it\/shop\/wp-content\/uploads\/2022\/03\/tenda-salone-classico-moderno-in-lino-design-eclettico-250x188.jpg\" data-image-srcset=\"https:\/\/www.marinigerardi.it\/shop\/wp-content\/uploads\/2022\/03\/tenda-salone-classico-moderno-in-lino-design-eclettico-250x188.jpg 250w, https:\/\/www.marinigerardi.it\/shop\/wp-content\/uploads\/2022\/03\/tenda-salone-classico-moderno-in-lino-design-eclettico-600x450.jpg 600w, https:\/\/www.marinigerardi.it\/shop\/wp-content\/uploads\/2022\/03\/tenda-salone-classico-moderno-in-lino-design-eclettico-300x225.jpg 300w, https:\/\/www.marinigerardi.it\/shop\/wp-content\/uploads\/2022\/03\/tenda-salone-classico-moderno-in-lino-design-eclettico-768x576.jpg 768w, https:\/\/www.marinigerardi.it\/shop\/wp-content\/uploads\/2022\/03\/tenda-salone-classico-moderno-in-lino-design-eclettico.jpg 1024w\" data-image-id=\"0\"><\/div>\n\t\t\t\t\t\t\t<div class=\"wd-product-grid-slide\" data-image-url=\"https:\/\/www.marinigerardi.it\/shop\/wp-content\/uploads\/2022\/03\/tenda-lino-design-eclettico-luce-in-soggiorno-bianco-mattone-250x188.jpg\" data-image-srcset=\"https:\/\/www.marinigerardi.it\/shop\/wp-content\/uploads\/2022\/03\/tenda-lino-design-eclettico-luce-in-soggiorno-bianco-mattone-250x188.jpg 250w, https:\/\/www.marinigerardi.it\/shop\/wp-content\/uploads\/2022\/03\/tenda-lino-design-eclettico-luce-in-soggiorno-bianco-mattone-600x450.jpg 600w, https:\/\/www.marinigerardi.it\/shop\/wp-content\/uploads\/2022\/03\/tenda-lino-design-eclettico-luce-in-soggiorno-bianco-mattone-300x225.jpg 300w, https:\/\/www.marinigerardi.it\/shop\/wp-content\/uploads\/2022\/03\/tenda-lino-design-eclettico-luce-in-soggiorno-bianco-mattone-768x576.jpg 768w, https:\/\/www.marinigerardi.it\/shop\/wp-content\/uploads\/2022\/03\/tenda-lino-design-eclettico-luce-in-soggiorno-bianco-mattone.jpg 1024w\" data-image-id=\"1\"><\/div>\n\t\t\t\t\t\t\t<div class=\"wd-product-grid-slide\" data-image-url=\"https:\/\/www.marinigerardi.it\/shop\/wp-content\/uploads\/2022\/03\/pegaso-tenda-eclettica-in.lino-luce-in-soggiorno-bianco-mattone-250x188.jpg\" data-image-srcset=\"https:\/\/www.marinigerardi.it\/shop\/wp-content\/uploads\/2022\/03\/pegaso-tenda-eclettica-in.lino-luce-in-soggiorno-bianco-mattone-250x188.jpg 250w, https:\/\/www.marinigerardi.it\/shop\/wp-content\/uploads\/2022\/03\/pegaso-tenda-eclettica-in.lino-luce-in-soggiorno-bianco-mattone-600x450.jpg 600w, https:\/\/www.marinigerardi.it\/shop\/wp-content\/uploads\/2022\/03\/pegaso-tenda-eclettica-in.lino-luce-in-soggiorno-bianco-mattone-300x225.jpg 300w, https:\/\/www.marinigerardi.it\/shop\/wp-content\/uploads\/2022\/03\/pegaso-tenda-eclettica-in.lino-luce-in-soggiorno-bianco-mattone-768x576.jpg 768w, https:\/\/www.marinigerardi.it\/shop\/wp-content\/uploads\/2022\/03\/pegaso-tenda-eclettica-in.lino-luce-in-soggiorno-bianco-mattone.jpg 1024w\" data-image-id=\"2\"><\/div>\n\t\t\t\t\t<\/div>\n\n\t\t\n\t\t\t\t\t\t\t<div class=\"wd-product-grid-slider-pagin\">\n\t\t\t\t\t\t\t<div data-image-id=\"0\" class=\"wd-product-grid-slider-dot\"><\/div>\n\t\t\t\t\t\t\t<div data-image-id=\"1\" class=\"wd-product-grid-slider-dot\"><\/div>\n\t\t\t\t\t\t\t<div data-image-id=\"2\" class=\"wd-product-grid-slider-dot\"><\/div>\n\t\t\t\t\t<\/div>\n\t\t\t\t\t\t<img decoding=\"async\" width=\"250\" height=\"188\" src=\"https:\/\/www.marinigerardi.it\/shop\/wp-content\/uploads\/2022\/03\/tenda-salone-classico-moderno-in-lino-design-eclettico-250x188.jpg\" class=\"attachment-woocommerce_thumbnail size-woocommerce_thumbnail\" alt=\"PEGASO - Tenda Elegante Salone Classico o Moderno\" srcset=\"https:\/\/www.marinigerardi.it\/shop\/wp-content\/uploads\/2022\/03\/tenda-salone-classico-moderno-in-lino-design-eclettico-250x188.jpg 250w, https:\/\/www.marinigerardi.it\/shop\/wp-content\/uploads\/2022\/03\/tenda-salone-classico-moderno-in-lino-design-eclettico-600x450.jpg 600w, https:\/\/www.marinigerardi.it\/shop\/wp-content\/uploads\/2022\/03\/tenda-salone-classico-moderno-in-lino-design-eclettico-300x225.jpg.avif 300w, https:\/\/www.marinigerardi.it\/shop\/wp-content\/uploads\/2022\/03\/tenda-salone-classico-moderno-in-lino-design-eclettico-768x576.jpg.avif 768w, https:\/\/www.marinigerardi.it\/shop\/wp-content\/uploads\/2022\/03\/tenda-salone-classico-moderno-in-lino-design-eclettico.jpg.webp 1024w\" sizes=\"(max-width: 250px) 100vw, 250px\" \/>\t\t<\/a>\n\n\t\t\n\t\t<div class=\"wd-buttons wd-pos-r-t\">\n\t\t\t\t\t\t\t\t\t\t\t\t\t\t<\/div>\n\t<\/div>\n\n\t\t<div class=\"product-element-bottom\">\n\t\n\t\n\t<h3 class=\"wd-entities-title\"><a href=\"https:\/\/www.marinigerardi.it\/shop\/prodotto\/pegaso-tenda-elegante-salone-classico-moderno\/\">PEGASO &#8211; Tenda Elegante Salone Classico o Moderno<\/a><\/h3>\n\t\t\t\t\t\t<p class=\"wd-product-stock stock wd-style-default in-stock\">Disponibile<\/p>\n\t\t\n\t\n\t<span class=\"price\">321,00&nbsp;&euro;<\/span>\n\n\t<div class=\"wd-add-btn wd-add-btn-replace\">\n\t\t\n\t\t<a href=\"https:\/\/www.marinigerardi.it\/shop\/prodotto\/pegaso-tenda-elegante-salone-classico-moderno\/\" class=\"button product_type_simple add-to-cart-loop mg-detail-btn\"><span class=\"wd-action-icon\"><span class=\"wd-check-icon\"><\/span><\/span><span class=\"wd-action-text\">Vedi dettagli<\/span><\/a>\t<\/div>\n\n\t\n\t\n\t\t\t<\/div>\n\t<\/div>\n<\/div>\n<div class=\"wd-product wd-col wd-hover-standard product-grid-item product type-product post-29299 status-publish last instock product_cat-tende-shabby-chic product_cat-tende-in-lino has-post-thumbnail taxable shipping-taxable purchasable product-type-simple\" data-loop=\"23\" data-id=\"29299\">\n\t\n<div class=\"wd-product-wrapper product-wrapper\">\n\t<div class=\"wd-product-thumb product-element-top wd-quick-shop\">\n\t\t<a href=\"https:\/\/www.marinigerardi.it\/shop\/prodotto\/sapore-dautunno-tende-a-pannello-moderne\/\" class=\"wd-product-img-link product-image-link\" tabindex=\"-1\" aria-label=\"SAPORE D&#8217;AUTUNNO Tende a pannello moderne\">\n\t\t\t\t\t<div class=\"wd-product-grid-slider wd-fill\">\n\t\t\t\t\t\t\t<div class=\"wd-product-grid-slide\" data-image-url=\"https:\/\/www.marinigerardi.it\/shop\/wp-content\/uploads\/2021\/03\/tende-a-pannello-moderne-design-esclusivo-sapore-autunno-salmone-250x188.jpg\" data-image-srcset=\"https:\/\/www.marinigerardi.it\/shop\/wp-content\/uploads\/2021\/03\/tende-a-pannello-moderne-design-esclusivo-sapore-autunno-salmone-250x188.jpg 250w, https:\/\/www.marinigerardi.it\/shop\/wp-content\/uploads\/2021\/03\/tende-a-pannello-moderne-design-esclusivo-sapore-autunno-salmone-600x450.jpg 600w, https:\/\/www.marinigerardi.it\/shop\/wp-content\/uploads\/2021\/03\/tende-a-pannello-moderne-design-esclusivo-sapore-autunno-salmone-300x225.jpg 300w, https:\/\/www.marinigerardi.it\/shop\/wp-content\/uploads\/2021\/03\/tende-a-pannello-moderne-design-esclusivo-sapore-autunno-salmone-768x576.jpg 768w, https:\/\/www.marinigerardi.it\/shop\/wp-content\/uploads\/2021\/03\/tende-a-pannello-moderne-design-esclusivo-sapore-autunno-salmone.jpg 1024w\" data-image-id=\"0\"><\/div>\n\t\t\t\t\t\t\t<div class=\"wd-product-grid-slide\" data-image-url=\"https:\/\/www.marinigerardi.it\/shop\/wp-content\/uploads\/2021\/03\/tende-a-pannello-design-moderno-foglie-autunno-salmone-250x188.jpg\" data-image-srcset=\"https:\/\/www.marinigerardi.it\/shop\/wp-content\/uploads\/2021\/03\/tende-a-pannello-design-moderno-foglie-autunno-salmone-250x188.jpg 250w, https:\/\/www.marinigerardi.it\/shop\/wp-content\/uploads\/2021\/03\/tende-a-pannello-design-moderno-foglie-autunno-salmone-600x450.jpg 600w, https:\/\/www.marinigerardi.it\/shop\/wp-content\/uploads\/2021\/03\/tende-a-pannello-design-moderno-foglie-autunno-salmone-300x225.jpg 300w, https:\/\/www.marinigerardi.it\/shop\/wp-content\/uploads\/2021\/03\/tende-a-pannello-design-moderno-foglie-autunno-salmone-768x576.jpg 768w, https:\/\/www.marinigerardi.it\/shop\/wp-content\/uploads\/2021\/03\/tende-a-pannello-design-moderno-foglie-autunno-salmone.jpg 1024w\" data-image-id=\"1\"><\/div>\n\t\t\t\t\t\t\t<div class=\"wd-product-grid-slide\" data-image-url=\"https:\/\/www.marinigerardi.it\/shop\/wp-content\/uploads\/2021\/03\/tende-a-pannello-design-foglie-autunno-salmone-250x188.jpg\" data-image-srcset=\"https:\/\/www.marinigerardi.it\/shop\/wp-content\/uploads\/2021\/03\/tende-a-pannello-design-foglie-autunno-salmone-250x188.jpg 250w, https:\/\/www.marinigerardi.it\/shop\/wp-content\/uploads\/2021\/03\/tende-a-pannello-design-foglie-autunno-salmone-600x450.jpg 600w, https:\/\/www.marinigerardi.it\/shop\/wp-content\/uploads\/2021\/03\/tende-a-pannello-design-foglie-autunno-salmone-300x225.jpg 300w, https:\/\/www.marinigerardi.it\/shop\/wp-content\/uploads\/2021\/03\/tende-a-pannello-design-foglie-autunno-salmone-768x576.jpg 768w, https:\/\/www.marinigerardi.it\/shop\/wp-content\/uploads\/2021\/03\/tende-a-pannello-design-foglie-autunno-salmone.jpg 1024w\" data-image-id=\"2\"><\/div>\n\t\t\t\t\t<\/div>\n\n\t\t\n\t\t\t\t\t\t\t<div class=\"wd-product-grid-slider-pagin\">\n\t\t\t\t\t\t\t<div data-image-id=\"0\" class=\"wd-product-grid-slider-dot\"><\/div>\n\t\t\t\t\t\t\t<div data-image-id=\"1\" class=\"wd-product-grid-slider-dot\"><\/div>\n\t\t\t\t\t\t\t<div data-image-id=\"2\" class=\"wd-product-grid-slider-dot\"><\/div>\n\t\t\t\t\t<\/div>\n\t\t\t\t\t\t<img decoding=\"async\" width=\"250\" height=\"188\" src=\"https:\/\/www.marinigerardi.it\/shop\/wp-content\/uploads\/2021\/03\/tende-a-pannello-moderne-design-esclusivo-sapore-autunno-salmone-250x188.jpg\" class=\"attachment-woocommerce_thumbnail size-woocommerce_thumbnail\" alt=\"Tende A Pannello Moderne Design Esclusivo Sapore Autunno Salmone\" srcset=\"https:\/\/www.marinigerardi.it\/shop\/wp-content\/uploads\/2021\/03\/tende-a-pannello-moderne-design-esclusivo-sapore-autunno-salmone-250x188.jpg 250w, https:\/\/www.marinigerardi.it\/shop\/wp-content\/uploads\/2021\/03\/tende-a-pannello-moderne-design-esclusivo-sapore-autunno-salmone-600x450.jpg 600w, https:\/\/www.marinigerardi.it\/shop\/wp-content\/uploads\/2021\/03\/tende-a-pannello-moderne-design-esclusivo-sapore-autunno-salmone-300x225.jpg.avif 300w, https:\/\/www.marinigerardi.it\/shop\/wp-content\/uploads\/2021\/03\/tende-a-pannello-moderne-design-esclusivo-sapore-autunno-salmone-768x576.jpg.avif 768w, https:\/\/www.marinigerardi.it\/shop\/wp-content\/uploads\/2021\/03\/tende-a-pannello-moderne-design-esclusivo-sapore-autunno-salmone.jpg.webp 1024w\" sizes=\"(max-width: 250px) 100vw, 250px\" \/>\t\t<\/a>\n\n\t\t\n\t\t<div class=\"wd-buttons wd-pos-r-t\">\n\t\t\t\t\t\t\t\t\t\t\t\t\t\t<\/div>\n\t<\/div>\n\n\t\t<div class=\"product-element-bottom\">\n\t\n\t\n\t<h3 class=\"wd-entities-title\"><a href=\"https:\/\/www.marinigerardi.it\/shop\/prodotto\/sapore-dautunno-tende-a-pannello-moderne\/\">SAPORE D&#8217;AUTUNNO Tende a pannello moderne<\/a><\/h3>\n\t\t\t\t\t\t<p class=\"wd-product-stock stock wd-style-default in-stock\">Disponibile<\/p>\n\t\t\n\t\n\t<span class=\"price\">155,00&nbsp;&euro;<\/span>\n\n\t<div class=\"wd-add-btn wd-add-btn-replace\">\n\t\t\n\t\t<a href=\"https:\/\/www.marinigerardi.it\/shop\/prodotto\/sapore-dautunno-tende-a-pannello-moderne\/\" class=\"button product_type_simple add-to-cart-loop mg-detail-btn\"><span class=\"wd-action-icon\"><span class=\"wd-check-icon\"><\/span><\/span><span class=\"wd-action-text\">Vedi dettagli<\/span><\/a>\t<\/div>\n\n\t\n\t\n\t\t\t<\/div>\n\t<\/div>\n<\/div>\n<div class=\"wd-product wd-col wd-hover-standard product-grid-item product type-product post-34781 status-publish first instock product_cat-tende product_cat-tende-da-interni product_cat-tende-in-lino product_cat-tende-lino product_cat-tende-su-misura product_tag-tende-di-lino product_tag-tende-in-lino product_tag-tende-salotto-in-lino has-post-thumbnail taxable shipping-taxable purchasable product-type-simple\" data-loop=\"24\" data-id=\"34781\">\n\t\n<div class=\"wd-product-wrapper product-wrapper\">\n\t<div class=\"wd-product-thumb product-element-top wd-quick-shop\">\n\t\t<a href=\"https:\/\/www.marinigerardi.it\/shop\/prodotto\/elettra-tende-salotto-in-lino\/\" class=\"wd-product-img-link product-image-link\" tabindex=\"-1\" aria-label=\"ELETTRA &#8211; Tende Salotto in Lino\">\n\t\t\t\t\t<div class=\"wd-product-grid-slider wd-fill\">\n\t\t\t\t\t\t\t<div class=\"wd-product-grid-slide\" data-image-url=\"https:\/\/www.marinigerardi.it\/shop\/wp-content\/uploads\/2022\/02\/tenda-per-interni-camera-da-letto-in-lino-elettra-250x188.jpg\" data-image-srcset=\"https:\/\/www.marinigerardi.it\/shop\/wp-content\/uploads\/2022\/02\/tenda-per-interni-camera-da-letto-in-lino-elettra-250x188.jpg 250w, https:\/\/www.marinigerardi.it\/shop\/wp-content\/uploads\/2022\/02\/tenda-per-interni-camera-da-letto-in-lino-elettra-600x450.jpg 600w, https:\/\/www.marinigerardi.it\/shop\/wp-content\/uploads\/2022\/02\/tenda-per-interni-camera-da-letto-in-lino-elettra-300x225.jpg 300w, https:\/\/www.marinigerardi.it\/shop\/wp-content\/uploads\/2022\/02\/tenda-per-interni-camera-da-letto-in-lino-elettra-768x576.jpg 768w, https:\/\/www.marinigerardi.it\/shop\/wp-content\/uploads\/2022\/02\/tenda-per-interni-camera-da-letto-in-lino-elettra.jpg 1024w\" data-image-id=\"0\"><\/div>\n\t\t\t\t\t\t\t<div class=\"wd-product-grid-slide\" data-image-url=\"https:\/\/www.marinigerardi.it\/shop\/wp-content\/uploads\/2022\/02\/tenda-moderna-per-interni-soggiorno-in-lino-elettra-250x188.jpg\" data-image-srcset=\"https:\/\/www.marinigerardi.it\/shop\/wp-content\/uploads\/2022\/02\/tenda-moderna-per-interni-soggiorno-in-lino-elettra-250x188.jpg 250w, https:\/\/www.marinigerardi.it\/shop\/wp-content\/uploads\/2022\/02\/tenda-moderna-per-interni-soggiorno-in-lino-elettra-600x450.jpg 600w, https:\/\/www.marinigerardi.it\/shop\/wp-content\/uploads\/2022\/02\/tenda-moderna-per-interni-soggiorno-in-lino-elettra-300x225.jpg 300w, https:\/\/www.marinigerardi.it\/shop\/wp-content\/uploads\/2022\/02\/tenda-moderna-per-interni-soggiorno-in-lino-elettra-768x576.jpg 768w, https:\/\/www.marinigerardi.it\/shop\/wp-content\/uploads\/2022\/02\/tenda-moderna-per-interni-soggiorno-in-lino-elettra.jpg 1024w\" data-image-id=\"1\"><\/div>\n\t\t\t\t\t\t\t<div class=\"wd-product-grid-slide\" data-image-url=\"https:\/\/www.marinigerardi.it\/shop\/wp-content\/uploads\/2022\/02\/tenda-per-interni-asole-in-corda-elettra-250x188.jpg\" data-image-srcset=\"https:\/\/www.marinigerardi.it\/shop\/wp-content\/uploads\/2022\/02\/tenda-per-interni-asole-in-corda-elettra-250x188.jpg 250w, https:\/\/www.marinigerardi.it\/shop\/wp-content\/uploads\/2022\/02\/tenda-per-interni-asole-in-corda-elettra-600x450.jpg 600w, https:\/\/www.marinigerardi.it\/shop\/wp-content\/uploads\/2022\/02\/tenda-per-interni-asole-in-corda-elettra-300x225.jpg 300w, https:\/\/www.marinigerardi.it\/shop\/wp-content\/uploads\/2022\/02\/tenda-per-interni-asole-in-corda-elettra-768x576.jpg 768w, https:\/\/www.marinigerardi.it\/shop\/wp-content\/uploads\/2022\/02\/tenda-per-interni-asole-in-corda-elettra.jpg 1024w\" data-image-id=\"2\"><\/div>\n\t\t\t\t\t<\/div>\n\n\t\t\n\t\t\t\t\t\t\t<div class=\"wd-product-grid-slider-pagin\">\n\t\t\t\t\t\t\t<div data-image-id=\"0\" class=\"wd-product-grid-slider-dot\"><\/div>\n\t\t\t\t\t\t\t<div data-image-id=\"1\" class=\"wd-product-grid-slider-dot\"><\/div>\n\t\t\t\t\t\t\t<div data-image-id=\"2\" class=\"wd-product-grid-slider-dot\"><\/div>\n\t\t\t\t\t<\/div>\n\t\t\t\t\t\t<img decoding=\"async\" width=\"250\" height=\"188\" src=\"https:\/\/www.marinigerardi.it\/shop\/wp-content\/uploads\/2022\/02\/tenda-per-interni-camera-da-letto-in-lino-elettra-250x188.jpg\" class=\"attachment-woocommerce_thumbnail size-woocommerce_thumbnail\" alt=\"ELETTRA - Tende Salotto in Lino\" srcset=\"https:\/\/www.marinigerardi.it\/shop\/wp-content\/uploads\/2022\/02\/tenda-per-interni-camera-da-letto-in-lino-elettra-250x188.jpg 250w, https:\/\/www.marinigerardi.it\/shop\/wp-content\/uploads\/2022\/02\/tenda-per-interni-camera-da-letto-in-lino-elettra-600x450.jpg 600w, https:\/\/www.marinigerardi.it\/shop\/wp-content\/uploads\/2022\/02\/tenda-per-interni-camera-da-letto-in-lino-elettra-300x225.jpg.avif 300w, https:\/\/www.marinigerardi.it\/shop\/wp-content\/uploads\/2022\/02\/tenda-per-interni-camera-da-letto-in-lino-elettra-768x576.jpg.avif 768w, https:\/\/www.marinigerardi.it\/shop\/wp-content\/uploads\/2022\/02\/tenda-per-interni-camera-da-letto-in-lino-elettra.jpg.webp 1024w\" sizes=\"(max-width: 250px) 100vw, 250px\" \/>\t\t<\/a>\n\n\t\t\n\t\t<div class=\"wd-buttons wd-pos-r-t\">\n\t\t\t\t\t\t\t\t\t\t\t\t\t\t<\/div>\n\t<\/div>\n\n\t\t<div class=\"product-element-bottom\">\n\t\n\t\n\t<h3 class=\"wd-entities-title\"><a href=\"https:\/\/www.marinigerardi.it\/shop\/prodotto\/elettra-tende-salotto-in-lino\/\">ELETTRA &#8211; Tende Salotto in Lino<\/a><\/h3>\n\t\t\t\t\t\t<p class=\"wd-product-stock stock wd-style-default in-stock\">Disponibile<\/p>\n\t\t\n\t\n\t<span class=\"price\">294,00&nbsp;&euro;<\/span>\n\n\t<div class=\"wd-add-btn wd-add-btn-replace\">\n\t\t\n\t\t<a href=\"https:\/\/www.marinigerardi.it\/shop\/prodotto\/elettra-tende-salotto-in-lino\/\" class=\"button product_type_simple add-to-cart-loop mg-detail-btn\"><span class=\"wd-action-icon\"><span class=\"wd-check-icon\"><\/span><\/span><span class=\"wd-action-text\">Vedi dettagli<\/span><\/a>\t<\/div>\n\n\t\n\t\n\t\t\t<\/div>\n\t<\/div>\n<\/div>\n<div class=\"wd-product wd-col wd-hover-standard product-grid-item product type-product post-36806 status-publish last instock product_cat-tende-in-lino has-post-thumbnail taxable shipping-taxable purchasable product-type-simple\" data-loop=\"25\" data-id=\"36806\">\n\t\n<div class=\"wd-product-wrapper product-wrapper\">\n\t<div class=\"wd-product-thumb product-element-top wd-quick-shop\">\n\t\t<a href=\"https:\/\/www.marinigerardi.it\/shop\/prodotto\/tende-interne-moderne-soggiorno-in-lino-canapone\/\" class=\"wd-product-img-link product-image-link\" tabindex=\"-1\" aria-label=\"ORZO &#8211; Tende Interne Moderne Soggiorno in Lino Canapone\">\n\t\t\t\t\t<div class=\"wd-product-grid-slider wd-fill\">\n\t\t\t\t\t\t\t<div class=\"wd-product-grid-slide\" data-image-url=\"https:\/\/www.marinigerardi.it\/shop\/wp-content\/uploads\/2022\/05\/tende-interne-moderne-in-lino-canapone-giunco-250x188.jpg\" data-image-srcset=\"https:\/\/www.marinigerardi.it\/shop\/wp-content\/uploads\/2022\/05\/tende-interne-moderne-in-lino-canapone-giunco-250x188.jpg 250w, https:\/\/www.marinigerardi.it\/shop\/wp-content\/uploads\/2022\/05\/tende-interne-moderne-in-lino-canapone-giunco-600x450.jpg 600w, https:\/\/www.marinigerardi.it\/shop\/wp-content\/uploads\/2022\/05\/tende-interne-moderne-in-lino-canapone-giunco-300x225.jpg 300w, https:\/\/www.marinigerardi.it\/shop\/wp-content\/uploads\/2022\/05\/tende-interne-moderne-in-lino-canapone-giunco-768x576.jpg 768w, https:\/\/www.marinigerardi.it\/shop\/wp-content\/uploads\/2022\/05\/tende-interne-moderne-in-lino-canapone-giunco.jpg 1024w\" data-image-id=\"0\"><\/div>\n\t\t\t\t\t\t\t<div class=\"wd-product-grid-slide\" data-image-url=\"https:\/\/www.marinigerardi.it\/shop\/wp-content\/uploads\/2022\/05\/tende-per-casa-moderna-in-lino-canapone-con-ambrasse-250x188.jpg\" data-image-srcset=\"https:\/\/www.marinigerardi.it\/shop\/wp-content\/uploads\/2022\/05\/tende-per-casa-moderna-in-lino-canapone-con-ambrasse-250x188.jpg 250w, https:\/\/www.marinigerardi.it\/shop\/wp-content\/uploads\/2022\/05\/tende-per-casa-moderna-in-lino-canapone-con-ambrasse-600x450.jpg 600w, https:\/\/www.marinigerardi.it\/shop\/wp-content\/uploads\/2022\/05\/tende-per-casa-moderna-in-lino-canapone-con-ambrasse-300x225.jpg 300w, https:\/\/www.marinigerardi.it\/shop\/wp-content\/uploads\/2022\/05\/tende-per-casa-moderna-in-lino-canapone-con-ambrasse-768x576.jpg 768w, https:\/\/www.marinigerardi.it\/shop\/wp-content\/uploads\/2022\/05\/tende-per-casa-moderna-in-lino-canapone-con-ambrasse.jpg 1024w\" data-image-id=\"1\"><\/div>\n\t\t\t\t\t\t\t<div class=\"wd-product-grid-slide\" data-image-url=\"https:\/\/www.marinigerardi.it\/shop\/wp-content\/uploads\/2022\/05\/tende-per-casa-moderna-in-lino-canapone-giunco-250x188.jpg\" data-image-srcset=\"https:\/\/www.marinigerardi.it\/shop\/wp-content\/uploads\/2022\/05\/tende-per-casa-moderna-in-lino-canapone-giunco-250x188.jpg 250w, https:\/\/www.marinigerardi.it\/shop\/wp-content\/uploads\/2022\/05\/tende-per-casa-moderna-in-lino-canapone-giunco-600x450.jpg 600w, https:\/\/www.marinigerardi.it\/shop\/wp-content\/uploads\/2022\/05\/tende-per-casa-moderna-in-lino-canapone-giunco-300x225.jpg 300w, https:\/\/www.marinigerardi.it\/shop\/wp-content\/uploads\/2022\/05\/tende-per-casa-moderna-in-lino-canapone-giunco-768x576.jpg 768w, https:\/\/www.marinigerardi.it\/shop\/wp-content\/uploads\/2022\/05\/tende-per-casa-moderna-in-lino-canapone-giunco.jpg 1024w\" data-image-id=\"2\"><\/div>\n\t\t\t\t\t<\/div>\n\n\t\t\n\t\t\t\t\t\t\t<div class=\"wd-product-grid-slider-pagin\">\n\t\t\t\t\t\t\t<div data-image-id=\"0\" class=\"wd-product-grid-slider-dot\"><\/div>\n\t\t\t\t\t\t\t<div data-image-id=\"1\" class=\"wd-product-grid-slider-dot\"><\/div>\n\t\t\t\t\t\t\t<div data-image-id=\"2\" class=\"wd-product-grid-slider-dot\"><\/div>\n\t\t\t\t\t<\/div>\n\t\t\t\t\t\t<img decoding=\"async\" width=\"250\" height=\"188\" src=\"https:\/\/www.marinigerardi.it\/shop\/wp-content\/uploads\/2022\/05\/tende-interne-moderne-in-lino-canapone-giunco-250x188.jpg\" class=\"attachment-woocommerce_thumbnail size-woocommerce_thumbnail\" alt=\"Tende Interne Moderne Soggiorno in Lino Canapone giunco\" srcset=\"https:\/\/www.marinigerardi.it\/shop\/wp-content\/uploads\/2022\/05\/tende-interne-moderne-in-lino-canapone-giunco-250x188.jpg 250w, https:\/\/www.marinigerardi.it\/shop\/wp-content\/uploads\/2022\/05\/tende-interne-moderne-in-lino-canapone-giunco-600x450.jpg 600w, https:\/\/www.marinigerardi.it\/shop\/wp-content\/uploads\/2022\/05\/tende-interne-moderne-in-lino-canapone-giunco-300x225.jpg.avif 300w, https:\/\/www.marinigerardi.it\/shop\/wp-content\/uploads\/2022\/05\/tende-interne-moderne-in-lino-canapone-giunco-768x576.jpg.avif 768w, https:\/\/www.marinigerardi.it\/shop\/wp-content\/uploads\/2022\/05\/tende-interne-moderne-in-lino-canapone-giunco.jpg.webp 1024w\" sizes=\"(max-width: 250px) 100vw, 250px\" \/>\t\t<\/a>\n\n\t\t\n\t\t<div class=\"wd-buttons wd-pos-r-t\">\n\t\t\t\t\t\t\t\t\t\t\t\t\t\t<\/div>\n\t<\/div>\n\n\t\t<div class=\"product-element-bottom\">\n\t\n\t\n\t<h3 class=\"wd-entities-title\"><a href=\"https:\/\/www.marinigerardi.it\/shop\/prodotto\/tende-interne-moderne-soggiorno-in-lino-canapone\/\">ORZO &#8211; Tende Interne Moderne Soggiorno in Lino Canapone<\/a><\/h3>\n\t\t\t\t\t\t<p class=\"wd-product-stock stock wd-style-default in-stock\">Disponibile<\/p>\n\t\t\n\t\n\t<span class=\"price\">122,00&nbsp;&euro;<\/span>\n\n\t<div class=\"wd-add-btn wd-add-btn-replace\">\n\t\t\n\t\t<a href=\"https:\/\/www.marinigerardi.it\/shop\/prodotto\/tende-interne-moderne-soggiorno-in-lino-canapone\/\" class=\"button product_type_simple add-to-cart-loop mg-detail-btn\"><span class=\"wd-action-icon\"><span class=\"wd-check-icon\"><\/span><\/span><span class=\"wd-action-text\">Vedi dettagli<\/span><\/a>\t<\/div>\n\n\t\n\t\n\t\t\t<\/div>\n\t<\/div>\n<\/div>\n<div class=\"wd-product wd-col wd-hover-standard product-grid-item product type-product post-7775 status-publish first instock product_cat-doppie-tende product_cat-tende-classiche product_cat-tende-da-interni product_cat-tende-in-lino product_cat-tende-lino product_cat-tende-su-misura product_tag-tende product_tag-tende-di-lino product_tag-tende-eclettiche product_tag-tende-in-lino product_tag-tende-in-puro-lino has-post-thumbnail taxable shipping-taxable purchasable product-type-simple\" data-loop=\"26\" data-id=\"7775\">\n\t\n<div class=\"wd-product-wrapper product-wrapper\">\n\t<div class=\"wd-product-thumb product-element-top wd-quick-shop\">\n\t\t<a href=\"https:\/\/www.marinigerardi.it\/shop\/prodotto\/eraclea-tenda-in-lino-ecru-e-seta-a-teli-sovrapposti-staccabili\/\" class=\"wd-product-img-link product-image-link\" tabindex=\"-1\" aria-label=\"ERACLEA &#8211; Tenda in Lino Ecru e Seta a teli sovrapposti\">\n\t\t\t\t\t<div class=\"wd-product-grid-slider wd-fill\">\n\t\t\t\t\t\t\t<div class=\"wd-product-grid-slide\" data-image-url=\"https:\/\/www.marinigerardi.it\/shop\/wp-content\/uploads\/2021\/01\/eraclea-tenda-in-lino-stanza-da-letto-luce-bellezza-250x188.jpg\" data-image-srcset=\"https:\/\/www.marinigerardi.it\/shop\/wp-content\/uploads\/2021\/01\/eraclea-tenda-in-lino-stanza-da-letto-luce-bellezza-250x188.jpg 250w, https:\/\/www.marinigerardi.it\/shop\/wp-content\/uploads\/2021\/01\/eraclea-tenda-in-lino-stanza-da-letto-luce-bellezza-600x450.jpg 600w, https:\/\/www.marinigerardi.it\/shop\/wp-content\/uploads\/2021\/01\/eraclea-tenda-in-lino-stanza-da-letto-luce-bellezza-300x225.jpg 300w, https:\/\/www.marinigerardi.it\/shop\/wp-content\/uploads\/2021\/01\/eraclea-tenda-in-lino-stanza-da-letto-luce-bellezza-768x576.jpg 768w, https:\/\/www.marinigerardi.it\/shop\/wp-content\/uploads\/2021\/01\/eraclea-tenda-in-lino-stanza-da-letto-luce-bellezza.jpg 1024w\" data-image-id=\"0\"><\/div>\n\t\t\t\t\t\t\t<div class=\"wd-product-grid-slide\" data-image-url=\"https:\/\/www.marinigerardi.it\/shop\/wp-content\/uploads\/2021\/01\/Eraclea-tenda-lino-seta-backstage-bambino-balcone-luce-trasparenza-250x188.jpg\" data-image-srcset=\"https:\/\/www.marinigerardi.it\/shop\/wp-content\/uploads\/2021\/01\/Eraclea-tenda-lino-seta-backstage-bambino-balcone-luce-trasparenza-250x188.jpg 250w, https:\/\/www.marinigerardi.it\/shop\/wp-content\/uploads\/2021\/01\/Eraclea-tenda-lino-seta-backstage-bambino-balcone-luce-trasparenza-600x450.jpg 600w, https:\/\/www.marinigerardi.it\/shop\/wp-content\/uploads\/2021\/01\/Eraclea-tenda-lino-seta-backstage-bambino-balcone-luce-trasparenza-300x225.jpg 300w, https:\/\/www.marinigerardi.it\/shop\/wp-content\/uploads\/2021\/01\/Eraclea-tenda-lino-seta-backstage-bambino-balcone-luce-trasparenza-768x576.jpg 768w, https:\/\/www.marinigerardi.it\/shop\/wp-content\/uploads\/2021\/01\/Eraclea-tenda-lino-seta-backstage-bambino-balcone-luce-trasparenza.jpg 1024w\" data-image-id=\"1\"><\/div>\n\t\t\t\t\t\t\t<div class=\"wd-product-grid-slide\" data-image-url=\"https:\/\/www.marinigerardi.it\/shop\/wp-content\/uploads\/2021\/01\/eraclea-tenda-in-lino-doppio-telo-lino-seta-mantovana-asole-250x188.jpg\" data-image-srcset=\"https:\/\/www.marinigerardi.it\/shop\/wp-content\/uploads\/2021\/01\/eraclea-tenda-in-lino-doppio-telo-lino-seta-mantovana-asole-250x188.jpg 250w, https:\/\/www.marinigerardi.it\/shop\/wp-content\/uploads\/2021\/01\/eraclea-tenda-in-lino-doppio-telo-lino-seta-mantovana-asole-600x450.jpg 600w, https:\/\/www.marinigerardi.it\/shop\/wp-content\/uploads\/2021\/01\/eraclea-tenda-in-lino-doppio-telo-lino-seta-mantovana-asole-300x225.jpg 300w, https:\/\/www.marinigerardi.it\/shop\/wp-content\/uploads\/2021\/01\/eraclea-tenda-in-lino-doppio-telo-lino-seta-mantovana-asole-768x576.jpg 768w, https:\/\/www.marinigerardi.it\/shop\/wp-content\/uploads\/2021\/01\/eraclea-tenda-in-lino-doppio-telo-lino-seta-mantovana-asole.jpg 1024w\" data-image-id=\"2\"><\/div>\n\t\t\t\t\t<\/div>\n\n\t\t\n\t\t\t\t\t\t\t<div class=\"wd-product-grid-slider-pagin\">\n\t\t\t\t\t\t\t<div data-image-id=\"0\" class=\"wd-product-grid-slider-dot\"><\/div>\n\t\t\t\t\t\t\t<div data-image-id=\"1\" class=\"wd-product-grid-slider-dot\"><\/div>\n\t\t\t\t\t\t\t<div data-image-id=\"2\" class=\"wd-product-grid-slider-dot\"><\/div>\n\t\t\t\t\t<\/div>\n\t\t\t\t\t\t<img decoding=\"async\" width=\"250\" height=\"188\" src=\"https:\/\/www.marinigerardi.it\/shop\/wp-content\/uploads\/2021\/01\/eraclea-tenda-in-lino-stanza-da-letto-luce-bellezza-250x188.jpg\" class=\"attachment-woocommerce_thumbnail size-woocommerce_thumbnail\" alt=\"ERACLEA - Tenda in Lino Ecru e Seta a teli sovrapposti\" srcset=\"https:\/\/www.marinigerardi.it\/shop\/wp-content\/uploads\/2021\/01\/eraclea-tenda-in-lino-stanza-da-letto-luce-bellezza-250x188.jpg 250w, https:\/\/www.marinigerardi.it\/shop\/wp-content\/uploads\/2021\/01\/eraclea-tenda-in-lino-stanza-da-letto-luce-bellezza-600x450.jpg 600w, https:\/\/www.marinigerardi.it\/shop\/wp-content\/uploads\/2021\/01\/eraclea-tenda-in-lino-stanza-da-letto-luce-bellezza-300x225.jpg.avif 300w, https:\/\/www.marinigerardi.it\/shop\/wp-content\/uploads\/2021\/01\/eraclea-tenda-in-lino-stanza-da-letto-luce-bellezza-768x576.jpg.avif 768w, https:\/\/www.marinigerardi.it\/shop\/wp-content\/uploads\/2021\/01\/eraclea-tenda-in-lino-stanza-da-letto-luce-bellezza.jpg.webp 1024w\" sizes=\"(max-width: 250px) 100vw, 250px\" \/>\t\t<\/a>\n\n\t\t\n\t\t<div class=\"wd-buttons wd-pos-r-t\">\n\t\t\t\t\t\t\t\t\t\t\t\t\t\t<\/div>\n\t<\/div>\n\n\t\t<div class=\"product-element-bottom\">\n\t\n\t\n\t<h3 class=\"wd-entities-title\"><a href=\"https:\/\/www.marinigerardi.it\/shop\/prodotto\/eraclea-tenda-in-lino-ecru-e-seta-a-teli-sovrapposti-staccabili\/\">ERACLEA &#8211; Tenda in Lino Ecru e Seta a teli sovrapposti<\/a><\/h3>\n\t\t\t\t\t\t<p class=\"wd-product-stock stock wd-style-default in-stock\">Disponibile<\/p>\n\t\t\n\t\n\t<span class=\"price\">339,00&nbsp;&euro;<\/span>\n\n\t<div class=\"wd-add-btn wd-add-btn-replace\">\n\t\t\n\t\t<a href=\"https:\/\/www.marinigerardi.it\/shop\/prodotto\/eraclea-tenda-in-lino-ecru-e-seta-a-teli-sovrapposti-staccabili\/\" class=\"button product_type_simple add-to-cart-loop mg-detail-btn\"><span class=\"wd-action-icon\"><span class=\"wd-check-icon\"><\/span><\/span><span class=\"wd-action-text\">Vedi dettagli<\/span><\/a>\t<\/div>\n\n\t\n\t\n\t\t\t<\/div>\n\t<\/div>\n<\/div>\n<div class=\"wd-product wd-col wd-hover-standard product-grid-item product type-product post-12884 status-publish last instock product_cat-tende-in-lino has-post-thumbnail taxable shipping-taxable purchasable product-type-simple\" data-loop=\"27\" data-id=\"12884\">\n\t\n<div class=\"wd-product-wrapper product-wrapper\">\n\t<div class=\"wd-product-thumb product-element-top wd-quick-shop\">\n\t\t<a href=\"https:\/\/www.marinigerardi.it\/shop\/prodotto\/neviano-tende-tendaggi-da-interni-eleganti\/\" class=\"wd-product-img-link product-image-link\" tabindex=\"-1\" aria-label=\"NEVIANO &#8211; Tende e Tendaggi da interni in lino\">\n\t\t\t\t\t<div class=\"wd-product-grid-slider wd-fill\">\n\t\t\t\t\t\t\t<div class=\"wd-product-grid-slide\" data-image-url=\"https:\/\/www.marinigerardi.it\/shop\/wp-content\/uploads\/2021\/09\/tenda-in-lino-Neviano-decora-casa-arredo-interni-250x188.jpg\" data-image-srcset=\"https:\/\/www.marinigerardi.it\/shop\/wp-content\/uploads\/2021\/09\/tenda-in-lino-Neviano-decora-casa-arredo-interni-250x188.jpg 250w, https:\/\/www.marinigerardi.it\/shop\/wp-content\/uploads\/2021\/09\/tenda-in-lino-Neviano-decora-casa-arredo-interni-600x450.jpg 600w, https:\/\/www.marinigerardi.it\/shop\/wp-content\/uploads\/2021\/09\/tenda-in-lino-Neviano-decora-casa-arredo-interni-300x225.jpg 300w, https:\/\/www.marinigerardi.it\/shop\/wp-content\/uploads\/2021\/09\/tenda-in-lino-Neviano-decora-casa-arredo-interni-768x576.jpg 768w, https:\/\/www.marinigerardi.it\/shop\/wp-content\/uploads\/2021\/09\/tenda-in-lino-Neviano-decora-casa-arredo-interni.jpg 1024w\" data-image-id=\"0\"><\/div>\n\t\t\t\t\t\t\t<div class=\"wd-product-grid-slide\" data-image-url=\"https:\/\/www.marinigerardi.it\/shop\/wp-content\/uploads\/2021\/09\/tenda-in-lino-composita-casa-interni-arredo-soggiorno-letto-250x188.jpg\" data-image-srcset=\"https:\/\/www.marinigerardi.it\/shop\/wp-content\/uploads\/2021\/09\/tenda-in-lino-composita-casa-interni-arredo-soggiorno-letto-250x188.jpg 250w, https:\/\/www.marinigerardi.it\/shop\/wp-content\/uploads\/2021\/09\/tenda-in-lino-composita-casa-interni-arredo-soggiorno-letto-600x450.jpg 600w, https:\/\/www.marinigerardi.it\/shop\/wp-content\/uploads\/2021\/09\/tenda-in-lino-composita-casa-interni-arredo-soggiorno-letto-300x225.jpg 300w, https:\/\/www.marinigerardi.it\/shop\/wp-content\/uploads\/2021\/09\/tenda-in-lino-composita-casa-interni-arredo-soggiorno-letto-768x576.jpg 768w, https:\/\/www.marinigerardi.it\/shop\/wp-content\/uploads\/2021\/09\/tenda-in-lino-composita-casa-interni-arredo-soggiorno-letto.jpg 1024w\" data-image-id=\"1\"><\/div>\n\t\t\t\t\t\t\t<div class=\"wd-product-grid-slide\" data-image-url=\"https:\/\/www.marinigerardi.it\/shop\/wp-content\/uploads\/2021\/09\/tenda-in-lino-Neviano-tenda-interni-arredo-turchese-250x188.jpg\" data-image-srcset=\"https:\/\/www.marinigerardi.it\/shop\/wp-content\/uploads\/2021\/09\/tenda-in-lino-Neviano-tenda-interni-arredo-turchese-250x188.jpg 250w, https:\/\/www.marinigerardi.it\/shop\/wp-content\/uploads\/2021\/09\/tenda-in-lino-Neviano-tenda-interni-arredo-turchese-600x450.jpg 600w, https:\/\/www.marinigerardi.it\/shop\/wp-content\/uploads\/2021\/09\/tenda-in-lino-Neviano-tenda-interni-arredo-turchese-300x225.jpg 300w, https:\/\/www.marinigerardi.it\/shop\/wp-content\/uploads\/2021\/09\/tenda-in-lino-Neviano-tenda-interni-arredo-turchese-768x576.jpg 768w, https:\/\/www.marinigerardi.it\/shop\/wp-content\/uploads\/2021\/09\/tenda-in-lino-Neviano-tenda-interni-arredo-turchese.jpg 1024w\" data-image-id=\"2\"><\/div>\n\t\t\t\t\t\t\t<div class=\"wd-product-grid-slide\" data-image-url=\"https:\/\/www.marinigerardi.it\/shop\/wp-content\/uploads\/2021\/09\/tenda-in-lino-Neviano-tenda-interni-arredo-250x188.jpg\" data-image-srcset=\"https:\/\/www.marinigerardi.it\/shop\/wp-content\/uploads\/2021\/09\/tenda-in-lino-Neviano-tenda-interni-arredo-250x188.jpg 250w, https:\/\/www.marinigerardi.it\/shop\/wp-content\/uploads\/2021\/09\/tenda-in-lino-Neviano-tenda-interni-arredo-600x450.jpg 600w, https:\/\/www.marinigerardi.it\/shop\/wp-content\/uploads\/2021\/09\/tenda-in-lino-Neviano-tenda-interni-arredo-300x225.jpg 300w, https:\/\/www.marinigerardi.it\/shop\/wp-content\/uploads\/2021\/09\/tenda-in-lino-Neviano-tenda-interni-arredo-768x576.jpg 768w, https:\/\/www.marinigerardi.it\/shop\/wp-content\/uploads\/2021\/09\/tenda-in-lino-Neviano-tenda-interni-arredo.jpg 1024w\" data-image-id=\"3\"><\/div>\n\t\t\t\t\t<\/div>\n\n\t\t\n\t\t\t\t\t\t\t<div class=\"wd-product-grid-slider-pagin\">\n\t\t\t\t\t\t\t<div data-image-id=\"0\" class=\"wd-product-grid-slider-dot\"><\/div>\n\t\t\t\t\t\t\t<div data-image-id=\"1\" class=\"wd-product-grid-slider-dot\"><\/div>\n\t\t\t\t\t\t\t<div data-image-id=\"2\" class=\"wd-product-grid-slider-dot\"><\/div>\n\t\t\t\t\t\t\t<div data-image-id=\"3\" class=\"wd-product-grid-slider-dot\"><\/div>\n\t\t\t\t\t<\/div>\n\t\t\t\t\t\t<img decoding=\"async\" width=\"250\" height=\"188\" src=\"https:\/\/www.marinigerardi.it\/shop\/wp-content\/uploads\/2021\/09\/tenda-in-lino-Neviano-decora-casa-arredo-interni-250x188.jpg\" class=\"attachment-woocommerce_thumbnail size-woocommerce_thumbnail\" alt=\"NEVIANO - Tende da Interno Tendaggi da interni in lino\" srcset=\"https:\/\/www.marinigerardi.it\/shop\/wp-content\/uploads\/2021\/09\/tenda-in-lino-Neviano-decora-casa-arredo-interni-250x188.jpg 250w, https:\/\/www.marinigerardi.it\/shop\/wp-content\/uploads\/2021\/09\/tenda-in-lino-Neviano-decora-casa-arredo-interni-600x450.jpg 600w, https:\/\/www.marinigerardi.it\/shop\/wp-content\/uploads\/2021\/09\/tenda-in-lino-Neviano-decora-casa-arredo-interni-300x225.jpg.avif 300w, https:\/\/www.marinigerardi.it\/shop\/wp-content\/uploads\/2021\/09\/tenda-in-lino-Neviano-decora-casa-arredo-interni-768x576.jpg.avif 768w, https:\/\/www.marinigerardi.it\/shop\/wp-content\/uploads\/2021\/09\/tenda-in-lino-Neviano-decora-casa-arredo-interni.jpg.webp 1024w\" sizes=\"(max-width: 250px) 100vw, 250px\" \/>\t\t<\/a>\n\n\t\t\n\t\t<div class=\"wd-buttons wd-pos-r-t\">\n\t\t\t\t\t\t\t\t\t\t\t\t\t\t<\/div>\n\t<\/div>\n\n\t\t<div class=\"product-element-bottom\">\n\t\n\t\n\t<h3 class=\"wd-entities-title\"><a href=\"https:\/\/www.marinigerardi.it\/shop\/prodotto\/neviano-tende-tendaggi-da-interni-eleganti\/\">NEVIANO &#8211; Tende e Tendaggi da interni in lino<\/a><\/h3>\n\t\t\t\t\t\t<p class=\"wd-product-stock stock wd-style-default in-stock\">Disponibile<\/p>\n\t\t\n\t\n\t<span class=\"price\">269,00&nbsp;&euro;<\/span>\n\n\t<div class=\"wd-add-btn wd-add-btn-replace\">\n\t\t\n\t\t<a href=\"https:\/\/www.marinigerardi.it\/shop\/prodotto\/neviano-tende-tendaggi-da-interni-eleganti\/\" class=\"button product_type_simple add-to-cart-loop mg-detail-btn\"><span class=\"wd-action-icon\"><span class=\"wd-check-icon\"><\/span><\/span><span class=\"wd-action-text\">Vedi dettagli<\/span><\/a>\t<\/div>\n\n\t\n\t\n\t\t\t<\/div>\n\t<\/div>\n<\/div>\n<\/div>\n<\/div><\/div>[vc_empty_space woodmart_hide_large=&#8221;0&#8243; woodmart_hide_medium=&#8221;0&#8243; woodmart_hide_small=&#8221;0&#8243;]\n\t\t<div id=\"wd-68f0e2ffe6577\" class=\"title-wrapper wd-wpb wd-set-mb reset-last-child  wd-rs-68f0e2ffe6577 wd-title-color-default wd-title-style-simple text-center  wd-underline-colored\">\n\t\t\t\n\t\t\t<div class=\"liner-continer\">\n\t\t\t\t<h3 class=\"woodmart-title-container title  wd-font-weight-600 wd-fontsize-l\" >Negozi Tende per Interni La Spezia Tende in Lino Online Esclusive<\/h3>\n\t\t\t\t\t\t\t<\/div>\n\t\t\t\n\t\t\t\t\t\t\t<div class=\"title-after_title reset-last-child  wd-fontsize-xs\">un Mondo di Idee e Consigli per Rinnovare Casa<\/div>\n\t\t\t\n\t\t\t\n\t\t<\/div>\n\t\t\n\t\t<div class=\"wpb-content-wrapper\" id=\"wpb-content-root\">[vc_row][vc_column][vc_tta_accordion title_tag=\"p\" section_title_tag=\"h3\" style=\"flat\" color=\"white\" gap=\"10\" active_section=\"1\" collapsible_all=\"true\" title=\"FAQ in breve\"][vc_tta_section title=\"Come posso scegliere il grado di trasparenza ideale per la mia stanza?\" tab_id=\"1783498463565-814549fe-f609\"]\t\t<div id=\"wd-6a5202cf0d0c6\" class=\"wd-text-block wd-wpb reset-last-child wd-rs-6a5202cf0d0c6 text-left \">\n\t\t\t<p>La scelta dipende dalla funzione della stanza e dalla qualit\u00e0 della luce che riceve. Per ambienti orientati a Nord, dove la luce \u00e8 pi\u00f9 diffusa e meno intensa, suggeriamo lini a trama pi\u00f9 aperta e leggera per massimizzare la luminosit\u00e0. Per stanze molto esposte al sole o per chi cerca maggiore privacy senza rinunciare alla luce, consigliamo lini con grammature pi\u00f9 consistenti o trame pi\u00f9 fitte, che filtrano i raggi solari creando un'atmosfera soffusa e proteggendo gli interni dagli sguardi esterni.<\/p>\n\t\t<\/div>\n\t\t[\/vc_tta_section][vc_tta_section title=\"Le tende in lino naturale si stropicciano facilmente: \u00e8 un difetto?\" tab_id=\"1783498829621-a7171cfe-87b0\"]\t\t<div id=\"wd-6a5202f881adf\" class=\"wd-text-block wd-wpb reset-last-child wd-rs-6a5202f881adf text-left \">\n\t\t\t<p>Al contrario, \u00e8 la sua caratteristica distintiva e il segno della sua autenticit\u00e0. Il lino non cerca la perfezione plastica dei tessuti sintetici, ma vive di un\u2019eleganza informale e vissuta. Tuttavia, per chi desidera un aspetto pi\u00f9 ordinato, il segreto risiede nella confezione: il giusto peso del tessuto e una corretta sospensione permettono alla fibra di distendersi naturalmente sotto il proprio peso. Se ami uno stile impecabile, basta un colpo di vapore dopo il lavaggio; se preferisci l'eleganza rilassata, il lino esprime il suo massimo pregio proprio attraverso la sua naturale texture.<\/p>\n\t\t<\/div>\n\t\t[\/vc_tta_section][vc_tta_section title=\"Come posso essere certo di ordinare le misure corrette online?\" tab_id=\"1783498463556-9d46f40a-550e\"]\t\t<div id=\"wd-6a52031d82596\" class=\"wd-text-block wd-wpb reset-last-child wd-rs-6a52031d82596 text-left \">\n\t\t\t<p>La misurazione \u00e8 un passaggio fondamentale che seguiamo personalmente con il cliente. Prima di procedere all'ordine, forniamo una guida tecnica dettagliata su come rilevare l'ingombro del bastone o del binario e l'altezza corretta. Se il tuo progetto presenta sfide particolari \u2014 come finestre a tutta altezza, altezze asimmetriche o vincoli strutturali \u2014 il nostro team \u00e8 a disposizione per una consulenza dedicata: verifichiamo insieme le misure per garantire che la tenda, una volta installata, cada con la precisione sartoriale che contraddistingue Marini&amp;Gerardi.<\/p>\n\t\t<\/div>\n\t\t[\/vc_tta_section][vc_tta_section title=\"Il lino richiede un lavaggio professionale o posso gestirlo a casa?\" tab_id=\"1783498863560-0cdd3ecd-c10a\"]\t\t<div id=\"wd-6a5203483963b\" class=\"wd-text-block wd-wpb reset-last-child wd-rs-6a5203483963b text-left \">\n\t\t\t<p>Il lino \u00e8 una fibra straordinariamente resistente e non richiede cure complicate. \u00c8 possibile lavare le tende in lavatrice con un ciclo per delicati e detergenti neutri, evitando temperature elevate e la centrifuga troppo energica. Il consiglio d'oro \u00e8 quello di non lasciarle asciugare completamente: riappenderle quando sono ancora leggermente umide \u00e8 il modo migliore per far s\u00ec che il loro stesso peso, unito al calore naturale dell'ambiente, le faccia tornare tese e impeccabili senza alcuno sforzo.<\/p>\n\t\t<\/div>\n\t\t[\/vc_tta_section][vc_tta_section title=\"Posso abbinare le tende a diversi stili di arredamento, dal moderno al classico?\" tab_id=\"1783498925525-70db50bc-a81f\"]\t\t<div id=\"wd-6a52036c79a68\" class=\"wd-text-block wd-wpb reset-last-child wd-rs-6a52036c79a68 text-left \">\n\t\t\t<p>Certamente. Il lino puro \u00e8 un \"trasformista\" naturale. In un contesto minimalista o moderno, una tenda in lino dalle linee pulite (ad esempio con confezione a onda) spezza la freddezza del design contemporaneo aggiungendo un calore materico essenziale. In un ambiente classico o d'epoca, la ricchezza tattile della fibra esalta la storia della dimora, creando un dialogo armonioso tra il pregio del passato e la modernit\u00e0 del tessuto. La versatilit\u00e0 della nostra palette cromatica neutra (bianchi, ecr\u00f9, panna) assicura che il tendaggio diventi il completamento perfetto di qualsiasi spazio, indipendentemente dallo stile dei mobili.<\/p>\n\t\t<\/div>\n\t\t[\/vc_tta_section][\/vc_tta_accordion]\t\t<div id=\"wd-6a4e1881835d1\" class=\"wd-text-block wd-wpb reset-last-child wd-rs-6a4e1881835d1 text-left \">\n\t\t\t<p><strong>Marini&amp;Gerardi: il metodo del su misura, senza distanze<\/strong><br \/>\nLa scelta del tessuto e della confezione non ammette approssimazioni. Sappiamo che selezionare le tende ideali online pu\u00f2 sembrare un'impresa, ed \u00e8 per questo che in Marini&amp;Gerardi abbiamo strutturato un servizio in grado di abbattere le distanze.<\/p>\n<p>Il nostro modello combina la precisione del su misura artigianale con l\u2019efficienza di una consulenza digitale dedicata. Ci occupiamo di ogni fase, assicurandoci che il risultato finale non sia solo esteticamente coerente con il vostro gusto, ma tecnicamente impeccabile nelle misure e nella scelta dei materiali.<\/p>\n\t\t<\/div>\n\t\t[vc_message message_box_style=\"outline\" css=\"\"]<strong>MARINI &amp; GERARDI s.r.l<\/strong> <a href=\"https:\/\/www.marinigerardi.it\/shop\/categoria-prodotto\/tende-da-interni\/tende-in-lino\/\"><strong>Tende in Lino<\/strong><\/a> e <a href=\"https:\/\/www.marinigerardi.it\/shop\/categoria-prodotto\/biancheria-letto\/\"><strong>Biancheria Letto<\/strong><\/a> per la Casa\r\nLinea diretta: Mobile; 389 1537 793\u00a0<strong>E-Mail: assistenza@marinigerardi.it<\/strong>\r\n<strong>Unico Showroom:<\/strong>\u00a0Via F. Rubichi,2 - 73047 Monteroni di Lecce - Puglia (Salento)\u00a0 per appuntamento.[\/vc_message][\/vc_column][\/vc_row]<\/div>[\/vc_column][\/vc_row]<\/p>\n<\/div>","protected":false},"excerpt":{"rendered":"<p>[vc_row][vc_column][vc_empty_space woodmart_hide_large=&#8221;0&#8243; woodmart_hide_medium=&#8221;0&#8243; woodmart_hide_small=&#8221;0&#8243;][\/vc_column][\/vc_row]<\/p>\n","protected":false},"author":1,"featured_media":88552,"comment_status":"closed","ping_status":"closed","sticky":false,"template":"","format":"standard","meta":{"footnotes":""},"categories":[2107,2002],"tags":[2661,2372],"class_list":["post-31555","post","type-post","status-publish","format-standard","has-post-thumbnail","category-liguria","category-negozi-di-tende-in-citta","tag-negozi-di-tende","tag-tende-per-interni-la-spezia"],"_links":{"self":[{"href":"https:\/\/www.marinigerardi.it\/shop\/wp-json\/wp\/v2\/posts\/31555","targetHints":{"allow":["GET"]}}],"collection":[{"href":"https:\/\/www.marinigerardi.it\/shop\/wp-json\/wp\/v2\/posts"}],"about":[{"href":"https:\/\/www.marinigerardi.it\/shop\/wp-json\/wp\/v2\/types\/post"}],"author":[{"embeddable":true,"href":"https:\/\/www.marinigerardi.it\/shop\/wp-json\/wp\/v2\/users\/1"}],"replies":[{"embeddable":true,"href":"https:\/\/www.marinigerardi.it\/shop\/wp-json\/wp\/v2\/comments?post=31555"}],"version-history":[{"count":3,"href":"https:\/\/www.marinigerardi.it\/shop\/wp-json\/wp\/v2\/posts\/31555\/revisions"}],"predecessor-version":[{"id":96937,"href":"https:\/\/www.marinigerardi.it\/shop\/wp-json\/wp\/v2\/posts\/31555\/revisions\/96937"}],"wp:featuredmedia":[{"embeddable":true,"href":"https:\/\/www.marinigerardi.it\/shop\/wp-json\/wp\/v2\/media\/88552"}],"wp:attachment":[{"href":"https:\/\/www.marinigerardi.it\/shop\/wp-json\/wp\/v2\/media?parent=31555"}],"wp:term":[{"taxonomy":"category","embeddable":true,"href":"https:\/\/www.marinigerardi.it\/shop\/wp-json\/wp\/v2\/categories?post=31555"},{"taxonomy":"post_tag","embeddable":true,"href":"https:\/\/www.marinigerardi.it\/shop\/wp-json\/wp\/v2\/tags?post=31555"}],"curies":[{"name":"wp","href":"https:\/\/api.w.org\/{rel}","templated":true}]}}