{"id":30385,"date":"2021-12-26T20:14:24","date_gmt":"2021-12-26T20:14:24","guid":{"rendered":"https:\/\/www.marinigerardi.it\/shop\/?p=30385"},"modified":"2023-09-25T12:46:30","modified_gmt":"2023-09-25T12:46:30","slug":"milano-unica-2022-fiera-milano-tessile-e-abbigliamento-moda","status":"publish","type":"post","link":"https:\/\/www.marinigerardi.it\/shop\/milano-unica-2022-fiera-milano-tessile-e-abbigliamento-moda\/","title":{"rendered":"Milano Unica 2022 Fiera Milano Tessile e Abbigliamento Moda."},"content":{"rendered":"<div class=\"wpb-content-wrapper\" id=\"wpb-content-root\"><p>[vc_row][vc_column]\n\t\t<div id=\"wd-61e9188fef551\" class=\"title-wrapper wd-wpb wd-set-mb reset-last-child  wd-rs-61e9188fef551 wd-title-color-default wd-title-style-default text-center vc_custom_1642666141705 wd-underline-colored\">\n\t\t\t\t\t\t\t\n\t\t\t\t<div class=\"title-subtitle  subtitle-color-default font-default subtitle-style-default wd-font-weight-600 wd-fontsize-xs\">Comunicazione sociale di Eventi. Visto per Voi<\/div>\n\t\t\t\n\t\t\t<div class=\"liner-continer\">\n\t\t\t\t<h2 class=\"woodmart-title-container title  wd-font-weight- wd-fontsize-xl\" >Milano Unica 2022 Fiera Milano Tessile e Abbigliamento Moda.<\/h2>\n\t\t\t\t\t\t\t<\/div>\n\t\t\t\n\t\t\t\t\t\t\t<div class=\"title-after_title reset-last-child  wd-fontsize-s\">34^ Edizione della Fiera in presenza nei giornii 1-2 febbraio 2022. Milano<\/div>\n\t\t\t\n\t\t\t\n\t\t<\/div>\n\t\t\n\t\t\t\t<div id=\"wd-6511803288cd5\" class=\"wd-text-block wd-wpb reset-last-child wd-rs-6511803288cd5 text-left \">\n\t\t\t<p style=\"text-align: justify;\"><strong>L&#8217;appuntamento principale per tutti i professionisti della moda orientati all&#8217;alta qualit\u00e0 e all&#8217;innovazione<\/strong><\/p>\n<p style=\"text-align: justify;\"><a href=\"https:\/\/www.marinigerardi.it\/shop\/milano-unica-2022-fiera-milano-tessile-e-abbigliamento-moda\/\"><strong>Milano Unica<\/strong><\/a> \u00e8 un vero e proprio punto di riferimento per il settore tessile e accessori, un appuntamento semestrale esclusivo a cui partecipano i maggiori e pi\u00f9 significativi produttori italiani ed europei, affiancati dai produttori degli Osservatori Giappone e Corea.<\/p>\n\t\t<\/div>\n\t\t\n\t\t<div id=\"wd-61c8cd7a1d408\" class=\"title-wrapper wd-wpb wd-set-mb reset-last-child  wd-rs-61c8cd7a1d408 wd-title-color-default wd-title-style-default text-center  wd-underline-colored\">\n\t\t\t\n\t\t\t<div class=\"liner-continer\">\n\t\t\t\t<h3 class=\"woodmart-title-container title  wd-font-weight- wd-fontsize-m\" >Tendenze Milano Unica Febbraio 2022 date - Fiera Milano Tessile e Abbigliamento Moda<\/h3>\n\t\t\t\t\t\t\t<\/div>\n\t\t\t\n\t\t\t\n\t\t\t\n\t\t<\/div>\n\t\t\n\t\t[vc_row_inner][vc_column_inner width=&#8221;1\/2&#8243;][vc_single_image image=&#8221;30390&#8243; img_size=&#8221;full&#8221; add_caption=&#8221;yes&#8221; alignment=&#8221;center&#8221; style=&#8221;vc_box_shadow_3d&#8221; parallax_scroll=&#8221;no&#8221; woodmart_inline=&#8221;no&#8221;]\t\t<div id=\"wd-6511808fb8b58\" class=\"wd-text-block wd-wpb reset-last-child wd-rs-6511808fb8b58 text-left \">\n\t\t\t<p style=\"text-align: justify;\"><strong>Milano Unica \u00e8 una celebrazione della maestria tessile italiana e un faro per l&#8217;industria della moda internazionale. Questa fiera non solo presenta i migliori tessuti e accessori di alta gamma, ma incarna anche la passione, la dedizione e l&#8217;arte che definiscono il settore tessile italiano. Ecco perch\u00e9 Milano Unica rimane il punto di riferimento per tutti coloro che cercano l&#8217;eccellenza nell&#8217;abbigliamento donna e uomo.<\/strong><\/p>\n\t\t<\/div>\n\t\t[\/vc_column_inner][vc_column_inner width=&#8221;1\/2&#8243;]\t\t<div id=\"wd-6511807de92bc\" class=\"wd-text-block wd-wpb reset-last-child wd-rs-6511807de92bc text-left \">\n\t\t\t<p style=\"text-align: justify;\"><strong>Milano Unica \u00e8 molto pi\u00f9 di una semplice fiera: \u00e8 l&#8217;epitome dell&#8217;eccellenza nel mondo tessile e degli accessori di alta gamma per l&#8217;abbigliamento femminile e maschile.<\/strong> Questo straordinario evento, concepito, organizzato e guidato da imprenditori visionari, si \u00e8 guadagnato la reputazione di essere la vetrina pi\u00f9 prestigiosa del settore, garantendo ai partecipanti la massima visibilit\u00e0 a livello internazionale.<\/p>\n<p style=\"text-align: justify;\">Quando si tratta di tessuti e accessori di alta qualit\u00e0, Milano Unica \u00e8 il nome che balza subito in mente. La fiera \u00e8 un&#8217;esperienza che va ben oltre la semplice esposizione di prodotti; \u00e8 un incontro tra la tradizione artigianale italiana e l&#8217;innovazione pi\u00f9 avanzata, il tutto inserito in un contesto di straordinaria qualit\u00e0.<\/p>\n<p style=\"text-align: justify;\">Una delle caratteristiche distintive di Milano Unica \u00e8 la sua attenzione scrupolosa alle esigenze del cliente. Qui, l&#8217;attenzione ai dettagli \u00e8 elevata a un livello superiore, e ogni aspetto dell&#8217;evento \u00e8 progettato per garantire una straordinaria esperienza a tutti i partecipanti. La fiera \u00e8 selettiva nel suo approccio, offrendo uno spazio esclusivo solo a quei brand e aziende che soddisfano gli standard di qualit\u00e0 pi\u00f9 elevati.<\/p>\n\t\t<\/div>\n\t\t[\/vc_column_inner][\/vc_row_inner][vc_message message_box_color=&#8221;chino&#8221;]Vi invitiamo a consultare il sito <a href=\"https:\/\/www.milanounica.it\/it\" target=\"_blank\" rel=\"noopener nofollow\">www.milanounica.it<\/a> e i social network per rimanere costantemente aggiornati su tutte le iniziative e notizie ed entrare a fare parte della community di <strong>MILANO UNICA.<\/strong>[\/vc_message][\/vc_column][\/vc_row][vc_row css=&#8221;.vc_custom_1695645940394{background-color: #f3f3f3 !important;}&#8221; woodmart_css_id=&#8221;651180ebecee7&#8243; responsive_spacing=&#8221;eyJwYXJhbV90eXBlIjoid29vZG1hcnRfcmVzcG9uc2l2ZV9zcGFjaW5nIiwic2VsZWN0b3JfaWQiOiI2NTExODBlYmVjZWU3Iiwic2hvcnRjb2RlIjoidmNfcm93IiwiZGF0YSI6eyJ0YWJsZXQiOnt9LCJtb2JpbGUiOnt9fX0=&#8221; mobile_bg_img_hidden=&#8221;no&#8221; tablet_bg_img_hidden=&#8221;no&#8221; woodmart_parallax=&#8221;0&#8243; woodmart_gradient_switch=&#8221;no&#8221; woodmart_box_shadow=&#8221;yes&#8221; wd_box_shadow=&#8221;eyJkZXZpY2VzIjp7ImRlc2t0b3AiOnsiaG9yaXpvbnRhbCI6IjAiLCJ2ZXJ0aWNhbCI6IjAiLCJibHVyIjoiOSIsInNwcmVhZCI6IjAiLCJjb2xvciI6InJnYmEoMCwgMCwgMCwgLjE1KSJ9fX0=&#8221; wd_z_index=&#8221;no&#8221; woodmart_disable_overflow=&#8221;0&#8243; row_reverse_mobile=&#8221;0&#8243; row_reverse_tablet=&#8221;0&#8243;][vc_column]<div class=\"woocommerce columns-2 \"><div class=\"wd-products-element\">\t\t\t<div class=\"wd-sticky-loader wd-deferred wd-content-loader\"><span class=\"wd-loader\"><\/span><\/div>\n\t\t\n<div class=\"products wd-products wd-grid-g grid-columns-3 elements-grid pagination-infinit wd-loop-builder-off title-line-two wd-stretch-cont-lg wd-products-with-shadow\" data-source=\"main_loop\" data-min_price=\"\" data-max_price=\"\" data-columns=\"3\" style=\"--wd-col-lg:3;--wd-col-md:3;--wd-col-sm:2;--wd-gap-lg:20px;--wd-gap-sm:10px;\">\n<div class=\"wd-product wd-col wd-hover-standard product-grid-item product type-product post-37014 status-publish last instock product_cat-lino-per-tende product_cat-stoffe-online product_cat-tessuti-di-lino product_cat-lino-per-tovaglie product_cat-tessuti-per-la-casa product_cat-tessuti-per-tende product_tag-tessuti-arredamento-in-lino product_tag-tessuti-per-tende-in-lino product_tag-tessuti-tovagliati product_tag-tessuto-ideale-biancheria-letto has-post-thumbnail sale featured sold-individually taxable shipping-taxable purchasable product-type-simple\" data-loop=\"1\" data-id=\"37014\">\n\t\n<div class=\"wd-product-wrapper product-wrapper\">\n\t<div class=\"wd-product-thumb product-element-top wd-quick-shop\">\n\t\t<a href=\"https:\/\/www.marinigerardi.it\/shop\/prodotto\/sua-signoria-tessuto-per-tovaglie-di-lino-moderne-ed-eleganti\/\" class=\"wd-product-img-link product-image-link\" tabindex=\"-1\" aria-label=\"SUA SIGNORIA &#8211; Tessuto per Tovaglie di Lino Moderne ed Eleganti\">\n\t\t\t\t\t<div class=\"wd-product-grid-slider wd-fill\">\n\t\t\t\t\t\t\t<div class=\"wd-product-grid-slide\" data-image-url=\"https:\/\/www.marinigerardi.it\/shop\/wp-content\/uploads\/2022\/05\/sua-signoria-tessuto-per-tovaglie-di-lino-moderne-eleganti-250x188.jpg\" data-image-srcset=\"https:\/\/www.marinigerardi.it\/shop\/wp-content\/uploads\/2022\/05\/sua-signoria-tessuto-per-tovaglie-di-lino-moderne-eleganti-250x188.jpg 250w, https:\/\/www.marinigerardi.it\/shop\/wp-content\/uploads\/2022\/05\/sua-signoria-tessuto-per-tovaglie-di-lino-moderne-eleganti-600x450.jpg 600w, https:\/\/www.marinigerardi.it\/shop\/wp-content\/uploads\/2022\/05\/sua-signoria-tessuto-per-tovaglie-di-lino-moderne-eleganti-300x225.jpg 300w, https:\/\/www.marinigerardi.it\/shop\/wp-content\/uploads\/2022\/05\/sua-signoria-tessuto-per-tovaglie-di-lino-moderne-eleganti-768x576.jpg 768w, https:\/\/www.marinigerardi.it\/shop\/wp-content\/uploads\/2022\/05\/sua-signoria-tessuto-per-tovaglie-di-lino-moderne-eleganti.jpg 1024w\" data-image-id=\"0\"><\/div>\n\t\t\t\t\t\t\t<div class=\"wd-product-grid-slide\" data-image-url=\"https:\/\/www.marinigerardi.it\/shop\/wp-content\/uploads\/2022\/05\/tessuto-per-tovaglie-di-lino-grigio-perla-e-salvia-sua-signoria-250x188.jpg\" data-image-srcset=\"https:\/\/www.marinigerardi.it\/shop\/wp-content\/uploads\/2022\/05\/tessuto-per-tovaglie-di-lino-grigio-perla-e-salvia-sua-signoria-250x188.jpg 250w, https:\/\/www.marinigerardi.it\/shop\/wp-content\/uploads\/2022\/05\/tessuto-per-tovaglie-di-lino-grigio-perla-e-salvia-sua-signoria-600x450.jpg 600w, https:\/\/www.marinigerardi.it\/shop\/wp-content\/uploads\/2022\/05\/tessuto-per-tovaglie-di-lino-grigio-perla-e-salvia-sua-signoria-300x225.jpg 300w, https:\/\/www.marinigerardi.it\/shop\/wp-content\/uploads\/2022\/05\/tessuto-per-tovaglie-di-lino-grigio-perla-e-salvia-sua-signoria-768x576.jpg 768w, https:\/\/www.marinigerardi.it\/shop\/wp-content\/uploads\/2022\/05\/tessuto-per-tovaglie-di-lino-grigio-perla-e-salvia-sua-signoria.jpg 1024w\" data-image-id=\"1\"><\/div>\n\t\t\t\t\t\t\t<div class=\"wd-product-grid-slide\" data-image-url=\"https:\/\/www.marinigerardi.it\/shop\/wp-content\/uploads\/2022\/05\/sua-signoria-tessuto-tovaglia-in-lino-stropicciato-grigio-perla-250x188.jpg\" data-image-srcset=\"https:\/\/www.marinigerardi.it\/shop\/wp-content\/uploads\/2022\/05\/sua-signoria-tessuto-tovaglia-in-lino-stropicciato-grigio-perla-250x188.jpg 250w, https:\/\/www.marinigerardi.it\/shop\/wp-content\/uploads\/2022\/05\/sua-signoria-tessuto-tovaglia-in-lino-stropicciato-grigio-perla-600x450.jpg 600w, https:\/\/www.marinigerardi.it\/shop\/wp-content\/uploads\/2022\/05\/sua-signoria-tessuto-tovaglia-in-lino-stropicciato-grigio-perla-300x225.jpg 300w, https:\/\/www.marinigerardi.it\/shop\/wp-content\/uploads\/2022\/05\/sua-signoria-tessuto-tovaglia-in-lino-stropicciato-grigio-perla-768x576.jpg 768w, https:\/\/www.marinigerardi.it\/shop\/wp-content\/uploads\/2022\/05\/sua-signoria-tessuto-tovaglia-in-lino-stropicciato-grigio-perla.jpg 1024w\" data-image-id=\"2\"><\/div>\n\t\t\t\t\t<\/div>\n\n\t\t\n\t\t\t\t\t\t\t<div class=\"wd-product-grid-slider-pagin\">\n\t\t\t\t\t\t\t<div data-image-id=\"0\" class=\"wd-product-grid-slider-dot\"><\/div>\n\t\t\t\t\t\t\t<div data-image-id=\"1\" class=\"wd-product-grid-slider-dot\"><\/div>\n\t\t\t\t\t\t\t<div data-image-id=\"2\" class=\"wd-product-grid-slider-dot\"><\/div>\n\t\t\t\t\t<\/div>\n\t\t\t\t\t\t<img decoding=\"async\" width=\"250\" height=\"188\" src=\"https:\/\/www.marinigerardi.it\/shop\/wp-content\/uploads\/2022\/05\/sua-signoria-tessuto-per-tovaglie-di-lino-moderne-eleganti-250x188.jpg\" class=\"attachment-woocommerce_thumbnail size-woocommerce_thumbnail\" alt=\"SUA SIGNORIA tessuto per tovaglie di lino moderne eleganti\" srcset=\"https:\/\/www.marinigerardi.it\/shop\/wp-content\/uploads\/2022\/05\/sua-signoria-tessuto-per-tovaglie-di-lino-moderne-eleganti-250x188.jpg 250w, https:\/\/www.marinigerardi.it\/shop\/wp-content\/uploads\/2022\/05\/sua-signoria-tessuto-per-tovaglie-di-lino-moderne-eleganti-600x450.jpg 600w, https:\/\/www.marinigerardi.it\/shop\/wp-content\/uploads\/2022\/05\/sua-signoria-tessuto-per-tovaglie-di-lino-moderne-eleganti-300x225.jpg.avif 300w, https:\/\/www.marinigerardi.it\/shop\/wp-content\/uploads\/2022\/05\/sua-signoria-tessuto-per-tovaglie-di-lino-moderne-eleganti-768x576.jpg.avif 768w, https:\/\/www.marinigerardi.it\/shop\/wp-content\/uploads\/2022\/05\/sua-signoria-tessuto-per-tovaglie-di-lino-moderne-eleganti.jpg.webp 1024w\" sizes=\"(max-width: 250px) 100vw, 250px\" \/>\t\t<\/a>\n\n\t\t\t\t\t<div class=\"product-labels labels-rectangular\">\n\t\t\t\t<span class=\"onsale product-label wd-shape-rect-sm\">-35%<\/span> <span class=\"new product-label wd-shape-rect-sm\">Nuovo<\/span>\t\t\t<\/div>\n\t\t\t\n\t\t<div class=\"wd-buttons wd-pos-r-t\">\n\t\t\t\t\t\t\t\t\t\t\t\t\t\t<\/div>\n\t<\/div>\n\n\t\t<div class=\"product-element-bottom\">\n\t\n\t\n\t<h3 class=\"wd-entities-title\"><a href=\"https:\/\/www.marinigerardi.it\/shop\/prodotto\/sua-signoria-tessuto-per-tovaglie-di-lino-moderne-ed-eleganti\/\">SUA SIGNORIA &#8211; Tessuto per Tovaglie di Lino Moderne ed Eleganti<\/a><\/h3>\n\t\t\t\t\t\t<p class=\"wd-product-stock stock wd-style-default in-stock\">Disponibile<\/p>\n\t\t\n\t\n\t<span class=\"price\">98,90&nbsp;&euro; <small class=\"woocommerce-price-suffix\">IVA incl.<\/small><\/span>\n\n\t<div class=\"wd-add-btn wd-add-btn-replace\">\n\t\t\n\t\t<a href=\"https:\/\/www.marinigerardi.it\/shop\/prodotto\/sua-signoria-tessuto-per-tovaglie-di-lino-moderne-ed-eleganti\/\" class=\"button product_type_simple add-to-cart-loop mg-detail-btn\"><span class=\"wd-action-icon\"><span class=\"wd-check-icon\"><\/span><\/span><span class=\"wd-action-text\">Vedi dettagli<\/span><\/a>\t<\/div>\n\n\t\n\t\n\t\t\t<\/div>\n\t<\/div>\n<\/div>\n<div class=\"wd-product wd-col wd-hover-standard product-grid-item product type-product post-11602 status-publish first instock product_cat-lino-per-tende product_cat-stoffe-online product_cat-tappezzeria-divani product_cat-tessuti product_cat-tessuti-di-lino product_cat-misto-lino product_cat-tessuti-per-la-casa product_cat-tessuti-per-tende product_tag-lino-per-tendaggi product_tag-tessuti-per-tappezzeria has-post-thumbnail sale sold-individually taxable shipping-taxable purchasable product-type-simple\" data-loop=\"2\" data-id=\"11602\">\n\t\n<div class=\"wd-product-wrapper product-wrapper\">\n\t<div class=\"wd-product-thumb product-element-top wd-quick-shop\">\n\t\t<a href=\"https:\/\/www.marinigerardi.it\/shop\/prodotto\/fiorira-un-giardino-lino-per-tende-a-metraggio\/\" class=\"wd-product-img-link product-image-link\" tabindex=\"-1\" aria-label=\"FIORIR\u00c0 UN GIARDINO &#8211; Lino per Tende a Metraggio -Lino per Tappezzeria\">\n\t\t\t\t\t<div class=\"wd-product-grid-slider wd-fill\">\n\t\t\t\t\t\t\t<div class=\"wd-product-grid-slide\" data-image-url=\"https:\/\/www.marinigerardi.it\/shop\/wp-content\/uploads\/2021\/05\/poltrona-rivestimento-di-lino-con-fiori-moderni-jaquard-250x188.jpg\" data-image-srcset=\"https:\/\/www.marinigerardi.it\/shop\/wp-content\/uploads\/2021\/05\/poltrona-rivestimento-di-lino-con-fiori-moderni-jaquard-250x188.jpg 250w, https:\/\/www.marinigerardi.it\/shop\/wp-content\/uploads\/2021\/05\/poltrona-rivestimento-di-lino-con-fiori-moderni-jaquard-600x450.jpg 600w, https:\/\/www.marinigerardi.it\/shop\/wp-content\/uploads\/2021\/05\/poltrona-rivestimento-di-lino-con-fiori-moderni-jaquard-300x225.jpg 300w, https:\/\/www.marinigerardi.it\/shop\/wp-content\/uploads\/2021\/05\/poltrona-rivestimento-di-lino-con-fiori-moderni-jaquard-768x576.jpg 768w, https:\/\/www.marinigerardi.it\/shop\/wp-content\/uploads\/2021\/05\/poltrona-rivestimento-di-lino-con-fiori-moderni-jaquard.jpg 1024w\" data-image-id=\"0\"><\/div>\n\t\t\t\t\t\t\t<div class=\"wd-product-grid-slide\" data-image-url=\"https:\/\/www.marinigerardi.it\/shop\/wp-content\/uploads\/2021\/10\/poltrona-lino-design-guache-fiorira-un-giardino-azzurro-su-panna-250x188.jpg\" data-image-srcset=\"https:\/\/www.marinigerardi.it\/shop\/wp-content\/uploads\/2021\/10\/poltrona-lino-design-guache-fiorira-un-giardino-azzurro-su-panna-250x188.jpg 250w, https:\/\/www.marinigerardi.it\/shop\/wp-content\/uploads\/2021\/10\/poltrona-lino-design-guache-fiorira-un-giardino-azzurro-su-panna-600x450.jpg 600w, https:\/\/www.marinigerardi.it\/shop\/wp-content\/uploads\/2021\/10\/poltrona-lino-design-guache-fiorira-un-giardino-azzurro-su-panna-300x225.jpg 300w, https:\/\/www.marinigerardi.it\/shop\/wp-content\/uploads\/2021\/10\/poltrona-lino-design-guache-fiorira-un-giardino-azzurro-su-panna-768x576.jpg 768w, https:\/\/www.marinigerardi.it\/shop\/wp-content\/uploads\/2021\/10\/poltrona-lino-design-guache-fiorira-un-giardino-azzurro-su-panna.jpg 1024w\" data-image-id=\"1\"><\/div>\n\t\t\t\t\t\t\t<div class=\"wd-product-grid-slide\" data-image-url=\"https:\/\/www.marinigerardi.it\/shop\/wp-content\/uploads\/2021\/06\/runners-tavolo-di-lino-con-fiori-moderni-jaquard-250x188.jpg\" data-image-srcset=\"https:\/\/www.marinigerardi.it\/shop\/wp-content\/uploads\/2021\/06\/runners-tavolo-di-lino-con-fiori-moderni-jaquard-250x188.jpg 250w, https:\/\/www.marinigerardi.it\/shop\/wp-content\/uploads\/2021\/06\/runners-tavolo-di-lino-con-fiori-moderni-jaquard-600x450.jpg 600w, https:\/\/www.marinigerardi.it\/shop\/wp-content\/uploads\/2021\/06\/runners-tavolo-di-lino-con-fiori-moderni-jaquard-300x225.jpg 300w, https:\/\/www.marinigerardi.it\/shop\/wp-content\/uploads\/2021\/06\/runners-tavolo-di-lino-con-fiori-moderni-jaquard-768x576.jpg 768w, https:\/\/www.marinigerardi.it\/shop\/wp-content\/uploads\/2021\/06\/runners-tavolo-di-lino-con-fiori-moderni-jaquard.jpg 1024w\" data-image-id=\"2\"><\/div>\n\t\t\t\t\t<\/div>\n\n\t\t\n\t\t\t\t\t\t\t<div class=\"wd-product-grid-slider-pagin\">\n\t\t\t\t\t\t\t<div data-image-id=\"0\" class=\"wd-product-grid-slider-dot\"><\/div>\n\t\t\t\t\t\t\t<div data-image-id=\"1\" class=\"wd-product-grid-slider-dot\"><\/div>\n\t\t\t\t\t\t\t<div data-image-id=\"2\" class=\"wd-product-grid-slider-dot\"><\/div>\n\t\t\t\t\t<\/div>\n\t\t\t\t\t\t<img decoding=\"async\" width=\"250\" height=\"188\" src=\"https:\/\/www.marinigerardi.it\/shop\/wp-content\/uploads\/2021\/05\/poltrona-rivestimento-di-lino-con-fiori-moderni-jaquard-250x188.jpg\" class=\"attachment-woocommerce_thumbnail size-woocommerce_thumbnail\" alt=\"FIORIR\u00c0 UN GIARDINO - Lino per Tende a Metraggio -Lino per Tappezzeria\" srcset=\"https:\/\/www.marinigerardi.it\/shop\/wp-content\/uploads\/2021\/05\/poltrona-rivestimento-di-lino-con-fiori-moderni-jaquard-250x188.jpg 250w, https:\/\/www.marinigerardi.it\/shop\/wp-content\/uploads\/2021\/05\/poltrona-rivestimento-di-lino-con-fiori-moderni-jaquard-600x450.jpg 600w, https:\/\/www.marinigerardi.it\/shop\/wp-content\/uploads\/2021\/05\/poltrona-rivestimento-di-lino-con-fiori-moderni-jaquard-300x225.jpg.avif 300w, https:\/\/www.marinigerardi.it\/shop\/wp-content\/uploads\/2021\/05\/poltrona-rivestimento-di-lino-con-fiori-moderni-jaquard-768x576.jpg.avif 768w, https:\/\/www.marinigerardi.it\/shop\/wp-content\/uploads\/2021\/05\/poltrona-rivestimento-di-lino-con-fiori-moderni-jaquard.jpg.webp 1024w\" sizes=\"(max-width: 250px) 100vw, 250px\" \/>\t\t<\/a>\n\n\t\t\t\t\t<div class=\"product-labels labels-rectangular\">\n\t\t\t\t<span class=\"onsale product-label wd-shape-rect-sm\">-15%<\/span>\t\t\t<\/div>\n\t\t\t\n\t\t<div class=\"wd-buttons wd-pos-r-t\">\n\t\t\t\t\t\t\t\t\t\t\t\t\t\t<\/div>\n\t<\/div>\n\n\t\t<div class=\"product-element-bottom\">\n\t\n\t\n\t<h3 class=\"wd-entities-title\"><a href=\"https:\/\/www.marinigerardi.it\/shop\/prodotto\/fiorira-un-giardino-lino-per-tende-a-metraggio\/\">FIORIR\u00c0 UN GIARDINO &#8211; Lino per Tende a Metraggio -Lino per Tappezzeria<\/a><\/h3>\n\t\t\t\t\t\t<p class=\"wd-product-stock stock wd-style-default in-stock\">Disponibile<\/p>\n\t\t\n\t\n\t<span class=\"price\">65,50&nbsp;&euro;<\/span>\n\n\t<div class=\"wd-add-btn wd-add-btn-replace\">\n\t\t\n\t\t<a href=\"https:\/\/www.marinigerardi.it\/shop\/prodotto\/fiorira-un-giardino-lino-per-tende-a-metraggio\/\" class=\"button product_type_simple add-to-cart-loop mg-detail-btn\"><span class=\"wd-action-icon\"><span class=\"wd-check-icon\"><\/span><\/span><span class=\"wd-action-text\">Vedi dettagli<\/span><\/a>\t<\/div>\n\n\t\n\t\n\t\t\t<\/div>\n\t<\/div>\n<\/div>\n<div class=\"wd-product wd-col wd-hover-standard product-grid-item product type-product post-8912 status-publish last instock product_cat-lino-per-tende product_cat-stoffe-online product_cat-tessuti product_cat-tessuti-di-lino product_cat-tessuti-per-la-casa product_cat-tessuti-per-tende product_tag-tessuti-per-tende-in-lino has-post-thumbnail sale sold-individually taxable shipping-taxable purchasable product-type-simple\" data-loop=\"3\" data-id=\"8912\">\n\t\n<div class=\"wd-product-wrapper product-wrapper\">\n\t<div class=\"wd-product-thumb product-element-top wd-quick-shop\">\n\t\t<a href=\"https:\/\/www.marinigerardi.it\/shop\/prodotto\/tessuti-per-tende-interni\/\" class=\"wd-product-img-link product-image-link\" tabindex=\"-1\" aria-label=\"LA TARANTA &#8211; Tessuti per Tende interni in Lino Stropicciato\">\n\t\t\t\t\t<div class=\"wd-product-grid-slider wd-fill\">\n\t\t\t\t\t\t\t<div class=\"wd-product-grid-slide\" data-image-url=\"https:\/\/www.marinigerardi.it\/shop\/wp-content\/uploads\/2021\/07\/Tessuto-lino-stropicciato-altezza-310-altissima-qualita-250x188.jpg\" data-image-srcset=\"https:\/\/www.marinigerardi.it\/shop\/wp-content\/uploads\/2021\/07\/Tessuto-lino-stropicciato-altezza-310-altissima-qualita-250x188.jpg 250w, https:\/\/www.marinigerardi.it\/shop\/wp-content\/uploads\/2021\/07\/Tessuto-lino-stropicciato-altezza-310-altissima-qualita-600x450.jpg 600w, https:\/\/www.marinigerardi.it\/shop\/wp-content\/uploads\/2021\/07\/Tessuto-lino-stropicciato-altezza-310-altissima-qualita-300x225.jpg 300w, https:\/\/www.marinigerardi.it\/shop\/wp-content\/uploads\/2021\/07\/Tessuto-lino-stropicciato-altezza-310-altissima-qualita-768x576.jpg 768w, https:\/\/www.marinigerardi.it\/shop\/wp-content\/uploads\/2021\/07\/Tessuto-lino-stropicciato-altezza-310-altissima-qualita.jpg 1024w\" data-image-id=\"0\"><\/div>\n\t\t\t\t\t\t\t<div class=\"wd-product-grid-slide\" data-image-url=\"https:\/\/www.marinigerardi.it\/shop\/wp-content\/uploads\/2021\/07\/tessuto-tende-lino-stropicciato-vendita-al-metro-250x188.jpg\" data-image-srcset=\"https:\/\/www.marinigerardi.it\/shop\/wp-content\/uploads\/2021\/07\/tessuto-tende-lino-stropicciato-vendita-al-metro-250x188.jpg 250w, https:\/\/www.marinigerardi.it\/shop\/wp-content\/uploads\/2021\/07\/tessuto-tende-lino-stropicciato-vendita-al-metro-300x225.jpg 300w, https:\/\/www.marinigerardi.it\/shop\/wp-content\/uploads\/2021\/07\/tessuto-tende-lino-stropicciato-vendita-al-metro-768x576.jpg 768w, https:\/\/www.marinigerardi.it\/shop\/wp-content\/uploads\/2021\/07\/tessuto-tende-lino-stropicciato-vendita-al-metro-600x450.jpg 600w, https:\/\/www.marinigerardi.it\/shop\/wp-content\/uploads\/2021\/07\/tessuto-tende-lino-stropicciato-vendita-al-metro.jpg 1024w\" data-image-id=\"1\"><\/div>\n\t\t\t\t\t\t\t<div class=\"wd-product-grid-slide\" data-image-url=\"https:\/\/www.marinigerardi.it\/shop\/wp-content\/uploads\/2021\/02\/Tessuto-lino-stropicciato-altezza-310-qualita-italiana-250x188.jpg\" data-image-srcset=\"https:\/\/www.marinigerardi.it\/shop\/wp-content\/uploads\/2021\/02\/Tessuto-lino-stropicciato-altezza-310-qualita-italiana-250x188.jpg 250w, https:\/\/www.marinigerardi.it\/shop\/wp-content\/uploads\/2021\/02\/Tessuto-lino-stropicciato-altezza-310-qualita-italiana-300x225.jpg 300w, https:\/\/www.marinigerardi.it\/shop\/wp-content\/uploads\/2021\/02\/Tessuto-lino-stropicciato-altezza-310-qualita-italiana-768x576.jpg 768w, https:\/\/www.marinigerardi.it\/shop\/wp-content\/uploads\/2021\/02\/Tessuto-lino-stropicciato-altezza-310-qualita-italiana-600x450.jpg 600w, https:\/\/www.marinigerardi.it\/shop\/wp-content\/uploads\/2021\/02\/Tessuto-lino-stropicciato-altezza-310-qualita-italiana.jpg 1024w\" data-image-id=\"2\"><\/div>\n\t\t\t\t\t<\/div>\n\n\t\t\n\t\t\t\t\t\t\t<div class=\"wd-product-grid-slider-pagin\">\n\t\t\t\t\t\t\t<div data-image-id=\"0\" class=\"wd-product-grid-slider-dot\"><\/div>\n\t\t\t\t\t\t\t<div data-image-id=\"1\" class=\"wd-product-grid-slider-dot\"><\/div>\n\t\t\t\t\t\t\t<div data-image-id=\"2\" class=\"wd-product-grid-slider-dot\"><\/div>\n\t\t\t\t\t<\/div>\n\t\t\t\t\t\t<img decoding=\"async\" width=\"250\" height=\"188\" src=\"https:\/\/www.marinigerardi.it\/shop\/wp-content\/uploads\/2021\/07\/Tessuto-lino-stropicciato-altezza-310-altissima-qualita-250x188.jpg\" class=\"attachment-woocommerce_thumbnail size-woocommerce_thumbnail\" alt=\"LA TARANTA - Tessuti per Tende interni in Lino Stropicciato h 310\" srcset=\"https:\/\/www.marinigerardi.it\/shop\/wp-content\/uploads\/2021\/07\/Tessuto-lino-stropicciato-altezza-310-altissima-qualita-250x188.jpg 250w, https:\/\/www.marinigerardi.it\/shop\/wp-content\/uploads\/2021\/07\/Tessuto-lino-stropicciato-altezza-310-altissima-qualita-600x450.jpg 600w, https:\/\/www.marinigerardi.it\/shop\/wp-content\/uploads\/2021\/07\/Tessuto-lino-stropicciato-altezza-310-altissima-qualita-300x225.jpg.avif 300w, https:\/\/www.marinigerardi.it\/shop\/wp-content\/uploads\/2021\/07\/Tessuto-lino-stropicciato-altezza-310-altissima-qualita-768x576.jpg.avif 768w, https:\/\/www.marinigerardi.it\/shop\/wp-content\/uploads\/2021\/07\/Tessuto-lino-stropicciato-altezza-310-altissima-qualita.jpg.webp 1024w\" sizes=\"(max-width: 250px) 100vw, 250px\" \/>\t\t<\/a>\n\n\t\t\t\t\t<div class=\"product-labels labels-rectangular\">\n\t\t\t\t<span class=\"onsale product-label wd-shape-rect-sm\">-24%<\/span>\t\t\t<\/div>\n\t\t\t\n\t\t<div class=\"wd-buttons wd-pos-r-t\">\n\t\t\t\t\t\t\t\t\t\t\t\t\t\t<\/div>\n\t<\/div>\n\n\t\t<div class=\"product-element-bottom\">\n\t\n\t\n\t<h3 class=\"wd-entities-title\"><a href=\"https:\/\/www.marinigerardi.it\/shop\/prodotto\/tessuti-per-tende-interni\/\">LA TARANTA &#8211; Tessuti per Tende interni in Lino Stropicciato<\/a><\/h3>\n\t\t\t\t\t\t<p class=\"wd-product-stock stock wd-style-default in-stock\">Disponibile<\/p>\n\t\t\n\t\n\t<span class=\"price\">69,50&nbsp;&euro;<\/span>\n\n\t<div class=\"wd-add-btn wd-add-btn-replace\">\n\t\t\n\t\t<a href=\"https:\/\/www.marinigerardi.it\/shop\/prodotto\/tessuti-per-tende-interni\/\" class=\"button product_type_simple add-to-cart-loop mg-detail-btn\"><span class=\"wd-action-icon\"><span class=\"wd-check-icon\"><\/span><\/span><span class=\"wd-action-text\">Vedi dettagli<\/span><\/a>\t<\/div>\n\n\t\n\t\n\t\t\t<\/div>\n\t<\/div>\n<\/div>\n<div class=\"wd-product wd-col wd-hover-standard product-grid-item product type-product post-94402 status-publish first instock product_cat-tessuti-cotone-per-tende product_cat-tessuti-per-tappezzeria product_cat-tessuti-per-tende product_cat-tessuti-per-tovaglie has-post-thumbnail sale sold-individually taxable shipping-taxable purchasable product-type-simple\" data-loop=\"4\" data-id=\"94402\">\n\t\n<div class=\"wd-product-wrapper product-wrapper\">\n\t<div class=\"wd-product-thumb product-element-top wd-quick-shop\">\n\t\t<a href=\"https:\/\/www.marinigerardi.it\/shop\/prodotto\/tessuti-da-arredo-nel-living\/\" class=\"wd-product-img-link product-image-link\" tabindex=\"-1\" aria-label=\"FELCE Tessuti da arredo: Il respiro del Bosco nel Tuo Living\">\n\t\t\t<img decoding=\"async\" width=\"250\" height=\"188\" src=\"https:\/\/www.marinigerardi.it\/shop\/wp-content\/uploads\/2026\/04\/tessuti-da-arredo-nel-living-soggiorno-con-fglie-di-felce-250x188.jpg.avif\" class=\"attachment-woocommerce_thumbnail size-woocommerce_thumbnail\" alt=\"Tessuti da arredo nel living soggiorno con fglie di felce\" srcset=\"https:\/\/www.marinigerardi.it\/shop\/wp-content\/uploads\/2026\/04\/tessuti-da-arredo-nel-living-soggiorno-con-fglie-di-felce-250x188.jpg.avif 250w, https:\/\/www.marinigerardi.it\/shop\/wp-content\/uploads\/2026\/04\/tessuti-da-arredo-nel-living-soggiorno-con-fglie-di-felce-300x225.jpg.avif 300w, https:\/\/www.marinigerardi.it\/shop\/wp-content\/uploads\/2026\/04\/tessuti-da-arredo-nel-living-soggiorno-con-fglie-di-felce-768x576.jpg.avif 768w, https:\/\/www.marinigerardi.it\/shop\/wp-content\/uploads\/2026\/04\/tessuti-da-arredo-nel-living-soggiorno-con-fglie-di-felce-600x450.jpg.avif 600w, https:\/\/www.marinigerardi.it\/shop\/wp-content\/uploads\/2026\/04\/tessuti-da-arredo-nel-living-soggiorno-con-fglie-di-felce.jpg.avif 1024w\" sizes=\"(max-width: 250px) 100vw, 250px\" \/>\t\t<\/a>\n\n\t\t\t\t\t<div class=\"product-labels labels-rectangular\">\n\t\t\t\t<span class=\"onsale product-label wd-shape-rect-sm\">-27%<\/span>\t\t\t<\/div>\n\t\t\t\n\t\t<div class=\"wd-buttons wd-pos-r-t\">\n\t\t\t\t\t\t\t\t\t\t\t\t\t\t<\/div>\n\t<\/div>\n\n\t\t<div class=\"product-element-bottom\">\n\t\n\t\n\t<h3 class=\"wd-entities-title\"><a href=\"https:\/\/www.marinigerardi.it\/shop\/prodotto\/tessuti-da-arredo-nel-living\/\">FELCE Tessuti da arredo: Il respiro del Bosco nel Tuo Living<\/a><\/h3>\n\t\t\t\t\t\t<p class=\"wd-product-stock stock wd-style-default in-stock\">Disponibile<\/p>\n\t\t\n\t\n\t<span class=\"price\">46,50&nbsp;&euro;<\/span>\n\n\t<div class=\"wd-add-btn wd-add-btn-replace\">\n\t\t\n\t\t<a href=\"https:\/\/www.marinigerardi.it\/shop\/prodotto\/tessuti-da-arredo-nel-living\/\" class=\"button product_type_simple add-to-cart-loop mg-detail-btn\"><span class=\"wd-action-icon\"><span class=\"wd-check-icon\"><\/span><\/span><span class=\"wd-action-text\">Vedi dettagli<\/span><\/a>\t<\/div>\n\n\t\n\t\n\t\t\t<\/div>\n\t<\/div>\n<\/div>\n<\/div>\n<\/div><\/div>[\/vc_column][\/vc_row][vc_row][vc_column]\t\t<div id=\"wd-65117f22c2532\" class=\"wd-text-block wd-wpb reset-last-child wd-rs-65117f22c2532 text-left \">\n\t\t\t<p style=\"text-align: justify;\"><a href=\"https:\/\/www.marinigerardi.it\/shop\/negozi-tende-da-interni-milano\/\"><strong>Marini &amp; Gerardi<\/strong><\/a> IDEE uniche ed esclusive. <strong>SPLENDIDE TENDE E TESSUTI IN LINO PER VESTIRE LA TUA CASA IN OGNI STAGIONE:<\/strong> una collezione UNICA altamente professionale, inoltre Vendita di tessuti al taglio dai colori delicati e moderni dedicata e ispirata alla natura.<\/p>\n\t\t<\/div>\n\t\t[\/vc_column][\/vc_row][vc_row css=&#8221;.vc_custom_1695645987906{background-color: #f3f3f3 !important;}&#8221; woodmart_css_id=&#8221;6511811b737b3&#8243; responsive_spacing=&#8221;eyJwYXJhbV90eXBlIjoid29vZG1hcnRfcmVzcG9uc2l2ZV9zcGFjaW5nIiwic2VsZWN0b3JfaWQiOiI2NTExODExYjczN2IzIiwic2hvcnRjb2RlIjoidmNfcm93IiwiZGF0YSI6eyJ0YWJsZXQiOnt9LCJtb2JpbGUiOnt9fX0=&#8221; mobile_bg_img_hidden=&#8221;no&#8221; tablet_bg_img_hidden=&#8221;no&#8221; woodmart_parallax=&#8221;0&#8243; woodmart_gradient_switch=&#8221;no&#8221; woodmart_box_shadow=&#8221;yes&#8221; wd_box_shadow=&#8221;eyJkZXZpY2VzIjp7ImRlc2t0b3AiOnsiaG9yaXpvbnRhbCI6IjAiLCJ2ZXJ0aWNhbCI6IjAiLCJibHVyIjoiOSIsInNwcmVhZCI6IjAiLCJjb2xvciI6InJnYmEoMCwgMCwgMCwgLjE1KSJ9fX0=&#8221; wd_z_index=&#8221;no&#8221; woodmart_disable_overflow=&#8221;0&#8243; row_reverse_mobile=&#8221;0&#8243; row_reverse_tablet=&#8221;0&#8243;][vc_column]<div class=\"woocommerce columns-2 \"><div class=\"wd-products-element\">\t\t\t<div class=\"wd-sticky-loader wd-deferred wd-content-loader\"><span class=\"wd-loader\"><\/span><\/div>\n\t\t\n<div class=\"products wd-products wd-grid-g grid-columns-3 elements-grid pagination-infinit wd-loop-builder-off title-line-two wd-stretch-cont-lg wd-products-with-shadow\" data-source=\"main_loop\" data-min_price=\"\" data-max_price=\"\" data-columns=\"3\" style=\"--wd-col-lg:3;--wd-col-md:3;--wd-col-sm:2;--wd-gap-lg:20px;--wd-gap-sm:10px;\">\n<div class=\"wd-product wd-col wd-hover-standard product-grid-item product type-product post-8018 status-publish last instock product_cat-top-donna product_tag-top-donna-seta has-post-thumbnail taxable shipping-taxable purchasable product-type-simple\" data-loop=\"5\" data-id=\"8018\">\n\t\n<div class=\"wd-product-wrapper product-wrapper\">\n\t<div class=\"wd-product-thumb product-element-top wd-quick-shop\">\n\t\t<a href=\"https:\/\/www.marinigerardi.it\/shop\/prodotto\/top-donna-seta-la-movida\/\" class=\"wd-product-img-link product-image-link\" tabindex=\"-1\" aria-label=\"Top Donna Seta &#8221; La Movida &#8221; Abbigliamento Teenegers\">\n\t\t\t\t\t<div class=\"wd-product-grid-slider wd-fill\">\n\t\t\t\t\t\t\t<div class=\"wd-product-grid-slide\" data-image-url=\"https:\/\/www.marinigerardi.it\/shop\/wp-content\/uploads\/2021\/10\/top-donna-top-seta-giorno-sera-shantung-blu-cobalto-250x188.jpg\" data-image-srcset=\"https:\/\/www.marinigerardi.it\/shop\/wp-content\/uploads\/2021\/10\/top-donna-top-seta-giorno-sera-shantung-blu-cobalto-250x188.jpg 250w, https:\/\/www.marinigerardi.it\/shop\/wp-content\/uploads\/2021\/10\/top-donna-top-seta-giorno-sera-shantung-blu-cobalto-600x450.jpg 600w, https:\/\/www.marinigerardi.it\/shop\/wp-content\/uploads\/2021\/10\/top-donna-top-seta-giorno-sera-shantung-blu-cobalto-300x225.jpg 300w, https:\/\/www.marinigerardi.it\/shop\/wp-content\/uploads\/2021\/10\/top-donna-top-seta-giorno-sera-shantung-blu-cobalto-768x576.jpg 768w, https:\/\/www.marinigerardi.it\/shop\/wp-content\/uploads\/2021\/10\/top-donna-top-seta-giorno-sera-shantung-blu-cobalto.jpg 1024w\" data-image-id=\"0\"><\/div>\n\t\t\t\t\t\t\t<div class=\"wd-product-grid-slide\" data-image-url=\"https:\/\/www.marinigerardi.it\/shop\/wp-content\/uploads\/2021\/10\/top-donna-seta-top-ragazza-shantung-blu-notte-250x188.jpg\" data-image-srcset=\"https:\/\/www.marinigerardi.it\/shop\/wp-content\/uploads\/2021\/10\/top-donna-seta-top-ragazza-shantung-blu-notte-250x188.jpg 250w, https:\/\/www.marinigerardi.it\/shop\/wp-content\/uploads\/2021\/10\/top-donna-seta-top-ragazza-shantung-blu-notte-600x450.jpg 600w, https:\/\/www.marinigerardi.it\/shop\/wp-content\/uploads\/2021\/10\/top-donna-seta-top-ragazza-shantung-blu-notte-300x225.jpg 300w, https:\/\/www.marinigerardi.it\/shop\/wp-content\/uploads\/2021\/10\/top-donna-seta-top-ragazza-shantung-blu-notte-768x576.jpg 768w, https:\/\/www.marinigerardi.it\/shop\/wp-content\/uploads\/2021\/10\/top-donna-seta-top-ragazza-shantung-blu-notte.jpg 1024w\" data-image-id=\"1\"><\/div>\n\t\t\t\t\t\t\t<div class=\"wd-product-grid-slide\" data-image-url=\"https:\/\/www.marinigerardi.it\/shop\/wp-content\/uploads\/2021\/10\/top-donna-top-seta-top-da-sera-shantung-blu-cobalto-250x188.jpg\" data-image-srcset=\"https:\/\/www.marinigerardi.it\/shop\/wp-content\/uploads\/2021\/10\/top-donna-top-seta-top-da-sera-shantung-blu-cobalto-250x188.jpg 250w, https:\/\/www.marinigerardi.it\/shop\/wp-content\/uploads\/2021\/10\/top-donna-top-seta-top-da-sera-shantung-blu-cobalto-600x450.jpg 600w, https:\/\/www.marinigerardi.it\/shop\/wp-content\/uploads\/2021\/10\/top-donna-top-seta-top-da-sera-shantung-blu-cobalto-300x225.jpg 300w, https:\/\/www.marinigerardi.it\/shop\/wp-content\/uploads\/2021\/10\/top-donna-top-seta-top-da-sera-shantung-blu-cobalto-768x576.jpg 768w, https:\/\/www.marinigerardi.it\/shop\/wp-content\/uploads\/2021\/10\/top-donna-top-seta-top-da-sera-shantung-blu-cobalto.jpg 1024w\" data-image-id=\"2\"><\/div>\n\t\t\t\t\t<\/div>\n\n\t\t\n\t\t\t\t\t\t\t<div class=\"wd-product-grid-slider-pagin\">\n\t\t\t\t\t\t\t<div data-image-id=\"0\" class=\"wd-product-grid-slider-dot\"><\/div>\n\t\t\t\t\t\t\t<div data-image-id=\"1\" class=\"wd-product-grid-slider-dot\"><\/div>\n\t\t\t\t\t\t\t<div data-image-id=\"2\" class=\"wd-product-grid-slider-dot\"><\/div>\n\t\t\t\t\t<\/div>\n\t\t\t\t\t\t<img decoding=\"async\" width=\"250\" height=\"188\" src=\"https:\/\/www.marinigerardi.it\/shop\/wp-content\/uploads\/2021\/10\/top-donna-top-seta-giorno-sera-shantung-blu-cobalto-250x188.jpg\" class=\"attachment-woocommerce_thumbnail size-woocommerce_thumbnail\" alt=\"Top Donna Top Seta Giorno Sera Shantung Turchese\" srcset=\"https:\/\/www.marinigerardi.it\/shop\/wp-content\/uploads\/2021\/10\/top-donna-top-seta-giorno-sera-shantung-blu-cobalto-250x188.jpg 250w, https:\/\/www.marinigerardi.it\/shop\/wp-content\/uploads\/2021\/10\/top-donna-top-seta-giorno-sera-shantung-blu-cobalto-600x450.jpg 600w, https:\/\/www.marinigerardi.it\/shop\/wp-content\/uploads\/2021\/10\/top-donna-top-seta-giorno-sera-shantung-blu-cobalto-300x225.jpg.avif 300w, https:\/\/www.marinigerardi.it\/shop\/wp-content\/uploads\/2021\/10\/top-donna-top-seta-giorno-sera-shantung-blu-cobalto-768x576.jpg.avif 768w, https:\/\/www.marinigerardi.it\/shop\/wp-content\/uploads\/2021\/10\/top-donna-top-seta-giorno-sera-shantung-blu-cobalto.jpg.webp 1024w\" sizes=\"(max-width: 250px) 100vw, 250px\" \/>\t\t<\/a>\n\n\t\t\n\t\t<div class=\"wd-buttons wd-pos-r-t\">\n\t\t\t\t\t\t\t\t\t\t\t\t\t\t<\/div>\n\t<\/div>\n\n\t\t<div class=\"product-element-bottom\">\n\t\n\t\n\t<h3 class=\"wd-entities-title\"><a href=\"https:\/\/www.marinigerardi.it\/shop\/prodotto\/top-donna-seta-la-movida\/\">Top Donna Seta &#8221; La Movida &#8221; Abbigliamento Teenegers<\/a><\/h3>\n\t\t\t\t\t\t<p class=\"wd-product-stock stock wd-style-default in-stock\">Disponibile<\/p>\n\t\t\n\t\n\t<span class=\"price\">46,00&nbsp;&euro;<\/span>\n\n\t<div class=\"wd-add-btn wd-add-btn-replace\">\n\t\t\n\t\t<a href=\"https:\/\/www.marinigerardi.it\/shop\/prodotto\/top-donna-seta-la-movida\/\" class=\"button product_type_simple add-to-cart-loop mg-detail-btn\"><span class=\"wd-action-icon\"><span class=\"wd-check-icon\"><\/span><\/span><span class=\"wd-action-text\">Vedi dettagli<\/span><\/a>\t<\/div>\n\n\t\n\t\n\t\t\t<\/div>\n\t<\/div>\n<\/div>\n<div class=\"wd-product wd-col wd-hover-standard product-grid-item product type-product post-62470 status-publish first instock product_cat-borse-donna product_tag-borsa-donna has-post-thumbnail sale taxable shipping-taxable purchasable product-type-simple\" data-loop=\"6\" data-id=\"62470\">\n\t\n<div class=\"wd-product-wrapper product-wrapper\">\n\t<div class=\"wd-product-thumb product-element-top wd-quick-shop\">\n\t\t<a href=\"https:\/\/www.marinigerardi.it\/shop\/prodotto\/borsa-a-secchiello-seta\/\" class=\"wd-product-img-link product-image-link\" tabindex=\"-1\" aria-label=\"SWEET MOLLY &#8211; Borsa a Secchiello Seta  o Sacchetto con tracolla Porta Cellulare\">\n\t\t\t\t\t<div class=\"wd-product-grid-slider wd-fill\">\n\t\t\t\t\t\t\t<div class=\"wd-product-grid-slide\" data-image-url=\"https:\/\/www.marinigerardi.it\/shop\/wp-content\/uploads\/2023\/09\/Borsa-a-Secchiello-Seta-Elegante-sacchetto-con-laccetti-250x188.jpg\" data-image-srcset=\"https:\/\/www.marinigerardi.it\/shop\/wp-content\/uploads\/2023\/09\/Borsa-a-Secchiello-Seta-Elegante-sacchetto-con-laccetti-250x188.jpg 250w, https:\/\/www.marinigerardi.it\/shop\/wp-content\/uploads\/2023\/09\/Borsa-a-Secchiello-Seta-Elegante-sacchetto-con-laccetti-600x450.jpg 600w, https:\/\/www.marinigerardi.it\/shop\/wp-content\/uploads\/2023\/09\/Borsa-a-Secchiello-Seta-Elegante-sacchetto-con-laccetti-300x225.jpg 300w, https:\/\/www.marinigerardi.it\/shop\/wp-content\/uploads\/2023\/09\/Borsa-a-Secchiello-Seta-Elegante-sacchetto-con-laccetti-768x576.jpg 768w, https:\/\/www.marinigerardi.it\/shop\/wp-content\/uploads\/2023\/09\/Borsa-a-Secchiello-Seta-Elegante-sacchetto-con-laccetti.jpg 1024w\" data-image-id=\"0\"><\/div>\n\t\t\t\t\t\t\t<div class=\"wd-product-grid-slide\" data-image-url=\"https:\/\/www.marinigerardi.it\/shop\/wp-content\/uploads\/2023\/09\/Borsa-a-sacchetto-in-seta-elegante-con-laccetti-250x188.jpg\" data-image-srcset=\"https:\/\/www.marinigerardi.it\/shop\/wp-content\/uploads\/2023\/09\/Borsa-a-sacchetto-in-seta-elegante-con-laccetti-250x188.jpg 250w, https:\/\/www.marinigerardi.it\/shop\/wp-content\/uploads\/2023\/09\/Borsa-a-sacchetto-in-seta-elegante-con-laccetti-600x450.jpg 600w, https:\/\/www.marinigerardi.it\/shop\/wp-content\/uploads\/2023\/09\/Borsa-a-sacchetto-in-seta-elegante-con-laccetti-300x225.jpg 300w, https:\/\/www.marinigerardi.it\/shop\/wp-content\/uploads\/2023\/09\/Borsa-a-sacchetto-in-seta-elegante-con-laccetti-768x576.jpg 768w, https:\/\/www.marinigerardi.it\/shop\/wp-content\/uploads\/2023\/09\/Borsa-a-sacchetto-in-seta-elegante-con-laccetti.jpg 1024w\" data-image-id=\"1\"><\/div>\n\t\t\t\t\t\t\t<div class=\"wd-product-grid-slide\" data-image-url=\"https:\/\/www.marinigerardi.it\/shop\/wp-content\/uploads\/2023\/09\/Borsa-a-Secchiello-Seta-shantung-Eleganti-a-sacchetto-con-laccetti-250x188.jpg\" data-image-srcset=\"https:\/\/www.marinigerardi.it\/shop\/wp-content\/uploads\/2023\/09\/Borsa-a-Secchiello-Seta-shantung-Eleganti-a-sacchetto-con-laccetti-250x188.jpg 250w, https:\/\/www.marinigerardi.it\/shop\/wp-content\/uploads\/2023\/09\/Borsa-a-Secchiello-Seta-shantung-Eleganti-a-sacchetto-con-laccetti-600x450.jpg 600w, https:\/\/www.marinigerardi.it\/shop\/wp-content\/uploads\/2023\/09\/Borsa-a-Secchiello-Seta-shantung-Eleganti-a-sacchetto-con-laccetti-300x225.jpg 300w, https:\/\/www.marinigerardi.it\/shop\/wp-content\/uploads\/2023\/09\/Borsa-a-Secchiello-Seta-shantung-Eleganti-a-sacchetto-con-laccetti-768x576.jpg 768w, https:\/\/www.marinigerardi.it\/shop\/wp-content\/uploads\/2023\/09\/Borsa-a-Secchiello-Seta-shantung-Eleganti-a-sacchetto-con-laccetti.jpg 1024w\" data-image-id=\"2\"><\/div>\n\t\t\t\t\t<\/div>\n\n\t\t\n\t\t\t\t\t\t\t<div class=\"wd-product-grid-slider-pagin\">\n\t\t\t\t\t\t\t<div data-image-id=\"0\" class=\"wd-product-grid-slider-dot\"><\/div>\n\t\t\t\t\t\t\t<div data-image-id=\"1\" class=\"wd-product-grid-slider-dot\"><\/div>\n\t\t\t\t\t\t\t<div data-image-id=\"2\" class=\"wd-product-grid-slider-dot\"><\/div>\n\t\t\t\t\t<\/div>\n\t\t\t\t\t\t<img decoding=\"async\" width=\"250\" height=\"188\" src=\"https:\/\/www.marinigerardi.it\/shop\/wp-content\/uploads\/2023\/09\/Borsa-a-Secchiello-Seta-Elegante-sacchetto-con-laccetti-250x188.jpg\" class=\"attachment-woocommerce_thumbnail size-woocommerce_thumbnail\" alt=\"Borsa a secchiello seta elegante sacchetto con laccetti\" srcset=\"https:\/\/www.marinigerardi.it\/shop\/wp-content\/uploads\/2023\/09\/Borsa-a-Secchiello-Seta-Elegante-sacchetto-con-laccetti-250x188.jpg 250w, https:\/\/www.marinigerardi.it\/shop\/wp-content\/uploads\/2023\/09\/Borsa-a-Secchiello-Seta-Elegante-sacchetto-con-laccetti-600x450.jpg 600w, https:\/\/www.marinigerardi.it\/shop\/wp-content\/uploads\/2023\/09\/Borsa-a-Secchiello-Seta-Elegante-sacchetto-con-laccetti-300x225.jpg.avif 300w, https:\/\/www.marinigerardi.it\/shop\/wp-content\/uploads\/2023\/09\/Borsa-a-Secchiello-Seta-Elegante-sacchetto-con-laccetti-768x576.jpg.avif 768w, https:\/\/www.marinigerardi.it\/shop\/wp-content\/uploads\/2023\/09\/Borsa-a-Secchiello-Seta-Elegante-sacchetto-con-laccetti.jpg.webp 1024w\" sizes=\"(max-width: 250px) 100vw, 250px\" \/>\t\t<\/a>\n\n\t\t\t\t\t<div class=\"product-labels labels-rectangular\">\n\t\t\t\t<span class=\"onsale product-label wd-shape-rect-sm\">-34%<\/span>\t\t\t<\/div>\n\t\t\t\n\t\t<div class=\"wd-buttons wd-pos-r-t\">\n\t\t\t\t\t\t\t\t\t\t\t\t\t\t<\/div>\n\t<\/div>\n\n\t\t<div class=\"product-element-bottom\">\n\t\n\t\n\t<h3 class=\"wd-entities-title\"><a href=\"https:\/\/www.marinigerardi.it\/shop\/prodotto\/borsa-a-secchiello-seta\/\">SWEET MOLLY &#8211; Borsa a Secchiello Seta  o Sacchetto con tracolla Porta Cellulare<\/a><\/h3>\n\t\t\t\t\t\t<p class=\"wd-product-stock stock wd-style-default in-stock\">Disponibile<\/p>\n\t\t\n\t\n\t<span class=\"price\">38,00&nbsp;&euro;<\/span>\n\n\t<div class=\"wd-add-btn wd-add-btn-replace\">\n\t\t\n\t\t<a href=\"https:\/\/www.marinigerardi.it\/shop\/prodotto\/borsa-a-secchiello-seta\/\" class=\"button product_type_simple add-to-cart-loop mg-detail-btn\"><span class=\"wd-action-icon\"><span class=\"wd-check-icon\"><\/span><\/span><span class=\"wd-action-text\">Vedi dettagli<\/span><\/a>\t<\/div>\n\n\t\n\t\n\t\t\t<\/div>\n\t<\/div>\n<\/div>\n<div class=\"wd-product wd-col wd-hover-standard product-grid-item product type-product post-8413 status-publish last instock product_cat-borse-donna product_tag-borsa-donna has-post-thumbnail sale taxable shipping-taxable purchasable product-type-simple\" data-loop=\"7\" data-id=\"8413\">\n\t\n<div class=\"wd-product-wrapper product-wrapper\">\n\t<div class=\"wd-product-thumb product-element-top wd-quick-shop\">\n\t\t<a href=\"https:\/\/www.marinigerardi.it\/shop\/prodotto\/fanny-bag-borse-a-tracolla\/\" class=\"wd-product-img-link product-image-link\" tabindex=\"-1\" aria-label=\"FANNY BAG &#8211; Borse a Tracolla Donna\">\n\t\t\t\t\t<div class=\"wd-product-grid-slider wd-fill\">\n\t\t\t\t\t\t\t<div class=\"wd-product-grid-slide\" data-image-url=\"https:\/\/www.marinigerardi.it\/shop\/wp-content\/uploads\/2021\/01\/borse-a-tracolla-fanny-bag-moda-estate.inverno-250x188.jpg\" data-image-srcset=\"https:\/\/www.marinigerardi.it\/shop\/wp-content\/uploads\/2021\/01\/borse-a-tracolla-fanny-bag-moda-estate.inverno-250x188.jpg 250w, https:\/\/www.marinigerardi.it\/shop\/wp-content\/uploads\/2021\/01\/borse-a-tracolla-fanny-bag-moda-estate.inverno-600x450.jpg 600w, https:\/\/www.marinigerardi.it\/shop\/wp-content\/uploads\/2021\/01\/borse-a-tracolla-fanny-bag-moda-estate.inverno-300x225.jpg 300w, https:\/\/www.marinigerardi.it\/shop\/wp-content\/uploads\/2021\/01\/borse-a-tracolla-fanny-bag-moda-estate.inverno-768x576.jpg 768w, https:\/\/www.marinigerardi.it\/shop\/wp-content\/uploads\/2021\/01\/borse-a-tracolla-fanny-bag-moda-estate.inverno.jpg 1024w\" data-image-id=\"0\"><\/div>\n\t\t\t\t\t\t\t<div class=\"wd-product-grid-slide\" data-image-url=\"https:\/\/www.marinigerardi.it\/shop\/wp-content\/uploads\/2021\/01\/borsa-con-manici-melanzana-blu-fanny-bag-moda-estate-inverno-250x188.jpg\" data-image-srcset=\"https:\/\/www.marinigerardi.it\/shop\/wp-content\/uploads\/2021\/01\/borsa-con-manici-melanzana-blu-fanny-bag-moda-estate-inverno-250x188.jpg 250w, https:\/\/www.marinigerardi.it\/shop\/wp-content\/uploads\/2021\/01\/borsa-con-manici-melanzana-blu-fanny-bag-moda-estate-inverno-600x450.jpg 600w, https:\/\/www.marinigerardi.it\/shop\/wp-content\/uploads\/2021\/01\/borsa-con-manici-melanzana-blu-fanny-bag-moda-estate-inverno-300x225.jpg 300w, https:\/\/www.marinigerardi.it\/shop\/wp-content\/uploads\/2021\/01\/borsa-con-manici-melanzana-blu-fanny-bag-moda-estate-inverno-768x576.jpg 768w, https:\/\/www.marinigerardi.it\/shop\/wp-content\/uploads\/2021\/01\/borsa-con-manici-melanzana-blu-fanny-bag-moda-estate-inverno.jpg 1024w\" data-image-id=\"1\"><\/div>\n\t\t\t\t\t\t\t<div class=\"wd-product-grid-slide\" data-image-url=\"https:\/\/www.marinigerardi.it\/shop\/wp-content\/uploads\/2021\/01\/borse-tracolla-fanny-bag-moda-estate-inverno-250x188.jpg\" data-image-srcset=\"https:\/\/www.marinigerardi.it\/shop\/wp-content\/uploads\/2021\/01\/borse-tracolla-fanny-bag-moda-estate-inverno-250x188.jpg 250w, https:\/\/www.marinigerardi.it\/shop\/wp-content\/uploads\/2021\/01\/borse-tracolla-fanny-bag-moda-estate-inverno-600x450.jpg 600w, https:\/\/www.marinigerardi.it\/shop\/wp-content\/uploads\/2021\/01\/borse-tracolla-fanny-bag-moda-estate-inverno-300x225.jpg 300w, https:\/\/www.marinigerardi.it\/shop\/wp-content\/uploads\/2021\/01\/borse-tracolla-fanny-bag-moda-estate-inverno-768x576.jpg 768w, https:\/\/www.marinigerardi.it\/shop\/wp-content\/uploads\/2021\/01\/borse-tracolla-fanny-bag-moda-estate-inverno.jpg 1024w\" data-image-id=\"2\"><\/div>\n\t\t\t\t\t<\/div>\n\n\t\t\n\t\t\t\t\t\t\t<div class=\"wd-product-grid-slider-pagin\">\n\t\t\t\t\t\t\t<div data-image-id=\"0\" class=\"wd-product-grid-slider-dot\"><\/div>\n\t\t\t\t\t\t\t<div data-image-id=\"1\" class=\"wd-product-grid-slider-dot\"><\/div>\n\t\t\t\t\t\t\t<div data-image-id=\"2\" class=\"wd-product-grid-slider-dot\"><\/div>\n\t\t\t\t\t<\/div>\n\t\t\t\t\t\t<img decoding=\"async\" width=\"250\" height=\"188\" src=\"https:\/\/www.marinigerardi.it\/shop\/wp-content\/uploads\/2021\/01\/borse-a-tracolla-fanny-bag-moda-estate.inverno-250x188.jpg\" class=\"attachment-woocommerce_thumbnail size-woocommerce_thumbnail\" alt=\"Borse A Tracolla Fanny Bag Moda Estate Inverno\" srcset=\"https:\/\/www.marinigerardi.it\/shop\/wp-content\/uploads\/2021\/01\/borse-a-tracolla-fanny-bag-moda-estate.inverno-250x188.jpg 250w, https:\/\/www.marinigerardi.it\/shop\/wp-content\/uploads\/2021\/01\/borse-a-tracolla-fanny-bag-moda-estate.inverno-600x450.jpg 600w, https:\/\/www.marinigerardi.it\/shop\/wp-content\/uploads\/2021\/01\/borse-a-tracolla-fanny-bag-moda-estate.inverno-300x225.jpg.avif 300w, https:\/\/www.marinigerardi.it\/shop\/wp-content\/uploads\/2021\/01\/borse-a-tracolla-fanny-bag-moda-estate.inverno-768x576.jpg.avif 768w, https:\/\/www.marinigerardi.it\/shop\/wp-content\/uploads\/2021\/01\/borse-a-tracolla-fanny-bag-moda-estate.inverno.jpg.webp 1024w\" sizes=\"(max-width: 250px) 100vw, 250px\" \/>\t\t<\/a>\n\n\t\t\t\t\t<div class=\"product-labels labels-rectangular\">\n\t\t\t\t<span class=\"onsale product-label wd-shape-rect-sm\">-37%<\/span>\t\t\t<\/div>\n\t\t\t\n\t\t<div class=\"wd-buttons wd-pos-r-t\">\n\t\t\t\t\t\t\t\t\t\t\t\t\t\t<\/div>\n\t<\/div>\n\n\t\t<div class=\"product-element-bottom\">\n\t\n\t\n\t<h3 class=\"wd-entities-title\"><a href=\"https:\/\/www.marinigerardi.it\/shop\/prodotto\/fanny-bag-borse-a-tracolla\/\">FANNY BAG &#8211; Borse a Tracolla Donna<\/a><\/h3>\n\t\t\t\t\t\t<p class=\"wd-product-stock stock wd-style-default in-stock\">Disponibile<\/p>\n\t\t\n\t\n\t<span class=\"price\">99,50&nbsp;&euro;<\/span>\n\n\t<div class=\"wd-add-btn wd-add-btn-replace\">\n\t\t\n\t\t<a href=\"https:\/\/www.marinigerardi.it\/shop\/prodotto\/fanny-bag-borse-a-tracolla\/\" class=\"button product_type_simple add-to-cart-loop mg-detail-btn\"><span class=\"wd-action-icon\"><span class=\"wd-check-icon\"><\/span><\/span><span class=\"wd-action-text\">Vedi dettagli<\/span><\/a>\t<\/div>\n\n\t\n\t\n\t\t\t<\/div>\n\t<\/div>\n<\/div>\n<div class=\"wd-product wd-col wd-hover-standard product-grid-item product type-product post-8186 status-publish first instock product_cat-pochette product_tag-borsa-donna has-post-thumbnail sale taxable shipping-taxable purchasable product-type-simple\" data-loop=\"8\" data-id=\"8186\">\n\t\n<div class=\"wd-product-wrapper product-wrapper\">\n\t<div class=\"wd-product-thumb product-element-top wd-quick-shop\">\n\t\t<a href=\"https:\/\/www.marinigerardi.it\/shop\/prodotto\/borsa-pochette-donna-sara\/\" class=\"wd-product-img-link product-image-link\" tabindex=\"-1\" aria-label=\"SARA &#8211; Borsa Pochette Donna\">\n\t\t\t\t\t<div class=\"wd-product-grid-slider wd-fill\">\n\t\t\t\t\t\t\t<div class=\"wd-product-grid-slide\" data-image-url=\"https:\/\/www.marinigerardi.it\/shop\/wp-content\/uploads\/2021\/01\/borsetta-pochette-da-donna-arancio-design-250x188.jpg\" data-image-srcset=\"https:\/\/www.marinigerardi.it\/shop\/wp-content\/uploads\/2021\/01\/borsetta-pochette-da-donna-arancio-design-250x188.jpg 250w, https:\/\/www.marinigerardi.it\/shop\/wp-content\/uploads\/2021\/01\/borsetta-pochette-da-donna-arancio-design-600x450.jpg 600w, https:\/\/www.marinigerardi.it\/shop\/wp-content\/uploads\/2021\/01\/borsetta-pochette-da-donna-arancio-design-300x225.jpg 300w, https:\/\/www.marinigerardi.it\/shop\/wp-content\/uploads\/2021\/01\/borsetta-pochette-da-donna-arancio-design-768x576.jpg 768w, https:\/\/www.marinigerardi.it\/shop\/wp-content\/uploads\/2021\/01\/borsetta-pochette-da-donna-arancio-design.jpg 1024w\" data-image-id=\"0\"><\/div>\n\t\t\t\t\t\t\t<div class=\"wd-product-grid-slide\" data-image-url=\"https:\/\/www.marinigerardi.it\/shop\/wp-content\/uploads\/2021\/01\/borsa-pochette-donna-design-italiano-Sara-1-250x188.jpg\" data-image-srcset=\"https:\/\/www.marinigerardi.it\/shop\/wp-content\/uploads\/2021\/01\/borsa-pochette-donna-design-italiano-Sara-1-250x188.jpg 250w, https:\/\/www.marinigerardi.it\/shop\/wp-content\/uploads\/2021\/01\/borsa-pochette-donna-design-italiano-Sara-1-600x450.jpg 600w, https:\/\/www.marinigerardi.it\/shop\/wp-content\/uploads\/2021\/01\/borsa-pochette-donna-design-italiano-Sara-1-300x225.jpg 300w, https:\/\/www.marinigerardi.it\/shop\/wp-content\/uploads\/2021\/01\/borsa-pochette-donna-design-italiano-Sara-1-768x576.jpg 768w, https:\/\/www.marinigerardi.it\/shop\/wp-content\/uploads\/2021\/01\/borsa-pochette-donna-design-italiano-Sara-1.jpg 1024w\" data-image-id=\"1\"><\/div>\n\t\t\t\t\t\t\t<div class=\"wd-product-grid-slide\" data-image-url=\"https:\/\/www.marinigerardi.it\/shop\/wp-content\/uploads\/2021\/01\/borsetta-pochette-da-donna-giallo-design-italia-250x188.jpg\" data-image-srcset=\"https:\/\/www.marinigerardi.it\/shop\/wp-content\/uploads\/2021\/01\/borsetta-pochette-da-donna-giallo-design-italia-250x188.jpg 250w, https:\/\/www.marinigerardi.it\/shop\/wp-content\/uploads\/2021\/01\/borsetta-pochette-da-donna-giallo-design-italia-600x450.jpg 600w, https:\/\/www.marinigerardi.it\/shop\/wp-content\/uploads\/2021\/01\/borsetta-pochette-da-donna-giallo-design-italia-300x225.jpg 300w, https:\/\/www.marinigerardi.it\/shop\/wp-content\/uploads\/2021\/01\/borsetta-pochette-da-donna-giallo-design-italia-768x576.jpg 768w, https:\/\/www.marinigerardi.it\/shop\/wp-content\/uploads\/2021\/01\/borsetta-pochette-da-donna-giallo-design-italia.jpg 1024w\" data-image-id=\"2\"><\/div>\n\t\t\t\t\t<\/div>\n\n\t\t\n\t\t\t\t\t\t\t<div class=\"wd-product-grid-slider-pagin\">\n\t\t\t\t\t\t\t<div data-image-id=\"0\" class=\"wd-product-grid-slider-dot\"><\/div>\n\t\t\t\t\t\t\t<div data-image-id=\"1\" class=\"wd-product-grid-slider-dot\"><\/div>\n\t\t\t\t\t\t\t<div data-image-id=\"2\" class=\"wd-product-grid-slider-dot\"><\/div>\n\t\t\t\t\t<\/div>\n\t\t\t\t\t\t<img decoding=\"async\" width=\"250\" height=\"188\" src=\"https:\/\/www.marinigerardi.it\/shop\/wp-content\/uploads\/2021\/01\/borsetta-pochette-da-donna-arancio-design-250x188.jpg\" class=\"attachment-woocommerce_thumbnail size-woocommerce_thumbnail\" alt=\"Borsetta Pochette Da Donna Arancio Design\" srcset=\"https:\/\/www.marinigerardi.it\/shop\/wp-content\/uploads\/2021\/01\/borsetta-pochette-da-donna-arancio-design-250x188.jpg 250w, https:\/\/www.marinigerardi.it\/shop\/wp-content\/uploads\/2021\/01\/borsetta-pochette-da-donna-arancio-design-600x450.jpg 600w, https:\/\/www.marinigerardi.it\/shop\/wp-content\/uploads\/2021\/01\/borsetta-pochette-da-donna-arancio-design-300x225.jpg.avif 300w, https:\/\/www.marinigerardi.it\/shop\/wp-content\/uploads\/2021\/01\/borsetta-pochette-da-donna-arancio-design-768x576.jpg.avif 768w, https:\/\/www.marinigerardi.it\/shop\/wp-content\/uploads\/2021\/01\/borsetta-pochette-da-donna-arancio-design.jpg.webp 1024w\" sizes=\"(max-width: 250px) 100vw, 250px\" \/>\t\t<\/a>\n\n\t\t\t\t\t<div class=\"product-labels labels-rectangular\">\n\t\t\t\t<span class=\"onsale product-label wd-shape-rect-sm\">-31%<\/span>\t\t\t<\/div>\n\t\t\t\n\t\t<div class=\"wd-buttons wd-pos-r-t\">\n\t\t\t\t\t\t\t\t\t\t\t\t\t\t<\/div>\n\t<\/div>\n\n\t\t<div class=\"product-element-bottom\">\n\t\n\t\n\t<h3 class=\"wd-entities-title\"><a href=\"https:\/\/www.marinigerardi.it\/shop\/prodotto\/borsa-pochette-donna-sara\/\">SARA &#8211; Borsa Pochette Donna<\/a><\/h3>\n\t\t\t\t\t\t<p class=\"wd-product-stock stock wd-style-default in-stock\">Disponibile<\/p>\n\t\t\n\t\n\t<span class=\"price\">45,00&nbsp;&euro;<\/span>\n\n\t<div class=\"wd-add-btn wd-add-btn-replace\">\n\t\t\n\t\t<a href=\"https:\/\/www.marinigerardi.it\/shop\/prodotto\/borsa-pochette-donna-sara\/\" class=\"button product_type_simple add-to-cart-loop mg-detail-btn\"><span class=\"wd-action-icon\"><span class=\"wd-check-icon\"><\/span><\/span><span class=\"wd-action-text\">Vedi dettagli<\/span><\/a>\t<\/div>\n\n\t\n\t\n\t\t\t<\/div>\n\t<\/div>\n<\/div>\n<div class=\"wd-product wd-col wd-hover-standard product-grid-item product type-product post-8167 status-publish last instock product_cat-borse-donna product_tag-borsa-donna product_tag-borsa-sacco-donna has-post-thumbnail sale taxable shipping-taxable purchasable product-type-simple\" data-loop=\"9\" data-id=\"8167\">\n\t\n<div class=\"wd-product-wrapper product-wrapper\">\n\t<div class=\"wd-product-thumb product-element-top wd-quick-shop\">\n\t\t<a href=\"https:\/\/www.marinigerardi.it\/shop\/prodotto\/vale-borse-a-tracolla\/\" class=\"wd-product-img-link product-image-link\" tabindex=\"-1\" aria-label=\"VALE &#8211; Borse a Tracolla Grandi\">\n\t\t\t\t\t<div class=\"wd-product-grid-slider wd-fill\">\n\t\t\t\t\t\t\t<div class=\"wd-product-grid-slide\" data-image-url=\"https:\/\/www.marinigerardi.it\/shop\/wp-content\/uploads\/2021\/01\/borsa-a-tracolla-moda-donna-a-secchiello-juta-blu-250x188.jpg\" data-image-srcset=\"https:\/\/www.marinigerardi.it\/shop\/wp-content\/uploads\/2021\/01\/borsa-a-tracolla-moda-donna-a-secchiello-juta-blu-250x188.jpg 250w, https:\/\/www.marinigerardi.it\/shop\/wp-content\/uploads\/2021\/01\/borsa-a-tracolla-moda-donna-a-secchiello-juta-blu-300x225.jpg 300w, https:\/\/www.marinigerardi.it\/shop\/wp-content\/uploads\/2021\/01\/borsa-a-tracolla-moda-donna-a-secchiello-juta-blu-768x576.jpg 768w, https:\/\/www.marinigerardi.it\/shop\/wp-content\/uploads\/2021\/01\/borsa-a-tracolla-moda-donna-a-secchiello-juta-blu-600x450.jpg 600w, https:\/\/www.marinigerardi.it\/shop\/wp-content\/uploads\/2021\/01\/borsa-a-tracolla-moda-donna-a-secchiello-juta-blu.jpg 1024w\" data-image-id=\"0\"><\/div>\n\t\t\t\t\t\t\t<div class=\"wd-product-grid-slide\" data-image-url=\"https:\/\/www.marinigerardi.it\/shop\/wp-content\/uploads\/2021\/01\/borsa-a-tracolla-donna-a-secchiello-yute-canvas-Vale-1-250x188.jpg\" data-image-srcset=\"https:\/\/www.marinigerardi.it\/shop\/wp-content\/uploads\/2021\/01\/borsa-a-tracolla-donna-a-secchiello-yute-canvas-Vale-1-250x188.jpg 250w, https:\/\/www.marinigerardi.it\/shop\/wp-content\/uploads\/2021\/01\/borsa-a-tracolla-donna-a-secchiello-yute-canvas-Vale-1-600x450.jpg 600w, https:\/\/www.marinigerardi.it\/shop\/wp-content\/uploads\/2021\/01\/borsa-a-tracolla-donna-a-secchiello-yute-canvas-Vale-1-300x225.jpg 300w, https:\/\/www.marinigerardi.it\/shop\/wp-content\/uploads\/2021\/01\/borsa-a-tracolla-donna-a-secchiello-yute-canvas-Vale-1-768x576.jpg 768w, https:\/\/www.marinigerardi.it\/shop\/wp-content\/uploads\/2021\/01\/borsa-a-tracolla-donna-a-secchiello-yute-canvas-Vale-1.jpg 1024w\" data-image-id=\"1\"><\/div>\n\t\t\t\t\t\t\t<div class=\"wd-product-grid-slide\" data-image-url=\"https:\/\/www.marinigerardi.it\/shop\/wp-content\/uploads\/2021\/10\/borsa-a-tracolla-donna-a-secchiello-in-tessuto-giallo-250x188.jpg\" data-image-srcset=\"https:\/\/www.marinigerardi.it\/shop\/wp-content\/uploads\/2021\/10\/borsa-a-tracolla-donna-a-secchiello-in-tessuto-giallo-250x188.jpg 250w, https:\/\/www.marinigerardi.it\/shop\/wp-content\/uploads\/2021\/10\/borsa-a-tracolla-donna-a-secchiello-in-tessuto-giallo-600x450.jpg 600w, https:\/\/www.marinigerardi.it\/shop\/wp-content\/uploads\/2021\/10\/borsa-a-tracolla-donna-a-secchiello-in-tessuto-giallo-300x225.jpg 300w, https:\/\/www.marinigerardi.it\/shop\/wp-content\/uploads\/2021\/10\/borsa-a-tracolla-donna-a-secchiello-in-tessuto-giallo-768x576.jpg 768w, https:\/\/www.marinigerardi.it\/shop\/wp-content\/uploads\/2021\/10\/borsa-a-tracolla-donna-a-secchiello-in-tessuto-giallo.jpg 1024w\" data-image-id=\"2\"><\/div>\n\t\t\t\t\t<\/div>\n\n\t\t\n\t\t\t\t\t\t\t<div class=\"wd-product-grid-slider-pagin\">\n\t\t\t\t\t\t\t<div data-image-id=\"0\" class=\"wd-product-grid-slider-dot\"><\/div>\n\t\t\t\t\t\t\t<div data-image-id=\"1\" class=\"wd-product-grid-slider-dot\"><\/div>\n\t\t\t\t\t\t\t<div data-image-id=\"2\" class=\"wd-product-grid-slider-dot\"><\/div>\n\t\t\t\t\t<\/div>\n\t\t\t\t\t\t<img decoding=\"async\" width=\"250\" height=\"188\" src=\"https:\/\/www.marinigerardi.it\/shop\/wp-content\/uploads\/2021\/01\/borsa-a-tracolla-moda-donna-a-secchiello-juta-blu-250x188.jpg.avif\" class=\"attachment-woocommerce_thumbnail size-woocommerce_thumbnail\" alt=\"VALE - Borse a Tracolla Grandi\" srcset=\"https:\/\/www.marinigerardi.it\/shop\/wp-content\/uploads\/2021\/01\/borsa-a-tracolla-moda-donna-a-secchiello-juta-blu-250x188.jpg.avif 250w, https:\/\/www.marinigerardi.it\/shop\/wp-content\/uploads\/2021\/01\/borsa-a-tracolla-moda-donna-a-secchiello-juta-blu-300x225.jpg.avif 300w, https:\/\/www.marinigerardi.it\/shop\/wp-content\/uploads\/2021\/01\/borsa-a-tracolla-moda-donna-a-secchiello-juta-blu-768x576.jpg.avif 768w, https:\/\/www.marinigerardi.it\/shop\/wp-content\/uploads\/2021\/01\/borsa-a-tracolla-moda-donna-a-secchiello-juta-blu-600x450.jpg.avif 600w, https:\/\/www.marinigerardi.it\/shop\/wp-content\/uploads\/2021\/01\/borsa-a-tracolla-moda-donna-a-secchiello-juta-blu.jpg.avif 1024w\" sizes=\"(max-width: 250px) 100vw, 250px\" \/>\t\t<\/a>\n\n\t\t\t\t\t<div class=\"product-labels labels-rectangular\">\n\t\t\t\t<span class=\"onsale product-label wd-shape-rect-sm\">-36%<\/span>\t\t\t<\/div>\n\t\t\t\n\t\t<div class=\"wd-buttons wd-pos-r-t\">\n\t\t\t\t\t\t\t\t\t\t\t\t\t\t<\/div>\n\t<\/div>\n\n\t\t<div class=\"product-element-bottom\">\n\t\n\t\n\t<h3 class=\"wd-entities-title\"><a href=\"https:\/\/www.marinigerardi.it\/shop\/prodotto\/vale-borse-a-tracolla\/\">VALE &#8211; Borse a Tracolla Grandi<\/a><\/h3>\n\t\t\t\t\t\t<p class=\"wd-product-stock stock wd-style-default in-stock\">Disponibile<\/p>\n\t\t\n\t\n\t<span class=\"price\">78,00&nbsp;&euro; <small class=\"woocommerce-price-suffix\">IVA incl.<\/small><\/span>\n\n\t<div class=\"wd-add-btn wd-add-btn-replace\">\n\t\t\n\t\t<a href=\"https:\/\/www.marinigerardi.it\/shop\/prodotto\/vale-borse-a-tracolla\/\" class=\"button product_type_simple add-to-cart-loop mg-detail-btn\"><span class=\"wd-action-icon\"><span class=\"wd-check-icon\"><\/span><\/span><span class=\"wd-action-text\">Vedi dettagli<\/span><\/a>\t<\/div>\n\n\t\n\t\n\t\t\t<\/div>\n\t<\/div>\n<\/div>\n<div class=\"wd-product wd-col wd-hover-standard product-grid-item product type-product post-8140 status-publish first instock product_cat-borse-donna product_tag-borsa-donna product_tag-borsa-sacco-donna has-post-thumbnail taxable shipping-taxable purchasable product-type-simple\" data-loop=\"10\" data-id=\"8140\">\n\t\n<div class=\"wd-product-wrapper product-wrapper\">\n\t<div class=\"wd-product-thumb product-element-top wd-quick-shop\">\n\t\t<a href=\"https:\/\/www.marinigerardi.it\/shop\/prodotto\/borsa-sacco-patty-box\/\" class=\"wd-product-img-link product-image-link\" tabindex=\"-1\" aria-label=\"Patty Box &#8211; Borsa Sacco\">\n\t\t\t\t\t<div class=\"wd-product-grid-slider wd-fill\">\n\t\t\t\t\t\t\t<div class=\"wd-product-grid-slide\" data-image-url=\"https:\/\/www.marinigerardi.it\/shop\/wp-content\/uploads\/2021\/01\/borsa-sacco-in-tessuto-moda-italiana-Patty-blu-250x188.jpg\" data-image-srcset=\"https:\/\/www.marinigerardi.it\/shop\/wp-content\/uploads\/2021\/01\/borsa-sacco-in-tessuto-moda-italiana-Patty-blu-250x188.jpg 250w, https:\/\/www.marinigerardi.it\/shop\/wp-content\/uploads\/2021\/01\/borsa-sacco-in-tessuto-moda-italiana-Patty-blu-600x450.jpg 600w, https:\/\/www.marinigerardi.it\/shop\/wp-content\/uploads\/2021\/01\/borsa-sacco-in-tessuto-moda-italiana-Patty-blu-300x225.jpg 300w, https:\/\/www.marinigerardi.it\/shop\/wp-content\/uploads\/2021\/01\/borsa-sacco-in-tessuto-moda-italiana-Patty-blu-768x576.jpg 768w, https:\/\/www.marinigerardi.it\/shop\/wp-content\/uploads\/2021\/01\/borsa-sacco-in-tessuto-moda-italiana-Patty-blu.jpg 1024w\" data-image-id=\"0\"><\/div>\n\t\t\t\t\t\t\t<div class=\"wd-product-grid-slide\" data-image-url=\"https:\/\/www.marinigerardi.it\/shop\/wp-content\/uploads\/2021\/01\/grande-borsa-sacco-design-moda-italia-Patty-blu-250x188.jpg\" data-image-srcset=\"https:\/\/www.marinigerardi.it\/shop\/wp-content\/uploads\/2021\/01\/grande-borsa-sacco-design-moda-italia-Patty-blu-250x188.jpg 250w, https:\/\/www.marinigerardi.it\/shop\/wp-content\/uploads\/2021\/01\/grande-borsa-sacco-design-moda-italia-Patty-blu-600x450.jpg 600w, https:\/\/www.marinigerardi.it\/shop\/wp-content\/uploads\/2021\/01\/grande-borsa-sacco-design-moda-italia-Patty-blu-300x225.jpg 300w, https:\/\/www.marinigerardi.it\/shop\/wp-content\/uploads\/2021\/01\/grande-borsa-sacco-design-moda-italia-Patty-blu-768x576.jpg 768w, https:\/\/www.marinigerardi.it\/shop\/wp-content\/uploads\/2021\/01\/grande-borsa-sacco-design-moda-italia-Patty-blu.jpg 1024w\" data-image-id=\"1\"><\/div>\n\t\t\t\t\t\t\t<div class=\"wd-product-grid-slide\" data-image-url=\"https:\/\/www.marinigerardi.it\/shop\/wp-content\/uploads\/2021\/01\/borsa-sacco-giorno-sera-in-tessuto-design-moda-italia-Patty-box-250x188.jpg\" data-image-srcset=\"https:\/\/www.marinigerardi.it\/shop\/wp-content\/uploads\/2021\/01\/borsa-sacco-giorno-sera-in-tessuto-design-moda-italia-Patty-box-250x188.jpg 250w, https:\/\/www.marinigerardi.it\/shop\/wp-content\/uploads\/2021\/01\/borsa-sacco-giorno-sera-in-tessuto-design-moda-italia-Patty-box-600x450.jpg 600w, https:\/\/www.marinigerardi.it\/shop\/wp-content\/uploads\/2021\/01\/borsa-sacco-giorno-sera-in-tessuto-design-moda-italia-Patty-box-300x225.jpg 300w, https:\/\/www.marinigerardi.it\/shop\/wp-content\/uploads\/2021\/01\/borsa-sacco-giorno-sera-in-tessuto-design-moda-italia-Patty-box-768x576.jpg 768w, https:\/\/www.marinigerardi.it\/shop\/wp-content\/uploads\/2021\/01\/borsa-sacco-giorno-sera-in-tessuto-design-moda-italia-Patty-box.jpg 1024w\" data-image-id=\"2\"><\/div>\n\t\t\t\t\t<\/div>\n\n\t\t\n\t\t\t\t\t\t\t<div class=\"wd-product-grid-slider-pagin\">\n\t\t\t\t\t\t\t<div data-image-id=\"0\" class=\"wd-product-grid-slider-dot\"><\/div>\n\t\t\t\t\t\t\t<div data-image-id=\"1\" class=\"wd-product-grid-slider-dot\"><\/div>\n\t\t\t\t\t\t\t<div data-image-id=\"2\" class=\"wd-product-grid-slider-dot\"><\/div>\n\t\t\t\t\t<\/div>\n\t\t\t\t\t\t<img decoding=\"async\" width=\"250\" height=\"188\" src=\"https:\/\/www.marinigerardi.it\/shop\/wp-content\/uploads\/2021\/01\/borsa-sacco-in-tessuto-moda-italiana-Patty-blu-250x188.jpg\" class=\"attachment-woocommerce_thumbnail size-woocommerce_thumbnail\" alt=\"Borsa Sacco In Tessuto Moda Italiana Patty Blu\" srcset=\"https:\/\/www.marinigerardi.it\/shop\/wp-content\/uploads\/2021\/01\/borsa-sacco-in-tessuto-moda-italiana-Patty-blu-250x188.jpg 250w, https:\/\/www.marinigerardi.it\/shop\/wp-content\/uploads\/2021\/01\/borsa-sacco-in-tessuto-moda-italiana-Patty-blu-600x450.jpg 600w, https:\/\/www.marinigerardi.it\/shop\/wp-content\/uploads\/2021\/01\/borsa-sacco-in-tessuto-moda-italiana-Patty-blu-300x225.jpg.avif 300w, https:\/\/www.marinigerardi.it\/shop\/wp-content\/uploads\/2021\/01\/borsa-sacco-in-tessuto-moda-italiana-Patty-blu-768x576.jpg.avif 768w, https:\/\/www.marinigerardi.it\/shop\/wp-content\/uploads\/2021\/01\/borsa-sacco-in-tessuto-moda-italiana-Patty-blu.jpg.webp 1024w\" sizes=\"(max-width: 250px) 100vw, 250px\" \/>\t\t<\/a>\n\n\t\t\n\t\t<div class=\"wd-buttons wd-pos-r-t\">\n\t\t\t\t\t\t\t\t\t\t\t\t\t\t<\/div>\n\t<\/div>\n\n\t\t<div class=\"product-element-bottom\">\n\t\n\t\n\t<h3 class=\"wd-entities-title\"><a href=\"https:\/\/www.marinigerardi.it\/shop\/prodotto\/borsa-sacco-patty-box\/\">Patty Box &#8211; Borsa Sacco<\/a><\/h3>\n\t\t\t\t\t\t<p class=\"wd-product-stock stock wd-style-default in-stock\">Disponibile<\/p>\n\t\t\n\t\n\t<span class=\"price\">88,00&nbsp;&euro;<\/span>\n\n\t<div class=\"wd-add-btn wd-add-btn-replace\">\n\t\t\n\t\t<a href=\"https:\/\/www.marinigerardi.it\/shop\/prodotto\/borsa-sacco-patty-box\/\" class=\"button product_type_simple add-to-cart-loop mg-detail-btn\"><span class=\"wd-action-icon\"><span class=\"wd-check-icon\"><\/span><\/span><span class=\"wd-action-text\">Vedi dettagli<\/span><\/a>\t<\/div>\n\n\t\n\t\n\t\t\t<\/div>\n\t<\/div>\n<\/div>\n<\/div>\n<\/div><\/div>[\/vc_column][\/vc_row][vc_row woodmart_css_id=&#8221;61bb02efe3d01&#8243; mobile_bg_img_hidden=&#8221;no&#8221; tablet_bg_img_hidden=&#8221;no&#8221; woodmart_parallax=&#8221;0&#8243; woodmart_gradient_switch=&#8221;no&#8221; woodmart_box_shadow=&#8221;no&#8221; wd_z_index=&#8221;no&#8221; woodmart_disable_overflow=&#8221;0&#8243; row_reverse_mobile=&#8221;0&#8243; row_reverse_tablet=&#8221;0&#8243; css=&#8221;.vc_custom_1639645944362{margin-top: 10px !important;}&#8221;][vc_column][vc_text_separator title=&#8221;Tessuti &amp; Tendaggi a Milano e Provincia &#8211; Lombardia&#8221;]\n\t\t<div id=\"wd-61c8ce993831f\" class=\"title-wrapper wd-wpb wd-set-mb reset-last-child  wd-rs-61c8ce993831f wd-title-color-default wd-title-style-default text-center  wd-underline-colored\">\n\t\t\t\t\t\t\t\n\t\t\t\t<div class=\"title-subtitle  subtitle-color-default font-default subtitle-style-default wd-font-weight- wd-fontsize-xs\">dove comprare tende per interni online<\/div>\n\t\t\t\n\t\t\t<div class=\"liner-continer\">\n\t\t\t\t<h3 class=\"woodmart-title-container title  wd-font-weight- wd-fontsize-xl\" >Tessuti e Tendaggi Milano Centro e Provincia inoltre Tessuti Arredo Interni in Lino<\/h3>\n\t\t\t\t\t\t\t<\/div>\n\t\t\t\n\t\t\t\n\t\t\t\n\t\t<\/div>\n\t\t\n\t\t\t\t<div id=\"wd-65117eb8975fe\" class=\"wd-text-block wd-wpb reset-last-child wd-rs-65117eb8975fe text-left \">\n\t\t\t<p style=\"text-align: justify;\"><strong><a href=\"https:\/\/www.marinigerardi.it\/shop\/tende-lecce-e-provincia\/\">Marini&amp;Gerardi<\/a> Alta Moda Casa <\/strong>si affida alla propria esperienza, una struttura Familiare con tradizioni radicate, capaci di trasformare la materia prima in prodotti che hanno ricevuto sempre il consenso del mercato internazionale.<br \/>\nNoi Amiamo il <strong><a href=\"https:\/\/www.marinigerardi.it\/shop\/prodotto\/tessuti-arredo-lino-stropicciato\/\">tessuto in puro lino<\/a>,\u00a0<\/strong>perch\u00e8 da sensazioni di <strong>naturalezza, pulizia e leggerezza<\/strong> ma soprattutto eleganza per sentirsi immersi in un clima legato alle nostre tradizioni italiane e a contatto della natura.<\/p>\n\t\t<\/div>\n\t\t[vc_message message_box_color=&#8221;violet&#8221; css=&#8221;.vc_custom_1642665849891{margin-top: 30px !important;}&#8221;]<strong>Ogni trattamento di dati personali avviene nel rispetto dei principi fissati all\u2019articolo 5 del Regolamento (UE) 2016\/679,<\/strong>[\/vc_message][\/vc_column][\/vc_row]<\/p>\n<\/div>","protected":false},"excerpt":{"rendered":"<p>[vc_row][vc_column][vc_row_inner][vc_column_inner width=&#8221;1\/2&#8243;][vc_single_image image=&#8221;30390&#8243; img_size=&#8221;full&#8221; add_caption=&#8221;yes&#8221; alignment=&#8221;center&#8221; style=&#8221;vc_box_shadow_3d&#8221; parallax_scroll=&#8221;no&#8221; woodmart_inline=&#8221;no&#8221;][\/vc_column_inner][vc_column_inner width=&#8221;1\/2&#8243;][\/vc_column_inner][\/vc_row_inner][vc_message message_box_color=&#8221;chino&#8221;]Vi invitiamo a consultare il sito www.milanounica.it e i social<\/p>\n","protected":false},"author":1,"featured_media":30388,"comment_status":"closed","ping_status":"closed","sticky":false,"template":"","format":"standard","meta":{"footnotes":""},"categories":[2043],"tags":[2028,2045],"class_list":["post-30385","post","type-post","status-publish","format-standard","has-post-thumbnail","category-fiere","tag-milano","tag-milano-unica-2022"],"_links":{"self":[{"href":"https:\/\/www.marinigerardi.it\/shop\/wp-json\/wp\/v2\/posts\/30385","targetHints":{"allow":["GET"]}}],"collection":[{"href":"https:\/\/www.marinigerardi.it\/shop\/wp-json\/wp\/v2\/posts"}],"about":[{"href":"https:\/\/www.marinigerardi.it\/shop\/wp-json\/wp\/v2\/types\/post"}],"author":[{"embeddable":true,"href":"https:\/\/www.marinigerardi.it\/shop\/wp-json\/wp\/v2\/users\/1"}],"replies":[{"embeddable":true,"href":"https:\/\/www.marinigerardi.it\/shop\/wp-json\/wp\/v2\/comments?post=30385"}],"version-history":[{"count":0,"href":"https:\/\/www.marinigerardi.it\/shop\/wp-json\/wp\/v2\/posts\/30385\/revisions"}],"wp:featuredmedia":[{"embeddable":true,"href":"https:\/\/www.marinigerardi.it\/shop\/wp-json\/wp\/v2\/media\/30388"}],"wp:attachment":[{"href":"https:\/\/www.marinigerardi.it\/shop\/wp-json\/wp\/v2\/media?parent=30385"}],"wp:term":[{"taxonomy":"category","embeddable":true,"href":"https:\/\/www.marinigerardi.it\/shop\/wp-json\/wp\/v2\/categories?post=30385"},{"taxonomy":"post_tag","embeddable":true,"href":"https:\/\/www.marinigerardi.it\/shop\/wp-json\/wp\/v2\/tags?post=30385"}],"curies":[{"name":"wp","href":"https:\/\/api.w.org\/{rel}","templated":true}]}}