{"id":30230,"date":"2021-12-20T17:11:24","date_gmt":"2021-12-20T17:11:24","guid":{"rendered":"https:\/\/www.marinigerardi.it\/shop\/?p=30230"},"modified":"2026-07-17T10:19:44","modified_gmt":"2026-07-17T10:19:44","slug":"negozi-tende-da-interni-milano","status":"publish","type":"post","link":"https:\/\/www.marinigerardi.it\/shop\/negozi-tende-da-interni-milano\/","title":{"rendered":"Negozi Tende da Interni Milano su misura online con Tessuti in Lino"},"content":{"rendered":"<div class=\"wpb-content-wrapper\" id=\"wpb-content-root\"><p>[vc_row][vc_column]\n\t\t<div id=\"wd-6a59f7d3958df\" class=\"title-wrapper wd-wpb wd-set-mb reset-last-child  wd-rs-6a59f7d3958df wd-title-color-default wd-title-style-default text-center vc_custom_1784281093861 wd-underline-colored\">\n\t\t\t\n\t\t\t<div class=\"liner-continer\">\n\t\t\t\t<h2 class=\"woodmart-title-container title  wd-font-weight- wd-fontsize-xl\" >Negozi Tende da Interni MILANO - Tende a Vetro e Tessuti in Lino per Arredo Interni<\/h2>\n\t\t\t\t\t\t\t<\/div>\n\t\t\t\n\t\t\t\n\t\t\t\n\t\t<\/div>\n\t\t\n\t\t\t\t<div id=\"wd-6a59f89294e76\" class=\"wd-text-block wd-wpb reset-last-child wd-rs-6a59f89294e76 text-left \">\n\t\t\t<p style=\"text-align: justify;\">Benvenuti nel nostro esclusivo mondo di <a href=\"https:\/\/www.marinigerardi.it\/shop\/categoria-prodotto\/tende-da-interni\/\"><strong>tende da interni<\/strong> <\/a>a Milano, dove l&#8217;eleganza e la qualit\u00e0 si fondono per creare ambienti unici. <strong>Siamo Marini &amp; Gerardi, i vostri esperti locali online<\/strong> in tendaggi, pronti a trasformare la vostra casa in un&#8217;oasi di stile e comfort.<\/p>\n<p style=\"text-align: justify;\"><strong>Esplorate la Nostra Collezione Online di Tendaggi su misura<br \/>\n<\/strong>Nel cuore di Milano, una citt\u00e0 che incarna moda, cultura, storia e tradizione, troverete la nostra boutique di tende e tessuti esclusivi. La nostra collezione di tessuti per tendaggi vi sorprender\u00e0 con la sua variet\u00e0 di colori delicati e texture irresistibili. Che siate alla ricerca di tende in lino leggere per l&#8217;estate o di soluzioni pi\u00f9 avvolgenti per l&#8217;inverno, abbiamo ci\u00f2 che fa per voi. Ogni stagione merita il suo tocco di stile, e noi siamo qui per aiutarvi a realizzarlo.<\/p>\n\t\t<\/div>\n\t\t<div class=\"woocommerce columns-2 \"><div class=\"wd-products-element\">\t\t\t<div class=\"wd-sticky-loader wd-deferred wd-content-loader\"><span class=\"wd-loader\"><\/span><\/div>\n\t\t\n<div class=\"products wd-products wd-grid-g grid-columns-3 elements-grid pagination-infinit wd-loop-builder-off title-line-two wd-stretch-cont-lg wd-products-with-shadow\" data-source=\"main_loop\" data-min_price=\"\" data-max_price=\"\" data-columns=\"3\" style=\"--wd-col-lg:3;--wd-col-md:3;--wd-col-sm:2;--wd-gap-lg:20px;--wd-gap-sm:10px;\">\n<div class=\"wd-product wd-col wd-hover-standard product-grid-item product type-product post-29304 status-publish last instock product_cat-tende-da-interni product_cat-tende-di-lino product_cat-tende-in-lino product_cat-tende-interni product_cat-tende-lino product_cat-tende-moderne product_cat-tende-shabby-chic product_cat-tende-su-misura product_tag-tende-a-pannello product_tag-tende-di-lino product_tag-tende-filtranti product_tag-tende-in-lino product_tag-tende-low-cost has-post-thumbnail taxable shipping-taxable purchasable product-type-simple\" data-loop=\"1\" data-id=\"29304\">\n\t\n<div class=\"wd-product-wrapper product-wrapper\">\n\t<div class=\"wd-product-thumb product-element-top wd-quick-shop\">\n\t\t<a href=\"https:\/\/www.marinigerardi.it\/shop\/prodotto\/tende-shabby-chic-design-moderno\/\" class=\"wd-product-img-link product-image-link\" tabindex=\"-1\" aria-label=\"SAPORE DI SALE &#8211; Tende Shabby Chic design moderno in lino\">\n\t\t\t\t\t<div class=\"wd-product-grid-slider wd-fill\">\n\t\t\t\t\t\t\t<div class=\"wd-product-grid-slide\" data-image-url=\"https:\/\/www.marinigerardi.it\/shop\/wp-content\/uploads\/2021\/03\/tende-interni-per-casa-moderna-abitazione-mare-campagna-grigio-250x188.jpg\" data-image-srcset=\"https:\/\/www.marinigerardi.it\/shop\/wp-content\/uploads\/2021\/03\/tende-interni-per-casa-moderna-abitazione-mare-campagna-grigio-250x188.jpg 250w, https:\/\/www.marinigerardi.it\/shop\/wp-content\/uploads\/2021\/03\/tende-interni-per-casa-moderna-abitazione-mare-campagna-grigio-600x450.jpg 600w, https:\/\/www.marinigerardi.it\/shop\/wp-content\/uploads\/2021\/03\/tende-interni-per-casa-moderna-abitazione-mare-campagna-grigio-300x225.jpg 300w, https:\/\/www.marinigerardi.it\/shop\/wp-content\/uploads\/2021\/03\/tende-interni-per-casa-moderna-abitazione-mare-campagna-grigio-768x576.jpg 768w, https:\/\/www.marinigerardi.it\/shop\/wp-content\/uploads\/2021\/03\/tende-interni-per-casa-moderna-abitazione-mare-campagna-grigio.jpg 1024w\" data-image-id=\"0\"><\/div>\n\t\t\t\t\t\t\t<div class=\"wd-product-grid-slide\" data-image-url=\"https:\/\/www.marinigerardi.it\/shop\/wp-content\/uploads\/2021\/03\/tenda-interni-per-casa-moderna-in-grigio-leto-su-ruote-250x188.jpg\" data-image-srcset=\"https:\/\/www.marinigerardi.it\/shop\/wp-content\/uploads\/2021\/03\/tenda-interni-per-casa-moderna-in-grigio-leto-su-ruote-250x188.jpg 250w, https:\/\/www.marinigerardi.it\/shop\/wp-content\/uploads\/2021\/03\/tenda-interni-per-casa-moderna-in-grigio-leto-su-ruote-600x450.jpg 600w, https:\/\/www.marinigerardi.it\/shop\/wp-content\/uploads\/2021\/03\/tenda-interni-per-casa-moderna-in-grigio-leto-su-ruote-300x225.jpg 300w, https:\/\/www.marinigerardi.it\/shop\/wp-content\/uploads\/2021\/03\/tenda-interni-per-casa-moderna-in-grigio-leto-su-ruote-768x576.jpg 768w, https:\/\/www.marinigerardi.it\/shop\/wp-content\/uploads\/2021\/03\/tenda-interni-per-casa-moderna-in-grigio-leto-su-ruote.jpg 1024w\" data-image-id=\"1\"><\/div>\n\t\t\t\t\t\t\t<div class=\"wd-product-grid-slide\" data-image-url=\"https:\/\/www.marinigerardi.it\/shop\/wp-content\/uploads\/2021\/03\/tenda-interni-design-per-casa-moderna-in-grigio-250x188.jpg\" data-image-srcset=\"https:\/\/www.marinigerardi.it\/shop\/wp-content\/uploads\/2021\/03\/tenda-interni-design-per-casa-moderna-in-grigio-250x188.jpg 250w, https:\/\/www.marinigerardi.it\/shop\/wp-content\/uploads\/2021\/03\/tenda-interni-design-per-casa-moderna-in-grigio-600x450.jpg 600w, https:\/\/www.marinigerardi.it\/shop\/wp-content\/uploads\/2021\/03\/tenda-interni-design-per-casa-moderna-in-grigio-300x225.jpg 300w, https:\/\/www.marinigerardi.it\/shop\/wp-content\/uploads\/2021\/03\/tenda-interni-design-per-casa-moderna-in-grigio-768x576.jpg 768w, https:\/\/www.marinigerardi.it\/shop\/wp-content\/uploads\/2021\/03\/tenda-interni-design-per-casa-moderna-in-grigio.jpg 1024w\" data-image-id=\"2\"><\/div>\n\t\t\t\t\t<\/div>\n\n\t\t\n\t\t\t\t\t\t\t<div class=\"wd-product-grid-slider-pagin\">\n\t\t\t\t\t\t\t<div data-image-id=\"0\" class=\"wd-product-grid-slider-dot\"><\/div>\n\t\t\t\t\t\t\t<div data-image-id=\"1\" class=\"wd-product-grid-slider-dot\"><\/div>\n\t\t\t\t\t\t\t<div data-image-id=\"2\" class=\"wd-product-grid-slider-dot\"><\/div>\n\t\t\t\t\t<\/div>\n\t\t\t\t\t\t<img decoding=\"async\" width=\"250\" height=\"188\" src=\"https:\/\/www.marinigerardi.it\/shop\/wp-content\/uploads\/2021\/03\/tende-interni-per-casa-moderna-abitazione-mare-campagna-grigio-250x188.jpg\" class=\"attachment-woocommerce_thumbnail size-woocommerce_thumbnail\" alt=\"SAPORE DI SALE - Tende Shabby Chic design moderno Mare Campagna Grigio Antracite\" srcset=\"https:\/\/www.marinigerardi.it\/shop\/wp-content\/uploads\/2021\/03\/tende-interni-per-casa-moderna-abitazione-mare-campagna-grigio-250x188.jpg 250w, https:\/\/www.marinigerardi.it\/shop\/wp-content\/uploads\/2021\/03\/tende-interni-per-casa-moderna-abitazione-mare-campagna-grigio-600x450.jpg 600w, https:\/\/www.marinigerardi.it\/shop\/wp-content\/uploads\/2021\/03\/tende-interni-per-casa-moderna-abitazione-mare-campagna-grigio-300x225.jpg.avif 300w, https:\/\/www.marinigerardi.it\/shop\/wp-content\/uploads\/2021\/03\/tende-interni-per-casa-moderna-abitazione-mare-campagna-grigio-768x576.jpg.avif 768w, https:\/\/www.marinigerardi.it\/shop\/wp-content\/uploads\/2021\/03\/tende-interni-per-casa-moderna-abitazione-mare-campagna-grigio.jpg.webp 1024w\" sizes=\"(max-width: 250px) 100vw, 250px\" \/>\t\t<\/a>\n\n\t\t\n\t\t<div class=\"wd-buttons wd-pos-r-t\">\n\t\t\t\t\t\t\t\t\t\t\t\t\t\t<\/div>\n\t<\/div>\n\n\t\t<div class=\"product-element-bottom\">\n\t\n\t\n\t<h3 class=\"wd-entities-title\"><a href=\"https:\/\/www.marinigerardi.it\/shop\/prodotto\/tende-shabby-chic-design-moderno\/\">SAPORE DI SALE &#8211; Tende Shabby Chic design moderno in lino<\/a><\/h3>\n\t\t\t\t\t\t<p class=\"wd-product-stock stock wd-style-default in-stock\">Disponibile<\/p>\n\t\t\n\t\n\t<span class=\"price\">145,00&nbsp;&euro;<\/span>\n\n\t<div class=\"wd-add-btn wd-add-btn-replace\">\n\t\t\n\t\t<a href=\"https:\/\/www.marinigerardi.it\/shop\/prodotto\/tende-shabby-chic-design-moderno\/\" class=\"button product_type_simple add-to-cart-loop mg-detail-btn\"><span class=\"wd-action-icon\"><span class=\"wd-check-icon\"><\/span><\/span><span class=\"wd-action-text\">Vedi dettagli<\/span><\/a>\t<\/div>\n\n\t\n\t\n\t\t\t<\/div>\n\t<\/div>\n<\/div>\n<div class=\"wd-product wd-col wd-hover-standard product-grid-item product type-product post-72491 status-publish first instock product_cat-tende-in-lino product_cat-tende-da-interni product_cat-tende-di-lino product_cat-tende-lino product_cat-tende-moderne product_cat-tende-online-su-misura product_cat-tende-su-misura product_tag-tende-in-lino product_tag-tende-interne-moderne product_tag-tende-moderne has-post-thumbnail taxable shipping-taxable purchasable product-type-simple\" data-loop=\"2\" data-id=\"72491\">\n\t\n<div class=\"wd-product-wrapper product-wrapper\">\n\t<div class=\"wd-product-thumb product-element-top wd-quick-shop\">\n\t\t<a href=\"https:\/\/www.marinigerardi.it\/shop\/prodotto\/tende-x-camera-da-letto\/\" class=\"wd-product-img-link product-image-link\" tabindex=\"-1\" aria-label=\"RUGIADA colore giunco &#8211; Tende x camera da letto in garza di lino 100% Italiano\">\n\t\t\t\t\t<div class=\"wd-product-grid-slider wd-fill\">\n\t\t\t\t\t\t\t<div class=\"wd-product-grid-slide\" data-image-url=\"https:\/\/www.marinigerardi.it\/shop\/wp-content\/uploads\/2025\/01\/tenda-garza-di-lino-stanza-da-letto-biancheria-in-lino-bianco-250x188.jpg\" data-image-srcset=\"https:\/\/www.marinigerardi.it\/shop\/wp-content\/uploads\/2025\/01\/tenda-garza-di-lino-stanza-da-letto-biancheria-in-lino-bianco-250x188.jpg 250w, https:\/\/www.marinigerardi.it\/shop\/wp-content\/uploads\/2025\/01\/tenda-garza-di-lino-stanza-da-letto-biancheria-in-lino-bianco-300x225.jpg 300w, https:\/\/www.marinigerardi.it\/shop\/wp-content\/uploads\/2025\/01\/tenda-garza-di-lino-stanza-da-letto-biancheria-in-lino-bianco-768x576.jpg 768w, https:\/\/www.marinigerardi.it\/shop\/wp-content\/uploads\/2025\/01\/tenda-garza-di-lino-stanza-da-letto-biancheria-in-lino-bianco-600x450.jpg 600w, https:\/\/www.marinigerardi.it\/shop\/wp-content\/uploads\/2025\/01\/tenda-garza-di-lino-stanza-da-letto-biancheria-in-lino-bianco.jpg 1024w\" data-image-id=\"0\"><\/div>\n\t\t\t\t\t\t\t<div class=\"wd-product-grid-slide\" data-image-url=\"https:\/\/www.marinigerardi.it\/shop\/wp-content\/uploads\/2025\/01\/tende-garza-di-lino-biianca-vista-citta-lecce-250x188.jpg\" data-image-srcset=\"https:\/\/www.marinigerardi.it\/shop\/wp-content\/uploads\/2025\/01\/tende-garza-di-lino-biianca-vista-citta-lecce-250x188.jpg 250w, https:\/\/www.marinigerardi.it\/shop\/wp-content\/uploads\/2025\/01\/tende-garza-di-lino-biianca-vista-citta-lecce-300x225.jpg 300w, https:\/\/www.marinigerardi.it\/shop\/wp-content\/uploads\/2025\/01\/tende-garza-di-lino-biianca-vista-citta-lecce-768x576.jpg 768w, https:\/\/www.marinigerardi.it\/shop\/wp-content\/uploads\/2025\/01\/tende-garza-di-lino-biianca-vista-citta-lecce-600x450.jpg 600w, https:\/\/www.marinigerardi.it\/shop\/wp-content\/uploads\/2025\/01\/tende-garza-di-lino-biianca-vista-citta-lecce.jpg 1024w\" data-image-id=\"1\"><\/div>\n\t\t\t\t\t\t\t<div class=\"wd-product-grid-slide\" data-image-url=\"https:\/\/www.marinigerardi.it\/shop\/wp-content\/uploads\/2025\/01\/tende-garza-di-lino-colore-giunco-con-poltrona-arredo-250x188.jpg\" data-image-srcset=\"https:\/\/www.marinigerardi.it\/shop\/wp-content\/uploads\/2025\/01\/tende-garza-di-lino-colore-giunco-con-poltrona-arredo-250x188.jpg 250w, https:\/\/www.marinigerardi.it\/shop\/wp-content\/uploads\/2025\/01\/tende-garza-di-lino-colore-giunco-con-poltrona-arredo-300x225.jpg 300w, https:\/\/www.marinigerardi.it\/shop\/wp-content\/uploads\/2025\/01\/tende-garza-di-lino-colore-giunco-con-poltrona-arredo-768x576.jpg 768w, https:\/\/www.marinigerardi.it\/shop\/wp-content\/uploads\/2025\/01\/tende-garza-di-lino-colore-giunco-con-poltrona-arredo-600x450.jpg 600w, https:\/\/www.marinigerardi.it\/shop\/wp-content\/uploads\/2025\/01\/tende-garza-di-lino-colore-giunco-con-poltrona-arredo.jpg 1024w\" data-image-id=\"2\"><\/div>\n\t\t\t\t\t<\/div>\n\n\t\t\n\t\t\t\t\t\t\t<div class=\"wd-product-grid-slider-pagin\">\n\t\t\t\t\t\t\t<div data-image-id=\"0\" class=\"wd-product-grid-slider-dot\"><\/div>\n\t\t\t\t\t\t\t<div data-image-id=\"1\" class=\"wd-product-grid-slider-dot\"><\/div>\n\t\t\t\t\t\t\t<div data-image-id=\"2\" class=\"wd-product-grid-slider-dot\"><\/div>\n\t\t\t\t\t<\/div>\n\t\t\t\t\t\t<img decoding=\"async\" width=\"250\" height=\"188\" src=\"https:\/\/www.marinigerardi.it\/shop\/wp-content\/uploads\/2025\/01\/tenda-garza-di-lino-stanza-da-letto-biancheria-in-lino-bianco-250x188.jpg.avif\" class=\"attachment-woocommerce_thumbnail size-woocommerce_thumbnail\" alt=\"Tenda garza di lino stanza da letto biancheria in lino bianco\" srcset=\"https:\/\/www.marinigerardi.it\/shop\/wp-content\/uploads\/2025\/01\/tenda-garza-di-lino-stanza-da-letto-biancheria-in-lino-bianco-250x188.jpg.avif 250w, https:\/\/www.marinigerardi.it\/shop\/wp-content\/uploads\/2025\/01\/tenda-garza-di-lino-stanza-da-letto-biancheria-in-lino-bianco-300x225.jpg.avif 300w, https:\/\/www.marinigerardi.it\/shop\/wp-content\/uploads\/2025\/01\/tenda-garza-di-lino-stanza-da-letto-biancheria-in-lino-bianco-768x576.jpg.avif 768w, https:\/\/www.marinigerardi.it\/shop\/wp-content\/uploads\/2025\/01\/tenda-garza-di-lino-stanza-da-letto-biancheria-in-lino-bianco-600x450.jpg.avif 600w, https:\/\/www.marinigerardi.it\/shop\/wp-content\/uploads\/2025\/01\/tenda-garza-di-lino-stanza-da-letto-biancheria-in-lino-bianco.jpg.avif 1024w\" sizes=\"(max-width: 250px) 100vw, 250px\" \/>\t\t<\/a>\n\n\t\t\n\t\t<div class=\"wd-buttons wd-pos-r-t\">\n\t\t\t\t\t\t\t\t\t\t\t\t\t\t<\/div>\n\t<\/div>\n\n\t\t<div class=\"product-element-bottom\">\n\t\n\t\n\t<h3 class=\"wd-entities-title\"><a href=\"https:\/\/www.marinigerardi.it\/shop\/prodotto\/tende-x-camera-da-letto\/\">RUGIADA colore giunco &#8211; Tende x camera da letto in garza di lino 100% Italiano<\/a><\/h3>\n\t\t\t\t\t\t<p class=\"wd-product-stock stock wd-style-default in-stock\">Disponibile<\/p>\n\t\t\n\t\n\t<span class=\"price\">145,00&nbsp;&euro;<\/span>\n\n\t<div class=\"wd-add-btn wd-add-btn-replace\">\n\t\t\n\t\t<a href=\"https:\/\/www.marinigerardi.it\/shop\/prodotto\/tende-x-camera-da-letto\/\" class=\"button product_type_simple add-to-cart-loop mg-detail-btn\"><span class=\"wd-action-icon\"><span class=\"wd-check-icon\"><\/span><\/span><span class=\"wd-action-text\">Vedi dettagli<\/span><\/a>\t<\/div>\n\n\t\n\t\n\t\t\t<\/div>\n\t<\/div>\n<\/div>\n<div class=\"wd-product wd-col wd-hover-standard product-grid-item product type-product post-7129 status-publish last instock product_cat-tende-da-interni product_cat-tende-in-lino product_cat-tende-interni product_cat-tende-lino product_cat-tende-su-misura product_tag-tende product_tag-tende-di-lino product_tag-tende-in-lino product_tag-tende-in-lino-su-misura product_tag-tende-su-misura has-post-thumbnail taxable shipping-taxable purchasable product-type-simple\" data-loop=\"3\" data-id=\"7129\">\n\t\n<div class=\"wd-product-wrapper product-wrapper\">\n\t<div class=\"wd-product-thumb product-element-top wd-quick-shop\">\n\t\t<a href=\"https:\/\/www.marinigerardi.it\/shop\/prodotto\/fedra-tenda-in-lino-su-misura\/\" class=\"wd-product-img-link product-image-link\" tabindex=\"-1\" aria-label=\"FEDRA &#8211; Tenda in Lino su Misura\">\n\t\t\t\t\t<div class=\"wd-product-grid-slider wd-fill\">\n\t\t\t\t\t\t\t<div class=\"wd-product-grid-slide\" data-image-url=\"https:\/\/www.marinigerardi.it\/shop\/wp-content\/uploads\/2021\/09\/Fedra-Tende-di-lino-su-misura-panna-avio-con-passamaneria-corda-250x188.jpg\" data-image-srcset=\"https:\/\/www.marinigerardi.it\/shop\/wp-content\/uploads\/2021\/09\/Fedra-Tende-di-lino-su-misura-panna-avio-con-passamaneria-corda-250x188.jpg 250w, https:\/\/www.marinigerardi.it\/shop\/wp-content\/uploads\/2021\/09\/Fedra-Tende-di-lino-su-misura-panna-avio-con-passamaneria-corda-600x450.jpg 600w, https:\/\/www.marinigerardi.it\/shop\/wp-content\/uploads\/2021\/09\/Fedra-Tende-di-lino-su-misura-panna-avio-con-passamaneria-corda-300x225.jpg 300w, https:\/\/www.marinigerardi.it\/shop\/wp-content\/uploads\/2021\/09\/Fedra-Tende-di-lino-su-misura-panna-avio-con-passamaneria-corda-768x576.jpg 768w, https:\/\/www.marinigerardi.it\/shop\/wp-content\/uploads\/2021\/09\/Fedra-Tende-di-lino-su-misura-panna-avio-con-passamaneria-corda.jpg 1024w\" data-image-id=\"0\"><\/div>\n\t\t\t\t\t\t\t<div class=\"wd-product-grid-slide\" data-image-url=\"https:\/\/www.marinigerardi.it\/shop\/wp-content\/uploads\/2021\/09\/Fedra-Tende-di-lino-su-misura-base-avio-top-panna-250x188.jpg\" data-image-srcset=\"https:\/\/www.marinigerardi.it\/shop\/wp-content\/uploads\/2021\/09\/Fedra-Tende-di-lino-su-misura-base-avio-top-panna-250x188.jpg 250w, https:\/\/www.marinigerardi.it\/shop\/wp-content\/uploads\/2021\/09\/Fedra-Tende-di-lino-su-misura-base-avio-top-panna-600x450.jpg 600w, https:\/\/www.marinigerardi.it\/shop\/wp-content\/uploads\/2021\/09\/Fedra-Tende-di-lino-su-misura-base-avio-top-panna-300x225.jpg 300w, https:\/\/www.marinigerardi.it\/shop\/wp-content\/uploads\/2021\/09\/Fedra-Tende-di-lino-su-misura-base-avio-top-panna-768x576.jpg 768w, https:\/\/www.marinigerardi.it\/shop\/wp-content\/uploads\/2021\/09\/Fedra-Tende-di-lino-su-misura-base-avio-top-panna.jpg 1024w\" data-image-id=\"1\"><\/div>\n\t\t\t\t\t\t\t<div class=\"wd-product-grid-slide\" data-image-url=\"https:\/\/www.marinigerardi.it\/shop\/wp-content\/uploads\/2021\/09\/Fedra-Tende-lino-avio-mantovana-top-con-inserti-e-passamaneria-250x188.jpg\" data-image-srcset=\"https:\/\/www.marinigerardi.it\/shop\/wp-content\/uploads\/2021\/09\/Fedra-Tende-lino-avio-mantovana-top-con-inserti-e-passamaneria-250x188.jpg 250w, https:\/\/www.marinigerardi.it\/shop\/wp-content\/uploads\/2021\/09\/Fedra-Tende-lino-avio-mantovana-top-con-inserti-e-passamaneria-600x450.jpg 600w, https:\/\/www.marinigerardi.it\/shop\/wp-content\/uploads\/2021\/09\/Fedra-Tende-lino-avio-mantovana-top-con-inserti-e-passamaneria-300x225.jpg 300w, https:\/\/www.marinigerardi.it\/shop\/wp-content\/uploads\/2021\/09\/Fedra-Tende-lino-avio-mantovana-top-con-inserti-e-passamaneria-768x576.jpg 768w, https:\/\/www.marinigerardi.it\/shop\/wp-content\/uploads\/2021\/09\/Fedra-Tende-lino-avio-mantovana-top-con-inserti-e-passamaneria.jpg 1024w\" data-image-id=\"2\"><\/div>\n\t\t\t\t\t<\/div>\n\n\t\t\n\t\t\t\t\t\t\t<div class=\"wd-product-grid-slider-pagin\">\n\t\t\t\t\t\t\t<div data-image-id=\"0\" class=\"wd-product-grid-slider-dot\"><\/div>\n\t\t\t\t\t\t\t<div data-image-id=\"1\" class=\"wd-product-grid-slider-dot\"><\/div>\n\t\t\t\t\t\t\t<div data-image-id=\"2\" class=\"wd-product-grid-slider-dot\"><\/div>\n\t\t\t\t\t<\/div>\n\t\t\t\t\t\t<img decoding=\"async\" width=\"250\" height=\"188\" src=\"https:\/\/www.marinigerardi.it\/shop\/wp-content\/uploads\/2021\/09\/Fedra-Tende-di-lino-su-misura-panna-avio-con-passamaneria-corda-250x188.jpg\" class=\"attachment-woocommerce_thumbnail size-woocommerce_thumbnail\" alt=\"FEDRA - Tenda in Lino su Misura Con Passamaneria Corda\" srcset=\"https:\/\/www.marinigerardi.it\/shop\/wp-content\/uploads\/2021\/09\/Fedra-Tende-di-lino-su-misura-panna-avio-con-passamaneria-corda-250x188.jpg 250w, https:\/\/www.marinigerardi.it\/shop\/wp-content\/uploads\/2021\/09\/Fedra-Tende-di-lino-su-misura-panna-avio-con-passamaneria-corda-600x450.jpg 600w, https:\/\/www.marinigerardi.it\/shop\/wp-content\/uploads\/2021\/09\/Fedra-Tende-di-lino-su-misura-panna-avio-con-passamaneria-corda-300x225.jpg.avif 300w, https:\/\/www.marinigerardi.it\/shop\/wp-content\/uploads\/2021\/09\/Fedra-Tende-di-lino-su-misura-panna-avio-con-passamaneria-corda-768x576.jpg.avif 768w, https:\/\/www.marinigerardi.it\/shop\/wp-content\/uploads\/2021\/09\/Fedra-Tende-di-lino-su-misura-panna-avio-con-passamaneria-corda.jpg.webp 1024w\" sizes=\"(max-width: 250px) 100vw, 250px\" \/>\t\t<\/a>\n\n\t\t\n\t\t<div class=\"wd-buttons wd-pos-r-t\">\n\t\t\t\t\t\t\t\t\t\t\t\t\t\t<\/div>\n\t<\/div>\n\n\t\t<div class=\"product-element-bottom\">\n\t\n\t\n\t<h3 class=\"wd-entities-title\"><a href=\"https:\/\/www.marinigerardi.it\/shop\/prodotto\/fedra-tenda-in-lino-su-misura\/\">FEDRA &#8211; Tenda in Lino su Misura<\/a><\/h3>\n\t\t\t\t\t\t<p class=\"wd-product-stock stock wd-style-default in-stock\">Disponibile<\/p>\n\t\t\n\t\n\t<span class=\"price\">269,00&nbsp;&euro;<\/span>\n\n\t<div class=\"wd-add-btn wd-add-btn-replace\">\n\t\t\n\t\t<a href=\"https:\/\/www.marinigerardi.it\/shop\/prodotto\/fedra-tenda-in-lino-su-misura\/\" class=\"button product_type_simple add-to-cart-loop mg-detail-btn\"><span class=\"wd-action-icon\"><span class=\"wd-check-icon\"><\/span><\/span><span class=\"wd-action-text\">Vedi dettagli<\/span><\/a>\t<\/div>\n\n\t\n\t\n\t\t\t<\/div>\n\t<\/div>\n<\/div>\n<div class=\"wd-product wd-col wd-hover-standard product-grid-item product type-product post-28876 status-publish first instock product_cat-doppie-tende product_cat-tende-da-interni product_cat-tende-in-lino product_cat-tende-interni product_cat-tende-lino product_cat-tende-moderne product_cat-tende-su-misura product_tag-tende product_tag-tende-di-lino product_tag-tende-di-lino-moderne product_tag-tende-in-lino product_tag-tende-moderne product_tag-tende-soggiorno has-post-thumbnail taxable shipping-taxable purchasable product-type-simple\" data-loop=\"4\" data-id=\"28876\">\n\t\n<div class=\"wd-product-wrapper product-wrapper\">\n\t<div class=\"wd-product-thumb product-element-top wd-quick-shop\">\n\t\t<a href=\"https:\/\/www.marinigerardi.it\/shop\/prodotto\/tenda-moderna-in-lino-con-foglie-noa\/\" class=\"wd-product-img-link product-image-link\" tabindex=\"-1\" aria-label=\"La Poesia del Lino che danza con la luce: Tenda Moderna NOA\">\n\t\t\t\t\t<div class=\"wd-product-grid-slider wd-fill\">\n\t\t\t\t\t\t\t<div class=\"wd-product-grid-slide\" data-image-url=\"https:\/\/www.marinigerardi.it\/shop\/wp-content\/uploads\/2021\/11\/tenda-moderna-design-salotto-lino-con-foglie-disegno-a-mano-250x188.jpg\" data-image-srcset=\"https:\/\/www.marinigerardi.it\/shop\/wp-content\/uploads\/2021\/11\/tenda-moderna-design-salotto-lino-con-foglie-disegno-a-mano-250x188.jpg 250w, https:\/\/www.marinigerardi.it\/shop\/wp-content\/uploads\/2021\/11\/tenda-moderna-design-salotto-lino-con-foglie-disegno-a-mano-300x225.jpg 300w, https:\/\/www.marinigerardi.it\/shop\/wp-content\/uploads\/2021\/11\/tenda-moderna-design-salotto-lino-con-foglie-disegno-a-mano-768x576.jpg 768w, https:\/\/www.marinigerardi.it\/shop\/wp-content\/uploads\/2021\/11\/tenda-moderna-design-salotto-lino-con-foglie-disegno-a-mano-600x450.jpg 600w, https:\/\/www.marinigerardi.it\/shop\/wp-content\/uploads\/2021\/11\/tenda-moderna-design-salotto-lino-con-foglie-disegno-a-mano.jpg 1024w\" data-image-id=\"0\"><\/div>\n\t\t\t\t\t\t\t<div class=\"wd-product-grid-slide\" data-image-url=\"https:\/\/www.marinigerardi.it\/shop\/wp-content\/uploads\/2021\/11\/tende-made-in-italy-puro-lino-con-foglie-disegno-artigianale-250x188.jpg\" data-image-srcset=\"https:\/\/www.marinigerardi.it\/shop\/wp-content\/uploads\/2021\/11\/tende-made-in-italy-puro-lino-con-foglie-disegno-artigianale-250x188.jpg 250w, https:\/\/www.marinigerardi.it\/shop\/wp-content\/uploads\/2021\/11\/tende-made-in-italy-puro-lino-con-foglie-disegno-artigianale-600x450.jpg 600w, https:\/\/www.marinigerardi.it\/shop\/wp-content\/uploads\/2021\/11\/tende-made-in-italy-puro-lino-con-foglie-disegno-artigianale-300x225.jpg 300w, https:\/\/www.marinigerardi.it\/shop\/wp-content\/uploads\/2021\/11\/tende-made-in-italy-puro-lino-con-foglie-disegno-artigianale-768x576.jpg 768w, https:\/\/www.marinigerardi.it\/shop\/wp-content\/uploads\/2021\/11\/tende-made-in-italy-puro-lino-con-foglie-disegno-artigianale.jpg 1024w\" data-image-id=\"1\"><\/div>\n\t\t\t\t\t\t\t<div class=\"wd-product-grid-slide\" data-image-url=\"https:\/\/www.marinigerardi.it\/shop\/wp-content\/uploads\/2021\/11\/foglie-disegno-artigianale-su-tenda-moderna-in-lino-colezione-noa-250x188.jpg\" data-image-srcset=\"https:\/\/www.marinigerardi.it\/shop\/wp-content\/uploads\/2021\/11\/foglie-disegno-artigianale-su-tenda-moderna-in-lino-colezione-noa-250x188.jpg 250w, https:\/\/www.marinigerardi.it\/shop\/wp-content\/uploads\/2021\/11\/foglie-disegno-artigianale-su-tenda-moderna-in-lino-colezione-noa-600x450.jpg 600w, https:\/\/www.marinigerardi.it\/shop\/wp-content\/uploads\/2021\/11\/foglie-disegno-artigianale-su-tenda-moderna-in-lino-colezione-noa-300x225.jpg 300w, https:\/\/www.marinigerardi.it\/shop\/wp-content\/uploads\/2021\/11\/foglie-disegno-artigianale-su-tenda-moderna-in-lino-colezione-noa-768x576.jpg 768w, https:\/\/www.marinigerardi.it\/shop\/wp-content\/uploads\/2021\/11\/foglie-disegno-artigianale-su-tenda-moderna-in-lino-colezione-noa.jpg 1024w\" data-image-id=\"2\"><\/div>\n\t\t\t\t\t<\/div>\n\n\t\t\n\t\t\t\t\t\t\t<div class=\"wd-product-grid-slider-pagin\">\n\t\t\t\t\t\t\t<div data-image-id=\"0\" class=\"wd-product-grid-slider-dot\"><\/div>\n\t\t\t\t\t\t\t<div data-image-id=\"1\" class=\"wd-product-grid-slider-dot\"><\/div>\n\t\t\t\t\t\t\t<div data-image-id=\"2\" class=\"wd-product-grid-slider-dot\"><\/div>\n\t\t\t\t\t<\/div>\n\t\t\t\t\t\t<img decoding=\"async\" width=\"250\" height=\"188\" src=\"https:\/\/www.marinigerardi.it\/shop\/wp-content\/uploads\/2021\/11\/tenda-moderna-design-salotto-lino-con-foglie-disegno-a-mano-250x188.jpg.avif\" class=\"attachment-woocommerce_thumbnail size-woocommerce_thumbnail\" alt=\"Tenda moderna design salotto lino con foglie disegno a mano\" srcset=\"https:\/\/www.marinigerardi.it\/shop\/wp-content\/uploads\/2021\/11\/tenda-moderna-design-salotto-lino-con-foglie-disegno-a-mano-250x188.jpg.avif 250w, https:\/\/www.marinigerardi.it\/shop\/wp-content\/uploads\/2021\/11\/tenda-moderna-design-salotto-lino-con-foglie-disegno-a-mano-300x225.jpg.avif 300w, https:\/\/www.marinigerardi.it\/shop\/wp-content\/uploads\/2021\/11\/tenda-moderna-design-salotto-lino-con-foglie-disegno-a-mano-768x576.jpg.avif 768w, https:\/\/www.marinigerardi.it\/shop\/wp-content\/uploads\/2021\/11\/tenda-moderna-design-salotto-lino-con-foglie-disegno-a-mano-600x450.jpg.avif 600w, https:\/\/www.marinigerardi.it\/shop\/wp-content\/uploads\/2021\/11\/tenda-moderna-design-salotto-lino-con-foglie-disegno-a-mano.jpg.avif 1024w\" sizes=\"(max-width: 250px) 100vw, 250px\" \/>\t\t<\/a>\n\n\t\t\t\t\t<div class=\"product-labels labels-rectangular\">\n\t\t\t\t<span class=\"new product-label wd-shape-rect-sm\">Nuovo<\/span>\t\t\t<\/div>\n\t\t\t\n\t\t<div class=\"wd-buttons wd-pos-r-t\">\n\t\t\t\t\t\t\t\t\t\t\t\t\t\t<\/div>\n\t<\/div>\n\n\t\t<div class=\"product-element-bottom\">\n\t\n\t\n\t<h3 class=\"wd-entities-title\"><a href=\"https:\/\/www.marinigerardi.it\/shop\/prodotto\/tenda-moderna-in-lino-con-foglie-noa\/\">La Poesia del Lino che danza con la luce: Tenda Moderna NOA<\/a><\/h3>\n\t\t\t\t\t\t<p class=\"wd-product-stock stock wd-style-default in-stock\">Disponibile<\/p>\n\t\t\n\t\n\t<span class=\"price\">198,00&nbsp;&euro;<\/span>\n\n\t<div class=\"wd-add-btn wd-add-btn-replace\">\n\t\t\n\t\t<a href=\"https:\/\/www.marinigerardi.it\/shop\/prodotto\/tenda-moderna-in-lino-con-foglie-noa\/\" class=\"button product_type_simple add-to-cart-loop mg-detail-btn\"><span class=\"wd-action-icon\"><span class=\"wd-check-icon\"><\/span><\/span><span class=\"wd-action-text\">Vedi dettagli<\/span><\/a>\t<\/div>\n\n\t\n\t\n\t\t\t<\/div>\n\t<\/div>\n<\/div>\n<div class=\"wd-product wd-col wd-hover-standard product-grid-item product type-product post-57375 status-publish last instock product_cat-tende-in-lino has-post-thumbnail taxable shipping-taxable purchasable product-type-simple\" data-loop=\"5\" data-id=\"57375\">\n\t\n<div class=\"wd-product-wrapper product-wrapper\">\n\t<div class=\"wd-product-thumb product-element-top wd-quick-shop\">\n\t\t<a href=\"https:\/\/www.marinigerardi.it\/shop\/prodotto\/tende-da-sala-moderne\/\" class=\"wd-product-img-link product-image-link\" tabindex=\"-1\" aria-label=\"LA FRANCESINA &#8211; Tende da Sala Moderne in Lino Delav\u00e8\">\n\t\t\t\t\t<div class=\"wd-product-grid-slider wd-fill\">\n\t\t\t\t\t\t\t<div class=\"wd-product-grid-slide\" data-image-url=\"https:\/\/www.marinigerardi.it\/shop\/wp-content\/uploads\/2023\/03\/Tende-da-Sala-Moderna-di-Lino-grigio-salvia-perla--250x188.webp\" data-image-srcset=\"https:\/\/www.marinigerardi.it\/shop\/wp-content\/uploads\/2023\/03\/Tende-da-Sala-Moderna-di-Lino-grigio-salvia-perla--250x188.webp 250w, https:\/\/www.marinigerardi.it\/shop\/wp-content\/uploads\/2023\/03\/Tende-da-Sala-Moderna-di-Lino-grigio-salvia-perla--600x450.webp 600w, https:\/\/www.marinigerardi.it\/shop\/wp-content\/uploads\/2023\/03\/Tende-da-Sala-Moderna-di-Lino-grigio-salvia-perla--300x225.webp 300w, https:\/\/www.marinigerardi.it\/shop\/wp-content\/uploads\/2023\/03\/Tende-da-Sala-Moderna-di-Lino-grigio-salvia-perla--768x576.webp 768w, https:\/\/www.marinigerardi.it\/shop\/wp-content\/uploads\/2023\/03\/Tende-da-Sala-Moderna-di-Lino-grigio-salvia-perla-.webp 1024w\" data-image-id=\"0\"><\/div>\n\t\t\t\t\t\t\t<div class=\"wd-product-grid-slide\" data-image-url=\"https:\/\/www.marinigerardi.it\/shop\/wp-content\/uploads\/2023\/03\/Tende-da-Salone-Moderna-in-Lino-grigio-salvia--250x188.webp\" data-image-srcset=\"https:\/\/www.marinigerardi.it\/shop\/wp-content\/uploads\/2023\/03\/Tende-da-Salone-Moderna-in-Lino-grigio-salvia--250x188.webp 250w, https:\/\/www.marinigerardi.it\/shop\/wp-content\/uploads\/2023\/03\/Tende-da-Salone-Moderna-in-Lino-grigio-salvia--600x450.webp 600w, https:\/\/www.marinigerardi.it\/shop\/wp-content\/uploads\/2023\/03\/Tende-da-Salone-Moderna-in-Lino-grigio-salvia--300x225.webp 300w, https:\/\/www.marinigerardi.it\/shop\/wp-content\/uploads\/2023\/03\/Tende-da-Salone-Moderna-in-Lino-grigio-salvia--768x576.webp 768w, https:\/\/www.marinigerardi.it\/shop\/wp-content\/uploads\/2023\/03\/Tende-da-Salone-Moderna-in-Lino-grigio-salvia-.webp 1024w\" data-image-id=\"1\"><\/div>\n\t\t\t\t\t\t\t<div class=\"wd-product-grid-slide\" data-image-url=\"https:\/\/www.marinigerardi.it\/shop\/wp-content\/uploads\/2023\/03\/tessuto-Tende-da-Sala-Moderna-in-Lino-grigio-salvia-250x188.webp\" data-image-srcset=\"https:\/\/www.marinigerardi.it\/shop\/wp-content\/uploads\/2023\/03\/tessuto-Tende-da-Sala-Moderna-in-Lino-grigio-salvia-250x188.webp 250w, https:\/\/www.marinigerardi.it\/shop\/wp-content\/uploads\/2023\/03\/tessuto-Tende-da-Sala-Moderna-in-Lino-grigio-salvia-600x450.webp 600w, https:\/\/www.marinigerardi.it\/shop\/wp-content\/uploads\/2023\/03\/tessuto-Tende-da-Sala-Moderna-in-Lino-grigio-salvia-300x225.webp 300w, https:\/\/www.marinigerardi.it\/shop\/wp-content\/uploads\/2023\/03\/tessuto-Tende-da-Sala-Moderna-in-Lino-grigio-salvia-768x576.webp 768w, https:\/\/www.marinigerardi.it\/shop\/wp-content\/uploads\/2023\/03\/tessuto-Tende-da-Sala-Moderna-in-Lino-grigio-salvia.webp 1024w\" data-image-id=\"2\"><\/div>\n\t\t\t\t\t<\/div>\n\n\t\t\n\t\t\t\t\t\t\t<div class=\"wd-product-grid-slider-pagin\">\n\t\t\t\t\t\t\t<div data-image-id=\"0\" class=\"wd-product-grid-slider-dot\"><\/div>\n\t\t\t\t\t\t\t<div data-image-id=\"1\" class=\"wd-product-grid-slider-dot\"><\/div>\n\t\t\t\t\t\t\t<div data-image-id=\"2\" class=\"wd-product-grid-slider-dot\"><\/div>\n\t\t\t\t\t<\/div>\n\t\t\t\t\t\t<img decoding=\"async\" width=\"250\" height=\"188\" src=\"https:\/\/www.marinigerardi.it\/shop\/wp-content\/uploads\/2023\/03\/Tende-da-Sala-Moderna-di-Lino-grigio-salvia-perla--250x188.webp\" class=\"attachment-woocommerce_thumbnail size-woocommerce_thumbnail\" alt=\"LA FRANCESINA - Tende da Sala Moderne in Lino Delav\u00e8\" srcset=\"https:\/\/www.marinigerardi.it\/shop\/wp-content\/uploads\/2023\/03\/Tende-da-Sala-Moderna-di-Lino-grigio-salvia-perla--250x188.webp 250w, https:\/\/www.marinigerardi.it\/shop\/wp-content\/uploads\/2023\/03\/Tende-da-Sala-Moderna-di-Lino-grigio-salvia-perla--600x450.webp 600w, https:\/\/www.marinigerardi.it\/shop\/wp-content\/uploads\/2023\/03\/Tende-da-Sala-Moderna-di-Lino-grigio-salvia-perla--300x225.webp 300w, https:\/\/www.marinigerardi.it\/shop\/wp-content\/uploads\/2023\/03\/Tende-da-Sala-Moderna-di-Lino-grigio-salvia-perla--768x576.webp 768w, https:\/\/www.marinigerardi.it\/shop\/wp-content\/uploads\/2023\/03\/Tende-da-Sala-Moderna-di-Lino-grigio-salvia-perla-.webp 1024w\" sizes=\"(max-width: 250px) 100vw, 250px\" \/>\t\t<\/a>\n\n\t\t\t\t\t<div class=\"product-labels labels-rectangular\">\n\t\t\t\t<span class=\"new product-label wd-shape-rect-sm\">Nuovo<\/span>\t\t\t<\/div>\n\t\t\t\n\t\t<div class=\"wd-buttons wd-pos-r-t\">\n\t\t\t\t\t\t\t\t\t\t\t\t\t\t<\/div>\n\t<\/div>\n\n\t\t<div class=\"product-element-bottom\">\n\t\n\t\n\t<h3 class=\"wd-entities-title\"><a href=\"https:\/\/www.marinigerardi.it\/shop\/prodotto\/tende-da-sala-moderne\/\">LA FRANCESINA &#8211; Tende da Sala Moderne in Lino Delav\u00e8<\/a><\/h3>\n\t\t\t\t\t\t<p class=\"wd-product-stock stock wd-style-default in-stock\">Disponibile<\/p>\n\t\t\n\t\n\t<span class=\"price\">179,00&nbsp;&euro;<\/span>\n\n\t<div class=\"wd-add-btn wd-add-btn-replace\">\n\t\t\n\t\t<a href=\"https:\/\/www.marinigerardi.it\/shop\/prodotto\/tende-da-sala-moderne\/\" class=\"button product_type_simple add-to-cart-loop mg-detail-btn\"><span class=\"wd-action-icon\"><span class=\"wd-check-icon\"><\/span><\/span><span class=\"wd-action-text\">Vedi dettagli<\/span><\/a>\t<\/div>\n\n\t\n\t\n\t\t\t<\/div>\n\t<\/div>\n<\/div>\n<div class=\"wd-product wd-col wd-hover-standard product-grid-item product type-product post-35674 status-publish first instock product_cat-tende-in-lino has-post-thumbnail taxable shipping-taxable purchasable product-type-simple\" data-loop=\"6\" data-id=\"35674\">\n\t\n<div class=\"wd-product-wrapper product-wrapper\">\n\t<div class=\"wd-product-thumb product-element-top wd-quick-shop\">\n\t\t<a href=\"https:\/\/www.marinigerardi.it\/shop\/prodotto\/pegaso-tenda-elegante-salone-classico-moderno\/\" class=\"wd-product-img-link product-image-link\" tabindex=\"-1\" aria-label=\"PEGASO &#8211; Tenda Elegante Salone Classico o Moderno\">\n\t\t\t\t\t<div class=\"wd-product-grid-slider wd-fill\">\n\t\t\t\t\t\t\t<div class=\"wd-product-grid-slide\" data-image-url=\"https:\/\/www.marinigerardi.it\/shop\/wp-content\/uploads\/2022\/03\/tenda-salone-classico-moderno-in-lino-design-eclettico-250x188.jpg\" data-image-srcset=\"https:\/\/www.marinigerardi.it\/shop\/wp-content\/uploads\/2022\/03\/tenda-salone-classico-moderno-in-lino-design-eclettico-250x188.jpg 250w, https:\/\/www.marinigerardi.it\/shop\/wp-content\/uploads\/2022\/03\/tenda-salone-classico-moderno-in-lino-design-eclettico-600x450.jpg 600w, https:\/\/www.marinigerardi.it\/shop\/wp-content\/uploads\/2022\/03\/tenda-salone-classico-moderno-in-lino-design-eclettico-300x225.jpg 300w, https:\/\/www.marinigerardi.it\/shop\/wp-content\/uploads\/2022\/03\/tenda-salone-classico-moderno-in-lino-design-eclettico-768x576.jpg 768w, https:\/\/www.marinigerardi.it\/shop\/wp-content\/uploads\/2022\/03\/tenda-salone-classico-moderno-in-lino-design-eclettico.jpg 1024w\" data-image-id=\"0\"><\/div>\n\t\t\t\t\t\t\t<div class=\"wd-product-grid-slide\" data-image-url=\"https:\/\/www.marinigerardi.it\/shop\/wp-content\/uploads\/2022\/03\/tenda-lino-design-eclettico-luce-in-soggiorno-bianco-mattone-250x188.jpg\" data-image-srcset=\"https:\/\/www.marinigerardi.it\/shop\/wp-content\/uploads\/2022\/03\/tenda-lino-design-eclettico-luce-in-soggiorno-bianco-mattone-250x188.jpg 250w, https:\/\/www.marinigerardi.it\/shop\/wp-content\/uploads\/2022\/03\/tenda-lino-design-eclettico-luce-in-soggiorno-bianco-mattone-600x450.jpg 600w, https:\/\/www.marinigerardi.it\/shop\/wp-content\/uploads\/2022\/03\/tenda-lino-design-eclettico-luce-in-soggiorno-bianco-mattone-300x225.jpg 300w, https:\/\/www.marinigerardi.it\/shop\/wp-content\/uploads\/2022\/03\/tenda-lino-design-eclettico-luce-in-soggiorno-bianco-mattone-768x576.jpg 768w, https:\/\/www.marinigerardi.it\/shop\/wp-content\/uploads\/2022\/03\/tenda-lino-design-eclettico-luce-in-soggiorno-bianco-mattone.jpg 1024w\" data-image-id=\"1\"><\/div>\n\t\t\t\t\t\t\t<div class=\"wd-product-grid-slide\" data-image-url=\"https:\/\/www.marinigerardi.it\/shop\/wp-content\/uploads\/2022\/03\/pegaso-tenda-eclettica-in.lino-luce-in-soggiorno-bianco-mattone-250x188.jpg\" data-image-srcset=\"https:\/\/www.marinigerardi.it\/shop\/wp-content\/uploads\/2022\/03\/pegaso-tenda-eclettica-in.lino-luce-in-soggiorno-bianco-mattone-250x188.jpg 250w, https:\/\/www.marinigerardi.it\/shop\/wp-content\/uploads\/2022\/03\/pegaso-tenda-eclettica-in.lino-luce-in-soggiorno-bianco-mattone-600x450.jpg 600w, https:\/\/www.marinigerardi.it\/shop\/wp-content\/uploads\/2022\/03\/pegaso-tenda-eclettica-in.lino-luce-in-soggiorno-bianco-mattone-300x225.jpg 300w, https:\/\/www.marinigerardi.it\/shop\/wp-content\/uploads\/2022\/03\/pegaso-tenda-eclettica-in.lino-luce-in-soggiorno-bianco-mattone-768x576.jpg 768w, https:\/\/www.marinigerardi.it\/shop\/wp-content\/uploads\/2022\/03\/pegaso-tenda-eclettica-in.lino-luce-in-soggiorno-bianco-mattone.jpg 1024w\" data-image-id=\"2\"><\/div>\n\t\t\t\t\t<\/div>\n\n\t\t\n\t\t\t\t\t\t\t<div class=\"wd-product-grid-slider-pagin\">\n\t\t\t\t\t\t\t<div data-image-id=\"0\" class=\"wd-product-grid-slider-dot\"><\/div>\n\t\t\t\t\t\t\t<div data-image-id=\"1\" class=\"wd-product-grid-slider-dot\"><\/div>\n\t\t\t\t\t\t\t<div data-image-id=\"2\" class=\"wd-product-grid-slider-dot\"><\/div>\n\t\t\t\t\t<\/div>\n\t\t\t\t\t\t<img decoding=\"async\" width=\"250\" height=\"188\" src=\"https:\/\/www.marinigerardi.it\/shop\/wp-content\/uploads\/2022\/03\/tenda-salone-classico-moderno-in-lino-design-eclettico-250x188.jpg\" class=\"attachment-woocommerce_thumbnail size-woocommerce_thumbnail\" alt=\"PEGASO - Tenda Elegante Salone Classico o Moderno\" srcset=\"https:\/\/www.marinigerardi.it\/shop\/wp-content\/uploads\/2022\/03\/tenda-salone-classico-moderno-in-lino-design-eclettico-250x188.jpg 250w, https:\/\/www.marinigerardi.it\/shop\/wp-content\/uploads\/2022\/03\/tenda-salone-classico-moderno-in-lino-design-eclettico-600x450.jpg 600w, https:\/\/www.marinigerardi.it\/shop\/wp-content\/uploads\/2022\/03\/tenda-salone-classico-moderno-in-lino-design-eclettico-300x225.jpg.avif 300w, https:\/\/www.marinigerardi.it\/shop\/wp-content\/uploads\/2022\/03\/tenda-salone-classico-moderno-in-lino-design-eclettico-768x576.jpg.avif 768w, https:\/\/www.marinigerardi.it\/shop\/wp-content\/uploads\/2022\/03\/tenda-salone-classico-moderno-in-lino-design-eclettico.jpg.webp 1024w\" sizes=\"(max-width: 250px) 100vw, 250px\" \/>\t\t<\/a>\n\n\t\t\n\t\t<div class=\"wd-buttons wd-pos-r-t\">\n\t\t\t\t\t\t\t\t\t\t\t\t\t\t<\/div>\n\t<\/div>\n\n\t\t<div class=\"product-element-bottom\">\n\t\n\t\n\t<h3 class=\"wd-entities-title\"><a href=\"https:\/\/www.marinigerardi.it\/shop\/prodotto\/pegaso-tenda-elegante-salone-classico-moderno\/\">PEGASO &#8211; Tenda Elegante Salone Classico o Moderno<\/a><\/h3>\n\t\t\t\t\t\t<p class=\"wd-product-stock stock wd-style-default in-stock\">Disponibile<\/p>\n\t\t\n\t\n\t<span class=\"price\">321,00&nbsp;&euro;<\/span>\n\n\t<div class=\"wd-add-btn wd-add-btn-replace\">\n\t\t\n\t\t<a href=\"https:\/\/www.marinigerardi.it\/shop\/prodotto\/pegaso-tenda-elegante-salone-classico-moderno\/\" class=\"button product_type_simple add-to-cart-loop mg-detail-btn\"><span class=\"wd-action-icon\"><span class=\"wd-check-icon\"><\/span><\/span><span class=\"wd-action-text\">Vedi dettagli<\/span><\/a>\t<\/div>\n\n\t\n\t\n\t\t\t<\/div>\n\t<\/div>\n<\/div>\n<div class=\"wd-product wd-col wd-hover-standard product-grid-item product type-product post-35929 status-publish last instock product_cat-doppie-tende product_cat-tende-classiche product_cat-tende-da-interni product_cat-tende-in-lino product_cat-tende-lino product_cat-tende-su-misura product_tag-tenda-doppio-telo has-post-thumbnail taxable shipping-taxable purchasable product-type-simple\" data-loop=\"7\" data-id=\"35929\">\n\t\n<div class=\"wd-product-wrapper product-wrapper\">\n\t<div class=\"wd-product-thumb product-element-top wd-quick-shop\">\n\t\t<a href=\"https:\/\/www.marinigerardi.it\/shop\/prodotto\/torre-veneri-tenda-doppio-telo-in-lino\/\" class=\"wd-product-img-link product-image-link\" tabindex=\"-1\" aria-label=\"Tenda Doppio Telo in Lino con ricamo &#8211; TORRE VENERI\">\n\t\t\t\t\t<div class=\"wd-product-grid-slider wd-fill\">\n\t\t\t\t\t\t\t<div class=\"wd-product-grid-slide\" data-image-url=\"https:\/\/www.marinigerardi.it\/shop\/wp-content\/uploads\/2022\/04\/tenda-esclusiva-doppio-telo-classico-in-lino-ricamo-con-rosa-250x188.jpg\" data-image-srcset=\"https:\/\/www.marinigerardi.it\/shop\/wp-content\/uploads\/2022\/04\/tenda-esclusiva-doppio-telo-classico-in-lino-ricamo-con-rosa-250x188.jpg 250w, https:\/\/www.marinigerardi.it\/shop\/wp-content\/uploads\/2022\/04\/tenda-esclusiva-doppio-telo-classico-in-lino-ricamo-con-rosa-600x450.jpg 600w, https:\/\/www.marinigerardi.it\/shop\/wp-content\/uploads\/2022\/04\/tenda-esclusiva-doppio-telo-classico-in-lino-ricamo-con-rosa-300x225.jpg 300w, https:\/\/www.marinigerardi.it\/shop\/wp-content\/uploads\/2022\/04\/tenda-esclusiva-doppio-telo-classico-in-lino-ricamo-con-rosa-768x576.jpg 768w, https:\/\/www.marinigerardi.it\/shop\/wp-content\/uploads\/2022\/04\/tenda-esclusiva-doppio-telo-classico-in-lino-ricamo-con-rosa.jpg 1024w\" data-image-id=\"0\"><\/div>\n\t\t\t\t\t\t\t<div class=\"wd-product-grid-slide\" data-image-url=\"https:\/\/www.marinigerardi.it\/shop\/wp-content\/uploads\/2022\/04\/tenda-interni-sclusiva-classica-in-lino-ricamo-con-rosa-250x188.jpg\" data-image-srcset=\"https:\/\/www.marinigerardi.it\/shop\/wp-content\/uploads\/2022\/04\/tenda-interni-sclusiva-classica-in-lino-ricamo-con-rosa-250x188.jpg 250w, https:\/\/www.marinigerardi.it\/shop\/wp-content\/uploads\/2022\/04\/tenda-interni-sclusiva-classica-in-lino-ricamo-con-rosa-600x450.jpg 600w, https:\/\/www.marinigerardi.it\/shop\/wp-content\/uploads\/2022\/04\/tenda-interni-sclusiva-classica-in-lino-ricamo-con-rosa-300x225.jpg 300w, https:\/\/www.marinigerardi.it\/shop\/wp-content\/uploads\/2022\/04\/tenda-interni-sclusiva-classica-in-lino-ricamo-con-rosa-768x576.jpg 768w, https:\/\/www.marinigerardi.it\/shop\/wp-content\/uploads\/2022\/04\/tenda-interni-sclusiva-classica-in-lino-ricamo-con-rosa.jpg 1024w\" data-image-id=\"1\"><\/div>\n\t\t\t\t\t\t\t<div class=\"wd-product-grid-slide\" data-image-url=\"https:\/\/www.marinigerardi.it\/shop\/wp-content\/uploads\/2022\/04\/tenda-doppio-telo-classico-in-lino-panna-con-mantovana-250x188.jpg\" data-image-srcset=\"https:\/\/www.marinigerardi.it\/shop\/wp-content\/uploads\/2022\/04\/tenda-doppio-telo-classico-in-lino-panna-con-mantovana-250x188.jpg 250w, https:\/\/www.marinigerardi.it\/shop\/wp-content\/uploads\/2022\/04\/tenda-doppio-telo-classico-in-lino-panna-con-mantovana-600x450.jpg 600w, https:\/\/www.marinigerardi.it\/shop\/wp-content\/uploads\/2022\/04\/tenda-doppio-telo-classico-in-lino-panna-con-mantovana-300x225.jpg 300w, https:\/\/www.marinigerardi.it\/shop\/wp-content\/uploads\/2022\/04\/tenda-doppio-telo-classico-in-lino-panna-con-mantovana-768x576.jpg 768w, https:\/\/www.marinigerardi.it\/shop\/wp-content\/uploads\/2022\/04\/tenda-doppio-telo-classico-in-lino-panna-con-mantovana.jpg 1024w\" data-image-id=\"2\"><\/div>\n\t\t\t\t\t<\/div>\n\n\t\t\n\t\t\t\t\t\t\t<div class=\"wd-product-grid-slider-pagin\">\n\t\t\t\t\t\t\t<div data-image-id=\"0\" class=\"wd-product-grid-slider-dot\"><\/div>\n\t\t\t\t\t\t\t<div data-image-id=\"1\" class=\"wd-product-grid-slider-dot\"><\/div>\n\t\t\t\t\t\t\t<div data-image-id=\"2\" class=\"wd-product-grid-slider-dot\"><\/div>\n\t\t\t\t\t<\/div>\n\t\t\t\t\t\t<img decoding=\"async\" width=\"250\" height=\"188\" src=\"https:\/\/www.marinigerardi.it\/shop\/wp-content\/uploads\/2022\/04\/tenda-esclusiva-doppio-telo-classico-in-lino-ricamo-con-rosa-250x188.jpg\" class=\"attachment-woocommerce_thumbnail size-woocommerce_thumbnail\" alt=\"doppio telo classico in lino ricamo con fiorellini\" srcset=\"https:\/\/www.marinigerardi.it\/shop\/wp-content\/uploads\/2022\/04\/tenda-esclusiva-doppio-telo-classico-in-lino-ricamo-con-rosa-250x188.jpg 250w, https:\/\/www.marinigerardi.it\/shop\/wp-content\/uploads\/2022\/04\/tenda-esclusiva-doppio-telo-classico-in-lino-ricamo-con-rosa-600x450.jpg 600w, https:\/\/www.marinigerardi.it\/shop\/wp-content\/uploads\/2022\/04\/tenda-esclusiva-doppio-telo-classico-in-lino-ricamo-con-rosa-300x225.jpg.avif 300w, https:\/\/www.marinigerardi.it\/shop\/wp-content\/uploads\/2022\/04\/tenda-esclusiva-doppio-telo-classico-in-lino-ricamo-con-rosa-768x576.jpg.avif 768w, https:\/\/www.marinigerardi.it\/shop\/wp-content\/uploads\/2022\/04\/tenda-esclusiva-doppio-telo-classico-in-lino-ricamo-con-rosa.jpg.webp 1024w\" sizes=\"(max-width: 250px) 100vw, 250px\" \/>\t\t<\/a>\n\n\t\t\n\t\t<div class=\"wd-buttons wd-pos-r-t\">\n\t\t\t\t\t\t\t\t\t\t\t\t\t\t<\/div>\n\t<\/div>\n\n\t\t<div class=\"product-element-bottom\">\n\t\n\t\n\t<h3 class=\"wd-entities-title\"><a href=\"https:\/\/www.marinigerardi.it\/shop\/prodotto\/torre-veneri-tenda-doppio-telo-in-lino\/\">Tenda Doppio Telo in Lino con ricamo &#8211; TORRE VENERI<\/a><\/h3>\n\t\t\t\t\t\t<p class=\"wd-product-stock stock wd-style-default in-stock\">Disponibile<\/p>\n\t\t\n\t\n\t<span class=\"price\">299,00&nbsp;&euro;<\/span>\n\n\t<div class=\"wd-add-btn wd-add-btn-replace\">\n\t\t\n\t\t<a href=\"https:\/\/www.marinigerardi.it\/shop\/prodotto\/torre-veneri-tenda-doppio-telo-in-lino\/\" class=\"button product_type_simple add-to-cart-loop mg-detail-btn\"><span class=\"wd-action-icon\"><span class=\"wd-check-icon\"><\/span><\/span><span class=\"wd-action-text\">Vedi dettagli<\/span><\/a>\t<\/div>\n\n\t\n\t\n\t\t\t<\/div>\n\t<\/div>\n<\/div>\n<div class=\"wd-product wd-col wd-hover-standard product-grid-item product type-product post-67472 status-publish first instock product_cat-tende-in-lino has-post-thumbnail taxable shipping-taxable purchasable product-type-simple\" data-loop=\"8\" data-id=\"67472\">\n\t\n<div class=\"wd-product-wrapper product-wrapper\">\n\t<div class=\"wd-product-thumb product-element-top wd-quick-shop\">\n\t\t<a href=\"https:\/\/www.marinigerardi.it\/shop\/prodotto\/tende-per-sala-moderna\/\" class=\"wd-product-img-link product-image-link\" tabindex=\"-1\" aria-label=\"Tende per Sala Moderna &#8211; FEDELTA\u2019 &#8211; Tende Moderne per Soggiorno\">\n\t\t\t\t\t<div class=\"wd-product-grid-slider wd-fill\">\n\t\t\t\t\t\t\t<div class=\"wd-product-grid-slide\" data-image-url=\"https:\/\/www.marinigerardi.it\/shop\/wp-content\/uploads\/2024\/05\/Tende-per-Sala-Moderna-salone-divano-vvista-mare-250x188.jpg\" data-image-srcset=\"https:\/\/www.marinigerardi.it\/shop\/wp-content\/uploads\/2024\/05\/Tende-per-Sala-Moderna-salone-divano-vvista-mare-250x188.jpg 250w, https:\/\/www.marinigerardi.it\/shop\/wp-content\/uploads\/2024\/05\/Tende-per-Sala-Moderna-salone-divano-vvista-mare-600x450.jpg 600w, https:\/\/www.marinigerardi.it\/shop\/wp-content\/uploads\/2024\/05\/Tende-per-Sala-Moderna-salone-divano-vvista-mare-300x225.jpg 300w, https:\/\/www.marinigerardi.it\/shop\/wp-content\/uploads\/2024\/05\/Tende-per-Sala-Moderna-salone-divano-vvista-mare-768x576.jpg 768w, https:\/\/www.marinigerardi.it\/shop\/wp-content\/uploads\/2024\/05\/Tende-per-Sala-Moderna-salone-divano-vvista-mare.jpg 1024w\" data-image-id=\"0\"><\/div>\n\t\t\t\t\t\t\t<div class=\"wd-product-grid-slide\" data-image-url=\"https:\/\/www.marinigerardi.it\/shop\/wp-content\/uploads\/2024\/05\/Tende-per-Sala-Moderna-poltrona-vimini-vetrata-vista-mare-250x188.jpg\" data-image-srcset=\"https:\/\/www.marinigerardi.it\/shop\/wp-content\/uploads\/2024\/05\/Tende-per-Sala-Moderna-poltrona-vimini-vetrata-vista-mare-250x188.jpg 250w, https:\/\/www.marinigerardi.it\/shop\/wp-content\/uploads\/2024\/05\/Tende-per-Sala-Moderna-poltrona-vimini-vetrata-vista-mare-600x450.jpg 600w, https:\/\/www.marinigerardi.it\/shop\/wp-content\/uploads\/2024\/05\/Tende-per-Sala-Moderna-poltrona-vimini-vetrata-vista-mare-300x225.jpg 300w, https:\/\/www.marinigerardi.it\/shop\/wp-content\/uploads\/2024\/05\/Tende-per-Sala-Moderna-poltrona-vimini-vetrata-vista-mare-768x576.jpg 768w, https:\/\/www.marinigerardi.it\/shop\/wp-content\/uploads\/2024\/05\/Tende-per-Sala-Moderna-poltrona-vimini-vetrata-vista-mare.jpg 1024w\" data-image-id=\"1\"><\/div>\n\t\t\t\t\t\t\t<div class=\"wd-product-grid-slide\" data-image-url=\"https:\/\/www.marinigerardi.it\/shop\/wp-content\/uploads\/2023\/04\/tende-per-interni-moderne-soggiorno-in-lino-250x188.jpg\" data-image-srcset=\"https:\/\/www.marinigerardi.it\/shop\/wp-content\/uploads\/2023\/04\/tende-per-interni-moderne-soggiorno-in-lino-250x188.jpg 250w, https:\/\/www.marinigerardi.it\/shop\/wp-content\/uploads\/2023\/04\/tende-per-interni-moderne-soggiorno-in-lino-600x450.jpg 600w, https:\/\/www.marinigerardi.it\/shop\/wp-content\/uploads\/2023\/04\/tende-per-interni-moderne-soggiorno-in-lino-300x225.jpg 300w, https:\/\/www.marinigerardi.it\/shop\/wp-content\/uploads\/2023\/04\/tende-per-interni-moderne-soggiorno-in-lino-768x576.jpg 768w, https:\/\/www.marinigerardi.it\/shop\/wp-content\/uploads\/2023\/04\/tende-per-interni-moderne-soggiorno-in-lino.jpg 1024w\" data-image-id=\"2\"><\/div>\n\t\t\t\t\t\t\t<div class=\"wd-product-grid-slide\" data-image-url=\"https:\/\/www.marinigerardi.it\/shop\/wp-content\/uploads\/2023\/04\/tende-da-interno-moderne-immagini-250x188.jpg\" data-image-srcset=\"https:\/\/www.marinigerardi.it\/shop\/wp-content\/uploads\/2023\/04\/tende-da-interno-moderne-immagini-250x188.jpg 250w, https:\/\/www.marinigerardi.it\/shop\/wp-content\/uploads\/2023\/04\/tende-da-interno-moderne-immagini-600x450.jpg 600w, https:\/\/www.marinigerardi.it\/shop\/wp-content\/uploads\/2023\/04\/tende-da-interno-moderne-immagini-300x225.jpg 300w, https:\/\/www.marinigerardi.it\/shop\/wp-content\/uploads\/2023\/04\/tende-da-interno-moderne-immagini-768x576.jpg 768w, https:\/\/www.marinigerardi.it\/shop\/wp-content\/uploads\/2023\/04\/tende-da-interno-moderne-immagini.jpg 1024w\" data-image-id=\"3\"><\/div>\n\t\t\t\t\t<\/div>\n\n\t\t\n\t\t\t\t\t\t\t<div class=\"wd-product-grid-slider-pagin\">\n\t\t\t\t\t\t\t<div data-image-id=\"0\" class=\"wd-product-grid-slider-dot\"><\/div>\n\t\t\t\t\t\t\t<div data-image-id=\"1\" class=\"wd-product-grid-slider-dot\"><\/div>\n\t\t\t\t\t\t\t<div data-image-id=\"2\" class=\"wd-product-grid-slider-dot\"><\/div>\n\t\t\t\t\t\t\t<div data-image-id=\"3\" class=\"wd-product-grid-slider-dot\"><\/div>\n\t\t\t\t\t<\/div>\n\t\t\t\t\t\t<img decoding=\"async\" width=\"250\" height=\"188\" src=\"https:\/\/www.marinigerardi.it\/shop\/wp-content\/uploads\/2024\/05\/Tende-per-Sala-Moderna-salone-divano-vvista-mare-250x188.jpg\" class=\"attachment-woocommerce_thumbnail size-woocommerce_thumbnail\" alt=\"Tende per sala moderna salone divano vvista mare\" srcset=\"https:\/\/www.marinigerardi.it\/shop\/wp-content\/uploads\/2024\/05\/Tende-per-Sala-Moderna-salone-divano-vvista-mare-250x188.jpg 250w, https:\/\/www.marinigerardi.it\/shop\/wp-content\/uploads\/2024\/05\/Tende-per-Sala-Moderna-salone-divano-vvista-mare-600x450.jpg 600w, https:\/\/www.marinigerardi.it\/shop\/wp-content\/uploads\/2024\/05\/Tende-per-Sala-Moderna-salone-divano-vvista-mare-300x225.jpg.avif 300w, https:\/\/www.marinigerardi.it\/shop\/wp-content\/uploads\/2024\/05\/Tende-per-Sala-Moderna-salone-divano-vvista-mare-768x576.jpg.avif 768w, https:\/\/www.marinigerardi.it\/shop\/wp-content\/uploads\/2024\/05\/Tende-per-Sala-Moderna-salone-divano-vvista-mare.jpg.avif 1024w\" sizes=\"(max-width: 250px) 100vw, 250px\" \/>\t\t<\/a>\n\n\t\t\n\t\t<div class=\"wd-buttons wd-pos-r-t\">\n\t\t\t\t\t\t\t\t\t\t\t\t\t\t<\/div>\n\t<\/div>\n\n\t\t<div class=\"product-element-bottom\">\n\t\n\t\n\t<h3 class=\"wd-entities-title\"><a href=\"https:\/\/www.marinigerardi.it\/shop\/prodotto\/tende-per-sala-moderna\/\">Tende per Sala Moderna &#8211; FEDELTA\u2019 &#8211; Tende Moderne per Soggiorno<\/a><\/h3>\n\t\t\t\t\t\t<p class=\"wd-product-stock stock wd-style-default in-stock\">Disponibile<\/p>\n\t\t\n\t\n\t<span class=\"price\">135,00&nbsp;&euro;<\/span>\n\n\t<div class=\"wd-add-btn wd-add-btn-replace\">\n\t\t\n\t\t<a href=\"https:\/\/www.marinigerardi.it\/shop\/prodotto\/tende-per-sala-moderna\/\" class=\"button product_type_simple add-to-cart-loop mg-detail-btn\"><span class=\"wd-action-icon\"><span class=\"wd-check-icon\"><\/span><\/span><span class=\"wd-action-text\">Vedi dettagli<\/span><\/a>\t<\/div>\n\n\t\n\t\n\t\t\t<\/div>\n\t<\/div>\n<\/div>\n<div class=\"wd-product wd-col wd-hover-standard product-grid-item product type-product post-13186 status-publish last instock product_cat-tende-in-lino has-post-thumbnail taxable shipping-taxable purchasable product-type-simple\" data-loop=\"9\" data-id=\"13186\">\n\t\n<div class=\"wd-product-wrapper product-wrapper\">\n\t<div class=\"wd-product-thumb product-element-top wd-quick-shop\">\n\t\t<a href=\"https:\/\/www.marinigerardi.it\/shop\/prodotto\/tenda-semitrasparente-in-lino-villa-castelli\/\" class=\"wd-product-img-link product-image-link\" tabindex=\"-1\" aria-label=\"VILLA CASTELLI &#8211; Tenda Semitrasparente in Lino\">\n\t\t\t\t\t<div class=\"wd-product-grid-slider wd-fill\">\n\t\t\t\t\t\t\t<div class=\"wd-product-grid-slide\" data-image-url=\"https:\/\/www.marinigerardi.it\/shop\/wp-content\/uploads\/2021\/01\/tenda-soggiorno-moderno-elegante-in-puro-lino-italiano-villa-castelli-250x188.jpg\" data-image-srcset=\"https:\/\/www.marinigerardi.it\/shop\/wp-content\/uploads\/2021\/01\/tenda-soggiorno-moderno-elegante-in-puro-lino-italiano-villa-castelli-250x188.jpg 250w, https:\/\/www.marinigerardi.it\/shop\/wp-content\/uploads\/2021\/01\/tenda-soggiorno-moderno-elegante-in-puro-lino-italiano-villa-castelli-600x450.jpg 600w, https:\/\/www.marinigerardi.it\/shop\/wp-content\/uploads\/2021\/01\/tenda-soggiorno-moderno-elegante-in-puro-lino-italiano-villa-castelli-300x225.jpg 300w, https:\/\/www.marinigerardi.it\/shop\/wp-content\/uploads\/2021\/01\/tenda-soggiorno-moderno-elegante-in-puro-lino-italiano-villa-castelli-768x576.jpg 768w, https:\/\/www.marinigerardi.it\/shop\/wp-content\/uploads\/2021\/01\/tenda-soggiorno-moderno-elegante-in-puro-lino-italiano-villa-castelli.jpg 1024w\" data-image-id=\"0\"><\/div>\n\t\t\t\t\t\t\t<div class=\"wd-product-grid-slide\" data-image-url=\"https:\/\/www.marinigerardi.it\/shop\/wp-content\/uploads\/2021\/01\/tenda-soggiorno-elegante-in-puro-lino-italiano-villa-castelli-250x188.jpg\" data-image-srcset=\"https:\/\/www.marinigerardi.it\/shop\/wp-content\/uploads\/2021\/01\/tenda-soggiorno-elegante-in-puro-lino-italiano-villa-castelli-250x188.jpg 250w, https:\/\/www.marinigerardi.it\/shop\/wp-content\/uploads\/2021\/01\/tenda-soggiorno-elegante-in-puro-lino-italiano-villa-castelli-600x450.jpg 600w, https:\/\/www.marinigerardi.it\/shop\/wp-content\/uploads\/2021\/01\/tenda-soggiorno-elegante-in-puro-lino-italiano-villa-castelli-300x225.jpg 300w, https:\/\/www.marinigerardi.it\/shop\/wp-content\/uploads\/2021\/01\/tenda-soggiorno-elegante-in-puro-lino-italiano-villa-castelli-768x576.jpg 768w, https:\/\/www.marinigerardi.it\/shop\/wp-content\/uploads\/2021\/01\/tenda-soggiorno-elegante-in-puro-lino-italiano-villa-castelli.jpg 1024w\" data-image-id=\"1\"><\/div>\n\t\t\t\t\t\t\t<div class=\"wd-product-grid-slide\" data-image-url=\"https:\/\/www.marinigerardi.it\/shop\/wp-content\/uploads\/2021\/10\/tenda-lino-salento-panna-per-interni-di-lusso-250x188.jpg\" data-image-srcset=\"https:\/\/www.marinigerardi.it\/shop\/wp-content\/uploads\/2021\/10\/tenda-lino-salento-panna-per-interni-di-lusso-250x188.jpg 250w, https:\/\/www.marinigerardi.it\/shop\/wp-content\/uploads\/2021\/10\/tenda-lino-salento-panna-per-interni-di-lusso-600x450.jpg 600w, https:\/\/www.marinigerardi.it\/shop\/wp-content\/uploads\/2021\/10\/tenda-lino-salento-panna-per-interni-di-lusso-300x225.jpg 300w, https:\/\/www.marinigerardi.it\/shop\/wp-content\/uploads\/2021\/10\/tenda-lino-salento-panna-per-interni-di-lusso-768x576.jpg 768w, https:\/\/www.marinigerardi.it\/shop\/wp-content\/uploads\/2021\/10\/tenda-lino-salento-panna-per-interni-di-lusso.jpg 1024w\" data-image-id=\"2\"><\/div>\n\t\t\t\t\t\t\t<div class=\"wd-product-grid-slide\" data-image-url=\"https:\/\/www.marinigerardi.it\/shop\/wp-content\/uploads\/2021\/10\/tenda-lino-salento-elegante-panna-per-interni-di-lusso-250x188.jpg\" data-image-srcset=\"https:\/\/www.marinigerardi.it\/shop\/wp-content\/uploads\/2021\/10\/tenda-lino-salento-elegante-panna-per-interni-di-lusso-250x188.jpg 250w, https:\/\/www.marinigerardi.it\/shop\/wp-content\/uploads\/2021\/10\/tenda-lino-salento-elegante-panna-per-interni-di-lusso-600x450.jpg 600w, https:\/\/www.marinigerardi.it\/shop\/wp-content\/uploads\/2021\/10\/tenda-lino-salento-elegante-panna-per-interni-di-lusso-300x225.jpg 300w, https:\/\/www.marinigerardi.it\/shop\/wp-content\/uploads\/2021\/10\/tenda-lino-salento-elegante-panna-per-interni-di-lusso-768x576.jpg 768w, https:\/\/www.marinigerardi.it\/shop\/wp-content\/uploads\/2021\/10\/tenda-lino-salento-elegante-panna-per-interni-di-lusso.jpg 1024w\" data-image-id=\"3\"><\/div>\n\t\t\t\t\t<\/div>\n\n\t\t\n\t\t\t\t\t\t\t<div class=\"wd-product-grid-slider-pagin\">\n\t\t\t\t\t\t\t<div data-image-id=\"0\" class=\"wd-product-grid-slider-dot\"><\/div>\n\t\t\t\t\t\t\t<div data-image-id=\"1\" class=\"wd-product-grid-slider-dot\"><\/div>\n\t\t\t\t\t\t\t<div data-image-id=\"2\" class=\"wd-product-grid-slider-dot\"><\/div>\n\t\t\t\t\t\t\t<div data-image-id=\"3\" class=\"wd-product-grid-slider-dot\"><\/div>\n\t\t\t\t\t<\/div>\n\t\t\t\t\t\t<img decoding=\"async\" width=\"250\" height=\"188\" src=\"https:\/\/www.marinigerardi.it\/shop\/wp-content\/uploads\/2021\/01\/tenda-soggiorno-moderno-elegante-in-puro-lino-italiano-villa-castelli-250x188.jpg\" class=\"attachment-woocommerce_thumbnail size-woocommerce_thumbnail\" alt=\"Tenda Soggiorno Moderno Elegante In Puro Lino Italiano - Villa Castelli Tenda Semitrasparente\" srcset=\"https:\/\/www.marinigerardi.it\/shop\/wp-content\/uploads\/2021\/01\/tenda-soggiorno-moderno-elegante-in-puro-lino-italiano-villa-castelli-250x188.jpg 250w, https:\/\/www.marinigerardi.it\/shop\/wp-content\/uploads\/2021\/01\/tenda-soggiorno-moderno-elegante-in-puro-lino-italiano-villa-castelli-600x450.jpg 600w, https:\/\/www.marinigerardi.it\/shop\/wp-content\/uploads\/2021\/01\/tenda-soggiorno-moderno-elegante-in-puro-lino-italiano-villa-castelli-300x225.jpg.avif 300w, https:\/\/www.marinigerardi.it\/shop\/wp-content\/uploads\/2021\/01\/tenda-soggiorno-moderno-elegante-in-puro-lino-italiano-villa-castelli-768x576.jpg.avif 768w, https:\/\/www.marinigerardi.it\/shop\/wp-content\/uploads\/2021\/01\/tenda-soggiorno-moderno-elegante-in-puro-lino-italiano-villa-castelli.jpg.webp 1024w\" sizes=\"(max-width: 250px) 100vw, 250px\" \/>\t\t<\/a>\n\n\t\t\n\t\t<div class=\"wd-buttons wd-pos-r-t\">\n\t\t\t\t\t\t\t\t\t\t\t\t\t\t<\/div>\n\t<\/div>\n\n\t\t<div class=\"product-element-bottom\">\n\t\n\t\n\t<h3 class=\"wd-entities-title\"><a href=\"https:\/\/www.marinigerardi.it\/shop\/prodotto\/tenda-semitrasparente-in-lino-villa-castelli\/\">VILLA CASTELLI &#8211; Tenda Semitrasparente in Lino<\/a><\/h3>\n\t\t\t\t\t\t<p class=\"wd-product-stock stock wd-style-default in-stock\">Disponibile<\/p>\n\t\t\n\t\n\t<span class=\"price\">133,00&nbsp;&euro;<\/span>\n\n\t<div class=\"wd-add-btn wd-add-btn-replace\">\n\t\t\n\t\t<a href=\"https:\/\/www.marinigerardi.it\/shop\/prodotto\/tenda-semitrasparente-in-lino-villa-castelli\/\" class=\"button product_type_simple add-to-cart-loop mg-detail-btn\"><span class=\"wd-action-icon\"><span class=\"wd-check-icon\"><\/span><\/span><span class=\"wd-action-text\">Vedi dettagli<\/span><\/a>\t<\/div>\n\n\t\n\t\n\t\t\t<\/div>\n\t<\/div>\n<\/div>\n<div class=\"wd-product wd-col wd-hover-standard product-grid-item product type-product post-66620 status-publish first instock product_cat-tende-da-interni product_cat-tende-di-lino product_cat-tende-in-lino product_cat-tende-interni product_cat-tende-lino product_cat-tende-moderne product_cat-tende-su-misura product_tag-tende product_tag-tende-di-lino product_tag-tende-di-lino-moderne product_tag-tende-in-lino product_tag-tende-moderne product_tag-tende-soggiorno has-post-thumbnail taxable shipping-taxable purchasable product-type-simple\" data-loop=\"10\" data-id=\"66620\">\n\t\n<div class=\"wd-product-wrapper product-wrapper\">\n\t<div class=\"wd-product-thumb product-element-top wd-quick-shop\">\n\t\t<a href=\"https:\/\/www.marinigerardi.it\/shop\/prodotto\/tende-da-casa-moderne\/\" class=\"wd-product-img-link product-image-link\" tabindex=\"-1\" aria-label=\"Tende da Casa Moderne in Lino: il FASCINO del design fatto a mano\">\n\t\t\t\t\t<div class=\"wd-product-grid-slider wd-fill\">\n\t\t\t\t\t\t\t<div class=\"wd-product-grid-slide\" data-image-url=\"https:\/\/www.marinigerardi.it\/shop\/wp-content\/uploads\/2024\/03\/Tende-da-Casa-Moderne-in-Lino-design-foglie-lanceolate-artigianali-250x188.jpg\" data-image-srcset=\"https:\/\/www.marinigerardi.it\/shop\/wp-content\/uploads\/2024\/03\/Tende-da-Casa-Moderne-in-Lino-design-foglie-lanceolate-artigianali-250x188.jpg 250w, https:\/\/www.marinigerardi.it\/shop\/wp-content\/uploads\/2024\/03\/Tende-da-Casa-Moderne-in-Lino-design-foglie-lanceolate-artigianali-300x225.jpg 300w, https:\/\/www.marinigerardi.it\/shop\/wp-content\/uploads\/2024\/03\/Tende-da-Casa-Moderne-in-Lino-design-foglie-lanceolate-artigianali-768x576.jpg 768w, https:\/\/www.marinigerardi.it\/shop\/wp-content\/uploads\/2024\/03\/Tende-da-Casa-Moderne-in-Lino-design-foglie-lanceolate-artigianali-600x450.jpg 600w, https:\/\/www.marinigerardi.it\/shop\/wp-content\/uploads\/2024\/03\/Tende-da-Casa-Moderne-in-Lino-design-foglie-lanceolate-artigianali.jpg 1024w\" data-image-id=\"0\"><\/div>\n\t\t\t\t\t\t\t<div class=\"wd-product-grid-slide\" data-image-url=\"https:\/\/www.marinigerardi.it\/shop\/wp-content\/uploads\/2024\/03\/Tende-da-Casa-Moderne-in-Lino-bianco-con-clips-metalliche-250x188.jpg\" data-image-srcset=\"https:\/\/www.marinigerardi.it\/shop\/wp-content\/uploads\/2024\/03\/Tende-da-Casa-Moderne-in-Lino-bianco-con-clips-metalliche-250x188.jpg 250w, https:\/\/www.marinigerardi.it\/shop\/wp-content\/uploads\/2024\/03\/Tende-da-Casa-Moderne-in-Lino-bianco-con-clips-metalliche-600x450.jpg 600w, https:\/\/www.marinigerardi.it\/shop\/wp-content\/uploads\/2024\/03\/Tende-da-Casa-Moderne-in-Lino-bianco-con-clips-metalliche-300x225.jpg 300w, https:\/\/www.marinigerardi.it\/shop\/wp-content\/uploads\/2024\/03\/Tende-da-Casa-Moderne-in-Lino-bianco-con-clips-metalliche-768x576.jpg 768w, https:\/\/www.marinigerardi.it\/shop\/wp-content\/uploads\/2024\/03\/Tende-da-Casa-Moderne-in-Lino-bianco-con-clips-metalliche.jpg 1024w\" data-image-id=\"1\"><\/div>\n\t\t\t\t\t\t\t<div class=\"wd-product-grid-slide\" data-image-url=\"https:\/\/www.marinigerardi.it\/shop\/wp-content\/uploads\/2024\/03\/Tende-da-Casa-Moderne-su-misura-in-Lino-design-foglie-250x188.jpg\" data-image-srcset=\"https:\/\/www.marinigerardi.it\/shop\/wp-content\/uploads\/2024\/03\/Tende-da-Casa-Moderne-su-misura-in-Lino-design-foglie-250x188.jpg 250w, https:\/\/www.marinigerardi.it\/shop\/wp-content\/uploads\/2024\/03\/Tende-da-Casa-Moderne-su-misura-in-Lino-design-foglie-600x450.jpg 600w, https:\/\/www.marinigerardi.it\/shop\/wp-content\/uploads\/2024\/03\/Tende-da-Casa-Moderne-su-misura-in-Lino-design-foglie-300x225.jpg 300w, https:\/\/www.marinigerardi.it\/shop\/wp-content\/uploads\/2024\/03\/Tende-da-Casa-Moderne-su-misura-in-Lino-design-foglie-768x576.jpg 768w, https:\/\/www.marinigerardi.it\/shop\/wp-content\/uploads\/2024\/03\/Tende-da-Casa-Moderne-su-misura-in-Lino-design-foglie.jpg 1024w\" data-image-id=\"2\"><\/div>\n\t\t\t\t\t<\/div>\n\n\t\t\n\t\t\t\t\t\t\t<div class=\"wd-product-grid-slider-pagin\">\n\t\t\t\t\t\t\t<div data-image-id=\"0\" class=\"wd-product-grid-slider-dot\"><\/div>\n\t\t\t\t\t\t\t<div data-image-id=\"1\" class=\"wd-product-grid-slider-dot\"><\/div>\n\t\t\t\t\t\t\t<div data-image-id=\"2\" class=\"wd-product-grid-slider-dot\"><\/div>\n\t\t\t\t\t<\/div>\n\t\t\t\t\t\t<img decoding=\"async\" width=\"250\" height=\"188\" src=\"https:\/\/www.marinigerardi.it\/shop\/wp-content\/uploads\/2024\/03\/Tende-da-Casa-Moderne-in-Lino-design-foglie-lanceolate-artigianali-250x188.jpg.avif\" class=\"attachment-woocommerce_thumbnail size-woocommerce_thumbnail\" alt=\"Tende da casa moderne in lino design foglie lanceolate artigianali\" srcset=\"https:\/\/www.marinigerardi.it\/shop\/wp-content\/uploads\/2024\/03\/Tende-da-Casa-Moderne-in-Lino-design-foglie-lanceolate-artigianali-250x188.jpg.avif 250w, https:\/\/www.marinigerardi.it\/shop\/wp-content\/uploads\/2024\/03\/Tende-da-Casa-Moderne-in-Lino-design-foglie-lanceolate-artigianali-300x225.jpg.avif 300w, https:\/\/www.marinigerardi.it\/shop\/wp-content\/uploads\/2024\/03\/Tende-da-Casa-Moderne-in-Lino-design-foglie-lanceolate-artigianali-768x576.jpg.avif 768w, https:\/\/www.marinigerardi.it\/shop\/wp-content\/uploads\/2024\/03\/Tende-da-Casa-Moderne-in-Lino-design-foglie-lanceolate-artigianali-600x450.jpg.avif 600w, https:\/\/www.marinigerardi.it\/shop\/wp-content\/uploads\/2024\/03\/Tende-da-Casa-Moderne-in-Lino-design-foglie-lanceolate-artigianali.jpg.avif 1024w\" sizes=\"(max-width: 250px) 100vw, 250px\" \/>\t\t<\/a>\n\n\t\t\t\t\t<div class=\"product-labels labels-rectangular\">\n\t\t\t\t<span class=\"new product-label wd-shape-rect-sm\">Nuovo<\/span>\t\t\t<\/div>\n\t\t\t\n\t\t<div class=\"wd-buttons wd-pos-r-t\">\n\t\t\t\t\t\t\t\t\t\t\t\t\t\t<\/div>\n\t<\/div>\n\n\t\t<div class=\"product-element-bottom\">\n\t\n\t\n\t<h3 class=\"wd-entities-title\"><a href=\"https:\/\/www.marinigerardi.it\/shop\/prodotto\/tende-da-casa-moderne\/\">Tende da Casa Moderne in Lino: il FASCINO del design fatto a mano<\/a><\/h3>\n\t\t\t\t\t\t<p class=\"wd-product-stock stock wd-style-default in-stock\">Disponibile<\/p>\n\t\t\n\t\n\t<span class=\"price\">275,00&nbsp;&euro;<\/span>\n\n\t<div class=\"wd-add-btn wd-add-btn-replace\">\n\t\t\n\t\t<a href=\"https:\/\/www.marinigerardi.it\/shop\/prodotto\/tende-da-casa-moderne\/\" class=\"button product_type_simple add-to-cart-loop mg-detail-btn\"><span class=\"wd-action-icon\"><span class=\"wd-check-icon\"><\/span><\/span><span class=\"wd-action-text\">Vedi dettagli<\/span><\/a>\t<\/div>\n\n\t\n\t\n\t\t\t<\/div>\n\t<\/div>\n<\/div>\n<div class=\"wd-product wd-col wd-hover-standard product-grid-item product type-product post-34781 status-publish last instock product_cat-tende product_cat-tende-da-interni product_cat-tende-in-lino product_cat-tende-lino product_cat-tende-su-misura product_tag-tende-di-lino product_tag-tende-in-lino product_tag-tende-salotto-in-lino has-post-thumbnail taxable shipping-taxable purchasable product-type-simple\" data-loop=\"11\" data-id=\"34781\">\n\t\n<div class=\"wd-product-wrapper product-wrapper\">\n\t<div class=\"wd-product-thumb product-element-top wd-quick-shop\">\n\t\t<a href=\"https:\/\/www.marinigerardi.it\/shop\/prodotto\/elettra-tende-salotto-in-lino\/\" class=\"wd-product-img-link product-image-link\" tabindex=\"-1\" aria-label=\"ELETTRA &#8211; Tende Salotto in Lino\">\n\t\t\t\t\t<div class=\"wd-product-grid-slider wd-fill\">\n\t\t\t\t\t\t\t<div class=\"wd-product-grid-slide\" data-image-url=\"https:\/\/www.marinigerardi.it\/shop\/wp-content\/uploads\/2022\/02\/tenda-per-interni-camera-da-letto-in-lino-elettra-250x188.jpg\" data-image-srcset=\"https:\/\/www.marinigerardi.it\/shop\/wp-content\/uploads\/2022\/02\/tenda-per-interni-camera-da-letto-in-lino-elettra-250x188.jpg 250w, https:\/\/www.marinigerardi.it\/shop\/wp-content\/uploads\/2022\/02\/tenda-per-interni-camera-da-letto-in-lino-elettra-600x450.jpg 600w, https:\/\/www.marinigerardi.it\/shop\/wp-content\/uploads\/2022\/02\/tenda-per-interni-camera-da-letto-in-lino-elettra-300x225.jpg 300w, https:\/\/www.marinigerardi.it\/shop\/wp-content\/uploads\/2022\/02\/tenda-per-interni-camera-da-letto-in-lino-elettra-768x576.jpg 768w, https:\/\/www.marinigerardi.it\/shop\/wp-content\/uploads\/2022\/02\/tenda-per-interni-camera-da-letto-in-lino-elettra.jpg 1024w\" data-image-id=\"0\"><\/div>\n\t\t\t\t\t\t\t<div class=\"wd-product-grid-slide\" data-image-url=\"https:\/\/www.marinigerardi.it\/shop\/wp-content\/uploads\/2022\/02\/tenda-moderna-per-interni-soggiorno-in-lino-elettra-250x188.jpg\" data-image-srcset=\"https:\/\/www.marinigerardi.it\/shop\/wp-content\/uploads\/2022\/02\/tenda-moderna-per-interni-soggiorno-in-lino-elettra-250x188.jpg 250w, https:\/\/www.marinigerardi.it\/shop\/wp-content\/uploads\/2022\/02\/tenda-moderna-per-interni-soggiorno-in-lino-elettra-600x450.jpg 600w, https:\/\/www.marinigerardi.it\/shop\/wp-content\/uploads\/2022\/02\/tenda-moderna-per-interni-soggiorno-in-lino-elettra-300x225.jpg 300w, https:\/\/www.marinigerardi.it\/shop\/wp-content\/uploads\/2022\/02\/tenda-moderna-per-interni-soggiorno-in-lino-elettra-768x576.jpg 768w, https:\/\/www.marinigerardi.it\/shop\/wp-content\/uploads\/2022\/02\/tenda-moderna-per-interni-soggiorno-in-lino-elettra.jpg 1024w\" data-image-id=\"1\"><\/div>\n\t\t\t\t\t\t\t<div class=\"wd-product-grid-slide\" data-image-url=\"https:\/\/www.marinigerardi.it\/shop\/wp-content\/uploads\/2022\/02\/tenda-per-interni-asole-in-corda-elettra-250x188.jpg\" data-image-srcset=\"https:\/\/www.marinigerardi.it\/shop\/wp-content\/uploads\/2022\/02\/tenda-per-interni-asole-in-corda-elettra-250x188.jpg 250w, https:\/\/www.marinigerardi.it\/shop\/wp-content\/uploads\/2022\/02\/tenda-per-interni-asole-in-corda-elettra-600x450.jpg 600w, https:\/\/www.marinigerardi.it\/shop\/wp-content\/uploads\/2022\/02\/tenda-per-interni-asole-in-corda-elettra-300x225.jpg 300w, https:\/\/www.marinigerardi.it\/shop\/wp-content\/uploads\/2022\/02\/tenda-per-interni-asole-in-corda-elettra-768x576.jpg 768w, https:\/\/www.marinigerardi.it\/shop\/wp-content\/uploads\/2022\/02\/tenda-per-interni-asole-in-corda-elettra.jpg 1024w\" data-image-id=\"2\"><\/div>\n\t\t\t\t\t<\/div>\n\n\t\t\n\t\t\t\t\t\t\t<div class=\"wd-product-grid-slider-pagin\">\n\t\t\t\t\t\t\t<div data-image-id=\"0\" class=\"wd-product-grid-slider-dot\"><\/div>\n\t\t\t\t\t\t\t<div data-image-id=\"1\" class=\"wd-product-grid-slider-dot\"><\/div>\n\t\t\t\t\t\t\t<div data-image-id=\"2\" class=\"wd-product-grid-slider-dot\"><\/div>\n\t\t\t\t\t<\/div>\n\t\t\t\t\t\t<img decoding=\"async\" width=\"250\" height=\"188\" src=\"https:\/\/www.marinigerardi.it\/shop\/wp-content\/uploads\/2022\/02\/tenda-per-interni-camera-da-letto-in-lino-elettra-250x188.jpg\" class=\"attachment-woocommerce_thumbnail size-woocommerce_thumbnail\" alt=\"ELETTRA - Tende Salotto in Lino\" srcset=\"https:\/\/www.marinigerardi.it\/shop\/wp-content\/uploads\/2022\/02\/tenda-per-interni-camera-da-letto-in-lino-elettra-250x188.jpg 250w, https:\/\/www.marinigerardi.it\/shop\/wp-content\/uploads\/2022\/02\/tenda-per-interni-camera-da-letto-in-lino-elettra-600x450.jpg 600w, https:\/\/www.marinigerardi.it\/shop\/wp-content\/uploads\/2022\/02\/tenda-per-interni-camera-da-letto-in-lino-elettra-300x225.jpg.avif 300w, https:\/\/www.marinigerardi.it\/shop\/wp-content\/uploads\/2022\/02\/tenda-per-interni-camera-da-letto-in-lino-elettra-768x576.jpg.avif 768w, https:\/\/www.marinigerardi.it\/shop\/wp-content\/uploads\/2022\/02\/tenda-per-interni-camera-da-letto-in-lino-elettra.jpg.webp 1024w\" sizes=\"(max-width: 250px) 100vw, 250px\" \/>\t\t<\/a>\n\n\t\t\n\t\t<div class=\"wd-buttons wd-pos-r-t\">\n\t\t\t\t\t\t\t\t\t\t\t\t\t\t<\/div>\n\t<\/div>\n\n\t\t<div class=\"product-element-bottom\">\n\t\n\t\n\t<h3 class=\"wd-entities-title\"><a href=\"https:\/\/www.marinigerardi.it\/shop\/prodotto\/elettra-tende-salotto-in-lino\/\">ELETTRA &#8211; Tende Salotto in Lino<\/a><\/h3>\n\t\t\t\t\t\t<p class=\"wd-product-stock stock wd-style-default in-stock\">Disponibile<\/p>\n\t\t\n\t\n\t<span class=\"price\">294,00&nbsp;&euro;<\/span>\n\n\t<div class=\"wd-add-btn wd-add-btn-replace\">\n\t\t\n\t\t<a href=\"https:\/\/www.marinigerardi.it\/shop\/prodotto\/elettra-tende-salotto-in-lino\/\" class=\"button product_type_simple add-to-cart-loop mg-detail-btn\"><span class=\"wd-action-icon\"><span class=\"wd-check-icon\"><\/span><\/span><span class=\"wd-action-text\">Vedi dettagli<\/span><\/a>\t<\/div>\n\n\t\n\t\n\t\t\t<\/div>\n\t<\/div>\n<\/div>\n<div class=\"wd-product wd-col wd-hover-standard product-grid-item product type-product post-7510 status-publish first instock product_cat-tende-in-lino has-post-thumbnail taxable shipping-taxable purchasable product-type-simple\" data-loop=\"12\" data-id=\"7510\">\n\t\n<div class=\"wd-product-wrapper product-wrapper\">\n\t<div class=\"wd-product-thumb product-element-top wd-quick-shop\">\n\t\t<a href=\"https:\/\/www.marinigerardi.it\/shop\/prodotto\/tende-per-camera-da-letto-matrimoniale\/\" class=\"wd-product-img-link product-image-link\" tabindex=\"-1\" aria-label=\"ROSA DEL DESERTO &#8211; Tende per Camera da Letto\">\n\t\t\t\t\t<div class=\"wd-product-grid-slider wd-fill\">\n\t\t\t\t\t\t\t<div class=\"wd-product-grid-slide\" data-image-url=\"https:\/\/www.marinigerardi.it\/shop\/wp-content\/uploads\/2023\/07\/Tende-a-righe-verticali-acqua-turchese-in-lino-con-asole-250x188.jpg\" data-image-srcset=\"https:\/\/www.marinigerardi.it\/shop\/wp-content\/uploads\/2023\/07\/Tende-a-righe-verticali-acqua-turchese-in-lino-con-asole-250x188.jpg 250w, https:\/\/www.marinigerardi.it\/shop\/wp-content\/uploads\/2023\/07\/Tende-a-righe-verticali-acqua-turchese-in-lino-con-asole-300x225.jpg 300w, https:\/\/www.marinigerardi.it\/shop\/wp-content\/uploads\/2023\/07\/Tende-a-righe-verticali-acqua-turchese-in-lino-con-asole-768x576.jpg 768w, https:\/\/www.marinigerardi.it\/shop\/wp-content\/uploads\/2023\/07\/Tende-a-righe-verticali-acqua-turchese-in-lino-con-asole-600x450.jpg 600w, https:\/\/www.marinigerardi.it\/shop\/wp-content\/uploads\/2023\/07\/Tende-a-righe-verticali-acqua-turchese-in-lino-con-asole.jpg 1024w\" data-image-id=\"0\"><\/div>\n\t\t\t\t\t\t\t<div class=\"wd-product-grid-slide\" data-image-url=\"https:\/\/www.marinigerardi.it\/shop\/wp-content\/uploads\/2021\/01\/tessuto-per-Tende-a-righe-verticali-puro-lino-made-in-italy-1-250x188.jpg\" data-image-srcset=\"https:\/\/www.marinigerardi.it\/shop\/wp-content\/uploads\/2021\/01\/tessuto-per-Tende-a-righe-verticali-puro-lino-made-in-italy-1-250x188.jpg 250w, https:\/\/www.marinigerardi.it\/shop\/wp-content\/uploads\/2021\/01\/tessuto-per-Tende-a-righe-verticali-puro-lino-made-in-italy-1-600x450.jpg 600w, https:\/\/www.marinigerardi.it\/shop\/wp-content\/uploads\/2021\/01\/tessuto-per-Tende-a-righe-verticali-puro-lino-made-in-italy-1-300x225.jpg 300w, https:\/\/www.marinigerardi.it\/shop\/wp-content\/uploads\/2021\/01\/tessuto-per-Tende-a-righe-verticali-puro-lino-made-in-italy-1-768x576.jpg 768w, https:\/\/www.marinigerardi.it\/shop\/wp-content\/uploads\/2021\/01\/tessuto-per-Tende-a-righe-verticali-puro-lino-made-in-italy-1.jpg 1024w\" data-image-id=\"1\"><\/div>\n\t\t\t\t\t\t\t<div class=\"wd-product-grid-slide\" data-image-url=\"https:\/\/www.marinigerardi.it\/shop\/wp-content\/uploads\/2023\/07\/Tende-a-righe-verticali-in-lino-con-asole-grigio-polvere-250x188.jpg\" data-image-srcset=\"https:\/\/www.marinigerardi.it\/shop\/wp-content\/uploads\/2023\/07\/Tende-a-righe-verticali-in-lino-con-asole-grigio-polvere-250x188.jpg 250w, https:\/\/www.marinigerardi.it\/shop\/wp-content\/uploads\/2023\/07\/Tende-a-righe-verticali-in-lino-con-asole-grigio-polvere-300x225.jpg 300w, https:\/\/www.marinigerardi.it\/shop\/wp-content\/uploads\/2023\/07\/Tende-a-righe-verticali-in-lino-con-asole-grigio-polvere-768x576.jpg 768w, https:\/\/www.marinigerardi.it\/shop\/wp-content\/uploads\/2023\/07\/Tende-a-righe-verticali-in-lino-con-asole-grigio-polvere-600x450.jpg 600w, https:\/\/www.marinigerardi.it\/shop\/wp-content\/uploads\/2023\/07\/Tende-a-righe-verticali-in-lino-con-asole-grigio-polvere.jpg 1024w\" data-image-id=\"2\"><\/div>\n\t\t\t\t\t\t\t<div class=\"wd-product-grid-slide\" data-image-url=\"https:\/\/www.marinigerardi.it\/shop\/wp-content\/uploads\/2021\/01\/rosa-del-deserto-tendaggi-in-lino-con-asole-250x188.jpg\" data-image-srcset=\"https:\/\/www.marinigerardi.it\/shop\/wp-content\/uploads\/2021\/01\/rosa-del-deserto-tendaggi-in-lino-con-asole-250x188.jpg 250w, https:\/\/www.marinigerardi.it\/shop\/wp-content\/uploads\/2021\/01\/rosa-del-deserto-tendaggi-in-lino-con-asole-600x450.jpg 600w, https:\/\/www.marinigerardi.it\/shop\/wp-content\/uploads\/2021\/01\/rosa-del-deserto-tendaggi-in-lino-con-asole-300x225.jpg 300w, https:\/\/www.marinigerardi.it\/shop\/wp-content\/uploads\/2021\/01\/rosa-del-deserto-tendaggi-in-lino-con-asole-768x576.jpg 768w, https:\/\/www.marinigerardi.it\/shop\/wp-content\/uploads\/2021\/01\/rosa-del-deserto-tendaggi-in-lino-con-asole.jpg 1024w\" data-image-id=\"3\"><\/div>\n\t\t\t\t\t<\/div>\n\n\t\t\n\t\t\t\t\t\t\t<div class=\"wd-product-grid-slider-pagin\">\n\t\t\t\t\t\t\t<div data-image-id=\"0\" class=\"wd-product-grid-slider-dot\"><\/div>\n\t\t\t\t\t\t\t<div data-image-id=\"1\" class=\"wd-product-grid-slider-dot\"><\/div>\n\t\t\t\t\t\t\t<div data-image-id=\"2\" class=\"wd-product-grid-slider-dot\"><\/div>\n\t\t\t\t\t\t\t<div data-image-id=\"3\" class=\"wd-product-grid-slider-dot\"><\/div>\n\t\t\t\t\t<\/div>\n\t\t\t\t\t\t<img decoding=\"async\" width=\"250\" height=\"188\" src=\"https:\/\/www.marinigerardi.it\/shop\/wp-content\/uploads\/2023\/07\/Tende-a-righe-verticali-acqua-turchese-in-lino-con-asole-250x188.jpg.avif\" class=\"attachment-woocommerce_thumbnail size-woocommerce_thumbnail\" alt=\"Tende a righe verticali acqua turchese in lino con asole\" srcset=\"https:\/\/www.marinigerardi.it\/shop\/wp-content\/uploads\/2023\/07\/Tende-a-righe-verticali-acqua-turchese-in-lino-con-asole-250x188.jpg.avif 250w, https:\/\/www.marinigerardi.it\/shop\/wp-content\/uploads\/2023\/07\/Tende-a-righe-verticali-acqua-turchese-in-lino-con-asole-300x225.jpg.avif 300w, https:\/\/www.marinigerardi.it\/shop\/wp-content\/uploads\/2023\/07\/Tende-a-righe-verticali-acqua-turchese-in-lino-con-asole-768x576.jpg.avif 768w, https:\/\/www.marinigerardi.it\/shop\/wp-content\/uploads\/2023\/07\/Tende-a-righe-verticali-acqua-turchese-in-lino-con-asole-600x450.jpg.avif 600w, https:\/\/www.marinigerardi.it\/shop\/wp-content\/uploads\/2023\/07\/Tende-a-righe-verticali-acqua-turchese-in-lino-con-asole.jpg.avif 1024w\" sizes=\"(max-width: 250px) 100vw, 250px\" \/>\t\t<\/a>\n\n\t\t\n\t\t<div class=\"wd-buttons wd-pos-r-t\">\n\t\t\t\t\t\t\t\t\t\t\t\t\t\t<\/div>\n\t<\/div>\n\n\t\t<div class=\"product-element-bottom\">\n\t\n\t\n\t<h3 class=\"wd-entities-title\"><a href=\"https:\/\/www.marinigerardi.it\/shop\/prodotto\/tende-per-camera-da-letto-matrimoniale\/\">ROSA DEL DESERTO &#8211; Tende per Camera da Letto<\/a><\/h3>\n\t\t\t\t\t\t<p class=\"wd-product-stock stock wd-style-default in-stock\">Disponibile<\/p>\n\t\t\n\t\n\t<span class=\"price\">142,00&nbsp;&euro; <small class=\"woocommerce-price-suffix\">IVA incl.<\/small><\/span>\n\n\t<div class=\"wd-add-btn wd-add-btn-replace\">\n\t\t\n\t\t<a href=\"https:\/\/www.marinigerardi.it\/shop\/prodotto\/tende-per-camera-da-letto-matrimoniale\/\" class=\"button product_type_simple add-to-cart-loop mg-detail-btn\"><span class=\"wd-action-icon\"><span class=\"wd-check-icon\"><\/span><\/span><span class=\"wd-action-text\">Vedi dettagli<\/span><\/a>\t<\/div>\n\n\t\n\t\n\t\t\t<\/div>\n\t<\/div>\n<\/div>\n<div class=\"wd-product wd-col wd-hover-standard product-grid-item product type-product post-29275 status-publish last instock product_cat-tende-camera-da-letto product_cat-tende-classiche product_cat-tende-da-interni product_cat-tende-in-lino product_cat-tende-interni product_cat-tende-interno product_cat-tende-lino product_cat-tende-moderne product_cat-tende-su-misura product_tag-tende-da-interni-moderne product_tag-tende-da-soggiorno product_tag-tende-di-lino product_tag-tende-in-lino has-post-thumbnail taxable shipping-taxable purchasable product-type-simple\" data-loop=\"13\" data-id=\"29275\">\n\t\n<div class=\"wd-product-wrapper product-wrapper\">\n\t<div class=\"wd-product-thumb product-element-top wd-quick-shop\">\n\t\t<a href=\"https:\/\/www.marinigerardi.it\/shop\/prodotto\/tende-da-interni-moderne-lady-margaret\/\" class=\"wd-product-img-link product-image-link\" tabindex=\"-1\" aria-label=\"LADY MARGARET &#8211; Tende da Interni Moderne per Soggiorno\">\n\t\t\t\t\t<div class=\"wd-product-grid-slider wd-fill\">\n\t\t\t\t\t\t\t<div class=\"wd-product-grid-slide\" data-image-url=\"https:\/\/www.marinigerardi.it\/shop\/wp-content\/uploads\/2021\/11\/tende-moderne-in-lino-asole-a-fettuccia-per-soggiorno-camera-da-letto-250x188.jpg\" data-image-srcset=\"https:\/\/www.marinigerardi.it\/shop\/wp-content\/uploads\/2021\/11\/tende-moderne-in-lino-asole-a-fettuccia-per-soggiorno-camera-da-letto-250x188.jpg 250w, https:\/\/www.marinigerardi.it\/shop\/wp-content\/uploads\/2021\/11\/tende-moderne-in-lino-asole-a-fettuccia-per-soggiorno-camera-da-letto-600x450.jpg 600w, https:\/\/www.marinigerardi.it\/shop\/wp-content\/uploads\/2021\/11\/tende-moderne-in-lino-asole-a-fettuccia-per-soggiorno-camera-da-letto-300x225.jpg 300w, https:\/\/www.marinigerardi.it\/shop\/wp-content\/uploads\/2021\/11\/tende-moderne-in-lino-asole-a-fettuccia-per-soggiorno-camera-da-letto-768x576.jpg 768w, https:\/\/www.marinigerardi.it\/shop\/wp-content\/uploads\/2021\/11\/tende-moderne-in-lino-asole-a-fettuccia-per-soggiorno-camera-da-letto.jpg 1024w\" data-image-id=\"0\"><\/div>\n\t\t\t\t\t\t\t<div class=\"wd-product-grid-slide\" data-image-url=\"https:\/\/www.marinigerardi.it\/shop\/wp-content\/uploads\/2021\/11\/tende-filtranti-per-camera-da-letto-in-lino-liscio-perla-selce-250x188.jpg\" data-image-srcset=\"https:\/\/www.marinigerardi.it\/shop\/wp-content\/uploads\/2021\/11\/tende-filtranti-per-camera-da-letto-in-lino-liscio-perla-selce-250x188.jpg 250w, https:\/\/www.marinigerardi.it\/shop\/wp-content\/uploads\/2021\/11\/tende-filtranti-per-camera-da-letto-in-lino-liscio-perla-selce-600x450.jpg 600w, https:\/\/www.marinigerardi.it\/shop\/wp-content\/uploads\/2021\/11\/tende-filtranti-per-camera-da-letto-in-lino-liscio-perla-selce-300x225.jpg 300w, https:\/\/www.marinigerardi.it\/shop\/wp-content\/uploads\/2021\/11\/tende-filtranti-per-camera-da-letto-in-lino-liscio-perla-selce-768x576.jpg 768w, https:\/\/www.marinigerardi.it\/shop\/wp-content\/uploads\/2021\/11\/tende-filtranti-per-camera-da-letto-in-lino-liscio-perla-selce.jpg 1024w\" data-image-id=\"1\"><\/div>\n\t\t\t\t\t\t\t<div class=\"wd-product-grid-slide\" data-image-url=\"https:\/\/www.marinigerardi.it\/shop\/wp-content\/uploads\/2021\/11\/tende-moderne-in-lino-colore-perla-grigio-selce-250x188.jpg\" data-image-srcset=\"https:\/\/www.marinigerardi.it\/shop\/wp-content\/uploads\/2021\/11\/tende-moderne-in-lino-colore-perla-grigio-selce-250x188.jpg 250w, https:\/\/www.marinigerardi.it\/shop\/wp-content\/uploads\/2021\/11\/tende-moderne-in-lino-colore-perla-grigio-selce-600x450.jpg 600w, https:\/\/www.marinigerardi.it\/shop\/wp-content\/uploads\/2021\/11\/tende-moderne-in-lino-colore-perla-grigio-selce-300x225.jpg 300w, https:\/\/www.marinigerardi.it\/shop\/wp-content\/uploads\/2021\/11\/tende-moderne-in-lino-colore-perla-grigio-selce-768x576.jpg 768w, https:\/\/www.marinigerardi.it\/shop\/wp-content\/uploads\/2021\/11\/tende-moderne-in-lino-colore-perla-grigio-selce.jpg 1024w\" data-image-id=\"2\"><\/div>\n\t\t\t\t\t<\/div>\n\n\t\t\n\t\t\t\t\t\t\t<div class=\"wd-product-grid-slider-pagin\">\n\t\t\t\t\t\t\t<div data-image-id=\"0\" class=\"wd-product-grid-slider-dot\"><\/div>\n\t\t\t\t\t\t\t<div data-image-id=\"1\" class=\"wd-product-grid-slider-dot\"><\/div>\n\t\t\t\t\t\t\t<div data-image-id=\"2\" class=\"wd-product-grid-slider-dot\"><\/div>\n\t\t\t\t\t<\/div>\n\t\t\t\t\t\t<img decoding=\"async\" width=\"250\" height=\"188\" src=\"https:\/\/www.marinigerardi.it\/shop\/wp-content\/uploads\/2021\/11\/tende-moderne-in-lino-asole-a-fettuccia-per-soggiorno-camera-da-letto-250x188.jpg\" class=\"attachment-woocommerce_thumbnail size-woocommerce_thumbnail\" alt=\"LADY MARGARET - Tende da Interni Moderne per Soggiorno\" srcset=\"https:\/\/www.marinigerardi.it\/shop\/wp-content\/uploads\/2021\/11\/tende-moderne-in-lino-asole-a-fettuccia-per-soggiorno-camera-da-letto-250x188.jpg 250w, https:\/\/www.marinigerardi.it\/shop\/wp-content\/uploads\/2021\/11\/tende-moderne-in-lino-asole-a-fettuccia-per-soggiorno-camera-da-letto-600x450.jpg 600w, https:\/\/www.marinigerardi.it\/shop\/wp-content\/uploads\/2021\/11\/tende-moderne-in-lino-asole-a-fettuccia-per-soggiorno-camera-da-letto-300x225.jpg.avif 300w, https:\/\/www.marinigerardi.it\/shop\/wp-content\/uploads\/2021\/11\/tende-moderne-in-lino-asole-a-fettuccia-per-soggiorno-camera-da-letto-768x576.jpg.avif 768w, https:\/\/www.marinigerardi.it\/shop\/wp-content\/uploads\/2021\/11\/tende-moderne-in-lino-asole-a-fettuccia-per-soggiorno-camera-da-letto.jpg.webp 1024w\" sizes=\"(max-width: 250px) 100vw, 250px\" \/>\t\t<\/a>\n\n\t\t\n\t\t<div class=\"wd-buttons wd-pos-r-t\">\n\t\t\t\t\t\t\t\t\t\t\t\t\t\t<\/div>\n\t<\/div>\n\n\t\t<div class=\"product-element-bottom\">\n\t\n\t\n\t<h3 class=\"wd-entities-title\"><a href=\"https:\/\/www.marinigerardi.it\/shop\/prodotto\/tende-da-interni-moderne-lady-margaret\/\">LADY MARGARET &#8211; Tende da Interni Moderne per Soggiorno<\/a><\/h3>\n\t\t\t\t\t\t<p class=\"wd-product-stock stock wd-style-default in-stock\">Disponibile<\/p>\n\t\t\n\t\n\t<span class=\"price\">243,00&nbsp;&euro;<\/span>\n\n\t<div class=\"wd-add-btn wd-add-btn-replace\">\n\t\t\n\t\t<a href=\"https:\/\/www.marinigerardi.it\/shop\/prodotto\/tende-da-interni-moderne-lady-margaret\/\" class=\"button product_type_simple add-to-cart-loop mg-detail-btn\"><span class=\"wd-action-icon\"><span class=\"wd-check-icon\"><\/span><\/span><span class=\"wd-action-text\">Vedi dettagli<\/span><\/a>\t<\/div>\n\n\t\n\t\n\t\t\t<\/div>\n\t<\/div>\n<\/div>\n<div class=\"wd-product wd-col wd-hover-standard product-grid-item product type-product post-7106 status-publish first instock product_cat-tende-in-lino has-post-thumbnail taxable shipping-taxable purchasable product-type-simple\" data-loop=\"14\" data-id=\"7106\">\n\t\n<div class=\"wd-product-wrapper product-wrapper\">\n\t<div class=\"wd-product-thumb product-element-top wd-quick-shop\">\n\t\t<a href=\"https:\/\/www.marinigerardi.it\/shop\/prodotto\/tende-in-lino-moderne-la-greca\/\" class=\"wd-product-img-link product-image-link\" tabindex=\"-1\" aria-label=\"LA GRECA &#8211; Tende in Lino moderne con foglie applicate\">\n\t\t\t\t\t<div class=\"wd-product-grid-slider wd-fill\">\n\t\t\t\t\t\t\t<div class=\"wd-product-grid-slide\" data-image-url=\"https:\/\/www.marinigerardi.it\/shop\/wp-content\/uploads\/2021\/01\/la-Greca-Tenda-in-lino-con-foglie-autunnali-250x188.jpg\" data-image-srcset=\"https:\/\/www.marinigerardi.it\/shop\/wp-content\/uploads\/2021\/01\/la-Greca-Tenda-in-lino-con-foglie-autunnali-250x188.jpg 250w, https:\/\/www.marinigerardi.it\/shop\/wp-content\/uploads\/2021\/01\/la-Greca-Tenda-in-lino-con-foglie-autunnali-600x450.jpg 600w, https:\/\/www.marinigerardi.it\/shop\/wp-content\/uploads\/2021\/01\/la-Greca-Tenda-in-lino-con-foglie-autunnali-300x225.jpg 300w, https:\/\/www.marinigerardi.it\/shop\/wp-content\/uploads\/2021\/01\/la-Greca-Tenda-in-lino-con-foglie-autunnali-768x576.jpg 768w, https:\/\/www.marinigerardi.it\/shop\/wp-content\/uploads\/2021\/01\/la-Greca-Tenda-in-lino-con-foglie-autunnali.jpg 1024w\" data-image-id=\"0\"><\/div>\n\t\t\t\t\t\t\t<div class=\"wd-product-grid-slide\" data-image-url=\"https:\/\/www.marinigerardi.it\/shop\/wp-content\/uploads\/2021\/01\/tenda-con-asole-panna-tessuto-lino-salento-la-greca-250x188.jpg\" data-image-srcset=\"https:\/\/www.marinigerardi.it\/shop\/wp-content\/uploads\/2021\/01\/tenda-con-asole-panna-tessuto-lino-salento-la-greca-250x188.jpg 250w, https:\/\/www.marinigerardi.it\/shop\/wp-content\/uploads\/2021\/01\/tenda-con-asole-panna-tessuto-lino-salento-la-greca-600x450.jpg 600w, https:\/\/www.marinigerardi.it\/shop\/wp-content\/uploads\/2021\/01\/tenda-con-asole-panna-tessuto-lino-salento-la-greca-300x225.jpg 300w, https:\/\/www.marinigerardi.it\/shop\/wp-content\/uploads\/2021\/01\/tenda-con-asole-panna-tessuto-lino-salento-la-greca-768x576.jpg 768w, https:\/\/www.marinigerardi.it\/shop\/wp-content\/uploads\/2021\/01\/tenda-con-asole-panna-tessuto-lino-salento-la-greca.jpg 1024w\" data-image-id=\"1\"><\/div>\n\t\t\t\t\t\t\t<div class=\"wd-product-grid-slide\" data-image-url=\"https:\/\/www.marinigerardi.it\/shop\/wp-content\/uploads\/2021\/01\/la-Greca-tendaggi-in-lino-moderne-con-foglie-applicate-250x188.jpg\" data-image-srcset=\"https:\/\/www.marinigerardi.it\/shop\/wp-content\/uploads\/2021\/01\/la-Greca-tendaggi-in-lino-moderne-con-foglie-applicate-250x188.jpg 250w, https:\/\/www.marinigerardi.it\/shop\/wp-content\/uploads\/2021\/01\/la-Greca-tendaggi-in-lino-moderne-con-foglie-applicate-600x450.jpg 600w, https:\/\/www.marinigerardi.it\/shop\/wp-content\/uploads\/2021\/01\/la-Greca-tendaggi-in-lino-moderne-con-foglie-applicate-300x225.jpg 300w, https:\/\/www.marinigerardi.it\/shop\/wp-content\/uploads\/2021\/01\/la-Greca-tendaggi-in-lino-moderne-con-foglie-applicate-768x576.jpg 768w, https:\/\/www.marinigerardi.it\/shop\/wp-content\/uploads\/2021\/01\/la-Greca-tendaggi-in-lino-moderne-con-foglie-applicate.jpg 1024w\" data-image-id=\"2\"><\/div>\n\t\t\t\t\t<\/div>\n\n\t\t\n\t\t\t\t\t\t\t<div class=\"wd-product-grid-slider-pagin\">\n\t\t\t\t\t\t\t<div data-image-id=\"0\" class=\"wd-product-grid-slider-dot\"><\/div>\n\t\t\t\t\t\t\t<div data-image-id=\"1\" class=\"wd-product-grid-slider-dot\"><\/div>\n\t\t\t\t\t\t\t<div data-image-id=\"2\" class=\"wd-product-grid-slider-dot\"><\/div>\n\t\t\t\t\t<\/div>\n\t\t\t\t\t\t<img decoding=\"async\" width=\"250\" height=\"188\" src=\"https:\/\/www.marinigerardi.it\/shop\/wp-content\/uploads\/2021\/01\/la-Greca-Tenda-in-lino-con-foglie-autunnali-250x188.jpg\" class=\"attachment-woocommerce_thumbnail size-woocommerce_thumbnail\" alt=\"La Greca Tenda In Lino Con Foglie Autunnali - Tende in Lino moderne\" srcset=\"https:\/\/www.marinigerardi.it\/shop\/wp-content\/uploads\/2021\/01\/la-Greca-Tenda-in-lino-con-foglie-autunnali-250x188.jpg 250w, https:\/\/www.marinigerardi.it\/shop\/wp-content\/uploads\/2021\/01\/la-Greca-Tenda-in-lino-con-foglie-autunnali-600x450.jpg 600w, https:\/\/www.marinigerardi.it\/shop\/wp-content\/uploads\/2021\/01\/la-Greca-Tenda-in-lino-con-foglie-autunnali-300x225.jpg.avif 300w, https:\/\/www.marinigerardi.it\/shop\/wp-content\/uploads\/2021\/01\/la-Greca-Tenda-in-lino-con-foglie-autunnali-768x576.jpg.avif 768w, https:\/\/www.marinigerardi.it\/shop\/wp-content\/uploads\/2021\/01\/la-Greca-Tenda-in-lino-con-foglie-autunnali.jpg.webp 1024w\" sizes=\"(max-width: 250px) 100vw, 250px\" \/>\t\t<\/a>\n\n\t\t\n\t\t<div class=\"wd-buttons wd-pos-r-t\">\n\t\t\t\t\t\t\t\t\t\t\t\t\t\t<\/div>\n\t<\/div>\n\n\t\t<div class=\"product-element-bottom\">\n\t\n\t\n\t<h3 class=\"wd-entities-title\"><a href=\"https:\/\/www.marinigerardi.it\/shop\/prodotto\/tende-in-lino-moderne-la-greca\/\">LA GRECA &#8211; Tende in Lino moderne con foglie applicate<\/a><\/h3>\n\t\t\t\t\t\t<p class=\"wd-product-stock stock wd-style-default in-stock\">Disponibile<\/p>\n\t\t\n\t\n\t<span class=\"price\">198,00&nbsp;&euro;<\/span>\n\n\t<div class=\"wd-add-btn wd-add-btn-replace\">\n\t\t\n\t\t<a href=\"https:\/\/www.marinigerardi.it\/shop\/prodotto\/tende-in-lino-moderne-la-greca\/\" class=\"button product_type_simple add-to-cart-loop mg-detail-btn\"><span class=\"wd-action-icon\"><span class=\"wd-check-icon\"><\/span><\/span><span class=\"wd-action-text\">Vedi dettagli<\/span><\/a>\t<\/div>\n\n\t\n\t\n\t\t\t<\/div>\n\t<\/div>\n<\/div>\n<div class=\"wd-product wd-col wd-hover-standard product-grid-item product type-product post-65120 status-publish last instock product_cat-tende-shabby-chic product_cat-tende-in-lino has-post-thumbnail taxable shipping-taxable purchasable product-type-simple\" data-loop=\"15\" data-id=\"65120\">\n\t\n<div class=\"wd-product-wrapper product-wrapper\">\n\t<div class=\"wd-product-thumb product-element-top wd-quick-shop\">\n\t\t<a href=\"https:\/\/www.marinigerardi.it\/shop\/prodotto\/tende-shabby-cucina\/\" class=\"wd-product-img-link product-image-link\" tabindex=\"-1\" aria-label=\"Tende Shabby Cucina in Lino moderne collezione Medina\">\n\t\t\t\t\t<div class=\"wd-product-grid-slider wd-fill\">\n\t\t\t\t\t\t\t<div class=\"wd-product-grid-slide\" data-image-url=\"https:\/\/www.marinigerardi.it\/shop\/wp-content\/uploads\/2023\/10\/idee-Tende-Cucina-Shabby-in-Lino-moderne-250x188.jpg\" data-image-srcset=\"https:\/\/www.marinigerardi.it\/shop\/wp-content\/uploads\/2023\/10\/idee-Tende-Cucina-Shabby-in-Lino-moderne-250x188.jpg 250w, https:\/\/www.marinigerardi.it\/shop\/wp-content\/uploads\/2023\/10\/idee-Tende-Cucina-Shabby-in-Lino-moderne-600x450.jpg 600w, https:\/\/www.marinigerardi.it\/shop\/wp-content\/uploads\/2023\/10\/idee-Tende-Cucina-Shabby-in-Lino-moderne-300x225.jpg 300w, https:\/\/www.marinigerardi.it\/shop\/wp-content\/uploads\/2023\/10\/idee-Tende-Cucina-Shabby-in-Lino-moderne-768x576.jpg 768w, https:\/\/www.marinigerardi.it\/shop\/wp-content\/uploads\/2023\/10\/idee-Tende-Cucina-Shabby-in-Lino-moderne.jpg 1024w\" data-image-id=\"0\"><\/div>\n\t\t\t\t\t\t\t<div class=\"wd-product-grid-slide\" data-image-url=\"https:\/\/www.marinigerardi.it\/shop\/wp-content\/uploads\/2023\/10\/Tende-Cucina-Shabby-design-realizzato-a-mano-250x188.jpg\" data-image-srcset=\"https:\/\/www.marinigerardi.it\/shop\/wp-content\/uploads\/2023\/10\/Tende-Cucina-Shabby-design-realizzato-a-mano-250x188.jpg 250w, https:\/\/www.marinigerardi.it\/shop\/wp-content\/uploads\/2023\/10\/Tende-Cucina-Shabby-design-realizzato-a-mano-600x450.jpg 600w, https:\/\/www.marinigerardi.it\/shop\/wp-content\/uploads\/2023\/10\/Tende-Cucina-Shabby-design-realizzato-a-mano-300x225.jpg 300w, https:\/\/www.marinigerardi.it\/shop\/wp-content\/uploads\/2023\/10\/Tende-Cucina-Shabby-design-realizzato-a-mano-768x576.jpg 768w, https:\/\/www.marinigerardi.it\/shop\/wp-content\/uploads\/2023\/10\/Tende-Cucina-Shabby-design-realizzato-a-mano.jpg 1024w\" data-image-id=\"1\"><\/div>\n\t\t\t\t\t\t\t<div class=\"wd-product-grid-slide\" data-image-url=\"https:\/\/www.marinigerardi.it\/shop\/wp-content\/uploads\/2023\/10\/Tende-Cucina-Shabby-moderne-colore-antracite-250x188.jpg\" data-image-srcset=\"https:\/\/www.marinigerardi.it\/shop\/wp-content\/uploads\/2023\/10\/Tende-Cucina-Shabby-moderne-colore-antracite-250x188.jpg 250w, https:\/\/www.marinigerardi.it\/shop\/wp-content\/uploads\/2023\/10\/Tende-Cucina-Shabby-moderne-colore-antracite-600x450.jpg 600w, https:\/\/www.marinigerardi.it\/shop\/wp-content\/uploads\/2023\/10\/Tende-Cucina-Shabby-moderne-colore-antracite-300x225.jpg 300w, https:\/\/www.marinigerardi.it\/shop\/wp-content\/uploads\/2023\/10\/Tende-Cucina-Shabby-moderne-colore-antracite-768x576.jpg 768w, https:\/\/www.marinigerardi.it\/shop\/wp-content\/uploads\/2023\/10\/Tende-Cucina-Shabby-moderne-colore-antracite.jpg 1024w\" data-image-id=\"2\"><\/div>\n\t\t\t\t\t<\/div>\n\n\t\t\n\t\t\t\t\t\t\t<div class=\"wd-product-grid-slider-pagin\">\n\t\t\t\t\t\t\t<div data-image-id=\"0\" class=\"wd-product-grid-slider-dot\"><\/div>\n\t\t\t\t\t\t\t<div data-image-id=\"1\" class=\"wd-product-grid-slider-dot\"><\/div>\n\t\t\t\t\t\t\t<div data-image-id=\"2\" class=\"wd-product-grid-slider-dot\"><\/div>\n\t\t\t\t\t<\/div>\n\t\t\t\t\t\t<img decoding=\"async\" width=\"250\" height=\"188\" src=\"https:\/\/www.marinigerardi.it\/shop\/wp-content\/uploads\/2023\/10\/idee-Tende-Cucina-Shabby-in-Lino-moderne-250x188.jpg\" class=\"attachment-woocommerce_thumbnail size-woocommerce_thumbnail\" alt=\"idee Tende Shabby Cucina in Lino moderne\" srcset=\"https:\/\/www.marinigerardi.it\/shop\/wp-content\/uploads\/2023\/10\/idee-Tende-Cucina-Shabby-in-Lino-moderne-250x188.jpg 250w, https:\/\/www.marinigerardi.it\/shop\/wp-content\/uploads\/2023\/10\/idee-Tende-Cucina-Shabby-in-Lino-moderne-600x450.jpg 600w, https:\/\/www.marinigerardi.it\/shop\/wp-content\/uploads\/2023\/10\/idee-Tende-Cucina-Shabby-in-Lino-moderne-300x225.jpg.avif 300w, https:\/\/www.marinigerardi.it\/shop\/wp-content\/uploads\/2023\/10\/idee-Tende-Cucina-Shabby-in-Lino-moderne-768x576.jpg.avif 768w, https:\/\/www.marinigerardi.it\/shop\/wp-content\/uploads\/2023\/10\/idee-Tende-Cucina-Shabby-in-Lino-moderne.jpg.webp 1024w\" sizes=\"(max-width: 250px) 100vw, 250px\" \/>\t\t<\/a>\n\n\t\t\n\t\t<div class=\"wd-buttons wd-pos-r-t\">\n\t\t\t\t\t\t\t\t\t\t\t\t\t\t<\/div>\n\t<\/div>\n\n\t\t<div class=\"product-element-bottom\">\n\t\n\t\n\t<h3 class=\"wd-entities-title\"><a href=\"https:\/\/www.marinigerardi.it\/shop\/prodotto\/tende-shabby-cucina\/\">Tende Shabby Cucina in Lino moderne collezione Medina<\/a><\/h3>\n\t\t\t\t\t\t\n\t\t\t\t<div class=\"star-rating\" role=\"img\" aria-label=\"Valutato 5.00 su 5\">\n\t\t\t\t\t<span style=\"width:100%\">\n\t\t\tValutato <strong class=\"rating\">5.00<\/strong> su 5\t\t<\/span>\n\t\t\t\t<\/div>\n\n\t\t\n\t\t\t\t\t\t\t\t\t<p class=\"wd-product-stock stock wd-style-default in-stock\">Disponibile<\/p>\n\t\t\n\t\n\t<span class=\"price\">155,00&nbsp;&euro;<\/span>\n\n\t<div class=\"wd-add-btn wd-add-btn-replace\">\n\t\t\n\t\t<a href=\"https:\/\/www.marinigerardi.it\/shop\/prodotto\/tende-shabby-cucina\/\" class=\"button product_type_simple add-to-cart-loop mg-detail-btn\"><span class=\"wd-action-icon\"><span class=\"wd-check-icon\"><\/span><\/span><span class=\"wd-action-text\">Vedi dettagli<\/span><\/a>\t<\/div>\n\n\t\n\t\n\t\t\t<\/div>\n\t<\/div>\n<\/div>\n<div class=\"wd-product wd-col wd-hover-standard product-grid-item product type-product post-7124 status-publish first instock product_cat-tende-in-lino has-post-thumbnail taxable shipping-taxable purchasable product-type-simple\" data-loop=\"16\" data-id=\"7124\">\n\t\n<div class=\"wd-product-wrapper product-wrapper\">\n\t<div class=\"wd-product-thumb product-element-top wd-quick-shop\">\n\t\t<a href=\"https:\/\/www.marinigerardi.it\/shop\/prodotto\/castro-tenda-in-lino-con-mantovana\/\" class=\"wd-product-img-link product-image-link\" tabindex=\"-1\" aria-label=\"Tenda in Lino CASTRO con Mantovana &#8211; Eleganza e Stile per la Tua Casa\">\n\t\t\t\t\t<div class=\"wd-product-grid-slider wd-fill\">\n\t\t\t\t\t\t\t<div class=\"wd-product-grid-slide\" data-image-url=\"https:\/\/www.marinigerardi.it\/shop\/wp-content\/uploads\/2021\/01\/Castro-tenda-in-lino-design-Italiano-250x188.jpg\" data-image-srcset=\"https:\/\/www.marinigerardi.it\/shop\/wp-content\/uploads\/2021\/01\/Castro-tenda-in-lino-design-Italiano-250x188.jpg 250w, https:\/\/www.marinigerardi.it\/shop\/wp-content\/uploads\/2021\/01\/Castro-tenda-in-lino-design-Italiano-600x450.jpg 600w, https:\/\/www.marinigerardi.it\/shop\/wp-content\/uploads\/2021\/01\/Castro-tenda-in-lino-design-Italiano-300x225.jpg 300w, https:\/\/www.marinigerardi.it\/shop\/wp-content\/uploads\/2021\/01\/Castro-tenda-in-lino-design-Italiano-768x576.jpg 768w, https:\/\/www.marinigerardi.it\/shop\/wp-content\/uploads\/2021\/01\/Castro-tenda-in-lino-design-Italiano.jpg 1024w\" data-image-id=\"0\"><\/div>\n\t\t\t\t\t\t\t<div class=\"wd-product-grid-slide\" data-image-url=\"https:\/\/www.marinigerardi.it\/shop\/wp-content\/uploads\/2021\/09\/Castro-tenda-in-lino-matovana-con-asole-inserti-a-colore-250x188.jpg\" data-image-srcset=\"https:\/\/www.marinigerardi.it\/shop\/wp-content\/uploads\/2021\/09\/Castro-tenda-in-lino-matovana-con-asole-inserti-a-colore-250x188.jpg 250w, https:\/\/www.marinigerardi.it\/shop\/wp-content\/uploads\/2021\/09\/Castro-tenda-in-lino-matovana-con-asole-inserti-a-colore-600x450.jpg 600w, https:\/\/www.marinigerardi.it\/shop\/wp-content\/uploads\/2021\/09\/Castro-tenda-in-lino-matovana-con-asole-inserti-a-colore-300x225.jpg 300w, https:\/\/www.marinigerardi.it\/shop\/wp-content\/uploads\/2021\/09\/Castro-tenda-in-lino-matovana-con-asole-inserti-a-colore-768x576.jpg 768w, https:\/\/www.marinigerardi.it\/shop\/wp-content\/uploads\/2021\/09\/Castro-tenda-in-lino-matovana-con-asole-inserti-a-colore.jpg 1024w\" data-image-id=\"1\"><\/div>\n\t\t\t\t\t\t\t<div class=\"wd-product-grid-slide\" data-image-url=\"https:\/\/www.marinigerardi.it\/shop\/wp-content\/uploads\/2021\/09\/tessuto-di-puro-lino-design-Italiano-per-tenda-castro-250x188.jpg\" data-image-srcset=\"https:\/\/www.marinigerardi.it\/shop\/wp-content\/uploads\/2021\/09\/tessuto-di-puro-lino-design-Italiano-per-tenda-castro-250x188.jpg 250w, https:\/\/www.marinigerardi.it\/shop\/wp-content\/uploads\/2021\/09\/tessuto-di-puro-lino-design-Italiano-per-tenda-castro-600x450.jpg 600w, https:\/\/www.marinigerardi.it\/shop\/wp-content\/uploads\/2021\/09\/tessuto-di-puro-lino-design-Italiano-per-tenda-castro-300x225.jpg 300w, https:\/\/www.marinigerardi.it\/shop\/wp-content\/uploads\/2021\/09\/tessuto-di-puro-lino-design-Italiano-per-tenda-castro-768x576.jpg 768w, https:\/\/www.marinigerardi.it\/shop\/wp-content\/uploads\/2021\/09\/tessuto-di-puro-lino-design-Italiano-per-tenda-castro.jpg 1024w\" data-image-id=\"2\"><\/div>\n\t\t\t\t\t<\/div>\n\n\t\t\n\t\t\t\t\t\t\t<div class=\"wd-product-grid-slider-pagin\">\n\t\t\t\t\t\t\t<div data-image-id=\"0\" class=\"wd-product-grid-slider-dot\"><\/div>\n\t\t\t\t\t\t\t<div data-image-id=\"1\" class=\"wd-product-grid-slider-dot\"><\/div>\n\t\t\t\t\t\t\t<div data-image-id=\"2\" class=\"wd-product-grid-slider-dot\"><\/div>\n\t\t\t\t\t<\/div>\n\t\t\t\t\t\t<img decoding=\"async\" width=\"250\" height=\"188\" src=\"https:\/\/www.marinigerardi.it\/shop\/wp-content\/uploads\/2021\/01\/Castro-tenda-in-lino-design-Italiano-250x188.jpg\" class=\"attachment-woocommerce_thumbnail size-woocommerce_thumbnail\" alt=\"Tenda in Lino CASTRO con Mantovana design italiano\" srcset=\"https:\/\/www.marinigerardi.it\/shop\/wp-content\/uploads\/2021\/01\/Castro-tenda-in-lino-design-Italiano-250x188.jpg 250w, https:\/\/www.marinigerardi.it\/shop\/wp-content\/uploads\/2021\/01\/Castro-tenda-in-lino-design-Italiano-600x450.jpg 600w, https:\/\/www.marinigerardi.it\/shop\/wp-content\/uploads\/2021\/01\/Castro-tenda-in-lino-design-Italiano-300x225.jpg.avif 300w, https:\/\/www.marinigerardi.it\/shop\/wp-content\/uploads\/2021\/01\/Castro-tenda-in-lino-design-Italiano-768x576.jpg.avif 768w, https:\/\/www.marinigerardi.it\/shop\/wp-content\/uploads\/2021\/01\/Castro-tenda-in-lino-design-Italiano.jpg.webp 1024w\" sizes=\"(max-width: 250px) 100vw, 250px\" \/>\t\t<\/a>\n\n\t\t\n\t\t<div class=\"wd-buttons wd-pos-r-t\">\n\t\t\t\t\t\t\t\t\t\t\t\t\t\t<\/div>\n\t<\/div>\n\n\t\t<div class=\"product-element-bottom\">\n\t\n\t\n\t<h3 class=\"wd-entities-title\"><a href=\"https:\/\/www.marinigerardi.it\/shop\/prodotto\/castro-tenda-in-lino-con-mantovana\/\">Tenda in Lino CASTRO con Mantovana &#8211; Eleganza e Stile per la Tua Casa<\/a><\/h3>\n\t\t\t\t\t\t<p class=\"wd-product-stock stock wd-style-default in-stock\">Disponibile<\/p>\n\t\t\n\t\n\t<span class=\"price\">253,00&nbsp;&euro;<\/span>\n\n\t<div class=\"wd-add-btn wd-add-btn-replace\">\n\t\t\n\t\t<a href=\"https:\/\/www.marinigerardi.it\/shop\/prodotto\/castro-tenda-in-lino-con-mantovana\/\" class=\"button product_type_simple add-to-cart-loop mg-detail-btn\"><span class=\"wd-action-icon\"><span class=\"wd-check-icon\"><\/span><\/span><span class=\"wd-action-text\">Vedi dettagli<\/span><\/a>\t<\/div>\n\n\t\n\t\n\t\t\t<\/div>\n\t<\/div>\n<\/div>\n<div class=\"wd-product wd-col wd-hover-standard product-grid-item product type-product post-8581 status-publish last instock product_cat-tende-in-lino has-post-thumbnail taxable shipping-taxable purchasable product-type-simple\" data-loop=\"17\" data-id=\"8581\">\n\t\n<div class=\"wd-product-wrapper product-wrapper\">\n\t<div class=\"wd-product-thumb product-element-top wd-quick-shop\">\n\t\t<a href=\"https:\/\/www.marinigerardi.it\/shop\/prodotto\/tende-moderne-per-soggiorno-monet\/\" class=\"wd-product-img-link product-image-link\" tabindex=\"-1\" aria-label=\"MONET &#8211; Tende Moderne per Soggiorno\">\n\t\t\t\t\t<div class=\"wd-product-grid-slider wd-fill\">\n\t\t\t\t\t\t\t<div class=\"wd-product-grid-slide\" data-image-url=\"https:\/\/www.marinigerardi.it\/shop\/wp-content\/uploads\/2021\/01\/tende-moderne-interni-in-lino-bianco-naturale-balsa-inferiore-verde-lime-250x188.jpg\" data-image-srcset=\"https:\/\/www.marinigerardi.it\/shop\/wp-content\/uploads\/2021\/01\/tende-moderne-interni-in-lino-bianco-naturale-balsa-inferiore-verde-lime-250x188.jpg 250w, https:\/\/www.marinigerardi.it\/shop\/wp-content\/uploads\/2021\/01\/tende-moderne-interni-in-lino-bianco-naturale-balsa-inferiore-verde-lime-600x450.jpg 600w, https:\/\/www.marinigerardi.it\/shop\/wp-content\/uploads\/2021\/01\/tende-moderne-interni-in-lino-bianco-naturale-balsa-inferiore-verde-lime-300x225.jpg 300w, https:\/\/www.marinigerardi.it\/shop\/wp-content\/uploads\/2021\/01\/tende-moderne-interni-in-lino-bianco-naturale-balsa-inferiore-verde-lime-768x576.jpg 768w, https:\/\/www.marinigerardi.it\/shop\/wp-content\/uploads\/2021\/01\/tende-moderne-interni-in-lino-bianco-naturale-balsa-inferiore-verde-lime.jpg 1024w\" data-image-id=\"0\"><\/div>\n\t\t\t\t\t\t\t<div class=\"wd-product-grid-slide\" data-image-url=\"https:\/\/www.marinigerardi.it\/shop\/wp-content\/uploads\/2021\/01\/tende-eleganti-moderne-in-lino-balsa-inferiore-colore-verde-mela-250x188.jpg\" data-image-srcset=\"https:\/\/www.marinigerardi.it\/shop\/wp-content\/uploads\/2021\/01\/tende-eleganti-moderne-in-lino-balsa-inferiore-colore-verde-mela-250x188.jpg 250w, https:\/\/www.marinigerardi.it\/shop\/wp-content\/uploads\/2021\/01\/tende-eleganti-moderne-in-lino-balsa-inferiore-colore-verde-mela-600x450.jpg 600w, https:\/\/www.marinigerardi.it\/shop\/wp-content\/uploads\/2021\/01\/tende-eleganti-moderne-in-lino-balsa-inferiore-colore-verde-mela-300x225.jpg 300w, https:\/\/www.marinigerardi.it\/shop\/wp-content\/uploads\/2021\/01\/tende-eleganti-moderne-in-lino-balsa-inferiore-colore-verde-mela-768x576.jpg 768w, https:\/\/www.marinigerardi.it\/shop\/wp-content\/uploads\/2021\/01\/tende-eleganti-moderne-in-lino-balsa-inferiore-colore-verde-mela.jpg 1024w\" data-image-id=\"1\"><\/div>\n\t\t\t\t\t\t\t<div class=\"wd-product-grid-slide\" data-image-url=\"https:\/\/www.marinigerardi.it\/shop\/wp-content\/uploads\/2021\/01\/Tende-da-soggiorno-moderne-in-Lino-bianco-naturale-balsa-infeririore-a-piegoline-250x188.jpg\" data-image-srcset=\"https:\/\/www.marinigerardi.it\/shop\/wp-content\/uploads\/2021\/01\/Tende-da-soggiorno-moderne-in-Lino-bianco-naturale-balsa-infeririore-a-piegoline-250x188.jpg 250w, https:\/\/www.marinigerardi.it\/shop\/wp-content\/uploads\/2021\/01\/Tende-da-soggiorno-moderne-in-Lino-bianco-naturale-balsa-infeririore-a-piegoline-600x450.jpg 600w, https:\/\/www.marinigerardi.it\/shop\/wp-content\/uploads\/2021\/01\/Tende-da-soggiorno-moderne-in-Lino-bianco-naturale-balsa-infeririore-a-piegoline-300x225.jpg 300w, https:\/\/www.marinigerardi.it\/shop\/wp-content\/uploads\/2021\/01\/Tende-da-soggiorno-moderne-in-Lino-bianco-naturale-balsa-infeririore-a-piegoline-768x576.jpg 768w, https:\/\/www.marinigerardi.it\/shop\/wp-content\/uploads\/2021\/01\/Tende-da-soggiorno-moderne-in-Lino-bianco-naturale-balsa-infeririore-a-piegoline.jpg 1024w\" data-image-id=\"2\"><\/div>\n\t\t\t\t\t<\/div>\n\n\t\t\n\t\t\t\t\t\t\t<div class=\"wd-product-grid-slider-pagin\">\n\t\t\t\t\t\t\t<div data-image-id=\"0\" class=\"wd-product-grid-slider-dot\"><\/div>\n\t\t\t\t\t\t\t<div data-image-id=\"1\" class=\"wd-product-grid-slider-dot\"><\/div>\n\t\t\t\t\t\t\t<div data-image-id=\"2\" class=\"wd-product-grid-slider-dot\"><\/div>\n\t\t\t\t\t<\/div>\n\t\t\t\t\t\t<img decoding=\"async\" width=\"250\" height=\"188\" src=\"https:\/\/www.marinigerardi.it\/shop\/wp-content\/uploads\/2021\/01\/tende-moderne-interni-in-lino-bianco-naturale-balsa-inferiore-verde-lime-250x188.jpg\" class=\"attachment-woocommerce_thumbnail size-woocommerce_thumbnail\" alt=\"MONET - Tende Moderne per Soggiorno\" srcset=\"https:\/\/www.marinigerardi.it\/shop\/wp-content\/uploads\/2021\/01\/tende-moderne-interni-in-lino-bianco-naturale-balsa-inferiore-verde-lime-250x188.jpg 250w, https:\/\/www.marinigerardi.it\/shop\/wp-content\/uploads\/2021\/01\/tende-moderne-interni-in-lino-bianco-naturale-balsa-inferiore-verde-lime-600x450.jpg 600w, https:\/\/www.marinigerardi.it\/shop\/wp-content\/uploads\/2021\/01\/tende-moderne-interni-in-lino-bianco-naturale-balsa-inferiore-verde-lime-300x225.jpg.avif 300w, https:\/\/www.marinigerardi.it\/shop\/wp-content\/uploads\/2021\/01\/tende-moderne-interni-in-lino-bianco-naturale-balsa-inferiore-verde-lime-768x576.jpg.avif 768w, https:\/\/www.marinigerardi.it\/shop\/wp-content\/uploads\/2021\/01\/tende-moderne-interni-in-lino-bianco-naturale-balsa-inferiore-verde-lime.jpg.webp 1024w\" sizes=\"(max-width: 250px) 100vw, 250px\" \/>\t\t<\/a>\n\n\t\t\n\t\t<div class=\"wd-buttons wd-pos-r-t\">\n\t\t\t\t\t\t\t\t\t\t\t\t\t\t<\/div>\n\t<\/div>\n\n\t\t<div class=\"product-element-bottom\">\n\t\n\t\n\t<h3 class=\"wd-entities-title\"><a href=\"https:\/\/www.marinigerardi.it\/shop\/prodotto\/tende-moderne-per-soggiorno-monet\/\">MONET &#8211; Tende Moderne per Soggiorno<\/a><\/h3>\n\t\t\t\t\t\t\n\t\t\t\t<div class=\"star-rating\" role=\"img\" aria-label=\"Valutato 5.00 su 5\">\n\t\t\t\t\t<span style=\"width:100%\">\n\t\t\tValutato <strong class=\"rating\">5.00<\/strong> su 5\t\t<\/span>\n\t\t\t\t<\/div>\n\n\t\t\n\t\t\t\t\t\t\t\t\t<p class=\"wd-product-stock stock wd-style-default in-stock\">Disponibile<\/p>\n\t\t\n\t\n\t<span class=\"price\">256,50&nbsp;&euro;<\/span>\n\n\t<div class=\"wd-add-btn wd-add-btn-replace\">\n\t\t\n\t\t<a href=\"https:\/\/www.marinigerardi.it\/shop\/prodotto\/tende-moderne-per-soggiorno-monet\/\" class=\"button product_type_simple add-to-cart-loop mg-detail-btn\"><span class=\"wd-action-icon\"><span class=\"wd-check-icon\"><\/span><\/span><span class=\"wd-action-text\">Vedi dettagli<\/span><\/a>\t<\/div>\n\n\t\n\t\n\t\t\t<\/div>\n\t<\/div>\n<\/div>\n<div class=\"wd-product wd-col wd-hover-standard product-grid-item product type-product post-28922 status-publish first instock product_cat-doppie-tende product_cat-tende product_cat-tende-camera-da-letto product_cat-tende-da-interni product_cat-tende-in-lino product_cat-tende-lino product_cat-tende-moderne product_cat-tende-su-misura product_tag-tende product_tag-tende-di-lino product_tag-tende-in-lino product_tag-tende-moderne product_tag-tende-soggiorno-moderno has-post-thumbnail taxable shipping-taxable purchasable product-type-simple\" data-loop=\"18\" data-id=\"28922\">\n\t\n<div class=\"wd-product-wrapper product-wrapper\">\n\t<div class=\"wd-product-thumb product-element-top wd-quick-shop\">\n\t\t<a href=\"https:\/\/www.marinigerardi.it\/shop\/prodotto\/tende-per-interni-moderne\/\" class=\"wd-product-img-link product-image-link\" tabindex=\"-1\" aria-label=\"Tende per Interni Moderne: la bellezza stilizzata del modello MINERVA\">\n\t\t\t\t\t<div class=\"wd-product-grid-slider wd-fill\">\n\t\t\t\t\t\t\t<div class=\"wd-product-grid-slide\" data-image-url=\"https:\/\/www.marinigerardi.it\/shop\/wp-content\/uploads\/2021\/11\/doppio-telo-interni-minerva-in-lino-.bianco-trasparente-design-foglie-250x188.jpg\" data-image-srcset=\"https:\/\/www.marinigerardi.it\/shop\/wp-content\/uploads\/2021\/11\/doppio-telo-interni-minerva-in-lino-.bianco-trasparente-design-foglie-250x188.jpg 250w, https:\/\/www.marinigerardi.it\/shop\/wp-content\/uploads\/2021\/11\/doppio-telo-interni-minerva-in-lino-.bianco-trasparente-design-foglie-600x450.jpg 600w, https:\/\/www.marinigerardi.it\/shop\/wp-content\/uploads\/2021\/11\/doppio-telo-interni-minerva-in-lino-.bianco-trasparente-design-foglie-300x225.jpg 300w, https:\/\/www.marinigerardi.it\/shop\/wp-content\/uploads\/2021\/11\/doppio-telo-interni-minerva-in-lino-.bianco-trasparente-design-foglie-768x576.jpg 768w, https:\/\/www.marinigerardi.it\/shop\/wp-content\/uploads\/2021\/11\/doppio-telo-interni-minerva-in-lino-.bianco-trasparente-design-foglie.jpg 1024w\" data-image-id=\"0\"><\/div>\n\t\t\t\t\t\t\t<div class=\"wd-product-grid-slide\" data-image-url=\"https:\/\/www.marinigerardi.it\/shop\/wp-content\/uploads\/2021\/11\/tenda-interni-minerva-doppio-telo-in.bianco-trasparente-design-foglie-250x188.jpg\" data-image-srcset=\"https:\/\/www.marinigerardi.it\/shop\/wp-content\/uploads\/2021\/11\/tenda-interni-minerva-doppio-telo-in.bianco-trasparente-design-foglie-250x188.jpg 250w, https:\/\/www.marinigerardi.it\/shop\/wp-content\/uploads\/2021\/11\/tenda-interni-minerva-doppio-telo-in.bianco-trasparente-design-foglie-600x450.jpg 600w, https:\/\/www.marinigerardi.it\/shop\/wp-content\/uploads\/2021\/11\/tenda-interni-minerva-doppio-telo-in.bianco-trasparente-design-foglie-300x225.jpg 300w, https:\/\/www.marinigerardi.it\/shop\/wp-content\/uploads\/2021\/11\/tenda-interni-minerva-doppio-telo-in.bianco-trasparente-design-foglie-768x576.jpg 768w, https:\/\/www.marinigerardi.it\/shop\/wp-content\/uploads\/2021\/11\/tenda-interni-minerva-doppio-telo-in.bianco-trasparente-design-foglie.jpg 1024w\" data-image-id=\"1\"><\/div>\n\t\t\t\t\t\t\t<div class=\"wd-product-grid-slide\" data-image-url=\"https:\/\/www.marinigerardi.it\/shop\/wp-content\/uploads\/2021\/11\/tenda-interni-doppio-telo-minerva-in-lino-.bianco-trasparente-design-foglie-250x188.jpg\" data-image-srcset=\"https:\/\/www.marinigerardi.it\/shop\/wp-content\/uploads\/2021\/11\/tenda-interni-doppio-telo-minerva-in-lino-.bianco-trasparente-design-foglie-250x188.jpg 250w, https:\/\/www.marinigerardi.it\/shop\/wp-content\/uploads\/2021\/11\/tenda-interni-doppio-telo-minerva-in-lino-.bianco-trasparente-design-foglie-600x450.jpg 600w, https:\/\/www.marinigerardi.it\/shop\/wp-content\/uploads\/2021\/11\/tenda-interni-doppio-telo-minerva-in-lino-.bianco-trasparente-design-foglie-300x225.jpg 300w, https:\/\/www.marinigerardi.it\/shop\/wp-content\/uploads\/2021\/11\/tenda-interni-doppio-telo-minerva-in-lino-.bianco-trasparente-design-foglie-768x576.jpg 768w, https:\/\/www.marinigerardi.it\/shop\/wp-content\/uploads\/2021\/11\/tenda-interni-doppio-telo-minerva-in-lino-.bianco-trasparente-design-foglie.jpg 1024w\" data-image-id=\"2\"><\/div>\n\t\t\t\t\t<\/div>\n\n\t\t\n\t\t\t\t\t\t\t<div class=\"wd-product-grid-slider-pagin\">\n\t\t\t\t\t\t\t<div data-image-id=\"0\" class=\"wd-product-grid-slider-dot\"><\/div>\n\t\t\t\t\t\t\t<div data-image-id=\"1\" class=\"wd-product-grid-slider-dot\"><\/div>\n\t\t\t\t\t\t\t<div data-image-id=\"2\" class=\"wd-product-grid-slider-dot\"><\/div>\n\t\t\t\t\t<\/div>\n\t\t\t\t\t\t<img decoding=\"async\" width=\"250\" height=\"188\" src=\"https:\/\/www.marinigerardi.it\/shop\/wp-content\/uploads\/2021\/11\/doppio-telo-interni-minerva-in-lino-.bianco-trasparente-design-foglie-250x188.jpg\" class=\"attachment-woocommerce_thumbnail size-woocommerce_thumbnail\" alt=\"MINERVA - Tende Moderne in Lino - Tende per Interni Moderne in Lino a Doppio Telo\" srcset=\"https:\/\/www.marinigerardi.it\/shop\/wp-content\/uploads\/2021\/11\/doppio-telo-interni-minerva-in-lino-.bianco-trasparente-design-foglie-250x188.jpg 250w, https:\/\/www.marinigerardi.it\/shop\/wp-content\/uploads\/2021\/11\/doppio-telo-interni-minerva-in-lino-.bianco-trasparente-design-foglie-600x450.jpg 600w, https:\/\/www.marinigerardi.it\/shop\/wp-content\/uploads\/2021\/11\/doppio-telo-interni-minerva-in-lino-.bianco-trasparente-design-foglie-300x225.jpg.avif 300w, https:\/\/www.marinigerardi.it\/shop\/wp-content\/uploads\/2021\/11\/doppio-telo-interni-minerva-in-lino-.bianco-trasparente-design-foglie-768x576.jpg.avif 768w, https:\/\/www.marinigerardi.it\/shop\/wp-content\/uploads\/2021\/11\/doppio-telo-interni-minerva-in-lino-.bianco-trasparente-design-foglie.jpg.webp 1024w\" sizes=\"(max-width: 250px) 100vw, 250px\" \/>\t\t<\/a>\n\n\t\t\n\t\t<div class=\"wd-buttons wd-pos-r-t\">\n\t\t\t\t\t\t\t\t\t\t\t\t\t\t<\/div>\n\t<\/div>\n\n\t\t<div class=\"product-element-bottom\">\n\t\n\t\n\t<h3 class=\"wd-entities-title\"><a href=\"https:\/\/www.marinigerardi.it\/shop\/prodotto\/tende-per-interni-moderne\/\">Tende per Interni Moderne: la bellezza stilizzata del modello MINERVA<\/a><\/h3>\n\t\t\t\t\t\t\n\t\t\t\t<div class=\"star-rating\" role=\"img\" aria-label=\"Valutato 5.00 su 5\">\n\t\t\t\t\t<span style=\"width:100%\">\n\t\t\tValutato <strong class=\"rating\">5.00<\/strong> su 5\t\t<\/span>\n\t\t\t\t<\/div>\n\n\t\t\n\t\t\t\t\t\t\t\t\t<p class=\"wd-product-stock stock wd-style-default in-stock\">Disponibile<\/p>\n\t\t\n\t\n\t<span class=\"price\">285,00&nbsp;&euro;<\/span>\n\n\t<div class=\"wd-add-btn wd-add-btn-replace\">\n\t\t\n\t\t<a href=\"https:\/\/www.marinigerardi.it\/shop\/prodotto\/tende-per-interni-moderne\/\" class=\"button product_type_simple add-to-cart-loop mg-detail-btn\"><span class=\"wd-action-icon\"><span class=\"wd-check-icon\"><\/span><\/span><span class=\"wd-action-text\">Vedi dettagli<\/span><\/a>\t<\/div>\n\n\t\n\t\n\t\t\t<\/div>\n\t<\/div>\n<\/div>\n<div class=\"wd-product wd-col wd-hover-standard product-grid-item product type-product post-58588 status-publish last instock product_cat-tende-camera-da-letto product_cat-tende-da-interni product_cat-tende-di-lino product_cat-tende-in-lino product_cat-tende-lino product_cat-tende-moderne product_cat-tende-online-su-misura product_cat-tende-su-misura product_tag-tende-in-lino product_tag-tende-interne-moderne product_tag-tende-moderne has-post-thumbnail taxable shipping-taxable purchasable product-type-simple\" data-loop=\"19\" data-id=\"58588\">\n\t\n<div class=\"wd-product-wrapper product-wrapper\">\n\t<div class=\"wd-product-thumb product-element-top wd-quick-shop\">\n\t\t<a href=\"https:\/\/www.marinigerardi.it\/shop\/prodotto\/tende-soggiorno-moderne\/\" class=\"wd-product-img-link product-image-link\" tabindex=\"-1\" aria-label=\"FEDELTA&#8217; &#8211; Tende Soggiorno Moderne in Lino Salento\">\n\t\t\t\t\t<div class=\"wd-product-grid-slider wd-fill\">\n\t\t\t\t\t\t\t<div class=\"wd-product-grid-slide\" data-image-url=\"https:\/\/www.marinigerardi.it\/shop\/wp-content\/uploads\/2024\/05\/camera-da-letto-vista-mare-tende-da-interno-moderne-lino-bianco-250x188.jpg\" data-image-srcset=\"https:\/\/www.marinigerardi.it\/shop\/wp-content\/uploads\/2024\/05\/camera-da-letto-vista-mare-tende-da-interno-moderne-lino-bianco-250x188.jpg 250w, https:\/\/www.marinigerardi.it\/shop\/wp-content\/uploads\/2024\/05\/camera-da-letto-vista-mare-tende-da-interno-moderne-lino-bianco-300x225.jpg 300w, https:\/\/www.marinigerardi.it\/shop\/wp-content\/uploads\/2024\/05\/camera-da-letto-vista-mare-tende-da-interno-moderne-lino-bianco-768x576.jpg 768w, https:\/\/www.marinigerardi.it\/shop\/wp-content\/uploads\/2024\/05\/camera-da-letto-vista-mare-tende-da-interno-moderne-lino-bianco-600x450.jpg 600w, https:\/\/www.marinigerardi.it\/shop\/wp-content\/uploads\/2024\/05\/camera-da-letto-vista-mare-tende-da-interno-moderne-lino-bianco.jpg 1024w\" data-image-id=\"0\"><\/div>\n\t\t\t\t\t\t\t<div class=\"wd-product-grid-slide\" data-image-url=\"https:\/\/www.marinigerardi.it\/shop\/wp-content\/uploads\/2024\/05\/appartamento-al-mare-tende-da-interno-moderne-lino-bianco-250x188.jpg\" data-image-srcset=\"https:\/\/www.marinigerardi.it\/shop\/wp-content\/uploads\/2024\/05\/appartamento-al-mare-tende-da-interno-moderne-lino-bianco-250x188.jpg 250w, https:\/\/www.marinigerardi.it\/shop\/wp-content\/uploads\/2024\/05\/appartamento-al-mare-tende-da-interno-moderne-lino-bianco-600x450.jpg 600w, https:\/\/www.marinigerardi.it\/shop\/wp-content\/uploads\/2024\/05\/appartamento-al-mare-tende-da-interno-moderne-lino-bianco-300x225.jpg 300w, https:\/\/www.marinigerardi.it\/shop\/wp-content\/uploads\/2024\/05\/appartamento-al-mare-tende-da-interno-moderne-lino-bianco-768x576.jpg 768w, https:\/\/www.marinigerardi.it\/shop\/wp-content\/uploads\/2024\/05\/appartamento-al-mare-tende-da-interno-moderne-lino-bianco.jpg 1024w\" data-image-id=\"1\"><\/div>\n\t\t\t\t\t\t\t<div class=\"wd-product-grid-slide\" data-image-url=\"https:\/\/www.marinigerardi.it\/shop\/wp-content\/uploads\/2023\/04\/tende-da-interno-moderne-immagini-250x188.jpg\" data-image-srcset=\"https:\/\/www.marinigerardi.it\/shop\/wp-content\/uploads\/2023\/04\/tende-da-interno-moderne-immagini-250x188.jpg 250w, https:\/\/www.marinigerardi.it\/shop\/wp-content\/uploads\/2023\/04\/tende-da-interno-moderne-immagini-600x450.jpg 600w, https:\/\/www.marinigerardi.it\/shop\/wp-content\/uploads\/2023\/04\/tende-da-interno-moderne-immagini-300x225.jpg 300w, https:\/\/www.marinigerardi.it\/shop\/wp-content\/uploads\/2023\/04\/tende-da-interno-moderne-immagini-768x576.jpg 768w, https:\/\/www.marinigerardi.it\/shop\/wp-content\/uploads\/2023\/04\/tende-da-interno-moderne-immagini.jpg 1024w\" data-image-id=\"2\"><\/div>\n\t\t\t\t\t\t\t<div class=\"wd-product-grid-slide\" data-image-url=\"https:\/\/www.marinigerardi.it\/shop\/wp-content\/uploads\/2023\/04\/tende-per-interni-moderne-soggiorno-in-lino-250x188.jpg\" data-image-srcset=\"https:\/\/www.marinigerardi.it\/shop\/wp-content\/uploads\/2023\/04\/tende-per-interni-moderne-soggiorno-in-lino-250x188.jpg 250w, https:\/\/www.marinigerardi.it\/shop\/wp-content\/uploads\/2023\/04\/tende-per-interni-moderne-soggiorno-in-lino-600x450.jpg 600w, https:\/\/www.marinigerardi.it\/shop\/wp-content\/uploads\/2023\/04\/tende-per-interni-moderne-soggiorno-in-lino-300x225.jpg 300w, https:\/\/www.marinigerardi.it\/shop\/wp-content\/uploads\/2023\/04\/tende-per-interni-moderne-soggiorno-in-lino-768x576.jpg 768w, https:\/\/www.marinigerardi.it\/shop\/wp-content\/uploads\/2023\/04\/tende-per-interni-moderne-soggiorno-in-lino.jpg 1024w\" data-image-id=\"3\"><\/div>\n\t\t\t\t\t<\/div>\n\n\t\t\n\t\t\t\t\t\t\t<div class=\"wd-product-grid-slider-pagin\">\n\t\t\t\t\t\t\t<div data-image-id=\"0\" class=\"wd-product-grid-slider-dot\"><\/div>\n\t\t\t\t\t\t\t<div data-image-id=\"1\" class=\"wd-product-grid-slider-dot\"><\/div>\n\t\t\t\t\t\t\t<div data-image-id=\"2\" class=\"wd-product-grid-slider-dot\"><\/div>\n\t\t\t\t\t\t\t<div data-image-id=\"3\" class=\"wd-product-grid-slider-dot\"><\/div>\n\t\t\t\t\t<\/div>\n\t\t\t\t\t\t<img decoding=\"async\" width=\"250\" height=\"188\" src=\"https:\/\/www.marinigerardi.it\/shop\/wp-content\/uploads\/2024\/05\/camera-da-letto-vista-mare-tende-da-interno-moderne-lino-bianco-250x188.jpg.avif\" class=\"attachment-woocommerce_thumbnail size-woocommerce_thumbnail\" alt=\"Camera da letto vista mare tende da interno moderne lino bianco\" srcset=\"https:\/\/www.marinigerardi.it\/shop\/wp-content\/uploads\/2024\/05\/camera-da-letto-vista-mare-tende-da-interno-moderne-lino-bianco-250x188.jpg.avif 250w, https:\/\/www.marinigerardi.it\/shop\/wp-content\/uploads\/2024\/05\/camera-da-letto-vista-mare-tende-da-interno-moderne-lino-bianco-300x225.jpg.avif 300w, https:\/\/www.marinigerardi.it\/shop\/wp-content\/uploads\/2024\/05\/camera-da-letto-vista-mare-tende-da-interno-moderne-lino-bianco-768x576.jpg.avif 768w, https:\/\/www.marinigerardi.it\/shop\/wp-content\/uploads\/2024\/05\/camera-da-letto-vista-mare-tende-da-interno-moderne-lino-bianco-600x450.jpg.avif 600w, https:\/\/www.marinigerardi.it\/shop\/wp-content\/uploads\/2024\/05\/camera-da-letto-vista-mare-tende-da-interno-moderne-lino-bianco.jpg.avif 1024w\" sizes=\"(max-width: 250px) 100vw, 250px\" \/>\t\t<\/a>\n\n\t\t\n\t\t<div class=\"wd-buttons wd-pos-r-t\">\n\t\t\t\t\t\t\t\t\t\t\t\t\t\t<\/div>\n\t<\/div>\n\n\t\t<div class=\"product-element-bottom\">\n\t\n\t\n\t<h3 class=\"wd-entities-title\"><a href=\"https:\/\/www.marinigerardi.it\/shop\/prodotto\/tende-soggiorno-moderne\/\">FEDELTA&#8217; &#8211; Tende Soggiorno Moderne in Lino Salento<\/a><\/h3>\n\t\t\t\t\t\t<p class=\"wd-product-stock stock wd-style-default in-stock\">Disponibile<\/p>\n\t\t\n\t\n\t<span class=\"price\">135,00&nbsp;&euro;<\/span>\n\n\t<div class=\"wd-add-btn wd-add-btn-replace\">\n\t\t\n\t\t<a href=\"https:\/\/www.marinigerardi.it\/shop\/prodotto\/tende-soggiorno-moderne\/\" class=\"button product_type_simple add-to-cart-loop mg-detail-btn\"><span class=\"wd-action-icon\"><span class=\"wd-check-icon\"><\/span><\/span><span class=\"wd-action-text\">Vedi dettagli<\/span><\/a>\t<\/div>\n\n\t\n\t\n\t\t\t<\/div>\n\t<\/div>\n<\/div>\n<div class=\"wd-product wd-col wd-hover-standard product-grid-item product type-product post-68036 status-publish first instock product_cat-tende product_cat-tende-classiche product_cat-tende-da-interni product_cat-tende-in-lino product_cat-tende-interno product_cat-tende-lino product_cat-tende-su-misura product_tag-tende product_tag-tende-classiche product_tag-tende-classiche-eleganti product_tag-tende-di-lino product_tag-tende-in-lino product_tag-tende-in-puro-lino has-post-thumbnail taxable shipping-taxable purchasable product-type-simple\" data-loop=\"20\" data-id=\"68036\">\n\t\n<div class=\"wd-product-wrapper product-wrapper\">\n\t<div class=\"wd-product-thumb product-element-top wd-quick-shop\">\n\t\t<a href=\"https:\/\/www.marinigerardi.it\/shop\/prodotto\/tende-eleganti-classiche\/\" class=\"wd-product-img-link product-image-link\" tabindex=\"-1\" aria-label=\"CANNOLE Lino 100% &#8211; Tende Eleganti Classiche per camera da letto\">\n\t\t\t\t\t<div class=\"wd-product-grid-slider wd-fill\">\n\t\t\t\t\t\t\t<div class=\"wd-product-grid-slide\" data-image-url=\"https:\/\/www.marinigerardi.it\/shop\/wp-content\/uploads\/2024\/05\/tende-eleganti-classiche-per-camera-da-letto-250x187.jpg\" data-image-srcset=\"https:\/\/www.marinigerardi.it\/shop\/wp-content\/uploads\/2024\/05\/tende-eleganti-classiche-per-camera-da-letto-250x187.jpg 250w, https:\/\/www.marinigerardi.it\/shop\/wp-content\/uploads\/2024\/05\/tende-eleganti-classiche-per-camera-da-letto-600x450.jpg 600w, https:\/\/www.marinigerardi.it\/shop\/wp-content\/uploads\/2024\/05\/tende-eleganti-classiche-per-camera-da-letto-300x225.jpg 300w, https:\/\/www.marinigerardi.it\/shop\/wp-content\/uploads\/2024\/05\/tende-eleganti-classiche-per-camera-da-letto-768x575.jpg 768w, https:\/\/www.marinigerardi.it\/shop\/wp-content\/uploads\/2024\/05\/tende-eleganti-classiche-per-camera-da-letto.jpg 1025w\" data-image-id=\"0\"><\/div>\n\t\t\t\t\t\t\t<div class=\"wd-product-grid-slide\" data-image-url=\"https:\/\/www.marinigerardi.it\/shop\/wp-content\/uploads\/2024\/05\/tende-classiche-per-camera-da-letto-in-lino-250x187.jpg\" data-image-srcset=\"https:\/\/www.marinigerardi.it\/shop\/wp-content\/uploads\/2024\/05\/tende-classiche-per-camera-da-letto-in-lino-250x187.jpg 250w, https:\/\/www.marinigerardi.it\/shop\/wp-content\/uploads\/2024\/05\/tende-classiche-per-camera-da-letto-in-lino-600x450.jpg 600w, https:\/\/www.marinigerardi.it\/shop\/wp-content\/uploads\/2024\/05\/tende-classiche-per-camera-da-letto-in-lino-300x225.jpg 300w, https:\/\/www.marinigerardi.it\/shop\/wp-content\/uploads\/2024\/05\/tende-classiche-per-camera-da-letto-in-lino-768x575.jpg 768w, https:\/\/www.marinigerardi.it\/shop\/wp-content\/uploads\/2024\/05\/tende-classiche-per-camera-da-letto-in-lino.jpg 1025w\" data-image-id=\"1\"><\/div>\n\t\t\t\t\t\t\t<div class=\"wd-product-grid-slide\" data-image-url=\"https:\/\/www.marinigerardi.it\/shop\/wp-content\/uploads\/2024\/05\/tende-eleganti-per-camera-da-letto_classica-250x187.jpg\" data-image-srcset=\"https:\/\/www.marinigerardi.it\/shop\/wp-content\/uploads\/2024\/05\/tende-eleganti-per-camera-da-letto_classica-250x187.jpg 250w, https:\/\/www.marinigerardi.it\/shop\/wp-content\/uploads\/2024\/05\/tende-eleganti-per-camera-da-letto_classica-600x450.jpg 600w, https:\/\/www.marinigerardi.it\/shop\/wp-content\/uploads\/2024\/05\/tende-eleganti-per-camera-da-letto_classica-300x225.jpg 300w, https:\/\/www.marinigerardi.it\/shop\/wp-content\/uploads\/2024\/05\/tende-eleganti-per-camera-da-letto_classica-768x575.jpg 768w, https:\/\/www.marinigerardi.it\/shop\/wp-content\/uploads\/2024\/05\/tende-eleganti-per-camera-da-letto_classica.jpg 1025w\" data-image-id=\"2\"><\/div>\n\t\t\t\t\t<\/div>\n\n\t\t\n\t\t\t\t\t\t\t<div class=\"wd-product-grid-slider-pagin\">\n\t\t\t\t\t\t\t<div data-image-id=\"0\" class=\"wd-product-grid-slider-dot\"><\/div>\n\t\t\t\t\t\t\t<div data-image-id=\"1\" class=\"wd-product-grid-slider-dot\"><\/div>\n\t\t\t\t\t\t\t<div data-image-id=\"2\" class=\"wd-product-grid-slider-dot\"><\/div>\n\t\t\t\t\t<\/div>\n\t\t\t\t\t\t<img decoding=\"async\" width=\"250\" height=\"187\" src=\"https:\/\/www.marinigerardi.it\/shop\/wp-content\/uploads\/2024\/05\/tende-eleganti-classiche-per-camera-da-letto-250x187.jpg\" class=\"attachment-woocommerce_thumbnail size-woocommerce_thumbnail\" alt=\"Tende eleganti classiche per camera da letto\" srcset=\"https:\/\/www.marinigerardi.it\/shop\/wp-content\/uploads\/2024\/05\/tende-eleganti-classiche-per-camera-da-letto-250x187.jpg 250w, https:\/\/www.marinigerardi.it\/shop\/wp-content\/uploads\/2024\/05\/tende-eleganti-classiche-per-camera-da-letto-600x450.jpg 600w, https:\/\/www.marinigerardi.it\/shop\/wp-content\/uploads\/2024\/05\/tende-eleganti-classiche-per-camera-da-letto-300x225.jpg.avif 300w, https:\/\/www.marinigerardi.it\/shop\/wp-content\/uploads\/2024\/05\/tende-eleganti-classiche-per-camera-da-letto-768x575.jpg.avif 768w, https:\/\/www.marinigerardi.it\/shop\/wp-content\/uploads\/2024\/05\/tende-eleganti-classiche-per-camera-da-letto.jpg.webp 1025w\" sizes=\"(max-width: 250px) 100vw, 250px\" \/>\t\t<\/a>\n\n\t\t\n\t\t<div class=\"wd-buttons wd-pos-r-t\">\n\t\t\t\t\t\t\t\t\t\t\t\t\t\t<\/div>\n\t<\/div>\n\n\t\t<div class=\"product-element-bottom\">\n\t\n\t\n\t<h3 class=\"wd-entities-title\"><a href=\"https:\/\/www.marinigerardi.it\/shop\/prodotto\/tende-eleganti-classiche\/\">CANNOLE Lino 100% &#8211; Tende Eleganti Classiche per camera da letto<\/a><\/h3>\n\t\t\t\t\t\t\n\t\t\t\t<div class=\"star-rating\" role=\"img\" aria-label=\"Valutato 5.00 su 5\">\n\t\t\t\t\t<span style=\"width:100%\">\n\t\t\tValutato <strong class=\"rating\">5.00<\/strong> su 5\t\t<\/span>\n\t\t\t\t<\/div>\n\n\t\t\n\t\t\t\t\t\t\t\t\t<p class=\"wd-product-stock stock wd-style-default in-stock\">Disponibile<\/p>\n\t\t\n\t\n\t<span class=\"price\">273,00&nbsp;&euro;<\/span>\n\n\t<div class=\"wd-add-btn wd-add-btn-replace\">\n\t\t\n\t\t<a href=\"https:\/\/www.marinigerardi.it\/shop\/prodotto\/tende-eleganti-classiche\/\" class=\"button product_type_simple add-to-cart-loop mg-detail-btn\"><span class=\"wd-action-icon\"><span class=\"wd-check-icon\"><\/span><\/span><span class=\"wd-action-text\">Vedi dettagli<\/span><\/a>\t<\/div>\n\n\t\n\t\n\t\t\t<\/div>\n\t<\/div>\n<\/div>\n<div class=\"wd-product wd-col wd-hover-standard product-grid-item product type-product post-7638 status-publish last instock product_cat-tende-in-lino has-post-thumbnail taxable shipping-taxable purchasable product-type-simple\" data-loop=\"21\" data-id=\"7638\">\n\t\n<div class=\"wd-product-wrapper product-wrapper\">\n\t<div class=\"wd-product-thumb product-element-top wd-quick-shop\">\n\t\t<a href=\"https:\/\/www.marinigerardi.it\/shop\/prodotto\/tende-in-lino-grezzo-senza-tempo-vega\/\" class=\"wd-product-img-link product-image-link\" tabindex=\"-1\" aria-label=\"Tende in Lino Grezzo Design VEGA la Stella Tessitrice!\">\n\t\t\t\t\t<div class=\"wd-product-grid-slider wd-fill\">\n\t\t\t\t\t\t\t<div class=\"wd-product-grid-slide\" data-image-url=\"https:\/\/www.marinigerardi.it\/shop\/wp-content\/uploads\/2021\/01\/vega-in-tessuto-puro-lino-per-tendaggi-interni-250x188.jpg\" data-image-srcset=\"https:\/\/www.marinigerardi.it\/shop\/wp-content\/uploads\/2021\/01\/vega-in-tessuto-puro-lino-per-tendaggi-interni-250x188.jpg 250w, https:\/\/www.marinigerardi.it\/shop\/wp-content\/uploads\/2021\/01\/vega-in-tessuto-puro-lino-per-tendaggi-interni-600x450.jpg 600w, https:\/\/www.marinigerardi.it\/shop\/wp-content\/uploads\/2021\/01\/vega-in-tessuto-puro-lino-per-tendaggi-interni-300x225.jpg 300w, https:\/\/www.marinigerardi.it\/shop\/wp-content\/uploads\/2021\/01\/vega-in-tessuto-puro-lino-per-tendaggi-interni-768x576.jpg 768w, https:\/\/www.marinigerardi.it\/shop\/wp-content\/uploads\/2021\/01\/vega-in-tessuto-puro-lino-per-tendaggi-interni.jpg 1024w\" data-image-id=\"0\"><\/div>\n\t\t\t\t\t\t\t<div class=\"wd-product-grid-slide\" data-image-url=\"https:\/\/www.marinigerardi.it\/shop\/wp-content\/uploads\/2021\/01\/vega-tende-per-stanza-da-letto-in-lino-250x188.jpg\" data-image-srcset=\"https:\/\/www.marinigerardi.it\/shop\/wp-content\/uploads\/2021\/01\/vega-tende-per-stanza-da-letto-in-lino-250x188.jpg 250w, https:\/\/www.marinigerardi.it\/shop\/wp-content\/uploads\/2021\/01\/vega-tende-per-stanza-da-letto-in-lino-600x450.jpg 600w, https:\/\/www.marinigerardi.it\/shop\/wp-content\/uploads\/2021\/01\/vega-tende-per-stanza-da-letto-in-lino-300x225.jpg 300w, https:\/\/www.marinigerardi.it\/shop\/wp-content\/uploads\/2021\/01\/vega-tende-per-stanza-da-letto-in-lino-768x576.jpg 768w, https:\/\/www.marinigerardi.it\/shop\/wp-content\/uploads\/2021\/01\/vega-tende-per-stanza-da-letto-in-lino.jpg 1024w\" data-image-id=\"1\"><\/div>\n\t\t\t\t\t\t\t<div class=\"wd-product-grid-slide\" data-image-url=\"https:\/\/www.marinigerardi.it\/shop\/wp-content\/uploads\/2021\/04\/tessuto-per-tende-in-lino-bianco-stropicciato-Acaya-250x188.jpg\" data-image-srcset=\"https:\/\/www.marinigerardi.it\/shop\/wp-content\/uploads\/2021\/04\/tessuto-per-tende-in-lino-bianco-stropicciato-Acaya-250x188.jpg 250w, https:\/\/www.marinigerardi.it\/shop\/wp-content\/uploads\/2021\/04\/tessuto-per-tende-in-lino-bianco-stropicciato-Acaya-600x450.jpg 600w, https:\/\/www.marinigerardi.it\/shop\/wp-content\/uploads\/2021\/04\/tessuto-per-tende-in-lino-bianco-stropicciato-Acaya-300x225.jpg 300w, https:\/\/www.marinigerardi.it\/shop\/wp-content\/uploads\/2021\/04\/tessuto-per-tende-in-lino-bianco-stropicciato-Acaya-768x576.jpg 768w, https:\/\/www.marinigerardi.it\/shop\/wp-content\/uploads\/2021\/04\/tessuto-per-tende-in-lino-bianco-stropicciato-Acaya.jpg 1024w\" data-image-id=\"2\"><\/div>\n\t\t\t\t\t<\/div>\n\n\t\t\n\t\t\t\t\t\t\t<div class=\"wd-product-grid-slider-pagin\">\n\t\t\t\t\t\t\t<div data-image-id=\"0\" class=\"wd-product-grid-slider-dot\"><\/div>\n\t\t\t\t\t\t\t<div data-image-id=\"1\" class=\"wd-product-grid-slider-dot\"><\/div>\n\t\t\t\t\t\t\t<div data-image-id=\"2\" class=\"wd-product-grid-slider-dot\"><\/div>\n\t\t\t\t\t<\/div>\n\t\t\t\t\t\t<img decoding=\"async\" width=\"250\" height=\"188\" src=\"https:\/\/www.marinigerardi.it\/shop\/wp-content\/uploads\/2021\/01\/vega-in-tessuto-puro-lino-per-tendaggi-interni-250x188.jpg\" class=\"attachment-woocommerce_thumbnail size-woocommerce_thumbnail\" alt=\"Tende in Lino Grezzo Design VEGA la Stella Tessitrice!\" srcset=\"https:\/\/www.marinigerardi.it\/shop\/wp-content\/uploads\/2021\/01\/vega-in-tessuto-puro-lino-per-tendaggi-interni-250x188.jpg 250w, https:\/\/www.marinigerardi.it\/shop\/wp-content\/uploads\/2021\/01\/vega-in-tessuto-puro-lino-per-tendaggi-interni-600x450.jpg 600w, https:\/\/www.marinigerardi.it\/shop\/wp-content\/uploads\/2021\/01\/vega-in-tessuto-puro-lino-per-tendaggi-interni-300x225.jpg.avif 300w, https:\/\/www.marinigerardi.it\/shop\/wp-content\/uploads\/2021\/01\/vega-in-tessuto-puro-lino-per-tendaggi-interni-768x576.jpg.avif 768w, https:\/\/www.marinigerardi.it\/shop\/wp-content\/uploads\/2021\/01\/vega-in-tessuto-puro-lino-per-tendaggi-interni.jpg.webp 1024w\" sizes=\"(max-width: 250px) 100vw, 250px\" \/>\t\t<\/a>\n\n\t\t\n\t\t<div class=\"wd-buttons wd-pos-r-t\">\n\t\t\t\t\t\t\t\t\t\t\t\t\t\t<\/div>\n\t<\/div>\n\n\t\t<div class=\"product-element-bottom\">\n\t\n\t\n\t<h3 class=\"wd-entities-title\"><a href=\"https:\/\/www.marinigerardi.it\/shop\/prodotto\/tende-in-lino-grezzo-senza-tempo-vega\/\">Tende in Lino Grezzo Design VEGA la Stella Tessitrice!<\/a><\/h3>\n\t\t\t\t\t\t<p class=\"wd-product-stock stock wd-style-default in-stock\">Disponibile<\/p>\n\t\t\n\t\n\t<span class=\"price\">288,00&nbsp;&euro;<\/span>\n\n\t<div class=\"wd-add-btn wd-add-btn-replace\">\n\t\t\n\t\t<a href=\"https:\/\/www.marinigerardi.it\/shop\/prodotto\/tende-in-lino-grezzo-senza-tempo-vega\/\" class=\"button product_type_simple add-to-cart-loop mg-detail-btn\"><span class=\"wd-action-icon\"><span class=\"wd-check-icon\"><\/span><\/span><span class=\"wd-action-text\">Vedi dettagli<\/span><\/a>\t<\/div>\n\n\t\n\t\n\t\t\t<\/div>\n\t<\/div>\n<\/div>\n<div class=\"wd-product wd-col wd-hover-standard product-grid-item product type-product post-67537 status-publish first instock product_cat-tende-camera-da-letto product_cat-tende-in-lino has-post-thumbnail taxable shipping-taxable purchasable product-type-simple\" data-loop=\"22\" data-id=\"67537\">\n\t\n<div class=\"wd-product-wrapper product-wrapper\">\n\t<div class=\"wd-product-thumb product-element-top wd-quick-shop\">\n\t\t<a href=\"https:\/\/www.marinigerardi.it\/shop\/prodotto\/tende-per-porta-finestra-cucina-moderna\/\" class=\"wd-product-img-link product-image-link\" tabindex=\"-1\" aria-label=\"Don Carlos &#8211; Tende per Porta Finestra Cucina in lino Italiano\">\n\t\t\t\t\t<div class=\"wd-product-grid-slider wd-fill\">\n\t\t\t\t\t\t\t<div class=\"wd-product-grid-slide\" data-image-url=\"https:\/\/www.marinigerardi.it\/shop\/wp-content\/uploads\/2024\/05\/Tende-per-Porta-Finestra-Cucina-Moderna-in-lino-1-250x188.jpg\" data-image-srcset=\"https:\/\/www.marinigerardi.it\/shop\/wp-content\/uploads\/2024\/05\/Tende-per-Porta-Finestra-Cucina-Moderna-in-lino-1-250x188.jpg 250w, https:\/\/www.marinigerardi.it\/shop\/wp-content\/uploads\/2024\/05\/Tende-per-Porta-Finestra-Cucina-Moderna-in-lino-1-300x225.jpg 300w, https:\/\/www.marinigerardi.it\/shop\/wp-content\/uploads\/2024\/05\/Tende-per-Porta-Finestra-Cucina-Moderna-in-lino-1-768x576.jpg 768w, https:\/\/www.marinigerardi.it\/shop\/wp-content\/uploads\/2024\/05\/Tende-per-Porta-Finestra-Cucina-Moderna-in-lino-1-600x450.jpg 600w, https:\/\/www.marinigerardi.it\/shop\/wp-content\/uploads\/2024\/05\/Tende-per-Porta-Finestra-Cucina-Moderna-in-lino-1.jpg 1024w\" data-image-id=\"0\"><\/div>\n\t\t\t\t\t\t\t<div class=\"wd-product-grid-slide\" data-image-url=\"https:\/\/www.marinigerardi.it\/shop\/wp-content\/uploads\/2024\/05\/Tende-Porta-Finestra-Cucina-soggiorno-Moderna-in-lino-250x188.jpg\" data-image-srcset=\"https:\/\/www.marinigerardi.it\/shop\/wp-content\/uploads\/2024\/05\/Tende-Porta-Finestra-Cucina-soggiorno-Moderna-in-lino-250x188.jpg 250w, https:\/\/www.marinigerardi.it\/shop\/wp-content\/uploads\/2024\/05\/Tende-Porta-Finestra-Cucina-soggiorno-Moderna-in-lino-600x450.jpg 600w, https:\/\/www.marinigerardi.it\/shop\/wp-content\/uploads\/2024\/05\/Tende-Porta-Finestra-Cucina-soggiorno-Moderna-in-lino-300x225.jpg 300w, https:\/\/www.marinigerardi.it\/shop\/wp-content\/uploads\/2024\/05\/Tende-Porta-Finestra-Cucina-soggiorno-Moderna-in-lino-768x576.jpg 768w, https:\/\/www.marinigerardi.it\/shop\/wp-content\/uploads\/2024\/05\/Tende-Porta-Finestra-Cucina-soggiorno-Moderna-in-lino.jpg 1024w\" data-image-id=\"1\"><\/div>\n\t\t\t\t\t\t\t<div class=\"wd-product-grid-slide\" data-image-url=\"https:\/\/www.marinigerardi.it\/shop\/wp-content\/uploads\/2024\/05\/Tende-per-Porta-Finestra-Cucina-Moderna-250x188.jpg\" data-image-srcset=\"https:\/\/www.marinigerardi.it\/shop\/wp-content\/uploads\/2024\/05\/Tende-per-Porta-Finestra-Cucina-Moderna-250x188.jpg 250w, https:\/\/www.marinigerardi.it\/shop\/wp-content\/uploads\/2024\/05\/Tende-per-Porta-Finestra-Cucina-Moderna-600x450.jpg 600w, https:\/\/www.marinigerardi.it\/shop\/wp-content\/uploads\/2024\/05\/Tende-per-Porta-Finestra-Cucina-Moderna-300x225.jpg 300w, https:\/\/www.marinigerardi.it\/shop\/wp-content\/uploads\/2024\/05\/Tende-per-Porta-Finestra-Cucina-Moderna-768x576.jpg 768w, https:\/\/www.marinigerardi.it\/shop\/wp-content\/uploads\/2024\/05\/Tende-per-Porta-Finestra-Cucina-Moderna.jpg 1024w\" data-image-id=\"2\"><\/div>\n\t\t\t\t\t\t\t<div class=\"wd-product-grid-slide\" data-image-url=\"https:\/\/www.marinigerardi.it\/shop\/wp-content\/uploads\/2024\/05\/Tende-per-Porta-Finestra-Cucina-soggiorno-lino-blu.jpg-1-250x188.webp\" data-image-srcset=\"https:\/\/www.marinigerardi.it\/shop\/wp-content\/uploads\/2024\/05\/Tende-per-Porta-Finestra-Cucina-soggiorno-lino-blu.jpg-1-250x188.webp 250w, https:\/\/www.marinigerardi.it\/shop\/wp-content\/uploads\/2024\/05\/Tende-per-Porta-Finestra-Cucina-soggiorno-lino-blu.jpg-1-600x450.webp 600w, https:\/\/www.marinigerardi.it\/shop\/wp-content\/uploads\/2024\/05\/Tende-per-Porta-Finestra-Cucina-soggiorno-lino-blu.jpg-1-300x225.webp 300w, https:\/\/www.marinigerardi.it\/shop\/wp-content\/uploads\/2024\/05\/Tende-per-Porta-Finestra-Cucina-soggiorno-lino-blu.jpg-1-768x576.webp 768w, https:\/\/www.marinigerardi.it\/shop\/wp-content\/uploads\/2024\/05\/Tende-per-Porta-Finestra-Cucina-soggiorno-lino-blu.jpg-1.webp 1024w\" data-image-id=\"3\"><\/div>\n\t\t\t\t\t\t\t<div class=\"wd-product-grid-slide\" data-image-url=\"https:\/\/www.marinigerardi.it\/shop\/wp-content\/uploads\/2024\/05\/Tende-per-Porta-Finestra-Cucina-soggiorno-Moderna-lino-blu.jpg-1-250x188.webp\" data-image-srcset=\"https:\/\/www.marinigerardi.it\/shop\/wp-content\/uploads\/2024\/05\/Tende-per-Porta-Finestra-Cucina-soggiorno-Moderna-lino-blu.jpg-1-250x188.webp 250w, https:\/\/www.marinigerardi.it\/shop\/wp-content\/uploads\/2024\/05\/Tende-per-Porta-Finestra-Cucina-soggiorno-Moderna-lino-blu.jpg-1-600x450.webp 600w, https:\/\/www.marinigerardi.it\/shop\/wp-content\/uploads\/2024\/05\/Tende-per-Porta-Finestra-Cucina-soggiorno-Moderna-lino-blu.jpg-1-300x225.webp 300w, https:\/\/www.marinigerardi.it\/shop\/wp-content\/uploads\/2024\/05\/Tende-per-Porta-Finestra-Cucina-soggiorno-Moderna-lino-blu.jpg-1-768x576.webp 768w, https:\/\/www.marinigerardi.it\/shop\/wp-content\/uploads\/2024\/05\/Tende-per-Porta-Finestra-Cucina-soggiorno-Moderna-lino-blu.jpg-1.webp 1024w\" data-image-id=\"4\"><\/div>\n\t\t\t\t\t<\/div>\n\n\t\t\n\t\t\t\t\t\t\t<div class=\"wd-product-grid-slider-pagin\">\n\t\t\t\t\t\t\t<div data-image-id=\"0\" class=\"wd-product-grid-slider-dot\"><\/div>\n\t\t\t\t\t\t\t<div data-image-id=\"1\" class=\"wd-product-grid-slider-dot\"><\/div>\n\t\t\t\t\t\t\t<div data-image-id=\"2\" class=\"wd-product-grid-slider-dot\"><\/div>\n\t\t\t\t\t\t\t<div data-image-id=\"3\" class=\"wd-product-grid-slider-dot\"><\/div>\n\t\t\t\t\t\t\t<div data-image-id=\"4\" class=\"wd-product-grid-slider-dot\"><\/div>\n\t\t\t\t\t<\/div>\n\t\t\t\t\t\t<img decoding=\"async\" width=\"250\" height=\"188\" src=\"https:\/\/www.marinigerardi.it\/shop\/wp-content\/uploads\/2024\/05\/Tende-per-Porta-Finestra-Cucina-Moderna-in-lino-1-250x188.jpg.avif\" class=\"attachment-woocommerce_thumbnail size-woocommerce_thumbnail\" alt=\"Tende per porta finestra cucina moderna in lino\" srcset=\"https:\/\/www.marinigerardi.it\/shop\/wp-content\/uploads\/2024\/05\/Tende-per-Porta-Finestra-Cucina-Moderna-in-lino-1-250x188.jpg.avif 250w, https:\/\/www.marinigerardi.it\/shop\/wp-content\/uploads\/2024\/05\/Tende-per-Porta-Finestra-Cucina-Moderna-in-lino-1-300x225.jpg.avif 300w, https:\/\/www.marinigerardi.it\/shop\/wp-content\/uploads\/2024\/05\/Tende-per-Porta-Finestra-Cucina-Moderna-in-lino-1-768x576.jpg.avif 768w, https:\/\/www.marinigerardi.it\/shop\/wp-content\/uploads\/2024\/05\/Tende-per-Porta-Finestra-Cucina-Moderna-in-lino-1-600x450.jpg.avif 600w, https:\/\/www.marinigerardi.it\/shop\/wp-content\/uploads\/2024\/05\/Tende-per-Porta-Finestra-Cucina-Moderna-in-lino-1.jpg.avif 1024w\" sizes=\"(max-width: 250px) 100vw, 250px\" \/>\t\t<\/a>\n\n\t\t\n\t\t<div class=\"wd-buttons wd-pos-r-t\">\n\t\t\t\t\t\t\t\t\t\t\t\t\t\t<\/div>\n\t<\/div>\n\n\t\t<div class=\"product-element-bottom\">\n\t\n\t\n\t<h3 class=\"wd-entities-title\"><a href=\"https:\/\/www.marinigerardi.it\/shop\/prodotto\/tende-per-porta-finestra-cucina-moderna\/\">Don Carlos &#8211; Tende per Porta Finestra Cucina in lino Italiano<\/a><\/h3>\n\t\t\t\t\t\t\n\t\t\t\t<div class=\"star-rating\" role=\"img\" aria-label=\"Valutato 5.00 su 5\">\n\t\t\t\t\t<span style=\"width:100%\">\n\t\t\tValutato <strong class=\"rating\">5.00<\/strong> su 5\t\t<\/span>\n\t\t\t\t<\/div>\n\n\t\t\n\t\t\t\t\t\t\t\t\t<p class=\"wd-product-stock stock wd-style-default in-stock\">Disponibile<\/p>\n\t\t\n\t\n\t<span class=\"price\">135,00&nbsp;&euro;<\/span>\n\n\t<div class=\"wd-add-btn wd-add-btn-replace\">\n\t\t\n\t\t<a href=\"https:\/\/www.marinigerardi.it\/shop\/prodotto\/tende-per-porta-finestra-cucina-moderna\/\" class=\"button product_type_simple add-to-cart-loop mg-detail-btn\"><span class=\"wd-action-icon\"><span class=\"wd-check-icon\"><\/span><\/span><span class=\"wd-action-text\">Vedi dettagli<\/span><\/a>\t<\/div>\n\n\t\n\t\n\t\t\t<\/div>\n\t<\/div>\n<\/div>\n<div class=\"wd-product wd-col wd-hover-standard product-grid-item product type-product post-29273 status-publish last instock product_cat-tende-in-lino has-post-thumbnail taxable shipping-taxable purchasable product-type-simple\" data-loop=\"23\" data-id=\"29273\">\n\t\n<div class=\"wd-product-wrapper product-wrapper\">\n\t<div class=\"wd-product-thumb product-element-top wd-quick-shop\">\n\t\t<a href=\"https:\/\/www.marinigerardi.it\/shop\/prodotto\/design-moderno-tenda-patchwork\/\" class=\"wd-product-img-link product-image-link\" tabindex=\"-1\" aria-label=\"MARITTIMA &#8211; Tenda Patchwork in Puro Lino\">\n\t\t\t\t\t<div class=\"wd-product-grid-slider wd-fill\">\n\t\t\t\t\t\t\t<div class=\"wd-product-grid-slide\" data-image-url=\"https:\/\/www.marinigerardi.it\/shop\/wp-content\/uploads\/2021\/09\/tende-moderne-lino-shabby-chic-patchwork-motivo-centrale-250x188.jpg\" data-image-srcset=\"https:\/\/www.marinigerardi.it\/shop\/wp-content\/uploads\/2021\/09\/tende-moderne-lino-shabby-chic-patchwork-motivo-centrale-250x188.jpg 250w, https:\/\/www.marinigerardi.it\/shop\/wp-content\/uploads\/2021\/09\/tende-moderne-lino-shabby-chic-patchwork-motivo-centrale-600x450.jpg 600w, https:\/\/www.marinigerardi.it\/shop\/wp-content\/uploads\/2021\/09\/tende-moderne-lino-shabby-chic-patchwork-motivo-centrale-300x225.jpg 300w, https:\/\/www.marinigerardi.it\/shop\/wp-content\/uploads\/2021\/09\/tende-moderne-lino-shabby-chic-patchwork-motivo-centrale-768x576.jpg 768w, https:\/\/www.marinigerardi.it\/shop\/wp-content\/uploads\/2021\/09\/tende-moderne-lino-shabby-chic-patchwork-motivo-centrale.jpg 1024w\" data-image-id=\"0\"><\/div>\n\t\t\t\t\t\t\t<div class=\"wd-product-grid-slide\" data-image-url=\"https:\/\/www.marinigerardi.it\/shop\/wp-content\/uploads\/2021\/09\/tende-design-moderno-salotto-di-lino-shabby-patchwork-primavera-250x188.jpg\" data-image-srcset=\"https:\/\/www.marinigerardi.it\/shop\/wp-content\/uploads\/2021\/09\/tende-design-moderno-salotto-di-lino-shabby-patchwork-primavera-250x188.jpg 250w, https:\/\/www.marinigerardi.it\/shop\/wp-content\/uploads\/2021\/09\/tende-design-moderno-salotto-di-lino-shabby-patchwork-primavera-600x450.jpg 600w, https:\/\/www.marinigerardi.it\/shop\/wp-content\/uploads\/2021\/09\/tende-design-moderno-salotto-di-lino-shabby-patchwork-primavera-300x225.jpg 300w, https:\/\/www.marinigerardi.it\/shop\/wp-content\/uploads\/2021\/09\/tende-design-moderno-salotto-di-lino-shabby-patchwork-primavera-768x576.jpg 768w, https:\/\/www.marinigerardi.it\/shop\/wp-content\/uploads\/2021\/09\/tende-design-moderno-salotto-di-lino-shabby-patchwork-primavera.jpg 1024w\" data-image-id=\"1\"><\/div>\n\t\t\t\t\t\t\t<div class=\"wd-product-grid-slide\" data-image-url=\"https:\/\/www.marinigerardi.it\/shop\/wp-content\/uploads\/2021\/09\/tende-moderne-shabby-patchwork-motivo-centrale-a-colori-250x188.jpg\" data-image-srcset=\"https:\/\/www.marinigerardi.it\/shop\/wp-content\/uploads\/2021\/09\/tende-moderne-shabby-patchwork-motivo-centrale-a-colori-250x188.jpg 250w, https:\/\/www.marinigerardi.it\/shop\/wp-content\/uploads\/2021\/09\/tende-moderne-shabby-patchwork-motivo-centrale-a-colori-600x450.jpg 600w, https:\/\/www.marinigerardi.it\/shop\/wp-content\/uploads\/2021\/09\/tende-moderne-shabby-patchwork-motivo-centrale-a-colori-300x225.jpg 300w, https:\/\/www.marinigerardi.it\/shop\/wp-content\/uploads\/2021\/09\/tende-moderne-shabby-patchwork-motivo-centrale-a-colori-768x576.jpg 768w, https:\/\/www.marinigerardi.it\/shop\/wp-content\/uploads\/2021\/09\/tende-moderne-shabby-patchwork-motivo-centrale-a-colori.jpg 1024w\" data-image-id=\"2\"><\/div>\n\t\t\t\t\t<\/div>\n\n\t\t\n\t\t\t\t\t\t\t<div class=\"wd-product-grid-slider-pagin\">\n\t\t\t\t\t\t\t<div data-image-id=\"0\" class=\"wd-product-grid-slider-dot\"><\/div>\n\t\t\t\t\t\t\t<div data-image-id=\"1\" class=\"wd-product-grid-slider-dot\"><\/div>\n\t\t\t\t\t\t\t<div data-image-id=\"2\" class=\"wd-product-grid-slider-dot\"><\/div>\n\t\t\t\t\t<\/div>\n\t\t\t\t\t\t<img decoding=\"async\" width=\"250\" height=\"188\" src=\"https:\/\/www.marinigerardi.it\/shop\/wp-content\/uploads\/2021\/09\/tende-moderne-lino-shabby-chic-patchwork-motivo-centrale-250x188.jpg\" class=\"attachment-woocommerce_thumbnail size-woocommerce_thumbnail\" alt=\"MARITTIMA - Tenda Patchwork in Puro Lino\" srcset=\"https:\/\/www.marinigerardi.it\/shop\/wp-content\/uploads\/2021\/09\/tende-moderne-lino-shabby-chic-patchwork-motivo-centrale-250x188.jpg 250w, https:\/\/www.marinigerardi.it\/shop\/wp-content\/uploads\/2021\/09\/tende-moderne-lino-shabby-chic-patchwork-motivo-centrale-600x450.jpg 600w, https:\/\/www.marinigerardi.it\/shop\/wp-content\/uploads\/2021\/09\/tende-moderne-lino-shabby-chic-patchwork-motivo-centrale-300x225.jpg.avif 300w, https:\/\/www.marinigerardi.it\/shop\/wp-content\/uploads\/2021\/09\/tende-moderne-lino-shabby-chic-patchwork-motivo-centrale-768x576.jpg.avif 768w, https:\/\/www.marinigerardi.it\/shop\/wp-content\/uploads\/2021\/09\/tende-moderne-lino-shabby-chic-patchwork-motivo-centrale.jpg.webp 1024w\" sizes=\"(max-width: 250px) 100vw, 250px\" \/>\t\t<\/a>\n\n\t\t\n\t\t<div class=\"wd-buttons wd-pos-r-t\">\n\t\t\t\t\t\t\t\t\t\t\t\t\t\t<\/div>\n\t<\/div>\n\n\t\t<div class=\"product-element-bottom\">\n\t\n\t\n\t<h3 class=\"wd-entities-title\"><a href=\"https:\/\/www.marinigerardi.it\/shop\/prodotto\/design-moderno-tenda-patchwork\/\">MARITTIMA &#8211; Tenda Patchwork in Puro Lino<\/a><\/h3>\n\t\t\t\t\t\t\n\t\t\t\t<div class=\"star-rating\" role=\"img\" aria-label=\"Valutato 5.00 su 5\">\n\t\t\t\t\t<span style=\"width:100%\">\n\t\t\tValutato <strong class=\"rating\">5.00<\/strong> su 5\t\t<\/span>\n\t\t\t\t<\/div>\n\n\t\t\n\t\t\t\t\t\t\t\t\t<p class=\"wd-product-stock stock wd-style-default in-stock\">Disponibile<\/p>\n\t\t\n\t\n\t<span class=\"price\">269,00&nbsp;&euro;<\/span>\n\n\t<div class=\"wd-add-btn wd-add-btn-replace\">\n\t\t\n\t\t<a href=\"https:\/\/www.marinigerardi.it\/shop\/prodotto\/design-moderno-tenda-patchwork\/\" class=\"button product_type_simple add-to-cart-loop mg-detail-btn\"><span class=\"wd-action-icon\"><span class=\"wd-check-icon\"><\/span><\/span><span class=\"wd-action-text\">Vedi dettagli<\/span><\/a>\t<\/div>\n\n\t\n\t\n\t\t\t<\/div>\n\t<\/div>\n<\/div>\n<div class=\"wd-product wd-col wd-hover-standard product-grid-item product type-product post-7087 status-publish first instock product_cat-tende-in-lino has-post-thumbnail taxable shipping-taxable purchasable product-type-simple\" data-loop=\"24\" data-id=\"7087\">\n\t\n<div class=\"wd-product-wrapper product-wrapper\">\n\t<div class=\"wd-product-thumb product-element-top wd-quick-shop\">\n\t\t<a href=\"https:\/\/www.marinigerardi.it\/shop\/prodotto\/tenda-di-puro-lino-la-romantica\/\" class=\"wd-product-img-link product-image-link\" tabindex=\"-1\" aria-label=\"ATENA &#8211; Tenda di puro lino Romantica\">\n\t\t\t\t\t<div class=\"wd-product-grid-slider wd-fill\">\n\t\t\t\t\t\t\t<div class=\"wd-product-grid-slide\" data-image-url=\"https:\/\/www.marinigerardi.it\/shop\/wp-content\/uploads\/2021\/07\/Tende-made-in-italy-puro-lino-Atena-foglie-applicate-250x188.jpg\" data-image-srcset=\"https:\/\/www.marinigerardi.it\/shop\/wp-content\/uploads\/2021\/07\/Tende-made-in-italy-puro-lino-Atena-foglie-applicate-250x188.jpg 250w, https:\/\/www.marinigerardi.it\/shop\/wp-content\/uploads\/2021\/07\/Tende-made-in-italy-puro-lino-Atena-foglie-applicate-600x450.jpg 600w, https:\/\/www.marinigerardi.it\/shop\/wp-content\/uploads\/2021\/07\/Tende-made-in-italy-puro-lino-Atena-foglie-applicate-300x225.jpg 300w, https:\/\/www.marinigerardi.it\/shop\/wp-content\/uploads\/2021\/07\/Tende-made-in-italy-puro-lino-Atena-foglie-applicate-768x576.jpg 768w, https:\/\/www.marinigerardi.it\/shop\/wp-content\/uploads\/2021\/07\/Tende-made-in-italy-puro-lino-Atena-foglie-applicate.jpg 1024w\" data-image-id=\"0\"><\/div>\n\t\t\t\t\t\t\t<div class=\"wd-product-grid-slide\" data-image-url=\"https:\/\/www.marinigerardi.it\/shop\/wp-content\/uploads\/2021\/01\/Tende-in-puro-lino-Atena-colore-panna-250x188.jpg\" data-image-srcset=\"https:\/\/www.marinigerardi.it\/shop\/wp-content\/uploads\/2021\/01\/Tende-in-puro-lino-Atena-colore-panna-250x188.jpg 250w, https:\/\/www.marinigerardi.it\/shop\/wp-content\/uploads\/2021\/01\/Tende-in-puro-lino-Atena-colore-panna-600x450.jpg 600w, https:\/\/www.marinigerardi.it\/shop\/wp-content\/uploads\/2021\/01\/Tende-in-puro-lino-Atena-colore-panna-300x225.jpg 300w, https:\/\/www.marinigerardi.it\/shop\/wp-content\/uploads\/2021\/01\/Tende-in-puro-lino-Atena-colore-panna-768x576.jpg 768w, https:\/\/www.marinigerardi.it\/shop\/wp-content\/uploads\/2021\/01\/Tende-in-puro-lino-Atena-colore-panna.jpg 1024w\" data-image-id=\"1\"><\/div>\n\t\t\t\t\t\t\t<div class=\"wd-product-grid-slide\" data-image-url=\"https:\/\/www.marinigerardi.it\/shop\/wp-content\/uploads\/2021\/01\/foglie-in-lino-italiano-colori-tessuto-salento-250x188.jpg\" data-image-srcset=\"https:\/\/www.marinigerardi.it\/shop\/wp-content\/uploads\/2021\/01\/foglie-in-lino-italiano-colori-tessuto-salento-250x188.jpg 250w, https:\/\/www.marinigerardi.it\/shop\/wp-content\/uploads\/2021\/01\/foglie-in-lino-italiano-colori-tessuto-salento-600x450.jpg 600w, https:\/\/www.marinigerardi.it\/shop\/wp-content\/uploads\/2021\/01\/foglie-in-lino-italiano-colori-tessuto-salento-300x225.jpg 300w, https:\/\/www.marinigerardi.it\/shop\/wp-content\/uploads\/2021\/01\/foglie-in-lino-italiano-colori-tessuto-salento-768x576.jpg 768w, https:\/\/www.marinigerardi.it\/shop\/wp-content\/uploads\/2021\/01\/foglie-in-lino-italiano-colori-tessuto-salento.jpg 1024w\" data-image-id=\"2\"><\/div>\n\t\t\t\t\t<\/div>\n\n\t\t\n\t\t\t\t\t\t\t<div class=\"wd-product-grid-slider-pagin\">\n\t\t\t\t\t\t\t<div data-image-id=\"0\" class=\"wd-product-grid-slider-dot\"><\/div>\n\t\t\t\t\t\t\t<div data-image-id=\"1\" class=\"wd-product-grid-slider-dot\"><\/div>\n\t\t\t\t\t\t\t<div data-image-id=\"2\" class=\"wd-product-grid-slider-dot\"><\/div>\n\t\t\t\t\t<\/div>\n\t\t\t\t\t\t<img decoding=\"async\" width=\"250\" height=\"188\" src=\"https:\/\/www.marinigerardi.it\/shop\/wp-content\/uploads\/2021\/07\/Tende-made-in-italy-puro-lino-Atena-foglie-applicate-250x188.jpg\" class=\"attachment-woocommerce_thumbnail size-woocommerce_thumbnail\" alt=\"ATENA - Tenda di puro lino Romantica\" srcset=\"https:\/\/www.marinigerardi.it\/shop\/wp-content\/uploads\/2021\/07\/Tende-made-in-italy-puro-lino-Atena-foglie-applicate-250x188.jpg 250w, https:\/\/www.marinigerardi.it\/shop\/wp-content\/uploads\/2021\/07\/Tende-made-in-italy-puro-lino-Atena-foglie-applicate-600x450.jpg 600w, https:\/\/www.marinigerardi.it\/shop\/wp-content\/uploads\/2021\/07\/Tende-made-in-italy-puro-lino-Atena-foglie-applicate-300x225.jpg.avif 300w, https:\/\/www.marinigerardi.it\/shop\/wp-content\/uploads\/2021\/07\/Tende-made-in-italy-puro-lino-Atena-foglie-applicate-768x576.jpg.avif 768w, https:\/\/www.marinigerardi.it\/shop\/wp-content\/uploads\/2021\/07\/Tende-made-in-italy-puro-lino-Atena-foglie-applicate.jpg.webp 1024w\" sizes=\"(max-width: 250px) 100vw, 250px\" \/>\t\t<\/a>\n\n\t\t\n\t\t<div class=\"wd-buttons wd-pos-r-t\">\n\t\t\t\t\t\t\t\t\t\t\t\t\t\t<\/div>\n\t<\/div>\n\n\t\t<div class=\"product-element-bottom\">\n\t\n\t\n\t<h3 class=\"wd-entities-title\"><a href=\"https:\/\/www.marinigerardi.it\/shop\/prodotto\/tenda-di-puro-lino-la-romantica\/\">ATENA &#8211; Tenda di puro lino Romantica<\/a><\/h3>\n\t\t\t\t\t\t<p class=\"wd-product-stock stock wd-style-default in-stock\">Disponibile<\/p>\n\t\t\n\t\n\t<span class=\"price\">249,00&nbsp;&euro;<\/span>\n\n\t<div class=\"wd-add-btn wd-add-btn-replace\">\n\t\t\n\t\t<a href=\"https:\/\/www.marinigerardi.it\/shop\/prodotto\/tenda-di-puro-lino-la-romantica\/\" class=\"button product_type_simple add-to-cart-loop mg-detail-btn\"><span class=\"wd-action-icon\"><span class=\"wd-check-icon\"><\/span><\/span><span class=\"wd-action-text\">Vedi dettagli<\/span><\/a>\t<\/div>\n\n\t\n\t\n\t\t\t<\/div>\n\t<\/div>\n<\/div>\n<\/div>\n<\/div><\/div>[vc_empty_space woodmart_hide_large=&#8221;0&#8243; woodmart_hide_medium=&#8221;0&#8243; woodmart_hide_small=&#8221;0&#8243;]\n\t\t<div id=\"wd-6a59f80b20acf\" class=\"title-wrapper wd-wpb wd-set-mb reset-last-child  wd-rs-6a59f80b20acf wd-title-color-default wd-title-style-default text-center  wd-underline-colored\">\n\t\t\t\n\t\t\t<div class=\"liner-continer\">\n\t\t\t\t<h3 class=\"woodmart-title-container title  wd-font-weight- wd-fontsize-l\" >Negozi Tende da Interni MILANO - Tende a Vetro e Tende da Interni in Lino<\/h3>\n\t\t\t\t\t\t\t<\/div>\n\t\t\t\n\t\t\t\n\t\t\t\n\t\t<\/div>\n\t\t\n\t\t[vc_single_image image=&#8221;96870&#8243; img_size=&#8221;full&#8221; alignment=&#8221;center&#8221; onclick=&#8221;link_image&#8221; css=&#8221;&#8221; parallax_scroll=&#8221;no&#8221; woodmart_inline=&#8221;no&#8221;]\n\t\t<div id=\"wd-6a59f8403f199\" class=\"title-wrapper wd-wpb wd-set-mb reset-last-child  wd-rs-6a59f8403f199 wd-title-color-default wd-title-style-default text-center  wd-underline-colored\">\n\t\t\t\n\t\t\t<div class=\"liner-continer\">\n\t\t\t\t<h3 class=\"woodmart-title-container title  wd-font-weight- wd-fontsize-l\" >Negozi Tende da Interni Milano su misura lo showroom Marini &amp; Gerardi online<\/h3>\n\t\t\t\t\t\t\t<\/div>\n\t\t\t\n\t\t\t\n\t\t\t\n\t\t<\/div>\n\t\t\n\t\t<div class=\"wpb-content-wrapper\" id=\"wpb-content-root\">[vc_row][vc_column][vc_tta_accordion title_tag=\"p\" section_title_tag=\"h3\" style=\"flat\" color=\"white\" gap=\"10\" active_section=\"1\" collapsible_all=\"true\" title=\"FAQ in breve\"][vc_tta_section title=\"Come posso scegliere il grado di trasparenza ideale per la mia stanza?\" tab_id=\"1783498463565-814549fe-f609\"]\t\t<div id=\"wd-6a5202cf0d0c6\" class=\"wd-text-block wd-wpb reset-last-child wd-rs-6a5202cf0d0c6 text-left \">\n\t\t\t<p>La scelta dipende dalla funzione della stanza e dalla qualit\u00e0 della luce che riceve. Per ambienti orientati a Nord, dove la luce \u00e8 pi\u00f9 diffusa e meno intensa, suggeriamo lini a trama pi\u00f9 aperta e leggera per massimizzare la luminosit\u00e0. Per stanze molto esposte al sole o per chi cerca maggiore privacy senza rinunciare alla luce, consigliamo lini con grammature pi\u00f9 consistenti o trame pi\u00f9 fitte, che filtrano i raggi solari creando un'atmosfera soffusa e proteggendo gli interni dagli sguardi esterni.<\/p>\n\t\t<\/div>\n\t\t[\/vc_tta_section][vc_tta_section title=\"Le tende in lino naturale si stropicciano facilmente: \u00e8 un difetto?\" tab_id=\"1783498829621-a7171cfe-87b0\"]\t\t<div id=\"wd-6a5202f881adf\" class=\"wd-text-block wd-wpb reset-last-child wd-rs-6a5202f881adf text-left \">\n\t\t\t<p>Al contrario, \u00e8 la sua caratteristica distintiva e il segno della sua autenticit\u00e0. Il lino non cerca la perfezione plastica dei tessuti sintetici, ma vive di un\u2019eleganza informale e vissuta. Tuttavia, per chi desidera un aspetto pi\u00f9 ordinato, il segreto risiede nella confezione: il giusto peso del tessuto e una corretta sospensione permettono alla fibra di distendersi naturalmente sotto il proprio peso. Se ami uno stile impecabile, basta un colpo di vapore dopo il lavaggio; se preferisci l'eleganza rilassata, il lino esprime il suo massimo pregio proprio attraverso la sua naturale texture.<\/p>\n\t\t<\/div>\n\t\t[\/vc_tta_section][vc_tta_section title=\"Come posso essere certo di ordinare le misure corrette online?\" tab_id=\"1783498463556-9d46f40a-550e\"]\t\t<div id=\"wd-6a52031d82596\" class=\"wd-text-block wd-wpb reset-last-child wd-rs-6a52031d82596 text-left \">\n\t\t\t<p>La misurazione \u00e8 un passaggio fondamentale che seguiamo personalmente con il cliente. Prima di procedere all'ordine, forniamo una guida tecnica dettagliata su come rilevare l'ingombro del bastone o del binario e l'altezza corretta. Se il tuo progetto presenta sfide particolari \u2014 come finestre a tutta altezza, altezze asimmetriche o vincoli strutturali \u2014 il nostro team \u00e8 a disposizione per una consulenza dedicata: verifichiamo insieme le misure per garantire che la tenda, una volta installata, cada con la precisione sartoriale che contraddistingue Marini&amp;Gerardi.<\/p>\n\t\t<\/div>\n\t\t[\/vc_tta_section][vc_tta_section title=\"Il lino richiede un lavaggio professionale o posso gestirlo a casa?\" tab_id=\"1783498863560-0cdd3ecd-c10a\"]\t\t<div id=\"wd-6a5203483963b\" class=\"wd-text-block wd-wpb reset-last-child wd-rs-6a5203483963b text-left \">\n\t\t\t<p>Il lino \u00e8 una fibra straordinariamente resistente e non richiede cure complicate. \u00c8 possibile lavare le tende in lavatrice con un ciclo per delicati e detergenti neutri, evitando temperature elevate e la centrifuga troppo energica. Il consiglio d'oro \u00e8 quello di non lasciarle asciugare completamente: riappenderle quando sono ancora leggermente umide \u00e8 il modo migliore per far s\u00ec che il loro stesso peso, unito al calore naturale dell'ambiente, le faccia tornare tese e impeccabili senza alcuno sforzo.<\/p>\n\t\t<\/div>\n\t\t[\/vc_tta_section][vc_tta_section title=\"Posso abbinare le tende a diversi stili di arredamento, dal moderno al classico?\" tab_id=\"1783498925525-70db50bc-a81f\"]\t\t<div id=\"wd-6a52036c79a68\" class=\"wd-text-block wd-wpb reset-last-child wd-rs-6a52036c79a68 text-left \">\n\t\t\t<p>Certamente. Il lino puro \u00e8 un \"trasformista\" naturale. In un contesto minimalista o moderno, una tenda in lino dalle linee pulite (ad esempio con confezione a onda) spezza la freddezza del design contemporaneo aggiungendo un calore materico essenziale. In un ambiente classico o d'epoca, la ricchezza tattile della fibra esalta la storia della dimora, creando un dialogo armonioso tra il pregio del passato e la modernit\u00e0 del tessuto. La versatilit\u00e0 della nostra palette cromatica neutra (bianchi, ecr\u00f9, panna) assicura che il tendaggio diventi il completamento perfetto di qualsiasi spazio, indipendentemente dallo stile dei mobili.<\/p>\n\t\t<\/div>\n\t\t[\/vc_tta_section][\/vc_tta_accordion]\t\t<div id=\"wd-6a4e1881835d1\" class=\"wd-text-block wd-wpb reset-last-child wd-rs-6a4e1881835d1 text-left \">\n\t\t\t<p><strong>Marini&amp;Gerardi: il metodo del su misura, senza distanze<\/strong><br \/>\nLa scelta del tessuto e della confezione non ammette approssimazioni. Sappiamo che selezionare le tende ideali online pu\u00f2 sembrare un'impresa, ed \u00e8 per questo che in Marini&amp;Gerardi abbiamo strutturato un servizio in grado di abbattere le distanze.<\/p>\n<p>Il nostro modello combina la precisione del su misura artigianale con l\u2019efficienza di una consulenza digitale dedicata. Ci occupiamo di ogni fase, assicurandoci che il risultato finale non sia solo esteticamente coerente con il vostro gusto, ma tecnicamente impeccabile nelle misure e nella scelta dei materiali.<\/p>\n\t\t<\/div>\n\t\t[vc_message message_box_style=\"outline\" css=\"\"]<strong>MARINI &amp; GERARDI s.r.l<\/strong> <a href=\"https:\/\/www.marinigerardi.it\/shop\/categoria-prodotto\/tende-da-interni\/tende-in-lino\/\"><strong>Tende in Lino<\/strong><\/a> e <a href=\"https:\/\/www.marinigerardi.it\/shop\/categoria-prodotto\/biancheria-letto\/\"><strong>Biancheria Letto<\/strong><\/a> per la Casa\r\nLinea diretta: Mobile; 389 1537 793\u00a0<strong>E-Mail: assistenza@marinigerardi.it<\/strong>\r\n<strong>Unico Showroom:<\/strong>\u00a0Via F. Rubichi,2 - 73047 Monteroni di Lecce - Puglia (Salento)\u00a0 per appuntamento.[\/vc_message][\/vc_column][\/vc_row]<\/div>[\/vc_column][\/vc_row]<\/p>\n<\/div>","protected":false},"excerpt":{"rendered":"<p>[vc_row][vc_column][vc_empty_space woodmart_hide_large=&#8221;0&#8243; woodmart_hide_medium=&#8221;0&#8243; woodmart_hide_small=&#8221;0&#8243;][vc_single_image image=&#8221;96870&#8243; img_size=&#8221;full&#8221; alignment=&#8221;center&#8221; onclick=&#8221;link_image&#8221; css=&#8221;&#8221; parallax_scroll=&#8221;no&#8221; woodmart_inline=&#8221;no&#8221;][\/vc_column][\/vc_row]<\/p>\n","protected":false},"author":1,"featured_media":96868,"comment_status":"closed","ping_status":"closed","sticky":false,"template":"","format":"standard","meta":{"footnotes":""},"categories":[2109,2002],"tags":[3617],"class_list":["post-30230","post","type-post","status-publish","format-standard","has-post-thumbnail","category-lombardia","category-negozi-di-tende-in-citta","tag-tende-a-milano"],"_links":{"self":[{"href":"https:\/\/www.marinigerardi.it\/shop\/wp-json\/wp\/v2\/posts\/30230","targetHints":{"allow":["GET"]}}],"collection":[{"href":"https:\/\/www.marinigerardi.it\/shop\/wp-json\/wp\/v2\/posts"}],"about":[{"href":"https:\/\/www.marinigerardi.it\/shop\/wp-json\/wp\/v2\/types\/post"}],"author":[{"embeddable":true,"href":"https:\/\/www.marinigerardi.it\/shop\/wp-json\/wp\/v2\/users\/1"}],"replies":[{"embeddable":true,"href":"https:\/\/www.marinigerardi.it\/shop\/wp-json\/wp\/v2\/comments?post=30230"}],"version-history":[{"count":5,"href":"https:\/\/www.marinigerardi.it\/shop\/wp-json\/wp\/v2\/posts\/30230\/revisions"}],"predecessor-version":[{"id":96875,"href":"https:\/\/www.marinigerardi.it\/shop\/wp-json\/wp\/v2\/posts\/30230\/revisions\/96875"}],"wp:featuredmedia":[{"embeddable":true,"href":"https:\/\/www.marinigerardi.it\/shop\/wp-json\/wp\/v2\/media\/96868"}],"wp:attachment":[{"href":"https:\/\/www.marinigerardi.it\/shop\/wp-json\/wp\/v2\/media?parent=30230"}],"wp:term":[{"taxonomy":"category","embeddable":true,"href":"https:\/\/www.marinigerardi.it\/shop\/wp-json\/wp\/v2\/categories?post=30230"},{"taxonomy":"post_tag","embeddable":true,"href":"https:\/\/www.marinigerardi.it\/shop\/wp-json\/wp\/v2\/tags?post=30230"}],"curies":[{"name":"wp","href":"https:\/\/api.w.org\/{rel}","templated":true}]}}